{"id":12216,"date":"2026-03-04T20:06:36","date_gmt":"2026-03-04T20:06:36","guid":{"rendered":"https:\/\/estadocomarte.pt\/site\/?p=12216"},"modified":"2026-03-04T20:06:36","modified_gmt":"2026-03-04T20:06:36","slug":"arabia-saudita-toma-medidas-para-proteger-os-mercados-energeticos-europeus-e-reparar-os-danos-causados-pelo-irao","status":"publish","type":"post","link":"https:\/\/estadocomarte.pt\/site\/2026\/03\/04\/arabia-saudita-toma-medidas-para-proteger-os-mercados-energeticos-europeus-e-reparar-os-danos-causados-pelo-irao\/","title":{"rendered":"Ar\u00e1bia Saudita toma medidas para proteger os mercados energ\u00e9ticos europeus e reparar os danos causados \u200b\u200bpelo Ir\u00e3o"},"content":{"rendered":"<p><strong>A Ar\u00e1bia Saudita tomou recentemente medidas urgentes para garantir que a Europa e o mundo s\u00e3o afectados o menos poss\u00edvel pelos acontecimentos em curso no M\u00e9dio Oriente. Recorreu \u00e0 implementa\u00e7\u00e3o de planos de conting\u00eancia alternativos, numa tentativa de Riade de garantir o fluxo cont\u00ednuo de energia para a Europa, especialmente tendo em conta que pa\u00edses como o Kuwait, o Qatar e o Bahrein n\u00e3o possuem rotas alternativas para o transporte de petr\u00f3leo e g\u00e1s para a Europa que contornem o Estreito de Ormuz.<\/strong><\/p>\n<p>O regime iraniano est\u00e1 a atacar as plataformas de produ\u00e7\u00e3o de energia na regi\u00e3o do Golfo P\u00e9rsico com uma saraivada de m\u00edsseis e drones carregados de explosivos, amea\u00e7ando o fornecimento de petr\u00f3leo e g\u00e1s \u00e0 Europa com graves crises. Isto \u00e9 especialmente preocupante tendo em conta a queda das importa\u00e7\u00f5es de energia da R\u00fassia ap\u00f3s a guerra com a Ucr\u00e2nia e o facto de os pa\u00edses europeus dependerem fortemente da regi\u00e3o do Golfo P\u00e9rsico para as suas necessidades energ\u00e9ticas.<\/p>\n<p>O perigo das a\u00e7\u00f5es iranianas reside n\u00e3o s\u00f3 no bombardeamento indiscriminado de fontes de energia e alvos civis nos estados do Golfo, mas tamb\u00e9m na clara amea\u00e7a \u00e0s rotas mar\u00edtimas internacionais no Estreito de Ormuz, por onde passa aproximadamente 20% do fornecimento mundial de petr\u00f3leo.<\/p>\n<p>Al\u00e9m disso, a mil\u00edcia Houthi, apoiada por Teer\u00e3o no I\u00e9men, amea\u00e7a o estreito de Bab el-Mandeb, por onde passa quase 40% do tr\u00e1fego mundial de petr\u00f3leo. A continuidade destas amea\u00e7as ir\u00e1 certamente infligir as maiores perdas aos mercados energ\u00e9ticos europeus, cujos <em>stocks<\/em> ca\u00edram cerca de 9% pela primeira vez desde 2020.<\/p>\n<p>As amea\u00e7as indiscriminadas do Ir\u00e3o contra os pa\u00edses do Golfo P\u00e9rsico j\u00e1 provocaram um aumento de cerca de 8% nos pre\u00e7os do petr\u00f3leo Brent, ultrapassando os 83 d\u00f3lares por barril, o valor mais elevado desde Julho de 2024, elevando o aumento total para mais de 15%. Isto \u00e9 acompanhado por uma forte subida dos pre\u00e7os do g\u00e1s natural na Europa, que atingiram os 40%.<\/p>\n<p>Todos nos lembramos das graves consequ\u00eancias negativas dos recentes ataques dos houthis no Mar Vermelho, que levaram a um aumento de 30% nas taxas de frete dos contentores e a um aumento de 14 dias no tempo m\u00e9dio de entrega. As actuais amea\u00e7as de retoma destes ataques em apoio do Ir\u00e3o renovam os receios de novas crises que prejudicar\u00e3o severamente a economia global no seu todo.<\/p>\n<p>As empresas de transporte mar\u00edtimo e terrestre ser\u00e3o for\u00e7adas a redirecionar as suas embarca\u00e7\u00f5es. Por exemplo, a Maersk pode desviar os seus navios do Mar Vermelho no caso de os ataques dos houthis serem retomados, e outras empresas de transporte mar\u00edtimo provavelmente seguir\u00e3o o exemplo em breve. Isto levar\u00e1 a pre\u00e7os ainda mais elevados nos pa\u00edses europeus, juntamente com a oferta limitada.<\/p>\n<p>Trata-se de um golpe econ\u00f3mico significativo que, sem d\u00favida, aumentar\u00e1 o custo de vida di\u00e1rio para os cidad\u00e3os e residentes na Europa. No meio de todas estas preocupa\u00e7\u00f5es, a Ar\u00e1bia Saudita tomou recentemente medidas urgentes para garantir que a Europa e o mundo s\u00e3o afectados o menos poss\u00edvel pelos acontecimentos em curso no M\u00e9dio Oriente. Recorreu \u00e0 implementa\u00e7\u00e3o de planos de conting\u00eancia alternativos, numa tentativa de Riade de garantir o fluxo cont\u00ednuo de energia para a Europa, especialmente tendo em conta que pa\u00edses como o Kuwait, o Qatar e o Bahrein n\u00e3o possuem rotas alternativas para o transporte de petr\u00f3leo e g\u00e1s para a Europa que contornem o Estreito de Ormuz.<\/p>\n<p>A Ar\u00e1bia Saudita ativou um plano de conting\u00eancia urgente, reativando o oleoduto Leste-Oeste de 1.200 quil\u00f3metros, que tem capacidade para mais de 5 milh\u00f5es de barris por dia. Este oleoduto permite tamb\u00e9m o bombeamento e o transporte de g\u00e1s atrav\u00e9s dos seus portos no Mar Vermelho, contornando as rotas mar\u00edtimas amea\u00e7adas pelo Ir\u00e3o e pelas suas mil\u00edcias aliadas.<\/p>\n<p>Segundo os relatos publicados, a Ar\u00e1bia Saudita planeia tamb\u00e9m aumentar a produ\u00e7\u00e3o di\u00e1ria para 10 milh\u00f5es de barris, exportando 7 milh\u00f5es dos mesmos diariamente. Esta decis\u00e3o ajudar\u00e1 a mitigar o impacto no mercado europeu das consequ\u00eancias das a\u00e7\u00f5es imprudentes do regime iraniano, que visa os recursos energ\u00e9ticos e as rotas mar\u00edtimas internacionais no Estreito de Ormuz e no Estreito de Bab el-Mandeb, no Mar Vermelho. O mundo enfrenta uma crise real, com a guerra no M\u00e9dio Oriente a entrar no seu quarto dia, por entre receios de que Teer\u00e3o possa prolongar o conflito como op\u00e7\u00e3o estrat\u00e9gica na pr\u00f3xima fase.<\/p>\n<p>A guerra actual n\u00e3o amea\u00e7a apenas o M\u00e9dio Oriente; se o controlo sobre as suas alavancas for perdido, poder\u00e1 amea\u00e7ar toda a ordem global e atrair novos intervenientes em resultado dos ataques imprudentes de Teer\u00e3o contra os seus vizinhos \u2014 uma mudan\u00e7a perigosa no actual cen\u00e1rio de conflitos.<\/p>\n<p>Muitos poder\u00e3o n\u00e3o perceber que a entrada da Ar\u00e1bia Saudita nos mercados energ\u00e9ticos da Europa e do mundo n\u00e3o \u00e9 um desenvolvimento repentino, mas sim parte da sua responsabilidade na promo\u00e7\u00e3o da estabilidade internacional e da sua Vis\u00e3o 2030, lan\u00e7ada pelo pr\u00edncipe herdeiro Mohammed bin Salman em 2016. Esta vis\u00e3o tem dado passos significativos no sentido de fortalecer o desenvolvimento, a paz global e, principalmente, a paz econ\u00f3mica, que depende fortemente da prote\u00e7\u00e3o dos recursos energ\u00e9ticos e de g\u00e1s contra potenciais ou emergentes amea\u00e7as.<\/p>\n","protected":false},"excerpt":{"rendered":"<p>Yasser Al-Shazly,<br \/>\nRep\u00f3rter no Cairo<br \/>\nEspecialista em M\u00e9dio Oriente<\/p>\n","protected":false},"author":1,"featured_media":12217,"comment_status":"open","ping_status":"open","sticky":false,"template":"","format":"standard","meta":{"site-sidebar-layout":"default","site-content-layout":"default","ast-global-header-display":"","ast-banner-title-visibility":"","ast-main-header-display":"","ast-hfb-above-header-display":"","ast-hfb-below-header-display":"","ast-hfb-mobile-header-display":"","site-post-title":"","ast-breadcrumbs-content":"","ast-featured-img":"","footer-sml-layout":"","theme-transparent-header-meta":"default","adv-header-id-meta":"","stick-header-meta":"","header-above-stick-meta":"","header-main-stick-meta":"","header-below-stick-meta":"","footnotes":""},"categories":[5],"tags":[2407],"class_list":["post-12216","post","type-post","status-publish","format-standard","has-post-thumbnail","hentry","category-economia","tag-yasser-al-shazly"],"yoast_head":"<!-- This site is optimized with the Yoast SEO plugin v25.1 - https:\/\/yoast.com\/wordpress\/plugins\/seo\/ -->\n<title>Ar\u00e1bia Saudita toma medidas para proteger os mercados energ\u00e9ticos europeus e reparar os danos causados \u200b\u200bpelo Ir\u00e3o - Estado com Arte<\/title>\n<meta name=\"robots\" content=\"index, follow, max-snippet:-1, max-image-preview:large, max-video-preview:-1\" \/>\n<link rel=\"canonical\" href=\"https:\/\/estadocomarte.pt\/site\/2026\/03\/04\/arabia-saudita-toma-medidas-para-proteger-os-mercados-energeticos-europeus-e-reparar-os-danos-causados-pelo-irao\/\" \/>\n<meta property=\"og:locale\" content=\"pt_PT\" \/>\n<meta property=\"og:type\" content=\"article\" \/>\n<meta property=\"og:title\" content=\"Ar\u00e1bia Saudita toma medidas para proteger os mercados energ\u00e9ticos europeus e reparar os danos causados \u200b\u200bpelo Ir\u00e3o - Estado com Arte\" \/>\n<meta property=\"og:description\" content=\"Yasser Al-Shazly, Rep\u00f3rter no Cairo Especialista em M\u00e9dio Oriente\" \/>\n<meta property=\"og:url\" content=\"https:\/\/estadocomarte.pt\/site\/2026\/03\/04\/arabia-saudita-toma-medidas-para-proteger-os-mercados-energeticos-europeus-e-reparar-os-danos-causados-pelo-irao\/\" \/>\n<meta property=\"og:site_name\" content=\"Estado com Arte\" \/>\n<meta property=\"article:published_time\" content=\"2026-03-04T20:06:36+00:00\" \/>\n<meta property=\"og:image\" content=\"https:\/\/estadocomarte.pt\/site\/wp-content\/uploads\/2026\/03\/price-of-arabia.webp\" \/>\n\t<meta property=\"og:image:width\" content=\"2000\" \/>\n\t<meta property=\"og:image:height\" content=\"1547\" \/>\n\t<meta property=\"og:image:type\" content=\"image\/webp\" \/>\n<meta name=\"author\" content=\"admin\" \/>\n<meta name=\"twitter:card\" content=\"summary_large_image\" \/>\n<meta name=\"twitter:label1\" content=\"Escrito por\" \/>\n\t<meta name=\"twitter:data1\" content=\"admin\" \/>\n\t<meta name=\"twitter:label2\" content=\"Tempo estimado de leitura\" \/>\n\t<meta name=\"twitter:data2\" content=\"5 minutos\" \/>\n<script type=\"application\/ld+json\" class=\"yoast-schema-graph\">{\"@context\":\"https:\/\/schema.org\",\"@graph\":[{\"@type\":\"Article\",\"@id\":\"https:\/\/estadocomarte.pt\/site\/2026\/03\/04\/arabia-saudita-toma-medidas-para-proteger-os-mercados-energeticos-europeus-e-reparar-os-danos-causados-pelo-irao\/#article\",\"isPartOf\":{\"@id\":\"https:\/\/estadocomarte.pt\/site\/2026\/03\/04\/arabia-saudita-toma-medidas-para-proteger-os-mercados-energeticos-europeus-e-reparar-os-danos-causados-pelo-irao\/\"},\"author\":{\"name\":\"admin\",\"@id\":\"https:\/\/estadocomarte.pt\/site\/#\/schema\/person\/c0943a071216c1e5b21f85304151e4ba\"},\"headline\":\"Ar\u00e1bia Saudita toma medidas para proteger os mercados energ\u00e9ticos europeus e reparar os danos causados \u200b\u200bpelo Ir\u00e3o\",\"datePublished\":\"2026-03-04T20:06:36+00:00\",\"mainEntityOfPage\":{\"@id\":\"https:\/\/estadocomarte.pt\/site\/2026\/03\/04\/arabia-saudita-toma-medidas-para-proteger-os-mercados-energeticos-europeus-e-reparar-os-danos-causados-pelo-irao\/\"},\"wordCount\":975,\"commentCount\":0,\"publisher\":{\"@id\":\"https:\/\/estadocomarte.pt\/site\/#organization\"},\"image\":{\"@id\":\"https:\/\/estadocomarte.pt\/site\/2026\/03\/04\/arabia-saudita-toma-medidas-para-proteger-os-mercados-energeticos-europeus-e-reparar-os-danos-causados-pelo-irao\/#primaryimage\"},\"thumbnailUrl\":\"https:\/\/estadocomarte.pt\/site\/wp-content\/uploads\/2026\/03\/price-of-arabia.webp\",\"keywords\":[\"Yasser Al-Shazly\"],\"articleSection\":[\"Economia\"],\"inLanguage\":\"pt-PT\",\"potentialAction\":[{\"@type\":\"CommentAction\",\"name\":\"Comment\",\"target\":[\"https:\/\/estadocomarte.pt\/site\/2026\/03\/04\/arabia-saudita-toma-medidas-para-proteger-os-mercados-energeticos-europeus-e-reparar-os-danos-causados-pelo-irao\/#respond\"]}]},{\"@type\":\"WebPage\",\"@id\":\"https:\/\/estadocomarte.pt\/site\/2026\/03\/04\/arabia-saudita-toma-medidas-para-proteger-os-mercados-energeticos-europeus-e-reparar-os-danos-causados-pelo-irao\/\",\"url\":\"https:\/\/estadocomarte.pt\/site\/2026\/03\/04\/arabia-saudita-toma-medidas-para-proteger-os-mercados-energeticos-europeus-e-reparar-os-danos-causados-pelo-irao\/\",\"name\":\"Ar\u00e1bia Saudita toma medidas para proteger os mercados energ\u00e9ticos europeus e reparar os danos causados \u200b\u200bpelo Ir\u00e3o - Estado com Arte\",\"isPartOf\":{\"@id\":\"https:\/\/estadocomarte.pt\/site\/#website\"},\"primaryImageOfPage\":{\"@id\":\"https:\/\/estadocomarte.pt\/site\/2026\/03\/04\/arabia-saudita-toma-medidas-para-proteger-os-mercados-energeticos-europeus-e-reparar-os-danos-causados-pelo-irao\/#primaryimage\"},\"image\":{\"@id\":\"https:\/\/estadocomarte.pt\/site\/2026\/03\/04\/arabia-saudita-toma-medidas-para-proteger-os-mercados-energeticos-europeus-e-reparar-os-danos-causados-pelo-irao\/#primaryimage\"},\"thumbnailUrl\":\"https:\/\/estadocomarte.pt\/site\/wp-content\/uploads\/2026\/03\/price-of-arabia.webp\",\"datePublished\":\"2026-03-04T20:06:36+00:00\",\"breadcrumb\":{\"@id\":\"https:\/\/estadocomarte.pt\/site\/2026\/03\/04\/arabia-saudita-toma-medidas-para-proteger-os-mercados-energeticos-europeus-e-reparar-os-danos-causados-pelo-irao\/#breadcrumb\"},\"inLanguage\":\"pt-PT\",\"potentialAction\":[{\"@type\":\"ReadAction\",\"target\":[\"https:\/\/estadocomarte.pt\/site\/2026\/03\/04\/arabia-saudita-toma-medidas-para-proteger-os-mercados-energeticos-europeus-e-reparar-os-danos-causados-pelo-irao\/\"]}]},{\"@type\":\"ImageObject\",\"inLanguage\":\"pt-PT\",\"@id\":\"https:\/\/estadocomarte.pt\/site\/2026\/03\/04\/arabia-saudita-toma-medidas-para-proteger-os-mercados-energeticos-europeus-e-reparar-os-danos-causados-pelo-irao\/#primaryimage\",\"url\":\"https:\/\/estadocomarte.pt\/site\/wp-content\/uploads\/2026\/03\/price-of-arabia.webp\",\"contentUrl\":\"https:\/\/estadocomarte.pt\/site\/wp-content\/uploads\/2026\/03\/price-of-arabia.webp\",\"width\":2000,\"height\":1547},{\"@type\":\"BreadcrumbList\",\"@id\":\"https:\/\/estadocomarte.pt\/site\/2026\/03\/04\/arabia-saudita-toma-medidas-para-proteger-os-mercados-energeticos-europeus-e-reparar-os-danos-causados-pelo-irao\/#breadcrumb\",\"itemListElement\":[{\"@type\":\"ListItem\",\"position\":1,\"name\":\"In\u00edcio\",\"item\":\"https:\/\/estadocomarte.pt\/site\/\"},{\"@type\":\"ListItem\",\"position\":2,\"name\":\"Ar\u00e1bia Saudita toma medidas para proteger os mercados energ\u00e9ticos europeus e reparar os danos causados \u200b\u200bpelo Ir\u00e3o\"}]},{\"@type\":\"WebSite\",\"@id\":\"https:\/\/estadocomarte.pt\/site\/#website\",\"url\":\"https:\/\/estadocomarte.pt\/site\/\",\"name\":\"Estado com Arte Magazine\",\"description\":\"Magazine\",\"publisher\":{\"@id\":\"https:\/\/estadocomarte.pt\/site\/#organization\"},\"alternateName\":\"Magazine semanal sobre pol\u00edtica e cultura, com autores, opini\u00e3o e cr\u00edticas.\",\"potentialAction\":[{\"@type\":\"SearchAction\",\"target\":{\"@type\":\"EntryPoint\",\"urlTemplate\":\"https:\/\/estadocomarte.pt\/site\/?s={search_term_string}\"},\"query-input\":{\"@type\":\"PropertyValueSpecification\",\"valueRequired\":true,\"valueName\":\"search_term_string\"}}],\"inLanguage\":\"pt-PT\"},{\"@type\":\"Organization\",\"@id\":\"https:\/\/estadocomarte.pt\/site\/#organization\",\"name\":\"Estado com Arte Magazine\",\"alternateName\":\"Magazine semanal sobre pol\u00edtica e cultura, com autores, opini\u00e3o e cr\u00edticas.\",\"url\":\"https:\/\/estadocomarte.pt\/site\/\",\"logo\":{\"@type\":\"ImageObject\",\"inLanguage\":\"pt-PT\",\"@id\":\"https:\/\/estadocomarte.pt\/site\/#\/schema\/logo\/image\/\",\"url\":\"https:\/\/estadocomarte.pt\/site\/wp-content\/uploads\/2023\/06\/cropped-cropped-Prancheta-2@2x-100.jpg\",\"contentUrl\":\"https:\/\/estadocomarte.pt\/site\/wp-content\/uploads\/2023\/06\/cropped-cropped-Prancheta-2@2x-100.jpg\",\"width\":1777,\"height\":592,\"caption\":\"Estado com Arte Magazine\"},\"image\":{\"@id\":\"https:\/\/estadocomarte.pt\/site\/#\/schema\/logo\/image\/\"},\"sameAs\":[\"https:\/\/www.instagram.com\/estadocomartemagazine\"]},{\"@type\":\"Person\",\"@id\":\"https:\/\/estadocomarte.pt\/site\/#\/schema\/person\/c0943a071216c1e5b21f85304151e4ba\",\"name\":\"admin\",\"image\":{\"@type\":\"ImageObject\",\"inLanguage\":\"pt-PT\",\"@id\":\"https:\/\/estadocomarte.pt\/site\/#\/schema\/person\/image\/\",\"url\":\"https:\/\/secure.gravatar.com\/avatar\/e6f378fd6914c8505d3e1d40f51fa953b21bab0f3a5658a33bc84cb5bda780f9?s=96&d=mm&r=g\",\"contentUrl\":\"https:\/\/secure.gravatar.com\/avatar\/e6f378fd6914c8505d3e1d40f51fa953b21bab0f3a5658a33bc84cb5bda780f9?s=96&d=mm&r=g\",\"caption\":\"admin\"},\"sameAs\":[\"https:\/\/estadocomarte.pt\/site\"],\"url\":\"https:\/\/estadocomarte.pt\/site\/author\/admin\/\"}]}<\/script>\n<!-- \/ Yoast SEO plugin. -->","yoast_head_json":{"title":"Ar\u00e1bia Saudita toma medidas para proteger os mercados energ\u00e9ticos europeus e reparar os danos causados \u200b\u200bpelo Ir\u00e3o - Estado com Arte","robots":{"index":"index","follow":"follow","max-snippet":"max-snippet:-1","max-image-preview":"max-image-preview:large","max-video-preview":"max-video-preview:-1"},"canonical":"https:\/\/estadocomarte.pt\/site\/2026\/03\/04\/arabia-saudita-toma-medidas-para-proteger-os-mercados-energeticos-europeus-e-reparar-os-danos-causados-pelo-irao\/","og_locale":"pt_PT","og_type":"article","og_title":"Ar\u00e1bia Saudita toma medidas para proteger os mercados energ\u00e9ticos europeus e reparar os danos causados \u200b\u200bpelo Ir\u00e3o - Estado com Arte","og_description":"Yasser Al-Shazly, Rep\u00f3rter no Cairo Especialista em M\u00e9dio Oriente","og_url":"https:\/\/estadocomarte.pt\/site\/2026\/03\/04\/arabia-saudita-toma-medidas-para-proteger-os-mercados-energeticos-europeus-e-reparar-os-danos-causados-pelo-irao\/","og_site_name":"Estado com Arte","article_published_time":"2026-03-04T20:06:36+00:00","og_image":[{"width":2000,"height":1547,"url":"https:\/\/estadocomarte.pt\/site\/wp-content\/uploads\/2026\/03\/price-of-arabia.webp","type":"image\/webp"}],"author":"admin","twitter_card":"summary_large_image","twitter_misc":{"Escrito por":"admin","Tempo estimado de leitura":"5 minutos"},"schema":{"@context":"https:\/\/schema.org","@graph":[{"@type":"Article","@id":"https:\/\/estadocomarte.pt\/site\/2026\/03\/04\/arabia-saudita-toma-medidas-para-proteger-os-mercados-energeticos-europeus-e-reparar-os-danos-causados-pelo-irao\/#article","isPartOf":{"@id":"https:\/\/estadocomarte.pt\/site\/2026\/03\/04\/arabia-saudita-toma-medidas-para-proteger-os-mercados-energeticos-europeus-e-reparar-os-danos-causados-pelo-irao\/"},"author":{"name":"admin","@id":"https:\/\/estadocomarte.pt\/site\/#\/schema\/person\/c0943a071216c1e5b21f85304151e4ba"},"headline":"Ar\u00e1bia Saudita toma medidas para proteger os mercados energ\u00e9ticos europeus e reparar os danos causados \u200b\u200bpelo Ir\u00e3o","datePublished":"2026-03-04T20:06:36+00:00","mainEntityOfPage":{"@id":"https:\/\/estadocomarte.pt\/site\/2026\/03\/04\/arabia-saudita-toma-medidas-para-proteger-os-mercados-energeticos-europeus-e-reparar-os-danos-causados-pelo-irao\/"},"wordCount":975,"commentCount":0,"publisher":{"@id":"https:\/\/estadocomarte.pt\/site\/#organization"},"image":{"@id":"https:\/\/estadocomarte.pt\/site\/2026\/03\/04\/arabia-saudita-toma-medidas-para-proteger-os-mercados-energeticos-europeus-e-reparar-os-danos-causados-pelo-irao\/#primaryimage"},"thumbnailUrl":"https:\/\/estadocomarte.pt\/site\/wp-content\/uploads\/2026\/03\/price-of-arabia.webp","keywords":["Yasser Al-Shazly"],"articleSection":["Economia"],"inLanguage":"pt-PT","potentialAction":[{"@type":"CommentAction","name":"Comment","target":["https:\/\/estadocomarte.pt\/site\/2026\/03\/04\/arabia-saudita-toma-medidas-para-proteger-os-mercados-energeticos-europeus-e-reparar-os-danos-causados-pelo-irao\/#respond"]}]},{"@type":"WebPage","@id":"https:\/\/estadocomarte.pt\/site\/2026\/03\/04\/arabia-saudita-toma-medidas-para-proteger-os-mercados-energeticos-europeus-e-reparar-os-danos-causados-pelo-irao\/","url":"https:\/\/estadocomarte.pt\/site\/2026\/03\/04\/arabia-saudita-toma-medidas-para-proteger-os-mercados-energeticos-europeus-e-reparar-os-danos-causados-pelo-irao\/","name":"Ar\u00e1bia Saudita toma medidas para proteger os mercados energ\u00e9ticos europeus e reparar os danos causados \u200b\u200bpelo Ir\u00e3o - Estado com Arte","isPartOf":{"@id":"https:\/\/estadocomarte.pt\/site\/#website"},"primaryImageOfPage":{"@id":"https:\/\/estadocomarte.pt\/site\/2026\/03\/04\/arabia-saudita-toma-medidas-para-proteger-os-mercados-energeticos-europeus-e-reparar-os-danos-causados-pelo-irao\/#primaryimage"},"image":{"@id":"https:\/\/estadocomarte.pt\/site\/2026\/03\/04\/arabia-saudita-toma-medidas-para-proteger-os-mercados-energeticos-europeus-e-reparar-os-danos-causados-pelo-irao\/#primaryimage"},"thumbnailUrl":"https:\/\/estadocomarte.pt\/site\/wp-content\/uploads\/2026\/03\/price-of-arabia.webp","datePublished":"2026-03-04T20:06:36+00:00","breadcrumb":{"@id":"https:\/\/estadocomarte.pt\/site\/2026\/03\/04\/arabia-saudita-toma-medidas-para-proteger-os-mercados-energeticos-europeus-e-reparar-os-danos-causados-pelo-irao\/#breadcrumb"},"inLanguage":"pt-PT","potentialAction":[{"@type":"ReadAction","target":["https:\/\/estadocomarte.pt\/site\/2026\/03\/04\/arabia-saudita-toma-medidas-para-proteger-os-mercados-energeticos-europeus-e-reparar-os-danos-causados-pelo-irao\/"]}]},{"@type":"ImageObject","inLanguage":"pt-PT","@id":"https:\/\/estadocomarte.pt\/site\/2026\/03\/04\/arabia-saudita-toma-medidas-para-proteger-os-mercados-energeticos-europeus-e-reparar-os-danos-causados-pelo-irao\/#primaryimage","url":"https:\/\/estadocomarte.pt\/site\/wp-content\/uploads\/2026\/03\/price-of-arabia.webp","contentUrl":"https:\/\/estadocomarte.pt\/site\/wp-content\/uploads\/2026\/03\/price-of-arabia.webp","width":2000,"height":1547},{"@type":"BreadcrumbList","@id":"https:\/\/estadocomarte.pt\/site\/2026\/03\/04\/arabia-saudita-toma-medidas-para-proteger-os-mercados-energeticos-europeus-e-reparar-os-danos-causados-pelo-irao\/#breadcrumb","itemListElement":[{"@type":"ListItem","position":1,"name":"In\u00edcio","item":"https:\/\/estadocomarte.pt\/site\/"},{"@type":"ListItem","position":2,"name":"Ar\u00e1bia Saudita toma medidas para proteger os mercados energ\u00e9ticos europeus e reparar os danos causados \u200b\u200bpelo Ir\u00e3o"}]},{"@type":"WebSite","@id":"https:\/\/estadocomarte.pt\/site\/#website","url":"https:\/\/estadocomarte.pt\/site\/","name":"Estado com Arte Magazine","description":"Magazine","publisher":{"@id":"https:\/\/estadocomarte.pt\/site\/#organization"},"alternateName":"Magazine semanal sobre pol\u00edtica e cultura, com autores, opini\u00e3o e cr\u00edticas.","potentialAction":[{"@type":"SearchAction","target":{"@type":"EntryPoint","urlTemplate":"https:\/\/estadocomarte.pt\/site\/?s={search_term_string}"},"query-input":{"@type":"PropertyValueSpecification","valueRequired":true,"valueName":"search_term_string"}}],"inLanguage":"pt-PT"},{"@type":"Organization","@id":"https:\/\/estadocomarte.pt\/site\/#organization","name":"Estado com Arte Magazine","alternateName":"Magazine semanal sobre pol\u00edtica e cultura, com autores, opini\u00e3o e cr\u00edticas.","url":"https:\/\/estadocomarte.pt\/site\/","logo":{"@type":"ImageObject","inLanguage":"pt-PT","@id":"https:\/\/estadocomarte.pt\/site\/#\/schema\/logo\/image\/","url":"https:\/\/estadocomarte.pt\/site\/wp-content\/uploads\/2023\/06\/cropped-cropped-Prancheta-2@2x-100.jpg","contentUrl":"https:\/\/estadocomarte.pt\/site\/wp-content\/uploads\/2023\/06\/cropped-cropped-Prancheta-2@2x-100.jpg","width":1777,"height":592,"caption":"Estado com Arte Magazine"},"image":{"@id":"https:\/\/estadocomarte.pt\/site\/#\/schema\/logo\/image\/"},"sameAs":["https:\/\/www.instagram.com\/estadocomartemagazine"]},{"@type":"Person","@id":"https:\/\/estadocomarte.pt\/site\/#\/schema\/person\/c0943a071216c1e5b21f85304151e4ba","name":"admin","image":{"@type":"ImageObject","inLanguage":"pt-PT","@id":"https:\/\/estadocomarte.pt\/site\/#\/schema\/person\/image\/","url":"https:\/\/secure.gravatar.com\/avatar\/e6f378fd6914c8505d3e1d40f51fa953b21bab0f3a5658a33bc84cb5bda780f9?s=96&d=mm&r=g","contentUrl":"https:\/\/secure.gravatar.com\/avatar\/e6f378fd6914c8505d3e1d40f51fa953b21bab0f3a5658a33bc84cb5bda780f9?s=96&d=mm&r=g","caption":"admin"},"sameAs":["https:\/\/estadocomarte.pt\/site"],"url":"https:\/\/estadocomarte.pt\/site\/author\/admin\/"}]}},"_links":{"self":[{"href":"https:\/\/estadocomarte.pt\/site\/wp-json\/wp\/v2\/posts\/12216","targetHints":{"allow":["GET"]}}],"collection":[{"href":"https:\/\/estadocomarte.pt\/site\/wp-json\/wp\/v2\/posts"}],"about":[{"href":"https:\/\/estadocomarte.pt\/site\/wp-json\/wp\/v2\/types\/post"}],"author":[{"embeddable":true,"href":"https:\/\/estadocomarte.pt\/site\/wp-json\/wp\/v2\/users\/1"}],"replies":[{"embeddable":true,"href":"https:\/\/estadocomarte.pt\/site\/wp-json\/wp\/v2\/comments?post=12216"}],"version-history":[{"count":1,"href":"https:\/\/estadocomarte.pt\/site\/wp-json\/wp\/v2\/posts\/12216\/revisions"}],"predecessor-version":[{"id":12218,"href":"https:\/\/estadocomarte.pt\/site\/wp-json\/wp\/v2\/posts\/12216\/revisions\/12218"}],"wp:featuredmedia":[{"embeddable":true,"href":"https:\/\/estadocomarte.pt\/site\/wp-json\/wp\/v2\/media\/12217"}],"wp:attachment":[{"href":"https:\/\/estadocomarte.pt\/site\/wp-json\/wp\/v2\/media?parent=12216"}],"wp:term":[{"taxonomy":"category","embeddable":true,"href":"https:\/\/estadocomarte.pt\/site\/wp-json\/wp\/v2\/categories?post=12216"},{"taxonomy":"post_tag","embeddable":true,"href":"https:\/\/estadocomarte.pt\/site\/wp-json\/wp\/v2\/tags?post=12216"}],"curies":[{"name":"wp","href":"https:\/\/api.w.org\/{rel}","templated":true}]}}