{"id":12220,"date":"2026-03-05T17:25:34","date_gmt":"2026-03-05T17:25:34","guid":{"rendered":"https:\/\/estadocomarte.pt\/site\/?p=12220"},"modified":"2026-03-05T20:33:39","modified_gmt":"2026-03-05T20:33:39","slug":"apos-4-semanas-das-tempestades-ha-localidades-da-nazare-sem-eletricidade-e-agua","status":"publish","type":"post","link":"https:\/\/estadocomarte.pt\/site\/2026\/03\/05\/apos-4-semanas-das-tempestades-ha-localidades-da-nazare-sem-eletricidade-e-agua\/","title":{"rendered":"Ap\u00f3s 4 semanas das tempestades h\u00e1 localidades da Nazar\u00e9 sem eletricidade e \u00e1gua"},"content":{"rendered":"<p><strong>O Munic\u00edpio da Nazar\u00e9 continua a disponibilizar o Gabinete de Apoio ao Lesado, no \u00e2mbito dos estragos causados pelas tempestades entre janeiro e fevereiro, estando v\u00e1rias localidades sem eletricidade e \u00e1gua, como \u00e9 o caso de Fanhais.<\/strong><\/p>\n<p><strong>At\u00e9 ao final do dia desta quarta- feira, foram registadas 999 ocorr\u00eancias, das quais um total de 127 candidaturas foram submetidas \u00e0 CCDR, num montante global de mais de meio milh\u00e3o de euros. O que significa que foram apresentadas 96 candidaturas na freguesia da Nazar\u00e9, no valor de 440 mil euros; 17 em Valado dos Frades, no montante de 76 mil euros; e 14 em Famalic\u00e3o, no valor de 56 mil euros.\u00a0<\/strong><\/p>\n<p>Ap\u00f3s um per\u00edodo particularmente exigente, a autarquia da Nazar\u00e9 conseguiu com o esfor\u00e7o articulado dos servi\u00e7os municipais, da Prote\u00e7\u00e3o Civil, das for\u00e7as de seguran\u00e7a, dos bombeiros e de muitas outras entidades, repor as condi\u00e7\u00f5es de normalidade,&#8221; adiantou o Presidente da C\u00e2mara da Nazar\u00e9, Serafim Silva na \u00faltima reuni\u00e3o de C\u00e2mara a 24 de Fevereiro.<\/p>\n<p>A situa\u00e7\u00e3o de calamidade declarada no concelho terminou no passado dia 15 de fevereiro, tal como se perspetivava. Os impactos n\u00e3o desapareceram de um dia para o outro, explicou, mas &#8220;a fase cr\u00edtica foi ultrapassada. Entramos agora numa etapa diferente: a da recupera\u00e7\u00e3o estruturada e da consolida\u00e7\u00e3o das respostas.&#8221;<\/p>\n<p>Relativamente ao encerramento do Mercado Municipal,\u00a0 Serafim Silva esclarece que a decis\u00e3o decorreu de &#8220;uma determina\u00e7\u00e3o das autoridades de sa\u00fade, na sequ\u00eancia dos danos verificados na cobertura do edif\u00edcio. Perante esse cen\u00e1rio, a prioridade do Munic\u00edpio foi clara: garantir a seguran\u00e7a de vendedores, trabalhadores e utentes.&#8221;<\/p>\n<p>O autarca justifica que foram analisadas v\u00e1rias alternativas para assegurar a continuidade desta atividade econ\u00f3mica, e que a transfer\u00eancia provis\u00f3ria para o Centro Cultural &#8220;revelou-se a op\u00e7\u00e3o mais r\u00e1pida, mais exequ\u00edvel e aquela que permitia garantir, com maior seguran\u00e7a, a continuidade do funcionamento do Mercado e sem custos adicionais para o munic\u00edpio&#8221;.\u00a0 De sublinhar que esta decis\u00e3o n\u00e3o foi unilateral, &#8220;resultou de um processo de di\u00e1logo e consenso com os vendedores, que estiveram envolvidos na an\u00e1lise dos cen\u00e1rios poss\u00edveis&#8221;, disse o Presidente da CM da Nazar\u00e9.<\/p>\n<p>Paralelamente, o munic\u00edpio j\u00e1 deu in\u00edcio aos trabalhos no &#8220;local muito delicado de desmontagem da cobertura existente em placa de fibrocimento que cont\u00e9m amianto&#8221;, com previs\u00e3o de terminar a opera\u00e7\u00e3o no final da pr\u00f3xima semana. Decorrem alguns trabalhos de melhoramentos no interior, a autarca disse que pretende ter a nova cobertura na \u00faltima semana de mar\u00e7o de forma a proceder \u00e0 abertura do espa\u00e7o na primeira semana de abril.<\/p>\n<p>O Munic\u00edpio continua a disponibilizar o Gabinete de Apoio ao Lesado, no \u00e2mbito dos estragos causados pelas tempestades. At\u00e9 ao final do dia de ontem, tinham sido registadas 999 ocorr\u00eancias no nosso territ\u00f3rio. Dessas 999 ocorr\u00eancias, foram j\u00e1 submetidas um total de 127 candidaturas, num montante global de mais de meio milh\u00e3o de euros. Estratificando o processo, foram apresentadas 96 candidaturas na freguesia da Nazar\u00e9, no valor de 440 mil euros; 17 em Valado dos Frades, no montante de 76 mil euros; e 14 em Famalic\u00e3o, no valor de 56 mil euros. Vamos continuar a apoiar os mun\u00edcipes, as empresas, as associa\u00e7\u00f5es e as IPSS do concelho na liga\u00e7\u00e3o com a CCDR.<\/p>\n<p><strong>Situa\u00e7\u00f5es de contencioso<\/strong><\/p>\n<p>O Tribunal Administrativo e Fiscal de Leiria &#8220;considerou improcedente&#8221; a a\u00e7\u00e3o administrativa interposta pelo Munic\u00edpio junto da APA, no montante de cerca de 900 mil euros, relativamente ao per\u00edodo de paragem do Ascensor por causa das obras nas arribas e da envolvente da gare superior.<\/p>\n<p>&#8220;Creio que este processo \u00e9 do dom\u00ednio p\u00fablico. O Munic\u00edpio considerava que a demora na empreitada de Estabiliza\u00e7\u00e3o das Arribas da Nazar\u00e9, na Zona do S\u00edtio e da Zona Envolvente da Plataforma Superior do Ascensor, causou um per\u00edodo extraordin\u00e1rio de 222 dias de paragem do Ascensor e, por isso, pediu uma indemniza\u00e7\u00e3o&#8221;, esclareceu.<\/p>\n<p>A APA entendeu que as obras acabaram por beneficiar em exclusivo o Munic\u00edpio, pois aproveitou-se a empreitada para fazer a estabiliza\u00e7\u00e3o da zona do Ascensor e o Tribunal deu raz\u00e3o \u00e0 APA. A autarquia depois de analisada a quest\u00e3o e decidiu que &#8220;n\u00e3o faz sentido recorrer da decis\u00e3o&#8221;.<\/p>\n<p>Relativamente aos molhes do Porto de Abrigo, Serafim Silva aguarda a realiza\u00e7\u00e3o de uma visita t\u00e9cnica por parte dos servi\u00e7os da Dire\u00e7\u00e3o-Geral de Recursos Naturais, Seguran\u00e7a e Servi\u00e7os Mar\u00edtimos (DGRM), com vista \u00e0 respetiva avalia\u00e7\u00e3o e subsequente defini\u00e7\u00e3o de enquadramento t\u00e9cnico. &#8220;Estamos a acompanhar esta quest\u00e3o com grande proximidade com as entidades.&#8221;<\/p>\n<p><strong>Falta de eletricidade e \u00e1gua na Nazar\u00e9<\/strong><\/p>\n<p>Ainda quanto aos efeitos das tempestades, ainda falta repor ilumina\u00e7\u00e3o p\u00fablica em algumas ruas do concelho. &#8220;Temos vindo a exercer press\u00e3o junto da E-Redes para resolver estas quest\u00f5es, ap\u00f3s quatro semanas da tempestade ainda existem muitas localidades e unidades industriais em redor do concelho da Nazar\u00e9 que ainda n\u00e3o t\u00eam corrente el\u00e9trica,&#8221; aponta Serafim Ant\u00f3nio sobre a falta de eletricidade no concelho.<\/p>\n<p>Na sequ\u00eancia de um deslizamento de terras ocorrido na zona da Maiorga, a conduta da \u00c1guas de Portugal que abastece tamb\u00e9m o lugar de Fanhais foi danificada, na \u00e1rea da estrada onde se encontrava instalada. Em consequ\u00eancia, o abastecimento de \u00e1gua a esta localidade da Nazar\u00e9 foi afetado, pelo que\u00a0 a autarquia aguarda que a empresa publica \u00c1guas de Portugal proceda \u00e0 respetiva repara\u00e7\u00e3o e a situa\u00e7\u00e3o fique totalmente normalizada.<\/p>\n<p>Para minimizar os impactos junto da popula\u00e7\u00e3o, os Servi\u00e7os Municipalizados, em articula\u00e7\u00e3o com os Bombeiros Volunt\u00e1rios da Nazar\u00e9, est\u00e3o a assegurar o abastecimento do dep\u00f3sito de Fanhais atrav\u00e9s de autotanque.<\/p>\n","protected":false},"excerpt":{"rendered":"<p>Marta Roque<\/p>\n","protected":false},"author":1,"featured_media":12223,"comment_status":"open","ping_status":"open","sticky":false,"template":"","format":"standard","meta":{"site-sidebar-layout":"default","site-content-layout":"default","ast-global-header-display":"","ast-banner-title-visibility":"","ast-main-header-display":"","ast-hfb-above-header-display":"","ast-hfb-below-header-display":"","ast-hfb-mobile-header-display":"","site-post-title":"","ast-breadcrumbs-content":"","ast-featured-img":"","footer-sml-layout":"","theme-transparent-header-meta":"default","adv-header-id-meta":"","stick-header-meta":"","header-above-stick-meta":"","header-main-stick-meta":"","header-below-stick-meta":"","footnotes":""},"categories":[5],"tags":[2364,1046,2411],"class_list":["post-12220","post","type-post","status-publish","format-standard","has-post-thumbnail","hentry","category-economia","tag-kristin","tag-nazare","tag-tempestades"],"yoast_head":"<!-- This site is optimized with the Yoast SEO plugin v25.1 - https:\/\/yoast.com\/wordpress\/plugins\/seo\/ -->\n<title>Ap\u00f3s 4 semanas das tempestades h\u00e1 localidades da Nazar\u00e9 sem eletricidade e \u00e1gua - Estado com Arte<\/title>\n<meta name=\"robots\" content=\"index, follow, max-snippet:-1, max-image-preview:large, max-video-preview:-1\" \/>\n<link rel=\"canonical\" href=\"https:\/\/estadocomarte.pt\/site\/2026\/03\/05\/apos-4-semanas-das-tempestades-ha-localidades-da-nazare-sem-eletricidade-e-agua\/\" \/>\n<meta property=\"og:locale\" content=\"pt_PT\" \/>\n<meta property=\"og:type\" content=\"article\" \/>\n<meta property=\"og:title\" content=\"Ap\u00f3s 4 semanas das tempestades h\u00e1 localidades da Nazar\u00e9 sem eletricidade e \u00e1gua - Estado com Arte\" \/>\n<meta property=\"og:description\" content=\"Marta Roque\" \/>\n<meta property=\"og:url\" content=\"https:\/\/estadocomarte.pt\/site\/2026\/03\/05\/apos-4-semanas-das-tempestades-ha-localidades-da-nazare-sem-eletricidade-e-agua\/\" \/>\n<meta property=\"og:site_name\" content=\"Estado com Arte\" \/>\n<meta property=\"article:published_time\" content=\"2026-03-05T17:25:34+00:00\" \/>\n<meta property=\"article:modified_time\" content=\"2026-03-05T20:33:39+00:00\" \/>\n<meta property=\"og:image\" content=\"https:\/\/estadocomarte.pt\/site\/wp-content\/uploads\/2026\/03\/nazareKristin2.jpg\" \/>\n\t<meta property=\"og:image:width\" content=\"512\" \/>\n\t<meta property=\"og:image:height\" content=\"263\" \/>\n\t<meta property=\"og:image:type\" content=\"image\/jpeg\" \/>\n<meta name=\"author\" content=\"admin\" \/>\n<meta name=\"twitter:card\" content=\"summary_large_image\" \/>\n<meta name=\"twitter:label1\" content=\"Escrito por\" \/>\n\t<meta name=\"twitter:data1\" content=\"admin\" \/>\n\t<meta name=\"twitter:label2\" content=\"Tempo estimado de leitura\" \/>\n\t<meta name=\"twitter:data2\" content=\"6 minutos\" \/>\n<script type=\"application\/ld+json\" class=\"yoast-schema-graph\">{\"@context\":\"https:\/\/schema.org\",\"@graph\":[{\"@type\":\"Article\",\"@id\":\"https:\/\/estadocomarte.pt\/site\/2026\/03\/05\/apos-4-semanas-das-tempestades-ha-localidades-da-nazare-sem-eletricidade-e-agua\/#article\",\"isPartOf\":{\"@id\":\"https:\/\/estadocomarte.pt\/site\/2026\/03\/05\/apos-4-semanas-das-tempestades-ha-localidades-da-nazare-sem-eletricidade-e-agua\/\"},\"author\":{\"name\":\"admin\",\"@id\":\"https:\/\/estadocomarte.pt\/site\/#\/schema\/person\/c0943a071216c1e5b21f85304151e4ba\"},\"headline\":\"Ap\u00f3s 4 semanas das tempestades h\u00e1 localidades da Nazar\u00e9 sem eletricidade e \u00e1gua\",\"datePublished\":\"2026-03-05T17:25:34+00:00\",\"dateModified\":\"2026-03-05T20:33:39+00:00\",\"mainEntityOfPage\":{\"@id\":\"https:\/\/estadocomarte.pt\/site\/2026\/03\/05\/apos-4-semanas-das-tempestades-ha-localidades-da-nazare-sem-eletricidade-e-agua\/\"},\"wordCount\":991,\"commentCount\":0,\"publisher\":{\"@id\":\"https:\/\/estadocomarte.pt\/site\/#organization\"},\"image\":{\"@id\":\"https:\/\/estadocomarte.pt\/site\/2026\/03\/05\/apos-4-semanas-das-tempestades-ha-localidades-da-nazare-sem-eletricidade-e-agua\/#primaryimage\"},\"thumbnailUrl\":\"https:\/\/estadocomarte.pt\/site\/wp-content\/uploads\/2026\/03\/nazareKristin2.jpg\",\"keywords\":[\"Kristin\",\"Nazar\u00e9\",\"Tempestades\"],\"articleSection\":[\"Economia\"],\"inLanguage\":\"pt-PT\",\"potentialAction\":[{\"@type\":\"CommentAction\",\"name\":\"Comment\",\"target\":[\"https:\/\/estadocomarte.pt\/site\/2026\/03\/05\/apos-4-semanas-das-tempestades-ha-localidades-da-nazare-sem-eletricidade-e-agua\/#respond\"]}]},{\"@type\":\"WebPage\",\"@id\":\"https:\/\/estadocomarte.pt\/site\/2026\/03\/05\/apos-4-semanas-das-tempestades-ha-localidades-da-nazare-sem-eletricidade-e-agua\/\",\"url\":\"https:\/\/estadocomarte.pt\/site\/2026\/03\/05\/apos-4-semanas-das-tempestades-ha-localidades-da-nazare-sem-eletricidade-e-agua\/\",\"name\":\"Ap\u00f3s 4 semanas das tempestades h\u00e1 localidades da Nazar\u00e9 sem eletricidade e \u00e1gua - Estado com Arte\",\"isPartOf\":{\"@id\":\"https:\/\/estadocomarte.pt\/site\/#website\"},\"primaryImageOfPage\":{\"@id\":\"https:\/\/estadocomarte.pt\/site\/2026\/03\/05\/apos-4-semanas-das-tempestades-ha-localidades-da-nazare-sem-eletricidade-e-agua\/#primaryimage\"},\"image\":{\"@id\":\"https:\/\/estadocomarte.pt\/site\/2026\/03\/05\/apos-4-semanas-das-tempestades-ha-localidades-da-nazare-sem-eletricidade-e-agua\/#primaryimage\"},\"thumbnailUrl\":\"https:\/\/estadocomarte.pt\/site\/wp-content\/uploads\/2026\/03\/nazareKristin2.jpg\",\"datePublished\":\"2026-03-05T17:25:34+00:00\",\"dateModified\":\"2026-03-05T20:33:39+00:00\",\"breadcrumb\":{\"@id\":\"https:\/\/estadocomarte.pt\/site\/2026\/03\/05\/apos-4-semanas-das-tempestades-ha-localidades-da-nazare-sem-eletricidade-e-agua\/#breadcrumb\"},\"inLanguage\":\"pt-PT\",\"potentialAction\":[{\"@type\":\"ReadAction\",\"target\":[\"https:\/\/estadocomarte.pt\/site\/2026\/03\/05\/apos-4-semanas-das-tempestades-ha-localidades-da-nazare-sem-eletricidade-e-agua\/\"]}]},{\"@type\":\"ImageObject\",\"inLanguage\":\"pt-PT\",\"@id\":\"https:\/\/estadocomarte.pt\/site\/2026\/03\/05\/apos-4-semanas-das-tempestades-ha-localidades-da-nazare-sem-eletricidade-e-agua\/#primaryimage\",\"url\":\"https:\/\/estadocomarte.pt\/site\/wp-content\/uploads\/2026\/03\/nazareKristin2.jpg\",\"contentUrl\":\"https:\/\/estadocomarte.pt\/site\/wp-content\/uploads\/2026\/03\/nazareKristin2.jpg\",\"width\":512,\"height\":263},{\"@type\":\"BreadcrumbList\",\"@id\":\"https:\/\/estadocomarte.pt\/site\/2026\/03\/05\/apos-4-semanas-das-tempestades-ha-localidades-da-nazare-sem-eletricidade-e-agua\/#breadcrumb\",\"itemListElement\":[{\"@type\":\"ListItem\",\"position\":1,\"name\":\"In\u00edcio\",\"item\":\"https:\/\/estadocomarte.pt\/site\/\"},{\"@type\":\"ListItem\",\"position\":2,\"name\":\"Ap\u00f3s 4 semanas das tempestades h\u00e1 localidades da Nazar\u00e9 sem eletricidade e \u00e1gua\"}]},{\"@type\":\"WebSite\",\"@id\":\"https:\/\/estadocomarte.pt\/site\/#website\",\"url\":\"https:\/\/estadocomarte.pt\/site\/\",\"name\":\"Estado com Arte Magazine\",\"description\":\"Magazine\",\"publisher\":{\"@id\":\"https:\/\/estadocomarte.pt\/site\/#organization\"},\"alternateName\":\"Magazine semanal sobre pol\u00edtica e cultura, com autores, opini\u00e3o e cr\u00edticas.\",\"potentialAction\":[{\"@type\":\"SearchAction\",\"target\":{\"@type\":\"EntryPoint\",\"urlTemplate\":\"https:\/\/estadocomarte.pt\/site\/?s={search_term_string}\"},\"query-input\":{\"@type\":\"PropertyValueSpecification\",\"valueRequired\":true,\"valueName\":\"search_term_string\"}}],\"inLanguage\":\"pt-PT\"},{\"@type\":\"Organization\",\"@id\":\"https:\/\/estadocomarte.pt\/site\/#organization\",\"name\":\"Estado com Arte Magazine\",\"alternateName\":\"Magazine semanal sobre pol\u00edtica e cultura, com autores, opini\u00e3o e cr\u00edticas.\",\"url\":\"https:\/\/estadocomarte.pt\/site\/\",\"logo\":{\"@type\":\"ImageObject\",\"inLanguage\":\"pt-PT\",\"@id\":\"https:\/\/estadocomarte.pt\/site\/#\/schema\/logo\/image\/\",\"url\":\"https:\/\/estadocomarte.pt\/site\/wp-content\/uploads\/2023\/06\/cropped-cropped-Prancheta-2@2x-100.jpg\",\"contentUrl\":\"https:\/\/estadocomarte.pt\/site\/wp-content\/uploads\/2023\/06\/cropped-cropped-Prancheta-2@2x-100.jpg\",\"width\":1777,\"height\":592,\"caption\":\"Estado com Arte Magazine\"},\"image\":{\"@id\":\"https:\/\/estadocomarte.pt\/site\/#\/schema\/logo\/image\/\"},\"sameAs\":[\"https:\/\/www.instagram.com\/estadocomartemagazine\"]},{\"@type\":\"Person\",\"@id\":\"https:\/\/estadocomarte.pt\/site\/#\/schema\/person\/c0943a071216c1e5b21f85304151e4ba\",\"name\":\"admin\",\"image\":{\"@type\":\"ImageObject\",\"inLanguage\":\"pt-PT\",\"@id\":\"https:\/\/estadocomarte.pt\/site\/#\/schema\/person\/image\/\",\"url\":\"https:\/\/secure.gravatar.com\/avatar\/e6f378fd6914c8505d3e1d40f51fa953b21bab0f3a5658a33bc84cb5bda780f9?s=96&d=mm&r=g\",\"contentUrl\":\"https:\/\/secure.gravatar.com\/avatar\/e6f378fd6914c8505d3e1d40f51fa953b21bab0f3a5658a33bc84cb5bda780f9?s=96&d=mm&r=g\",\"caption\":\"admin\"},\"sameAs\":[\"https:\/\/estadocomarte.pt\/site\"],\"url\":\"https:\/\/estadocomarte.pt\/site\/author\/admin\/\"}]}<\/script>\n<!-- \/ Yoast SEO plugin. -->","yoast_head_json":{"title":"Ap\u00f3s 4 semanas das tempestades h\u00e1 localidades da Nazar\u00e9 sem eletricidade e \u00e1gua - Estado com Arte","robots":{"index":"index","follow":"follow","max-snippet":"max-snippet:-1","max-image-preview":"max-image-preview:large","max-video-preview":"max-video-preview:-1"},"canonical":"https:\/\/estadocomarte.pt\/site\/2026\/03\/05\/apos-4-semanas-das-tempestades-ha-localidades-da-nazare-sem-eletricidade-e-agua\/","og_locale":"pt_PT","og_type":"article","og_title":"Ap\u00f3s 4 semanas das tempestades h\u00e1 localidades da Nazar\u00e9 sem eletricidade e \u00e1gua - Estado com Arte","og_description":"Marta Roque","og_url":"https:\/\/estadocomarte.pt\/site\/2026\/03\/05\/apos-4-semanas-das-tempestades-ha-localidades-da-nazare-sem-eletricidade-e-agua\/","og_site_name":"Estado com Arte","article_published_time":"2026-03-05T17:25:34+00:00","article_modified_time":"2026-03-05T20:33:39+00:00","og_image":[{"width":512,"height":263,"url":"https:\/\/estadocomarte.pt\/site\/wp-content\/uploads\/2026\/03\/nazareKristin2.jpg","type":"image\/jpeg"}],"author":"admin","twitter_card":"summary_large_image","twitter_misc":{"Escrito por":"admin","Tempo estimado de leitura":"6 minutos"},"schema":{"@context":"https:\/\/schema.org","@graph":[{"@type":"Article","@id":"https:\/\/estadocomarte.pt\/site\/2026\/03\/05\/apos-4-semanas-das-tempestades-ha-localidades-da-nazare-sem-eletricidade-e-agua\/#article","isPartOf":{"@id":"https:\/\/estadocomarte.pt\/site\/2026\/03\/05\/apos-4-semanas-das-tempestades-ha-localidades-da-nazare-sem-eletricidade-e-agua\/"},"author":{"name":"admin","@id":"https:\/\/estadocomarte.pt\/site\/#\/schema\/person\/c0943a071216c1e5b21f85304151e4ba"},"headline":"Ap\u00f3s 4 semanas das tempestades h\u00e1 localidades da Nazar\u00e9 sem eletricidade e \u00e1gua","datePublished":"2026-03-05T17:25:34+00:00","dateModified":"2026-03-05T20:33:39+00:00","mainEntityOfPage":{"@id":"https:\/\/estadocomarte.pt\/site\/2026\/03\/05\/apos-4-semanas-das-tempestades-ha-localidades-da-nazare-sem-eletricidade-e-agua\/"},"wordCount":991,"commentCount":0,"publisher":{"@id":"https:\/\/estadocomarte.pt\/site\/#organization"},"image":{"@id":"https:\/\/estadocomarte.pt\/site\/2026\/03\/05\/apos-4-semanas-das-tempestades-ha-localidades-da-nazare-sem-eletricidade-e-agua\/#primaryimage"},"thumbnailUrl":"https:\/\/estadocomarte.pt\/site\/wp-content\/uploads\/2026\/03\/nazareKristin2.jpg","keywords":["Kristin","Nazar\u00e9","Tempestades"],"articleSection":["Economia"],"inLanguage":"pt-PT","potentialAction":[{"@type":"CommentAction","name":"Comment","target":["https:\/\/estadocomarte.pt\/site\/2026\/03\/05\/apos-4-semanas-das-tempestades-ha-localidades-da-nazare-sem-eletricidade-e-agua\/#respond"]}]},{"@type":"WebPage","@id":"https:\/\/estadocomarte.pt\/site\/2026\/03\/05\/apos-4-semanas-das-tempestades-ha-localidades-da-nazare-sem-eletricidade-e-agua\/","url":"https:\/\/estadocomarte.pt\/site\/2026\/03\/05\/apos-4-semanas-das-tempestades-ha-localidades-da-nazare-sem-eletricidade-e-agua\/","name":"Ap\u00f3s 4 semanas das tempestades h\u00e1 localidades da Nazar\u00e9 sem eletricidade e \u00e1gua - Estado com Arte","isPartOf":{"@id":"https:\/\/estadocomarte.pt\/site\/#website"},"primaryImageOfPage":{"@id":"https:\/\/estadocomarte.pt\/site\/2026\/03\/05\/apos-4-semanas-das-tempestades-ha-localidades-da-nazare-sem-eletricidade-e-agua\/#primaryimage"},"image":{"@id":"https:\/\/estadocomarte.pt\/site\/2026\/03\/05\/apos-4-semanas-das-tempestades-ha-localidades-da-nazare-sem-eletricidade-e-agua\/#primaryimage"},"thumbnailUrl":"https:\/\/estadocomarte.pt\/site\/wp-content\/uploads\/2026\/03\/nazareKristin2.jpg","datePublished":"2026-03-05T17:25:34+00:00","dateModified":"2026-03-05T20:33:39+00:00","breadcrumb":{"@id":"https:\/\/estadocomarte.pt\/site\/2026\/03\/05\/apos-4-semanas-das-tempestades-ha-localidades-da-nazare-sem-eletricidade-e-agua\/#breadcrumb"},"inLanguage":"pt-PT","potentialAction":[{"@type":"ReadAction","target":["https:\/\/estadocomarte.pt\/site\/2026\/03\/05\/apos-4-semanas-das-tempestades-ha-localidades-da-nazare-sem-eletricidade-e-agua\/"]}]},{"@type":"ImageObject","inLanguage":"pt-PT","@id":"https:\/\/estadocomarte.pt\/site\/2026\/03\/05\/apos-4-semanas-das-tempestades-ha-localidades-da-nazare-sem-eletricidade-e-agua\/#primaryimage","url":"https:\/\/estadocomarte.pt\/site\/wp-content\/uploads\/2026\/03\/nazareKristin2.jpg","contentUrl":"https:\/\/estadocomarte.pt\/site\/wp-content\/uploads\/2026\/03\/nazareKristin2.jpg","width":512,"height":263},{"@type":"BreadcrumbList","@id":"https:\/\/estadocomarte.pt\/site\/2026\/03\/05\/apos-4-semanas-das-tempestades-ha-localidades-da-nazare-sem-eletricidade-e-agua\/#breadcrumb","itemListElement":[{"@type":"ListItem","position":1,"name":"In\u00edcio","item":"https:\/\/estadocomarte.pt\/site\/"},{"@type":"ListItem","position":2,"name":"Ap\u00f3s 4 semanas das tempestades h\u00e1 localidades da Nazar\u00e9 sem eletricidade e \u00e1gua"}]},{"@type":"WebSite","@id":"https:\/\/estadocomarte.pt\/site\/#website","url":"https:\/\/estadocomarte.pt\/site\/","name":"Estado com Arte Magazine","description":"Magazine","publisher":{"@id":"https:\/\/estadocomarte.pt\/site\/#organization"},"alternateName":"Magazine semanal sobre pol\u00edtica e cultura, com autores, opini\u00e3o e cr\u00edticas.","potentialAction":[{"@type":"SearchAction","target":{"@type":"EntryPoint","urlTemplate":"https:\/\/estadocomarte.pt\/site\/?s={search_term_string}"},"query-input":{"@type":"PropertyValueSpecification","valueRequired":true,"valueName":"search_term_string"}}],"inLanguage":"pt-PT"},{"@type":"Organization","@id":"https:\/\/estadocomarte.pt\/site\/#organization","name":"Estado com Arte Magazine","alternateName":"Magazine semanal sobre pol\u00edtica e cultura, com autores, opini\u00e3o e cr\u00edticas.","url":"https:\/\/estadocomarte.pt\/site\/","logo":{"@type":"ImageObject","inLanguage":"pt-PT","@id":"https:\/\/estadocomarte.pt\/site\/#\/schema\/logo\/image\/","url":"https:\/\/estadocomarte.pt\/site\/wp-content\/uploads\/2023\/06\/cropped-cropped-Prancheta-2@2x-100.jpg","contentUrl":"https:\/\/estadocomarte.pt\/site\/wp-content\/uploads\/2023\/06\/cropped-cropped-Prancheta-2@2x-100.jpg","width":1777,"height":592,"caption":"Estado com Arte Magazine"},"image":{"@id":"https:\/\/estadocomarte.pt\/site\/#\/schema\/logo\/image\/"},"sameAs":["https:\/\/www.instagram.com\/estadocomartemagazine"]},{"@type":"Person","@id":"https:\/\/estadocomarte.pt\/site\/#\/schema\/person\/c0943a071216c1e5b21f85304151e4ba","name":"admin","image":{"@type":"ImageObject","inLanguage":"pt-PT","@id":"https:\/\/estadocomarte.pt\/site\/#\/schema\/person\/image\/","url":"https:\/\/secure.gravatar.com\/avatar\/e6f378fd6914c8505d3e1d40f51fa953b21bab0f3a5658a33bc84cb5bda780f9?s=96&d=mm&r=g","contentUrl":"https:\/\/secure.gravatar.com\/avatar\/e6f378fd6914c8505d3e1d40f51fa953b21bab0f3a5658a33bc84cb5bda780f9?s=96&d=mm&r=g","caption":"admin"},"sameAs":["https:\/\/estadocomarte.pt\/site"],"url":"https:\/\/estadocomarte.pt\/site\/author\/admin\/"}]}},"_links":{"self":[{"href":"https:\/\/estadocomarte.pt\/site\/wp-json\/wp\/v2\/posts\/12220","targetHints":{"allow":["GET"]}}],"collection":[{"href":"https:\/\/estadocomarte.pt\/site\/wp-json\/wp\/v2\/posts"}],"about":[{"href":"https:\/\/estadocomarte.pt\/site\/wp-json\/wp\/v2\/types\/post"}],"author":[{"embeddable":true,"href":"https:\/\/estadocomarte.pt\/site\/wp-json\/wp\/v2\/users\/1"}],"replies":[{"embeddable":true,"href":"https:\/\/estadocomarte.pt\/site\/wp-json\/wp\/v2\/comments?post=12220"}],"version-history":[{"count":7,"href":"https:\/\/estadocomarte.pt\/site\/wp-json\/wp\/v2\/posts\/12220\/revisions"}],"predecessor-version":[{"id":12230,"href":"https:\/\/estadocomarte.pt\/site\/wp-json\/wp\/v2\/posts\/12220\/revisions\/12230"}],"wp:featuredmedia":[{"embeddable":true,"href":"https:\/\/estadocomarte.pt\/site\/wp-json\/wp\/v2\/media\/12223"}],"wp:attachment":[{"href":"https:\/\/estadocomarte.pt\/site\/wp-json\/wp\/v2\/media?parent=12220"}],"wp:term":[{"taxonomy":"category","embeddable":true,"href":"https:\/\/estadocomarte.pt\/site\/wp-json\/wp\/v2\/categories?post=12220"},{"taxonomy":"post_tag","embeddable":true,"href":"https:\/\/estadocomarte.pt\/site\/wp-json\/wp\/v2\/tags?post=12220"}],"curies":[{"name":"wp","href":"https:\/\/api.w.org\/{rel}","templated":true}]}}