{"id":12231,"date":"2026-03-06T11:34:32","date_gmt":"2026-03-06T11:34:32","guid":{"rendered":"https:\/\/estadocomarte.pt\/site\/?p=12231"},"modified":"2026-03-07T08:50:12","modified_gmt":"2026-03-07T08:50:12","slug":"mulheres-anabela-pedro-seabra-e-a-vencedora-da-6-a-edicao-do-premio-talenta","status":"publish","type":"post","link":"https:\/\/estadocomarte.pt\/site\/2026\/03\/06\/mulheres-anabela-pedro-seabra-e-a-vencedora-da-6-a-edicao-do-premio-talenta\/","title":{"rendered":"Mulheres. Anabela Pedro Seabra \u00e9 a vencedora da 6.\u00aa edi\u00e7\u00e3o do  Pr\u00e9mio Talenta"},"content":{"rendered":"<p style=\"text-align: left;\"><strong>A\u00a0 6.\u00aa edi\u00e7\u00e3o do TalentA\u00a0 foi atribu\u00eddo a Anabela Pedro Seabra pelo projecto K\u00d3FI, inova\u00e7\u00e3o agroalimentar sustent\u00e1vel desenvolvido em Santar\u00e9m, que valoriza leguminosas, transformando- as numa op\u00e7\u00e3o vegetal e sem cafe\u00edna como alternativa ao caf\u00e9.<\/strong><br \/>\n<strong>Por ocasi\u00e3o do Dia Internacional da Mulher (8M), o Programa TalentA, \u00e9 uma iniciativa que reconhece e apoia projetos agr\u00edcolas liderados por mulheres, promovido pela<\/strong><strong style=\"font-size: 16px;\"> Corteva Agriscience e a CAP, uma aposta no compromisso com a igualdade de oportunidades e a promo\u00e7\u00e3o da lideran\u00e7a feminina no meio rural.<\/strong><\/p>\n<p>Anabela Pedro Seabra, Engenheira Agr\u00f3noma, vencedora da 6.\u00aa edi\u00e7\u00e3o do Programa TalentA com o projeto K\u00d3FI. Um projeto de inova\u00e7\u00e3o agroalimentar sustent\u00e1vel desenvolvido em Santar\u00e9m que valoriza leguminosas, transformando-as numa op\u00e7\u00e3o vegetal e sem cafe\u00edna como alternativa ao caf\u00e9, avan\u00e7a a organiza\u00e7\u00e3o do Programa Talenta em comunicado ao Magazine Estado com Arte.<\/p>\n<p>O j\u00fari destacou a integra\u00e7\u00e3o de crit\u00e9rios agron\u00f3micos sustent\u00e1veis (baixa exig\u00eancia h\u00eddrica e melhoria do solo), economia circular (uso de subprodutos como substrato), educa\u00e7\u00e3o alimentar e um modelo h\u00edbrido B2B e B2C.<\/p>\n<p>Na sua 6.\u00aa edi\u00e7\u00e3o, o Programa TalentA volta a premiar novos projetos, o j\u00fari, composto por representantes especializados de ambas as entidades, avaliou crit\u00e9rios que incluem inova\u00e7\u00e3o, combate \u00e0 desertifica\u00e7\u00e3o, impacto e sustentabilidade dos projetos, empoderamento econ\u00f3mico e potencial de replica\u00e7\u00e3o do modelo de neg\u00f3cio.<\/p>\n<p><strong>Os tr\u00eas projetos premiados da 6.\u00aa edi\u00e7\u00e3o do TalentA<\/strong><\/p>\n<p>Karla Lorenzini tamb\u00e9m foi finalista pelo projeto Biovega Microgreens. Karla, de origem brasileira, mudou-se para Portugal e fundou a Biovega Microgreens, uma pequena unidade agr\u00edcola especializada no cultivo de microvegetais de elevada densidade nutricional em ambiente controlado, baseado na sustentabilidade e na economia circular.<\/p>\n<figure id=\"attachment_12233\" aria-describedby=\"caption-attachment-12233\" style=\"width: 226px\" class=\"wp-caption alignnone\"><img fetchpriority=\"high\" decoding=\"async\" class=\"wp-image-12233 size-medium\" src=\"https:\/\/estadocomarte.pt\/site\/wp-content\/uploads\/2026\/03\/microgreens-226x300.jpeg\" alt=\"\" width=\"226\" height=\"300\" srcset=\"https:\/\/estadocomarte.pt\/site\/wp-content\/uploads\/2026\/03\/microgreens-226x300.jpeg 226w, https:\/\/estadocomarte.pt\/site\/wp-content\/uploads\/2026\/03\/microgreens-773x1024.jpeg 773w, https:\/\/estadocomarte.pt\/site\/wp-content\/uploads\/2026\/03\/microgreens-768x1018.jpeg 768w, https:\/\/estadocomarte.pt\/site\/wp-content\/uploads\/2026\/03\/microgreens.jpeg 1080w\" sizes=\"(max-width: 226px) 100vw, 226px\" \/><figcaption id=\"caption-attachment-12233\" class=\"wp-caption-text\">Karla Lorenzini tamb\u00e9m foi finalista pelo projeto Biovega Microgreens<\/figcaption><\/figure>\n<p>O outro pr\u00e9mio finalista foi atribu\u00eddo a Sara Isabel Marques Pedro, pelo projeto \u00d3 Quintela Licores do Soajo, uma marca premium de licores artesanais que combina tradi\u00e7\u00e3o e inova\u00e7\u00e3o em sabores exclusivos com ingredientes locais. Com 25 sabores em diferentes formatos, o projeto une produ\u00e7\u00e3o artesanal e experi\u00eancias tur\u00edsticas imersivas (loja, workshops e atividades culturais), refor\u00e7ando a liga\u00e7\u00e3o ao territ\u00f3rio e \u00e0 identidade local.<\/p>\n<p>\u201cO papel das mulheres empreendedoras nas \u00e1reas rurais portuguesas \u00e9 muito relevante e trabalhamos para que seja ainda mais nos pr\u00f3ximos anos. O Programa TalentA tem contribu\u00eddo para impulsionar o talento e o empreendedorismo feminino rural, capacitando e dando maior visibilidade aos projetos premiados\u201d, afirma Clara Serrano, a Vice-Presidente da Unidade de Neg\u00f3cio do Sul da Europa da Corteva Agriscience.<\/p>\n<p>E acrescenta que &#8220;\u00e9 extremamente gratificante concluir mais um ciclo do Programa TalentA, marcado por uma elevada participa\u00e7\u00e3o, num ano especial que coincide com a celebra\u00e7\u00e3o do Ano Internacional da Mulher Rural. Continuaremos a apoiar o empoderamento e a fomentar a crescente presen\u00e7a feminina na agricultura\u201d.<\/p>\n<p>Lu\u00eds Mira, Secret\u00e1rio-Geral da CAP, destaca o impacto do Programa TalentA no setor agr\u00edcola: \u201cOs projetos premiados destacam-se pela inova\u00e7\u00e3o e sustentabilidade, duas caracter\u00edsticas essenciais para impulsionar, rentabilizar e modernizar o setor. \u00c9 gratificante ver que as mulheres empreendedoras rurais em Portugal t\u00eam uma voz e um papel cada vez mais ativos\u201d.<\/p>\n<p>A vencedora da 6.\u00aa edi\u00e7\u00e3o do Programa TalentA, Anabela Pedro Seabra, vai receber um pr\u00e9mio monet\u00e1rio de 5.000 \u20ac e beneficiar\u00e1 de uma campanha de visibilidade. As duas finalistas, Karla Lorenzini e Sara Isabel Marques Pedro, ter\u00e3o acesso a um programa de forma\u00e7\u00e3o (com\u00e9rcio eletr\u00f3nico, redes sociais, plano de neg\u00f3cios, t\u00e9cnicas comerciais, entre outros) e tamb\u00e9m a uma campanha de visibilidade para os seus projetos.<\/p>\n<p>Em Portugal, apenas um ter\u00e7o dos projetos agr\u00edcolas \u00e9 liderado por mulheres, segundo dados do Minist\u00e9rio da Agricultura e da Pesca (MAP) indicam que apenas 33% dos projetos agr\u00edcolas s\u00e3o geridos por mulheres, &#8220;tornando essencial apostar na sua participa\u00e7\u00e3o para garantir o futuro do setor agr\u00edcola em Portugal&#8221;. O talento feminino continua a ser um fator determinante no desenvolvimento agr\u00edcola do pa\u00eds para o MAP.<\/p>\n<p><strong>Corteva Agriscience<\/strong><\/p>\n<p><img decoding=\"async\" class=\"alignnone size-medium wp-image-12232\" src=\"https:\/\/estadocomarte.pt\/site\/wp-content\/uploads\/2026\/03\/corteva-300x225.jpg\" alt=\"\" width=\"300\" height=\"225\" srcset=\"https:\/\/estadocomarte.pt\/site\/wp-content\/uploads\/2026\/03\/corteva-300x225.jpg 300w, https:\/\/estadocomarte.pt\/site\/wp-content\/uploads\/2026\/03\/corteva-1024x768.jpg 1024w, https:\/\/estadocomarte.pt\/site\/wp-content\/uploads\/2026\/03\/corteva-768x576.jpg 768w, https:\/\/estadocomarte.pt\/site\/wp-content\/uploads\/2026\/03\/corteva.jpg 1220w\" sizes=\"(max-width: 300px) 100vw, 300px\" \/><\/p>\n<p>A Corteva Agriscience \u00e9 uma empresa agr\u00edcola global de capital aberto que fornece aos agricultores de todo o mundo um portf\u00f3lio abrangente do setor, &#8220;incluindo uma mistura equilibrada e diversificada de sementes, prote\u00e7\u00e3o de culturas e solu\u00e7\u00f5es digitais focadas na otimiza\u00e7\u00e3o da produtividade para melhorar o rendimento e a rentabilidade,&#8221; diz a informa\u00e7\u00e3o do comunicado do Programa Talenta.<\/p>\n<p>Com algumas das marcas mais reconhecidas na agricultura e um portf\u00f3lio l\u00edder do setor de produtos e tecnologia bem posicionados para impulsionar o crescimento, a empresa assume estar &#8220;comprometida em trabalhar com as partes interessadas em todo o sistema alimentar, cumprindo a sua promessa de melhorar a vida de quem produz e de quem consome, assegurando o progresso para as gera\u00e7\u00f5es vindouras.&#8221;<\/p>\n<p>A Corteva Agriscience tornou-se uma empresa independente de capital aberto em 1 de junho de 2019; anteriormente fazia parte da divis\u00e3o agr\u00edcola da Dow DuPont.<\/p>\n","protected":false},"excerpt":{"rendered":"<p>Estado com Arte Magazine<\/p>\n","protected":false},"author":1,"featured_media":12234,"comment_status":"open","ping_status":"open","sticky":false,"template":"","format":"standard","meta":{"site-sidebar-layout":"default","site-content-layout":"default","ast-global-header-display":"","ast-banner-title-visibility":"","ast-main-header-display":"","ast-hfb-above-header-display":"","ast-hfb-below-header-display":"","ast-hfb-mobile-header-display":"","site-post-title":"","ast-breadcrumbs-content":"","ast-featured-img":"","footer-sml-layout":"","theme-transparent-header-meta":"default","adv-header-id-meta":"","stick-header-meta":"","header-above-stick-meta":"","header-main-stick-meta":"","header-below-stick-meta":"","footnotes":""},"categories":[5],"tags":[2413],"class_list":["post-12231","post","type-post","status-publish","format-standard","has-post-thumbnail","hentry","category-economia","tag-premio-mulheres-agricultoras"],"yoast_head":"<!-- This site is optimized with the Yoast SEO plugin v25.1 - https:\/\/yoast.com\/wordpress\/plugins\/seo\/ -->\n<title>Mulheres. Anabela Pedro Seabra \u00e9 a vencedora da 6.\u00aa edi\u00e7\u00e3o do Pr\u00e9mio Talenta - Estado com Arte<\/title>\n<meta name=\"robots\" content=\"index, follow, max-snippet:-1, max-image-preview:large, max-video-preview:-1\" \/>\n<link rel=\"canonical\" href=\"https:\/\/estadocomarte.pt\/site\/2026\/03\/06\/mulheres-anabela-pedro-seabra-e-a-vencedora-da-6-a-edicao-do-premio-talenta\/\" \/>\n<meta property=\"og:locale\" content=\"pt_PT\" \/>\n<meta property=\"og:type\" content=\"article\" \/>\n<meta property=\"og:title\" content=\"Mulheres. Anabela Pedro Seabra \u00e9 a vencedora da 6.\u00aa edi\u00e7\u00e3o do Pr\u00e9mio Talenta - Estado com Arte\" \/>\n<meta property=\"og:description\" content=\"Estado com Arte Magazine\" \/>\n<meta property=\"og:url\" content=\"https:\/\/estadocomarte.pt\/site\/2026\/03\/06\/mulheres-anabela-pedro-seabra-e-a-vencedora-da-6-a-edicao-do-premio-talenta\/\" \/>\n<meta property=\"og:site_name\" content=\"Estado com Arte\" \/>\n<meta property=\"article:published_time\" content=\"2026-03-06T11:34:32+00:00\" \/>\n<meta property=\"article:modified_time\" content=\"2026-03-07T08:50:12+00:00\" \/>\n<meta property=\"og:image\" content=\"https:\/\/estadocomarte.pt\/site\/wp-content\/uploads\/2026\/03\/20260301_155354.jpg\" \/>\n\t<meta property=\"og:image:width\" content=\"1081\" \/>\n\t<meta property=\"og:image:height\" content=\"1080\" \/>\n\t<meta property=\"og:image:type\" content=\"image\/jpeg\" \/>\n<meta name=\"author\" content=\"admin\" \/>\n<meta name=\"twitter:card\" content=\"summary_large_image\" \/>\n<meta name=\"twitter:label1\" content=\"Escrito por\" \/>\n\t<meta name=\"twitter:data1\" content=\"admin\" \/>\n\t<meta name=\"twitter:label2\" content=\"Tempo estimado de leitura\" \/>\n\t<meta name=\"twitter:data2\" content=\"5 minutos\" \/>\n<script type=\"application\/ld+json\" class=\"yoast-schema-graph\">{\"@context\":\"https:\/\/schema.org\",\"@graph\":[{\"@type\":\"Article\",\"@id\":\"https:\/\/estadocomarte.pt\/site\/2026\/03\/06\/mulheres-anabela-pedro-seabra-e-a-vencedora-da-6-a-edicao-do-premio-talenta\/#article\",\"isPartOf\":{\"@id\":\"https:\/\/estadocomarte.pt\/site\/2026\/03\/06\/mulheres-anabela-pedro-seabra-e-a-vencedora-da-6-a-edicao-do-premio-talenta\/\"},\"author\":{\"name\":\"admin\",\"@id\":\"https:\/\/estadocomarte.pt\/site\/#\/schema\/person\/c0943a071216c1e5b21f85304151e4ba\"},\"headline\":\"Mulheres. Anabela Pedro Seabra \u00e9 a vencedora da 6.\u00aa edi\u00e7\u00e3o do Pr\u00e9mio Talenta\",\"datePublished\":\"2026-03-06T11:34:32+00:00\",\"dateModified\":\"2026-03-07T08:50:12+00:00\",\"mainEntityOfPage\":{\"@id\":\"https:\/\/estadocomarte.pt\/site\/2026\/03\/06\/mulheres-anabela-pedro-seabra-e-a-vencedora-da-6-a-edicao-do-premio-talenta\/\"},\"wordCount\":871,\"commentCount\":0,\"publisher\":{\"@id\":\"https:\/\/estadocomarte.pt\/site\/#organization\"},\"image\":{\"@id\":\"https:\/\/estadocomarte.pt\/site\/2026\/03\/06\/mulheres-anabela-pedro-seabra-e-a-vencedora-da-6-a-edicao-do-premio-talenta\/#primaryimage\"},\"thumbnailUrl\":\"https:\/\/estadocomarte.pt\/site\/wp-content\/uploads\/2026\/03\/20260301_155354.jpg\",\"keywords\":[\"pr\u00e9mio mulheres agricultoras\"],\"articleSection\":[\"Economia\"],\"inLanguage\":\"pt-PT\",\"potentialAction\":[{\"@type\":\"CommentAction\",\"name\":\"Comment\",\"target\":[\"https:\/\/estadocomarte.pt\/site\/2026\/03\/06\/mulheres-anabela-pedro-seabra-e-a-vencedora-da-6-a-edicao-do-premio-talenta\/#respond\"]}]},{\"@type\":\"WebPage\",\"@id\":\"https:\/\/estadocomarte.pt\/site\/2026\/03\/06\/mulheres-anabela-pedro-seabra-e-a-vencedora-da-6-a-edicao-do-premio-talenta\/\",\"url\":\"https:\/\/estadocomarte.pt\/site\/2026\/03\/06\/mulheres-anabela-pedro-seabra-e-a-vencedora-da-6-a-edicao-do-premio-talenta\/\",\"name\":\"Mulheres. Anabela Pedro Seabra \u00e9 a vencedora da 6.\u00aa edi\u00e7\u00e3o do Pr\u00e9mio Talenta - Estado com Arte\",\"isPartOf\":{\"@id\":\"https:\/\/estadocomarte.pt\/site\/#website\"},\"primaryImageOfPage\":{\"@id\":\"https:\/\/estadocomarte.pt\/site\/2026\/03\/06\/mulheres-anabela-pedro-seabra-e-a-vencedora-da-6-a-edicao-do-premio-talenta\/#primaryimage\"},\"image\":{\"@id\":\"https:\/\/estadocomarte.pt\/site\/2026\/03\/06\/mulheres-anabela-pedro-seabra-e-a-vencedora-da-6-a-edicao-do-premio-talenta\/#primaryimage\"},\"thumbnailUrl\":\"https:\/\/estadocomarte.pt\/site\/wp-content\/uploads\/2026\/03\/20260301_155354.jpg\",\"datePublished\":\"2026-03-06T11:34:32+00:00\",\"dateModified\":\"2026-03-07T08:50:12+00:00\",\"breadcrumb\":{\"@id\":\"https:\/\/estadocomarte.pt\/site\/2026\/03\/06\/mulheres-anabela-pedro-seabra-e-a-vencedora-da-6-a-edicao-do-premio-talenta\/#breadcrumb\"},\"inLanguage\":\"pt-PT\",\"potentialAction\":[{\"@type\":\"ReadAction\",\"target\":[\"https:\/\/estadocomarte.pt\/site\/2026\/03\/06\/mulheres-anabela-pedro-seabra-e-a-vencedora-da-6-a-edicao-do-premio-talenta\/\"]}]},{\"@type\":\"ImageObject\",\"inLanguage\":\"pt-PT\",\"@id\":\"https:\/\/estadocomarte.pt\/site\/2026\/03\/06\/mulheres-anabela-pedro-seabra-e-a-vencedora-da-6-a-edicao-do-premio-talenta\/#primaryimage\",\"url\":\"https:\/\/estadocomarte.pt\/site\/wp-content\/uploads\/2026\/03\/20260301_155354.jpg\",\"contentUrl\":\"https:\/\/estadocomarte.pt\/site\/wp-content\/uploads\/2026\/03\/20260301_155354.jpg\",\"width\":1081,\"height\":1080},{\"@type\":\"BreadcrumbList\",\"@id\":\"https:\/\/estadocomarte.pt\/site\/2026\/03\/06\/mulheres-anabela-pedro-seabra-e-a-vencedora-da-6-a-edicao-do-premio-talenta\/#breadcrumb\",\"itemListElement\":[{\"@type\":\"ListItem\",\"position\":1,\"name\":\"In\u00edcio\",\"item\":\"https:\/\/estadocomarte.pt\/site\/\"},{\"@type\":\"ListItem\",\"position\":2,\"name\":\"Mulheres. Anabela Pedro Seabra \u00e9 a vencedora da 6.\u00aa edi\u00e7\u00e3o do Pr\u00e9mio Talenta\"}]},{\"@type\":\"WebSite\",\"@id\":\"https:\/\/estadocomarte.pt\/site\/#website\",\"url\":\"https:\/\/estadocomarte.pt\/site\/\",\"name\":\"Estado com Arte Magazine\",\"description\":\"Magazine\",\"publisher\":{\"@id\":\"https:\/\/estadocomarte.pt\/site\/#organization\"},\"alternateName\":\"Magazine semanal sobre pol\u00edtica e cultura, com autores, opini\u00e3o e cr\u00edticas.\",\"potentialAction\":[{\"@type\":\"SearchAction\",\"target\":{\"@type\":\"EntryPoint\",\"urlTemplate\":\"https:\/\/estadocomarte.pt\/site\/?s={search_term_string}\"},\"query-input\":{\"@type\":\"PropertyValueSpecification\",\"valueRequired\":true,\"valueName\":\"search_term_string\"}}],\"inLanguage\":\"pt-PT\"},{\"@type\":\"Organization\",\"@id\":\"https:\/\/estadocomarte.pt\/site\/#organization\",\"name\":\"Estado com Arte Magazine\",\"alternateName\":\"Magazine semanal sobre pol\u00edtica e cultura, com autores, opini\u00e3o e cr\u00edticas.\",\"url\":\"https:\/\/estadocomarte.pt\/site\/\",\"logo\":{\"@type\":\"ImageObject\",\"inLanguage\":\"pt-PT\",\"@id\":\"https:\/\/estadocomarte.pt\/site\/#\/schema\/logo\/image\/\",\"url\":\"https:\/\/estadocomarte.pt\/site\/wp-content\/uploads\/2023\/06\/cropped-cropped-Prancheta-2@2x-100.jpg\",\"contentUrl\":\"https:\/\/estadocomarte.pt\/site\/wp-content\/uploads\/2023\/06\/cropped-cropped-Prancheta-2@2x-100.jpg\",\"width\":1777,\"height\":592,\"caption\":\"Estado com Arte Magazine\"},\"image\":{\"@id\":\"https:\/\/estadocomarte.pt\/site\/#\/schema\/logo\/image\/\"},\"sameAs\":[\"https:\/\/www.instagram.com\/estadocomartemagazine\"]},{\"@type\":\"Person\",\"@id\":\"https:\/\/estadocomarte.pt\/site\/#\/schema\/person\/c0943a071216c1e5b21f85304151e4ba\",\"name\":\"admin\",\"image\":{\"@type\":\"ImageObject\",\"inLanguage\":\"pt-PT\",\"@id\":\"https:\/\/estadocomarte.pt\/site\/#\/schema\/person\/image\/\",\"url\":\"https:\/\/secure.gravatar.com\/avatar\/e6f378fd6914c8505d3e1d40f51fa953b21bab0f3a5658a33bc84cb5bda780f9?s=96&d=mm&r=g\",\"contentUrl\":\"https:\/\/secure.gravatar.com\/avatar\/e6f378fd6914c8505d3e1d40f51fa953b21bab0f3a5658a33bc84cb5bda780f9?s=96&d=mm&r=g\",\"caption\":\"admin\"},\"sameAs\":[\"https:\/\/estadocomarte.pt\/site\"],\"url\":\"https:\/\/estadocomarte.pt\/site\/author\/admin\/\"}]}<\/script>\n<!-- \/ Yoast SEO plugin. -->","yoast_head_json":{"title":"Mulheres. Anabela Pedro Seabra \u00e9 a vencedora da 6.\u00aa edi\u00e7\u00e3o do Pr\u00e9mio Talenta - Estado com Arte","robots":{"index":"index","follow":"follow","max-snippet":"max-snippet:-1","max-image-preview":"max-image-preview:large","max-video-preview":"max-video-preview:-1"},"canonical":"https:\/\/estadocomarte.pt\/site\/2026\/03\/06\/mulheres-anabela-pedro-seabra-e-a-vencedora-da-6-a-edicao-do-premio-talenta\/","og_locale":"pt_PT","og_type":"article","og_title":"Mulheres. Anabela Pedro Seabra \u00e9 a vencedora da 6.\u00aa edi\u00e7\u00e3o do Pr\u00e9mio Talenta - Estado com Arte","og_description":"Estado com Arte Magazine","og_url":"https:\/\/estadocomarte.pt\/site\/2026\/03\/06\/mulheres-anabela-pedro-seabra-e-a-vencedora-da-6-a-edicao-do-premio-talenta\/","og_site_name":"Estado com Arte","article_published_time":"2026-03-06T11:34:32+00:00","article_modified_time":"2026-03-07T08:50:12+00:00","og_image":[{"width":1081,"height":1080,"url":"https:\/\/estadocomarte.pt\/site\/wp-content\/uploads\/2026\/03\/20260301_155354.jpg","type":"image\/jpeg"}],"author":"admin","twitter_card":"summary_large_image","twitter_misc":{"Escrito por":"admin","Tempo estimado de leitura":"5 minutos"},"schema":{"@context":"https:\/\/schema.org","@graph":[{"@type":"Article","@id":"https:\/\/estadocomarte.pt\/site\/2026\/03\/06\/mulheres-anabela-pedro-seabra-e-a-vencedora-da-6-a-edicao-do-premio-talenta\/#article","isPartOf":{"@id":"https:\/\/estadocomarte.pt\/site\/2026\/03\/06\/mulheres-anabela-pedro-seabra-e-a-vencedora-da-6-a-edicao-do-premio-talenta\/"},"author":{"name":"admin","@id":"https:\/\/estadocomarte.pt\/site\/#\/schema\/person\/c0943a071216c1e5b21f85304151e4ba"},"headline":"Mulheres. Anabela Pedro Seabra \u00e9 a vencedora da 6.\u00aa edi\u00e7\u00e3o do Pr\u00e9mio Talenta","datePublished":"2026-03-06T11:34:32+00:00","dateModified":"2026-03-07T08:50:12+00:00","mainEntityOfPage":{"@id":"https:\/\/estadocomarte.pt\/site\/2026\/03\/06\/mulheres-anabela-pedro-seabra-e-a-vencedora-da-6-a-edicao-do-premio-talenta\/"},"wordCount":871,"commentCount":0,"publisher":{"@id":"https:\/\/estadocomarte.pt\/site\/#organization"},"image":{"@id":"https:\/\/estadocomarte.pt\/site\/2026\/03\/06\/mulheres-anabela-pedro-seabra-e-a-vencedora-da-6-a-edicao-do-premio-talenta\/#primaryimage"},"thumbnailUrl":"https:\/\/estadocomarte.pt\/site\/wp-content\/uploads\/2026\/03\/20260301_155354.jpg","keywords":["pr\u00e9mio mulheres agricultoras"],"articleSection":["Economia"],"inLanguage":"pt-PT","potentialAction":[{"@type":"CommentAction","name":"Comment","target":["https:\/\/estadocomarte.pt\/site\/2026\/03\/06\/mulheres-anabela-pedro-seabra-e-a-vencedora-da-6-a-edicao-do-premio-talenta\/#respond"]}]},{"@type":"WebPage","@id":"https:\/\/estadocomarte.pt\/site\/2026\/03\/06\/mulheres-anabela-pedro-seabra-e-a-vencedora-da-6-a-edicao-do-premio-talenta\/","url":"https:\/\/estadocomarte.pt\/site\/2026\/03\/06\/mulheres-anabela-pedro-seabra-e-a-vencedora-da-6-a-edicao-do-premio-talenta\/","name":"Mulheres. Anabela Pedro Seabra \u00e9 a vencedora da 6.\u00aa edi\u00e7\u00e3o do Pr\u00e9mio Talenta - Estado com Arte","isPartOf":{"@id":"https:\/\/estadocomarte.pt\/site\/#website"},"primaryImageOfPage":{"@id":"https:\/\/estadocomarte.pt\/site\/2026\/03\/06\/mulheres-anabela-pedro-seabra-e-a-vencedora-da-6-a-edicao-do-premio-talenta\/#primaryimage"},"image":{"@id":"https:\/\/estadocomarte.pt\/site\/2026\/03\/06\/mulheres-anabela-pedro-seabra-e-a-vencedora-da-6-a-edicao-do-premio-talenta\/#primaryimage"},"thumbnailUrl":"https:\/\/estadocomarte.pt\/site\/wp-content\/uploads\/2026\/03\/20260301_155354.jpg","datePublished":"2026-03-06T11:34:32+00:00","dateModified":"2026-03-07T08:50:12+00:00","breadcrumb":{"@id":"https:\/\/estadocomarte.pt\/site\/2026\/03\/06\/mulheres-anabela-pedro-seabra-e-a-vencedora-da-6-a-edicao-do-premio-talenta\/#breadcrumb"},"inLanguage":"pt-PT","potentialAction":[{"@type":"ReadAction","target":["https:\/\/estadocomarte.pt\/site\/2026\/03\/06\/mulheres-anabela-pedro-seabra-e-a-vencedora-da-6-a-edicao-do-premio-talenta\/"]}]},{"@type":"ImageObject","inLanguage":"pt-PT","@id":"https:\/\/estadocomarte.pt\/site\/2026\/03\/06\/mulheres-anabela-pedro-seabra-e-a-vencedora-da-6-a-edicao-do-premio-talenta\/#primaryimage","url":"https:\/\/estadocomarte.pt\/site\/wp-content\/uploads\/2026\/03\/20260301_155354.jpg","contentUrl":"https:\/\/estadocomarte.pt\/site\/wp-content\/uploads\/2026\/03\/20260301_155354.jpg","width":1081,"height":1080},{"@type":"BreadcrumbList","@id":"https:\/\/estadocomarte.pt\/site\/2026\/03\/06\/mulheres-anabela-pedro-seabra-e-a-vencedora-da-6-a-edicao-do-premio-talenta\/#breadcrumb","itemListElement":[{"@type":"ListItem","position":1,"name":"In\u00edcio","item":"https:\/\/estadocomarte.pt\/site\/"},{"@type":"ListItem","position":2,"name":"Mulheres. Anabela Pedro Seabra \u00e9 a vencedora da 6.\u00aa edi\u00e7\u00e3o do Pr\u00e9mio Talenta"}]},{"@type":"WebSite","@id":"https:\/\/estadocomarte.pt\/site\/#website","url":"https:\/\/estadocomarte.pt\/site\/","name":"Estado com Arte Magazine","description":"Magazine","publisher":{"@id":"https:\/\/estadocomarte.pt\/site\/#organization"},"alternateName":"Magazine semanal sobre pol\u00edtica e cultura, com autores, opini\u00e3o e cr\u00edticas.","potentialAction":[{"@type":"SearchAction","target":{"@type":"EntryPoint","urlTemplate":"https:\/\/estadocomarte.pt\/site\/?s={search_term_string}"},"query-input":{"@type":"PropertyValueSpecification","valueRequired":true,"valueName":"search_term_string"}}],"inLanguage":"pt-PT"},{"@type":"Organization","@id":"https:\/\/estadocomarte.pt\/site\/#organization","name":"Estado com Arte Magazine","alternateName":"Magazine semanal sobre pol\u00edtica e cultura, com autores, opini\u00e3o e cr\u00edticas.","url":"https:\/\/estadocomarte.pt\/site\/","logo":{"@type":"ImageObject","inLanguage":"pt-PT","@id":"https:\/\/estadocomarte.pt\/site\/#\/schema\/logo\/image\/","url":"https:\/\/estadocomarte.pt\/site\/wp-content\/uploads\/2023\/06\/cropped-cropped-Prancheta-2@2x-100.jpg","contentUrl":"https:\/\/estadocomarte.pt\/site\/wp-content\/uploads\/2023\/06\/cropped-cropped-Prancheta-2@2x-100.jpg","width":1777,"height":592,"caption":"Estado com Arte Magazine"},"image":{"@id":"https:\/\/estadocomarte.pt\/site\/#\/schema\/logo\/image\/"},"sameAs":["https:\/\/www.instagram.com\/estadocomartemagazine"]},{"@type":"Person","@id":"https:\/\/estadocomarte.pt\/site\/#\/schema\/person\/c0943a071216c1e5b21f85304151e4ba","name":"admin","image":{"@type":"ImageObject","inLanguage":"pt-PT","@id":"https:\/\/estadocomarte.pt\/site\/#\/schema\/person\/image\/","url":"https:\/\/secure.gravatar.com\/avatar\/e6f378fd6914c8505d3e1d40f51fa953b21bab0f3a5658a33bc84cb5bda780f9?s=96&d=mm&r=g","contentUrl":"https:\/\/secure.gravatar.com\/avatar\/e6f378fd6914c8505d3e1d40f51fa953b21bab0f3a5658a33bc84cb5bda780f9?s=96&d=mm&r=g","caption":"admin"},"sameAs":["https:\/\/estadocomarte.pt\/site"],"url":"https:\/\/estadocomarte.pt\/site\/author\/admin\/"}]}},"_links":{"self":[{"href":"https:\/\/estadocomarte.pt\/site\/wp-json\/wp\/v2\/posts\/12231","targetHints":{"allow":["GET"]}}],"collection":[{"href":"https:\/\/estadocomarte.pt\/site\/wp-json\/wp\/v2\/posts"}],"about":[{"href":"https:\/\/estadocomarte.pt\/site\/wp-json\/wp\/v2\/types\/post"}],"author":[{"embeddable":true,"href":"https:\/\/estadocomarte.pt\/site\/wp-json\/wp\/v2\/users\/1"}],"replies":[{"embeddable":true,"href":"https:\/\/estadocomarte.pt\/site\/wp-json\/wp\/v2\/comments?post=12231"}],"version-history":[{"count":9,"href":"https:\/\/estadocomarte.pt\/site\/wp-json\/wp\/v2\/posts\/12231\/revisions"}],"predecessor-version":[{"id":12247,"href":"https:\/\/estadocomarte.pt\/site\/wp-json\/wp\/v2\/posts\/12231\/revisions\/12247"}],"wp:featuredmedia":[{"embeddable":true,"href":"https:\/\/estadocomarte.pt\/site\/wp-json\/wp\/v2\/media\/12234"}],"wp:attachment":[{"href":"https:\/\/estadocomarte.pt\/site\/wp-json\/wp\/v2\/media?parent=12231"}],"wp:term":[{"taxonomy":"category","embeddable":true,"href":"https:\/\/estadocomarte.pt\/site\/wp-json\/wp\/v2\/categories?post=12231"},{"taxonomy":"post_tag","embeddable":true,"href":"https:\/\/estadocomarte.pt\/site\/wp-json\/wp\/v2\/tags?post=12231"}],"curies":[{"name":"wp","href":"https:\/\/api.w.org\/{rel}","templated":true}]}}