{"id":12259,"date":"2026-03-07T23:01:33","date_gmt":"2026-03-07T23:01:33","guid":{"rendered":"https:\/\/estadocomarte.pt\/site\/?p=12259"},"modified":"2026-03-07T23:04:39","modified_gmt":"2026-03-07T23:04:39","slug":"mulheres-na-politica-da-excecao-a-lideranca","status":"publish","type":"post","link":"https:\/\/estadocomarte.pt\/site\/2026\/03\/07\/mulheres-na-politica-da-excecao-a-lideranca\/","title":{"rendered":"Mulheres na pol\u00edtica: da exce\u00e7\u00e3o \u00e0 lideran\u00e7a"},"content":{"rendered":"<p><strong>Federar mulheres pode ser uma estrat\u00e9gia silenciosa, mas extremamente eficaz. Porque quando as mulheres se conhecem, se reconhecem e se apoiam, deixam de estar isoladas e passam a fazer parte de uma rede que lhes d\u00e1 for\u00e7a, seguran\u00e7a e voz<\/strong>.<\/p>\n<p>O Dia Internacional da Mulher \u00e9, muitas vezes, marcado por discursos repetidos, estat\u00edsticas e declara\u00e7\u00f5es de inten\u00e7\u00e3o. Mas talvez este seja tamb\u00e9m um momento para olhar para uma realidade que durante muito tempo passou quase despercebida: o crescente protagonismo das mulheres em espa\u00e7os pol\u00edticos que durante d\u00e9cadas foram vistos como predominantemente masculinos.<\/p>\n<p>Durante muito tempo, a narrativa dominante sugeriu que a participa\u00e7\u00e3o feminina na pol\u00edtica estava sobretudo associada a determinados campos ideol\u00f3gicos. Contudo, a realidade tem vindo a demonstrar que as mulheres est\u00e3o hoje presentes em todas as correntes do pensamento pol\u00edtico \u2014 e que tamb\u00e9m na direita h\u00e1 cada vez mais mulheres preparadas, determinadas e dispostas a assumir responsabilidades p\u00fablicas.<\/p>\n<p>Em Portugal, tal como noutros pa\u00edses europeus, muitas dessas mulheres t\u00eam feito o seu caminho de forma discreta. Longe do ru\u00eddo medi\u00e1tico, t\u00eam surgido redes de colabora\u00e7\u00e3o, projetos de forma\u00e7\u00e3o e espa\u00e7os de encontro que permitem criar confian\u00e7a, partilhar experi\u00eancias e incentivar novas lideran\u00e7as femininas.<\/p>\n<p>Esse trabalho raramente aparece nas manchetes. Mas tem produzido efeitos reais.<br \/>\nAo longo dos \u00faltimos anos, v\u00e1rias iniciativas de forma\u00e7\u00e3o pol\u00edtica e de mobiliza\u00e7\u00e3o c\u00edvica mostraram que quando as mulheres encontram espa\u00e7o para aprender, debater e apoiar-se mutuamente, muitas ganham a confian\u00e7a necess\u00e1ria para entrar na vida p\u00fablica, participar em projetos pol\u00edticos ou assumir fun\u00e7\u00f5es de lideran\u00e7a.<\/p>\n<p>A import\u00e2ncia desse caminho foi, ali\u00e1s, sublinhada pelo recentemente falecido Nuno Morais Sarmento, defensor militante da participa\u00e7\u00e3o feminina na vida pol\u00edtica. Numa confer\u00eancia dedicada a este tema, para a qual tive a feliz ideia de o convidar como orador de refer\u00eancia, recordando o percurso hist\u00f3rico do seu partido nesta mat\u00e9ria, afirmou:<br \/>\n\u201cO meu partido foi, durante d\u00e9cadas, o partido que liderou a luta pela participa\u00e7\u00e3o social e pol\u00edtica das mulheres e, principalmente, em fun\u00e7\u00f5es que n\u00e3o fossem as tais que se admitia poderem n\u00e3o ser exclusivamente masculinas. Mas \u00e9 igualmente verdade que a partir de determinada altura este partido perdeu esse \u00edmpeto. \u00c9 importante refletir sobre isto quanto mais n\u00e3o seja porque este caminho n\u00e3o foi trilhado ao acaso, foi-o porque se pensou, se trabalhou, se acreditou que era importante para a sociedade. Perdemos a mem\u00f3ria deste caminho. Entristece-me que o PSD tenha perdido essa marca de \u00e1gua. Uma marca de \u00e1gua que foi constru\u00edda ao longo de v\u00e1rias d\u00e9cadas com um trabalho persistente de v\u00e1rias mulheres e homens.\u201d<\/p>\n<p>Federar mulheres pode ser uma estrat\u00e9gia silenciosa, mas extremamente eficaz. Porque quando as mulheres se conhecem, se reconhecem e se apoiam, deixam de estar isoladas e passam a fazer parte de uma rede que lhes d\u00e1 for\u00e7a, seguran\u00e7a e voz.<\/p>\n<p>Num tempo em que tantas vezes se tenta dividir ou rotular as mulheres na pol\u00edtica, talvez seja importante recordar que o verdadeiro progresso acontece quando existem condi\u00e7\u00f5es para que todas possam participar \u2014 independentemente das suas convic\u00e7\u00f5es pol\u00edticas.<\/p>\n<p>No plano internacional, h\u00e1 tamb\u00e9m exemplos de lideran\u00e7a feminina que demonstram que as mulheres podem afirmar-se em qualquer espa\u00e7o pol\u00edtico. Um desses exemplos \u00e9 o de Giorgia Meloni, atual primeira-ministra de It\u00e1lia.<br \/>\nA sua chegada ao poder marcou um momento hist\u00f3rico: pela primeira vez uma mulher lidera o governo italiano. Mais do que um s\u00edmbolo, a sua trajet\u00f3ria demonstra que a lideran\u00e7a feminina pode afirmar-se com convic\u00e7\u00e3o, identidade pol\u00edtica e capacidade de mobiliza\u00e7\u00e3o.<\/p>\n<p>A pr\u00f3pria Meloni tem sublinhado a import\u00e2ncia de as mulheres assumirem plenamente o seu papel na sociedade, afirmando que \u201ccada mulher deve ser livre de construir o seu pr\u00f3prio caminho e de demonstrar o seu valor atrav\u00e9s das suas escolhas e do seu trabalho.\u201d A sua presen\u00e7a no topo da pol\u00edtica europeia mostra que as mulheres podem liderar mantendo a sua identidade, as suas convic\u00e7\u00f5es e a sua vis\u00e3o sobre o futuro das sociedades.<\/p>\n<p>No Dia Internacional da Mulher, talvez seja tempo de reconhecer uma realidade simples: as mulheres n\u00e3o pertencem a um \u00fanico espa\u00e7o pol\u00edtico, nem precisam de autoriza\u00e7\u00e3o para participar na vida p\u00fablica.<\/p>\n<p>Quando as mulheres se organizam, criam redes e assumem lideran\u00e7a, deixam de ser exce\u00e7\u00e3o \u2014 tornam-se parte da mudan\u00e7a.<br \/>\nPorque quando as mulheres se apoiam e caminham juntas, deixam de pedir espa\u00e7o \u2014 e passam simplesmente a ocup\u00e1-lo.<\/p>\n","protected":false},"excerpt":{"rendered":"<p>Lina Lopes,<br \/>\nex-Deputada da Na\u00e7\u00e3o<\/p>\n","protected":false},"author":1,"featured_media":1545,"comment_status":"open","ping_status":"open","sticky":false,"template":"","format":"standard","meta":{"site-sidebar-layout":"default","site-content-layout":"default","ast-global-header-display":"","ast-banner-title-visibility":"","ast-main-header-display":"","ast-hfb-above-header-display":"","ast-hfb-below-header-display":"","ast-hfb-mobile-header-display":"","site-post-title":"","ast-breadcrumbs-content":"","ast-featured-img":"","footer-sml-layout":"","theme-transparent-header-meta":"default","adv-header-id-meta":"","stick-header-meta":"","header-above-stick-meta":"","header-main-stick-meta":"","header-below-stick-meta":"","footnotes":""},"categories":[64,11],"tags":[2417,2418,573],"class_list":["post-12259","post","type-post","status-publish","format-standard","has-post-thumbnail","hentry","category-isto-para-nos","category-opiniao","tag-dia-da-mulher","tag-ex-deputada-da-nacao","tag-lina-lopes"],"yoast_head":"<!-- This site is optimized with the Yoast SEO plugin v25.1 - https:\/\/yoast.com\/wordpress\/plugins\/seo\/ -->\n<title>Mulheres na pol\u00edtica: da exce\u00e7\u00e3o \u00e0 lideran\u00e7a - Estado com Arte<\/title>\n<meta name=\"robots\" content=\"index, follow, max-snippet:-1, max-image-preview:large, max-video-preview:-1\" \/>\n<link rel=\"canonical\" href=\"https:\/\/estadocomarte.pt\/site\/2026\/03\/07\/mulheres-na-politica-da-excecao-a-lideranca\/\" \/>\n<meta property=\"og:locale\" content=\"pt_PT\" \/>\n<meta property=\"og:type\" content=\"article\" \/>\n<meta property=\"og:title\" content=\"Mulheres na pol\u00edtica: da exce\u00e7\u00e3o \u00e0 lideran\u00e7a - Estado com Arte\" \/>\n<meta property=\"og:description\" content=\"Lina Lopes, ex-Deputada da Na\u00e7\u00e3o\" \/>\n<meta property=\"og:url\" content=\"https:\/\/estadocomarte.pt\/site\/2026\/03\/07\/mulheres-na-politica-da-excecao-a-lideranca\/\" \/>\n<meta property=\"og:site_name\" content=\"Estado com Arte\" \/>\n<meta property=\"article:published_time\" content=\"2026-03-07T23:01:33+00:00\" \/>\n<meta property=\"article:modified_time\" content=\"2026-03-07T23:04:39+00:00\" \/>\n<meta property=\"og:image\" content=\"https:\/\/estadocomarte.pt\/site\/wp-content\/uploads\/2023\/07\/lina-lopes.jpg\" \/>\n\t<meta property=\"og:image:width\" content=\"593\" \/>\n\t<meta property=\"og:image:height\" content=\"678\" \/>\n\t<meta property=\"og:image:type\" content=\"image\/jpeg\" \/>\n<meta name=\"author\" content=\"admin\" \/>\n<meta name=\"twitter:card\" content=\"summary_large_image\" \/>\n<meta name=\"twitter:label1\" content=\"Escrito por\" \/>\n\t<meta name=\"twitter:data1\" content=\"admin\" \/>\n\t<meta name=\"twitter:label2\" content=\"Tempo estimado de leitura\" \/>\n\t<meta name=\"twitter:data2\" content=\"5 minutos\" \/>\n<script type=\"application\/ld+json\" class=\"yoast-schema-graph\">{\"@context\":\"https:\/\/schema.org\",\"@graph\":[{\"@type\":\"Article\",\"@id\":\"https:\/\/estadocomarte.pt\/site\/2026\/03\/07\/mulheres-na-politica-da-excecao-a-lideranca\/#article\",\"isPartOf\":{\"@id\":\"https:\/\/estadocomarte.pt\/site\/2026\/03\/07\/mulheres-na-politica-da-excecao-a-lideranca\/\"},\"author\":{\"name\":\"admin\",\"@id\":\"https:\/\/estadocomarte.pt\/site\/#\/schema\/person\/c0943a071216c1e5b21f85304151e4ba\"},\"headline\":\"Mulheres na pol\u00edtica: da exce\u00e7\u00e3o \u00e0 lideran\u00e7a\",\"datePublished\":\"2026-03-07T23:01:33+00:00\",\"dateModified\":\"2026-03-07T23:04:39+00:00\",\"mainEntityOfPage\":{\"@id\":\"https:\/\/estadocomarte.pt\/site\/2026\/03\/07\/mulheres-na-politica-da-excecao-a-lideranca\/\"},\"wordCount\":815,\"commentCount\":0,\"publisher\":{\"@id\":\"https:\/\/estadocomarte.pt\/site\/#organization\"},\"image\":{\"@id\":\"https:\/\/estadocomarte.pt\/site\/2026\/03\/07\/mulheres-na-politica-da-excecao-a-lideranca\/#primaryimage\"},\"thumbnailUrl\":\"https:\/\/estadocomarte.pt\/site\/wp-content\/uploads\/2023\/07\/lina-lopes.jpg\",\"keywords\":[\"dia da mulher\",\"ex-Deputada da Na\u00e7\u00e3o\",\"lina lopes\"],\"articleSection\":[\"Isto Para N\u00f3s\",\"Opini\u00e3o\"],\"inLanguage\":\"pt-PT\",\"potentialAction\":[{\"@type\":\"CommentAction\",\"name\":\"Comment\",\"target\":[\"https:\/\/estadocomarte.pt\/site\/2026\/03\/07\/mulheres-na-politica-da-excecao-a-lideranca\/#respond\"]}]},{\"@type\":\"WebPage\",\"@id\":\"https:\/\/estadocomarte.pt\/site\/2026\/03\/07\/mulheres-na-politica-da-excecao-a-lideranca\/\",\"url\":\"https:\/\/estadocomarte.pt\/site\/2026\/03\/07\/mulheres-na-politica-da-excecao-a-lideranca\/\",\"name\":\"Mulheres na pol\u00edtica: da exce\u00e7\u00e3o \u00e0 lideran\u00e7a - Estado com Arte\",\"isPartOf\":{\"@id\":\"https:\/\/estadocomarte.pt\/site\/#website\"},\"primaryImageOfPage\":{\"@id\":\"https:\/\/estadocomarte.pt\/site\/2026\/03\/07\/mulheres-na-politica-da-excecao-a-lideranca\/#primaryimage\"},\"image\":{\"@id\":\"https:\/\/estadocomarte.pt\/site\/2026\/03\/07\/mulheres-na-politica-da-excecao-a-lideranca\/#primaryimage\"},\"thumbnailUrl\":\"https:\/\/estadocomarte.pt\/site\/wp-content\/uploads\/2023\/07\/lina-lopes.jpg\",\"datePublished\":\"2026-03-07T23:01:33+00:00\",\"dateModified\":\"2026-03-07T23:04:39+00:00\",\"breadcrumb\":{\"@id\":\"https:\/\/estadocomarte.pt\/site\/2026\/03\/07\/mulheres-na-politica-da-excecao-a-lideranca\/#breadcrumb\"},\"inLanguage\":\"pt-PT\",\"potentialAction\":[{\"@type\":\"ReadAction\",\"target\":[\"https:\/\/estadocomarte.pt\/site\/2026\/03\/07\/mulheres-na-politica-da-excecao-a-lideranca\/\"]}]},{\"@type\":\"ImageObject\",\"inLanguage\":\"pt-PT\",\"@id\":\"https:\/\/estadocomarte.pt\/site\/2026\/03\/07\/mulheres-na-politica-da-excecao-a-lideranca\/#primaryimage\",\"url\":\"https:\/\/estadocomarte.pt\/site\/wp-content\/uploads\/2023\/07\/lina-lopes.jpg\",\"contentUrl\":\"https:\/\/estadocomarte.pt\/site\/wp-content\/uploads\/2023\/07\/lina-lopes.jpg\",\"width\":593,\"height\":678},{\"@type\":\"BreadcrumbList\",\"@id\":\"https:\/\/estadocomarte.pt\/site\/2026\/03\/07\/mulheres-na-politica-da-excecao-a-lideranca\/#breadcrumb\",\"itemListElement\":[{\"@type\":\"ListItem\",\"position\":1,\"name\":\"In\u00edcio\",\"item\":\"https:\/\/estadocomarte.pt\/site\/\"},{\"@type\":\"ListItem\",\"position\":2,\"name\":\"Mulheres na pol\u00edtica: da exce\u00e7\u00e3o \u00e0 lideran\u00e7a\"}]},{\"@type\":\"WebSite\",\"@id\":\"https:\/\/estadocomarte.pt\/site\/#website\",\"url\":\"https:\/\/estadocomarte.pt\/site\/\",\"name\":\"Estado com Arte Magazine\",\"description\":\"Magazine\",\"publisher\":{\"@id\":\"https:\/\/estadocomarte.pt\/site\/#organization\"},\"alternateName\":\"Magazine semanal sobre pol\u00edtica e cultura, com autores, opini\u00e3o e cr\u00edticas.\",\"potentialAction\":[{\"@type\":\"SearchAction\",\"target\":{\"@type\":\"EntryPoint\",\"urlTemplate\":\"https:\/\/estadocomarte.pt\/site\/?s={search_term_string}\"},\"query-input\":{\"@type\":\"PropertyValueSpecification\",\"valueRequired\":true,\"valueName\":\"search_term_string\"}}],\"inLanguage\":\"pt-PT\"},{\"@type\":\"Organization\",\"@id\":\"https:\/\/estadocomarte.pt\/site\/#organization\",\"name\":\"Estado com Arte Magazine\",\"alternateName\":\"Magazine semanal sobre pol\u00edtica e cultura, com autores, opini\u00e3o e cr\u00edticas.\",\"url\":\"https:\/\/estadocomarte.pt\/site\/\",\"logo\":{\"@type\":\"ImageObject\",\"inLanguage\":\"pt-PT\",\"@id\":\"https:\/\/estadocomarte.pt\/site\/#\/schema\/logo\/image\/\",\"url\":\"https:\/\/estadocomarte.pt\/site\/wp-content\/uploads\/2023\/06\/cropped-cropped-Prancheta-2@2x-100.jpg\",\"contentUrl\":\"https:\/\/estadocomarte.pt\/site\/wp-content\/uploads\/2023\/06\/cropped-cropped-Prancheta-2@2x-100.jpg\",\"width\":1777,\"height\":592,\"caption\":\"Estado com Arte Magazine\"},\"image\":{\"@id\":\"https:\/\/estadocomarte.pt\/site\/#\/schema\/logo\/image\/\"},\"sameAs\":[\"https:\/\/www.instagram.com\/estadocomartemagazine\"]},{\"@type\":\"Person\",\"@id\":\"https:\/\/estadocomarte.pt\/site\/#\/schema\/person\/c0943a071216c1e5b21f85304151e4ba\",\"name\":\"admin\",\"image\":{\"@type\":\"ImageObject\",\"inLanguage\":\"pt-PT\",\"@id\":\"https:\/\/estadocomarte.pt\/site\/#\/schema\/person\/image\/\",\"url\":\"https:\/\/secure.gravatar.com\/avatar\/e6f378fd6914c8505d3e1d40f51fa953b21bab0f3a5658a33bc84cb5bda780f9?s=96&d=mm&r=g\",\"contentUrl\":\"https:\/\/secure.gravatar.com\/avatar\/e6f378fd6914c8505d3e1d40f51fa953b21bab0f3a5658a33bc84cb5bda780f9?s=96&d=mm&r=g\",\"caption\":\"admin\"},\"sameAs\":[\"https:\/\/estadocomarte.pt\/site\"],\"url\":\"https:\/\/estadocomarte.pt\/site\/author\/admin\/\"}]}<\/script>\n<!-- \/ Yoast SEO plugin. -->","yoast_head_json":{"title":"Mulheres na pol\u00edtica: da exce\u00e7\u00e3o \u00e0 lideran\u00e7a - Estado com Arte","robots":{"index":"index","follow":"follow","max-snippet":"max-snippet:-1","max-image-preview":"max-image-preview:large","max-video-preview":"max-video-preview:-1"},"canonical":"https:\/\/estadocomarte.pt\/site\/2026\/03\/07\/mulheres-na-politica-da-excecao-a-lideranca\/","og_locale":"pt_PT","og_type":"article","og_title":"Mulheres na pol\u00edtica: da exce\u00e7\u00e3o \u00e0 lideran\u00e7a - Estado com Arte","og_description":"Lina Lopes, ex-Deputada da Na\u00e7\u00e3o","og_url":"https:\/\/estadocomarte.pt\/site\/2026\/03\/07\/mulheres-na-politica-da-excecao-a-lideranca\/","og_site_name":"Estado com Arte","article_published_time":"2026-03-07T23:01:33+00:00","article_modified_time":"2026-03-07T23:04:39+00:00","og_image":[{"width":593,"height":678,"url":"https:\/\/estadocomarte.pt\/site\/wp-content\/uploads\/2023\/07\/lina-lopes.jpg","type":"image\/jpeg"}],"author":"admin","twitter_card":"summary_large_image","twitter_misc":{"Escrito por":"admin","Tempo estimado de leitura":"5 minutos"},"schema":{"@context":"https:\/\/schema.org","@graph":[{"@type":"Article","@id":"https:\/\/estadocomarte.pt\/site\/2026\/03\/07\/mulheres-na-politica-da-excecao-a-lideranca\/#article","isPartOf":{"@id":"https:\/\/estadocomarte.pt\/site\/2026\/03\/07\/mulheres-na-politica-da-excecao-a-lideranca\/"},"author":{"name":"admin","@id":"https:\/\/estadocomarte.pt\/site\/#\/schema\/person\/c0943a071216c1e5b21f85304151e4ba"},"headline":"Mulheres na pol\u00edtica: da exce\u00e7\u00e3o \u00e0 lideran\u00e7a","datePublished":"2026-03-07T23:01:33+00:00","dateModified":"2026-03-07T23:04:39+00:00","mainEntityOfPage":{"@id":"https:\/\/estadocomarte.pt\/site\/2026\/03\/07\/mulheres-na-politica-da-excecao-a-lideranca\/"},"wordCount":815,"commentCount":0,"publisher":{"@id":"https:\/\/estadocomarte.pt\/site\/#organization"},"image":{"@id":"https:\/\/estadocomarte.pt\/site\/2026\/03\/07\/mulheres-na-politica-da-excecao-a-lideranca\/#primaryimage"},"thumbnailUrl":"https:\/\/estadocomarte.pt\/site\/wp-content\/uploads\/2023\/07\/lina-lopes.jpg","keywords":["dia da mulher","ex-Deputada da Na\u00e7\u00e3o","lina lopes"],"articleSection":["Isto Para N\u00f3s","Opini\u00e3o"],"inLanguage":"pt-PT","potentialAction":[{"@type":"CommentAction","name":"Comment","target":["https:\/\/estadocomarte.pt\/site\/2026\/03\/07\/mulheres-na-politica-da-excecao-a-lideranca\/#respond"]}]},{"@type":"WebPage","@id":"https:\/\/estadocomarte.pt\/site\/2026\/03\/07\/mulheres-na-politica-da-excecao-a-lideranca\/","url":"https:\/\/estadocomarte.pt\/site\/2026\/03\/07\/mulheres-na-politica-da-excecao-a-lideranca\/","name":"Mulheres na pol\u00edtica: da exce\u00e7\u00e3o \u00e0 lideran\u00e7a - Estado com Arte","isPartOf":{"@id":"https:\/\/estadocomarte.pt\/site\/#website"},"primaryImageOfPage":{"@id":"https:\/\/estadocomarte.pt\/site\/2026\/03\/07\/mulheres-na-politica-da-excecao-a-lideranca\/#primaryimage"},"image":{"@id":"https:\/\/estadocomarte.pt\/site\/2026\/03\/07\/mulheres-na-politica-da-excecao-a-lideranca\/#primaryimage"},"thumbnailUrl":"https:\/\/estadocomarte.pt\/site\/wp-content\/uploads\/2023\/07\/lina-lopes.jpg","datePublished":"2026-03-07T23:01:33+00:00","dateModified":"2026-03-07T23:04:39+00:00","breadcrumb":{"@id":"https:\/\/estadocomarte.pt\/site\/2026\/03\/07\/mulheres-na-politica-da-excecao-a-lideranca\/#breadcrumb"},"inLanguage":"pt-PT","potentialAction":[{"@type":"ReadAction","target":["https:\/\/estadocomarte.pt\/site\/2026\/03\/07\/mulheres-na-politica-da-excecao-a-lideranca\/"]}]},{"@type":"ImageObject","inLanguage":"pt-PT","@id":"https:\/\/estadocomarte.pt\/site\/2026\/03\/07\/mulheres-na-politica-da-excecao-a-lideranca\/#primaryimage","url":"https:\/\/estadocomarte.pt\/site\/wp-content\/uploads\/2023\/07\/lina-lopes.jpg","contentUrl":"https:\/\/estadocomarte.pt\/site\/wp-content\/uploads\/2023\/07\/lina-lopes.jpg","width":593,"height":678},{"@type":"BreadcrumbList","@id":"https:\/\/estadocomarte.pt\/site\/2026\/03\/07\/mulheres-na-politica-da-excecao-a-lideranca\/#breadcrumb","itemListElement":[{"@type":"ListItem","position":1,"name":"In\u00edcio","item":"https:\/\/estadocomarte.pt\/site\/"},{"@type":"ListItem","position":2,"name":"Mulheres na pol\u00edtica: da exce\u00e7\u00e3o \u00e0 lideran\u00e7a"}]},{"@type":"WebSite","@id":"https:\/\/estadocomarte.pt\/site\/#website","url":"https:\/\/estadocomarte.pt\/site\/","name":"Estado com Arte Magazine","description":"Magazine","publisher":{"@id":"https:\/\/estadocomarte.pt\/site\/#organization"},"alternateName":"Magazine semanal sobre pol\u00edtica e cultura, com autores, opini\u00e3o e cr\u00edticas.","potentialAction":[{"@type":"SearchAction","target":{"@type":"EntryPoint","urlTemplate":"https:\/\/estadocomarte.pt\/site\/?s={search_term_string}"},"query-input":{"@type":"PropertyValueSpecification","valueRequired":true,"valueName":"search_term_string"}}],"inLanguage":"pt-PT"},{"@type":"Organization","@id":"https:\/\/estadocomarte.pt\/site\/#organization","name":"Estado com Arte Magazine","alternateName":"Magazine semanal sobre pol\u00edtica e cultura, com autores, opini\u00e3o e cr\u00edticas.","url":"https:\/\/estadocomarte.pt\/site\/","logo":{"@type":"ImageObject","inLanguage":"pt-PT","@id":"https:\/\/estadocomarte.pt\/site\/#\/schema\/logo\/image\/","url":"https:\/\/estadocomarte.pt\/site\/wp-content\/uploads\/2023\/06\/cropped-cropped-Prancheta-2@2x-100.jpg","contentUrl":"https:\/\/estadocomarte.pt\/site\/wp-content\/uploads\/2023\/06\/cropped-cropped-Prancheta-2@2x-100.jpg","width":1777,"height":592,"caption":"Estado com Arte Magazine"},"image":{"@id":"https:\/\/estadocomarte.pt\/site\/#\/schema\/logo\/image\/"},"sameAs":["https:\/\/www.instagram.com\/estadocomartemagazine"]},{"@type":"Person","@id":"https:\/\/estadocomarte.pt\/site\/#\/schema\/person\/c0943a071216c1e5b21f85304151e4ba","name":"admin","image":{"@type":"ImageObject","inLanguage":"pt-PT","@id":"https:\/\/estadocomarte.pt\/site\/#\/schema\/person\/image\/","url":"https:\/\/secure.gravatar.com\/avatar\/e6f378fd6914c8505d3e1d40f51fa953b21bab0f3a5658a33bc84cb5bda780f9?s=96&d=mm&r=g","contentUrl":"https:\/\/secure.gravatar.com\/avatar\/e6f378fd6914c8505d3e1d40f51fa953b21bab0f3a5658a33bc84cb5bda780f9?s=96&d=mm&r=g","caption":"admin"},"sameAs":["https:\/\/estadocomarte.pt\/site"],"url":"https:\/\/estadocomarte.pt\/site\/author\/admin\/"}]}},"_links":{"self":[{"href":"https:\/\/estadocomarte.pt\/site\/wp-json\/wp\/v2\/posts\/12259","targetHints":{"allow":["GET"]}}],"collection":[{"href":"https:\/\/estadocomarte.pt\/site\/wp-json\/wp\/v2\/posts"}],"about":[{"href":"https:\/\/estadocomarte.pt\/site\/wp-json\/wp\/v2\/types\/post"}],"author":[{"embeddable":true,"href":"https:\/\/estadocomarte.pt\/site\/wp-json\/wp\/v2\/users\/1"}],"replies":[{"embeddable":true,"href":"https:\/\/estadocomarte.pt\/site\/wp-json\/wp\/v2\/comments?post=12259"}],"version-history":[{"count":2,"href":"https:\/\/estadocomarte.pt\/site\/wp-json\/wp\/v2\/posts\/12259\/revisions"}],"predecessor-version":[{"id":12261,"href":"https:\/\/estadocomarte.pt\/site\/wp-json\/wp\/v2\/posts\/12259\/revisions\/12261"}],"wp:featuredmedia":[{"embeddable":true,"href":"https:\/\/estadocomarte.pt\/site\/wp-json\/wp\/v2\/media\/1545"}],"wp:attachment":[{"href":"https:\/\/estadocomarte.pt\/site\/wp-json\/wp\/v2\/media?parent=12259"}],"wp:term":[{"taxonomy":"category","embeddable":true,"href":"https:\/\/estadocomarte.pt\/site\/wp-json\/wp\/v2\/categories?post=12259"},{"taxonomy":"post_tag","embeddable":true,"href":"https:\/\/estadocomarte.pt\/site\/wp-json\/wp\/v2\/tags?post=12259"}],"curies":[{"name":"wp","href":"https:\/\/api.w.org\/{rel}","templated":true}]}}