{"id":12262,"date":"2026-03-08T14:23:33","date_gmt":"2026-03-08T14:23:33","guid":{"rendered":"https:\/\/estadocomarte.pt\/site\/?p=12262"},"modified":"2026-03-08T23:23:17","modified_gmt":"2026-03-08T23:23:17","slug":"editorial-mulher-revela-a-tua-essencia","status":"publish","type":"post","link":"https:\/\/estadocomarte.pt\/site\/2026\/03\/08\/editorial-mulher-revela-a-tua-essencia\/","title":{"rendered":"Editorial. Mulher revela a tua ess\u00eancia"},"content":{"rendered":"<p><strong>As oportunidades, cargos, rela\u00e7\u00f5es, dificuldades e desafios na vida n\u00e3o nos limitam, nem nos definem. Antes s\u00e3o provas que nos testam a resili\u00eancia perante os imensos desafios, para nos descobrirmos por dentro e compreendermos melhor as dificuldades de outras mulheres, que vivem no sil\u00eancio dramas que nem imaginamos. Mulheres que n\u00e3o tiveram as mesmas oportunidades,\u00a0 que n\u00e3o fizeram as nossas escolhas, nem vem o mundo como n\u00f3s o vemos.<\/strong><\/p>\n<p>Neste m\u00eas de mar\u00e7o celebramos a 8 de mar\u00e7o, o Dia Internacional da Mulher, uma data hist\u00f3rica para nos recordar o valor de todas as mulheres, em todas as profiss\u00f5es, circunst\u00e2ncias e vicissitudes da vida.<\/p>\n<p>Numa \u00e9poca em que as raparigas j\u00e1 s\u00e3o a maioria nas universidades em Portugal, o que por si demonstra a evolu\u00e7\u00e3o desde 1974, h\u00e1, no entanto, um retrocesso na igualdade salarial desde 2022.<\/p>\n<p>Com a pandemia a sociedade mudou, com a necessidade de cuidar dos filhos e dos mais fr\u00e1geis, a mulher \u00e9 a primeira na linha da fam\u00edlia a sustentar as tarefas dom\u00e9sticas. Mas tamb\u00e9m aqui as novas gera\u00e7\u00f5es est\u00e3o a mudar, a lei laboral j\u00e1 permite que o homem possa dividir o apoio em casa aos filhos menores de doze anos.<\/p>\n<p>V\u00e1rios estudos atestam\u00a0 que \u00e0 medida que a mulher entra no mercado de trabalho a ascens\u00e3o na carreira vai encontrando barreiras, quando\u00a0 decide casar e ter filhos. Esta situa\u00e7\u00e3o \u00e9 apenas a &#8220;ponta do iceberg&#8221;, tal como escuto em muitas confer\u00eancias. \u00c9 nesta altura que a mulher tem um longo caminho para se superar e lutar pelas suas conquistas familiares e no mundo laboral.<\/p>\n<p>As oportunidades, cargos, rela\u00e7\u00f5es, dificuldades e desafios n\u00e3o nos limitam, nem nos definem. Antes s\u00e3o provas que nos testam a resili\u00eancia perante os imensos desafios, com o objectivo de nos descobrirmos por dentro e compreendermos melhor as dificuldades de outras mulheres, muitas delas vivem no sil\u00eancio dramas que nem imaginamos. Mulheres que n\u00e3o tiveram as mesmas oportunidades,\u00a0 que n\u00e3o fizeram as nossas escolhas, nem v\u00eam o mundo como n\u00f3s o vemos.<\/p>\n<p>Apenas pelo simples facto de sermos mulheres temos uma dignidade \u00edmpar e igual ao homem. Nem mais, nem menos. N\u00e3o somos melhores, nem piores do que os homens, somos diferentes, mas iguais na dignidade humana.<\/p>\n<p>Diferentes nas particularidades femininas, mas que complementam a maneira de ser diferente dos homens.<\/p>\n<p>Que esta riqueza da singularidade da mulher num mundo ainda dominado pela mentalidade masculina n\u00e3o se perca nas vicissitudes da vida e do trabalho; nas contrariedades do olhar dos outros nas escolhas por vezes erradas, nas conquistas e fracassos&#8230;aparentes.<\/p>\n<p>Mulher respira fundo e recome\u00e7a hoje, agora, amanh\u00e3. S\u00ea inteira, e que nada te pare na caminhada para a plenitude de seres mulher.<\/p>\n<p>Escrevo a pensar nas mulheres, mas se algum homem se identificar: acredita em ti, luta para seres melhor, ainda vais a tempo para entender o significado da dignidade da vida humana.<\/p>\n<p>Esperamos que o novo Presidente da Rep\u00fablica, Ant\u00f3nio Jos\u00e9 Seguro, seja sens\u00edvel a este tema das mulheres, como demonstrou na campanha eleitoral para o apoio \u00e0s v\u00edtimas de viol\u00eancia dom\u00e9stica. S\u00e3o necess\u00e1rias medidas preventivas na Educa\u00e7\u00e3o para acabar com\u00a0 o fosso\u00a0 criminal, educando a cidadania para rela\u00e7\u00f5es saud\u00e1veis, como forma de evitar a perpetua\u00e7\u00e3o do ciclo de viol\u00eancia.<\/p>\n","protected":false},"excerpt":{"rendered":"<p>Marta Roque,<br \/>\nCoordenadora Editorial<br \/>\nEstado com Arte Magazine<\/p>\n","protected":false},"author":1,"featured_media":2367,"comment_status":"open","ping_status":"open","sticky":false,"template":"","format":"standard","meta":{"site-sidebar-layout":"default","site-content-layout":"default","ast-global-header-display":"","ast-banner-title-visibility":"","ast-main-header-display":"","ast-hfb-above-header-display":"","ast-hfb-below-header-display":"","ast-hfb-mobile-header-display":"","site-post-title":"","ast-breadcrumbs-content":"","ast-featured-img":"","footer-sml-layout":"","theme-transparent-header-meta":"default","adv-header-id-meta":"","stick-header-meta":"","header-above-stick-meta":"","header-main-stick-meta":"","header-below-stick-meta":"","footnotes":""},"categories":[54,64],"tags":[2419,1021],"class_list":["post-12262","post","type-post","status-publish","format-standard","has-post-thumbnail","hentry","category-bolha-mediatica","category-isto-para-nos","tag-dia-8-de-marco","tag-marta-roque"],"yoast_head":"<!-- This site is optimized with the Yoast SEO plugin v25.1 - https:\/\/yoast.com\/wordpress\/plugins\/seo\/ -->\n<title>Editorial. Mulher revela a tua ess\u00eancia - Estado com Arte<\/title>\n<meta name=\"robots\" content=\"index, follow, max-snippet:-1, max-image-preview:large, max-video-preview:-1\" \/>\n<link rel=\"canonical\" href=\"https:\/\/estadocomarte.pt\/site\/2026\/03\/08\/editorial-mulher-revela-a-tua-essencia\/\" \/>\n<meta property=\"og:locale\" content=\"pt_PT\" \/>\n<meta property=\"og:type\" content=\"article\" \/>\n<meta property=\"og:title\" content=\"Editorial. Mulher revela a tua ess\u00eancia - Estado com Arte\" \/>\n<meta property=\"og:description\" content=\"Marta Roque, Coordenadora Editorial Estado com Arte Magazine\" \/>\n<meta property=\"og:url\" content=\"https:\/\/estadocomarte.pt\/site\/2026\/03\/08\/editorial-mulher-revela-a-tua-essencia\/\" \/>\n<meta property=\"og:site_name\" content=\"Estado com Arte\" \/>\n<meta property=\"article:published_time\" content=\"2026-03-08T14:23:33+00:00\" \/>\n<meta property=\"article:modified_time\" content=\"2026-03-08T23:23:17+00:00\" \/>\n<meta property=\"og:image\" content=\"https:\/\/estadocomarte.pt\/site\/wp-content\/uploads\/2023\/09\/martaric2.jpg\" \/>\n\t<meta property=\"og:image:width\" content=\"1078\" \/>\n\t<meta property=\"og:image:height\" content=\"1600\" \/>\n\t<meta property=\"og:image:type\" content=\"image\/jpeg\" \/>\n<meta name=\"author\" content=\"admin\" \/>\n<meta name=\"twitter:card\" content=\"summary_large_image\" \/>\n<meta name=\"twitter:label1\" content=\"Escrito por\" \/>\n\t<meta name=\"twitter:data1\" content=\"admin\" \/>\n\t<meta name=\"twitter:label2\" content=\"Tempo estimado de leitura\" \/>\n\t<meta name=\"twitter:data2\" content=\"4 minutos\" \/>\n<script type=\"application\/ld+json\" class=\"yoast-schema-graph\">{\"@context\":\"https:\/\/schema.org\",\"@graph\":[{\"@type\":\"Article\",\"@id\":\"https:\/\/estadocomarte.pt\/site\/2026\/03\/08\/editorial-mulher-revela-a-tua-essencia\/#article\",\"isPartOf\":{\"@id\":\"https:\/\/estadocomarte.pt\/site\/2026\/03\/08\/editorial-mulher-revela-a-tua-essencia\/\"},\"author\":{\"name\":\"admin\",\"@id\":\"https:\/\/estadocomarte.pt\/site\/#\/schema\/person\/c0943a071216c1e5b21f85304151e4ba\"},\"headline\":\"Editorial. Mulher revela a tua ess\u00eancia\",\"datePublished\":\"2026-03-08T14:23:33+00:00\",\"dateModified\":\"2026-03-08T23:23:17+00:00\",\"mainEntityOfPage\":{\"@id\":\"https:\/\/estadocomarte.pt\/site\/2026\/03\/08\/editorial-mulher-revela-a-tua-essencia\/\"},\"wordCount\":584,\"commentCount\":0,\"publisher\":{\"@id\":\"https:\/\/estadocomarte.pt\/site\/#organization\"},\"image\":{\"@id\":\"https:\/\/estadocomarte.pt\/site\/2026\/03\/08\/editorial-mulher-revela-a-tua-essencia\/#primaryimage\"},\"thumbnailUrl\":\"https:\/\/estadocomarte.pt\/site\/wp-content\/uploads\/2023\/09\/martaric2.jpg\",\"keywords\":[\"dia 8 de mar\u00e7o\",\"Marta Roque\"],\"articleSection\":[\"Bolha Medi\u00e1tica\",\"Isto Para N\u00f3s\"],\"inLanguage\":\"pt-PT\",\"potentialAction\":[{\"@type\":\"CommentAction\",\"name\":\"Comment\",\"target\":[\"https:\/\/estadocomarte.pt\/site\/2026\/03\/08\/editorial-mulher-revela-a-tua-essencia\/#respond\"]}]},{\"@type\":\"WebPage\",\"@id\":\"https:\/\/estadocomarte.pt\/site\/2026\/03\/08\/editorial-mulher-revela-a-tua-essencia\/\",\"url\":\"https:\/\/estadocomarte.pt\/site\/2026\/03\/08\/editorial-mulher-revela-a-tua-essencia\/\",\"name\":\"Editorial. Mulher revela a tua ess\u00eancia - Estado com Arte\",\"isPartOf\":{\"@id\":\"https:\/\/estadocomarte.pt\/site\/#website\"},\"primaryImageOfPage\":{\"@id\":\"https:\/\/estadocomarte.pt\/site\/2026\/03\/08\/editorial-mulher-revela-a-tua-essencia\/#primaryimage\"},\"image\":{\"@id\":\"https:\/\/estadocomarte.pt\/site\/2026\/03\/08\/editorial-mulher-revela-a-tua-essencia\/#primaryimage\"},\"thumbnailUrl\":\"https:\/\/estadocomarte.pt\/site\/wp-content\/uploads\/2023\/09\/martaric2.jpg\",\"datePublished\":\"2026-03-08T14:23:33+00:00\",\"dateModified\":\"2026-03-08T23:23:17+00:00\",\"breadcrumb\":{\"@id\":\"https:\/\/estadocomarte.pt\/site\/2026\/03\/08\/editorial-mulher-revela-a-tua-essencia\/#breadcrumb\"},\"inLanguage\":\"pt-PT\",\"potentialAction\":[{\"@type\":\"ReadAction\",\"target\":[\"https:\/\/estadocomarte.pt\/site\/2026\/03\/08\/editorial-mulher-revela-a-tua-essencia\/\"]}]},{\"@type\":\"ImageObject\",\"inLanguage\":\"pt-PT\",\"@id\":\"https:\/\/estadocomarte.pt\/site\/2026\/03\/08\/editorial-mulher-revela-a-tua-essencia\/#primaryimage\",\"url\":\"https:\/\/estadocomarte.pt\/site\/wp-content\/uploads\/2023\/09\/martaric2.jpg\",\"contentUrl\":\"https:\/\/estadocomarte.pt\/site\/wp-content\/uploads\/2023\/09\/martaric2.jpg\",\"width\":1078,\"height\":1600},{\"@type\":\"BreadcrumbList\",\"@id\":\"https:\/\/estadocomarte.pt\/site\/2026\/03\/08\/editorial-mulher-revela-a-tua-essencia\/#breadcrumb\",\"itemListElement\":[{\"@type\":\"ListItem\",\"position\":1,\"name\":\"In\u00edcio\",\"item\":\"https:\/\/estadocomarte.pt\/site\/\"},{\"@type\":\"ListItem\",\"position\":2,\"name\":\"Editorial. Mulher revela a tua ess\u00eancia\"}]},{\"@type\":\"WebSite\",\"@id\":\"https:\/\/estadocomarte.pt\/site\/#website\",\"url\":\"https:\/\/estadocomarte.pt\/site\/\",\"name\":\"Estado com Arte Magazine\",\"description\":\"Magazine\",\"publisher\":{\"@id\":\"https:\/\/estadocomarte.pt\/site\/#organization\"},\"alternateName\":\"Magazine semanal sobre pol\u00edtica e cultura, com autores, opini\u00e3o e cr\u00edticas.\",\"potentialAction\":[{\"@type\":\"SearchAction\",\"target\":{\"@type\":\"EntryPoint\",\"urlTemplate\":\"https:\/\/estadocomarte.pt\/site\/?s={search_term_string}\"},\"query-input\":{\"@type\":\"PropertyValueSpecification\",\"valueRequired\":true,\"valueName\":\"search_term_string\"}}],\"inLanguage\":\"pt-PT\"},{\"@type\":\"Organization\",\"@id\":\"https:\/\/estadocomarte.pt\/site\/#organization\",\"name\":\"Estado com Arte Magazine\",\"alternateName\":\"Magazine semanal sobre pol\u00edtica e cultura, com autores, opini\u00e3o e cr\u00edticas.\",\"url\":\"https:\/\/estadocomarte.pt\/site\/\",\"logo\":{\"@type\":\"ImageObject\",\"inLanguage\":\"pt-PT\",\"@id\":\"https:\/\/estadocomarte.pt\/site\/#\/schema\/logo\/image\/\",\"url\":\"https:\/\/estadocomarte.pt\/site\/wp-content\/uploads\/2023\/06\/cropped-cropped-Prancheta-2@2x-100.jpg\",\"contentUrl\":\"https:\/\/estadocomarte.pt\/site\/wp-content\/uploads\/2023\/06\/cropped-cropped-Prancheta-2@2x-100.jpg\",\"width\":1777,\"height\":592,\"caption\":\"Estado com Arte Magazine\"},\"image\":{\"@id\":\"https:\/\/estadocomarte.pt\/site\/#\/schema\/logo\/image\/\"},\"sameAs\":[\"https:\/\/www.instagram.com\/estadocomartemagazine\"]},{\"@type\":\"Person\",\"@id\":\"https:\/\/estadocomarte.pt\/site\/#\/schema\/person\/c0943a071216c1e5b21f85304151e4ba\",\"name\":\"admin\",\"image\":{\"@type\":\"ImageObject\",\"inLanguage\":\"pt-PT\",\"@id\":\"https:\/\/estadocomarte.pt\/site\/#\/schema\/person\/image\/\",\"url\":\"https:\/\/secure.gravatar.com\/avatar\/e6f378fd6914c8505d3e1d40f51fa953b21bab0f3a5658a33bc84cb5bda780f9?s=96&d=mm&r=g\",\"contentUrl\":\"https:\/\/secure.gravatar.com\/avatar\/e6f378fd6914c8505d3e1d40f51fa953b21bab0f3a5658a33bc84cb5bda780f9?s=96&d=mm&r=g\",\"caption\":\"admin\"},\"sameAs\":[\"https:\/\/estadocomarte.pt\/site\"],\"url\":\"https:\/\/estadocomarte.pt\/site\/author\/admin\/\"}]}<\/script>\n<!-- \/ Yoast SEO plugin. -->","yoast_head_json":{"title":"Editorial. Mulher revela a tua ess\u00eancia - Estado com Arte","robots":{"index":"index","follow":"follow","max-snippet":"max-snippet:-1","max-image-preview":"max-image-preview:large","max-video-preview":"max-video-preview:-1"},"canonical":"https:\/\/estadocomarte.pt\/site\/2026\/03\/08\/editorial-mulher-revela-a-tua-essencia\/","og_locale":"pt_PT","og_type":"article","og_title":"Editorial. Mulher revela a tua ess\u00eancia - Estado com Arte","og_description":"Marta Roque, Coordenadora Editorial Estado com Arte Magazine","og_url":"https:\/\/estadocomarte.pt\/site\/2026\/03\/08\/editorial-mulher-revela-a-tua-essencia\/","og_site_name":"Estado com Arte","article_published_time":"2026-03-08T14:23:33+00:00","article_modified_time":"2026-03-08T23:23:17+00:00","og_image":[{"width":1078,"height":1600,"url":"https:\/\/estadocomarte.pt\/site\/wp-content\/uploads\/2023\/09\/martaric2.jpg","type":"image\/jpeg"}],"author":"admin","twitter_card":"summary_large_image","twitter_misc":{"Escrito por":"admin","Tempo estimado de leitura":"4 minutos"},"schema":{"@context":"https:\/\/schema.org","@graph":[{"@type":"Article","@id":"https:\/\/estadocomarte.pt\/site\/2026\/03\/08\/editorial-mulher-revela-a-tua-essencia\/#article","isPartOf":{"@id":"https:\/\/estadocomarte.pt\/site\/2026\/03\/08\/editorial-mulher-revela-a-tua-essencia\/"},"author":{"name":"admin","@id":"https:\/\/estadocomarte.pt\/site\/#\/schema\/person\/c0943a071216c1e5b21f85304151e4ba"},"headline":"Editorial. Mulher revela a tua ess\u00eancia","datePublished":"2026-03-08T14:23:33+00:00","dateModified":"2026-03-08T23:23:17+00:00","mainEntityOfPage":{"@id":"https:\/\/estadocomarte.pt\/site\/2026\/03\/08\/editorial-mulher-revela-a-tua-essencia\/"},"wordCount":584,"commentCount":0,"publisher":{"@id":"https:\/\/estadocomarte.pt\/site\/#organization"},"image":{"@id":"https:\/\/estadocomarte.pt\/site\/2026\/03\/08\/editorial-mulher-revela-a-tua-essencia\/#primaryimage"},"thumbnailUrl":"https:\/\/estadocomarte.pt\/site\/wp-content\/uploads\/2023\/09\/martaric2.jpg","keywords":["dia 8 de mar\u00e7o","Marta Roque"],"articleSection":["Bolha Medi\u00e1tica","Isto Para N\u00f3s"],"inLanguage":"pt-PT","potentialAction":[{"@type":"CommentAction","name":"Comment","target":["https:\/\/estadocomarte.pt\/site\/2026\/03\/08\/editorial-mulher-revela-a-tua-essencia\/#respond"]}]},{"@type":"WebPage","@id":"https:\/\/estadocomarte.pt\/site\/2026\/03\/08\/editorial-mulher-revela-a-tua-essencia\/","url":"https:\/\/estadocomarte.pt\/site\/2026\/03\/08\/editorial-mulher-revela-a-tua-essencia\/","name":"Editorial. Mulher revela a tua ess\u00eancia - Estado com Arte","isPartOf":{"@id":"https:\/\/estadocomarte.pt\/site\/#website"},"primaryImageOfPage":{"@id":"https:\/\/estadocomarte.pt\/site\/2026\/03\/08\/editorial-mulher-revela-a-tua-essencia\/#primaryimage"},"image":{"@id":"https:\/\/estadocomarte.pt\/site\/2026\/03\/08\/editorial-mulher-revela-a-tua-essencia\/#primaryimage"},"thumbnailUrl":"https:\/\/estadocomarte.pt\/site\/wp-content\/uploads\/2023\/09\/martaric2.jpg","datePublished":"2026-03-08T14:23:33+00:00","dateModified":"2026-03-08T23:23:17+00:00","breadcrumb":{"@id":"https:\/\/estadocomarte.pt\/site\/2026\/03\/08\/editorial-mulher-revela-a-tua-essencia\/#breadcrumb"},"inLanguage":"pt-PT","potentialAction":[{"@type":"ReadAction","target":["https:\/\/estadocomarte.pt\/site\/2026\/03\/08\/editorial-mulher-revela-a-tua-essencia\/"]}]},{"@type":"ImageObject","inLanguage":"pt-PT","@id":"https:\/\/estadocomarte.pt\/site\/2026\/03\/08\/editorial-mulher-revela-a-tua-essencia\/#primaryimage","url":"https:\/\/estadocomarte.pt\/site\/wp-content\/uploads\/2023\/09\/martaric2.jpg","contentUrl":"https:\/\/estadocomarte.pt\/site\/wp-content\/uploads\/2023\/09\/martaric2.jpg","width":1078,"height":1600},{"@type":"BreadcrumbList","@id":"https:\/\/estadocomarte.pt\/site\/2026\/03\/08\/editorial-mulher-revela-a-tua-essencia\/#breadcrumb","itemListElement":[{"@type":"ListItem","position":1,"name":"In\u00edcio","item":"https:\/\/estadocomarte.pt\/site\/"},{"@type":"ListItem","position":2,"name":"Editorial. Mulher revela a tua ess\u00eancia"}]},{"@type":"WebSite","@id":"https:\/\/estadocomarte.pt\/site\/#website","url":"https:\/\/estadocomarte.pt\/site\/","name":"Estado com Arte Magazine","description":"Magazine","publisher":{"@id":"https:\/\/estadocomarte.pt\/site\/#organization"},"alternateName":"Magazine semanal sobre pol\u00edtica e cultura, com autores, opini\u00e3o e cr\u00edticas.","potentialAction":[{"@type":"SearchAction","target":{"@type":"EntryPoint","urlTemplate":"https:\/\/estadocomarte.pt\/site\/?s={search_term_string}"},"query-input":{"@type":"PropertyValueSpecification","valueRequired":true,"valueName":"search_term_string"}}],"inLanguage":"pt-PT"},{"@type":"Organization","@id":"https:\/\/estadocomarte.pt\/site\/#organization","name":"Estado com Arte Magazine","alternateName":"Magazine semanal sobre pol\u00edtica e cultura, com autores, opini\u00e3o e cr\u00edticas.","url":"https:\/\/estadocomarte.pt\/site\/","logo":{"@type":"ImageObject","inLanguage":"pt-PT","@id":"https:\/\/estadocomarte.pt\/site\/#\/schema\/logo\/image\/","url":"https:\/\/estadocomarte.pt\/site\/wp-content\/uploads\/2023\/06\/cropped-cropped-Prancheta-2@2x-100.jpg","contentUrl":"https:\/\/estadocomarte.pt\/site\/wp-content\/uploads\/2023\/06\/cropped-cropped-Prancheta-2@2x-100.jpg","width":1777,"height":592,"caption":"Estado com Arte Magazine"},"image":{"@id":"https:\/\/estadocomarte.pt\/site\/#\/schema\/logo\/image\/"},"sameAs":["https:\/\/www.instagram.com\/estadocomartemagazine"]},{"@type":"Person","@id":"https:\/\/estadocomarte.pt\/site\/#\/schema\/person\/c0943a071216c1e5b21f85304151e4ba","name":"admin","image":{"@type":"ImageObject","inLanguage":"pt-PT","@id":"https:\/\/estadocomarte.pt\/site\/#\/schema\/person\/image\/","url":"https:\/\/secure.gravatar.com\/avatar\/e6f378fd6914c8505d3e1d40f51fa953b21bab0f3a5658a33bc84cb5bda780f9?s=96&d=mm&r=g","contentUrl":"https:\/\/secure.gravatar.com\/avatar\/e6f378fd6914c8505d3e1d40f51fa953b21bab0f3a5658a33bc84cb5bda780f9?s=96&d=mm&r=g","caption":"admin"},"sameAs":["https:\/\/estadocomarte.pt\/site"],"url":"https:\/\/estadocomarte.pt\/site\/author\/admin\/"}]}},"_links":{"self":[{"href":"https:\/\/estadocomarte.pt\/site\/wp-json\/wp\/v2\/posts\/12262","targetHints":{"allow":["GET"]}}],"collection":[{"href":"https:\/\/estadocomarte.pt\/site\/wp-json\/wp\/v2\/posts"}],"about":[{"href":"https:\/\/estadocomarte.pt\/site\/wp-json\/wp\/v2\/types\/post"}],"author":[{"embeddable":true,"href":"https:\/\/estadocomarte.pt\/site\/wp-json\/wp\/v2\/users\/1"}],"replies":[{"embeddable":true,"href":"https:\/\/estadocomarte.pt\/site\/wp-json\/wp\/v2\/comments?post=12262"}],"version-history":[{"count":5,"href":"https:\/\/estadocomarte.pt\/site\/wp-json\/wp\/v2\/posts\/12262\/revisions"}],"predecessor-version":[{"id":12269,"href":"https:\/\/estadocomarte.pt\/site\/wp-json\/wp\/v2\/posts\/12262\/revisions\/12269"}],"wp:featuredmedia":[{"embeddable":true,"href":"https:\/\/estadocomarte.pt\/site\/wp-json\/wp\/v2\/media\/2367"}],"wp:attachment":[{"href":"https:\/\/estadocomarte.pt\/site\/wp-json\/wp\/v2\/media?parent=12262"}],"wp:term":[{"taxonomy":"category","embeddable":true,"href":"https:\/\/estadocomarte.pt\/site\/wp-json\/wp\/v2\/categories?post=12262"},{"taxonomy":"post_tag","embeddable":true,"href":"https:\/\/estadocomarte.pt\/site\/wp-json\/wp\/v2\/tags?post=12262"}],"curies":[{"name":"wp","href":"https:\/\/api.w.org\/{rel}","templated":true}]}}