{"id":12265,"date":"2026-03-08T13:52:13","date_gmt":"2026-03-08T13:52:13","guid":{"rendered":"https:\/\/estadocomarte.pt\/site\/?p=12265"},"modified":"2026-03-08T13:52:13","modified_gmt":"2026-03-08T13:52:13","slug":"conto-a-retrosaria-dos-avos","status":"publish","type":"post","link":"https:\/\/estadocomarte.pt\/site\/2026\/03\/08\/conto-a-retrosaria-dos-avos\/","title":{"rendered":"Conto. A retrosaria dos av\u00f3s"},"content":{"rendered":"<p><strong>E ela admirava sobretudo a m\u00e3e e a av\u00f3. Eram mulheres de muita \u2018garra\u2019!<\/strong><br \/>\n<strong>Grandes mulheres, hero\u00ednas an\u00f3nimas, por certo como tantas outras, mas aquelas eram as que conhecia de perto: a sua av\u00f3 e a sua m\u00e3e!<\/strong><\/p>\n<p><strong>&#8211;<\/strong> \u201cNem pensar! Nesta loja n\u00e3o mudas nada enquanto formos vivos, depois, quando o av\u00f4 e eu morrermos, logo fazes tudo o que quiseres\u2026\u201d &#8211; disse-lhe a av\u00f3 num tom irritado.<br \/>\nSilencioso, o av\u00f4 levantou os olhos do livro de palavras cruzadas, olhou fixamente para Conchinha, mas nada disse\u2026<\/p>\n<p>Uma vez mais, havia um muro entre av\u00f3 e neta.<br \/>\nEra assim que terminavam todas as tentativas de Conchinha no sentido de convencer os av\u00f3s a modernizarem a sua velha loja de bot\u00f5es, carrinhos de linhas, fechos e pouco mais\u2026<br \/>\nA retrosaria j\u00e1 tinha tido melhores dias, mas agora estava \u00e0 beira da fal\u00eancia.<br \/>\nConchinha afastou-se, triste e pensativa. N\u00e3o tinha feitio para discuss\u00f5es, mas esta n\u00e3o era a \u00fanica batalha com os av\u00f3s, com quem viera viver dois anos antes.<\/p>\n<p>Lembrava-se bem daquele dia 8 de mar\u00e7o, Dia da Mulher! \u00c0 sa\u00edda do aeroporto, comprara um pequeno ramo de flores para felicitar a av\u00f3, mas logo \u00e0 chegada a casa, apesar das manifesta\u00e7\u00f5es de carinho e das saudades, a av\u00f3 n\u00e3o se contivera sem criticar de imediato, o aspeto da neta que n\u00e3o via h\u00e1 alguns anos. O av\u00f4 ria, mas a av\u00f3 logo lhe dissera, mirando-a de alto a baixo:<br \/>\n&#8211; \u201cConchinha, que te fizeram? Rapaste o teu lindo cabelo preto, e agora pintaste-o de azul? E esses \u2018coisos\u2019 pendurados no nariz e nas orelhas? Mais essas tatuagens nos bra\u00e7os\u2026 E as cal\u00e7as todas rotas??? Ai, minha querida neta\u2026 mas como \u00e9 poss\u00edvel? O que te fizeram? Que modas s\u00e3o essas? N\u00e3o sei como os teus pais deixam que andes assim!!!\u201d<\/p>\n<p>Conchinha n\u00e3o esperava aquela rece\u00e7\u00e3o\u2026fora o primeiro choque!<br \/>\nDeixara os pais no Luxemburgo e resolvera vir ajudar os av\u00f3s, enquanto se matriculava no curso de vitrinista numa escola de forma\u00e7\u00e3o profissional. N\u00e3o quisera tirar um curso universit\u00e1rio, ansiava pela sua independ\u00eancia, queria muito trabalhar e sabia que os av\u00f3s precisavam de ajuda na retrosaria, pois o av\u00f4 estava h\u00e1 v\u00e1rios anos numa cadeira de rodas e a av\u00f3, embora mais nova, dava j\u00e1 sinais de alguma dificuldade motora e muito cansa\u00e7o. A decis\u00e3o de vir para Portugal ajudar os av\u00f3s agradara a todos!<\/p>\n<p>E Conchinha estava contente, porque \u00e0 medida que o tempo ia passando, iam-se adaptando uns aos outros e aquelas trocas de ideias eram como que uma educa\u00e7\u00e3o rec\u00edproca. No fundo ela sabia que os av\u00f3s se sentiam felizes com a sua presen\u00e7a!<br \/>\nEnchera a casa de frescura com a sua juventude e disponibilidade, era uma cara alegre e sorridente, e muitas vezes tocava viola e cantava para g\u00e1udio dos av\u00f3s e dos vizinhos.<\/p>\n<p>Contudo, era dif\u00edcil ajudar a av\u00f3, que continuava uma lutadora autorit\u00e1ria como sempre fora\u2026s\u00f3 ela sabia como tratar da casa e da loja , e assim, diariamente, teimava em ser ela a abrir a porta bem cedo para atender as fi\u00e9is freguesas\u2026 estas por\u00e9m j\u00e1 escasseavam, n\u00e3o s\u00f3 pela idade, mas tamb\u00e9m porque a retrosaria n\u00e3o oferecia novidades, nem atra\u00eda pelo aspeto &#8211; era agora uma pequena loja escura e sem gra\u00e7a, com forte cheiro a mofo, paredes enegrecidas pelo tempo e janelas fechadas h\u00e1 uma eternidade.<\/p>\n<p>Muita gente passava \u00e0 porta, mas nem olhava para a montra.<br \/>\nPrestes a terminar o curso de vitrinista e com experi\u00eancia de pequenos \u2018part-times\u2019 em lojas de moda no Luxemburgo, Conchinha propusera aos av\u00f3s v\u00e1rias remodela\u00e7\u00f5es: era necess\u00e1rio fazer a substitui\u00e7\u00e3o da montra, da porta e colocar novas janelas, dar uma pintura geral em tons alegres, arranjar novas bancadas e prateleiras, e roupas modernas para expor na montra, que atra\u00edssem compradoras mais jovens\u2026e n\u00e3o era preciso gastar muito dinheiro! Ela sabia como fazer\u2026<\/p>\n<p>Os av\u00f3s, por\u00e9m, sempre resistiam, sobretudo a av\u00f3, invocando demasiadas despesas e dizendo que essas altera\u00e7\u00f5es \u2018estragariam\u2019 a sua querida e velha retrosaria, montada e mantida com tanto sacrif\u00edcio ao longo dos \u00faltimos quarenta anos\u2026 e nunca iria vender \u201cessas roupas horr\u00edveis de que tu gostas!\u201d<\/p>\n<p>Para aquele casal vindo da aldeia nos anos 70, para trabalhar na cidade &#8211; ele como mar\u00e7ano numa mercearia, e ela como empregada-a-dias &#8211; ambos a viverem num pequeno quarto alugado, com a filha \u00fanica pequenita, sob a prote\u00e7\u00e3o apenas de um padrinho da mesma terra, a abertura da modesta retrosaria, alguns anos depois, tinha sido uma arriscada aventura \u2026<\/p>\n<p>O trabalho fora imenso, e todos os tost\u00f5es tinham sido ganhos com horas extra na padaria do padrinho e com os engomados que a av\u00f3 fizera pela noite fora, durante meses e anos\u2026<br \/>\nConchinha bem sabia o que os av\u00f3s tinham passado, pois a m\u00e3e nunca lhe escondera a sua inf\u00e2ncia pobre e dif\u00edcil.<\/p>\n<p>E ela admirava sobretudo a m\u00e3e e a av\u00f3. Eram mulheres de muita \u2018garra\u2019!<br \/>\nGrandes mulheres, hero\u00ednas an\u00f3nimas, por certo como tantas outras, mas aquelas eram as que conhecia de perto: a sua av\u00f3 e a sua m\u00e3e!<\/p>\n<p>O av\u00f4, em determinada altura, fora trabalhar nas obras em Angola, para ganhar um pouco mais, mas logo apanhara umas febres, regressara muito doente e ficara incapacitado numa cadeira de rodas pouco tempo depois\u2026 por isso, quem sustentara e aguentara a fam\u00edlia, a casa e a loja, aproveitando todos esses trabalhos extra, sem descanso e sem f\u00e9rias, de dia e de noite, tinha sido a av\u00f3, e a m\u00e3e embora ainda pequena, sempre ajudara, ao regressar da escola, como pudera, em casa ou na loja.<\/p>\n<p>Por isso, quando Conchinha via a av\u00f3 zangada por causa da loja, calava- se e logo a seguir, pesarosa, ia abra\u00e7\u00e1-la e dizia-lhe apenas:<br \/>\n-\u201cAv\u00f3 querida, n\u00e3o te zangues\u2026 a retrosaria n\u00e3o h\u00e1 de morrer , e n\u00f3s duas pensamos de modo diferente, mas n\u00e3o tem mal\u2026 somos muito amigas ! V\u00e1 l\u00e1, acalma-te e vai l\u00e1 conversar com o teu amigo Jesus!\u201d<br \/>\nEste era mais outro motivo de choque. Os av\u00f3s eram muito religiosos, n\u00e3o falhavam \u00e0 Missa dominical e rezavam at\u00e9 na loja quando n\u00e3o havia fregueses, mas Conchinha n\u00e3o ligava\u2026 deixara de ir \u00e0 igreja ao terminar a catequese de inf\u00e2ncia l\u00e1 no Luxemburgo, para grande desgosto da av\u00f3, que sempre lhe mostrava uma velha imagem da Sagrada Fam\u00edlia, colocada na parede da retrosaria, em lugar bem vis\u00edvel, e lhe pedia que nunca a tirasse dali. Conchinha ria- se e prometia que ali ficaria para sempre, ali, \u201cou noutra parede\u201d, acrescentava com sorriso maroto\u2026mas comovia- se e admirava a f\u00e9 dos av\u00f3s. Talvez eles tivessem raz\u00e3o\u2026<\/p>\n<p>Uma manh\u00e3, por\u00e9m, a av\u00f3 n\u00e3o conseguiu sair da cama. Queixava-se de enjoos, de forte dor no peito e um bra\u00e7o dormente. O av\u00f4 assustado, chamou a neta e esta, percebendo a gravidade da situa\u00e7\u00e3o, de imediato desconfiou de um ataque de cora\u00e7\u00e3o e chamou uma ambul\u00e2ncia para a levar ao hospital.<\/p>\n<p>Foram dias de grande susto, mas a av\u00f3 foi bem tratada e ao fim de tr\u00eas dias p\u00f4de regressar a casa com medica\u00e7\u00e3o para o cora\u00e7\u00e3o e fortes recomenda\u00e7\u00f5es de repouso. Ficara visivelmente, mais fr\u00e1gil.<br \/>\nConchinha tornou- se ent\u00e3o a mulher da casa, e era incans\u00e1vel. Ora tratava da av\u00f3, ora do av\u00f4! E ainda conseguia manter a loja aberta, por umas horas, s\u00f3 para fazer a vontade \u00e0 av\u00f3.<\/p>\n<p>Corria-lhe no sangue a mesma for\u00e7a, determina\u00e7\u00e3o e coragem da av\u00f3 e da m\u00e3e, e os av\u00f3s iam dando conta da transforma\u00e7\u00e3o da neta. Era agora uma mulher feita, em quem confiavam para tudo! Que seria deles sem a Conchinha?<\/p>\n<p>Algumas semanas mais tarde, os av\u00f3s chamaram-na e disseram-lhe que estava na hora de ser ela a dona e senhora da retrosaria! Podia fazer o que quisesse, que eles ajudariam com as suas economias.<br \/>\nConchinha, incr\u00e9dula, abra\u00e7ou-os agradecida, dizendo com carinho:\u201d A retrosaria n\u00e3o h\u00e1 de morrer\u2026 v\u00e3o ver e v\u00e3o gostar! Acreditem em mim!\u201d<br \/>\nOs av\u00f3s acreditaram\u2026 e v\u00e1rios meses passados, numa data simb\u00f3lica &#8211; 8 de Mar\u00e7o, Dia da Mulher! &#8211; a retrosaria reabria ao p\u00fablico depois de v\u00e1rias obras de remodela\u00e7\u00e3o \u2026 muita coisa fora dada muitas outras tinham sido deitadas para o lixo, a pintura das paredes fora feita pela pr\u00f3pria Conchinha e por alguns amigos da escola; havia agora roupas \u00e0 venda em segunda m\u00e3o, mas todas em \u00f3ptimo estado e oferecidas por vizinhos e havia mesmo pequenas novidades para gente nova\u2026<\/p>\n<p>A imagem da Sagrada Fam\u00edlia, com uma nova moldura a condizer com a cor alegre das paredes, l\u00e1 estava no lugar destacado de sempre\u2026para alegria e tranquilidade dos av\u00f3s!<br \/>\nDentro da loja, av\u00f3s e neta acolhiam e ofereciam bombons a cada visitante!<br \/>\nAt\u00e9 os pais de Conchinha tinham vindo de prop\u00f3sito do Luxemburgo trazendo novidades para a inaugura\u00e7\u00e3o da loja!<br \/>\nEntreolhando-se, comovidos e orgulhosos, por verem aqueles tr\u00eas t\u00e3o contentes a darem boas-vindas aos passantes, os pais de Conchinha, comentavam entre si como tudo mudara: a filha estava t\u00e3o diferente da mi\u00fada alternativa que os tinha deixado, mas os av\u00f3s tamb\u00e9m tinham rejuvenescido apesar dos embates, dos sustos e da idade\u2026<br \/>\nNa verdade, aquela conviv\u00eancia inter-geracional tinha sido um bem! Ali estavam \u00e0 vista os frutos de uma educa\u00e7\u00e3o rec\u00edproca t\u00e3o ben\u00e9fica!!!<\/p>\n","protected":false},"excerpt":{"rendered":"<p>F\u00e1tima Fonseca,<br \/>\nProfessora de L\u00ednguas,<br \/>\nEspecialista em Orienta\u00e7\u00e3o Familiar<\/p>\n","protected":false},"author":1,"featured_media":2581,"comment_status":"open","ping_status":"open","sticky":false,"template":"","format":"standard","meta":{"site-sidebar-layout":"default","site-content-layout":"default","ast-global-header-display":"","ast-banner-title-visibility":"","ast-main-header-display":"","ast-hfb-above-header-display":"","ast-hfb-below-header-display":"","ast-hfb-mobile-header-display":"","site-post-title":"","ast-breadcrumbs-content":"","ast-featured-img":"","footer-sml-layout":"","theme-transparent-header-meta":"default","adv-header-id-meta":"","stick-header-meta":"","header-above-stick-meta":"","header-main-stick-meta":"","header-below-stick-meta":"","footnotes":""},"categories":[123,64],"tags":[2419,2417],"class_list":["post-12265","post","type-post","status-publish","format-standard","has-post-thumbnail","hentry","category-a-queima-roupa","category-isto-para-nos","tag-dia-8-de-marco","tag-dia-da-mulher"],"yoast_head":"<!-- This site is optimized with the Yoast SEO plugin v25.1 - https:\/\/yoast.com\/wordpress\/plugins\/seo\/ -->\n<title>Conto. A retrosaria dos av\u00f3s - Estado com Arte<\/title>\n<meta name=\"robots\" content=\"index, follow, max-snippet:-1, max-image-preview:large, max-video-preview:-1\" \/>\n<link rel=\"canonical\" href=\"https:\/\/estadocomarte.pt\/site\/2026\/03\/08\/conto-a-retrosaria-dos-avos\/\" \/>\n<meta property=\"og:locale\" content=\"pt_PT\" \/>\n<meta property=\"og:type\" content=\"article\" \/>\n<meta property=\"og:title\" content=\"Conto. A retrosaria dos av\u00f3s - Estado com Arte\" \/>\n<meta property=\"og:description\" content=\"F\u00e1tima Fonseca, Professora de L\u00ednguas, Especialista em Orienta\u00e7\u00e3o Familiar\" \/>\n<meta property=\"og:url\" content=\"https:\/\/estadocomarte.pt\/site\/2026\/03\/08\/conto-a-retrosaria-dos-avos\/\" \/>\n<meta property=\"og:site_name\" content=\"Estado com Arte\" \/>\n<meta property=\"article:published_time\" content=\"2026-03-08T13:52:13+00:00\" \/>\n<meta property=\"og:image\" content=\"https:\/\/estadocomarte.pt\/site\/wp-content\/uploads\/2023\/09\/Fatima-Fonseca.jpg\" \/>\n\t<meta property=\"og:image:width\" content=\"319\" \/>\n\t<meta property=\"og:image:height\" content=\"432\" \/>\n\t<meta property=\"og:image:type\" content=\"image\/jpeg\" \/>\n<meta name=\"author\" content=\"admin\" \/>\n<meta name=\"twitter:card\" content=\"summary_large_image\" \/>\n<meta name=\"twitter:label1\" content=\"Escrito por\" \/>\n\t<meta name=\"twitter:data1\" content=\"admin\" \/>\n\t<meta name=\"twitter:label2\" content=\"Tempo estimado de leitura\" \/>\n\t<meta name=\"twitter:data2\" content=\"9 minutos\" \/>\n<script type=\"application\/ld+json\" class=\"yoast-schema-graph\">{\"@context\":\"https:\/\/schema.org\",\"@graph\":[{\"@type\":\"Article\",\"@id\":\"https:\/\/estadocomarte.pt\/site\/2026\/03\/08\/conto-a-retrosaria-dos-avos\/#article\",\"isPartOf\":{\"@id\":\"https:\/\/estadocomarte.pt\/site\/2026\/03\/08\/conto-a-retrosaria-dos-avos\/\"},\"author\":{\"name\":\"admin\",\"@id\":\"https:\/\/estadocomarte.pt\/site\/#\/schema\/person\/c0943a071216c1e5b21f85304151e4ba\"},\"headline\":\"Conto. A retrosaria dos av\u00f3s\",\"datePublished\":\"2026-03-08T13:52:13+00:00\",\"mainEntityOfPage\":{\"@id\":\"https:\/\/estadocomarte.pt\/site\/2026\/03\/08\/conto-a-retrosaria-dos-avos\/\"},\"wordCount\":1652,\"commentCount\":0,\"publisher\":{\"@id\":\"https:\/\/estadocomarte.pt\/site\/#organization\"},\"image\":{\"@id\":\"https:\/\/estadocomarte.pt\/site\/2026\/03\/08\/conto-a-retrosaria-dos-avos\/#primaryimage\"},\"thumbnailUrl\":\"https:\/\/estadocomarte.pt\/site\/wp-content\/uploads\/2023\/09\/Fatima-Fonseca.jpg\",\"keywords\":[\"dia 8 de mar\u00e7o\",\"dia da mulher\"],\"articleSection\":[\"\u00c0 Queima Roupa\",\"Isto Para N\u00f3s\"],\"inLanguage\":\"pt-PT\",\"potentialAction\":[{\"@type\":\"CommentAction\",\"name\":\"Comment\",\"target\":[\"https:\/\/estadocomarte.pt\/site\/2026\/03\/08\/conto-a-retrosaria-dos-avos\/#respond\"]}]},{\"@type\":\"WebPage\",\"@id\":\"https:\/\/estadocomarte.pt\/site\/2026\/03\/08\/conto-a-retrosaria-dos-avos\/\",\"url\":\"https:\/\/estadocomarte.pt\/site\/2026\/03\/08\/conto-a-retrosaria-dos-avos\/\",\"name\":\"Conto. A retrosaria dos av\u00f3s - Estado com Arte\",\"isPartOf\":{\"@id\":\"https:\/\/estadocomarte.pt\/site\/#website\"},\"primaryImageOfPage\":{\"@id\":\"https:\/\/estadocomarte.pt\/site\/2026\/03\/08\/conto-a-retrosaria-dos-avos\/#primaryimage\"},\"image\":{\"@id\":\"https:\/\/estadocomarte.pt\/site\/2026\/03\/08\/conto-a-retrosaria-dos-avos\/#primaryimage\"},\"thumbnailUrl\":\"https:\/\/estadocomarte.pt\/site\/wp-content\/uploads\/2023\/09\/Fatima-Fonseca.jpg\",\"datePublished\":\"2026-03-08T13:52:13+00:00\",\"breadcrumb\":{\"@id\":\"https:\/\/estadocomarte.pt\/site\/2026\/03\/08\/conto-a-retrosaria-dos-avos\/#breadcrumb\"},\"inLanguage\":\"pt-PT\",\"potentialAction\":[{\"@type\":\"ReadAction\",\"target\":[\"https:\/\/estadocomarte.pt\/site\/2026\/03\/08\/conto-a-retrosaria-dos-avos\/\"]}]},{\"@type\":\"ImageObject\",\"inLanguage\":\"pt-PT\",\"@id\":\"https:\/\/estadocomarte.pt\/site\/2026\/03\/08\/conto-a-retrosaria-dos-avos\/#primaryimage\",\"url\":\"https:\/\/estadocomarte.pt\/site\/wp-content\/uploads\/2023\/09\/Fatima-Fonseca.jpg\",\"contentUrl\":\"https:\/\/estadocomarte.pt\/site\/wp-content\/uploads\/2023\/09\/Fatima-Fonseca.jpg\",\"width\":319,\"height\":432},{\"@type\":\"BreadcrumbList\",\"@id\":\"https:\/\/estadocomarte.pt\/site\/2026\/03\/08\/conto-a-retrosaria-dos-avos\/#breadcrumb\",\"itemListElement\":[{\"@type\":\"ListItem\",\"position\":1,\"name\":\"In\u00edcio\",\"item\":\"https:\/\/estadocomarte.pt\/site\/\"},{\"@type\":\"ListItem\",\"position\":2,\"name\":\"Conto. A retrosaria dos av\u00f3s\"}]},{\"@type\":\"WebSite\",\"@id\":\"https:\/\/estadocomarte.pt\/site\/#website\",\"url\":\"https:\/\/estadocomarte.pt\/site\/\",\"name\":\"Estado com Arte Magazine\",\"description\":\"Magazine\",\"publisher\":{\"@id\":\"https:\/\/estadocomarte.pt\/site\/#organization\"},\"alternateName\":\"Magazine semanal sobre pol\u00edtica e cultura, com autores, opini\u00e3o e cr\u00edticas.\",\"potentialAction\":[{\"@type\":\"SearchAction\",\"target\":{\"@type\":\"EntryPoint\",\"urlTemplate\":\"https:\/\/estadocomarte.pt\/site\/?s={search_term_string}\"},\"query-input\":{\"@type\":\"PropertyValueSpecification\",\"valueRequired\":true,\"valueName\":\"search_term_string\"}}],\"inLanguage\":\"pt-PT\"},{\"@type\":\"Organization\",\"@id\":\"https:\/\/estadocomarte.pt\/site\/#organization\",\"name\":\"Estado com Arte Magazine\",\"alternateName\":\"Magazine semanal sobre pol\u00edtica e cultura, com autores, opini\u00e3o e cr\u00edticas.\",\"url\":\"https:\/\/estadocomarte.pt\/site\/\",\"logo\":{\"@type\":\"ImageObject\",\"inLanguage\":\"pt-PT\",\"@id\":\"https:\/\/estadocomarte.pt\/site\/#\/schema\/logo\/image\/\",\"url\":\"https:\/\/estadocomarte.pt\/site\/wp-content\/uploads\/2023\/06\/cropped-cropped-Prancheta-2@2x-100.jpg\",\"contentUrl\":\"https:\/\/estadocomarte.pt\/site\/wp-content\/uploads\/2023\/06\/cropped-cropped-Prancheta-2@2x-100.jpg\",\"width\":1777,\"height\":592,\"caption\":\"Estado com Arte Magazine\"},\"image\":{\"@id\":\"https:\/\/estadocomarte.pt\/site\/#\/schema\/logo\/image\/\"},\"sameAs\":[\"https:\/\/www.instagram.com\/estadocomartemagazine\"]},{\"@type\":\"Person\",\"@id\":\"https:\/\/estadocomarte.pt\/site\/#\/schema\/person\/c0943a071216c1e5b21f85304151e4ba\",\"name\":\"admin\",\"image\":{\"@type\":\"ImageObject\",\"inLanguage\":\"pt-PT\",\"@id\":\"https:\/\/estadocomarte.pt\/site\/#\/schema\/person\/image\/\",\"url\":\"https:\/\/secure.gravatar.com\/avatar\/e6f378fd6914c8505d3e1d40f51fa953b21bab0f3a5658a33bc84cb5bda780f9?s=96&d=mm&r=g\",\"contentUrl\":\"https:\/\/secure.gravatar.com\/avatar\/e6f378fd6914c8505d3e1d40f51fa953b21bab0f3a5658a33bc84cb5bda780f9?s=96&d=mm&r=g\",\"caption\":\"admin\"},\"sameAs\":[\"https:\/\/estadocomarte.pt\/site\"],\"url\":\"https:\/\/estadocomarte.pt\/site\/author\/admin\/\"}]}<\/script>\n<!-- \/ Yoast SEO plugin. -->","yoast_head_json":{"title":"Conto. A retrosaria dos av\u00f3s - Estado com Arte","robots":{"index":"index","follow":"follow","max-snippet":"max-snippet:-1","max-image-preview":"max-image-preview:large","max-video-preview":"max-video-preview:-1"},"canonical":"https:\/\/estadocomarte.pt\/site\/2026\/03\/08\/conto-a-retrosaria-dos-avos\/","og_locale":"pt_PT","og_type":"article","og_title":"Conto. A retrosaria dos av\u00f3s - Estado com Arte","og_description":"F\u00e1tima Fonseca, Professora de L\u00ednguas, Especialista em Orienta\u00e7\u00e3o Familiar","og_url":"https:\/\/estadocomarte.pt\/site\/2026\/03\/08\/conto-a-retrosaria-dos-avos\/","og_site_name":"Estado com Arte","article_published_time":"2026-03-08T13:52:13+00:00","og_image":[{"width":319,"height":432,"url":"https:\/\/estadocomarte.pt\/site\/wp-content\/uploads\/2023\/09\/Fatima-Fonseca.jpg","type":"image\/jpeg"}],"author":"admin","twitter_card":"summary_large_image","twitter_misc":{"Escrito por":"admin","Tempo estimado de leitura":"9 minutos"},"schema":{"@context":"https:\/\/schema.org","@graph":[{"@type":"Article","@id":"https:\/\/estadocomarte.pt\/site\/2026\/03\/08\/conto-a-retrosaria-dos-avos\/#article","isPartOf":{"@id":"https:\/\/estadocomarte.pt\/site\/2026\/03\/08\/conto-a-retrosaria-dos-avos\/"},"author":{"name":"admin","@id":"https:\/\/estadocomarte.pt\/site\/#\/schema\/person\/c0943a071216c1e5b21f85304151e4ba"},"headline":"Conto. A retrosaria dos av\u00f3s","datePublished":"2026-03-08T13:52:13+00:00","mainEntityOfPage":{"@id":"https:\/\/estadocomarte.pt\/site\/2026\/03\/08\/conto-a-retrosaria-dos-avos\/"},"wordCount":1652,"commentCount":0,"publisher":{"@id":"https:\/\/estadocomarte.pt\/site\/#organization"},"image":{"@id":"https:\/\/estadocomarte.pt\/site\/2026\/03\/08\/conto-a-retrosaria-dos-avos\/#primaryimage"},"thumbnailUrl":"https:\/\/estadocomarte.pt\/site\/wp-content\/uploads\/2023\/09\/Fatima-Fonseca.jpg","keywords":["dia 8 de mar\u00e7o","dia da mulher"],"articleSection":["\u00c0 Queima Roupa","Isto Para N\u00f3s"],"inLanguage":"pt-PT","potentialAction":[{"@type":"CommentAction","name":"Comment","target":["https:\/\/estadocomarte.pt\/site\/2026\/03\/08\/conto-a-retrosaria-dos-avos\/#respond"]}]},{"@type":"WebPage","@id":"https:\/\/estadocomarte.pt\/site\/2026\/03\/08\/conto-a-retrosaria-dos-avos\/","url":"https:\/\/estadocomarte.pt\/site\/2026\/03\/08\/conto-a-retrosaria-dos-avos\/","name":"Conto. A retrosaria dos av\u00f3s - Estado com Arte","isPartOf":{"@id":"https:\/\/estadocomarte.pt\/site\/#website"},"primaryImageOfPage":{"@id":"https:\/\/estadocomarte.pt\/site\/2026\/03\/08\/conto-a-retrosaria-dos-avos\/#primaryimage"},"image":{"@id":"https:\/\/estadocomarte.pt\/site\/2026\/03\/08\/conto-a-retrosaria-dos-avos\/#primaryimage"},"thumbnailUrl":"https:\/\/estadocomarte.pt\/site\/wp-content\/uploads\/2023\/09\/Fatima-Fonseca.jpg","datePublished":"2026-03-08T13:52:13+00:00","breadcrumb":{"@id":"https:\/\/estadocomarte.pt\/site\/2026\/03\/08\/conto-a-retrosaria-dos-avos\/#breadcrumb"},"inLanguage":"pt-PT","potentialAction":[{"@type":"ReadAction","target":["https:\/\/estadocomarte.pt\/site\/2026\/03\/08\/conto-a-retrosaria-dos-avos\/"]}]},{"@type":"ImageObject","inLanguage":"pt-PT","@id":"https:\/\/estadocomarte.pt\/site\/2026\/03\/08\/conto-a-retrosaria-dos-avos\/#primaryimage","url":"https:\/\/estadocomarte.pt\/site\/wp-content\/uploads\/2023\/09\/Fatima-Fonseca.jpg","contentUrl":"https:\/\/estadocomarte.pt\/site\/wp-content\/uploads\/2023\/09\/Fatima-Fonseca.jpg","width":319,"height":432},{"@type":"BreadcrumbList","@id":"https:\/\/estadocomarte.pt\/site\/2026\/03\/08\/conto-a-retrosaria-dos-avos\/#breadcrumb","itemListElement":[{"@type":"ListItem","position":1,"name":"In\u00edcio","item":"https:\/\/estadocomarte.pt\/site\/"},{"@type":"ListItem","position":2,"name":"Conto. A retrosaria dos av\u00f3s"}]},{"@type":"WebSite","@id":"https:\/\/estadocomarte.pt\/site\/#website","url":"https:\/\/estadocomarte.pt\/site\/","name":"Estado com Arte Magazine","description":"Magazine","publisher":{"@id":"https:\/\/estadocomarte.pt\/site\/#organization"},"alternateName":"Magazine semanal sobre pol\u00edtica e cultura, com autores, opini\u00e3o e cr\u00edticas.","potentialAction":[{"@type":"SearchAction","target":{"@type":"EntryPoint","urlTemplate":"https:\/\/estadocomarte.pt\/site\/?s={search_term_string}"},"query-input":{"@type":"PropertyValueSpecification","valueRequired":true,"valueName":"search_term_string"}}],"inLanguage":"pt-PT"},{"@type":"Organization","@id":"https:\/\/estadocomarte.pt\/site\/#organization","name":"Estado com Arte Magazine","alternateName":"Magazine semanal sobre pol\u00edtica e cultura, com autores, opini\u00e3o e cr\u00edticas.","url":"https:\/\/estadocomarte.pt\/site\/","logo":{"@type":"ImageObject","inLanguage":"pt-PT","@id":"https:\/\/estadocomarte.pt\/site\/#\/schema\/logo\/image\/","url":"https:\/\/estadocomarte.pt\/site\/wp-content\/uploads\/2023\/06\/cropped-cropped-Prancheta-2@2x-100.jpg","contentUrl":"https:\/\/estadocomarte.pt\/site\/wp-content\/uploads\/2023\/06\/cropped-cropped-Prancheta-2@2x-100.jpg","width":1777,"height":592,"caption":"Estado com Arte Magazine"},"image":{"@id":"https:\/\/estadocomarte.pt\/site\/#\/schema\/logo\/image\/"},"sameAs":["https:\/\/www.instagram.com\/estadocomartemagazine"]},{"@type":"Person","@id":"https:\/\/estadocomarte.pt\/site\/#\/schema\/person\/c0943a071216c1e5b21f85304151e4ba","name":"admin","image":{"@type":"ImageObject","inLanguage":"pt-PT","@id":"https:\/\/estadocomarte.pt\/site\/#\/schema\/person\/image\/","url":"https:\/\/secure.gravatar.com\/avatar\/e6f378fd6914c8505d3e1d40f51fa953b21bab0f3a5658a33bc84cb5bda780f9?s=96&d=mm&r=g","contentUrl":"https:\/\/secure.gravatar.com\/avatar\/e6f378fd6914c8505d3e1d40f51fa953b21bab0f3a5658a33bc84cb5bda780f9?s=96&d=mm&r=g","caption":"admin"},"sameAs":["https:\/\/estadocomarte.pt\/site"],"url":"https:\/\/estadocomarte.pt\/site\/author\/admin\/"}]}},"_links":{"self":[{"href":"https:\/\/estadocomarte.pt\/site\/wp-json\/wp\/v2\/posts\/12265","targetHints":{"allow":["GET"]}}],"collection":[{"href":"https:\/\/estadocomarte.pt\/site\/wp-json\/wp\/v2\/posts"}],"about":[{"href":"https:\/\/estadocomarte.pt\/site\/wp-json\/wp\/v2\/types\/post"}],"author":[{"embeddable":true,"href":"https:\/\/estadocomarte.pt\/site\/wp-json\/wp\/v2\/users\/1"}],"replies":[{"embeddable":true,"href":"https:\/\/estadocomarte.pt\/site\/wp-json\/wp\/v2\/comments?post=12265"}],"version-history":[{"count":1,"href":"https:\/\/estadocomarte.pt\/site\/wp-json\/wp\/v2\/posts\/12265\/revisions"}],"predecessor-version":[{"id":12266,"href":"https:\/\/estadocomarte.pt\/site\/wp-json\/wp\/v2\/posts\/12265\/revisions\/12266"}],"wp:featuredmedia":[{"embeddable":true,"href":"https:\/\/estadocomarte.pt\/site\/wp-json\/wp\/v2\/media\/2581"}],"wp:attachment":[{"href":"https:\/\/estadocomarte.pt\/site\/wp-json\/wp\/v2\/media?parent=12265"}],"wp:term":[{"taxonomy":"category","embeddable":true,"href":"https:\/\/estadocomarte.pt\/site\/wp-json\/wp\/v2\/categories?post=12265"},{"taxonomy":"post_tag","embeddable":true,"href":"https:\/\/estadocomarte.pt\/site\/wp-json\/wp\/v2\/tags?post=12265"}],"curies":[{"name":"wp","href":"https:\/\/api.w.org\/{rel}","templated":true}]}}