{"id":12270,"date":"2026-03-09T11:01:50","date_gmt":"2026-03-09T11:01:50","guid":{"rendered":"https:\/\/estadocomarte.pt\/site\/?p=12270"},"modified":"2026-03-22T12:52:36","modified_gmt":"2026-03-22T12:52:36","slug":"famalicao-volta-a-ter-medico-de-familia-na-unidade-de-saude","status":"publish","type":"post","link":"https:\/\/estadocomarte.pt\/site\/2026\/03\/09\/famalicao-volta-a-ter-medico-de-familia-na-unidade-de-saude\/","title":{"rendered":"Famalic\u00e3o volta a ter m\u00e9dico de fam\u00edlia na Unidade de Sa\u00fade"},"content":{"rendered":"<p><strong>A escassez de m\u00e9dicos de fam\u00edlia tem condicionado a presta\u00e7\u00e3o de cuidados de sa\u00fade nas freguesias de Famalic\u00e3o e Valado dos Frades, da Nazar\u00e9. O refor\u00e7o para a resposta assistencial no concelho deve-se a contactos institucionais e \u00e0 procura de solu\u00e7\u00f5es na \u00e1rea da sa\u00fade pelo executivo municipal.<\/strong><\/p>\n<p>A Unidade de Sa\u00fade de Famalic\u00e3o voltou a disponibilizar consultas com m\u00e9dico de fam\u00edlia, refor\u00e7ando a resposta de cuidados de sa\u00fade prim\u00e1rios \u00e0 popula\u00e7\u00e3o de uma freguesia da Nazar\u00e9. A m\u00e9dica Elena Dremova, contratada em regime de presta\u00e7\u00e3o de servi\u00e7os, j\u00e1 iniciou fun\u00e7\u00f5es no Polo de Sa\u00fade de Famalic\u00e3o, assegurando atendimento \u00e0s segundas, quartas e sextas-feiras, entre as 09h00 e as 17h00, revela o munic\u00edpio da Nazar\u00e9 ao Estado com Arte Magazine.<\/p>\n<p>Esta solu\u00e7\u00e3o surge na sequ\u00eancia dos esfor\u00e7os desenvolvidos pelo Munic\u00edpio da Nazar\u00e9, em articula\u00e7\u00e3o com as<br \/>\nentidades competentes da \u00e1rea da sa\u00fade, para &#8220;ajudar a colmatar a falta de m\u00e9dicos que tem afetado esta unidade e garantir melhores condi\u00e7\u00f5es de acesso aos cuidados de sa\u00fade prim\u00e1rios para a popula\u00e7\u00e3o&#8221;.<\/p>\n<p>Recorde-se que, nos \u00faltimos anos, a escassez de m\u00e9dicos de fam\u00edlia tem condicionado a presta\u00e7\u00e3o de cuidados de<br \/>\nsa\u00fade nas freguesias de Famalic\u00e3o e Valado dos Frades, situa\u00e7\u00e3o que tem sido acompanhada de perto pelo executivo municipal, atrav\u00e9s de contactos institucionais e da procura de solu\u00e7\u00f5es que permitam refor\u00e7ar a resposta assistencial no concelho.<\/p>\n<p>Encontram-se em curso as obras de amplia\u00e7\u00e3o e requalifica\u00e7\u00e3o da Unidade de Sa\u00fade de Famalic\u00e3o, um investimento que visa melhorar as condi\u00e7\u00f5es de atendimento aos utentes e de trabalho dos profissionais de sa\u00fade. A interven\u00e7\u00e3o, iniciada em 17 de novembro de 2025, representa um investimento de 306.790,50 euros, financiado em 300.200,00 euros pelo Plano de Recupera\u00e7\u00e3o e Resili\u00eancia (PRR), segundo a Lusa.<\/p>\n<p>Por enquanto os cuidados de sa\u00fade prim\u00e1rios funcionam em instala\u00e7\u00f5es provis\u00f3rias no Centro Social da Freguesia de Famalic\u00e3o.<\/p>\n<p>Para combater a falta de m\u00e9dico de fam\u00edlia, as Juntas de Freguesia de Valado dos Frades e Famalic\u00e3o, em articula\u00e7\u00e3o com a C\u00e2mara Municipal e a Unidade Local de Sa\u00fade (ULS) da Regi\u00e3o de Leiria, t\u00eam trabalhado na cria\u00e7\u00e3o de uma nova USF, com o objetivo de dar resposta a cerca de 4 mil utentes.<\/p>\n","protected":false},"excerpt":{"rendered":"<p>Estado com Arte Magazine<\/p>\n","protected":false},"author":1,"featured_media":12271,"comment_status":"open","ping_status":"open","sticky":false,"template":"","format":"standard","meta":{"site-sidebar-layout":"default","site-content-layout":"default","ast-global-header-display":"","ast-banner-title-visibility":"","ast-main-header-display":"","ast-hfb-above-header-display":"","ast-hfb-below-header-display":"","ast-hfb-mobile-header-display":"","site-post-title":"","ast-breadcrumbs-content":"","ast-featured-img":"","footer-sml-layout":"","theme-transparent-header-meta":"default","adv-header-id-meta":"","stick-header-meta":"","header-above-stick-meta":"","header-main-stick-meta":"","header-below-stick-meta":"","footnotes":""},"categories":[8],"tags":[2420],"class_list":["post-12270","post","type-post","status-publish","format-standard","has-post-thumbnail","hentry","category-sociedade","tag-us-famalicao"],"yoast_head":"<!-- This site is optimized with the Yoast SEO plugin v25.1 - https:\/\/yoast.com\/wordpress\/plugins\/seo\/ -->\n<title>Famalic\u00e3o volta a ter m\u00e9dico de fam\u00edlia na Unidade de Sa\u00fade - Estado com Arte<\/title>\n<meta name=\"robots\" content=\"index, follow, max-snippet:-1, max-image-preview:large, max-video-preview:-1\" \/>\n<link rel=\"canonical\" href=\"https:\/\/estadocomarte.pt\/site\/2026\/03\/09\/famalicao-volta-a-ter-medico-de-familia-na-unidade-de-saude\/\" \/>\n<meta property=\"og:locale\" content=\"pt_PT\" \/>\n<meta property=\"og:type\" content=\"article\" \/>\n<meta property=\"og:title\" content=\"Famalic\u00e3o volta a ter m\u00e9dico de fam\u00edlia na Unidade de Sa\u00fade - Estado com Arte\" \/>\n<meta property=\"og:description\" content=\"Estado com Arte Magazine\" \/>\n<meta property=\"og:url\" content=\"https:\/\/estadocomarte.pt\/site\/2026\/03\/09\/famalicao-volta-a-ter-medico-de-familia-na-unidade-de-saude\/\" \/>\n<meta property=\"og:site_name\" content=\"Estado com Arte\" \/>\n<meta property=\"article:published_time\" content=\"2026-03-09T11:01:50+00:00\" \/>\n<meta property=\"article:modified_time\" content=\"2026-03-22T12:52:36+00:00\" \/>\n<meta property=\"og:image\" content=\"https:\/\/estadocomarte.pt\/site\/wp-content\/uploads\/2026\/03\/uUSFamalicao.jpg\" \/>\n\t<meta property=\"og:image:width\" content=\"2500\" \/>\n\t<meta property=\"og:image:height\" content=\"1406\" \/>\n\t<meta property=\"og:image:type\" content=\"image\/jpeg\" \/>\n<meta name=\"author\" content=\"admin\" \/>\n<meta name=\"twitter:card\" content=\"summary_large_image\" \/>\n<meta name=\"twitter:label1\" content=\"Escrito por\" \/>\n\t<meta name=\"twitter:data1\" content=\"admin\" \/>\n\t<meta name=\"twitter:label2\" content=\"Tempo estimado de leitura\" \/>\n\t<meta name=\"twitter:data2\" content=\"3 minutos\" \/>\n<script type=\"application\/ld+json\" class=\"yoast-schema-graph\">{\"@context\":\"https:\/\/schema.org\",\"@graph\":[{\"@type\":\"Article\",\"@id\":\"https:\/\/estadocomarte.pt\/site\/2026\/03\/09\/famalicao-volta-a-ter-medico-de-familia-na-unidade-de-saude\/#article\",\"isPartOf\":{\"@id\":\"https:\/\/estadocomarte.pt\/site\/2026\/03\/09\/famalicao-volta-a-ter-medico-de-familia-na-unidade-de-saude\/\"},\"author\":{\"name\":\"admin\",\"@id\":\"https:\/\/estadocomarte.pt\/site\/#\/schema\/person\/c0943a071216c1e5b21f85304151e4ba\"},\"headline\":\"Famalic\u00e3o volta a ter m\u00e9dico de fam\u00edlia na Unidade de Sa\u00fade\",\"datePublished\":\"2026-03-09T11:01:50+00:00\",\"dateModified\":\"2026-03-22T12:52:36+00:00\",\"mainEntityOfPage\":{\"@id\":\"https:\/\/estadocomarte.pt\/site\/2026\/03\/09\/famalicao-volta-a-ter-medico-de-familia-na-unidade-de-saude\/\"},\"wordCount\":432,\"commentCount\":0,\"publisher\":{\"@id\":\"https:\/\/estadocomarte.pt\/site\/#organization\"},\"image\":{\"@id\":\"https:\/\/estadocomarte.pt\/site\/2026\/03\/09\/famalicao-volta-a-ter-medico-de-familia-na-unidade-de-saude\/#primaryimage\"},\"thumbnailUrl\":\"https:\/\/estadocomarte.pt\/site\/wp-content\/uploads\/2026\/03\/uUSFamalicao.jpg\",\"keywords\":[\"US Famalic\u00e3o\"],\"articleSection\":[\"Sociedade\"],\"inLanguage\":\"pt-PT\",\"potentialAction\":[{\"@type\":\"CommentAction\",\"name\":\"Comment\",\"target\":[\"https:\/\/estadocomarte.pt\/site\/2026\/03\/09\/famalicao-volta-a-ter-medico-de-familia-na-unidade-de-saude\/#respond\"]}]},{\"@type\":\"WebPage\",\"@id\":\"https:\/\/estadocomarte.pt\/site\/2026\/03\/09\/famalicao-volta-a-ter-medico-de-familia-na-unidade-de-saude\/\",\"url\":\"https:\/\/estadocomarte.pt\/site\/2026\/03\/09\/famalicao-volta-a-ter-medico-de-familia-na-unidade-de-saude\/\",\"name\":\"Famalic\u00e3o volta a ter m\u00e9dico de fam\u00edlia na Unidade de Sa\u00fade - Estado com Arte\",\"isPartOf\":{\"@id\":\"https:\/\/estadocomarte.pt\/site\/#website\"},\"primaryImageOfPage\":{\"@id\":\"https:\/\/estadocomarte.pt\/site\/2026\/03\/09\/famalicao-volta-a-ter-medico-de-familia-na-unidade-de-saude\/#primaryimage\"},\"image\":{\"@id\":\"https:\/\/estadocomarte.pt\/site\/2026\/03\/09\/famalicao-volta-a-ter-medico-de-familia-na-unidade-de-saude\/#primaryimage\"},\"thumbnailUrl\":\"https:\/\/estadocomarte.pt\/site\/wp-content\/uploads\/2026\/03\/uUSFamalicao.jpg\",\"datePublished\":\"2026-03-09T11:01:50+00:00\",\"dateModified\":\"2026-03-22T12:52:36+00:00\",\"breadcrumb\":{\"@id\":\"https:\/\/estadocomarte.pt\/site\/2026\/03\/09\/famalicao-volta-a-ter-medico-de-familia-na-unidade-de-saude\/#breadcrumb\"},\"inLanguage\":\"pt-PT\",\"potentialAction\":[{\"@type\":\"ReadAction\",\"target\":[\"https:\/\/estadocomarte.pt\/site\/2026\/03\/09\/famalicao-volta-a-ter-medico-de-familia-na-unidade-de-saude\/\"]}]},{\"@type\":\"ImageObject\",\"inLanguage\":\"pt-PT\",\"@id\":\"https:\/\/estadocomarte.pt\/site\/2026\/03\/09\/famalicao-volta-a-ter-medico-de-familia-na-unidade-de-saude\/#primaryimage\",\"url\":\"https:\/\/estadocomarte.pt\/site\/wp-content\/uploads\/2026\/03\/uUSFamalicao.jpg\",\"contentUrl\":\"https:\/\/estadocomarte.pt\/site\/wp-content\/uploads\/2026\/03\/uUSFamalicao.jpg\",\"width\":2500,\"height\":1406},{\"@type\":\"BreadcrumbList\",\"@id\":\"https:\/\/estadocomarte.pt\/site\/2026\/03\/09\/famalicao-volta-a-ter-medico-de-familia-na-unidade-de-saude\/#breadcrumb\",\"itemListElement\":[{\"@type\":\"ListItem\",\"position\":1,\"name\":\"In\u00edcio\",\"item\":\"https:\/\/estadocomarte.pt\/site\/\"},{\"@type\":\"ListItem\",\"position\":2,\"name\":\"Famalic\u00e3o volta a ter m\u00e9dico de fam\u00edlia na Unidade de Sa\u00fade\"}]},{\"@type\":\"WebSite\",\"@id\":\"https:\/\/estadocomarte.pt\/site\/#website\",\"url\":\"https:\/\/estadocomarte.pt\/site\/\",\"name\":\"Estado com Arte Magazine\",\"description\":\"Magazine\",\"publisher\":{\"@id\":\"https:\/\/estadocomarte.pt\/site\/#organization\"},\"alternateName\":\"Magazine semanal sobre pol\u00edtica e cultura, com autores, opini\u00e3o e cr\u00edticas.\",\"potentialAction\":[{\"@type\":\"SearchAction\",\"target\":{\"@type\":\"EntryPoint\",\"urlTemplate\":\"https:\/\/estadocomarte.pt\/site\/?s={search_term_string}\"},\"query-input\":{\"@type\":\"PropertyValueSpecification\",\"valueRequired\":true,\"valueName\":\"search_term_string\"}}],\"inLanguage\":\"pt-PT\"},{\"@type\":\"Organization\",\"@id\":\"https:\/\/estadocomarte.pt\/site\/#organization\",\"name\":\"Estado com Arte Magazine\",\"alternateName\":\"Magazine semanal sobre pol\u00edtica e cultura, com autores, opini\u00e3o e cr\u00edticas.\",\"url\":\"https:\/\/estadocomarte.pt\/site\/\",\"logo\":{\"@type\":\"ImageObject\",\"inLanguage\":\"pt-PT\",\"@id\":\"https:\/\/estadocomarte.pt\/site\/#\/schema\/logo\/image\/\",\"url\":\"https:\/\/estadocomarte.pt\/site\/wp-content\/uploads\/2023\/06\/cropped-cropped-Prancheta-2@2x-100.jpg\",\"contentUrl\":\"https:\/\/estadocomarte.pt\/site\/wp-content\/uploads\/2023\/06\/cropped-cropped-Prancheta-2@2x-100.jpg\",\"width\":1777,\"height\":592,\"caption\":\"Estado com Arte Magazine\"},\"image\":{\"@id\":\"https:\/\/estadocomarte.pt\/site\/#\/schema\/logo\/image\/\"},\"sameAs\":[\"https:\/\/www.instagram.com\/estadocomartemagazine\"]},{\"@type\":\"Person\",\"@id\":\"https:\/\/estadocomarte.pt\/site\/#\/schema\/person\/c0943a071216c1e5b21f85304151e4ba\",\"name\":\"admin\",\"image\":{\"@type\":\"ImageObject\",\"inLanguage\":\"pt-PT\",\"@id\":\"https:\/\/estadocomarte.pt\/site\/#\/schema\/person\/image\/\",\"url\":\"https:\/\/secure.gravatar.com\/avatar\/e6f378fd6914c8505d3e1d40f51fa953b21bab0f3a5658a33bc84cb5bda780f9?s=96&d=mm&r=g\",\"contentUrl\":\"https:\/\/secure.gravatar.com\/avatar\/e6f378fd6914c8505d3e1d40f51fa953b21bab0f3a5658a33bc84cb5bda780f9?s=96&d=mm&r=g\",\"caption\":\"admin\"},\"sameAs\":[\"https:\/\/estadocomarte.pt\/site\"],\"url\":\"https:\/\/estadocomarte.pt\/site\/author\/admin\/\"}]}<\/script>\n<!-- \/ Yoast SEO plugin. -->","yoast_head_json":{"title":"Famalic\u00e3o volta a ter m\u00e9dico de fam\u00edlia na Unidade de Sa\u00fade - Estado com Arte","robots":{"index":"index","follow":"follow","max-snippet":"max-snippet:-1","max-image-preview":"max-image-preview:large","max-video-preview":"max-video-preview:-1"},"canonical":"https:\/\/estadocomarte.pt\/site\/2026\/03\/09\/famalicao-volta-a-ter-medico-de-familia-na-unidade-de-saude\/","og_locale":"pt_PT","og_type":"article","og_title":"Famalic\u00e3o volta a ter m\u00e9dico de fam\u00edlia na Unidade de Sa\u00fade - Estado com Arte","og_description":"Estado com Arte Magazine","og_url":"https:\/\/estadocomarte.pt\/site\/2026\/03\/09\/famalicao-volta-a-ter-medico-de-familia-na-unidade-de-saude\/","og_site_name":"Estado com Arte","article_published_time":"2026-03-09T11:01:50+00:00","article_modified_time":"2026-03-22T12:52:36+00:00","og_image":[{"width":2500,"height":1406,"url":"https:\/\/estadocomarte.pt\/site\/wp-content\/uploads\/2026\/03\/uUSFamalicao.jpg","type":"image\/jpeg"}],"author":"admin","twitter_card":"summary_large_image","twitter_misc":{"Escrito por":"admin","Tempo estimado de leitura":"3 minutos"},"schema":{"@context":"https:\/\/schema.org","@graph":[{"@type":"Article","@id":"https:\/\/estadocomarte.pt\/site\/2026\/03\/09\/famalicao-volta-a-ter-medico-de-familia-na-unidade-de-saude\/#article","isPartOf":{"@id":"https:\/\/estadocomarte.pt\/site\/2026\/03\/09\/famalicao-volta-a-ter-medico-de-familia-na-unidade-de-saude\/"},"author":{"name":"admin","@id":"https:\/\/estadocomarte.pt\/site\/#\/schema\/person\/c0943a071216c1e5b21f85304151e4ba"},"headline":"Famalic\u00e3o volta a ter m\u00e9dico de fam\u00edlia na Unidade de Sa\u00fade","datePublished":"2026-03-09T11:01:50+00:00","dateModified":"2026-03-22T12:52:36+00:00","mainEntityOfPage":{"@id":"https:\/\/estadocomarte.pt\/site\/2026\/03\/09\/famalicao-volta-a-ter-medico-de-familia-na-unidade-de-saude\/"},"wordCount":432,"commentCount":0,"publisher":{"@id":"https:\/\/estadocomarte.pt\/site\/#organization"},"image":{"@id":"https:\/\/estadocomarte.pt\/site\/2026\/03\/09\/famalicao-volta-a-ter-medico-de-familia-na-unidade-de-saude\/#primaryimage"},"thumbnailUrl":"https:\/\/estadocomarte.pt\/site\/wp-content\/uploads\/2026\/03\/uUSFamalicao.jpg","keywords":["US Famalic\u00e3o"],"articleSection":["Sociedade"],"inLanguage":"pt-PT","potentialAction":[{"@type":"CommentAction","name":"Comment","target":["https:\/\/estadocomarte.pt\/site\/2026\/03\/09\/famalicao-volta-a-ter-medico-de-familia-na-unidade-de-saude\/#respond"]}]},{"@type":"WebPage","@id":"https:\/\/estadocomarte.pt\/site\/2026\/03\/09\/famalicao-volta-a-ter-medico-de-familia-na-unidade-de-saude\/","url":"https:\/\/estadocomarte.pt\/site\/2026\/03\/09\/famalicao-volta-a-ter-medico-de-familia-na-unidade-de-saude\/","name":"Famalic\u00e3o volta a ter m\u00e9dico de fam\u00edlia na Unidade de Sa\u00fade - Estado com Arte","isPartOf":{"@id":"https:\/\/estadocomarte.pt\/site\/#website"},"primaryImageOfPage":{"@id":"https:\/\/estadocomarte.pt\/site\/2026\/03\/09\/famalicao-volta-a-ter-medico-de-familia-na-unidade-de-saude\/#primaryimage"},"image":{"@id":"https:\/\/estadocomarte.pt\/site\/2026\/03\/09\/famalicao-volta-a-ter-medico-de-familia-na-unidade-de-saude\/#primaryimage"},"thumbnailUrl":"https:\/\/estadocomarte.pt\/site\/wp-content\/uploads\/2026\/03\/uUSFamalicao.jpg","datePublished":"2026-03-09T11:01:50+00:00","dateModified":"2026-03-22T12:52:36+00:00","breadcrumb":{"@id":"https:\/\/estadocomarte.pt\/site\/2026\/03\/09\/famalicao-volta-a-ter-medico-de-familia-na-unidade-de-saude\/#breadcrumb"},"inLanguage":"pt-PT","potentialAction":[{"@type":"ReadAction","target":["https:\/\/estadocomarte.pt\/site\/2026\/03\/09\/famalicao-volta-a-ter-medico-de-familia-na-unidade-de-saude\/"]}]},{"@type":"ImageObject","inLanguage":"pt-PT","@id":"https:\/\/estadocomarte.pt\/site\/2026\/03\/09\/famalicao-volta-a-ter-medico-de-familia-na-unidade-de-saude\/#primaryimage","url":"https:\/\/estadocomarte.pt\/site\/wp-content\/uploads\/2026\/03\/uUSFamalicao.jpg","contentUrl":"https:\/\/estadocomarte.pt\/site\/wp-content\/uploads\/2026\/03\/uUSFamalicao.jpg","width":2500,"height":1406},{"@type":"BreadcrumbList","@id":"https:\/\/estadocomarte.pt\/site\/2026\/03\/09\/famalicao-volta-a-ter-medico-de-familia-na-unidade-de-saude\/#breadcrumb","itemListElement":[{"@type":"ListItem","position":1,"name":"In\u00edcio","item":"https:\/\/estadocomarte.pt\/site\/"},{"@type":"ListItem","position":2,"name":"Famalic\u00e3o volta a ter m\u00e9dico de fam\u00edlia na Unidade de Sa\u00fade"}]},{"@type":"WebSite","@id":"https:\/\/estadocomarte.pt\/site\/#website","url":"https:\/\/estadocomarte.pt\/site\/","name":"Estado com Arte Magazine","description":"Magazine","publisher":{"@id":"https:\/\/estadocomarte.pt\/site\/#organization"},"alternateName":"Magazine semanal sobre pol\u00edtica e cultura, com autores, opini\u00e3o e cr\u00edticas.","potentialAction":[{"@type":"SearchAction","target":{"@type":"EntryPoint","urlTemplate":"https:\/\/estadocomarte.pt\/site\/?s={search_term_string}"},"query-input":{"@type":"PropertyValueSpecification","valueRequired":true,"valueName":"search_term_string"}}],"inLanguage":"pt-PT"},{"@type":"Organization","@id":"https:\/\/estadocomarte.pt\/site\/#organization","name":"Estado com Arte Magazine","alternateName":"Magazine semanal sobre pol\u00edtica e cultura, com autores, opini\u00e3o e cr\u00edticas.","url":"https:\/\/estadocomarte.pt\/site\/","logo":{"@type":"ImageObject","inLanguage":"pt-PT","@id":"https:\/\/estadocomarte.pt\/site\/#\/schema\/logo\/image\/","url":"https:\/\/estadocomarte.pt\/site\/wp-content\/uploads\/2023\/06\/cropped-cropped-Prancheta-2@2x-100.jpg","contentUrl":"https:\/\/estadocomarte.pt\/site\/wp-content\/uploads\/2023\/06\/cropped-cropped-Prancheta-2@2x-100.jpg","width":1777,"height":592,"caption":"Estado com Arte Magazine"},"image":{"@id":"https:\/\/estadocomarte.pt\/site\/#\/schema\/logo\/image\/"},"sameAs":["https:\/\/www.instagram.com\/estadocomartemagazine"]},{"@type":"Person","@id":"https:\/\/estadocomarte.pt\/site\/#\/schema\/person\/c0943a071216c1e5b21f85304151e4ba","name":"admin","image":{"@type":"ImageObject","inLanguage":"pt-PT","@id":"https:\/\/estadocomarte.pt\/site\/#\/schema\/person\/image\/","url":"https:\/\/secure.gravatar.com\/avatar\/e6f378fd6914c8505d3e1d40f51fa953b21bab0f3a5658a33bc84cb5bda780f9?s=96&d=mm&r=g","contentUrl":"https:\/\/secure.gravatar.com\/avatar\/e6f378fd6914c8505d3e1d40f51fa953b21bab0f3a5658a33bc84cb5bda780f9?s=96&d=mm&r=g","caption":"admin"},"sameAs":["https:\/\/estadocomarte.pt\/site"],"url":"https:\/\/estadocomarte.pt\/site\/author\/admin\/"}]}},"_links":{"self":[{"href":"https:\/\/estadocomarte.pt\/site\/wp-json\/wp\/v2\/posts\/12270","targetHints":{"allow":["GET"]}}],"collection":[{"href":"https:\/\/estadocomarte.pt\/site\/wp-json\/wp\/v2\/posts"}],"about":[{"href":"https:\/\/estadocomarte.pt\/site\/wp-json\/wp\/v2\/types\/post"}],"author":[{"embeddable":true,"href":"https:\/\/estadocomarte.pt\/site\/wp-json\/wp\/v2\/users\/1"}],"replies":[{"embeddable":true,"href":"https:\/\/estadocomarte.pt\/site\/wp-json\/wp\/v2\/comments?post=12270"}],"version-history":[{"count":5,"href":"https:\/\/estadocomarte.pt\/site\/wp-json\/wp\/v2\/posts\/12270\/revisions"}],"predecessor-version":[{"id":12278,"href":"https:\/\/estadocomarte.pt\/site\/wp-json\/wp\/v2\/posts\/12270\/revisions\/12278"}],"wp:featuredmedia":[{"embeddable":true,"href":"https:\/\/estadocomarte.pt\/site\/wp-json\/wp\/v2\/media\/12271"}],"wp:attachment":[{"href":"https:\/\/estadocomarte.pt\/site\/wp-json\/wp\/v2\/media?parent=12270"}],"wp:term":[{"taxonomy":"category","embeddable":true,"href":"https:\/\/estadocomarte.pt\/site\/wp-json\/wp\/v2\/categories?post=12270"},{"taxonomy":"post_tag","embeddable":true,"href":"https:\/\/estadocomarte.pt\/site\/wp-json\/wp\/v2\/tags?post=12270"}],"curies":[{"name":"wp","href":"https:\/\/api.w.org\/{rel}","templated":true}]}}