{"id":12280,"date":"2026-03-13T14:51:14","date_gmt":"2026-03-13T14:51:14","guid":{"rendered":"https:\/\/estadocomarte.pt\/site\/?p=12280"},"modified":"2026-03-15T13:07:08","modified_gmt":"2026-03-15T13:07:08","slug":"concertos-de-primavera-em-sintra-de-13-de-marco-a-30-de-maio","status":"publish","type":"post","link":"https:\/\/estadocomarte.pt\/site\/2026\/03\/13\/concertos-de-primavera-em-sintra-de-13-de-marco-a-30-de-maio\/","title":{"rendered":"Concertos de Primavera em Sintra de 13 de mar\u00e7o a 30 de maio."},"content":{"rendered":"<p><strong>\u201cEntre Altares\u201d, \u00e9 uma iniciativa da C\u00e2mara Municipal de Sintra e da Funda\u00e7\u00e3o CulturSintra,\u00a0 que consiste numa oferta de concertos nas 15 freguesias do concelho para &#8220;refor\u00e7ar a identidade cultural do territ\u00f3rio, promover a frui\u00e7\u00e3o art\u00edstica em espa\u00e7os patrimoniais de exce\u00e7\u00e3o de forma abrangente e contribuir para a descentraliza\u00e7\u00e3o e democratiza\u00e7\u00e3o do acesso \u00e0 oferta cultural&#8221;, diz a organiza\u00e7\u00e3o.<\/strong><\/p>\n<p>Os concertos da Primavera v\u00e3o come\u00e7ar hoje a 13 de mar\u00e7o at\u00e9 30 de maio. Uma experi\u00eancia marcada pela proximidade, pela contempla\u00e7\u00e3o e pela valoriza\u00e7\u00e3o do patrim\u00f3nio.<\/p>\n<p>O Festival da Primavera tem como objetivo aproximar novos p\u00fablicos da m\u00fasica erudita, todos os concertos ser\u00e3o comentados pelos pr\u00f3prios int\u00e9rpretes, oferecendo uma contextualiza\u00e7\u00e3o hist\u00f3rica e musical das obras apresentadas.<\/p>\n<p><strong>PROGRAMA<\/strong><\/p>\n<p>13 MAR | \u201cCORES E ORNAMENTA\u00c7\u00d5ES\u201d &#8211; Duo Senza Misura<br \/>\nIgreja de Montelavar<\/p>\n<p>20 MAR | \u201cCRUX FIDELIS\u201d &#8211; Polyphonia &#8211; Schola Cantorum<br \/>\nIgreja Paroquial N\u00aa Senhora da Assun\u00e7\u00e3o, Colares<\/p>\n<p>21 MAR | \u201cMETAMORFOSES DOS AFETOS\u201d &#8211; Compendium Ensemble<br \/>\nSal\u00e3o da Junta de Freguesia de Casal de Cambra<\/p>\n<p>27 MAR | \u201cDA CONTEMPLA\u00c7\u00c3O \u00c0 GL\u00d3RIA\u201d &#8211; C\u00edrculo M\u00fasica de C\u00e2mara<br \/>\nIgreja Paroquial do Cora\u00e7\u00e3o Imaculado de Maria, Cac\u00e9m<\/p>\n<p>10 ABR | \u201cMELODIAS EM DI\u00c1LOGO\u201d &#8211; Quel Fior Ensemble<br \/>\nComplexo Paroquial de S. Bento, Massam\u00e1<\/p>\n<p>11 ABR | \u201cO ESPLENDOR DO BARROCO SACRO\u201d &#8211; Solistas Melleo Harmonia<br \/>\nIgreja de Santa Maria, Agualva<\/p>\n<p>17 ABR | \u201cENTRE C\u00c9U E PALCO: BACH, HANDEL E CALDARA\u201d &#8211; D\u2019Aqu\u00e9m Mar<br \/>\nIgreja de Nossa Senhora da Paz, Rio de Mouro<\/p>\n<p>08 MAI | \u201cA CORTE DE D. JO\u00c3O IV DE VOLTA A LISBOA\u201d &#8211; Americantiga Ensemble e Nova Era Vocal Ensemble<br \/>\nIgreja de S\u00e3o Martinho, Vila de Sintra<\/p>\n<p>09 MAI | \u201cTHE SPIRIT OF GAMBO\u201d &#8211; Sofia Diniz (Viola da Gamba Solo)<br \/>\nCapela do Regimento de Infantaria Antia\u00e9rea n.\u00ba 1, Queluz<\/p>\n<p>15 MAI | \u201cCRAVOS EM DUO\u201d &#8211; Tadeu Filipe e Daniel Oliveira<br \/>\nIgreja Matriz de S. Jo\u00e3o Baptista, S\u00e3o Jo\u00e3o das Lampas<\/p>\n<p>16 MAI | \u201cSONATAS E TOCCATAS DO SEICENTO\u201c- Stylus Phantasticus<br \/>\nIgreja de S. Pedro, Almargem do Bispo<\/p>\n<p>23 MAI | \u201cPONER OBRAS\u201d &#8211; Joana Bagulho (Cravo) e Maria Bayley (Canto e Harpa)<br \/>\nIgreja de S. Jos\u00e9, Vila verde<\/p>\n<p>29 MAI | \u201cAO ENCONTRO DE IT\u00c1LIA\u201d &#8211; Itiner\u00e1rio Ensemble<br \/>\nIgreja Paroquial de S. Jos\u00e9, Algueir\u00e3o<\/p>\n<p>30 MAI | \u201cENTRE LEIPZIG E PARIS: OBRAS PARA VIOLINO E CRAVO OBRIGADO DO IN\u00cdCIO DO S\u00c9CULO XVIII\u201d &#8211; \u00c1gnes Sarosi (Violino Barroco) e Fernando Miguel Jal\u00f4to (Cravo)<br \/>\nIgreja Paroquial de S. Pedro, P\u00earo Pinheiro<\/p>\n<p>O festival de Primavera s\u00e3o 15 concertos gratuitos, nas 15 freguesias de Sintra para descentralizar a cultura e alargar o p\u00fablico que ouve m\u00fasica cl\u00e1ssica.<\/p>\n","protected":false},"excerpt":{"rendered":"<p>Estado com Arte Magazine<\/p>\n","protected":false},"author":1,"featured_media":12281,"comment_status":"open","ping_status":"open","sticky":false,"template":"","format":"standard","meta":{"site-sidebar-layout":"default","site-content-layout":"default","ast-global-header-display":"","ast-banner-title-visibility":"","ast-main-header-display":"","ast-hfb-above-header-display":"","ast-hfb-below-header-display":"","ast-hfb-mobile-header-display":"","site-post-title":"","ast-breadcrumbs-content":"","ast-featured-img":"","footer-sml-layout":"","theme-transparent-header-meta":"default","adv-header-id-meta":"","stick-header-meta":"","header-above-stick-meta":"","header-main-stick-meta":"","header-below-stick-meta":"","footnotes":""},"categories":[7],"tags":[2421],"class_list":["post-12280","post","type-post","status-publish","format-standard","has-post-thumbnail","hentry","category-cultura","tag-festival-primavera-sintra"],"yoast_head":"<!-- This site is optimized with the Yoast SEO plugin v25.1 - https:\/\/yoast.com\/wordpress\/plugins\/seo\/ -->\n<title>Concertos de Primavera em Sintra de 13 de mar\u00e7o a 30 de maio. - Estado com Arte<\/title>\n<meta name=\"robots\" content=\"index, follow, max-snippet:-1, max-image-preview:large, max-video-preview:-1\" \/>\n<link rel=\"canonical\" href=\"https:\/\/estadocomarte.pt\/site\/2026\/03\/13\/concertos-de-primavera-em-sintra-de-13-de-marco-a-30-de-maio\/\" \/>\n<meta property=\"og:locale\" content=\"pt_PT\" \/>\n<meta property=\"og:type\" content=\"article\" \/>\n<meta property=\"og:title\" content=\"Concertos de Primavera em Sintra de 13 de mar\u00e7o a 30 de maio. - Estado com Arte\" \/>\n<meta property=\"og:description\" content=\"Estado com Arte Magazine\" \/>\n<meta property=\"og:url\" content=\"https:\/\/estadocomarte.pt\/site\/2026\/03\/13\/concertos-de-primavera-em-sintra-de-13-de-marco-a-30-de-maio\/\" \/>\n<meta property=\"og:site_name\" content=\"Estado com Arte\" \/>\n<meta property=\"article:published_time\" content=\"2026-03-13T14:51:14+00:00\" \/>\n<meta property=\"article:modified_time\" content=\"2026-03-15T13:07:08+00:00\" \/>\n<meta property=\"og:image\" content=\"https:\/\/estadocomarte.pt\/site\/wp-content\/uploads\/2026\/03\/sintraprimavera.jpg\" \/>\n\t<meta property=\"og:image:width\" content=\"960\" \/>\n\t<meta property=\"og:image:height\" content=\"720\" \/>\n\t<meta property=\"og:image:type\" content=\"image\/jpeg\" \/>\n<meta name=\"author\" content=\"admin\" \/>\n<meta name=\"twitter:card\" content=\"summary_large_image\" \/>\n<meta name=\"twitter:label1\" content=\"Escrito por\" \/>\n\t<meta name=\"twitter:data1\" content=\"admin\" \/>\n\t<meta name=\"twitter:label2\" content=\"Tempo estimado de leitura\" \/>\n\t<meta name=\"twitter:data2\" content=\"3 minutos\" \/>\n<script type=\"application\/ld+json\" class=\"yoast-schema-graph\">{\"@context\":\"https:\/\/schema.org\",\"@graph\":[{\"@type\":\"Article\",\"@id\":\"https:\/\/estadocomarte.pt\/site\/2026\/03\/13\/concertos-de-primavera-em-sintra-de-13-de-marco-a-30-de-maio\/#article\",\"isPartOf\":{\"@id\":\"https:\/\/estadocomarte.pt\/site\/2026\/03\/13\/concertos-de-primavera-em-sintra-de-13-de-marco-a-30-de-maio\/\"},\"author\":{\"name\":\"admin\",\"@id\":\"https:\/\/estadocomarte.pt\/site\/#\/schema\/person\/c0943a071216c1e5b21f85304151e4ba\"},\"headline\":\"Concertos de Primavera em Sintra de 13 de mar\u00e7o a 30 de maio.\",\"datePublished\":\"2026-03-13T14:51:14+00:00\",\"dateModified\":\"2026-03-15T13:07:08+00:00\",\"mainEntityOfPage\":{\"@id\":\"https:\/\/estadocomarte.pt\/site\/2026\/03\/13\/concertos-de-primavera-em-sintra-de-13-de-marco-a-30-de-maio\/\"},\"wordCount\":460,\"commentCount\":0,\"publisher\":{\"@id\":\"https:\/\/estadocomarte.pt\/site\/#organization\"},\"image\":{\"@id\":\"https:\/\/estadocomarte.pt\/site\/2026\/03\/13\/concertos-de-primavera-em-sintra-de-13-de-marco-a-30-de-maio\/#primaryimage\"},\"thumbnailUrl\":\"https:\/\/estadocomarte.pt\/site\/wp-content\/uploads\/2026\/03\/sintraprimavera.jpg\",\"keywords\":[\"festival primavera sintra\"],\"articleSection\":[\"Cultura\"],\"inLanguage\":\"pt-PT\",\"potentialAction\":[{\"@type\":\"CommentAction\",\"name\":\"Comment\",\"target\":[\"https:\/\/estadocomarte.pt\/site\/2026\/03\/13\/concertos-de-primavera-em-sintra-de-13-de-marco-a-30-de-maio\/#respond\"]}]},{\"@type\":\"WebPage\",\"@id\":\"https:\/\/estadocomarte.pt\/site\/2026\/03\/13\/concertos-de-primavera-em-sintra-de-13-de-marco-a-30-de-maio\/\",\"url\":\"https:\/\/estadocomarte.pt\/site\/2026\/03\/13\/concertos-de-primavera-em-sintra-de-13-de-marco-a-30-de-maio\/\",\"name\":\"Concertos de Primavera em Sintra de 13 de mar\u00e7o a 30 de maio. - Estado com Arte\",\"isPartOf\":{\"@id\":\"https:\/\/estadocomarte.pt\/site\/#website\"},\"primaryImageOfPage\":{\"@id\":\"https:\/\/estadocomarte.pt\/site\/2026\/03\/13\/concertos-de-primavera-em-sintra-de-13-de-marco-a-30-de-maio\/#primaryimage\"},\"image\":{\"@id\":\"https:\/\/estadocomarte.pt\/site\/2026\/03\/13\/concertos-de-primavera-em-sintra-de-13-de-marco-a-30-de-maio\/#primaryimage\"},\"thumbnailUrl\":\"https:\/\/estadocomarte.pt\/site\/wp-content\/uploads\/2026\/03\/sintraprimavera.jpg\",\"datePublished\":\"2026-03-13T14:51:14+00:00\",\"dateModified\":\"2026-03-15T13:07:08+00:00\",\"breadcrumb\":{\"@id\":\"https:\/\/estadocomarte.pt\/site\/2026\/03\/13\/concertos-de-primavera-em-sintra-de-13-de-marco-a-30-de-maio\/#breadcrumb\"},\"inLanguage\":\"pt-PT\",\"potentialAction\":[{\"@type\":\"ReadAction\",\"target\":[\"https:\/\/estadocomarte.pt\/site\/2026\/03\/13\/concertos-de-primavera-em-sintra-de-13-de-marco-a-30-de-maio\/\"]}]},{\"@type\":\"ImageObject\",\"inLanguage\":\"pt-PT\",\"@id\":\"https:\/\/estadocomarte.pt\/site\/2026\/03\/13\/concertos-de-primavera-em-sintra-de-13-de-marco-a-30-de-maio\/#primaryimage\",\"url\":\"https:\/\/estadocomarte.pt\/site\/wp-content\/uploads\/2026\/03\/sintraprimavera.jpg\",\"contentUrl\":\"https:\/\/estadocomarte.pt\/site\/wp-content\/uploads\/2026\/03\/sintraprimavera.jpg\",\"width\":960,\"height\":720},{\"@type\":\"BreadcrumbList\",\"@id\":\"https:\/\/estadocomarte.pt\/site\/2026\/03\/13\/concertos-de-primavera-em-sintra-de-13-de-marco-a-30-de-maio\/#breadcrumb\",\"itemListElement\":[{\"@type\":\"ListItem\",\"position\":1,\"name\":\"In\u00edcio\",\"item\":\"https:\/\/estadocomarte.pt\/site\/\"},{\"@type\":\"ListItem\",\"position\":2,\"name\":\"Concertos de Primavera em Sintra de 13 de mar\u00e7o a 30 de maio.\"}]},{\"@type\":\"WebSite\",\"@id\":\"https:\/\/estadocomarte.pt\/site\/#website\",\"url\":\"https:\/\/estadocomarte.pt\/site\/\",\"name\":\"Estado com Arte Magazine\",\"description\":\"Magazine\",\"publisher\":{\"@id\":\"https:\/\/estadocomarte.pt\/site\/#organization\"},\"alternateName\":\"Magazine semanal sobre pol\u00edtica e cultura, com autores, opini\u00e3o e cr\u00edticas.\",\"potentialAction\":[{\"@type\":\"SearchAction\",\"target\":{\"@type\":\"EntryPoint\",\"urlTemplate\":\"https:\/\/estadocomarte.pt\/site\/?s={search_term_string}\"},\"query-input\":{\"@type\":\"PropertyValueSpecification\",\"valueRequired\":true,\"valueName\":\"search_term_string\"}}],\"inLanguage\":\"pt-PT\"},{\"@type\":\"Organization\",\"@id\":\"https:\/\/estadocomarte.pt\/site\/#organization\",\"name\":\"Estado com Arte Magazine\",\"alternateName\":\"Magazine semanal sobre pol\u00edtica e cultura, com autores, opini\u00e3o e cr\u00edticas.\",\"url\":\"https:\/\/estadocomarte.pt\/site\/\",\"logo\":{\"@type\":\"ImageObject\",\"inLanguage\":\"pt-PT\",\"@id\":\"https:\/\/estadocomarte.pt\/site\/#\/schema\/logo\/image\/\",\"url\":\"https:\/\/estadocomarte.pt\/site\/wp-content\/uploads\/2023\/06\/cropped-cropped-Prancheta-2@2x-100.jpg\",\"contentUrl\":\"https:\/\/estadocomarte.pt\/site\/wp-content\/uploads\/2023\/06\/cropped-cropped-Prancheta-2@2x-100.jpg\",\"width\":1777,\"height\":592,\"caption\":\"Estado com Arte Magazine\"},\"image\":{\"@id\":\"https:\/\/estadocomarte.pt\/site\/#\/schema\/logo\/image\/\"},\"sameAs\":[\"https:\/\/www.instagram.com\/estadocomartemagazine\"]},{\"@type\":\"Person\",\"@id\":\"https:\/\/estadocomarte.pt\/site\/#\/schema\/person\/c0943a071216c1e5b21f85304151e4ba\",\"name\":\"admin\",\"image\":{\"@type\":\"ImageObject\",\"inLanguage\":\"pt-PT\",\"@id\":\"https:\/\/estadocomarte.pt\/site\/#\/schema\/person\/image\/\",\"url\":\"https:\/\/secure.gravatar.com\/avatar\/e6f378fd6914c8505d3e1d40f51fa953b21bab0f3a5658a33bc84cb5bda780f9?s=96&d=mm&r=g\",\"contentUrl\":\"https:\/\/secure.gravatar.com\/avatar\/e6f378fd6914c8505d3e1d40f51fa953b21bab0f3a5658a33bc84cb5bda780f9?s=96&d=mm&r=g\",\"caption\":\"admin\"},\"sameAs\":[\"https:\/\/estadocomarte.pt\/site\"],\"url\":\"https:\/\/estadocomarte.pt\/site\/author\/admin\/\"}]}<\/script>\n<!-- \/ Yoast SEO plugin. -->","yoast_head_json":{"title":"Concertos de Primavera em Sintra de 13 de mar\u00e7o a 30 de maio. - Estado com Arte","robots":{"index":"index","follow":"follow","max-snippet":"max-snippet:-1","max-image-preview":"max-image-preview:large","max-video-preview":"max-video-preview:-1"},"canonical":"https:\/\/estadocomarte.pt\/site\/2026\/03\/13\/concertos-de-primavera-em-sintra-de-13-de-marco-a-30-de-maio\/","og_locale":"pt_PT","og_type":"article","og_title":"Concertos de Primavera em Sintra de 13 de mar\u00e7o a 30 de maio. - Estado com Arte","og_description":"Estado com Arte Magazine","og_url":"https:\/\/estadocomarte.pt\/site\/2026\/03\/13\/concertos-de-primavera-em-sintra-de-13-de-marco-a-30-de-maio\/","og_site_name":"Estado com Arte","article_published_time":"2026-03-13T14:51:14+00:00","article_modified_time":"2026-03-15T13:07:08+00:00","og_image":[{"width":960,"height":720,"url":"https:\/\/estadocomarte.pt\/site\/wp-content\/uploads\/2026\/03\/sintraprimavera.jpg","type":"image\/jpeg"}],"author":"admin","twitter_card":"summary_large_image","twitter_misc":{"Escrito por":"admin","Tempo estimado de leitura":"3 minutos"},"schema":{"@context":"https:\/\/schema.org","@graph":[{"@type":"Article","@id":"https:\/\/estadocomarte.pt\/site\/2026\/03\/13\/concertos-de-primavera-em-sintra-de-13-de-marco-a-30-de-maio\/#article","isPartOf":{"@id":"https:\/\/estadocomarte.pt\/site\/2026\/03\/13\/concertos-de-primavera-em-sintra-de-13-de-marco-a-30-de-maio\/"},"author":{"name":"admin","@id":"https:\/\/estadocomarte.pt\/site\/#\/schema\/person\/c0943a071216c1e5b21f85304151e4ba"},"headline":"Concertos de Primavera em Sintra de 13 de mar\u00e7o a 30 de maio.","datePublished":"2026-03-13T14:51:14+00:00","dateModified":"2026-03-15T13:07:08+00:00","mainEntityOfPage":{"@id":"https:\/\/estadocomarte.pt\/site\/2026\/03\/13\/concertos-de-primavera-em-sintra-de-13-de-marco-a-30-de-maio\/"},"wordCount":460,"commentCount":0,"publisher":{"@id":"https:\/\/estadocomarte.pt\/site\/#organization"},"image":{"@id":"https:\/\/estadocomarte.pt\/site\/2026\/03\/13\/concertos-de-primavera-em-sintra-de-13-de-marco-a-30-de-maio\/#primaryimage"},"thumbnailUrl":"https:\/\/estadocomarte.pt\/site\/wp-content\/uploads\/2026\/03\/sintraprimavera.jpg","keywords":["festival primavera sintra"],"articleSection":["Cultura"],"inLanguage":"pt-PT","potentialAction":[{"@type":"CommentAction","name":"Comment","target":["https:\/\/estadocomarte.pt\/site\/2026\/03\/13\/concertos-de-primavera-em-sintra-de-13-de-marco-a-30-de-maio\/#respond"]}]},{"@type":"WebPage","@id":"https:\/\/estadocomarte.pt\/site\/2026\/03\/13\/concertos-de-primavera-em-sintra-de-13-de-marco-a-30-de-maio\/","url":"https:\/\/estadocomarte.pt\/site\/2026\/03\/13\/concertos-de-primavera-em-sintra-de-13-de-marco-a-30-de-maio\/","name":"Concertos de Primavera em Sintra de 13 de mar\u00e7o a 30 de maio. - Estado com Arte","isPartOf":{"@id":"https:\/\/estadocomarte.pt\/site\/#website"},"primaryImageOfPage":{"@id":"https:\/\/estadocomarte.pt\/site\/2026\/03\/13\/concertos-de-primavera-em-sintra-de-13-de-marco-a-30-de-maio\/#primaryimage"},"image":{"@id":"https:\/\/estadocomarte.pt\/site\/2026\/03\/13\/concertos-de-primavera-em-sintra-de-13-de-marco-a-30-de-maio\/#primaryimage"},"thumbnailUrl":"https:\/\/estadocomarte.pt\/site\/wp-content\/uploads\/2026\/03\/sintraprimavera.jpg","datePublished":"2026-03-13T14:51:14+00:00","dateModified":"2026-03-15T13:07:08+00:00","breadcrumb":{"@id":"https:\/\/estadocomarte.pt\/site\/2026\/03\/13\/concertos-de-primavera-em-sintra-de-13-de-marco-a-30-de-maio\/#breadcrumb"},"inLanguage":"pt-PT","potentialAction":[{"@type":"ReadAction","target":["https:\/\/estadocomarte.pt\/site\/2026\/03\/13\/concertos-de-primavera-em-sintra-de-13-de-marco-a-30-de-maio\/"]}]},{"@type":"ImageObject","inLanguage":"pt-PT","@id":"https:\/\/estadocomarte.pt\/site\/2026\/03\/13\/concertos-de-primavera-em-sintra-de-13-de-marco-a-30-de-maio\/#primaryimage","url":"https:\/\/estadocomarte.pt\/site\/wp-content\/uploads\/2026\/03\/sintraprimavera.jpg","contentUrl":"https:\/\/estadocomarte.pt\/site\/wp-content\/uploads\/2026\/03\/sintraprimavera.jpg","width":960,"height":720},{"@type":"BreadcrumbList","@id":"https:\/\/estadocomarte.pt\/site\/2026\/03\/13\/concertos-de-primavera-em-sintra-de-13-de-marco-a-30-de-maio\/#breadcrumb","itemListElement":[{"@type":"ListItem","position":1,"name":"In\u00edcio","item":"https:\/\/estadocomarte.pt\/site\/"},{"@type":"ListItem","position":2,"name":"Concertos de Primavera em Sintra de 13 de mar\u00e7o a 30 de maio."}]},{"@type":"WebSite","@id":"https:\/\/estadocomarte.pt\/site\/#website","url":"https:\/\/estadocomarte.pt\/site\/","name":"Estado com Arte Magazine","description":"Magazine","publisher":{"@id":"https:\/\/estadocomarte.pt\/site\/#organization"},"alternateName":"Magazine semanal sobre pol\u00edtica e cultura, com autores, opini\u00e3o e cr\u00edticas.","potentialAction":[{"@type":"SearchAction","target":{"@type":"EntryPoint","urlTemplate":"https:\/\/estadocomarte.pt\/site\/?s={search_term_string}"},"query-input":{"@type":"PropertyValueSpecification","valueRequired":true,"valueName":"search_term_string"}}],"inLanguage":"pt-PT"},{"@type":"Organization","@id":"https:\/\/estadocomarte.pt\/site\/#organization","name":"Estado com Arte Magazine","alternateName":"Magazine semanal sobre pol\u00edtica e cultura, com autores, opini\u00e3o e cr\u00edticas.","url":"https:\/\/estadocomarte.pt\/site\/","logo":{"@type":"ImageObject","inLanguage":"pt-PT","@id":"https:\/\/estadocomarte.pt\/site\/#\/schema\/logo\/image\/","url":"https:\/\/estadocomarte.pt\/site\/wp-content\/uploads\/2023\/06\/cropped-cropped-Prancheta-2@2x-100.jpg","contentUrl":"https:\/\/estadocomarte.pt\/site\/wp-content\/uploads\/2023\/06\/cropped-cropped-Prancheta-2@2x-100.jpg","width":1777,"height":592,"caption":"Estado com Arte Magazine"},"image":{"@id":"https:\/\/estadocomarte.pt\/site\/#\/schema\/logo\/image\/"},"sameAs":["https:\/\/www.instagram.com\/estadocomartemagazine"]},{"@type":"Person","@id":"https:\/\/estadocomarte.pt\/site\/#\/schema\/person\/c0943a071216c1e5b21f85304151e4ba","name":"admin","image":{"@type":"ImageObject","inLanguage":"pt-PT","@id":"https:\/\/estadocomarte.pt\/site\/#\/schema\/person\/image\/","url":"https:\/\/secure.gravatar.com\/avatar\/e6f378fd6914c8505d3e1d40f51fa953b21bab0f3a5658a33bc84cb5bda780f9?s=96&d=mm&r=g","contentUrl":"https:\/\/secure.gravatar.com\/avatar\/e6f378fd6914c8505d3e1d40f51fa953b21bab0f3a5658a33bc84cb5bda780f9?s=96&d=mm&r=g","caption":"admin"},"sameAs":["https:\/\/estadocomarte.pt\/site"],"url":"https:\/\/estadocomarte.pt\/site\/author\/admin\/"}]}},"_links":{"self":[{"href":"https:\/\/estadocomarte.pt\/site\/wp-json\/wp\/v2\/posts\/12280","targetHints":{"allow":["GET"]}}],"collection":[{"href":"https:\/\/estadocomarte.pt\/site\/wp-json\/wp\/v2\/posts"}],"about":[{"href":"https:\/\/estadocomarte.pt\/site\/wp-json\/wp\/v2\/types\/post"}],"author":[{"embeddable":true,"href":"https:\/\/estadocomarte.pt\/site\/wp-json\/wp\/v2\/users\/1"}],"replies":[{"embeddable":true,"href":"https:\/\/estadocomarte.pt\/site\/wp-json\/wp\/v2\/comments?post=12280"}],"version-history":[{"count":4,"href":"https:\/\/estadocomarte.pt\/site\/wp-json\/wp\/v2\/posts\/12280\/revisions"}],"predecessor-version":[{"id":12286,"href":"https:\/\/estadocomarte.pt\/site\/wp-json\/wp\/v2\/posts\/12280\/revisions\/12286"}],"wp:featuredmedia":[{"embeddable":true,"href":"https:\/\/estadocomarte.pt\/site\/wp-json\/wp\/v2\/media\/12281"}],"wp:attachment":[{"href":"https:\/\/estadocomarte.pt\/site\/wp-json\/wp\/v2\/media?parent=12280"}],"wp:term":[{"taxonomy":"category","embeddable":true,"href":"https:\/\/estadocomarte.pt\/site\/wp-json\/wp\/v2\/categories?post=12280"},{"taxonomy":"post_tag","embeddable":true,"href":"https:\/\/estadocomarte.pt\/site\/wp-json\/wp\/v2\/tags?post=12280"}],"curies":[{"name":"wp","href":"https:\/\/api.w.org\/{rel}","templated":true}]}}