{"id":12317,"date":"2026-03-18T12:19:21","date_gmt":"2026-03-18T12:19:21","guid":{"rendered":"https:\/\/estadocomarte.pt\/site\/?p=12317"},"modified":"2026-03-18T12:26:28","modified_gmt":"2026-03-18T12:26:28","slug":"oliver-laxe-veste-adolfo-dominguez-para-apresentar-filme-sirat-nos-oscares","status":"publish","type":"post","link":"https:\/\/estadocomarte.pt\/site\/2026\/03\/18\/oliver-laxe-veste-adolfo-dominguez-para-apresentar-filme-sirat-nos-oscares\/","title":{"rendered":"\u00d3liver Laxe veste Adolfo Dom\u00ednguez para apresentar filme Sir\u00e2t nos \u00d3scares"},"content":{"rendered":"<p><strong>O realizador Oliver Laxe, de origem galega,\u00a0 j\u00e1 tinha usado a marca galega nos Pr\u00e9mios C\u00e9sar. Adolfo Dom\u00ednguez criou um conjunto especial inspirado no filme <em>Sir\u00e2t<\/em> para vestir o realizador \u00d3liver Laxe na cerim\u00f3nia dos \u00d3scares, realizada no domingo. \u00ab\u00c9 uma honra que ele nos tenha escolhido para os \u00d3scares deste ano. Inspiramo-nos diretamente no seu filme\u00bb, afirma Tiziana Dom\u00ednguez, diretora de design da casa de moda.<\/strong><\/p>\n<p><i><b>Sir\u0101t<\/b><\/i>\u00a0\u00e9 um\u00a0filme de drama\u00a0de 2025 dirigido por\u00a0\u00d3liver Laxe, com gui\u00e3o escrito em parceria com Santiago Fillol. O drama acompanha Luis (Sergi L\u00f3pez) e Esteban (Bruno N\u00fa\u00f1ez Arjona), um pai e seu filho em busca da filha e irm\u00e3 que desapareceu nos desertos do sul de\u00a0Marrocos.<\/p>\n<p>Tiziana Dom\u00ednguez explica que o fato desenhado para Laxe reflete \u00abesta tens\u00e3o entre o Ocidente, que \u00e9 mais estruturado, e o Oriente, que \u00e9 mais natural, mais l\u00e2nguido, mais sensual\u00bb.<\/p>\n<p>O filme Sir\u00e2t teve sua estreia mundial na competi\u00e7\u00e3o principal do 78\u00ba Festival de Cannes em 15 de maio de 2025, onde ganhou o Pr\u00eamio do J\u00fari. Foi lan\u00e7ado nos cinemas de Espanha em 6 de junho de 2025 pela BTeam Pictures em Fran\u00e7a em 10 de setembro de 2025 pela Pyramide Films. Foi\u00a0 o filme escolhido como o representante da Espanha para a categoria Melhor Filme Internacional no 98.\u00ba Oscar.<\/p>\n<p>H\u00e1 duas semanas, o realizador galego tamb\u00e9m escolheu um fato desenhado por Adolfo Dom\u00ednguez para assistir \u00e0 cerim\u00f3nia dos Pr\u00e9mios C\u00e9sar no Teatro Olympia, em Paris.<\/p>\n<p>A rela\u00e7\u00e3o entre Adolfo Dom\u00ednguez e \u00d3liver Laxe teve in\u00edcio h\u00e1 seis anos, com o filme\u00a0<em>O que arde<\/em>. Na cerim\u00f3nia dos Pr\u00e9mios Goya de 2020, Benedicta S\u00e1nchez foi nomeada Melhor Atriz Revela\u00e7\u00e3o e recebeu o pr\u00e9mio vestindo um vestido da marca galega, com a qual tamb\u00e9m colaborou em v\u00e1rios desfiles de moda.<\/p>\n<p>H\u00e1 duas semanas, o realizador galego tamb\u00e9m escolheu um fato desenhado por Adolfo Dom\u00ednguez para assistir \u00e0 cerim\u00f3nia dos Pr\u00e9mios C\u00e9sar no Teatro Olympia, em Paris.<\/p>\n<div class=\"ast-oembed-container\" style=\"height: 100%;\"><iframe title=\"OLIVER LAXE x ADOLFO DOM\u00cdNGUEZ\" width=\"422\" height=\"750\" src=\"https:\/\/www.youtube.com\/embed\/AjD9BrQyn5k?feature=oembed\" frameborder=\"0\" allow=\"accelerometer; autoplay; clipboard-write; encrypted-media; gyroscope; picture-in-picture; web-share\" referrerpolicy=\"strict-origin-when-cross-origin\" allowfullscreen><\/iframe><\/div>\n<p>&nbsp;<\/p>\n","protected":false},"excerpt":{"rendered":"<p>Estado com Arte Magazine<\/p>\n","protected":false},"author":1,"featured_media":12318,"comment_status":"open","ping_status":"open","sticky":false,"template":"","format":"standard","meta":{"site-sidebar-layout":"default","site-content-layout":"default","ast-global-header-display":"","ast-banner-title-visibility":"","ast-main-header-display":"","ast-hfb-above-header-display":"","ast-hfb-below-header-display":"","ast-hfb-mobile-header-display":"","site-post-title":"","ast-breadcrumbs-content":"","ast-featured-img":"","footer-sml-layout":"","theme-transparent-header-meta":"default","adv-header-id-meta":"","stick-header-meta":"","header-above-stick-meta":"","header-main-stick-meta":"","header-below-stick-meta":"","footnotes":""},"categories":[7],"tags":[2428,2429],"class_list":["post-12317","post","type-post","status-publish","format-standard","has-post-thumbnail","hentry","category-cultura","tag-filme-sirat","tag-oscares-2026"],"yoast_head":"<!-- This site is optimized with the Yoast SEO plugin v25.1 - https:\/\/yoast.com\/wordpress\/plugins\/seo\/ -->\n<title>\u00d3liver Laxe veste Adolfo Dom\u00ednguez para apresentar filme Sir\u00e2t nos \u00d3scares - Estado com Arte<\/title>\n<meta name=\"robots\" content=\"index, follow, max-snippet:-1, max-image-preview:large, max-video-preview:-1\" \/>\n<link rel=\"canonical\" href=\"https:\/\/estadocomarte.pt\/site\/2026\/03\/18\/oliver-laxe-veste-adolfo-dominguez-para-apresentar-filme-sirat-nos-oscares\/\" \/>\n<meta property=\"og:locale\" content=\"pt_PT\" \/>\n<meta property=\"og:type\" content=\"article\" \/>\n<meta property=\"og:title\" content=\"\u00d3liver Laxe veste Adolfo Dom\u00ednguez para apresentar filme Sir\u00e2t nos \u00d3scares - Estado com Arte\" \/>\n<meta property=\"og:description\" content=\"Estado com Arte Magazine\" \/>\n<meta property=\"og:url\" content=\"https:\/\/estadocomarte.pt\/site\/2026\/03\/18\/oliver-laxe-veste-adolfo-dominguez-para-apresentar-filme-sirat-nos-oscares\/\" \/>\n<meta property=\"og:site_name\" content=\"Estado com Arte\" \/>\n<meta property=\"article:published_time\" content=\"2026-03-18T12:19:21+00:00\" \/>\n<meta property=\"article:modified_time\" content=\"2026-03-18T12:26:28+00:00\" \/>\n<meta property=\"og:image\" content=\"https:\/\/estadocomarte.pt\/site\/wp-content\/uploads\/2026\/03\/oscares.png\" \/>\n\t<meta property=\"og:image:width\" content=\"1400\" \/>\n\t<meta property=\"og:image:height\" content=\"931\" \/>\n\t<meta property=\"og:image:type\" content=\"image\/png\" \/>\n<meta name=\"author\" content=\"admin\" \/>\n<meta name=\"twitter:card\" content=\"summary_large_image\" \/>\n<meta name=\"twitter:label1\" content=\"Escrito por\" \/>\n\t<meta name=\"twitter:data1\" content=\"admin\" \/>\n\t<meta name=\"twitter:label2\" content=\"Tempo estimado de leitura\" \/>\n\t<meta name=\"twitter:data2\" content=\"2 minutos\" \/>\n<script type=\"application\/ld+json\" class=\"yoast-schema-graph\">{\"@context\":\"https:\/\/schema.org\",\"@graph\":[{\"@type\":\"Article\",\"@id\":\"https:\/\/estadocomarte.pt\/site\/2026\/03\/18\/oliver-laxe-veste-adolfo-dominguez-para-apresentar-filme-sirat-nos-oscares\/#article\",\"isPartOf\":{\"@id\":\"https:\/\/estadocomarte.pt\/site\/2026\/03\/18\/oliver-laxe-veste-adolfo-dominguez-para-apresentar-filme-sirat-nos-oscares\/\"},\"author\":{\"name\":\"admin\",\"@id\":\"https:\/\/estadocomarte.pt\/site\/#\/schema\/person\/c0943a071216c1e5b21f85304151e4ba\"},\"headline\":\"\u00d3liver Laxe veste Adolfo Dom\u00ednguez para apresentar filme Sir\u00e2t nos \u00d3scares\",\"datePublished\":\"2026-03-18T12:19:21+00:00\",\"dateModified\":\"2026-03-18T12:26:28+00:00\",\"mainEntityOfPage\":{\"@id\":\"https:\/\/estadocomarte.pt\/site\/2026\/03\/18\/oliver-laxe-veste-adolfo-dominguez-para-apresentar-filme-sirat-nos-oscares\/\"},\"wordCount\":373,\"commentCount\":0,\"publisher\":{\"@id\":\"https:\/\/estadocomarte.pt\/site\/#organization\"},\"image\":{\"@id\":\"https:\/\/estadocomarte.pt\/site\/2026\/03\/18\/oliver-laxe-veste-adolfo-dominguez-para-apresentar-filme-sirat-nos-oscares\/#primaryimage\"},\"thumbnailUrl\":\"https:\/\/estadocomarte.pt\/site\/wp-content\/uploads\/2026\/03\/oscares.png\",\"keywords\":[\"filme Sir\u00e2t\",\"oscares 2026\"],\"articleSection\":[\"Cultura\"],\"inLanguage\":\"pt-PT\",\"potentialAction\":[{\"@type\":\"CommentAction\",\"name\":\"Comment\",\"target\":[\"https:\/\/estadocomarte.pt\/site\/2026\/03\/18\/oliver-laxe-veste-adolfo-dominguez-para-apresentar-filme-sirat-nos-oscares\/#respond\"]}]},{\"@type\":\"WebPage\",\"@id\":\"https:\/\/estadocomarte.pt\/site\/2026\/03\/18\/oliver-laxe-veste-adolfo-dominguez-para-apresentar-filme-sirat-nos-oscares\/\",\"url\":\"https:\/\/estadocomarte.pt\/site\/2026\/03\/18\/oliver-laxe-veste-adolfo-dominguez-para-apresentar-filme-sirat-nos-oscares\/\",\"name\":\"\u00d3liver Laxe veste Adolfo Dom\u00ednguez para apresentar filme Sir\u00e2t nos \u00d3scares - Estado com Arte\",\"isPartOf\":{\"@id\":\"https:\/\/estadocomarte.pt\/site\/#website\"},\"primaryImageOfPage\":{\"@id\":\"https:\/\/estadocomarte.pt\/site\/2026\/03\/18\/oliver-laxe-veste-adolfo-dominguez-para-apresentar-filme-sirat-nos-oscares\/#primaryimage\"},\"image\":{\"@id\":\"https:\/\/estadocomarte.pt\/site\/2026\/03\/18\/oliver-laxe-veste-adolfo-dominguez-para-apresentar-filme-sirat-nos-oscares\/#primaryimage\"},\"thumbnailUrl\":\"https:\/\/estadocomarte.pt\/site\/wp-content\/uploads\/2026\/03\/oscares.png\",\"datePublished\":\"2026-03-18T12:19:21+00:00\",\"dateModified\":\"2026-03-18T12:26:28+00:00\",\"breadcrumb\":{\"@id\":\"https:\/\/estadocomarte.pt\/site\/2026\/03\/18\/oliver-laxe-veste-adolfo-dominguez-para-apresentar-filme-sirat-nos-oscares\/#breadcrumb\"},\"inLanguage\":\"pt-PT\",\"potentialAction\":[{\"@type\":\"ReadAction\",\"target\":[\"https:\/\/estadocomarte.pt\/site\/2026\/03\/18\/oliver-laxe-veste-adolfo-dominguez-para-apresentar-filme-sirat-nos-oscares\/\"]}]},{\"@type\":\"ImageObject\",\"inLanguage\":\"pt-PT\",\"@id\":\"https:\/\/estadocomarte.pt\/site\/2026\/03\/18\/oliver-laxe-veste-adolfo-dominguez-para-apresentar-filme-sirat-nos-oscares\/#primaryimage\",\"url\":\"https:\/\/estadocomarte.pt\/site\/wp-content\/uploads\/2026\/03\/oscares.png\",\"contentUrl\":\"https:\/\/estadocomarte.pt\/site\/wp-content\/uploads\/2026\/03\/oscares.png\",\"width\":1400,\"height\":931},{\"@type\":\"BreadcrumbList\",\"@id\":\"https:\/\/estadocomarte.pt\/site\/2026\/03\/18\/oliver-laxe-veste-adolfo-dominguez-para-apresentar-filme-sirat-nos-oscares\/#breadcrumb\",\"itemListElement\":[{\"@type\":\"ListItem\",\"position\":1,\"name\":\"In\u00edcio\",\"item\":\"https:\/\/estadocomarte.pt\/site\/\"},{\"@type\":\"ListItem\",\"position\":2,\"name\":\"\u00d3liver Laxe veste Adolfo Dom\u00ednguez para apresentar filme Sir\u00e2t nos \u00d3scares\"}]},{\"@type\":\"WebSite\",\"@id\":\"https:\/\/estadocomarte.pt\/site\/#website\",\"url\":\"https:\/\/estadocomarte.pt\/site\/\",\"name\":\"Estado com Arte Magazine\",\"description\":\"Magazine\",\"publisher\":{\"@id\":\"https:\/\/estadocomarte.pt\/site\/#organization\"},\"alternateName\":\"Magazine semanal sobre pol\u00edtica e cultura, com autores, opini\u00e3o e cr\u00edticas.\",\"potentialAction\":[{\"@type\":\"SearchAction\",\"target\":{\"@type\":\"EntryPoint\",\"urlTemplate\":\"https:\/\/estadocomarte.pt\/site\/?s={search_term_string}\"},\"query-input\":{\"@type\":\"PropertyValueSpecification\",\"valueRequired\":true,\"valueName\":\"search_term_string\"}}],\"inLanguage\":\"pt-PT\"},{\"@type\":\"Organization\",\"@id\":\"https:\/\/estadocomarte.pt\/site\/#organization\",\"name\":\"Estado com Arte Magazine\",\"alternateName\":\"Magazine semanal sobre pol\u00edtica e cultura, com autores, opini\u00e3o e cr\u00edticas.\",\"url\":\"https:\/\/estadocomarte.pt\/site\/\",\"logo\":{\"@type\":\"ImageObject\",\"inLanguage\":\"pt-PT\",\"@id\":\"https:\/\/estadocomarte.pt\/site\/#\/schema\/logo\/image\/\",\"url\":\"https:\/\/estadocomarte.pt\/site\/wp-content\/uploads\/2023\/06\/cropped-cropped-Prancheta-2@2x-100.jpg\",\"contentUrl\":\"https:\/\/estadocomarte.pt\/site\/wp-content\/uploads\/2023\/06\/cropped-cropped-Prancheta-2@2x-100.jpg\",\"width\":1777,\"height\":592,\"caption\":\"Estado com Arte Magazine\"},\"image\":{\"@id\":\"https:\/\/estadocomarte.pt\/site\/#\/schema\/logo\/image\/\"},\"sameAs\":[\"https:\/\/www.instagram.com\/estadocomartemagazine\"]},{\"@type\":\"Person\",\"@id\":\"https:\/\/estadocomarte.pt\/site\/#\/schema\/person\/c0943a071216c1e5b21f85304151e4ba\",\"name\":\"admin\",\"image\":{\"@type\":\"ImageObject\",\"inLanguage\":\"pt-PT\",\"@id\":\"https:\/\/estadocomarte.pt\/site\/#\/schema\/person\/image\/\",\"url\":\"https:\/\/secure.gravatar.com\/avatar\/e6f378fd6914c8505d3e1d40f51fa953b21bab0f3a5658a33bc84cb5bda780f9?s=96&d=mm&r=g\",\"contentUrl\":\"https:\/\/secure.gravatar.com\/avatar\/e6f378fd6914c8505d3e1d40f51fa953b21bab0f3a5658a33bc84cb5bda780f9?s=96&d=mm&r=g\",\"caption\":\"admin\"},\"sameAs\":[\"https:\/\/estadocomarte.pt\/site\"],\"url\":\"https:\/\/estadocomarte.pt\/site\/author\/admin\/\"}]}<\/script>\n<!-- \/ Yoast SEO plugin. -->","yoast_head_json":{"title":"\u00d3liver Laxe veste Adolfo Dom\u00ednguez para apresentar filme Sir\u00e2t nos \u00d3scares - Estado com Arte","robots":{"index":"index","follow":"follow","max-snippet":"max-snippet:-1","max-image-preview":"max-image-preview:large","max-video-preview":"max-video-preview:-1"},"canonical":"https:\/\/estadocomarte.pt\/site\/2026\/03\/18\/oliver-laxe-veste-adolfo-dominguez-para-apresentar-filme-sirat-nos-oscares\/","og_locale":"pt_PT","og_type":"article","og_title":"\u00d3liver Laxe veste Adolfo Dom\u00ednguez para apresentar filme Sir\u00e2t nos \u00d3scares - Estado com Arte","og_description":"Estado com Arte Magazine","og_url":"https:\/\/estadocomarte.pt\/site\/2026\/03\/18\/oliver-laxe-veste-adolfo-dominguez-para-apresentar-filme-sirat-nos-oscares\/","og_site_name":"Estado com Arte","article_published_time":"2026-03-18T12:19:21+00:00","article_modified_time":"2026-03-18T12:26:28+00:00","og_image":[{"width":1400,"height":931,"url":"https:\/\/estadocomarte.pt\/site\/wp-content\/uploads\/2026\/03\/oscares.png","type":"image\/png"}],"author":"admin","twitter_card":"summary_large_image","twitter_misc":{"Escrito por":"admin","Tempo estimado de leitura":"2 minutos"},"schema":{"@context":"https:\/\/schema.org","@graph":[{"@type":"Article","@id":"https:\/\/estadocomarte.pt\/site\/2026\/03\/18\/oliver-laxe-veste-adolfo-dominguez-para-apresentar-filme-sirat-nos-oscares\/#article","isPartOf":{"@id":"https:\/\/estadocomarte.pt\/site\/2026\/03\/18\/oliver-laxe-veste-adolfo-dominguez-para-apresentar-filme-sirat-nos-oscares\/"},"author":{"name":"admin","@id":"https:\/\/estadocomarte.pt\/site\/#\/schema\/person\/c0943a071216c1e5b21f85304151e4ba"},"headline":"\u00d3liver Laxe veste Adolfo Dom\u00ednguez para apresentar filme Sir\u00e2t nos \u00d3scares","datePublished":"2026-03-18T12:19:21+00:00","dateModified":"2026-03-18T12:26:28+00:00","mainEntityOfPage":{"@id":"https:\/\/estadocomarte.pt\/site\/2026\/03\/18\/oliver-laxe-veste-adolfo-dominguez-para-apresentar-filme-sirat-nos-oscares\/"},"wordCount":373,"commentCount":0,"publisher":{"@id":"https:\/\/estadocomarte.pt\/site\/#organization"},"image":{"@id":"https:\/\/estadocomarte.pt\/site\/2026\/03\/18\/oliver-laxe-veste-adolfo-dominguez-para-apresentar-filme-sirat-nos-oscares\/#primaryimage"},"thumbnailUrl":"https:\/\/estadocomarte.pt\/site\/wp-content\/uploads\/2026\/03\/oscares.png","keywords":["filme Sir\u00e2t","oscares 2026"],"articleSection":["Cultura"],"inLanguage":"pt-PT","potentialAction":[{"@type":"CommentAction","name":"Comment","target":["https:\/\/estadocomarte.pt\/site\/2026\/03\/18\/oliver-laxe-veste-adolfo-dominguez-para-apresentar-filme-sirat-nos-oscares\/#respond"]}]},{"@type":"WebPage","@id":"https:\/\/estadocomarte.pt\/site\/2026\/03\/18\/oliver-laxe-veste-adolfo-dominguez-para-apresentar-filme-sirat-nos-oscares\/","url":"https:\/\/estadocomarte.pt\/site\/2026\/03\/18\/oliver-laxe-veste-adolfo-dominguez-para-apresentar-filme-sirat-nos-oscares\/","name":"\u00d3liver Laxe veste Adolfo Dom\u00ednguez para apresentar filme Sir\u00e2t nos \u00d3scares - Estado com Arte","isPartOf":{"@id":"https:\/\/estadocomarte.pt\/site\/#website"},"primaryImageOfPage":{"@id":"https:\/\/estadocomarte.pt\/site\/2026\/03\/18\/oliver-laxe-veste-adolfo-dominguez-para-apresentar-filme-sirat-nos-oscares\/#primaryimage"},"image":{"@id":"https:\/\/estadocomarte.pt\/site\/2026\/03\/18\/oliver-laxe-veste-adolfo-dominguez-para-apresentar-filme-sirat-nos-oscares\/#primaryimage"},"thumbnailUrl":"https:\/\/estadocomarte.pt\/site\/wp-content\/uploads\/2026\/03\/oscares.png","datePublished":"2026-03-18T12:19:21+00:00","dateModified":"2026-03-18T12:26:28+00:00","breadcrumb":{"@id":"https:\/\/estadocomarte.pt\/site\/2026\/03\/18\/oliver-laxe-veste-adolfo-dominguez-para-apresentar-filme-sirat-nos-oscares\/#breadcrumb"},"inLanguage":"pt-PT","potentialAction":[{"@type":"ReadAction","target":["https:\/\/estadocomarte.pt\/site\/2026\/03\/18\/oliver-laxe-veste-adolfo-dominguez-para-apresentar-filme-sirat-nos-oscares\/"]}]},{"@type":"ImageObject","inLanguage":"pt-PT","@id":"https:\/\/estadocomarte.pt\/site\/2026\/03\/18\/oliver-laxe-veste-adolfo-dominguez-para-apresentar-filme-sirat-nos-oscares\/#primaryimage","url":"https:\/\/estadocomarte.pt\/site\/wp-content\/uploads\/2026\/03\/oscares.png","contentUrl":"https:\/\/estadocomarte.pt\/site\/wp-content\/uploads\/2026\/03\/oscares.png","width":1400,"height":931},{"@type":"BreadcrumbList","@id":"https:\/\/estadocomarte.pt\/site\/2026\/03\/18\/oliver-laxe-veste-adolfo-dominguez-para-apresentar-filme-sirat-nos-oscares\/#breadcrumb","itemListElement":[{"@type":"ListItem","position":1,"name":"In\u00edcio","item":"https:\/\/estadocomarte.pt\/site\/"},{"@type":"ListItem","position":2,"name":"\u00d3liver Laxe veste Adolfo Dom\u00ednguez para apresentar filme Sir\u00e2t nos \u00d3scares"}]},{"@type":"WebSite","@id":"https:\/\/estadocomarte.pt\/site\/#website","url":"https:\/\/estadocomarte.pt\/site\/","name":"Estado com Arte Magazine","description":"Magazine","publisher":{"@id":"https:\/\/estadocomarte.pt\/site\/#organization"},"alternateName":"Magazine semanal sobre pol\u00edtica e cultura, com autores, opini\u00e3o e cr\u00edticas.","potentialAction":[{"@type":"SearchAction","target":{"@type":"EntryPoint","urlTemplate":"https:\/\/estadocomarte.pt\/site\/?s={search_term_string}"},"query-input":{"@type":"PropertyValueSpecification","valueRequired":true,"valueName":"search_term_string"}}],"inLanguage":"pt-PT"},{"@type":"Organization","@id":"https:\/\/estadocomarte.pt\/site\/#organization","name":"Estado com Arte Magazine","alternateName":"Magazine semanal sobre pol\u00edtica e cultura, com autores, opini\u00e3o e cr\u00edticas.","url":"https:\/\/estadocomarte.pt\/site\/","logo":{"@type":"ImageObject","inLanguage":"pt-PT","@id":"https:\/\/estadocomarte.pt\/site\/#\/schema\/logo\/image\/","url":"https:\/\/estadocomarte.pt\/site\/wp-content\/uploads\/2023\/06\/cropped-cropped-Prancheta-2@2x-100.jpg","contentUrl":"https:\/\/estadocomarte.pt\/site\/wp-content\/uploads\/2023\/06\/cropped-cropped-Prancheta-2@2x-100.jpg","width":1777,"height":592,"caption":"Estado com Arte Magazine"},"image":{"@id":"https:\/\/estadocomarte.pt\/site\/#\/schema\/logo\/image\/"},"sameAs":["https:\/\/www.instagram.com\/estadocomartemagazine"]},{"@type":"Person","@id":"https:\/\/estadocomarte.pt\/site\/#\/schema\/person\/c0943a071216c1e5b21f85304151e4ba","name":"admin","image":{"@type":"ImageObject","inLanguage":"pt-PT","@id":"https:\/\/estadocomarte.pt\/site\/#\/schema\/person\/image\/","url":"https:\/\/secure.gravatar.com\/avatar\/e6f378fd6914c8505d3e1d40f51fa953b21bab0f3a5658a33bc84cb5bda780f9?s=96&d=mm&r=g","contentUrl":"https:\/\/secure.gravatar.com\/avatar\/e6f378fd6914c8505d3e1d40f51fa953b21bab0f3a5658a33bc84cb5bda780f9?s=96&d=mm&r=g","caption":"admin"},"sameAs":["https:\/\/estadocomarte.pt\/site"],"url":"https:\/\/estadocomarte.pt\/site\/author\/admin\/"}]}},"_links":{"self":[{"href":"https:\/\/estadocomarte.pt\/site\/wp-json\/wp\/v2\/posts\/12317","targetHints":{"allow":["GET"]}}],"collection":[{"href":"https:\/\/estadocomarte.pt\/site\/wp-json\/wp\/v2\/posts"}],"about":[{"href":"https:\/\/estadocomarte.pt\/site\/wp-json\/wp\/v2\/types\/post"}],"author":[{"embeddable":true,"href":"https:\/\/estadocomarte.pt\/site\/wp-json\/wp\/v2\/users\/1"}],"replies":[{"embeddable":true,"href":"https:\/\/estadocomarte.pt\/site\/wp-json\/wp\/v2\/comments?post=12317"}],"version-history":[{"count":3,"href":"https:\/\/estadocomarte.pt\/site\/wp-json\/wp\/v2\/posts\/12317\/revisions"}],"predecessor-version":[{"id":12323,"href":"https:\/\/estadocomarte.pt\/site\/wp-json\/wp\/v2\/posts\/12317\/revisions\/12323"}],"wp:featuredmedia":[{"embeddable":true,"href":"https:\/\/estadocomarte.pt\/site\/wp-json\/wp\/v2\/media\/12318"}],"wp:attachment":[{"href":"https:\/\/estadocomarte.pt\/site\/wp-json\/wp\/v2\/media?parent=12317"}],"wp:term":[{"taxonomy":"category","embeddable":true,"href":"https:\/\/estadocomarte.pt\/site\/wp-json\/wp\/v2\/categories?post=12317"},{"taxonomy":"post_tag","embeddable":true,"href":"https:\/\/estadocomarte.pt\/site\/wp-json\/wp\/v2\/tags?post=12317"}],"curies":[{"name":"wp","href":"https:\/\/api.w.org\/{rel}","templated":true}]}}