{"id":12331,"date":"2026-03-25T16:29:44","date_gmt":"2026-03-25T16:29:44","guid":{"rendered":"https:\/\/estadocomarte.pt\/site\/?p=12331"},"modified":"2026-03-25T21:26:31","modified_gmt":"2026-03-25T21:26:31","slug":"hospital-qual-estudo-qual-novo-hospital","status":"publish","type":"post","link":"https:\/\/estadocomarte.pt\/site\/2026\/03\/25\/hospital-qual-estudo-qual-novo-hospital\/","title":{"rendered":"HOSPITAL? QUAL ESTUDO? QUAL NOVO HOSPITAL?"},"content":{"rendered":"<p><strong>Agora aqui muito baixinho s\u00f3 para n\u00f3s que ningu\u00e9m nos ouve, quem est\u00e1 a ser gozado n\u00e3o s\u00e3o os caldenses, \u00e9 o oeste no seu todo. N\u00e3o car\u00edssimos, n\u00e3o vem a\u00ed nenhum hospital para as Caldas nem para o Bombarral que \u00e9 Torres Vedras, aprendam a n\u00e3o acreditar na palavra de um pol\u00edtico, fiquem atentos \u00e9 aos sinais que ele vos d\u00e1.<\/strong><\/p>\n<p>Durante a campanha eleitoral para as elei\u00e7\u00f5es aut\u00e1rquicas, j\u00e1 l\u00e1 v\u00e3o seis meses, o primeiro-ministro Lu\u00eds Montenegro veio a Caldas da Rainha fazer a campanha do seu partido e n\u00e3o tendo nada de s\u00e9rio para dizer aos caldenses anunciou a prop\u00f3sito do novo hospital do oeste, que\u00a0<em>\u201ca decis\u00e3o ser\u00e1 a que resultar do processo de avalia\u00e7\u00e3o aprofundado, fundamentado com todas as consequ\u00eancias\u201d<\/em>, n\u00e3o sabemos bem o que isto quer dizer, mas chama-se conversa da treta e l\u00e1 foi esclarecendo que iria mandar \u00e0s malvas o tal estudo que por a\u00ed foi feito e do qual resultou que a localiza\u00e7\u00e3o seria algures no Bombarral que \u00e9 Torres Vedras (exatamente aquela que em Junho de 2023 o ministro Pizarro socialista, com a mesma leviandade veio tamb\u00e9m anunciar), para mandar fazer outro estudo, agora sim uma coisa a s\u00e9rio.<\/p>\n<p>A quest\u00e3o que se coloca \u00e9, seis meses depois, o que \u00e9 que os sociais-democratas caldenses t\u00e3o expeditos e influentes a trazer uma d\u00fazia de ministros \u00e0s Caldas para fazerem campanha eleitoral, j\u00e1 fizeram ou influenciaram junto do governo para que o tal outro estudo sobre o novo hospital do oeste, prometido l\u00e1 pelo chefe, se execute? Se n\u00e3o fizeram, o que esperam para fazer? \u00c9 que a ficar assim ser\u00e3o coniventes com o embuste perpetrado pelo Lu\u00eds e todos ficamos a saber que afinal aquilo que parecia ser, foi mesmo s\u00f3 conversa de lixeira de campanha eleitoral.<\/p>\n<p>Entretanto, sabe-se que o munic\u00edpio caldense pediu j\u00e1 h\u00e1 alguns meses uma reuni\u00e3o \u00e0 ministra da sa\u00fade, essa mesma que anda por a\u00ed a encerrar servi\u00e7os por todos os lados em todos os hospitais e que ainda nem obteve resposta da dita cuja. Talvez fosse boa ideia convid\u00e1-la para um jantar de campanha eleitoral e ela viria em passo de corrida, ou em alternativa que viesse com a mesma rapidez com que h\u00e1 dois dias foi ao programa do \u201cgozar com quem trabalha\u201d.<\/p>\n<p>O que n\u00e3o podemos permitir \u00e9 que a senhora ande a gozar com os caldenses e os seus autarcas, que a esta hora em meu entender j\u00e1 deveriam ter convocado uma confer\u00eancia de imprensa denunciando este enorme embuste de que os caldenses est\u00e3o a ser v\u00edtimas e dado no m\u00ednimo dois murros na mesa, porque h\u00e1 d\u00e9cadas que as Caldas da Rainha anda a ser literalmente desprezada e ostensivamente gozada por sucessivos governos do PS e do PSD, de nada lhe valendo a inutilidade de ter deputados de um ou do outro partido.<\/p>\n<p>Agora aqui muito baixinho s\u00f3 para n\u00f3s que ningu\u00e9m nos ouve, quem est\u00e1 a ser gozado n\u00e3o s\u00e3o os caldenses, \u00e9 o oeste no seu todo. N\u00e3o car\u00edssimos, n\u00e3o vem a\u00ed nenhum hospital para as Caldas nem para o Bombarral que \u00e9 Torres Vedras, aprendam a n\u00e3o acreditar na palavra de um pol\u00edtico, fiquem atentos \u00e9 aos sinais que ele vos d\u00e1 e reparem que no or\u00e7amento de estado de 2026 n\u00e3o existe nenhuma verbazinha para o tal novo hospital do oeste, ent\u00e3o como \u00e9 que se constr\u00f3i um hospital sem dinheiro, mesmo para um projeto que fosse? Pois, n\u00e3o constr\u00f3i nem projeta. A\u00ed est\u00e1 um sinal.<\/p>\n<p>E n\u00e3o repararam na leviandade com que o ministro socialista Pizarro anunciou a localiza\u00e7\u00e3o do hospital, com base num estudo que n\u00e3o foi o governo que mandou fazer, que n\u00e3o cumpria crit\u00e9rios cient\u00edficos nem crit\u00e9rios territoriais s\u00e9rios? Pois, outro sinal. Ou na forma n\u00e3o menos leviana como o primeiro-ministro, este do PSD, atirou ao lixo o estudo que era bom para o outro e disse que iria mandar fazer novo estudo? Pois, outro sinal.<\/p>\n<p>Ao mesmo tempo, vejam as not\u00edcias, fiquem atentos e reparem em quantos hospitais e cl\u00ednicas privadas dos grandes grupos de sa\u00fade andam por a\u00ed a ser licenciados e contru\u00eddos\u2026, vamos l\u00e1 ent\u00e3o estar mais atentos. Pois, outro sinal. E se formos ao historial deste processo do novo hospital do oeste, os sinais s\u00e3o \u00e0s dezenas e repetem-se governo ap\u00f3s governo.<\/p>\n<p>Sim, \u00e9 isso, andamos todos a ser ludibriados.<\/p>\n","protected":false},"excerpt":{"rendered":"<p>Rui Gon\u00e7alves, Arquitecto<\/p>\n","protected":false},"author":1,"featured_media":2202,"comment_status":"open","ping_status":"open","sticky":false,"template":"","format":"standard","meta":{"site-sidebar-layout":"default","site-content-layout":"default","ast-global-header-display":"","ast-banner-title-visibility":"","ast-main-header-display":"","ast-hfb-above-header-display":"","ast-hfb-below-header-display":"","ast-hfb-mobile-header-display":"","site-post-title":"","ast-breadcrumbs-content":"","ast-featured-img":"","footer-sml-layout":"","theme-transparent-header-meta":"default","adv-header-id-meta":"","stick-header-meta":"","header-above-stick-meta":"","header-main-stick-meta":"","header-below-stick-meta":"","footnotes":""},"categories":[11],"tags":[2433,233],"class_list":["post-12331","post","type-post","status-publish","format-standard","has-post-thumbnail","hentry","category-opiniao","tag-hospital-novo-das-caldas","tag-rui-goncalves"],"yoast_head":"<!-- This site is optimized with the Yoast SEO plugin v25.1 - https:\/\/yoast.com\/wordpress\/plugins\/seo\/ -->\n<title>HOSPITAL? QUAL ESTUDO? QUAL NOVO HOSPITAL? - Estado com Arte<\/title>\n<meta name=\"robots\" content=\"index, follow, max-snippet:-1, max-image-preview:large, max-video-preview:-1\" \/>\n<link rel=\"canonical\" href=\"https:\/\/estadocomarte.pt\/site\/2026\/03\/25\/hospital-qual-estudo-qual-novo-hospital\/\" \/>\n<meta property=\"og:locale\" content=\"pt_PT\" \/>\n<meta property=\"og:type\" content=\"article\" \/>\n<meta property=\"og:title\" content=\"HOSPITAL? QUAL ESTUDO? QUAL NOVO HOSPITAL? - Estado com Arte\" \/>\n<meta property=\"og:description\" content=\"Rui Gon\u00e7alves, Arquitecto\" \/>\n<meta property=\"og:url\" content=\"https:\/\/estadocomarte.pt\/site\/2026\/03\/25\/hospital-qual-estudo-qual-novo-hospital\/\" \/>\n<meta property=\"og:site_name\" content=\"Estado com Arte\" \/>\n<meta property=\"article:published_time\" content=\"2026-03-25T16:29:44+00:00\" \/>\n<meta property=\"article:modified_time\" content=\"2026-03-25T21:26:31+00:00\" \/>\n<meta property=\"og:image\" content=\"https:\/\/estadocomarte.pt\/site\/wp-content\/uploads\/2023\/08\/Rui-Goncalves.jpg\" \/>\n\t<meta property=\"og:image:width\" content=\"536\" \/>\n\t<meta property=\"og:image:height\" content=\"632\" \/>\n\t<meta property=\"og:image:type\" content=\"image\/jpeg\" \/>\n<meta name=\"author\" content=\"admin\" \/>\n<meta name=\"twitter:card\" content=\"summary_large_image\" \/>\n<meta name=\"twitter:label1\" content=\"Escrito por\" \/>\n\t<meta name=\"twitter:data1\" content=\"admin\" \/>\n\t<meta name=\"twitter:label2\" content=\"Tempo estimado de leitura\" \/>\n\t<meta name=\"twitter:data2\" content=\"5 minutos\" \/>\n<script type=\"application\/ld+json\" class=\"yoast-schema-graph\">{\"@context\":\"https:\/\/schema.org\",\"@graph\":[{\"@type\":\"Article\",\"@id\":\"https:\/\/estadocomarte.pt\/site\/2026\/03\/25\/hospital-qual-estudo-qual-novo-hospital\/#article\",\"isPartOf\":{\"@id\":\"https:\/\/estadocomarte.pt\/site\/2026\/03\/25\/hospital-qual-estudo-qual-novo-hospital\/\"},\"author\":{\"name\":\"admin\",\"@id\":\"https:\/\/estadocomarte.pt\/site\/#\/schema\/person\/c0943a071216c1e5b21f85304151e4ba\"},\"headline\":\"HOSPITAL? QUAL ESTUDO? QUAL NOVO HOSPITAL?\",\"datePublished\":\"2026-03-25T16:29:44+00:00\",\"dateModified\":\"2026-03-25T21:26:31+00:00\",\"mainEntityOfPage\":{\"@id\":\"https:\/\/estadocomarte.pt\/site\/2026\/03\/25\/hospital-qual-estudo-qual-novo-hospital\/\"},\"wordCount\":783,\"commentCount\":0,\"publisher\":{\"@id\":\"https:\/\/estadocomarte.pt\/site\/#organization\"},\"image\":{\"@id\":\"https:\/\/estadocomarte.pt\/site\/2026\/03\/25\/hospital-qual-estudo-qual-novo-hospital\/#primaryimage\"},\"thumbnailUrl\":\"https:\/\/estadocomarte.pt\/site\/wp-content\/uploads\/2023\/08\/Rui-Goncalves.jpg\",\"keywords\":[\"hospital novo das Caldas\",\"rui gon\u00e7alves\"],\"articleSection\":[\"Opini\u00e3o\"],\"inLanguage\":\"pt-PT\",\"potentialAction\":[{\"@type\":\"CommentAction\",\"name\":\"Comment\",\"target\":[\"https:\/\/estadocomarte.pt\/site\/2026\/03\/25\/hospital-qual-estudo-qual-novo-hospital\/#respond\"]}]},{\"@type\":\"WebPage\",\"@id\":\"https:\/\/estadocomarte.pt\/site\/2026\/03\/25\/hospital-qual-estudo-qual-novo-hospital\/\",\"url\":\"https:\/\/estadocomarte.pt\/site\/2026\/03\/25\/hospital-qual-estudo-qual-novo-hospital\/\",\"name\":\"HOSPITAL? QUAL ESTUDO? QUAL NOVO HOSPITAL? - Estado com Arte\",\"isPartOf\":{\"@id\":\"https:\/\/estadocomarte.pt\/site\/#website\"},\"primaryImageOfPage\":{\"@id\":\"https:\/\/estadocomarte.pt\/site\/2026\/03\/25\/hospital-qual-estudo-qual-novo-hospital\/#primaryimage\"},\"image\":{\"@id\":\"https:\/\/estadocomarte.pt\/site\/2026\/03\/25\/hospital-qual-estudo-qual-novo-hospital\/#primaryimage\"},\"thumbnailUrl\":\"https:\/\/estadocomarte.pt\/site\/wp-content\/uploads\/2023\/08\/Rui-Goncalves.jpg\",\"datePublished\":\"2026-03-25T16:29:44+00:00\",\"dateModified\":\"2026-03-25T21:26:31+00:00\",\"breadcrumb\":{\"@id\":\"https:\/\/estadocomarte.pt\/site\/2026\/03\/25\/hospital-qual-estudo-qual-novo-hospital\/#breadcrumb\"},\"inLanguage\":\"pt-PT\",\"potentialAction\":[{\"@type\":\"ReadAction\",\"target\":[\"https:\/\/estadocomarte.pt\/site\/2026\/03\/25\/hospital-qual-estudo-qual-novo-hospital\/\"]}]},{\"@type\":\"ImageObject\",\"inLanguage\":\"pt-PT\",\"@id\":\"https:\/\/estadocomarte.pt\/site\/2026\/03\/25\/hospital-qual-estudo-qual-novo-hospital\/#primaryimage\",\"url\":\"https:\/\/estadocomarte.pt\/site\/wp-content\/uploads\/2023\/08\/Rui-Goncalves.jpg\",\"contentUrl\":\"https:\/\/estadocomarte.pt\/site\/wp-content\/uploads\/2023\/08\/Rui-Goncalves.jpg\",\"width\":536,\"height\":632,\"caption\":\"Rui Gon\u00e7alvez\"},{\"@type\":\"BreadcrumbList\",\"@id\":\"https:\/\/estadocomarte.pt\/site\/2026\/03\/25\/hospital-qual-estudo-qual-novo-hospital\/#breadcrumb\",\"itemListElement\":[{\"@type\":\"ListItem\",\"position\":1,\"name\":\"In\u00edcio\",\"item\":\"https:\/\/estadocomarte.pt\/site\/\"},{\"@type\":\"ListItem\",\"position\":2,\"name\":\"HOSPITAL? QUAL ESTUDO? QUAL NOVO HOSPITAL?\"}]},{\"@type\":\"WebSite\",\"@id\":\"https:\/\/estadocomarte.pt\/site\/#website\",\"url\":\"https:\/\/estadocomarte.pt\/site\/\",\"name\":\"Estado com Arte Magazine\",\"description\":\"Magazine\",\"publisher\":{\"@id\":\"https:\/\/estadocomarte.pt\/site\/#organization\"},\"alternateName\":\"Magazine semanal sobre pol\u00edtica e cultura, com autores, opini\u00e3o e cr\u00edticas.\",\"potentialAction\":[{\"@type\":\"SearchAction\",\"target\":{\"@type\":\"EntryPoint\",\"urlTemplate\":\"https:\/\/estadocomarte.pt\/site\/?s={search_term_string}\"},\"query-input\":{\"@type\":\"PropertyValueSpecification\",\"valueRequired\":true,\"valueName\":\"search_term_string\"}}],\"inLanguage\":\"pt-PT\"},{\"@type\":\"Organization\",\"@id\":\"https:\/\/estadocomarte.pt\/site\/#organization\",\"name\":\"Estado com Arte Magazine\",\"alternateName\":\"Magazine semanal sobre pol\u00edtica e cultura, com autores, opini\u00e3o e cr\u00edticas.\",\"url\":\"https:\/\/estadocomarte.pt\/site\/\",\"logo\":{\"@type\":\"ImageObject\",\"inLanguage\":\"pt-PT\",\"@id\":\"https:\/\/estadocomarte.pt\/site\/#\/schema\/logo\/image\/\",\"url\":\"https:\/\/estadocomarte.pt\/site\/wp-content\/uploads\/2023\/06\/cropped-cropped-Prancheta-2@2x-100.jpg\",\"contentUrl\":\"https:\/\/estadocomarte.pt\/site\/wp-content\/uploads\/2023\/06\/cropped-cropped-Prancheta-2@2x-100.jpg\",\"width\":1777,\"height\":592,\"caption\":\"Estado com Arte Magazine\"},\"image\":{\"@id\":\"https:\/\/estadocomarte.pt\/site\/#\/schema\/logo\/image\/\"},\"sameAs\":[\"https:\/\/www.instagram.com\/estadocomartemagazine\"]},{\"@type\":\"Person\",\"@id\":\"https:\/\/estadocomarte.pt\/site\/#\/schema\/person\/c0943a071216c1e5b21f85304151e4ba\",\"name\":\"admin\",\"image\":{\"@type\":\"ImageObject\",\"inLanguage\":\"pt-PT\",\"@id\":\"https:\/\/estadocomarte.pt\/site\/#\/schema\/person\/image\/\",\"url\":\"https:\/\/secure.gravatar.com\/avatar\/e6f378fd6914c8505d3e1d40f51fa953b21bab0f3a5658a33bc84cb5bda780f9?s=96&d=mm&r=g\",\"contentUrl\":\"https:\/\/secure.gravatar.com\/avatar\/e6f378fd6914c8505d3e1d40f51fa953b21bab0f3a5658a33bc84cb5bda780f9?s=96&d=mm&r=g\",\"caption\":\"admin\"},\"sameAs\":[\"https:\/\/estadocomarte.pt\/site\"],\"url\":\"https:\/\/estadocomarte.pt\/site\/author\/admin\/\"}]}<\/script>\n<!-- \/ Yoast SEO plugin. -->","yoast_head_json":{"title":"HOSPITAL? QUAL ESTUDO? QUAL NOVO HOSPITAL? - Estado com Arte","robots":{"index":"index","follow":"follow","max-snippet":"max-snippet:-1","max-image-preview":"max-image-preview:large","max-video-preview":"max-video-preview:-1"},"canonical":"https:\/\/estadocomarte.pt\/site\/2026\/03\/25\/hospital-qual-estudo-qual-novo-hospital\/","og_locale":"pt_PT","og_type":"article","og_title":"HOSPITAL? QUAL ESTUDO? QUAL NOVO HOSPITAL? - Estado com Arte","og_description":"Rui Gon\u00e7alves, Arquitecto","og_url":"https:\/\/estadocomarte.pt\/site\/2026\/03\/25\/hospital-qual-estudo-qual-novo-hospital\/","og_site_name":"Estado com Arte","article_published_time":"2026-03-25T16:29:44+00:00","article_modified_time":"2026-03-25T21:26:31+00:00","og_image":[{"width":536,"height":632,"url":"https:\/\/estadocomarte.pt\/site\/wp-content\/uploads\/2023\/08\/Rui-Goncalves.jpg","type":"image\/jpeg"}],"author":"admin","twitter_card":"summary_large_image","twitter_misc":{"Escrito por":"admin","Tempo estimado de leitura":"5 minutos"},"schema":{"@context":"https:\/\/schema.org","@graph":[{"@type":"Article","@id":"https:\/\/estadocomarte.pt\/site\/2026\/03\/25\/hospital-qual-estudo-qual-novo-hospital\/#article","isPartOf":{"@id":"https:\/\/estadocomarte.pt\/site\/2026\/03\/25\/hospital-qual-estudo-qual-novo-hospital\/"},"author":{"name":"admin","@id":"https:\/\/estadocomarte.pt\/site\/#\/schema\/person\/c0943a071216c1e5b21f85304151e4ba"},"headline":"HOSPITAL? QUAL ESTUDO? QUAL NOVO HOSPITAL?","datePublished":"2026-03-25T16:29:44+00:00","dateModified":"2026-03-25T21:26:31+00:00","mainEntityOfPage":{"@id":"https:\/\/estadocomarte.pt\/site\/2026\/03\/25\/hospital-qual-estudo-qual-novo-hospital\/"},"wordCount":783,"commentCount":0,"publisher":{"@id":"https:\/\/estadocomarte.pt\/site\/#organization"},"image":{"@id":"https:\/\/estadocomarte.pt\/site\/2026\/03\/25\/hospital-qual-estudo-qual-novo-hospital\/#primaryimage"},"thumbnailUrl":"https:\/\/estadocomarte.pt\/site\/wp-content\/uploads\/2023\/08\/Rui-Goncalves.jpg","keywords":["hospital novo das Caldas","rui gon\u00e7alves"],"articleSection":["Opini\u00e3o"],"inLanguage":"pt-PT","potentialAction":[{"@type":"CommentAction","name":"Comment","target":["https:\/\/estadocomarte.pt\/site\/2026\/03\/25\/hospital-qual-estudo-qual-novo-hospital\/#respond"]}]},{"@type":"WebPage","@id":"https:\/\/estadocomarte.pt\/site\/2026\/03\/25\/hospital-qual-estudo-qual-novo-hospital\/","url":"https:\/\/estadocomarte.pt\/site\/2026\/03\/25\/hospital-qual-estudo-qual-novo-hospital\/","name":"HOSPITAL? QUAL ESTUDO? QUAL NOVO HOSPITAL? - Estado com Arte","isPartOf":{"@id":"https:\/\/estadocomarte.pt\/site\/#website"},"primaryImageOfPage":{"@id":"https:\/\/estadocomarte.pt\/site\/2026\/03\/25\/hospital-qual-estudo-qual-novo-hospital\/#primaryimage"},"image":{"@id":"https:\/\/estadocomarte.pt\/site\/2026\/03\/25\/hospital-qual-estudo-qual-novo-hospital\/#primaryimage"},"thumbnailUrl":"https:\/\/estadocomarte.pt\/site\/wp-content\/uploads\/2023\/08\/Rui-Goncalves.jpg","datePublished":"2026-03-25T16:29:44+00:00","dateModified":"2026-03-25T21:26:31+00:00","breadcrumb":{"@id":"https:\/\/estadocomarte.pt\/site\/2026\/03\/25\/hospital-qual-estudo-qual-novo-hospital\/#breadcrumb"},"inLanguage":"pt-PT","potentialAction":[{"@type":"ReadAction","target":["https:\/\/estadocomarte.pt\/site\/2026\/03\/25\/hospital-qual-estudo-qual-novo-hospital\/"]}]},{"@type":"ImageObject","inLanguage":"pt-PT","@id":"https:\/\/estadocomarte.pt\/site\/2026\/03\/25\/hospital-qual-estudo-qual-novo-hospital\/#primaryimage","url":"https:\/\/estadocomarte.pt\/site\/wp-content\/uploads\/2023\/08\/Rui-Goncalves.jpg","contentUrl":"https:\/\/estadocomarte.pt\/site\/wp-content\/uploads\/2023\/08\/Rui-Goncalves.jpg","width":536,"height":632,"caption":"Rui Gon\u00e7alvez"},{"@type":"BreadcrumbList","@id":"https:\/\/estadocomarte.pt\/site\/2026\/03\/25\/hospital-qual-estudo-qual-novo-hospital\/#breadcrumb","itemListElement":[{"@type":"ListItem","position":1,"name":"In\u00edcio","item":"https:\/\/estadocomarte.pt\/site\/"},{"@type":"ListItem","position":2,"name":"HOSPITAL? QUAL ESTUDO? QUAL NOVO HOSPITAL?"}]},{"@type":"WebSite","@id":"https:\/\/estadocomarte.pt\/site\/#website","url":"https:\/\/estadocomarte.pt\/site\/","name":"Estado com Arte Magazine","description":"Magazine","publisher":{"@id":"https:\/\/estadocomarte.pt\/site\/#organization"},"alternateName":"Magazine semanal sobre pol\u00edtica e cultura, com autores, opini\u00e3o e cr\u00edticas.","potentialAction":[{"@type":"SearchAction","target":{"@type":"EntryPoint","urlTemplate":"https:\/\/estadocomarte.pt\/site\/?s={search_term_string}"},"query-input":{"@type":"PropertyValueSpecification","valueRequired":true,"valueName":"search_term_string"}}],"inLanguage":"pt-PT"},{"@type":"Organization","@id":"https:\/\/estadocomarte.pt\/site\/#organization","name":"Estado com Arte Magazine","alternateName":"Magazine semanal sobre pol\u00edtica e cultura, com autores, opini\u00e3o e cr\u00edticas.","url":"https:\/\/estadocomarte.pt\/site\/","logo":{"@type":"ImageObject","inLanguage":"pt-PT","@id":"https:\/\/estadocomarte.pt\/site\/#\/schema\/logo\/image\/","url":"https:\/\/estadocomarte.pt\/site\/wp-content\/uploads\/2023\/06\/cropped-cropped-Prancheta-2@2x-100.jpg","contentUrl":"https:\/\/estadocomarte.pt\/site\/wp-content\/uploads\/2023\/06\/cropped-cropped-Prancheta-2@2x-100.jpg","width":1777,"height":592,"caption":"Estado com Arte Magazine"},"image":{"@id":"https:\/\/estadocomarte.pt\/site\/#\/schema\/logo\/image\/"},"sameAs":["https:\/\/www.instagram.com\/estadocomartemagazine"]},{"@type":"Person","@id":"https:\/\/estadocomarte.pt\/site\/#\/schema\/person\/c0943a071216c1e5b21f85304151e4ba","name":"admin","image":{"@type":"ImageObject","inLanguage":"pt-PT","@id":"https:\/\/estadocomarte.pt\/site\/#\/schema\/person\/image\/","url":"https:\/\/secure.gravatar.com\/avatar\/e6f378fd6914c8505d3e1d40f51fa953b21bab0f3a5658a33bc84cb5bda780f9?s=96&d=mm&r=g","contentUrl":"https:\/\/secure.gravatar.com\/avatar\/e6f378fd6914c8505d3e1d40f51fa953b21bab0f3a5658a33bc84cb5bda780f9?s=96&d=mm&r=g","caption":"admin"},"sameAs":["https:\/\/estadocomarte.pt\/site"],"url":"https:\/\/estadocomarte.pt\/site\/author\/admin\/"}]}},"_links":{"self":[{"href":"https:\/\/estadocomarte.pt\/site\/wp-json\/wp\/v2\/posts\/12331","targetHints":{"allow":["GET"]}}],"collection":[{"href":"https:\/\/estadocomarte.pt\/site\/wp-json\/wp\/v2\/posts"}],"about":[{"href":"https:\/\/estadocomarte.pt\/site\/wp-json\/wp\/v2\/types\/post"}],"author":[{"embeddable":true,"href":"https:\/\/estadocomarte.pt\/site\/wp-json\/wp\/v2\/users\/1"}],"replies":[{"embeddable":true,"href":"https:\/\/estadocomarte.pt\/site\/wp-json\/wp\/v2\/comments?post=12331"}],"version-history":[{"count":1,"href":"https:\/\/estadocomarte.pt\/site\/wp-json\/wp\/v2\/posts\/12331\/revisions"}],"predecessor-version":[{"id":12332,"href":"https:\/\/estadocomarte.pt\/site\/wp-json\/wp\/v2\/posts\/12331\/revisions\/12332"}],"wp:featuredmedia":[{"embeddable":true,"href":"https:\/\/estadocomarte.pt\/site\/wp-json\/wp\/v2\/media\/2202"}],"wp:attachment":[{"href":"https:\/\/estadocomarte.pt\/site\/wp-json\/wp\/v2\/media?parent=12331"}],"wp:term":[{"taxonomy":"category","embeddable":true,"href":"https:\/\/estadocomarte.pt\/site\/wp-json\/wp\/v2\/categories?post=12331"},{"taxonomy":"post_tag","embeddable":true,"href":"https:\/\/estadocomarte.pt\/site\/wp-json\/wp\/v2\/tags?post=12331"}],"curies":[{"name":"wp","href":"https:\/\/api.w.org\/{rel}","templated":true}]}}