{"id":12362,"date":"2026-03-27T15:48:56","date_gmt":"2026-03-27T15:48:56","guid":{"rendered":"https:\/\/estadocomarte.pt\/site\/?p=12362"},"modified":"2026-03-27T15:48:56","modified_gmt":"2026-03-27T15:48:56","slug":"em-geo-politica-nao-ha-coincidencias","status":"publish","type":"post","link":"https:\/\/estadocomarte.pt\/site\/2026\/03\/27\/em-geo-politica-nao-ha-coincidencias\/","title":{"rendered":"Em Geo-Pol\u00edtica N\u00e3o H\u00e1 Coincid\u00eancias"},"content":{"rendered":"<p><strong>Torna-se cada vez mais clara a exist\u00eancia de um entendimento entre EUA e R\u00fassia no sentido de se apoiarem mutuamente, para prosseguirem os seus interesses \u00e0 custa dos respectivos aliados.<\/strong><\/p>\n<p>Assim, como \u00e9 not\u00f3rio, os EUA t\u00eam feito de tudo um pouco para apoiar a R\u00fassia no conflito com a Ucr\u00e2nia, e a R\u00fassia tem dado aos EUA r\u00e9dea solta na Am\u00e9rica Latina e no M\u00e9dio Oriente.<\/p>\n<p>A guerra com o Ir\u00e3o, depois da interven\u00e7\u00e3o militar na Venezuela, \u00e9 mais um desenvolvimento desse entendimento entre EUA e R\u00fassia.<\/p>\n<p>Perante a invas\u00e3o de um aliado, a R\u00fassia limita-se fornecer ao Ir\u00e3o apoio de informa\u00e7\u00f5es e intelig\u00eancia, um pouco como os EUA est\u00e3o a fazer na Ucr\u00e2nia. O m\u00ednimo para que os aliados de cada um, n\u00e3o possam dizer que n\u00e3o est\u00e3o a ser apoiados, mas sem que as grandes pot\u00eancias v\u00e3o realmente em seu aux\u00edlio.<\/p>\n<p>Ao atacar o Ir\u00e3o os EUA cumprem v\u00e1rios objectivos, desde apoiar Israel a enfraquecer a China, ao mesmo tempo que mais uma vez favorecem muito significativamente a R\u00fassia no conflito a Ucr\u00e2nia, ao causar uma crise energ\u00e9tica e assim obter um pretexto para levantar as san\u00e7\u00f5es \u00e0 venda de petr\u00f3leo russo, algo que a R\u00fassia vinha pedindo h\u00e1 j\u00e1 muito tempo. O que d\u00e1 \u00e0 economia de guerra russa um importante apoio, minando a efic\u00e1cia das san\u00e7\u00f5es econ\u00f3micas ocidentais, cujo peso j\u00e1 se vinha a fazer sentir.<\/p>\n<p>Mas sobretudo, ao atacar o Ir\u00e3o sem consultar os aliados europeus e exigindo depois a interven\u00e7\u00e3o destes para se envolverem no conflito a posteriori , o que obviamente foi recusado, os EUA criaram um conflito diplom\u00e1tico com a Europa que poder\u00e3o usar como pretexto para sair da NATO ou, pelo menos, para n\u00e3o acorrerem em socorro de pa\u00edses europeus que a R\u00fassia eventualmente decida atacar, nomeadamente os que se encontravam no espa\u00e7o geogr\u00e1fico do antigo imp\u00e9rio sovi\u00e9tico.<\/p>\n<p>Em geo-pol\u00edtica n\u00e3o h\u00e1 coincid\u00eancias, e este \u00e9, do ponto de vista europeu, o mais grave risco da guerra do Ir\u00e3o. Por isso, v\u00e1rios aliados dos EUA &#8211; europeus e n\u00e3o s\u00f3 &#8211; j\u00e1 se comprometeram a assegurar a seguran\u00e7a da navega\u00e7\u00e3o no Estreito de Ormuz, apesar de terem recusado juntar-se \u00e0 ofensiva. Resta saber se isso ser\u00e1 suficiente para manter os EUA ligados \u00e0 NATO e \u00e0 Europa, e em que termos.<\/p>\n<p>\u00c9 certo que as grandes pot\u00eancias s\u00e3o menos hegem\u00f3nicas do que se julgava. A R\u00fassia pensava conquistar a Ucr\u00e2nia em poucos dias, e os EUA (encorajados pelo recente sucesso na Venezuela) pensavam vergar o Ir\u00e3o mais ou menos no mesmo espa\u00e7o de tempo. Ambos falharam clamorosamente.<\/p>\n<p>Mas ainda assim, mesmo que n\u00e3o venham a ter sucesso nos seus objectivos, ou s\u00f3 os venham a alcan\u00e7ar sofrendo custos desmesurados, a sua capacidade de espalhar morte e sofrimento pelo Mundo \u00e9 incontorn\u00e1vel, e n\u00e3o deve ser subestimada.<\/p>\n<p>Se a Europa, enfraquecida por d\u00e9cadas de sub-investimento na defesa e pela difus\u00e3o de um anti-ocidentalismo que \u00e9 t\u00e3o popular em certos sectores ideol\u00f3gicos, vier a ter que lidar com um ataque russo a um estado b\u00e1ltico, por exemplo, com pouco ou nenhum apoio dos EUA, o choque de realidade vai ser brutal, e vai testar capacidade e vontade europeia de defender o seu territ\u00f3rio e o seu modo de vida. E os EUA poder\u00e3o at\u00e9 aproveitar esse momento para tentar abocanhar a Gronel\u00e2ndia.<\/p>\n","protected":false},"excerpt":{"rendered":"<p>Nuno Lumbrales, Advogado<\/p>\n","protected":false},"author":1,"featured_media":3539,"comment_status":"open","ping_status":"open","sticky":false,"template":"","format":"standard","meta":{"site-sidebar-layout":"default","site-content-layout":"default","ast-global-header-display":"","ast-banner-title-visibility":"","ast-main-header-display":"","ast-hfb-above-header-display":"","ast-hfb-below-header-display":"","ast-hfb-mobile-header-display":"","site-post-title":"","ast-breadcrumbs-content":"","ast-featured-img":"","footer-sml-layout":"","theme-transparent-header-meta":"default","adv-header-id-meta":"","stick-header-meta":"","header-above-stick-meta":"","header-main-stick-meta":"","header-below-stick-meta":"","footnotes":""},"categories":[64,11],"tags":[2438,326],"class_list":["post-12362","post","type-post","status-publish","format-standard","has-post-thumbnail","hentry","category-isto-para-nos","category-opiniao","tag-em-geo-politica-nao-ha-coincidencias","tag-nuno-lumbrales"],"yoast_head":"<!-- This site is optimized with the Yoast SEO plugin v25.1 - https:\/\/yoast.com\/wordpress\/plugins\/seo\/ -->\n<title>Em Geo-Pol\u00edtica N\u00e3o H\u00e1 Coincid\u00eancias - Estado com Arte<\/title>\n<meta name=\"robots\" content=\"index, follow, max-snippet:-1, max-image-preview:large, max-video-preview:-1\" \/>\n<link rel=\"canonical\" href=\"https:\/\/estadocomarte.pt\/site\/2026\/03\/27\/em-geo-politica-nao-ha-coincidencias\/\" \/>\n<meta property=\"og:locale\" content=\"pt_PT\" \/>\n<meta property=\"og:type\" content=\"article\" \/>\n<meta property=\"og:title\" content=\"Em Geo-Pol\u00edtica N\u00e3o H\u00e1 Coincid\u00eancias - Estado com Arte\" \/>\n<meta property=\"og:description\" content=\"Nuno Lumbrales, Advogado\" \/>\n<meta property=\"og:url\" content=\"https:\/\/estadocomarte.pt\/site\/2026\/03\/27\/em-geo-politica-nao-ha-coincidencias\/\" \/>\n<meta property=\"og:site_name\" content=\"Estado com Arte\" \/>\n<meta property=\"article:published_time\" content=\"2026-03-27T15:48:56+00:00\" \/>\n<meta property=\"og:image\" content=\"https:\/\/estadocomarte.pt\/site\/wp-content\/uploads\/2023\/12\/Nunolembralles.png\" \/>\n\t<meta property=\"og:image:width\" content=\"400\" \/>\n\t<meta property=\"og:image:height\" content=\"600\" \/>\n\t<meta property=\"og:image:type\" content=\"image\/png\" \/>\n<meta name=\"author\" content=\"admin\" \/>\n<meta name=\"twitter:card\" content=\"summary_large_image\" \/>\n<meta name=\"twitter:label1\" content=\"Escrito por\" \/>\n\t<meta name=\"twitter:data1\" content=\"admin\" \/>\n\t<meta name=\"twitter:label2\" content=\"Tempo estimado de leitura\" \/>\n\t<meta name=\"twitter:data2\" content=\"4 minutos\" \/>\n<script type=\"application\/ld+json\" class=\"yoast-schema-graph\">{\"@context\":\"https:\/\/schema.org\",\"@graph\":[{\"@type\":\"Article\",\"@id\":\"https:\/\/estadocomarte.pt\/site\/2026\/03\/27\/em-geo-politica-nao-ha-coincidencias\/#article\",\"isPartOf\":{\"@id\":\"https:\/\/estadocomarte.pt\/site\/2026\/03\/27\/em-geo-politica-nao-ha-coincidencias\/\"},\"author\":{\"name\":\"admin\",\"@id\":\"https:\/\/estadocomarte.pt\/site\/#\/schema\/person\/c0943a071216c1e5b21f85304151e4ba\"},\"headline\":\"Em Geo-Pol\u00edtica N\u00e3o H\u00e1 Coincid\u00eancias\",\"datePublished\":\"2026-03-27T15:48:56+00:00\",\"mainEntityOfPage\":{\"@id\":\"https:\/\/estadocomarte.pt\/site\/2026\/03\/27\/em-geo-politica-nao-ha-coincidencias\/\"},\"wordCount\":621,\"commentCount\":0,\"publisher\":{\"@id\":\"https:\/\/estadocomarte.pt\/site\/#organization\"},\"image\":{\"@id\":\"https:\/\/estadocomarte.pt\/site\/2026\/03\/27\/em-geo-politica-nao-ha-coincidencias\/#primaryimage\"},\"thumbnailUrl\":\"https:\/\/estadocomarte.pt\/site\/wp-content\/uploads\/2023\/12\/Nunolembralles.png\",\"keywords\":[\"Em Geo-Pol\u00edtica N\u00e3o H\u00e1 Coincid\u00eancias\",\"nuno lumbrales\"],\"articleSection\":[\"Isto Para N\u00f3s\",\"Opini\u00e3o\"],\"inLanguage\":\"pt-PT\",\"potentialAction\":[{\"@type\":\"CommentAction\",\"name\":\"Comment\",\"target\":[\"https:\/\/estadocomarte.pt\/site\/2026\/03\/27\/em-geo-politica-nao-ha-coincidencias\/#respond\"]}]},{\"@type\":\"WebPage\",\"@id\":\"https:\/\/estadocomarte.pt\/site\/2026\/03\/27\/em-geo-politica-nao-ha-coincidencias\/\",\"url\":\"https:\/\/estadocomarte.pt\/site\/2026\/03\/27\/em-geo-politica-nao-ha-coincidencias\/\",\"name\":\"Em Geo-Pol\u00edtica N\u00e3o H\u00e1 Coincid\u00eancias - Estado com Arte\",\"isPartOf\":{\"@id\":\"https:\/\/estadocomarte.pt\/site\/#website\"},\"primaryImageOfPage\":{\"@id\":\"https:\/\/estadocomarte.pt\/site\/2026\/03\/27\/em-geo-politica-nao-ha-coincidencias\/#primaryimage\"},\"image\":{\"@id\":\"https:\/\/estadocomarte.pt\/site\/2026\/03\/27\/em-geo-politica-nao-ha-coincidencias\/#primaryimage\"},\"thumbnailUrl\":\"https:\/\/estadocomarte.pt\/site\/wp-content\/uploads\/2023\/12\/Nunolembralles.png\",\"datePublished\":\"2026-03-27T15:48:56+00:00\",\"breadcrumb\":{\"@id\":\"https:\/\/estadocomarte.pt\/site\/2026\/03\/27\/em-geo-politica-nao-ha-coincidencias\/#breadcrumb\"},\"inLanguage\":\"pt-PT\",\"potentialAction\":[{\"@type\":\"ReadAction\",\"target\":[\"https:\/\/estadocomarte.pt\/site\/2026\/03\/27\/em-geo-politica-nao-ha-coincidencias\/\"]}]},{\"@type\":\"ImageObject\",\"inLanguage\":\"pt-PT\",\"@id\":\"https:\/\/estadocomarte.pt\/site\/2026\/03\/27\/em-geo-politica-nao-ha-coincidencias\/#primaryimage\",\"url\":\"https:\/\/estadocomarte.pt\/site\/wp-content\/uploads\/2023\/12\/Nunolembralles.png\",\"contentUrl\":\"https:\/\/estadocomarte.pt\/site\/wp-content\/uploads\/2023\/12\/Nunolembralles.png\",\"width\":400,\"height\":600},{\"@type\":\"BreadcrumbList\",\"@id\":\"https:\/\/estadocomarte.pt\/site\/2026\/03\/27\/em-geo-politica-nao-ha-coincidencias\/#breadcrumb\",\"itemListElement\":[{\"@type\":\"ListItem\",\"position\":1,\"name\":\"In\u00edcio\",\"item\":\"https:\/\/estadocomarte.pt\/site\/\"},{\"@type\":\"ListItem\",\"position\":2,\"name\":\"Em Geo-Pol\u00edtica N\u00e3o H\u00e1 Coincid\u00eancias\"}]},{\"@type\":\"WebSite\",\"@id\":\"https:\/\/estadocomarte.pt\/site\/#website\",\"url\":\"https:\/\/estadocomarte.pt\/site\/\",\"name\":\"Estado com Arte Magazine\",\"description\":\"Magazine\",\"publisher\":{\"@id\":\"https:\/\/estadocomarte.pt\/site\/#organization\"},\"alternateName\":\"Magazine semanal sobre pol\u00edtica e cultura, com autores, opini\u00e3o e cr\u00edticas.\",\"potentialAction\":[{\"@type\":\"SearchAction\",\"target\":{\"@type\":\"EntryPoint\",\"urlTemplate\":\"https:\/\/estadocomarte.pt\/site\/?s={search_term_string}\"},\"query-input\":{\"@type\":\"PropertyValueSpecification\",\"valueRequired\":true,\"valueName\":\"search_term_string\"}}],\"inLanguage\":\"pt-PT\"},{\"@type\":\"Organization\",\"@id\":\"https:\/\/estadocomarte.pt\/site\/#organization\",\"name\":\"Estado com Arte Magazine\",\"alternateName\":\"Magazine semanal sobre pol\u00edtica e cultura, com autores, opini\u00e3o e cr\u00edticas.\",\"url\":\"https:\/\/estadocomarte.pt\/site\/\",\"logo\":{\"@type\":\"ImageObject\",\"inLanguage\":\"pt-PT\",\"@id\":\"https:\/\/estadocomarte.pt\/site\/#\/schema\/logo\/image\/\",\"url\":\"https:\/\/estadocomarte.pt\/site\/wp-content\/uploads\/2023\/06\/cropped-cropped-Prancheta-2@2x-100.jpg\",\"contentUrl\":\"https:\/\/estadocomarte.pt\/site\/wp-content\/uploads\/2023\/06\/cropped-cropped-Prancheta-2@2x-100.jpg\",\"width\":1777,\"height\":592,\"caption\":\"Estado com Arte Magazine\"},\"image\":{\"@id\":\"https:\/\/estadocomarte.pt\/site\/#\/schema\/logo\/image\/\"},\"sameAs\":[\"https:\/\/www.instagram.com\/estadocomartemagazine\"]},{\"@type\":\"Person\",\"@id\":\"https:\/\/estadocomarte.pt\/site\/#\/schema\/person\/c0943a071216c1e5b21f85304151e4ba\",\"name\":\"admin\",\"image\":{\"@type\":\"ImageObject\",\"inLanguage\":\"pt-PT\",\"@id\":\"https:\/\/estadocomarte.pt\/site\/#\/schema\/person\/image\/\",\"url\":\"https:\/\/secure.gravatar.com\/avatar\/e6f378fd6914c8505d3e1d40f51fa953b21bab0f3a5658a33bc84cb5bda780f9?s=96&d=mm&r=g\",\"contentUrl\":\"https:\/\/secure.gravatar.com\/avatar\/e6f378fd6914c8505d3e1d40f51fa953b21bab0f3a5658a33bc84cb5bda780f9?s=96&d=mm&r=g\",\"caption\":\"admin\"},\"sameAs\":[\"https:\/\/estadocomarte.pt\/site\"],\"url\":\"https:\/\/estadocomarte.pt\/site\/author\/admin\/\"}]}<\/script>\n<!-- \/ Yoast SEO plugin. -->","yoast_head_json":{"title":"Em Geo-Pol\u00edtica N\u00e3o H\u00e1 Coincid\u00eancias - Estado com Arte","robots":{"index":"index","follow":"follow","max-snippet":"max-snippet:-1","max-image-preview":"max-image-preview:large","max-video-preview":"max-video-preview:-1"},"canonical":"https:\/\/estadocomarte.pt\/site\/2026\/03\/27\/em-geo-politica-nao-ha-coincidencias\/","og_locale":"pt_PT","og_type":"article","og_title":"Em Geo-Pol\u00edtica N\u00e3o H\u00e1 Coincid\u00eancias - Estado com Arte","og_description":"Nuno Lumbrales, Advogado","og_url":"https:\/\/estadocomarte.pt\/site\/2026\/03\/27\/em-geo-politica-nao-ha-coincidencias\/","og_site_name":"Estado com Arte","article_published_time":"2026-03-27T15:48:56+00:00","og_image":[{"width":400,"height":600,"url":"https:\/\/estadocomarte.pt\/site\/wp-content\/uploads\/2023\/12\/Nunolembralles.png","type":"image\/png"}],"author":"admin","twitter_card":"summary_large_image","twitter_misc":{"Escrito por":"admin","Tempo estimado de leitura":"4 minutos"},"schema":{"@context":"https:\/\/schema.org","@graph":[{"@type":"Article","@id":"https:\/\/estadocomarte.pt\/site\/2026\/03\/27\/em-geo-politica-nao-ha-coincidencias\/#article","isPartOf":{"@id":"https:\/\/estadocomarte.pt\/site\/2026\/03\/27\/em-geo-politica-nao-ha-coincidencias\/"},"author":{"name":"admin","@id":"https:\/\/estadocomarte.pt\/site\/#\/schema\/person\/c0943a071216c1e5b21f85304151e4ba"},"headline":"Em Geo-Pol\u00edtica N\u00e3o H\u00e1 Coincid\u00eancias","datePublished":"2026-03-27T15:48:56+00:00","mainEntityOfPage":{"@id":"https:\/\/estadocomarte.pt\/site\/2026\/03\/27\/em-geo-politica-nao-ha-coincidencias\/"},"wordCount":621,"commentCount":0,"publisher":{"@id":"https:\/\/estadocomarte.pt\/site\/#organization"},"image":{"@id":"https:\/\/estadocomarte.pt\/site\/2026\/03\/27\/em-geo-politica-nao-ha-coincidencias\/#primaryimage"},"thumbnailUrl":"https:\/\/estadocomarte.pt\/site\/wp-content\/uploads\/2023\/12\/Nunolembralles.png","keywords":["Em Geo-Pol\u00edtica N\u00e3o H\u00e1 Coincid\u00eancias","nuno lumbrales"],"articleSection":["Isto Para N\u00f3s","Opini\u00e3o"],"inLanguage":"pt-PT","potentialAction":[{"@type":"CommentAction","name":"Comment","target":["https:\/\/estadocomarte.pt\/site\/2026\/03\/27\/em-geo-politica-nao-ha-coincidencias\/#respond"]}]},{"@type":"WebPage","@id":"https:\/\/estadocomarte.pt\/site\/2026\/03\/27\/em-geo-politica-nao-ha-coincidencias\/","url":"https:\/\/estadocomarte.pt\/site\/2026\/03\/27\/em-geo-politica-nao-ha-coincidencias\/","name":"Em Geo-Pol\u00edtica N\u00e3o H\u00e1 Coincid\u00eancias - Estado com Arte","isPartOf":{"@id":"https:\/\/estadocomarte.pt\/site\/#website"},"primaryImageOfPage":{"@id":"https:\/\/estadocomarte.pt\/site\/2026\/03\/27\/em-geo-politica-nao-ha-coincidencias\/#primaryimage"},"image":{"@id":"https:\/\/estadocomarte.pt\/site\/2026\/03\/27\/em-geo-politica-nao-ha-coincidencias\/#primaryimage"},"thumbnailUrl":"https:\/\/estadocomarte.pt\/site\/wp-content\/uploads\/2023\/12\/Nunolembralles.png","datePublished":"2026-03-27T15:48:56+00:00","breadcrumb":{"@id":"https:\/\/estadocomarte.pt\/site\/2026\/03\/27\/em-geo-politica-nao-ha-coincidencias\/#breadcrumb"},"inLanguage":"pt-PT","potentialAction":[{"@type":"ReadAction","target":["https:\/\/estadocomarte.pt\/site\/2026\/03\/27\/em-geo-politica-nao-ha-coincidencias\/"]}]},{"@type":"ImageObject","inLanguage":"pt-PT","@id":"https:\/\/estadocomarte.pt\/site\/2026\/03\/27\/em-geo-politica-nao-ha-coincidencias\/#primaryimage","url":"https:\/\/estadocomarte.pt\/site\/wp-content\/uploads\/2023\/12\/Nunolembralles.png","contentUrl":"https:\/\/estadocomarte.pt\/site\/wp-content\/uploads\/2023\/12\/Nunolembralles.png","width":400,"height":600},{"@type":"BreadcrumbList","@id":"https:\/\/estadocomarte.pt\/site\/2026\/03\/27\/em-geo-politica-nao-ha-coincidencias\/#breadcrumb","itemListElement":[{"@type":"ListItem","position":1,"name":"In\u00edcio","item":"https:\/\/estadocomarte.pt\/site\/"},{"@type":"ListItem","position":2,"name":"Em Geo-Pol\u00edtica N\u00e3o H\u00e1 Coincid\u00eancias"}]},{"@type":"WebSite","@id":"https:\/\/estadocomarte.pt\/site\/#website","url":"https:\/\/estadocomarte.pt\/site\/","name":"Estado com Arte Magazine","description":"Magazine","publisher":{"@id":"https:\/\/estadocomarte.pt\/site\/#organization"},"alternateName":"Magazine semanal sobre pol\u00edtica e cultura, com autores, opini\u00e3o e cr\u00edticas.","potentialAction":[{"@type":"SearchAction","target":{"@type":"EntryPoint","urlTemplate":"https:\/\/estadocomarte.pt\/site\/?s={search_term_string}"},"query-input":{"@type":"PropertyValueSpecification","valueRequired":true,"valueName":"search_term_string"}}],"inLanguage":"pt-PT"},{"@type":"Organization","@id":"https:\/\/estadocomarte.pt\/site\/#organization","name":"Estado com Arte Magazine","alternateName":"Magazine semanal sobre pol\u00edtica e cultura, com autores, opini\u00e3o e cr\u00edticas.","url":"https:\/\/estadocomarte.pt\/site\/","logo":{"@type":"ImageObject","inLanguage":"pt-PT","@id":"https:\/\/estadocomarte.pt\/site\/#\/schema\/logo\/image\/","url":"https:\/\/estadocomarte.pt\/site\/wp-content\/uploads\/2023\/06\/cropped-cropped-Prancheta-2@2x-100.jpg","contentUrl":"https:\/\/estadocomarte.pt\/site\/wp-content\/uploads\/2023\/06\/cropped-cropped-Prancheta-2@2x-100.jpg","width":1777,"height":592,"caption":"Estado com Arte Magazine"},"image":{"@id":"https:\/\/estadocomarte.pt\/site\/#\/schema\/logo\/image\/"},"sameAs":["https:\/\/www.instagram.com\/estadocomartemagazine"]},{"@type":"Person","@id":"https:\/\/estadocomarte.pt\/site\/#\/schema\/person\/c0943a071216c1e5b21f85304151e4ba","name":"admin","image":{"@type":"ImageObject","inLanguage":"pt-PT","@id":"https:\/\/estadocomarte.pt\/site\/#\/schema\/person\/image\/","url":"https:\/\/secure.gravatar.com\/avatar\/e6f378fd6914c8505d3e1d40f51fa953b21bab0f3a5658a33bc84cb5bda780f9?s=96&d=mm&r=g","contentUrl":"https:\/\/secure.gravatar.com\/avatar\/e6f378fd6914c8505d3e1d40f51fa953b21bab0f3a5658a33bc84cb5bda780f9?s=96&d=mm&r=g","caption":"admin"},"sameAs":["https:\/\/estadocomarte.pt\/site"],"url":"https:\/\/estadocomarte.pt\/site\/author\/admin\/"}]}},"_links":{"self":[{"href":"https:\/\/estadocomarte.pt\/site\/wp-json\/wp\/v2\/posts\/12362","targetHints":{"allow":["GET"]}}],"collection":[{"href":"https:\/\/estadocomarte.pt\/site\/wp-json\/wp\/v2\/posts"}],"about":[{"href":"https:\/\/estadocomarte.pt\/site\/wp-json\/wp\/v2\/types\/post"}],"author":[{"embeddable":true,"href":"https:\/\/estadocomarte.pt\/site\/wp-json\/wp\/v2\/users\/1"}],"replies":[{"embeddable":true,"href":"https:\/\/estadocomarte.pt\/site\/wp-json\/wp\/v2\/comments?post=12362"}],"version-history":[{"count":1,"href":"https:\/\/estadocomarte.pt\/site\/wp-json\/wp\/v2\/posts\/12362\/revisions"}],"predecessor-version":[{"id":12363,"href":"https:\/\/estadocomarte.pt\/site\/wp-json\/wp\/v2\/posts\/12362\/revisions\/12363"}],"wp:featuredmedia":[{"embeddable":true,"href":"https:\/\/estadocomarte.pt\/site\/wp-json\/wp\/v2\/media\/3539"}],"wp:attachment":[{"href":"https:\/\/estadocomarte.pt\/site\/wp-json\/wp\/v2\/media?parent=12362"}],"wp:term":[{"taxonomy":"category","embeddable":true,"href":"https:\/\/estadocomarte.pt\/site\/wp-json\/wp\/v2\/categories?post=12362"},{"taxonomy":"post_tag","embeddable":true,"href":"https:\/\/estadocomarte.pt\/site\/wp-json\/wp\/v2\/tags?post=12362"}],"curies":[{"name":"wp","href":"https:\/\/api.w.org\/{rel}","templated":true}]}}