{"id":12393,"date":"2026-04-04T16:09:41","date_gmt":"2026-04-04T16:09:41","guid":{"rendered":"https:\/\/estadocomarte.pt\/site\/?p=12393"},"modified":"2026-04-04T16:09:41","modified_gmt":"2026-04-04T16:09:41","slug":"one-blood-we-bleed-exposicao-de-pedro-rolo-vicente-faria","status":"publish","type":"post","link":"https:\/\/estadocomarte.pt\/site\/2026\/04\/04\/one-blood-we-bleed-exposicao-de-pedro-rolo-vicente-faria\/","title":{"rendered":"One Blood, We Bleed, exposi\u00e7\u00e3o de Pedro Rolo &#038; Vicente Faria"},"content":{"rendered":"<p><strong>&#8220;One Blood, We Bleed&#8221; inaugura na Bohio Creative a 2 de abril. Uma exposi\u00e7\u00e3o evocativa do coletivo GRAVE que explora a experi\u00eancia humana partilhada.<\/strong><\/p>\n<p>A Bohio Creative apresenta a exposi\u00e7\u00e3o <strong>One Blood, We Bleed<\/strong>, uma nova e envolvente exposi\u00e7\u00e3o do coletivo GRAVE, patente de 2 a 25 de abril. A inaugura\u00e7\u00e3o inaugurou esta quinta-feira, 2 de abril, como proposta de\u00a0 convite \u00e0 comunidade a interagir diretamente com os artistas e as suas obras.<\/p>\n<p>O GRAVE, coletivo formado pelos artistas Pedro Rolo e Vicente Faria, tem-se afirmado como uma for\u00e7a cultural din\u00e2mica nas Caldas da Rainha. Mais do que um grupo de artistas, o GRAVE atua como um agente ativo no ecossistema art\u00edstico local \u2014 organizando eventos, ocupando espa\u00e7os e promovendo o di\u00e1logo. O seu trabalho amplia as possibilidades de cria\u00e7\u00e3o e frui\u00e7\u00e3o art\u00edstica, especialmente fora dos grandes centros urbanos.<\/p>\n<p>Ao longo do tempo, as exposi\u00e7\u00f5es do GRAVE tornaram-se plataformas essenciais de partilha e troca, refor\u00e7ando a import\u00e2ncia da express\u00e3o art\u00edstica e da sua acessibilidade. Enraizado no tecido cultural \u00fanico das Caldas da Rainha, o coletivo reflete uma sensibilidade multicultural, em parte moldada pela presen\u00e7a da Escola Superior de Artes e Design (ESAD.CR), que tem contribu\u00eddo para o surgimento de uma rede vibrante de novos artistas.<\/p>\n<p><strong>One Blood, We Bleed<\/strong> re\u00fane as pr\u00e1ticas distintas, mas complementares, de Rolo e Faria, unidas por uma explora\u00e7\u00e3o da profundidade emocional, da mem\u00f3ria e da condi\u00e7\u00e3o humana.<\/p>\n<p>Pedro Rolo (n. 1993, Anadia), que vive e trabalha nas Caldas da Rainha, inspira-se na mem\u00f3ria como uma constru\u00e7\u00e3o fluida e frequentemente fragmentada. A sua abordagem multidisciplinar incorpora colagem, sobreposi\u00e7\u00e3o, pintura e elementos tridimensionais para explorar como as experi\u00eancias \u2014 marcadas pelo medo, curiosidade, amizade e solid\u00e3o \u2014 s\u00e3o transformadas ao longo do tempo. O seu trabalho rejeita uma narrativa linear, apresentando a mem\u00f3ria como algo abstrato, seletivo e carregado de emo\u00e7\u00e3o.<\/p>\n<p>Vicente Faria (n. 1994, \u00c1frica do Sul), tamb\u00e9m residente nas Caldas da Rainha, trabalha nas \u00e1reas da pintura, desenho e escultura. A sua pr\u00e1tica capta a intensidade do momento vivido atrav\u00e9s de gestos expressivos, cores intensas e composi\u00e7\u00f5es texturadas. O seu trabalho navega a tens\u00e3o entre o caos e a ordem, utilizando padr\u00f5es repetitivos e elementos figurativos para refletir ciclos de tempo e estados emocionais. As suas obras convidam \u00e0 introspe\u00e7\u00e3o, desafiando o espectador a confrontar o seu mundo interior e a intensidade silenciosa do presente.<\/p>\n<p>Em conjunto, as obras apresentadas em <strong>One Blood, We Bleed<\/strong> criam um di\u00e1logo poderoso \u2014 explorando os fios que ligam a experi\u00eancia humana, ao mesmo tempo que abra\u00e7am a complexidade e individualidade da mem\u00f3ria e da emo\u00e7\u00e3o.<\/p>\n<p>A exposi\u00e7\u00e3o est\u00e1 patente na Bohio Creative at\u00e9 25 de abril, numa mostra imersiva e instigante.<\/p>\n","protected":false},"excerpt":{"rendered":"<p>Estado com Arte Magazine<\/p>\n","protected":false},"author":1,"featured_media":12394,"comment_status":"open","ping_status":"open","sticky":false,"template":"","format":"standard","meta":{"site-sidebar-layout":"default","site-content-layout":"default","ast-global-header-display":"","ast-banner-title-visibility":"","ast-main-header-display":"","ast-hfb-above-header-display":"","ast-hfb-below-header-display":"","ast-hfb-mobile-header-display":"","site-post-title":"","ast-breadcrumbs-content":"","ast-featured-img":"","footer-sml-layout":"","theme-transparent-header-meta":"default","adv-header-id-meta":"","stick-header-meta":"","header-above-stick-meta":"","header-main-stick-meta":"","header-below-stick-meta":"","footnotes":""},"categories":[7],"tags":[849],"class_list":["post-12393","post","type-post","status-publish","format-standard","has-post-thumbnail","hentry","category-cultura","tag-bohio-creative"],"yoast_head":"<!-- This site is optimized with the Yoast SEO plugin v25.1 - https:\/\/yoast.com\/wordpress\/plugins\/seo\/ -->\n<title>One Blood, We Bleed, exposi\u00e7\u00e3o de Pedro Rolo &amp; Vicente Faria - Estado com Arte<\/title>\n<meta name=\"robots\" content=\"index, follow, max-snippet:-1, max-image-preview:large, max-video-preview:-1\" \/>\n<link rel=\"canonical\" href=\"https:\/\/estadocomarte.pt\/site\/2026\/04\/04\/one-blood-we-bleed-exposicao-de-pedro-rolo-vicente-faria\/\" \/>\n<meta property=\"og:locale\" content=\"pt_PT\" \/>\n<meta property=\"og:type\" content=\"article\" \/>\n<meta property=\"og:title\" content=\"One Blood, We Bleed, exposi\u00e7\u00e3o de Pedro Rolo &amp; Vicente Faria - Estado com Arte\" \/>\n<meta property=\"og:description\" content=\"Estado com Arte Magazine\" \/>\n<meta property=\"og:url\" content=\"https:\/\/estadocomarte.pt\/site\/2026\/04\/04\/one-blood-we-bleed-exposicao-de-pedro-rolo-vicente-faria\/\" \/>\n<meta property=\"og:site_name\" content=\"Estado com Arte\" \/>\n<meta property=\"article:published_time\" content=\"2026-04-04T16:09:41+00:00\" \/>\n<meta property=\"og:image\" content=\"https:\/\/estadocomarte.pt\/site\/wp-content\/uploads\/2026\/04\/Bohio-1-01-scaled.jpg\" \/>\n\t<meta property=\"og:image:width\" content=\"2048\" \/>\n\t<meta property=\"og:image:height\" content=\"2560\" \/>\n\t<meta property=\"og:image:type\" content=\"image\/jpeg\" \/>\n<meta name=\"author\" content=\"admin\" \/>\n<meta name=\"twitter:card\" content=\"summary_large_image\" \/>\n<meta name=\"twitter:label1\" content=\"Escrito por\" \/>\n\t<meta name=\"twitter:data1\" content=\"admin\" \/>\n\t<meta name=\"twitter:label2\" content=\"Tempo estimado de leitura\" \/>\n\t<meta name=\"twitter:data2\" content=\"3 minutos\" \/>\n<script type=\"application\/ld+json\" class=\"yoast-schema-graph\">{\"@context\":\"https:\/\/schema.org\",\"@graph\":[{\"@type\":\"Article\",\"@id\":\"https:\/\/estadocomarte.pt\/site\/2026\/04\/04\/one-blood-we-bleed-exposicao-de-pedro-rolo-vicente-faria\/#article\",\"isPartOf\":{\"@id\":\"https:\/\/estadocomarte.pt\/site\/2026\/04\/04\/one-blood-we-bleed-exposicao-de-pedro-rolo-vicente-faria\/\"},\"author\":{\"name\":\"admin\",\"@id\":\"https:\/\/estadocomarte.pt\/site\/#\/schema\/person\/c0943a071216c1e5b21f85304151e4ba\"},\"headline\":\"One Blood, We Bleed, exposi\u00e7\u00e3o de Pedro Rolo &#038; Vicente Faria\",\"datePublished\":\"2026-04-04T16:09:41+00:00\",\"mainEntityOfPage\":{\"@id\":\"https:\/\/estadocomarte.pt\/site\/2026\/04\/04\/one-blood-we-bleed-exposicao-de-pedro-rolo-vicente-faria\/\"},\"wordCount\":488,\"commentCount\":0,\"publisher\":{\"@id\":\"https:\/\/estadocomarte.pt\/site\/#organization\"},\"image\":{\"@id\":\"https:\/\/estadocomarte.pt\/site\/2026\/04\/04\/one-blood-we-bleed-exposicao-de-pedro-rolo-vicente-faria\/#primaryimage\"},\"thumbnailUrl\":\"https:\/\/estadocomarte.pt\/site\/wp-content\/uploads\/2026\/04\/Bohio-1-01-scaled.jpg\",\"keywords\":[\"Boh\u00edo Creative\"],\"articleSection\":[\"Cultura\"],\"inLanguage\":\"pt-PT\",\"potentialAction\":[{\"@type\":\"CommentAction\",\"name\":\"Comment\",\"target\":[\"https:\/\/estadocomarte.pt\/site\/2026\/04\/04\/one-blood-we-bleed-exposicao-de-pedro-rolo-vicente-faria\/#respond\"]}]},{\"@type\":\"WebPage\",\"@id\":\"https:\/\/estadocomarte.pt\/site\/2026\/04\/04\/one-blood-we-bleed-exposicao-de-pedro-rolo-vicente-faria\/\",\"url\":\"https:\/\/estadocomarte.pt\/site\/2026\/04\/04\/one-blood-we-bleed-exposicao-de-pedro-rolo-vicente-faria\/\",\"name\":\"One Blood, We Bleed, exposi\u00e7\u00e3o de Pedro Rolo & Vicente Faria - Estado com Arte\",\"isPartOf\":{\"@id\":\"https:\/\/estadocomarte.pt\/site\/#website\"},\"primaryImageOfPage\":{\"@id\":\"https:\/\/estadocomarte.pt\/site\/2026\/04\/04\/one-blood-we-bleed-exposicao-de-pedro-rolo-vicente-faria\/#primaryimage\"},\"image\":{\"@id\":\"https:\/\/estadocomarte.pt\/site\/2026\/04\/04\/one-blood-we-bleed-exposicao-de-pedro-rolo-vicente-faria\/#primaryimage\"},\"thumbnailUrl\":\"https:\/\/estadocomarte.pt\/site\/wp-content\/uploads\/2026\/04\/Bohio-1-01-scaled.jpg\",\"datePublished\":\"2026-04-04T16:09:41+00:00\",\"breadcrumb\":{\"@id\":\"https:\/\/estadocomarte.pt\/site\/2026\/04\/04\/one-blood-we-bleed-exposicao-de-pedro-rolo-vicente-faria\/#breadcrumb\"},\"inLanguage\":\"pt-PT\",\"potentialAction\":[{\"@type\":\"ReadAction\",\"target\":[\"https:\/\/estadocomarte.pt\/site\/2026\/04\/04\/one-blood-we-bleed-exposicao-de-pedro-rolo-vicente-faria\/\"]}]},{\"@type\":\"ImageObject\",\"inLanguage\":\"pt-PT\",\"@id\":\"https:\/\/estadocomarte.pt\/site\/2026\/04\/04\/one-blood-we-bleed-exposicao-de-pedro-rolo-vicente-faria\/#primaryimage\",\"url\":\"https:\/\/estadocomarte.pt\/site\/wp-content\/uploads\/2026\/04\/Bohio-1-01-scaled.jpg\",\"contentUrl\":\"https:\/\/estadocomarte.pt\/site\/wp-content\/uploads\/2026\/04\/Bohio-1-01-scaled.jpg\",\"width\":2048,\"height\":2560},{\"@type\":\"BreadcrumbList\",\"@id\":\"https:\/\/estadocomarte.pt\/site\/2026\/04\/04\/one-blood-we-bleed-exposicao-de-pedro-rolo-vicente-faria\/#breadcrumb\",\"itemListElement\":[{\"@type\":\"ListItem\",\"position\":1,\"name\":\"In\u00edcio\",\"item\":\"https:\/\/estadocomarte.pt\/site\/\"},{\"@type\":\"ListItem\",\"position\":2,\"name\":\"One Blood, We Bleed, exposi\u00e7\u00e3o de Pedro Rolo &#038; Vicente Faria\"}]},{\"@type\":\"WebSite\",\"@id\":\"https:\/\/estadocomarte.pt\/site\/#website\",\"url\":\"https:\/\/estadocomarte.pt\/site\/\",\"name\":\"Estado com Arte Magazine\",\"description\":\"Magazine\",\"publisher\":{\"@id\":\"https:\/\/estadocomarte.pt\/site\/#organization\"},\"alternateName\":\"Magazine semanal sobre pol\u00edtica e cultura, com autores, opini\u00e3o e cr\u00edticas.\",\"potentialAction\":[{\"@type\":\"SearchAction\",\"target\":{\"@type\":\"EntryPoint\",\"urlTemplate\":\"https:\/\/estadocomarte.pt\/site\/?s={search_term_string}\"},\"query-input\":{\"@type\":\"PropertyValueSpecification\",\"valueRequired\":true,\"valueName\":\"search_term_string\"}}],\"inLanguage\":\"pt-PT\"},{\"@type\":\"Organization\",\"@id\":\"https:\/\/estadocomarte.pt\/site\/#organization\",\"name\":\"Estado com Arte Magazine\",\"alternateName\":\"Magazine semanal sobre pol\u00edtica e cultura, com autores, opini\u00e3o e cr\u00edticas.\",\"url\":\"https:\/\/estadocomarte.pt\/site\/\",\"logo\":{\"@type\":\"ImageObject\",\"inLanguage\":\"pt-PT\",\"@id\":\"https:\/\/estadocomarte.pt\/site\/#\/schema\/logo\/image\/\",\"url\":\"https:\/\/estadocomarte.pt\/site\/wp-content\/uploads\/2023\/06\/cropped-cropped-Prancheta-2@2x-100.jpg\",\"contentUrl\":\"https:\/\/estadocomarte.pt\/site\/wp-content\/uploads\/2023\/06\/cropped-cropped-Prancheta-2@2x-100.jpg\",\"width\":1777,\"height\":592,\"caption\":\"Estado com Arte Magazine\"},\"image\":{\"@id\":\"https:\/\/estadocomarte.pt\/site\/#\/schema\/logo\/image\/\"},\"sameAs\":[\"https:\/\/www.instagram.com\/estadocomartemagazine\"]},{\"@type\":\"Person\",\"@id\":\"https:\/\/estadocomarte.pt\/site\/#\/schema\/person\/c0943a071216c1e5b21f85304151e4ba\",\"name\":\"admin\",\"image\":{\"@type\":\"ImageObject\",\"inLanguage\":\"pt-PT\",\"@id\":\"https:\/\/estadocomarte.pt\/site\/#\/schema\/person\/image\/\",\"url\":\"https:\/\/secure.gravatar.com\/avatar\/e6f378fd6914c8505d3e1d40f51fa953b21bab0f3a5658a33bc84cb5bda780f9?s=96&d=mm&r=g\",\"contentUrl\":\"https:\/\/secure.gravatar.com\/avatar\/e6f378fd6914c8505d3e1d40f51fa953b21bab0f3a5658a33bc84cb5bda780f9?s=96&d=mm&r=g\",\"caption\":\"admin\"},\"sameAs\":[\"https:\/\/estadocomarte.pt\/site\"],\"url\":\"https:\/\/estadocomarte.pt\/site\/author\/admin\/\"}]}<\/script>\n<!-- \/ Yoast SEO plugin. -->","yoast_head_json":{"title":"One Blood, We Bleed, exposi\u00e7\u00e3o de Pedro Rolo & Vicente Faria - Estado com Arte","robots":{"index":"index","follow":"follow","max-snippet":"max-snippet:-1","max-image-preview":"max-image-preview:large","max-video-preview":"max-video-preview:-1"},"canonical":"https:\/\/estadocomarte.pt\/site\/2026\/04\/04\/one-blood-we-bleed-exposicao-de-pedro-rolo-vicente-faria\/","og_locale":"pt_PT","og_type":"article","og_title":"One Blood, We Bleed, exposi\u00e7\u00e3o de Pedro Rolo & Vicente Faria - Estado com Arte","og_description":"Estado com Arte Magazine","og_url":"https:\/\/estadocomarte.pt\/site\/2026\/04\/04\/one-blood-we-bleed-exposicao-de-pedro-rolo-vicente-faria\/","og_site_name":"Estado com Arte","article_published_time":"2026-04-04T16:09:41+00:00","og_image":[{"width":2048,"height":2560,"url":"https:\/\/estadocomarte.pt\/site\/wp-content\/uploads\/2026\/04\/Bohio-1-01-scaled.jpg","type":"image\/jpeg"}],"author":"admin","twitter_card":"summary_large_image","twitter_misc":{"Escrito por":"admin","Tempo estimado de leitura":"3 minutos"},"schema":{"@context":"https:\/\/schema.org","@graph":[{"@type":"Article","@id":"https:\/\/estadocomarte.pt\/site\/2026\/04\/04\/one-blood-we-bleed-exposicao-de-pedro-rolo-vicente-faria\/#article","isPartOf":{"@id":"https:\/\/estadocomarte.pt\/site\/2026\/04\/04\/one-blood-we-bleed-exposicao-de-pedro-rolo-vicente-faria\/"},"author":{"name":"admin","@id":"https:\/\/estadocomarte.pt\/site\/#\/schema\/person\/c0943a071216c1e5b21f85304151e4ba"},"headline":"One Blood, We Bleed, exposi\u00e7\u00e3o de Pedro Rolo &#038; Vicente Faria","datePublished":"2026-04-04T16:09:41+00:00","mainEntityOfPage":{"@id":"https:\/\/estadocomarte.pt\/site\/2026\/04\/04\/one-blood-we-bleed-exposicao-de-pedro-rolo-vicente-faria\/"},"wordCount":488,"commentCount":0,"publisher":{"@id":"https:\/\/estadocomarte.pt\/site\/#organization"},"image":{"@id":"https:\/\/estadocomarte.pt\/site\/2026\/04\/04\/one-blood-we-bleed-exposicao-de-pedro-rolo-vicente-faria\/#primaryimage"},"thumbnailUrl":"https:\/\/estadocomarte.pt\/site\/wp-content\/uploads\/2026\/04\/Bohio-1-01-scaled.jpg","keywords":["Boh\u00edo Creative"],"articleSection":["Cultura"],"inLanguage":"pt-PT","potentialAction":[{"@type":"CommentAction","name":"Comment","target":["https:\/\/estadocomarte.pt\/site\/2026\/04\/04\/one-blood-we-bleed-exposicao-de-pedro-rolo-vicente-faria\/#respond"]}]},{"@type":"WebPage","@id":"https:\/\/estadocomarte.pt\/site\/2026\/04\/04\/one-blood-we-bleed-exposicao-de-pedro-rolo-vicente-faria\/","url":"https:\/\/estadocomarte.pt\/site\/2026\/04\/04\/one-blood-we-bleed-exposicao-de-pedro-rolo-vicente-faria\/","name":"One Blood, We Bleed, exposi\u00e7\u00e3o de Pedro Rolo & Vicente Faria - Estado com Arte","isPartOf":{"@id":"https:\/\/estadocomarte.pt\/site\/#website"},"primaryImageOfPage":{"@id":"https:\/\/estadocomarte.pt\/site\/2026\/04\/04\/one-blood-we-bleed-exposicao-de-pedro-rolo-vicente-faria\/#primaryimage"},"image":{"@id":"https:\/\/estadocomarte.pt\/site\/2026\/04\/04\/one-blood-we-bleed-exposicao-de-pedro-rolo-vicente-faria\/#primaryimage"},"thumbnailUrl":"https:\/\/estadocomarte.pt\/site\/wp-content\/uploads\/2026\/04\/Bohio-1-01-scaled.jpg","datePublished":"2026-04-04T16:09:41+00:00","breadcrumb":{"@id":"https:\/\/estadocomarte.pt\/site\/2026\/04\/04\/one-blood-we-bleed-exposicao-de-pedro-rolo-vicente-faria\/#breadcrumb"},"inLanguage":"pt-PT","potentialAction":[{"@type":"ReadAction","target":["https:\/\/estadocomarte.pt\/site\/2026\/04\/04\/one-blood-we-bleed-exposicao-de-pedro-rolo-vicente-faria\/"]}]},{"@type":"ImageObject","inLanguage":"pt-PT","@id":"https:\/\/estadocomarte.pt\/site\/2026\/04\/04\/one-blood-we-bleed-exposicao-de-pedro-rolo-vicente-faria\/#primaryimage","url":"https:\/\/estadocomarte.pt\/site\/wp-content\/uploads\/2026\/04\/Bohio-1-01-scaled.jpg","contentUrl":"https:\/\/estadocomarte.pt\/site\/wp-content\/uploads\/2026\/04\/Bohio-1-01-scaled.jpg","width":2048,"height":2560},{"@type":"BreadcrumbList","@id":"https:\/\/estadocomarte.pt\/site\/2026\/04\/04\/one-blood-we-bleed-exposicao-de-pedro-rolo-vicente-faria\/#breadcrumb","itemListElement":[{"@type":"ListItem","position":1,"name":"In\u00edcio","item":"https:\/\/estadocomarte.pt\/site\/"},{"@type":"ListItem","position":2,"name":"One Blood, We Bleed, exposi\u00e7\u00e3o de Pedro Rolo &#038; Vicente Faria"}]},{"@type":"WebSite","@id":"https:\/\/estadocomarte.pt\/site\/#website","url":"https:\/\/estadocomarte.pt\/site\/","name":"Estado com Arte Magazine","description":"Magazine","publisher":{"@id":"https:\/\/estadocomarte.pt\/site\/#organization"},"alternateName":"Magazine semanal sobre pol\u00edtica e cultura, com autores, opini\u00e3o e cr\u00edticas.","potentialAction":[{"@type":"SearchAction","target":{"@type":"EntryPoint","urlTemplate":"https:\/\/estadocomarte.pt\/site\/?s={search_term_string}"},"query-input":{"@type":"PropertyValueSpecification","valueRequired":true,"valueName":"search_term_string"}}],"inLanguage":"pt-PT"},{"@type":"Organization","@id":"https:\/\/estadocomarte.pt\/site\/#organization","name":"Estado com Arte Magazine","alternateName":"Magazine semanal sobre pol\u00edtica e cultura, com autores, opini\u00e3o e cr\u00edticas.","url":"https:\/\/estadocomarte.pt\/site\/","logo":{"@type":"ImageObject","inLanguage":"pt-PT","@id":"https:\/\/estadocomarte.pt\/site\/#\/schema\/logo\/image\/","url":"https:\/\/estadocomarte.pt\/site\/wp-content\/uploads\/2023\/06\/cropped-cropped-Prancheta-2@2x-100.jpg","contentUrl":"https:\/\/estadocomarte.pt\/site\/wp-content\/uploads\/2023\/06\/cropped-cropped-Prancheta-2@2x-100.jpg","width":1777,"height":592,"caption":"Estado com Arte Magazine"},"image":{"@id":"https:\/\/estadocomarte.pt\/site\/#\/schema\/logo\/image\/"},"sameAs":["https:\/\/www.instagram.com\/estadocomartemagazine"]},{"@type":"Person","@id":"https:\/\/estadocomarte.pt\/site\/#\/schema\/person\/c0943a071216c1e5b21f85304151e4ba","name":"admin","image":{"@type":"ImageObject","inLanguage":"pt-PT","@id":"https:\/\/estadocomarte.pt\/site\/#\/schema\/person\/image\/","url":"https:\/\/secure.gravatar.com\/avatar\/e6f378fd6914c8505d3e1d40f51fa953b21bab0f3a5658a33bc84cb5bda780f9?s=96&d=mm&r=g","contentUrl":"https:\/\/secure.gravatar.com\/avatar\/e6f378fd6914c8505d3e1d40f51fa953b21bab0f3a5658a33bc84cb5bda780f9?s=96&d=mm&r=g","caption":"admin"},"sameAs":["https:\/\/estadocomarte.pt\/site"],"url":"https:\/\/estadocomarte.pt\/site\/author\/admin\/"}]}},"_links":{"self":[{"href":"https:\/\/estadocomarte.pt\/site\/wp-json\/wp\/v2\/posts\/12393","targetHints":{"allow":["GET"]}}],"collection":[{"href":"https:\/\/estadocomarte.pt\/site\/wp-json\/wp\/v2\/posts"}],"about":[{"href":"https:\/\/estadocomarte.pt\/site\/wp-json\/wp\/v2\/types\/post"}],"author":[{"embeddable":true,"href":"https:\/\/estadocomarte.pt\/site\/wp-json\/wp\/v2\/users\/1"}],"replies":[{"embeddable":true,"href":"https:\/\/estadocomarte.pt\/site\/wp-json\/wp\/v2\/comments?post=12393"}],"version-history":[{"count":1,"href":"https:\/\/estadocomarte.pt\/site\/wp-json\/wp\/v2\/posts\/12393\/revisions"}],"predecessor-version":[{"id":12395,"href":"https:\/\/estadocomarte.pt\/site\/wp-json\/wp\/v2\/posts\/12393\/revisions\/12395"}],"wp:featuredmedia":[{"embeddable":true,"href":"https:\/\/estadocomarte.pt\/site\/wp-json\/wp\/v2\/media\/12394"}],"wp:attachment":[{"href":"https:\/\/estadocomarte.pt\/site\/wp-json\/wp\/v2\/media?parent=12393"}],"wp:term":[{"taxonomy":"category","embeddable":true,"href":"https:\/\/estadocomarte.pt\/site\/wp-json\/wp\/v2\/categories?post=12393"},{"taxonomy":"post_tag","embeddable":true,"href":"https:\/\/estadocomarte.pt\/site\/wp-json\/wp\/v2\/tags?post=12393"}],"curies":[{"name":"wp","href":"https:\/\/api.w.org\/{rel}","templated":true}]}}