{"id":12396,"date":"2026-04-04T16:16:04","date_gmt":"2026-04-04T16:16:04","guid":{"rendered":"https:\/\/estadocomarte.pt\/site\/?p=12396"},"modified":"2026-04-04T16:16:04","modified_gmt":"2026-04-04T16:16:04","slug":"a-semana-santa-em-vila-nova-de-foz-coa","status":"publish","type":"post","link":"https:\/\/estadocomarte.pt\/site\/2026\/04\/04\/a-semana-santa-em-vila-nova-de-foz-coa\/","title":{"rendered":"A Semana Santa em Vila Nova de Foz C\u00f4a"},"content":{"rendered":"<p><strong>Em Vila Nova de Foz C\u00f4a, as cerim\u00f3nias da Semana Santa s\u00e3o peculiarmente vividas, dada a devo\u00e7\u00e3o do povo fozcoense pelos mist\u00e9rios da Reden\u00e7\u00e3o do Salvador e, em particular, por Nossa Senhora do Pranto, padroeira da igreja e da cidade.<\/strong><\/p>\n<p>A partir do Domingo de Ramos, o interior da igreja reveste-se de panejamentos roxos, criando o ambiente de maior recolhimento pr\u00f3prio da Semana Maior.<\/p>\n<p>Na Quinta-Feira Santa, as cerim\u00f3nias come\u00e7am com a celebra\u00e7\u00e3o da Missa que integra o rito do Lava-P\u00e9s, ficando o Sant\u00edssimo Sacramento exposto num altar lateral da igreja.<\/p>\n<p>\u00c0 noite, tem lugar a Prociss\u00e3o do Senhor dos Passos, que veio substituir a antiga Prociss\u00e3o do Senhor da Cana Verde.<\/p>\n<p>A prociss\u00e3o sai da igreja com os andores do Senhor dos Passos e da Senhora das Dores, acompanhados pelos fi\u00e9is. Vai percorrendo as ruas da cidade, com as janelas e varandas recobertas tamb\u00e9m de panejamentos roxos quaresmais.<\/p>\n<p>Ao longo do percurso, em sete paragens sucessivas, repete-se o Canto da Ver\u00f3nica: O vos omnes, qui transitis per viam, attendite, et videte, si est dolor sicut dolor meus (\u00d3 v\u00f3s todos que passais pelo caminho, olhai e vede se existe dor semelhante \u00e0 minha dor) (Lam1, 12), palavras que a Liturgia aplica especialmente \u00e0 Virgem Dolorosa. Na cena do Calv\u00e1rio, agregam-se crian\u00e7as representando v\u00e1rias figuras: S\u00e3o Jo\u00e3o, Maria Madalena, soldados, Nossa Senhora das Dores, Sim\u00e3o Cireneu, a Ver\u00f3nica&#8230;H\u00e1 alguns anos, a prociss\u00e3o era acompanhada tamb\u00e9m pelo som das matracas que, na Quaresma, substitu\u00edam o toque dos sinos, segundo o site de \u00a0\u00a0<a href=\"https:\/\/www.explorando-o-patrimonio.com\/outro-patrimonio\/outros-05\" target=\"_blank\" rel=\"noopener noreferrer\">https:\/\/www.explorando-o-patrimonio.com\/outro-patrimonio\/outros-05<\/a><\/p>\n<p>Na Sexta-Feira Santa, a imagem do Senhor Morto \u00e9 solenemente retirada da Cruz e depositada num esquife aberto, para venera\u00e7\u00e3o dos fi\u00e9is.<\/p>\n<p>Segue-se a Prociss\u00e3o do Enterro do Senhor, a cargo da Miseric\u00f3rdia, igualmente nocturna e em cortejo silencioso, apenas ao som da m\u00fasica f\u00fanebre tocada pela banda filarm\u00f3nica da cidade.<\/p>\n<p>Termina com a deposi\u00e7\u00e3o da imagem do Senhor Morto no Sepulcro e o Serm\u00e3o do Enterro, cerim\u00f3nia que antecede o S\u00e1bado de Aleluia e o grande dia do Domingo da Ressurrei\u00e7\u00e3o.<\/p>\n<p>Em Vila Nova de Foz C\u00f4a, esta tradi\u00e7\u00e3o est\u00e1 especialmente enraizada na devo\u00e7\u00e3o popular, e mant\u00eam na actualidade todo o vigor e sentimento religiosos das \u00e9pocas passadas.<\/p>\n","protected":false},"excerpt":{"rendered":"<p>Estado com Arte Magazine<\/p>\n","protected":false},"author":1,"featured_media":12397,"comment_status":"open","ping_status":"open","sticky":false,"template":"","format":"standard","meta":{"site-sidebar-layout":"default","site-content-layout":"default","ast-global-header-display":"","ast-banner-title-visibility":"","ast-main-header-display":"","ast-hfb-above-header-display":"","ast-hfb-below-header-display":"","ast-hfb-mobile-header-display":"","site-post-title":"","ast-breadcrumbs-content":"","ast-featured-img":"","footer-sml-layout":"","theme-transparent-header-meta":"default","adv-header-id-meta":"","stick-header-meta":"","header-above-stick-meta":"","header-main-stick-meta":"","header-below-stick-meta":"","footnotes":""},"categories":[7],"tags":[2445],"class_list":["post-12396","post","type-post","status-publish","format-standard","has-post-thumbnail","hentry","category-cultura","tag-vila-nova-de-foz-coa"],"yoast_head":"<!-- This site is optimized with the Yoast SEO plugin v25.1 - https:\/\/yoast.com\/wordpress\/plugins\/seo\/ -->\n<title>A Semana Santa em Vila Nova de Foz C\u00f4a - Estado com Arte<\/title>\n<meta name=\"robots\" content=\"index, follow, max-snippet:-1, max-image-preview:large, max-video-preview:-1\" \/>\n<link rel=\"canonical\" href=\"https:\/\/estadocomarte.pt\/site\/2026\/04\/04\/a-semana-santa-em-vila-nova-de-foz-coa\/\" \/>\n<meta property=\"og:locale\" content=\"pt_PT\" \/>\n<meta property=\"og:type\" content=\"article\" \/>\n<meta property=\"og:title\" content=\"A Semana Santa em Vila Nova de Foz C\u00f4a - Estado com Arte\" \/>\n<meta property=\"og:description\" content=\"Estado com Arte Magazine\" \/>\n<meta property=\"og:url\" content=\"https:\/\/estadocomarte.pt\/site\/2026\/04\/04\/a-semana-santa-em-vila-nova-de-foz-coa\/\" \/>\n<meta property=\"og:site_name\" content=\"Estado com Arte\" \/>\n<meta property=\"article:published_time\" content=\"2026-04-04T16:16:04+00:00\" \/>\n<meta property=\"og:image\" content=\"https:\/\/estadocomarte.pt\/site\/wp-content\/uploads\/2026\/04\/igreja-foz-coa-interior.png\" \/>\n\t<meta property=\"og:image:width\" content=\"1520\" \/>\n\t<meta property=\"og:image:height\" content=\"810\" \/>\n\t<meta property=\"og:image:type\" content=\"image\/png\" \/>\n<meta name=\"author\" content=\"admin\" \/>\n<meta name=\"twitter:card\" content=\"summary_large_image\" \/>\n<meta name=\"twitter:label1\" content=\"Escrito por\" \/>\n\t<meta name=\"twitter:data1\" content=\"admin\" \/>\n\t<meta name=\"twitter:label2\" content=\"Tempo estimado de leitura\" \/>\n\t<meta name=\"twitter:data2\" content=\"3 minutos\" \/>\n<script type=\"application\/ld+json\" class=\"yoast-schema-graph\">{\"@context\":\"https:\/\/schema.org\",\"@graph\":[{\"@type\":\"Article\",\"@id\":\"https:\/\/estadocomarte.pt\/site\/2026\/04\/04\/a-semana-santa-em-vila-nova-de-foz-coa\/#article\",\"isPartOf\":{\"@id\":\"https:\/\/estadocomarte.pt\/site\/2026\/04\/04\/a-semana-santa-em-vila-nova-de-foz-coa\/\"},\"author\":{\"name\":\"admin\",\"@id\":\"https:\/\/estadocomarte.pt\/site\/#\/schema\/person\/c0943a071216c1e5b21f85304151e4ba\"},\"headline\":\"A Semana Santa em Vila Nova de Foz C\u00f4a\",\"datePublished\":\"2026-04-04T16:16:04+00:00\",\"mainEntityOfPage\":{\"@id\":\"https:\/\/estadocomarte.pt\/site\/2026\/04\/04\/a-semana-santa-em-vila-nova-de-foz-coa\/\"},\"wordCount\":416,\"commentCount\":0,\"publisher\":{\"@id\":\"https:\/\/estadocomarte.pt\/site\/#organization\"},\"image\":{\"@id\":\"https:\/\/estadocomarte.pt\/site\/2026\/04\/04\/a-semana-santa-em-vila-nova-de-foz-coa\/#primaryimage\"},\"thumbnailUrl\":\"https:\/\/estadocomarte.pt\/site\/wp-content\/uploads\/2026\/04\/igreja-foz-coa-interior.png\",\"keywords\":[\"vila nova de foz coa\"],\"articleSection\":[\"Cultura\"],\"inLanguage\":\"pt-PT\",\"potentialAction\":[{\"@type\":\"CommentAction\",\"name\":\"Comment\",\"target\":[\"https:\/\/estadocomarte.pt\/site\/2026\/04\/04\/a-semana-santa-em-vila-nova-de-foz-coa\/#respond\"]}]},{\"@type\":\"WebPage\",\"@id\":\"https:\/\/estadocomarte.pt\/site\/2026\/04\/04\/a-semana-santa-em-vila-nova-de-foz-coa\/\",\"url\":\"https:\/\/estadocomarte.pt\/site\/2026\/04\/04\/a-semana-santa-em-vila-nova-de-foz-coa\/\",\"name\":\"A Semana Santa em Vila Nova de Foz C\u00f4a - Estado com Arte\",\"isPartOf\":{\"@id\":\"https:\/\/estadocomarte.pt\/site\/#website\"},\"primaryImageOfPage\":{\"@id\":\"https:\/\/estadocomarte.pt\/site\/2026\/04\/04\/a-semana-santa-em-vila-nova-de-foz-coa\/#primaryimage\"},\"image\":{\"@id\":\"https:\/\/estadocomarte.pt\/site\/2026\/04\/04\/a-semana-santa-em-vila-nova-de-foz-coa\/#primaryimage\"},\"thumbnailUrl\":\"https:\/\/estadocomarte.pt\/site\/wp-content\/uploads\/2026\/04\/igreja-foz-coa-interior.png\",\"datePublished\":\"2026-04-04T16:16:04+00:00\",\"breadcrumb\":{\"@id\":\"https:\/\/estadocomarte.pt\/site\/2026\/04\/04\/a-semana-santa-em-vila-nova-de-foz-coa\/#breadcrumb\"},\"inLanguage\":\"pt-PT\",\"potentialAction\":[{\"@type\":\"ReadAction\",\"target\":[\"https:\/\/estadocomarte.pt\/site\/2026\/04\/04\/a-semana-santa-em-vila-nova-de-foz-coa\/\"]}]},{\"@type\":\"ImageObject\",\"inLanguage\":\"pt-PT\",\"@id\":\"https:\/\/estadocomarte.pt\/site\/2026\/04\/04\/a-semana-santa-em-vila-nova-de-foz-coa\/#primaryimage\",\"url\":\"https:\/\/estadocomarte.pt\/site\/wp-content\/uploads\/2026\/04\/igreja-foz-coa-interior.png\",\"contentUrl\":\"https:\/\/estadocomarte.pt\/site\/wp-content\/uploads\/2026\/04\/igreja-foz-coa-interior.png\",\"width\":1520,\"height\":810},{\"@type\":\"BreadcrumbList\",\"@id\":\"https:\/\/estadocomarte.pt\/site\/2026\/04\/04\/a-semana-santa-em-vila-nova-de-foz-coa\/#breadcrumb\",\"itemListElement\":[{\"@type\":\"ListItem\",\"position\":1,\"name\":\"In\u00edcio\",\"item\":\"https:\/\/estadocomarte.pt\/site\/\"},{\"@type\":\"ListItem\",\"position\":2,\"name\":\"A Semana Santa em Vila Nova de Foz C\u00f4a\"}]},{\"@type\":\"WebSite\",\"@id\":\"https:\/\/estadocomarte.pt\/site\/#website\",\"url\":\"https:\/\/estadocomarte.pt\/site\/\",\"name\":\"Estado com Arte Magazine\",\"description\":\"Magazine\",\"publisher\":{\"@id\":\"https:\/\/estadocomarte.pt\/site\/#organization\"},\"alternateName\":\"Magazine semanal sobre pol\u00edtica e cultura, com autores, opini\u00e3o e cr\u00edticas.\",\"potentialAction\":[{\"@type\":\"SearchAction\",\"target\":{\"@type\":\"EntryPoint\",\"urlTemplate\":\"https:\/\/estadocomarte.pt\/site\/?s={search_term_string}\"},\"query-input\":{\"@type\":\"PropertyValueSpecification\",\"valueRequired\":true,\"valueName\":\"search_term_string\"}}],\"inLanguage\":\"pt-PT\"},{\"@type\":\"Organization\",\"@id\":\"https:\/\/estadocomarte.pt\/site\/#organization\",\"name\":\"Estado com Arte Magazine\",\"alternateName\":\"Magazine semanal sobre pol\u00edtica e cultura, com autores, opini\u00e3o e cr\u00edticas.\",\"url\":\"https:\/\/estadocomarte.pt\/site\/\",\"logo\":{\"@type\":\"ImageObject\",\"inLanguage\":\"pt-PT\",\"@id\":\"https:\/\/estadocomarte.pt\/site\/#\/schema\/logo\/image\/\",\"url\":\"https:\/\/estadocomarte.pt\/site\/wp-content\/uploads\/2023\/06\/cropped-cropped-Prancheta-2@2x-100.jpg\",\"contentUrl\":\"https:\/\/estadocomarte.pt\/site\/wp-content\/uploads\/2023\/06\/cropped-cropped-Prancheta-2@2x-100.jpg\",\"width\":1777,\"height\":592,\"caption\":\"Estado com Arte Magazine\"},\"image\":{\"@id\":\"https:\/\/estadocomarte.pt\/site\/#\/schema\/logo\/image\/\"},\"sameAs\":[\"https:\/\/www.instagram.com\/estadocomartemagazine\"]},{\"@type\":\"Person\",\"@id\":\"https:\/\/estadocomarte.pt\/site\/#\/schema\/person\/c0943a071216c1e5b21f85304151e4ba\",\"name\":\"admin\",\"image\":{\"@type\":\"ImageObject\",\"inLanguage\":\"pt-PT\",\"@id\":\"https:\/\/estadocomarte.pt\/site\/#\/schema\/person\/image\/\",\"url\":\"https:\/\/secure.gravatar.com\/avatar\/e6f378fd6914c8505d3e1d40f51fa953b21bab0f3a5658a33bc84cb5bda780f9?s=96&d=mm&r=g\",\"contentUrl\":\"https:\/\/secure.gravatar.com\/avatar\/e6f378fd6914c8505d3e1d40f51fa953b21bab0f3a5658a33bc84cb5bda780f9?s=96&d=mm&r=g\",\"caption\":\"admin\"},\"sameAs\":[\"https:\/\/estadocomarte.pt\/site\"],\"url\":\"https:\/\/estadocomarte.pt\/site\/author\/admin\/\"}]}<\/script>\n<!-- \/ Yoast SEO plugin. -->","yoast_head_json":{"title":"A Semana Santa em Vila Nova de Foz C\u00f4a - Estado com Arte","robots":{"index":"index","follow":"follow","max-snippet":"max-snippet:-1","max-image-preview":"max-image-preview:large","max-video-preview":"max-video-preview:-1"},"canonical":"https:\/\/estadocomarte.pt\/site\/2026\/04\/04\/a-semana-santa-em-vila-nova-de-foz-coa\/","og_locale":"pt_PT","og_type":"article","og_title":"A Semana Santa em Vila Nova de Foz C\u00f4a - Estado com Arte","og_description":"Estado com Arte Magazine","og_url":"https:\/\/estadocomarte.pt\/site\/2026\/04\/04\/a-semana-santa-em-vila-nova-de-foz-coa\/","og_site_name":"Estado com Arte","article_published_time":"2026-04-04T16:16:04+00:00","og_image":[{"width":1520,"height":810,"url":"https:\/\/estadocomarte.pt\/site\/wp-content\/uploads\/2026\/04\/igreja-foz-coa-interior.png","type":"image\/png"}],"author":"admin","twitter_card":"summary_large_image","twitter_misc":{"Escrito por":"admin","Tempo estimado de leitura":"3 minutos"},"schema":{"@context":"https:\/\/schema.org","@graph":[{"@type":"Article","@id":"https:\/\/estadocomarte.pt\/site\/2026\/04\/04\/a-semana-santa-em-vila-nova-de-foz-coa\/#article","isPartOf":{"@id":"https:\/\/estadocomarte.pt\/site\/2026\/04\/04\/a-semana-santa-em-vila-nova-de-foz-coa\/"},"author":{"name":"admin","@id":"https:\/\/estadocomarte.pt\/site\/#\/schema\/person\/c0943a071216c1e5b21f85304151e4ba"},"headline":"A Semana Santa em Vila Nova de Foz C\u00f4a","datePublished":"2026-04-04T16:16:04+00:00","mainEntityOfPage":{"@id":"https:\/\/estadocomarte.pt\/site\/2026\/04\/04\/a-semana-santa-em-vila-nova-de-foz-coa\/"},"wordCount":416,"commentCount":0,"publisher":{"@id":"https:\/\/estadocomarte.pt\/site\/#organization"},"image":{"@id":"https:\/\/estadocomarte.pt\/site\/2026\/04\/04\/a-semana-santa-em-vila-nova-de-foz-coa\/#primaryimage"},"thumbnailUrl":"https:\/\/estadocomarte.pt\/site\/wp-content\/uploads\/2026\/04\/igreja-foz-coa-interior.png","keywords":["vila nova de foz coa"],"articleSection":["Cultura"],"inLanguage":"pt-PT","potentialAction":[{"@type":"CommentAction","name":"Comment","target":["https:\/\/estadocomarte.pt\/site\/2026\/04\/04\/a-semana-santa-em-vila-nova-de-foz-coa\/#respond"]}]},{"@type":"WebPage","@id":"https:\/\/estadocomarte.pt\/site\/2026\/04\/04\/a-semana-santa-em-vila-nova-de-foz-coa\/","url":"https:\/\/estadocomarte.pt\/site\/2026\/04\/04\/a-semana-santa-em-vila-nova-de-foz-coa\/","name":"A Semana Santa em Vila Nova de Foz C\u00f4a - Estado com Arte","isPartOf":{"@id":"https:\/\/estadocomarte.pt\/site\/#website"},"primaryImageOfPage":{"@id":"https:\/\/estadocomarte.pt\/site\/2026\/04\/04\/a-semana-santa-em-vila-nova-de-foz-coa\/#primaryimage"},"image":{"@id":"https:\/\/estadocomarte.pt\/site\/2026\/04\/04\/a-semana-santa-em-vila-nova-de-foz-coa\/#primaryimage"},"thumbnailUrl":"https:\/\/estadocomarte.pt\/site\/wp-content\/uploads\/2026\/04\/igreja-foz-coa-interior.png","datePublished":"2026-04-04T16:16:04+00:00","breadcrumb":{"@id":"https:\/\/estadocomarte.pt\/site\/2026\/04\/04\/a-semana-santa-em-vila-nova-de-foz-coa\/#breadcrumb"},"inLanguage":"pt-PT","potentialAction":[{"@type":"ReadAction","target":["https:\/\/estadocomarte.pt\/site\/2026\/04\/04\/a-semana-santa-em-vila-nova-de-foz-coa\/"]}]},{"@type":"ImageObject","inLanguage":"pt-PT","@id":"https:\/\/estadocomarte.pt\/site\/2026\/04\/04\/a-semana-santa-em-vila-nova-de-foz-coa\/#primaryimage","url":"https:\/\/estadocomarte.pt\/site\/wp-content\/uploads\/2026\/04\/igreja-foz-coa-interior.png","contentUrl":"https:\/\/estadocomarte.pt\/site\/wp-content\/uploads\/2026\/04\/igreja-foz-coa-interior.png","width":1520,"height":810},{"@type":"BreadcrumbList","@id":"https:\/\/estadocomarte.pt\/site\/2026\/04\/04\/a-semana-santa-em-vila-nova-de-foz-coa\/#breadcrumb","itemListElement":[{"@type":"ListItem","position":1,"name":"In\u00edcio","item":"https:\/\/estadocomarte.pt\/site\/"},{"@type":"ListItem","position":2,"name":"A Semana Santa em Vila Nova de Foz C\u00f4a"}]},{"@type":"WebSite","@id":"https:\/\/estadocomarte.pt\/site\/#website","url":"https:\/\/estadocomarte.pt\/site\/","name":"Estado com Arte Magazine","description":"Magazine","publisher":{"@id":"https:\/\/estadocomarte.pt\/site\/#organization"},"alternateName":"Magazine semanal sobre pol\u00edtica e cultura, com autores, opini\u00e3o e cr\u00edticas.","potentialAction":[{"@type":"SearchAction","target":{"@type":"EntryPoint","urlTemplate":"https:\/\/estadocomarte.pt\/site\/?s={search_term_string}"},"query-input":{"@type":"PropertyValueSpecification","valueRequired":true,"valueName":"search_term_string"}}],"inLanguage":"pt-PT"},{"@type":"Organization","@id":"https:\/\/estadocomarte.pt\/site\/#organization","name":"Estado com Arte Magazine","alternateName":"Magazine semanal sobre pol\u00edtica e cultura, com autores, opini\u00e3o e cr\u00edticas.","url":"https:\/\/estadocomarte.pt\/site\/","logo":{"@type":"ImageObject","inLanguage":"pt-PT","@id":"https:\/\/estadocomarte.pt\/site\/#\/schema\/logo\/image\/","url":"https:\/\/estadocomarte.pt\/site\/wp-content\/uploads\/2023\/06\/cropped-cropped-Prancheta-2@2x-100.jpg","contentUrl":"https:\/\/estadocomarte.pt\/site\/wp-content\/uploads\/2023\/06\/cropped-cropped-Prancheta-2@2x-100.jpg","width":1777,"height":592,"caption":"Estado com Arte Magazine"},"image":{"@id":"https:\/\/estadocomarte.pt\/site\/#\/schema\/logo\/image\/"},"sameAs":["https:\/\/www.instagram.com\/estadocomartemagazine"]},{"@type":"Person","@id":"https:\/\/estadocomarte.pt\/site\/#\/schema\/person\/c0943a071216c1e5b21f85304151e4ba","name":"admin","image":{"@type":"ImageObject","inLanguage":"pt-PT","@id":"https:\/\/estadocomarte.pt\/site\/#\/schema\/person\/image\/","url":"https:\/\/secure.gravatar.com\/avatar\/e6f378fd6914c8505d3e1d40f51fa953b21bab0f3a5658a33bc84cb5bda780f9?s=96&d=mm&r=g","contentUrl":"https:\/\/secure.gravatar.com\/avatar\/e6f378fd6914c8505d3e1d40f51fa953b21bab0f3a5658a33bc84cb5bda780f9?s=96&d=mm&r=g","caption":"admin"},"sameAs":["https:\/\/estadocomarte.pt\/site"],"url":"https:\/\/estadocomarte.pt\/site\/author\/admin\/"}]}},"_links":{"self":[{"href":"https:\/\/estadocomarte.pt\/site\/wp-json\/wp\/v2\/posts\/12396","targetHints":{"allow":["GET"]}}],"collection":[{"href":"https:\/\/estadocomarte.pt\/site\/wp-json\/wp\/v2\/posts"}],"about":[{"href":"https:\/\/estadocomarte.pt\/site\/wp-json\/wp\/v2\/types\/post"}],"author":[{"embeddable":true,"href":"https:\/\/estadocomarte.pt\/site\/wp-json\/wp\/v2\/users\/1"}],"replies":[{"embeddable":true,"href":"https:\/\/estadocomarte.pt\/site\/wp-json\/wp\/v2\/comments?post=12396"}],"version-history":[{"count":1,"href":"https:\/\/estadocomarte.pt\/site\/wp-json\/wp\/v2\/posts\/12396\/revisions"}],"predecessor-version":[{"id":12398,"href":"https:\/\/estadocomarte.pt\/site\/wp-json\/wp\/v2\/posts\/12396\/revisions\/12398"}],"wp:featuredmedia":[{"embeddable":true,"href":"https:\/\/estadocomarte.pt\/site\/wp-json\/wp\/v2\/media\/12397"}],"wp:attachment":[{"href":"https:\/\/estadocomarte.pt\/site\/wp-json\/wp\/v2\/media?parent=12396"}],"wp:term":[{"taxonomy":"category","embeddable":true,"href":"https:\/\/estadocomarte.pt\/site\/wp-json\/wp\/v2\/categories?post=12396"},{"taxonomy":"post_tag","embeddable":true,"href":"https:\/\/estadocomarte.pt\/site\/wp-json\/wp\/v2\/tags?post=12396"}],"curies":[{"name":"wp","href":"https:\/\/api.w.org\/{rel}","templated":true}]}}