{"id":12598,"date":"2026-04-24T12:03:14","date_gmt":"2026-04-24T12:03:14","guid":{"rendered":"https:\/\/estadocomarte.pt\/site\/?p=12598"},"modified":"2026-04-24T12:03:14","modified_gmt":"2026-04-24T12:03:14","slug":"apimprensa-defende-aprovacao-urgente-da-lei-da-publicitacao-das-deliberacoes-autarquicas","status":"publish","type":"post","link":"https:\/\/estadocomarte.pt\/site\/2026\/04\/24\/apimprensa-defende-aprovacao-urgente-da-lei-da-publicitacao-das-deliberacoes-autarquicas\/","title":{"rendered":"APImprensa defende aprova\u00e7\u00e3o urgente da lei da publicita\u00e7\u00e3o das delibera\u00e7\u00f5es aut\u00e1rquicas"},"content":{"rendered":"<p><strong>A Associa\u00e7\u00e3o Portuguesa de Imprensa (APImprensa) considera essencial que a Proposta de Lei n.\u00ba 62\/XVII relativa \u00e0 publicita\u00e7\u00e3o das delibera\u00e7\u00f5es aut\u00e1rquicas, j\u00e1 aprovada na generalidade, seja agora aprovada na especialidade, &#8220;sem desvirtuar o seu objetivo inicial: refor\u00e7ar a transpar\u00eancia democr\u00e1tica, garantir o direito dos cidad\u00e3os \u00e0 informa\u00e7\u00e3o e contribuir para a sustentabilidade da imprensa regional e local&#8221;, revela a Dire\u00e7\u00e3o da APImprensa.<\/strong><\/p>\n<p>Para a associa\u00e7\u00e3o de imprensa, a publicita\u00e7\u00e3o das delibera\u00e7\u00f5es das autarquias locais na imprensa regional constitui, antes de mais,&#8221; um instrumento de transpar\u00eancia democr\u00e1tica&#8221;, avan\u00e7a a informa\u00e7\u00e3o em comunicado \u00e0 reda\u00e7\u00e3o do Magazine Estado com Arte.<\/p>\n<p>Para a APImprensa\u00a0 as decis\u00f5es dos \u00f3rg\u00e3os aut\u00e1rquicos t\u00eam impacto direto na vida das popula\u00e7\u00f5es, desde o ordenamento do territ\u00f3rio \u00e0s obras p\u00fablicas, passando pela gest\u00e3o de recursos, apoios sociais, contratos, taxas e regulamentos.<\/p>\n<p>&#8220;Garantir que essas delibera\u00e7\u00f5es s\u00e3o conhecidas atrav\u00e9s de \u00f3rg\u00e3os de comunica\u00e7\u00e3o social independentes significa sujeit\u00e1-las ao escrut\u00ednio p\u00fablico, refor\u00e7ando a presta\u00e7\u00e3o de contas dos eleitos locais e combatendo a opacidade.&#8221; Como a APImprensa tem sublinhado, esta obriga\u00e7\u00e3o legal representa um \u201cinquestion\u00e1vel e insubstitu\u00edvel contributo para a transpar\u00eancia dos atos praticados pelos decisores\u201d.<\/p>\n<p>Mas esta \u00e9 tamb\u00e9m uma quest\u00e3o de pluralismo informativo. &#8220;Quando a informa\u00e7\u00e3o institucional fica confinada aos canais pr\u00f3prios das autarquias, deixa de passar pelo filtro do jornalismo independente e pela media\u00e7\u00e3o cr\u00edtica que caracteriza a imprensa profissional.&#8221; A APImprensa tem alertado para o facto de muitas c\u00e2maras municipais estarem, na pr\u00e1tica, a substituir a imprensa local com &#8220;estruturas de comunica\u00e7\u00e3o institucional muito mais robustas, difundindo conte\u00fados n\u00e3o sujeitos a contradit\u00f3rio nem a escrut\u00ednio jornal\u00edstico&#8221;. Esse fen\u00f3meno &#8220;empobrece o debate p\u00fablico e fragiliza o direito dos cidad\u00e3os a receber informa\u00e7\u00e3o plural, verificada e contextualizada.&#8221;<\/p>\n<p>&#8220;A aprova\u00e7\u00e3o desta regulamenta\u00e7\u00e3o \u00e9 igualmente decisiva para a sobreviv\u00eancia da imprensa de proximidade. Num contexto em que o setor enfrenta uma quebra prolongada de receitas publicit\u00e1rias, aumento de custos e profundas dificuldades de adapta\u00e7\u00e3o digital, a publicita\u00e7\u00e3o das delibera\u00e7\u00f5es aut\u00e1rquicas representa uma fonte de receita est\u00e1vel, distribu\u00edda por todo o territ\u00f3rio, sem sobrecarga significativa para o Estado central.&#8221;<\/p>\n<p>Acrescenta a direc\u00e7\u00e3o que a APImprensa tem defendido que &#8220;esta \u00e9 uma das mais relevantes medidas p\u00fablicas de apoio \u00e0 imprensa regional alguma vez previstas, precisamente porque reparte o esfor\u00e7o financeiro pelos or\u00e7amentos das autarquias e cria um mecanismo com impacto capilar em centenas de publica\u00e7\u00f5es locais e regionais.&#8221;<\/p>\n<p>H\u00e1 ainda uma raz\u00e3o de coes\u00e3o territorial e de combate aos desertos de not\u00edcias. A APImprensa tem vindo a alertar para o desaparecimento do jornalismo de proximidade em mais de 25% dos munic\u00edpios portugueses, sublinhando que a desertifica\u00e7\u00e3o medi\u00e1tica compromete a participa\u00e7\u00e3o c\u00edvica, enfraquece a fiscaliza\u00e7\u00e3o do poder local e agrava as assimetrias entre territ\u00f3rios. Refor\u00e7ar economicamente a imprensa regional atrav\u00e9s da publicita\u00e7\u00e3o das delibera\u00e7\u00f5es aut\u00e1rquicas &#8220;\u00e9 uma medida de pol\u00edtica p\u00fablica com efeitos democr\u00e1ticos profundos&#8221;: ajuda a manter reda\u00e7\u00f5es em funcionamento, preserva emprego jornal\u00edstico e garante que comunidades inteiras n\u00e3o ficam entregues apenas \u00e0 comunica\u00e7\u00e3o oficial dos poderes locais.<\/p>\n<p>&#8220;N\u00e3o obstante o impacto positivo que a aprova\u00e7\u00e3o desta medida representa para o setor, a APImprensa entende que tal como est\u00e1 formulada, a proposta reduz o alcance da obriga\u00e7\u00e3o de publicita\u00e7\u00e3o e deixa lacunas importantes quanto \u00e0 elegibilidade dos meios, \u00e0 fiscaliza\u00e7\u00e3o e \u00e0 aplica\u00e7\u00e3o pr\u00e1tica do diploma, sem desvirtuar o seu objetivo inicial.&#8221;<\/p>\n<p>Em primeiro lugar, a proposta restringe em demasia o universo de atos sujeitos a publicita\u00e7\u00e3o. Ao deixar de fora decis\u00f5es relevantes dos presidentes de c\u00e2mara, dos vereadores e dos \u00f3rg\u00e3os das freguesias, a iniciativa reduz o alcance do regime e compromete o objetivo de refor\u00e7o da transpar\u00eancia que esteve na origem desta solu\u00e7\u00e3o legislativa.<\/p>\n<p>Em segundo lugar, a proposta arrisca ter um efeito econ\u00f3mico muito reduzido na imprensa local e regional. Ao limitar os atos a publicar e ao restringir a aplica\u00e7\u00e3o \u00e0s freguesias com mais de 10 mil eleitores, acaba por excluir a esmagadora maioria das freguesias portuguesas, diminuindo de forma substancial o impacto pr\u00e1tico da medida para os \u00f3rg\u00e3os de comunica\u00e7\u00e3o social de proximidade.<\/p>\n<p>Em terceiro lugar, admite a associa\u00e7\u00e3o de imprensa que &#8220;subsistem lacunas operacionais que exigem clarifica\u00e7\u00e3o&#8221;. Entre elas, a aus\u00eancia de uma solu\u00e7\u00e3o para os munic\u00edpios onde n\u00e3o existam meios eleg\u00edveis; a indefini\u00e7\u00e3o quanto \u00e0 admissibilidade de publica\u00e7\u00f5es com pre\u00e7o simb\u00f3lico; a falta de distin\u00e7\u00e3o entre \u00f3rg\u00e3os de comunica\u00e7\u00e3o social com estrutura jornal\u00edstica profissional e plataformas sem reda\u00e7\u00e3o; as d\u00favidas sobre a periodicidade exigida aos meios digitais; o enquadramento dos t\u00edtulos h\u00edbridos, impressos e digitais; a indefini\u00e7\u00e3o do conceito de \u201cmaior circula\u00e7\u00e3o\u201d; os crit\u00e9rios de cobertura territorial; e o recurso excessivo a meios nacionais, em detrimento da imprensa regional e local.<\/p>\n<p>A APImprensa sublinha que aprovar esta regulamenta\u00e7\u00e3o \u00e9 &#8221; defender simultaneamente a imprensa e a democracia. \u00c9 garantir mais transpar\u00eancia no poder local, mais pluralismo no espa\u00e7o p\u00fablico, mais acesso dos cidad\u00e3os \u00e0 informa\u00e7\u00e3o e mais sustentabilidade para os \u00f3rg\u00e3os de comunica\u00e7\u00e3o social de proximidade. Adiar novamente esta decis\u00e3o seria perpetuar uma omiss\u00e3o com custos democr\u00e1ticos e econ\u00f3micos demasiado elevados para o pa\u00eds. A APImprensa entende, por isso, que esta aprova\u00e7\u00e3o deve avan\u00e7ar sem mais demora.<\/p>\n<p>Nesse sentido, a APImprensa apela aos deputados para que, na especialidade, corrijam as insufici\u00eancias da proposta e assegurem uma reda\u00e7\u00e3o final que respeite o objetivo da lei: promover mais transpar\u00eancia no poder local, mais pluralismo no espa\u00e7o p\u00fablico e melhores condi\u00e7\u00f5es para a sobreviv\u00eancia da imprensa regional e local.<\/p>\n<p>&#8220;A democracia local s\u00f3 tem a ganhar com uma imprensa mais forte, mais pr\u00f3xima das comunidades e em condi\u00e7\u00f5es de cumprir a sua miss\u00e3o de informar, escrutinar e dar voz aos cidad\u00e3os,&#8221; conclui\u00a0 a direc\u00e7\u00e3o da APImprensa.<\/p>\n","protected":false},"excerpt":{"rendered":"<p>Estado com Arte Magazine<\/p>\n","protected":false},"author":1,"featured_media":12602,"comment_status":"open","ping_status":"open","sticky":false,"template":"","format":"standard","meta":{"site-sidebar-layout":"default","site-content-layout":"default","ast-global-header-display":"","ast-banner-title-visibility":"","ast-main-header-display":"","ast-hfb-above-header-display":"","ast-hfb-below-header-display":"","ast-hfb-mobile-header-display":"","site-post-title":"","ast-breadcrumbs-content":"","ast-featured-img":"","footer-sml-layout":"","theme-transparent-header-meta":"default","adv-header-id-meta":"","stick-header-meta":"","header-above-stick-meta":"","header-main-stick-meta":"","header-below-stick-meta":"","footnotes":""},"categories":[8],"tags":[2480],"class_list":["post-12598","post","type-post","status-publish","format-standard","has-post-thumbnail","hentry","category-sociedade","tag-apimprensa-defende-aprovacao-urgente-da-lei-da-publicitacao-das-deliberacoes-autarquicas"],"yoast_head":"<!-- This site is optimized with the Yoast SEO plugin v25.1 - https:\/\/yoast.com\/wordpress\/plugins\/seo\/ -->\n<title>APImprensa defende aprova\u00e7\u00e3o urgente da lei da publicita\u00e7\u00e3o das delibera\u00e7\u00f5es aut\u00e1rquicas - Estado com Arte<\/title>\n<meta name=\"robots\" content=\"index, follow, max-snippet:-1, max-image-preview:large, max-video-preview:-1\" \/>\n<link rel=\"canonical\" href=\"https:\/\/estadocomarte.pt\/site\/2026\/04\/24\/apimprensa-defende-aprovacao-urgente-da-lei-da-publicitacao-das-deliberacoes-autarquicas\/\" \/>\n<meta property=\"og:locale\" content=\"pt_PT\" \/>\n<meta property=\"og:type\" content=\"article\" \/>\n<meta property=\"og:title\" content=\"APImprensa defende aprova\u00e7\u00e3o urgente da lei da publicita\u00e7\u00e3o das delibera\u00e7\u00f5es aut\u00e1rquicas - Estado com Arte\" \/>\n<meta property=\"og:description\" content=\"Estado com Arte Magazine\" \/>\n<meta property=\"og:url\" content=\"https:\/\/estadocomarte.pt\/site\/2026\/04\/24\/apimprensa-defende-aprovacao-urgente-da-lei-da-publicitacao-das-deliberacoes-autarquicas\/\" \/>\n<meta property=\"og:site_name\" content=\"Estado com Arte\" \/>\n<meta property=\"article:published_time\" content=\"2026-04-24T12:03:14+00:00\" \/>\n<meta property=\"og:image\" content=\"https:\/\/estadocomarte.pt\/site\/wp-content\/uploads\/2026\/04\/apimprensa-alerta-que-urgente-modernizar-e-adaptar-o-setor.jpg\" \/>\n\t<meta property=\"og:image:width\" content=\"1667\" \/>\n\t<meta property=\"og:image:height\" content=\"938\" \/>\n\t<meta property=\"og:image:type\" content=\"image\/jpeg\" \/>\n<meta name=\"author\" content=\"admin\" \/>\n<meta name=\"twitter:card\" content=\"summary_large_image\" \/>\n<meta name=\"twitter:label1\" content=\"Escrito por\" \/>\n\t<meta name=\"twitter:data1\" content=\"admin\" \/>\n\t<meta name=\"twitter:label2\" content=\"Tempo estimado de leitura\" \/>\n\t<meta name=\"twitter:data2\" content=\"6 minutos\" \/>\n<script type=\"application\/ld+json\" class=\"yoast-schema-graph\">{\"@context\":\"https:\/\/schema.org\",\"@graph\":[{\"@type\":\"Article\",\"@id\":\"https:\/\/estadocomarte.pt\/site\/2026\/04\/24\/apimprensa-defende-aprovacao-urgente-da-lei-da-publicitacao-das-deliberacoes-autarquicas\/#article\",\"isPartOf\":{\"@id\":\"https:\/\/estadocomarte.pt\/site\/2026\/04\/24\/apimprensa-defende-aprovacao-urgente-da-lei-da-publicitacao-das-deliberacoes-autarquicas\/\"},\"author\":{\"name\":\"admin\",\"@id\":\"https:\/\/estadocomarte.pt\/site\/#\/schema\/person\/c0943a071216c1e5b21f85304151e4ba\"},\"headline\":\"APImprensa defende aprova\u00e7\u00e3o urgente da lei da publicita\u00e7\u00e3o das delibera\u00e7\u00f5es aut\u00e1rquicas\",\"datePublished\":\"2026-04-24T12:03:14+00:00\",\"mainEntityOfPage\":{\"@id\":\"https:\/\/estadocomarte.pt\/site\/2026\/04\/24\/apimprensa-defende-aprovacao-urgente-da-lei-da-publicitacao-das-deliberacoes-autarquicas\/\"},\"wordCount\":1077,\"commentCount\":0,\"publisher\":{\"@id\":\"https:\/\/estadocomarte.pt\/site\/#organization\"},\"image\":{\"@id\":\"https:\/\/estadocomarte.pt\/site\/2026\/04\/24\/apimprensa-defende-aprovacao-urgente-da-lei-da-publicitacao-das-deliberacoes-autarquicas\/#primaryimage\"},\"thumbnailUrl\":\"https:\/\/estadocomarte.pt\/site\/wp-content\/uploads\/2026\/04\/apimprensa-alerta-que-urgente-modernizar-e-adaptar-o-setor.jpg\",\"keywords\":[\"APImprensa defende aprova\u00e7\u00e3o urgente da lei da publicita\u00e7\u00e3o das delibera\u00e7\u00f5es aut\u00e1rquicas\"],\"articleSection\":[\"Sociedade\"],\"inLanguage\":\"pt-PT\",\"potentialAction\":[{\"@type\":\"CommentAction\",\"name\":\"Comment\",\"target\":[\"https:\/\/estadocomarte.pt\/site\/2026\/04\/24\/apimprensa-defende-aprovacao-urgente-da-lei-da-publicitacao-das-deliberacoes-autarquicas\/#respond\"]}]},{\"@type\":\"WebPage\",\"@id\":\"https:\/\/estadocomarte.pt\/site\/2026\/04\/24\/apimprensa-defende-aprovacao-urgente-da-lei-da-publicitacao-das-deliberacoes-autarquicas\/\",\"url\":\"https:\/\/estadocomarte.pt\/site\/2026\/04\/24\/apimprensa-defende-aprovacao-urgente-da-lei-da-publicitacao-das-deliberacoes-autarquicas\/\",\"name\":\"APImprensa defende aprova\u00e7\u00e3o urgente da lei da publicita\u00e7\u00e3o das delibera\u00e7\u00f5es aut\u00e1rquicas - Estado com Arte\",\"isPartOf\":{\"@id\":\"https:\/\/estadocomarte.pt\/site\/#website\"},\"primaryImageOfPage\":{\"@id\":\"https:\/\/estadocomarte.pt\/site\/2026\/04\/24\/apimprensa-defende-aprovacao-urgente-da-lei-da-publicitacao-das-deliberacoes-autarquicas\/#primaryimage\"},\"image\":{\"@id\":\"https:\/\/estadocomarte.pt\/site\/2026\/04\/24\/apimprensa-defende-aprovacao-urgente-da-lei-da-publicitacao-das-deliberacoes-autarquicas\/#primaryimage\"},\"thumbnailUrl\":\"https:\/\/estadocomarte.pt\/site\/wp-content\/uploads\/2026\/04\/apimprensa-alerta-que-urgente-modernizar-e-adaptar-o-setor.jpg\",\"datePublished\":\"2026-04-24T12:03:14+00:00\",\"breadcrumb\":{\"@id\":\"https:\/\/estadocomarte.pt\/site\/2026\/04\/24\/apimprensa-defende-aprovacao-urgente-da-lei-da-publicitacao-das-deliberacoes-autarquicas\/#breadcrumb\"},\"inLanguage\":\"pt-PT\",\"potentialAction\":[{\"@type\":\"ReadAction\",\"target\":[\"https:\/\/estadocomarte.pt\/site\/2026\/04\/24\/apimprensa-defende-aprovacao-urgente-da-lei-da-publicitacao-das-deliberacoes-autarquicas\/\"]}]},{\"@type\":\"ImageObject\",\"inLanguage\":\"pt-PT\",\"@id\":\"https:\/\/estadocomarte.pt\/site\/2026\/04\/24\/apimprensa-defende-aprovacao-urgente-da-lei-da-publicitacao-das-deliberacoes-autarquicas\/#primaryimage\",\"url\":\"https:\/\/estadocomarte.pt\/site\/wp-content\/uploads\/2026\/04\/apimprensa-alerta-que-urgente-modernizar-e-adaptar-o-setor.jpg\",\"contentUrl\":\"https:\/\/estadocomarte.pt\/site\/wp-content\/uploads\/2026\/04\/apimprensa-alerta-que-urgente-modernizar-e-adaptar-o-setor.jpg\",\"width\":1667,\"height\":938},{\"@type\":\"BreadcrumbList\",\"@id\":\"https:\/\/estadocomarte.pt\/site\/2026\/04\/24\/apimprensa-defende-aprovacao-urgente-da-lei-da-publicitacao-das-deliberacoes-autarquicas\/#breadcrumb\",\"itemListElement\":[{\"@type\":\"ListItem\",\"position\":1,\"name\":\"In\u00edcio\",\"item\":\"https:\/\/estadocomarte.pt\/site\/\"},{\"@type\":\"ListItem\",\"position\":2,\"name\":\"APImprensa defende aprova\u00e7\u00e3o urgente da lei da publicita\u00e7\u00e3o das delibera\u00e7\u00f5es aut\u00e1rquicas\"}]},{\"@type\":\"WebSite\",\"@id\":\"https:\/\/estadocomarte.pt\/site\/#website\",\"url\":\"https:\/\/estadocomarte.pt\/site\/\",\"name\":\"Estado com Arte Magazine\",\"description\":\"Magazine\",\"publisher\":{\"@id\":\"https:\/\/estadocomarte.pt\/site\/#organization\"},\"alternateName\":\"Magazine semanal sobre pol\u00edtica e cultura, com autores, opini\u00e3o e cr\u00edticas.\",\"potentialAction\":[{\"@type\":\"SearchAction\",\"target\":{\"@type\":\"EntryPoint\",\"urlTemplate\":\"https:\/\/estadocomarte.pt\/site\/?s={search_term_string}\"},\"query-input\":{\"@type\":\"PropertyValueSpecification\",\"valueRequired\":true,\"valueName\":\"search_term_string\"}}],\"inLanguage\":\"pt-PT\"},{\"@type\":\"Organization\",\"@id\":\"https:\/\/estadocomarte.pt\/site\/#organization\",\"name\":\"Estado com Arte Magazine\",\"alternateName\":\"Magazine semanal sobre pol\u00edtica e cultura, com autores, opini\u00e3o e cr\u00edticas.\",\"url\":\"https:\/\/estadocomarte.pt\/site\/\",\"logo\":{\"@type\":\"ImageObject\",\"inLanguage\":\"pt-PT\",\"@id\":\"https:\/\/estadocomarte.pt\/site\/#\/schema\/logo\/image\/\",\"url\":\"https:\/\/estadocomarte.pt\/site\/wp-content\/uploads\/2023\/06\/cropped-cropped-Prancheta-2@2x-100.jpg\",\"contentUrl\":\"https:\/\/estadocomarte.pt\/site\/wp-content\/uploads\/2023\/06\/cropped-cropped-Prancheta-2@2x-100.jpg\",\"width\":1777,\"height\":592,\"caption\":\"Estado com Arte Magazine\"},\"image\":{\"@id\":\"https:\/\/estadocomarte.pt\/site\/#\/schema\/logo\/image\/\"},\"sameAs\":[\"https:\/\/www.instagram.com\/estadocomartemagazine\"]},{\"@type\":\"Person\",\"@id\":\"https:\/\/estadocomarte.pt\/site\/#\/schema\/person\/c0943a071216c1e5b21f85304151e4ba\",\"name\":\"admin\",\"image\":{\"@type\":\"ImageObject\",\"inLanguage\":\"pt-PT\",\"@id\":\"https:\/\/estadocomarte.pt\/site\/#\/schema\/person\/image\/\",\"url\":\"https:\/\/secure.gravatar.com\/avatar\/e6f378fd6914c8505d3e1d40f51fa953b21bab0f3a5658a33bc84cb5bda780f9?s=96&d=mm&r=g\",\"contentUrl\":\"https:\/\/secure.gravatar.com\/avatar\/e6f378fd6914c8505d3e1d40f51fa953b21bab0f3a5658a33bc84cb5bda780f9?s=96&d=mm&r=g\",\"caption\":\"admin\"},\"sameAs\":[\"https:\/\/estadocomarte.pt\/site\"],\"url\":\"https:\/\/estadocomarte.pt\/site\/author\/admin\/\"}]}<\/script>\n<!-- \/ Yoast SEO plugin. -->","yoast_head_json":{"title":"APImprensa defende aprova\u00e7\u00e3o urgente da lei da publicita\u00e7\u00e3o das delibera\u00e7\u00f5es aut\u00e1rquicas - Estado com Arte","robots":{"index":"index","follow":"follow","max-snippet":"max-snippet:-1","max-image-preview":"max-image-preview:large","max-video-preview":"max-video-preview:-1"},"canonical":"https:\/\/estadocomarte.pt\/site\/2026\/04\/24\/apimprensa-defende-aprovacao-urgente-da-lei-da-publicitacao-das-deliberacoes-autarquicas\/","og_locale":"pt_PT","og_type":"article","og_title":"APImprensa defende aprova\u00e7\u00e3o urgente da lei da publicita\u00e7\u00e3o das delibera\u00e7\u00f5es aut\u00e1rquicas - Estado com Arte","og_description":"Estado com Arte Magazine","og_url":"https:\/\/estadocomarte.pt\/site\/2026\/04\/24\/apimprensa-defende-aprovacao-urgente-da-lei-da-publicitacao-das-deliberacoes-autarquicas\/","og_site_name":"Estado com Arte","article_published_time":"2026-04-24T12:03:14+00:00","og_image":[{"width":1667,"height":938,"url":"https:\/\/estadocomarte.pt\/site\/wp-content\/uploads\/2026\/04\/apimprensa-alerta-que-urgente-modernizar-e-adaptar-o-setor.jpg","type":"image\/jpeg"}],"author":"admin","twitter_card":"summary_large_image","twitter_misc":{"Escrito por":"admin","Tempo estimado de leitura":"6 minutos"},"schema":{"@context":"https:\/\/schema.org","@graph":[{"@type":"Article","@id":"https:\/\/estadocomarte.pt\/site\/2026\/04\/24\/apimprensa-defende-aprovacao-urgente-da-lei-da-publicitacao-das-deliberacoes-autarquicas\/#article","isPartOf":{"@id":"https:\/\/estadocomarte.pt\/site\/2026\/04\/24\/apimprensa-defende-aprovacao-urgente-da-lei-da-publicitacao-das-deliberacoes-autarquicas\/"},"author":{"name":"admin","@id":"https:\/\/estadocomarte.pt\/site\/#\/schema\/person\/c0943a071216c1e5b21f85304151e4ba"},"headline":"APImprensa defende aprova\u00e7\u00e3o urgente da lei da publicita\u00e7\u00e3o das delibera\u00e7\u00f5es aut\u00e1rquicas","datePublished":"2026-04-24T12:03:14+00:00","mainEntityOfPage":{"@id":"https:\/\/estadocomarte.pt\/site\/2026\/04\/24\/apimprensa-defende-aprovacao-urgente-da-lei-da-publicitacao-das-deliberacoes-autarquicas\/"},"wordCount":1077,"commentCount":0,"publisher":{"@id":"https:\/\/estadocomarte.pt\/site\/#organization"},"image":{"@id":"https:\/\/estadocomarte.pt\/site\/2026\/04\/24\/apimprensa-defende-aprovacao-urgente-da-lei-da-publicitacao-das-deliberacoes-autarquicas\/#primaryimage"},"thumbnailUrl":"https:\/\/estadocomarte.pt\/site\/wp-content\/uploads\/2026\/04\/apimprensa-alerta-que-urgente-modernizar-e-adaptar-o-setor.jpg","keywords":["APImprensa defende aprova\u00e7\u00e3o urgente da lei da publicita\u00e7\u00e3o das delibera\u00e7\u00f5es aut\u00e1rquicas"],"articleSection":["Sociedade"],"inLanguage":"pt-PT","potentialAction":[{"@type":"CommentAction","name":"Comment","target":["https:\/\/estadocomarte.pt\/site\/2026\/04\/24\/apimprensa-defende-aprovacao-urgente-da-lei-da-publicitacao-das-deliberacoes-autarquicas\/#respond"]}]},{"@type":"WebPage","@id":"https:\/\/estadocomarte.pt\/site\/2026\/04\/24\/apimprensa-defende-aprovacao-urgente-da-lei-da-publicitacao-das-deliberacoes-autarquicas\/","url":"https:\/\/estadocomarte.pt\/site\/2026\/04\/24\/apimprensa-defende-aprovacao-urgente-da-lei-da-publicitacao-das-deliberacoes-autarquicas\/","name":"APImprensa defende aprova\u00e7\u00e3o urgente da lei da publicita\u00e7\u00e3o das delibera\u00e7\u00f5es aut\u00e1rquicas - Estado com Arte","isPartOf":{"@id":"https:\/\/estadocomarte.pt\/site\/#website"},"primaryImageOfPage":{"@id":"https:\/\/estadocomarte.pt\/site\/2026\/04\/24\/apimprensa-defende-aprovacao-urgente-da-lei-da-publicitacao-das-deliberacoes-autarquicas\/#primaryimage"},"image":{"@id":"https:\/\/estadocomarte.pt\/site\/2026\/04\/24\/apimprensa-defende-aprovacao-urgente-da-lei-da-publicitacao-das-deliberacoes-autarquicas\/#primaryimage"},"thumbnailUrl":"https:\/\/estadocomarte.pt\/site\/wp-content\/uploads\/2026\/04\/apimprensa-alerta-que-urgente-modernizar-e-adaptar-o-setor.jpg","datePublished":"2026-04-24T12:03:14+00:00","breadcrumb":{"@id":"https:\/\/estadocomarte.pt\/site\/2026\/04\/24\/apimprensa-defende-aprovacao-urgente-da-lei-da-publicitacao-das-deliberacoes-autarquicas\/#breadcrumb"},"inLanguage":"pt-PT","potentialAction":[{"@type":"ReadAction","target":["https:\/\/estadocomarte.pt\/site\/2026\/04\/24\/apimprensa-defende-aprovacao-urgente-da-lei-da-publicitacao-das-deliberacoes-autarquicas\/"]}]},{"@type":"ImageObject","inLanguage":"pt-PT","@id":"https:\/\/estadocomarte.pt\/site\/2026\/04\/24\/apimprensa-defende-aprovacao-urgente-da-lei-da-publicitacao-das-deliberacoes-autarquicas\/#primaryimage","url":"https:\/\/estadocomarte.pt\/site\/wp-content\/uploads\/2026\/04\/apimprensa-alerta-que-urgente-modernizar-e-adaptar-o-setor.jpg","contentUrl":"https:\/\/estadocomarte.pt\/site\/wp-content\/uploads\/2026\/04\/apimprensa-alerta-que-urgente-modernizar-e-adaptar-o-setor.jpg","width":1667,"height":938},{"@type":"BreadcrumbList","@id":"https:\/\/estadocomarte.pt\/site\/2026\/04\/24\/apimprensa-defende-aprovacao-urgente-da-lei-da-publicitacao-das-deliberacoes-autarquicas\/#breadcrumb","itemListElement":[{"@type":"ListItem","position":1,"name":"In\u00edcio","item":"https:\/\/estadocomarte.pt\/site\/"},{"@type":"ListItem","position":2,"name":"APImprensa defende aprova\u00e7\u00e3o urgente da lei da publicita\u00e7\u00e3o das delibera\u00e7\u00f5es aut\u00e1rquicas"}]},{"@type":"WebSite","@id":"https:\/\/estadocomarte.pt\/site\/#website","url":"https:\/\/estadocomarte.pt\/site\/","name":"Estado com Arte Magazine","description":"Magazine","publisher":{"@id":"https:\/\/estadocomarte.pt\/site\/#organization"},"alternateName":"Magazine semanal sobre pol\u00edtica e cultura, com autores, opini\u00e3o e cr\u00edticas.","potentialAction":[{"@type":"SearchAction","target":{"@type":"EntryPoint","urlTemplate":"https:\/\/estadocomarte.pt\/site\/?s={search_term_string}"},"query-input":{"@type":"PropertyValueSpecification","valueRequired":true,"valueName":"search_term_string"}}],"inLanguage":"pt-PT"},{"@type":"Organization","@id":"https:\/\/estadocomarte.pt\/site\/#organization","name":"Estado com Arte Magazine","alternateName":"Magazine semanal sobre pol\u00edtica e cultura, com autores, opini\u00e3o e cr\u00edticas.","url":"https:\/\/estadocomarte.pt\/site\/","logo":{"@type":"ImageObject","inLanguage":"pt-PT","@id":"https:\/\/estadocomarte.pt\/site\/#\/schema\/logo\/image\/","url":"https:\/\/estadocomarte.pt\/site\/wp-content\/uploads\/2023\/06\/cropped-cropped-Prancheta-2@2x-100.jpg","contentUrl":"https:\/\/estadocomarte.pt\/site\/wp-content\/uploads\/2023\/06\/cropped-cropped-Prancheta-2@2x-100.jpg","width":1777,"height":592,"caption":"Estado com Arte Magazine"},"image":{"@id":"https:\/\/estadocomarte.pt\/site\/#\/schema\/logo\/image\/"},"sameAs":["https:\/\/www.instagram.com\/estadocomartemagazine"]},{"@type":"Person","@id":"https:\/\/estadocomarte.pt\/site\/#\/schema\/person\/c0943a071216c1e5b21f85304151e4ba","name":"admin","image":{"@type":"ImageObject","inLanguage":"pt-PT","@id":"https:\/\/estadocomarte.pt\/site\/#\/schema\/person\/image\/","url":"https:\/\/secure.gravatar.com\/avatar\/e6f378fd6914c8505d3e1d40f51fa953b21bab0f3a5658a33bc84cb5bda780f9?s=96&d=mm&r=g","contentUrl":"https:\/\/secure.gravatar.com\/avatar\/e6f378fd6914c8505d3e1d40f51fa953b21bab0f3a5658a33bc84cb5bda780f9?s=96&d=mm&r=g","caption":"admin"},"sameAs":["https:\/\/estadocomarte.pt\/site"],"url":"https:\/\/estadocomarte.pt\/site\/author\/admin\/"}]}},"_links":{"self":[{"href":"https:\/\/estadocomarte.pt\/site\/wp-json\/wp\/v2\/posts\/12598","targetHints":{"allow":["GET"]}}],"collection":[{"href":"https:\/\/estadocomarte.pt\/site\/wp-json\/wp\/v2\/posts"}],"about":[{"href":"https:\/\/estadocomarte.pt\/site\/wp-json\/wp\/v2\/types\/post"}],"author":[{"embeddable":true,"href":"https:\/\/estadocomarte.pt\/site\/wp-json\/wp\/v2\/users\/1"}],"replies":[{"embeddable":true,"href":"https:\/\/estadocomarte.pt\/site\/wp-json\/wp\/v2\/comments?post=12598"}],"version-history":[{"count":1,"href":"https:\/\/estadocomarte.pt\/site\/wp-json\/wp\/v2\/posts\/12598\/revisions"}],"predecessor-version":[{"id":12601,"href":"https:\/\/estadocomarte.pt\/site\/wp-json\/wp\/v2\/posts\/12598\/revisions\/12601"}],"wp:featuredmedia":[{"embeddable":true,"href":"https:\/\/estadocomarte.pt\/site\/wp-json\/wp\/v2\/media\/12602"}],"wp:attachment":[{"href":"https:\/\/estadocomarte.pt\/site\/wp-json\/wp\/v2\/media?parent=12598"}],"wp:term":[{"taxonomy":"category","embeddable":true,"href":"https:\/\/estadocomarte.pt\/site\/wp-json\/wp\/v2\/categories?post=12598"},{"taxonomy":"post_tag","embeddable":true,"href":"https:\/\/estadocomarte.pt\/site\/wp-json\/wp\/v2\/tags?post=12598"}],"curies":[{"name":"wp","href":"https:\/\/api.w.org\/{rel}","templated":true}]}}