{"id":12612,"date":"2026-04-27T23:51:55","date_gmt":"2026-04-27T23:51:55","guid":{"rendered":"https:\/\/estadocomarte.pt\/site\/?p=12612"},"modified":"2026-04-27T23:54:18","modified_gmt":"2026-04-27T23:54:18","slug":"25-de-abril-ciclo-50-anos-da-fundacao-democratica-da-democracia","status":"publish","type":"post","link":"https:\/\/estadocomarte.pt\/site\/2026\/04\/27\/25-de-abril-ciclo-50-anos-da-fundacao-democratica-da-democracia\/","title":{"rendered":"25 de abril. Ciclo &#8220;50 anos da funda\u00e7\u00e3o democr\u00e1tica da Democracia&#8221;."},"content":{"rendered":"<p><strong>O 25 de Abril de 1976 \u00e9 a segunda data do ciclo &#8220;50 anos da funda\u00e7\u00e3o democr\u00e1tica da Democracia&#8221; que conta com os oradores Carla Castro e Angelo Correia no dia 30 de abril no Pal\u00e1cio da Independ\u00eancia Nacional em Lisboa.<\/strong><\/p>\n<p>\u00c9 o terceiro 25 de Abril, que &#8220;coroou de \u00eaxito o primeiro, em 1974 (a Revolu\u00e7\u00e3o), e o segundo, em 1975 (as Elei\u00e7\u00f5es Constituintes)&#8221;, diz Ribeiro e Castro ao Magazine Estado com Arte.<\/p>\n<p>\u00c9 a data fundadora da Assembleia da Rep\u00fablica, o \u00f3rg\u00e3o de soberania que \u00e9 a express\u00e3o permanente da democracia em Portugal. \u00c9 o dia que elegeu os deputados para a 1.\u00aa Legislatura Democr\u00e1tica.<\/p>\n<p>&#8220;Embora, no passado dia 25, a Assembleia da Rep\u00fablica tenha escolhido n\u00e3o solenizar o 25 de Abril de 1976, mantendo apenas a comemora\u00e7\u00e3o do 25 de Abril de 1974, a Sociedade Hist\u00f3rica da Independ\u00eancia de Portugal mant\u00e9m o gui\u00e3o definido para esta sess\u00e3o do nosso ciclo e considera-a ainda mais relevante e necess\u00e1ria,&#8221; comenta Ribeiro e Castro, Presidente da Sociedade Hist\u00f3rica da Independ\u00eancia Nacional.<\/p>\n<p><strong> &#8220;<\/strong>50 anos da funda\u00e7\u00e3o democr\u00e1tica da Democracia&#8221; conta com os oradores Carla Castro e \u00c2ngelo Correia vai decorrer no dia 30 de abril no Pal\u00e1cio da Sociedade Hist\u00f3rica da Independ\u00eancia Nacional em Lisboa.<\/p>\n<p>O 25 de Abril de 1976 \u00e9 a segunda data da funda\u00e7\u00e3o democr\u00e1tica da Democracia e &#8220;n\u00e3o deve ser apagada de qualquer forma ou sob qualquer motivo aparente&#8221;.<\/p>\n<p>Os portugueses foram \u00e0s urnas, nesse primeiro dia de vota\u00e7\u00e3o, 5.482.723 cidad\u00e3os (85,6%) foram votar para constituir a primeira Assembleia da Rep\u00fablica.<\/p>\n","protected":false},"excerpt":{"rendered":"<p>Estado com Arte Magazine<\/p>\n","protected":false},"author":1,"featured_media":12613,"comment_status":"open","ping_status":"open","sticky":false,"template":"","format":"standard","meta":{"site-sidebar-layout":"default","site-content-layout":"default","ast-global-header-display":"","ast-banner-title-visibility":"","ast-main-header-display":"","ast-hfb-above-header-display":"","ast-hfb-below-header-display":"","ast-hfb-mobile-header-display":"","site-post-title":"","ast-breadcrumbs-content":"","ast-featured-img":"","footer-sml-layout":"","theme-transparent-header-meta":"default","adv-header-id-meta":"","stick-header-meta":"","header-above-stick-meta":"","header-main-stick-meta":"","header-below-stick-meta":"","footnotes":""},"categories":[4],"tags":[597],"class_list":["post-12612","post","type-post","status-publish","format-standard","has-post-thumbnail","hentry","category-politica","tag-estado-com-arte-magazine"],"yoast_head":"<!-- This site is optimized with the Yoast SEO plugin v25.1 - https:\/\/yoast.com\/wordpress\/plugins\/seo\/ -->\n<title>25 de abril. Ciclo &quot;50 anos da funda\u00e7\u00e3o democr\u00e1tica da Democracia&quot;. - Estado com Arte<\/title>\n<meta name=\"robots\" content=\"index, follow, max-snippet:-1, max-image-preview:large, max-video-preview:-1\" \/>\n<link rel=\"canonical\" href=\"https:\/\/estadocomarte.pt\/site\/2026\/04\/27\/25-de-abril-ciclo-50-anos-da-fundacao-democratica-da-democracia\/\" \/>\n<meta property=\"og:locale\" content=\"pt_PT\" \/>\n<meta property=\"og:type\" content=\"article\" \/>\n<meta property=\"og:title\" content=\"25 de abril. Ciclo &quot;50 anos da funda\u00e7\u00e3o democr\u00e1tica da Democracia&quot;. - Estado com Arte\" \/>\n<meta property=\"og:description\" content=\"Estado com Arte Magazine\" \/>\n<meta property=\"og:url\" content=\"https:\/\/estadocomarte.pt\/site\/2026\/04\/27\/25-de-abril-ciclo-50-anos-da-fundacao-democratica-da-democracia\/\" \/>\n<meta property=\"og:site_name\" content=\"Estado com Arte\" \/>\n<meta property=\"article:published_time\" content=\"2026-04-27T23:51:55+00:00\" \/>\n<meta property=\"article:modified_time\" content=\"2026-04-27T23:54:18+00:00\" \/>\n<meta property=\"og:image\" content=\"https:\/\/estadocomarte.pt\/site\/wp-content\/uploads\/2026\/04\/IMG-20260427-WA0009.jpg\" \/>\n\t<meta property=\"og:image:width\" content=\"960\" \/>\n\t<meta property=\"og:image:height\" content=\"600\" \/>\n\t<meta property=\"og:image:type\" content=\"image\/jpeg\" \/>\n<meta name=\"author\" content=\"admin\" \/>\n<meta name=\"twitter:card\" content=\"summary_large_image\" \/>\n<meta name=\"twitter:label1\" content=\"Escrito por\" \/>\n\t<meta name=\"twitter:data1\" content=\"admin\" \/>\n\t<meta name=\"twitter:label2\" content=\"Tempo estimado de leitura\" \/>\n\t<meta name=\"twitter:data2\" content=\"2 minutos\" \/>\n<script type=\"application\/ld+json\" class=\"yoast-schema-graph\">{\"@context\":\"https:\/\/schema.org\",\"@graph\":[{\"@type\":\"Article\",\"@id\":\"https:\/\/estadocomarte.pt\/site\/2026\/04\/27\/25-de-abril-ciclo-50-anos-da-fundacao-democratica-da-democracia\/#article\",\"isPartOf\":{\"@id\":\"https:\/\/estadocomarte.pt\/site\/2026\/04\/27\/25-de-abril-ciclo-50-anos-da-fundacao-democratica-da-democracia\/\"},\"author\":{\"name\":\"admin\",\"@id\":\"https:\/\/estadocomarte.pt\/site\/#\/schema\/person\/c0943a071216c1e5b21f85304151e4ba\"},\"headline\":\"25 de abril. Ciclo &#8220;50 anos da funda\u00e7\u00e3o democr\u00e1tica da Democracia&#8221;.\",\"datePublished\":\"2026-04-27T23:51:55+00:00\",\"dateModified\":\"2026-04-27T23:54:18+00:00\",\"mainEntityOfPage\":{\"@id\":\"https:\/\/estadocomarte.pt\/site\/2026\/04\/27\/25-de-abril-ciclo-50-anos-da-fundacao-democratica-da-democracia\/\"},\"wordCount\":272,\"commentCount\":0,\"publisher\":{\"@id\":\"https:\/\/estadocomarte.pt\/site\/#organization\"},\"image\":{\"@id\":\"https:\/\/estadocomarte.pt\/site\/2026\/04\/27\/25-de-abril-ciclo-50-anos-da-fundacao-democratica-da-democracia\/#primaryimage\"},\"thumbnailUrl\":\"https:\/\/estadocomarte.pt\/site\/wp-content\/uploads\/2026\/04\/IMG-20260427-WA0009.jpg\",\"keywords\":[\"Estado com Arte Magazine\"],\"articleSection\":[\"Pol\u00edtica\"],\"inLanguage\":\"pt-PT\",\"potentialAction\":[{\"@type\":\"CommentAction\",\"name\":\"Comment\",\"target\":[\"https:\/\/estadocomarte.pt\/site\/2026\/04\/27\/25-de-abril-ciclo-50-anos-da-fundacao-democratica-da-democracia\/#respond\"]}]},{\"@type\":\"WebPage\",\"@id\":\"https:\/\/estadocomarte.pt\/site\/2026\/04\/27\/25-de-abril-ciclo-50-anos-da-fundacao-democratica-da-democracia\/\",\"url\":\"https:\/\/estadocomarte.pt\/site\/2026\/04\/27\/25-de-abril-ciclo-50-anos-da-fundacao-democratica-da-democracia\/\",\"name\":\"25 de abril. Ciclo \\\"50 anos da funda\u00e7\u00e3o democr\u00e1tica da Democracia\\\". - Estado com Arte\",\"isPartOf\":{\"@id\":\"https:\/\/estadocomarte.pt\/site\/#website\"},\"primaryImageOfPage\":{\"@id\":\"https:\/\/estadocomarte.pt\/site\/2026\/04\/27\/25-de-abril-ciclo-50-anos-da-fundacao-democratica-da-democracia\/#primaryimage\"},\"image\":{\"@id\":\"https:\/\/estadocomarte.pt\/site\/2026\/04\/27\/25-de-abril-ciclo-50-anos-da-fundacao-democratica-da-democracia\/#primaryimage\"},\"thumbnailUrl\":\"https:\/\/estadocomarte.pt\/site\/wp-content\/uploads\/2026\/04\/IMG-20260427-WA0009.jpg\",\"datePublished\":\"2026-04-27T23:51:55+00:00\",\"dateModified\":\"2026-04-27T23:54:18+00:00\",\"breadcrumb\":{\"@id\":\"https:\/\/estadocomarte.pt\/site\/2026\/04\/27\/25-de-abril-ciclo-50-anos-da-fundacao-democratica-da-democracia\/#breadcrumb\"},\"inLanguage\":\"pt-PT\",\"potentialAction\":[{\"@type\":\"ReadAction\",\"target\":[\"https:\/\/estadocomarte.pt\/site\/2026\/04\/27\/25-de-abril-ciclo-50-anos-da-fundacao-democratica-da-democracia\/\"]}]},{\"@type\":\"ImageObject\",\"inLanguage\":\"pt-PT\",\"@id\":\"https:\/\/estadocomarte.pt\/site\/2026\/04\/27\/25-de-abril-ciclo-50-anos-da-fundacao-democratica-da-democracia\/#primaryimage\",\"url\":\"https:\/\/estadocomarte.pt\/site\/wp-content\/uploads\/2026\/04\/IMG-20260427-WA0009.jpg\",\"contentUrl\":\"https:\/\/estadocomarte.pt\/site\/wp-content\/uploads\/2026\/04\/IMG-20260427-WA0009.jpg\",\"width\":960,\"height\":600},{\"@type\":\"BreadcrumbList\",\"@id\":\"https:\/\/estadocomarte.pt\/site\/2026\/04\/27\/25-de-abril-ciclo-50-anos-da-fundacao-democratica-da-democracia\/#breadcrumb\",\"itemListElement\":[{\"@type\":\"ListItem\",\"position\":1,\"name\":\"In\u00edcio\",\"item\":\"https:\/\/estadocomarte.pt\/site\/\"},{\"@type\":\"ListItem\",\"position\":2,\"name\":\"25 de abril. Ciclo &#8220;50 anos da funda\u00e7\u00e3o democr\u00e1tica da Democracia&#8221;.\"}]},{\"@type\":\"WebSite\",\"@id\":\"https:\/\/estadocomarte.pt\/site\/#website\",\"url\":\"https:\/\/estadocomarte.pt\/site\/\",\"name\":\"Estado com Arte Magazine\",\"description\":\"Magazine\",\"publisher\":{\"@id\":\"https:\/\/estadocomarte.pt\/site\/#organization\"},\"alternateName\":\"Magazine semanal sobre pol\u00edtica e cultura, com autores, opini\u00e3o e cr\u00edticas.\",\"potentialAction\":[{\"@type\":\"SearchAction\",\"target\":{\"@type\":\"EntryPoint\",\"urlTemplate\":\"https:\/\/estadocomarte.pt\/site\/?s={search_term_string}\"},\"query-input\":{\"@type\":\"PropertyValueSpecification\",\"valueRequired\":true,\"valueName\":\"search_term_string\"}}],\"inLanguage\":\"pt-PT\"},{\"@type\":\"Organization\",\"@id\":\"https:\/\/estadocomarte.pt\/site\/#organization\",\"name\":\"Estado com Arte Magazine\",\"alternateName\":\"Magazine semanal sobre pol\u00edtica e cultura, com autores, opini\u00e3o e cr\u00edticas.\",\"url\":\"https:\/\/estadocomarte.pt\/site\/\",\"logo\":{\"@type\":\"ImageObject\",\"inLanguage\":\"pt-PT\",\"@id\":\"https:\/\/estadocomarte.pt\/site\/#\/schema\/logo\/image\/\",\"url\":\"https:\/\/estadocomarte.pt\/site\/wp-content\/uploads\/2023\/06\/cropped-cropped-Prancheta-2@2x-100.jpg\",\"contentUrl\":\"https:\/\/estadocomarte.pt\/site\/wp-content\/uploads\/2023\/06\/cropped-cropped-Prancheta-2@2x-100.jpg\",\"width\":1777,\"height\":592,\"caption\":\"Estado com Arte Magazine\"},\"image\":{\"@id\":\"https:\/\/estadocomarte.pt\/site\/#\/schema\/logo\/image\/\"},\"sameAs\":[\"https:\/\/www.instagram.com\/estadocomartemagazine\"]},{\"@type\":\"Person\",\"@id\":\"https:\/\/estadocomarte.pt\/site\/#\/schema\/person\/c0943a071216c1e5b21f85304151e4ba\",\"name\":\"admin\",\"image\":{\"@type\":\"ImageObject\",\"inLanguage\":\"pt-PT\",\"@id\":\"https:\/\/estadocomarte.pt\/site\/#\/schema\/person\/image\/\",\"url\":\"https:\/\/secure.gravatar.com\/avatar\/e6f378fd6914c8505d3e1d40f51fa953b21bab0f3a5658a33bc84cb5bda780f9?s=96&d=mm&r=g\",\"contentUrl\":\"https:\/\/secure.gravatar.com\/avatar\/e6f378fd6914c8505d3e1d40f51fa953b21bab0f3a5658a33bc84cb5bda780f9?s=96&d=mm&r=g\",\"caption\":\"admin\"},\"sameAs\":[\"https:\/\/estadocomarte.pt\/site\"],\"url\":\"https:\/\/estadocomarte.pt\/site\/author\/admin\/\"}]}<\/script>\n<!-- \/ Yoast SEO plugin. -->","yoast_head_json":{"title":"25 de abril. Ciclo \"50 anos da funda\u00e7\u00e3o democr\u00e1tica da Democracia\". - Estado com Arte","robots":{"index":"index","follow":"follow","max-snippet":"max-snippet:-1","max-image-preview":"max-image-preview:large","max-video-preview":"max-video-preview:-1"},"canonical":"https:\/\/estadocomarte.pt\/site\/2026\/04\/27\/25-de-abril-ciclo-50-anos-da-fundacao-democratica-da-democracia\/","og_locale":"pt_PT","og_type":"article","og_title":"25 de abril. Ciclo \"50 anos da funda\u00e7\u00e3o democr\u00e1tica da Democracia\". - Estado com Arte","og_description":"Estado com Arte Magazine","og_url":"https:\/\/estadocomarte.pt\/site\/2026\/04\/27\/25-de-abril-ciclo-50-anos-da-fundacao-democratica-da-democracia\/","og_site_name":"Estado com Arte","article_published_time":"2026-04-27T23:51:55+00:00","article_modified_time":"2026-04-27T23:54:18+00:00","og_image":[{"width":960,"height":600,"url":"https:\/\/estadocomarte.pt\/site\/wp-content\/uploads\/2026\/04\/IMG-20260427-WA0009.jpg","type":"image\/jpeg"}],"author":"admin","twitter_card":"summary_large_image","twitter_misc":{"Escrito por":"admin","Tempo estimado de leitura":"2 minutos"},"schema":{"@context":"https:\/\/schema.org","@graph":[{"@type":"Article","@id":"https:\/\/estadocomarte.pt\/site\/2026\/04\/27\/25-de-abril-ciclo-50-anos-da-fundacao-democratica-da-democracia\/#article","isPartOf":{"@id":"https:\/\/estadocomarte.pt\/site\/2026\/04\/27\/25-de-abril-ciclo-50-anos-da-fundacao-democratica-da-democracia\/"},"author":{"name":"admin","@id":"https:\/\/estadocomarte.pt\/site\/#\/schema\/person\/c0943a071216c1e5b21f85304151e4ba"},"headline":"25 de abril. Ciclo &#8220;50 anos da funda\u00e7\u00e3o democr\u00e1tica da Democracia&#8221;.","datePublished":"2026-04-27T23:51:55+00:00","dateModified":"2026-04-27T23:54:18+00:00","mainEntityOfPage":{"@id":"https:\/\/estadocomarte.pt\/site\/2026\/04\/27\/25-de-abril-ciclo-50-anos-da-fundacao-democratica-da-democracia\/"},"wordCount":272,"commentCount":0,"publisher":{"@id":"https:\/\/estadocomarte.pt\/site\/#organization"},"image":{"@id":"https:\/\/estadocomarte.pt\/site\/2026\/04\/27\/25-de-abril-ciclo-50-anos-da-fundacao-democratica-da-democracia\/#primaryimage"},"thumbnailUrl":"https:\/\/estadocomarte.pt\/site\/wp-content\/uploads\/2026\/04\/IMG-20260427-WA0009.jpg","keywords":["Estado com Arte Magazine"],"articleSection":["Pol\u00edtica"],"inLanguage":"pt-PT","potentialAction":[{"@type":"CommentAction","name":"Comment","target":["https:\/\/estadocomarte.pt\/site\/2026\/04\/27\/25-de-abril-ciclo-50-anos-da-fundacao-democratica-da-democracia\/#respond"]}]},{"@type":"WebPage","@id":"https:\/\/estadocomarte.pt\/site\/2026\/04\/27\/25-de-abril-ciclo-50-anos-da-fundacao-democratica-da-democracia\/","url":"https:\/\/estadocomarte.pt\/site\/2026\/04\/27\/25-de-abril-ciclo-50-anos-da-fundacao-democratica-da-democracia\/","name":"25 de abril. Ciclo \"50 anos da funda\u00e7\u00e3o democr\u00e1tica da Democracia\". - Estado com Arte","isPartOf":{"@id":"https:\/\/estadocomarte.pt\/site\/#website"},"primaryImageOfPage":{"@id":"https:\/\/estadocomarte.pt\/site\/2026\/04\/27\/25-de-abril-ciclo-50-anos-da-fundacao-democratica-da-democracia\/#primaryimage"},"image":{"@id":"https:\/\/estadocomarte.pt\/site\/2026\/04\/27\/25-de-abril-ciclo-50-anos-da-fundacao-democratica-da-democracia\/#primaryimage"},"thumbnailUrl":"https:\/\/estadocomarte.pt\/site\/wp-content\/uploads\/2026\/04\/IMG-20260427-WA0009.jpg","datePublished":"2026-04-27T23:51:55+00:00","dateModified":"2026-04-27T23:54:18+00:00","breadcrumb":{"@id":"https:\/\/estadocomarte.pt\/site\/2026\/04\/27\/25-de-abril-ciclo-50-anos-da-fundacao-democratica-da-democracia\/#breadcrumb"},"inLanguage":"pt-PT","potentialAction":[{"@type":"ReadAction","target":["https:\/\/estadocomarte.pt\/site\/2026\/04\/27\/25-de-abril-ciclo-50-anos-da-fundacao-democratica-da-democracia\/"]}]},{"@type":"ImageObject","inLanguage":"pt-PT","@id":"https:\/\/estadocomarte.pt\/site\/2026\/04\/27\/25-de-abril-ciclo-50-anos-da-fundacao-democratica-da-democracia\/#primaryimage","url":"https:\/\/estadocomarte.pt\/site\/wp-content\/uploads\/2026\/04\/IMG-20260427-WA0009.jpg","contentUrl":"https:\/\/estadocomarte.pt\/site\/wp-content\/uploads\/2026\/04\/IMG-20260427-WA0009.jpg","width":960,"height":600},{"@type":"BreadcrumbList","@id":"https:\/\/estadocomarte.pt\/site\/2026\/04\/27\/25-de-abril-ciclo-50-anos-da-fundacao-democratica-da-democracia\/#breadcrumb","itemListElement":[{"@type":"ListItem","position":1,"name":"In\u00edcio","item":"https:\/\/estadocomarte.pt\/site\/"},{"@type":"ListItem","position":2,"name":"25 de abril. Ciclo &#8220;50 anos da funda\u00e7\u00e3o democr\u00e1tica da Democracia&#8221;."}]},{"@type":"WebSite","@id":"https:\/\/estadocomarte.pt\/site\/#website","url":"https:\/\/estadocomarte.pt\/site\/","name":"Estado com Arte Magazine","description":"Magazine","publisher":{"@id":"https:\/\/estadocomarte.pt\/site\/#organization"},"alternateName":"Magazine semanal sobre pol\u00edtica e cultura, com autores, opini\u00e3o e cr\u00edticas.","potentialAction":[{"@type":"SearchAction","target":{"@type":"EntryPoint","urlTemplate":"https:\/\/estadocomarte.pt\/site\/?s={search_term_string}"},"query-input":{"@type":"PropertyValueSpecification","valueRequired":true,"valueName":"search_term_string"}}],"inLanguage":"pt-PT"},{"@type":"Organization","@id":"https:\/\/estadocomarte.pt\/site\/#organization","name":"Estado com Arte Magazine","alternateName":"Magazine semanal sobre pol\u00edtica e cultura, com autores, opini\u00e3o e cr\u00edticas.","url":"https:\/\/estadocomarte.pt\/site\/","logo":{"@type":"ImageObject","inLanguage":"pt-PT","@id":"https:\/\/estadocomarte.pt\/site\/#\/schema\/logo\/image\/","url":"https:\/\/estadocomarte.pt\/site\/wp-content\/uploads\/2023\/06\/cropped-cropped-Prancheta-2@2x-100.jpg","contentUrl":"https:\/\/estadocomarte.pt\/site\/wp-content\/uploads\/2023\/06\/cropped-cropped-Prancheta-2@2x-100.jpg","width":1777,"height":592,"caption":"Estado com Arte Magazine"},"image":{"@id":"https:\/\/estadocomarte.pt\/site\/#\/schema\/logo\/image\/"},"sameAs":["https:\/\/www.instagram.com\/estadocomartemagazine"]},{"@type":"Person","@id":"https:\/\/estadocomarte.pt\/site\/#\/schema\/person\/c0943a071216c1e5b21f85304151e4ba","name":"admin","image":{"@type":"ImageObject","inLanguage":"pt-PT","@id":"https:\/\/estadocomarte.pt\/site\/#\/schema\/person\/image\/","url":"https:\/\/secure.gravatar.com\/avatar\/e6f378fd6914c8505d3e1d40f51fa953b21bab0f3a5658a33bc84cb5bda780f9?s=96&d=mm&r=g","contentUrl":"https:\/\/secure.gravatar.com\/avatar\/e6f378fd6914c8505d3e1d40f51fa953b21bab0f3a5658a33bc84cb5bda780f9?s=96&d=mm&r=g","caption":"admin"},"sameAs":["https:\/\/estadocomarte.pt\/site"],"url":"https:\/\/estadocomarte.pt\/site\/author\/admin\/"}]}},"_links":{"self":[{"href":"https:\/\/estadocomarte.pt\/site\/wp-json\/wp\/v2\/posts\/12612","targetHints":{"allow":["GET"]}}],"collection":[{"href":"https:\/\/estadocomarte.pt\/site\/wp-json\/wp\/v2\/posts"}],"about":[{"href":"https:\/\/estadocomarte.pt\/site\/wp-json\/wp\/v2\/types\/post"}],"author":[{"embeddable":true,"href":"https:\/\/estadocomarte.pt\/site\/wp-json\/wp\/v2\/users\/1"}],"replies":[{"embeddable":true,"href":"https:\/\/estadocomarte.pt\/site\/wp-json\/wp\/v2\/comments?post=12612"}],"version-history":[{"count":2,"href":"https:\/\/estadocomarte.pt\/site\/wp-json\/wp\/v2\/posts\/12612\/revisions"}],"predecessor-version":[{"id":12615,"href":"https:\/\/estadocomarte.pt\/site\/wp-json\/wp\/v2\/posts\/12612\/revisions\/12615"}],"wp:featuredmedia":[{"embeddable":true,"href":"https:\/\/estadocomarte.pt\/site\/wp-json\/wp\/v2\/media\/12613"}],"wp:attachment":[{"href":"https:\/\/estadocomarte.pt\/site\/wp-json\/wp\/v2\/media?parent=12612"}],"wp:term":[{"taxonomy":"category","embeddable":true,"href":"https:\/\/estadocomarte.pt\/site\/wp-json\/wp\/v2\/categories?post=12612"},{"taxonomy":"post_tag","embeddable":true,"href":"https:\/\/estadocomarte.pt\/site\/wp-json\/wp\/v2\/tags?post=12612"}],"curies":[{"name":"wp","href":"https:\/\/api.w.org\/{rel}","templated":true}]}}