{"id":12616,"date":"2026-04-28T13:28:32","date_gmt":"2026-04-28T13:28:32","guid":{"rendered":"https:\/\/estadocomarte.pt\/site\/?p=12616"},"modified":"2026-04-28T13:28:32","modified_gmt":"2026-04-28T13:28:32","slug":"a-tragedia-de-guernica","status":"publish","type":"post","link":"https:\/\/estadocomarte.pt\/site\/2026\/04\/28\/a-tragedia-de-guernica\/","title":{"rendered":"A trag\u00e9dia de Guernica"},"content":{"rendered":"<p><strong> Guernica foi palco de \u00f3dio e de morte a 26 de abril. Uma arma fatal e tamb\u00e9m moral que mudaria o destino do pr\u00f3prio Pa\u00eds Basco, na segunda metade do s\u00e9culo XX, ferindo o orgulho do povo basco e amedrontando-o com seu poder e \u00f3dio, ao aniquilar a sua cidade hist\u00f3rica. <\/strong><br \/>\n<strong>A barb\u00e1rie ocorrida em Guernica tem muitas faces. Para al\u00e9m da trag\u00e9dia humana, urge compreender o contexto hist\u00f3rico e geopol\u00edtico da \u00e9poca, as suas causas e consequ\u00eancias. S\u00e3o dois os pontos fundamentais para entender a trag\u00e9dia de Guernica: a Guerra Civil Espanhola e o avan\u00e7o do nazismo e do fascismo na Europa.<\/strong><\/p>\n<p>Era o in\u00edcio da tarde de uma segunda-feira, dia 26 de Abril, em que pessoas circulavam calmamente ocupadas nos seus afazeres de um dia de feira local, naquela povoa\u00e7\u00e3o basca, Guernica, no norte da Espanha, quando algo inesperado aconteceu e o c\u00e9u anunciou o terror, naquele ano de 1937.<\/p>\n<p>Era uma vila cheia de vida, que at\u00e9 ent\u00e3o permanecera praticamente intocada pela Guerra Civil Espanhola, que grassava desde o ano anterior.<br \/>\nNo fim daquela tarde, come\u00e7aram os bombardeamentos a\u00e9reos, isolados. Mais tarde, deu-se o ataque principal dos avi\u00f5es alem\u00e3es, em ondas sucessivas. Segundo um di\u00e1rio de guerra da \u00e9poca, nesta altura o fumo j\u00e1 era tanto que n\u00e3o se distinguiam os alvos \u2013 casas, pontes ou arrabaldes e os pilotos dos 50 bombardeiros da Legi\u00e3o Condor atiravam a sua carga mortal, indistintamente.<\/p>\n<p>Calcula-se que, ao todo, 22 toneladas de explosivos foram lan\u00e7adas sobre aquela povoa\u00e7\u00e3o do Pa\u00eds Basco, entre pequenas bombas incendi\u00e1rias e bombas de 250 quilos. A rede de canaliza\u00e7\u00e3o da \u00e1gua foi rapidamente destru\u00edda e assim o fogo n\u00e3o p\u00f4de ser combatido, alastrando-se e consumindo Guernica.<br \/>\nO di\u00e1rio de guerra conclui: &#8220;O tipo de constru\u00e7\u00e3o das casas fez com que a destrui\u00e7\u00e3o fosse total. Ainda se veem os buracos das bombas na rua. Simplesmente fant\u00e1stico.&#8221;<\/p>\n<p>O futuro ditador de Espanha, General Francisco Franco, o \u201cGeneral\u00edssimo\u201d, como era chamado, contava com o apoio da Alemanha e da It\u00e1lia. A pol\u00edtica nazi de Hermann G\u00f6ring, era utilizar a Guerra Civil Espanhola como campo de testes para os pilotos e avi\u00f5es da sua nova for\u00e7a a\u00e9rea, a Luftwaffe.<br \/>\nO Bombardeio de Guernica, em 26 de abril de 1937, foi um ataque a\u00e9reo por avi\u00f5es alem\u00e3es da Legi\u00e3o Condor durante a Guerra Civil Espanhola no Pa\u00eds Basco.Este ataque foi o primeiro bombardeio a\u00e9reo maci\u00e7o contra uma popula\u00e7\u00e3o indefesa, na hist\u00f3ria europeia, serviu tamb\u00e9m para testar avi\u00f5es de guerra e ganhar experi\u00eancias no combate a\u00e9reo, apoiando as for\u00e7as de Francisco Franco que invadiram o local poucos dias depois do bombardeio.<\/p>\n<p>Com os seus aliados Hitler e Mussolini, a estrat\u00e9gia b\u00e9lica da Falange tinha como alvo o povo basco no norte da Espanha, uma popula\u00e7\u00e3o com uma identidade cultural forte, com aspira\u00e7\u00f5es de autonomia e que lutava pela fra\u00e7\u00e3o republicana.<br \/>\nPor fim, o dia 26 de abril \u00e9 escolhido\u2014 e Guernica foi palco de \u00f3dio e de morte. Uma arma fatal e tamb\u00e9m moral que mudaria o destino do pr\u00f3prio Pa\u00eds Basco, na segunda metade do s\u00e9culo XX, ferindo o orgulho do povo basco e amedrontando-o com seu poder e \u00f3dio, ao aniquilar a sua cidade hist\u00f3rica.<br \/>\nA barb\u00e1rie ocorrida em Guernica tem muitas faces. Para al\u00e9m da trag\u00e9dia humana, urge compreender o contexto hist\u00f3rico e geopol\u00edtico da \u00e9poca, as suas causas e consequ\u00eancias. S\u00e3o dois os pontos fundamentais para entender a trag\u00e9dia de Guernica: a Guerra Civil Espanhola e o avan\u00e7o do nazismo e do fascismo na Europa.<\/p>\n<p>Primeiramente, a Espanha estava em Guerra Civil desde 1936, conflito que dividia o pa\u00eds e que se arrastaria por mais alguns anos, exactamente at\u00e9 1939, quando come\u00e7ou a Segunda Guerra Mundial. Foi nessa \u00e9poca que bascos e catal\u00e3es foram alvo do autoritarismo do general Francisco Franco.<br \/>\nEra o per\u00edodo entre as duas grandes guerras na Europa e final da d\u00e9cada de 1930. O continente estava numa ebuli\u00e7\u00e3o de ideias e a torre de babel ideol\u00f3gica era complexa e cheia de novas vis\u00f5es de mundo. A It\u00e1lia criou o fascismo com Benito Mussolini e a Alemanha viu nascer o nazismo de Adolf Hitler. Ao mesmo tempo, o mundo j\u00e1 conhecia o comunismo sovi\u00e9tico e o capitalismo americano.<\/p>\n<p>A Guerra Civil na Espanha \u00e9 considerada por muitos especialistas como um ensaio para a Segunda Guerra Mundial. As quest\u00f5es econ\u00f3micas, ideol\u00f3gicas e culturais dentro do pa\u00eds ib\u00e9rico traziam \u00e0 tona outros conflitos sociais tamb\u00e9m existentes no ocidente.<\/p>\n<p>&nbsp;<\/p>\n<figure id=\"attachment_12617\" aria-describedby=\"caption-attachment-12617\" style=\"width: 300px\" class=\"wp-caption alignnone\"><img decoding=\"async\" class=\"wp-image-12617 size-medium\" src=\"https:\/\/estadocomarte.pt\/site\/wp-content\/uploads\/2026\/04\/Mural_del_Gernika-300x156.jpg\" alt=\"\" width=\"300\" height=\"156\" srcset=\"https:\/\/estadocomarte.pt\/site\/wp-content\/uploads\/2026\/04\/Mural_del_Gernika-300x156.jpg 300w, https:\/\/estadocomarte.pt\/site\/wp-content\/uploads\/2026\/04\/Mural_del_Gernika-1024x534.jpg 1024w, https:\/\/estadocomarte.pt\/site\/wp-content\/uploads\/2026\/04\/Mural_del_Gernika-768x400.jpg 768w, https:\/\/estadocomarte.pt\/site\/wp-content\/uploads\/2026\/04\/Mural_del_Gernika.jpg 1247w\" sizes=\"(max-width: 300px) 100vw, 300px\" \/><figcaption id=\"caption-attachment-12617\" class=\"wp-caption-text\">Guernica, uma das obras mais famosas de\u00a0Pablo Picasso\u00a0(1881\u20131973),\u00a0pintada a \u00f3leo\u00a0em 1937.<\/figcaption><\/figure>\n<p>O pintor espanhol Pablo Picasso captou este horror no seu quadro Guernica, realizado logo ap\u00f3s o massacre. Com 349<span id=\"mwBw\">\u00a0<\/span>cm de altura por 776,5<span id=\"mwCA\">\u00a0<\/span>cm de comprimento,\u00a0<b id=\"mwCQ\">Guernica<\/b>, uma das obras mais famosas de\u00a0Pablo Picasso\u00a0<span id=\"mwCw\" data-mw=\"{&quot;parts&quot;:[{&quot;template&quot;:{&quot;target&quot;:{&quot;wt&quot;:&quot;nwrap&quot;,&quot;href&quot;:&quot;.\/Predefini\u00e7\u00e3o:Nwrap&quot;},&quot;params&quot;:{&quot;1&quot;:{&quot;wt&quot;:&quot;&quot;},&quot;2&quot;:{&quot;wt&quot;:&quot;1881&quot;},&quot;3&quot;:{&quot;wt&quot;:&quot;1973&quot;}},&quot;i&quot;:0}}]}\">(1881\u20131973)<\/span>,\u00a0pintada a \u00f3leo\u00a0em 1937, \u00e9 uma \u201cdeclara\u00e7\u00e3o de guerra contra a guerra e um manifesto contra a viol\u00eancia\u201d. O quadro, al\u00e9m de ser um \u00edcone da\u00a0Guerra Civil Espanhola, \u00e9 hoje um s\u00edmbolo do antimilitarismo mundial e da luta pela liberdade do ser humano.<\/p>\n<p>O cr\u00edtico de arte Robert Rosenblum analisa a obra: &#8220;Ela equivale a uma imagem do fim do mundo, sobretudo do mundo moderno, como o conhecemos. Um clar\u00e3o ofuscante de chamas, em seguida a sensa\u00e7\u00e3o do caos definitivo. Mulheres e crian\u00e7as gritando, um touro, um cavalo, uma vis\u00e3o de choque e trauma que representa todo o nosso pavor \u00e0 beira do abismo. Assim \u00e9 o quadro Guernica: da forma mais impressionante e poderosa, ele anuncia a mensagem da guerra, do potencial destrutivo do s\u00e9culo 20&#8221;.<\/p>\n<p>Steer um grande correspondente de guerras e outros conflitos pelo mundo os quais havia presenciado, deu uma contribui\u00e7\u00e3o muito elucidativa na reportagem que fez logo ap\u00f3s o bombardeio, publicada no The Times e no The New York Times no dia 28 de abril de 1937, dois dias depois da trag\u00e9dia.<br \/>\nAconteceu que o pintor Pablo Picasso havia recebido uma encomenda do governo espanhol para criar uma obra para representar Espanha na Exposi\u00e7\u00e3o Internacional de Paris.<br \/>\nPor\u00e9m, depois de ver a repercuss\u00e3o dos bombardeios pelos relatos de Steer e as fotos da atrocidade, o artista decide mudar sua cria\u00e7\u00e3o. Come\u00e7a a pintar uma tela para representar a barb\u00e1rie e a destrui\u00e7\u00e3o da guerra ocorrida no seu pa\u00eds natal.<\/p>\n<p>Guernica \u00e9 um acto pol\u00edtico e tem a arte como forma de mostrar ao mundo o que a humanidade \u00e9 capaz de criar. Uma obra que retrata a viol\u00eancia, clama pela paz e se torna s\u00edmbolo mundial contra a Guerra.<br \/>\nUm enorme mural em \u00f3leo sobre tela de tend\u00eancia modernista com dimens\u00f5es de 3,51 m por 7,82 m. Inicialmente a pintura seria em cor, mas Picasso mudou-a para preto e branco.<br \/>\nConta-se que um oficial da SS lhe perguntou, apontando para a pintura &#8220;Foi o senhor que fez isso?&#8221;. Picasso respondeu: &#8220;N\u00e3o, o senhor&#8221;.<\/p>\n<p>Hoje, o mural est\u00e1 no Museu Rainha Sofia em Madrid, mas por d\u00e9cadas ficou no MOMA de Nova York, respeitando a vontade do seu criador de somente estar em solo espanhol quando a democracia e a rep\u00fablica fossem restauradas no pa\u00eds.<\/p>\n<p>H\u00e1 muito significado nos s\u00edmbolos e elementos como o touro, o cavalo, a mulher com a crian\u00e7a e outros elementos. Mas o pr\u00f3prio Picasso n\u00e3o gostava de explicar e evitava dar raz\u00f5es est\u00e9ticas e conceituais sobre o quadro. Assim, tamb\u00e9m tinha consci\u00eancia do poder de sua arte que, afinal, n\u00e3o era mais s\u00f3 dele, mas pertencia a toda a humanidade. \u00a0Imortalizar, desta forma, na sua obra o legado duma grande trag\u00e9dia ocorrida no s\u00e9culo XX.<\/p>\n","protected":false},"excerpt":{"rendered":"<p>Susana Mexia<\/p>\n","protected":false},"author":1,"featured_media":12617,"comment_status":"open","ping_status":"open","sticky":false,"template":"","format":"standard","meta":{"site-sidebar-layout":"default","site-content-layout":"default","ast-global-header-display":"","ast-banner-title-visibility":"","ast-main-header-display":"","ast-hfb-above-header-display":"","ast-hfb-below-header-display":"","ast-hfb-mobile-header-display":"","site-post-title":"","ast-breadcrumbs-content":"","ast-featured-img":"","footer-sml-layout":"","theme-transparent-header-meta":"default","adv-header-id-meta":"","stick-header-meta":"","header-above-stick-meta":"","header-main-stick-meta":"","header-below-stick-meta":"","footnotes":""},"categories":[7],"tags":[452],"class_list":["post-12616","post","type-post","status-publish","format-standard","has-post-thumbnail","hentry","category-cultura","tag-susana-mexia"],"yoast_head":"<!-- This site is optimized with the Yoast SEO plugin v25.1 - https:\/\/yoast.com\/wordpress\/plugins\/seo\/ -->\n<title>A trag\u00e9dia de Guernica - Estado com Arte<\/title>\n<meta name=\"robots\" content=\"index, follow, max-snippet:-1, max-image-preview:large, max-video-preview:-1\" \/>\n<link rel=\"canonical\" href=\"https:\/\/estadocomarte.pt\/site\/2026\/04\/28\/a-tragedia-de-guernica\/\" \/>\n<meta property=\"og:locale\" content=\"pt_PT\" \/>\n<meta property=\"og:type\" content=\"article\" \/>\n<meta property=\"og:title\" content=\"A trag\u00e9dia de Guernica - Estado com Arte\" \/>\n<meta property=\"og:description\" content=\"Susana Mexia\" \/>\n<meta property=\"og:url\" content=\"https:\/\/estadocomarte.pt\/site\/2026\/04\/28\/a-tragedia-de-guernica\/\" \/>\n<meta property=\"og:site_name\" content=\"Estado com Arte\" \/>\n<meta property=\"article:published_time\" content=\"2026-04-28T13:28:32+00:00\" \/>\n<meta property=\"og:image\" content=\"https:\/\/estadocomarte.pt\/site\/wp-content\/uploads\/2026\/04\/Mural_del_Gernika.jpg\" \/>\n\t<meta property=\"og:image:width\" content=\"1247\" \/>\n\t<meta property=\"og:image:height\" content=\"650\" \/>\n\t<meta property=\"og:image:type\" content=\"image\/jpeg\" \/>\n<meta name=\"author\" content=\"admin\" \/>\n<meta name=\"twitter:card\" content=\"summary_large_image\" \/>\n<meta name=\"twitter:label1\" content=\"Escrito por\" \/>\n\t<meta name=\"twitter:data1\" content=\"admin\" \/>\n\t<meta name=\"twitter:label2\" content=\"Tempo estimado de leitura\" \/>\n\t<meta name=\"twitter:data2\" content=\"8 minutos\" \/>\n<script type=\"application\/ld+json\" class=\"yoast-schema-graph\">{\"@context\":\"https:\/\/schema.org\",\"@graph\":[{\"@type\":\"Article\",\"@id\":\"https:\/\/estadocomarte.pt\/site\/2026\/04\/28\/a-tragedia-de-guernica\/#article\",\"isPartOf\":{\"@id\":\"https:\/\/estadocomarte.pt\/site\/2026\/04\/28\/a-tragedia-de-guernica\/\"},\"author\":{\"name\":\"admin\",\"@id\":\"https:\/\/estadocomarte.pt\/site\/#\/schema\/person\/c0943a071216c1e5b21f85304151e4ba\"},\"headline\":\"A trag\u00e9dia de Guernica\",\"datePublished\":\"2026-04-28T13:28:32+00:00\",\"mainEntityOfPage\":{\"@id\":\"https:\/\/estadocomarte.pt\/site\/2026\/04\/28\/a-tragedia-de-guernica\/\"},\"wordCount\":1356,\"commentCount\":0,\"publisher\":{\"@id\":\"https:\/\/estadocomarte.pt\/site\/#organization\"},\"image\":{\"@id\":\"https:\/\/estadocomarte.pt\/site\/2026\/04\/28\/a-tragedia-de-guernica\/#primaryimage\"},\"thumbnailUrl\":\"https:\/\/estadocomarte.pt\/site\/wp-content\/uploads\/2026\/04\/Mural_del_Gernika.jpg\",\"keywords\":[\"susana mexia\"],\"articleSection\":[\"Cultura\"],\"inLanguage\":\"pt-PT\",\"potentialAction\":[{\"@type\":\"CommentAction\",\"name\":\"Comment\",\"target\":[\"https:\/\/estadocomarte.pt\/site\/2026\/04\/28\/a-tragedia-de-guernica\/#respond\"]}]},{\"@type\":\"WebPage\",\"@id\":\"https:\/\/estadocomarte.pt\/site\/2026\/04\/28\/a-tragedia-de-guernica\/\",\"url\":\"https:\/\/estadocomarte.pt\/site\/2026\/04\/28\/a-tragedia-de-guernica\/\",\"name\":\"A trag\u00e9dia de Guernica - Estado com Arte\",\"isPartOf\":{\"@id\":\"https:\/\/estadocomarte.pt\/site\/#website\"},\"primaryImageOfPage\":{\"@id\":\"https:\/\/estadocomarte.pt\/site\/2026\/04\/28\/a-tragedia-de-guernica\/#primaryimage\"},\"image\":{\"@id\":\"https:\/\/estadocomarte.pt\/site\/2026\/04\/28\/a-tragedia-de-guernica\/#primaryimage\"},\"thumbnailUrl\":\"https:\/\/estadocomarte.pt\/site\/wp-content\/uploads\/2026\/04\/Mural_del_Gernika.jpg\",\"datePublished\":\"2026-04-28T13:28:32+00:00\",\"breadcrumb\":{\"@id\":\"https:\/\/estadocomarte.pt\/site\/2026\/04\/28\/a-tragedia-de-guernica\/#breadcrumb\"},\"inLanguage\":\"pt-PT\",\"potentialAction\":[{\"@type\":\"ReadAction\",\"target\":[\"https:\/\/estadocomarte.pt\/site\/2026\/04\/28\/a-tragedia-de-guernica\/\"]}]},{\"@type\":\"ImageObject\",\"inLanguage\":\"pt-PT\",\"@id\":\"https:\/\/estadocomarte.pt\/site\/2026\/04\/28\/a-tragedia-de-guernica\/#primaryimage\",\"url\":\"https:\/\/estadocomarte.pt\/site\/wp-content\/uploads\/2026\/04\/Mural_del_Gernika.jpg\",\"contentUrl\":\"https:\/\/estadocomarte.pt\/site\/wp-content\/uploads\/2026\/04\/Mural_del_Gernika.jpg\",\"width\":1247,\"height\":650},{\"@type\":\"BreadcrumbList\",\"@id\":\"https:\/\/estadocomarte.pt\/site\/2026\/04\/28\/a-tragedia-de-guernica\/#breadcrumb\",\"itemListElement\":[{\"@type\":\"ListItem\",\"position\":1,\"name\":\"In\u00edcio\",\"item\":\"https:\/\/estadocomarte.pt\/site\/\"},{\"@type\":\"ListItem\",\"position\":2,\"name\":\"A trag\u00e9dia de Guernica\"}]},{\"@type\":\"WebSite\",\"@id\":\"https:\/\/estadocomarte.pt\/site\/#website\",\"url\":\"https:\/\/estadocomarte.pt\/site\/\",\"name\":\"Estado com Arte Magazine\",\"description\":\"Magazine\",\"publisher\":{\"@id\":\"https:\/\/estadocomarte.pt\/site\/#organization\"},\"alternateName\":\"Magazine semanal sobre pol\u00edtica e cultura, com autores, opini\u00e3o e cr\u00edticas.\",\"potentialAction\":[{\"@type\":\"SearchAction\",\"target\":{\"@type\":\"EntryPoint\",\"urlTemplate\":\"https:\/\/estadocomarte.pt\/site\/?s={search_term_string}\"},\"query-input\":{\"@type\":\"PropertyValueSpecification\",\"valueRequired\":true,\"valueName\":\"search_term_string\"}}],\"inLanguage\":\"pt-PT\"},{\"@type\":\"Organization\",\"@id\":\"https:\/\/estadocomarte.pt\/site\/#organization\",\"name\":\"Estado com Arte Magazine\",\"alternateName\":\"Magazine semanal sobre pol\u00edtica e cultura, com autores, opini\u00e3o e cr\u00edticas.\",\"url\":\"https:\/\/estadocomarte.pt\/site\/\",\"logo\":{\"@type\":\"ImageObject\",\"inLanguage\":\"pt-PT\",\"@id\":\"https:\/\/estadocomarte.pt\/site\/#\/schema\/logo\/image\/\",\"url\":\"https:\/\/estadocomarte.pt\/site\/wp-content\/uploads\/2023\/06\/cropped-cropped-Prancheta-2@2x-100.jpg\",\"contentUrl\":\"https:\/\/estadocomarte.pt\/site\/wp-content\/uploads\/2023\/06\/cropped-cropped-Prancheta-2@2x-100.jpg\",\"width\":1777,\"height\":592,\"caption\":\"Estado com Arte Magazine\"},\"image\":{\"@id\":\"https:\/\/estadocomarte.pt\/site\/#\/schema\/logo\/image\/\"},\"sameAs\":[\"https:\/\/www.instagram.com\/estadocomartemagazine\"]},{\"@type\":\"Person\",\"@id\":\"https:\/\/estadocomarte.pt\/site\/#\/schema\/person\/c0943a071216c1e5b21f85304151e4ba\",\"name\":\"admin\",\"image\":{\"@type\":\"ImageObject\",\"inLanguage\":\"pt-PT\",\"@id\":\"https:\/\/estadocomarte.pt\/site\/#\/schema\/person\/image\/\",\"url\":\"https:\/\/secure.gravatar.com\/avatar\/e6f378fd6914c8505d3e1d40f51fa953b21bab0f3a5658a33bc84cb5bda780f9?s=96&d=mm&r=g\",\"contentUrl\":\"https:\/\/secure.gravatar.com\/avatar\/e6f378fd6914c8505d3e1d40f51fa953b21bab0f3a5658a33bc84cb5bda780f9?s=96&d=mm&r=g\",\"caption\":\"admin\"},\"sameAs\":[\"https:\/\/estadocomarte.pt\/site\"],\"url\":\"https:\/\/estadocomarte.pt\/site\/author\/admin\/\"}]}<\/script>\n<!-- \/ Yoast SEO plugin. -->","yoast_head_json":{"title":"A trag\u00e9dia de Guernica - Estado com Arte","robots":{"index":"index","follow":"follow","max-snippet":"max-snippet:-1","max-image-preview":"max-image-preview:large","max-video-preview":"max-video-preview:-1"},"canonical":"https:\/\/estadocomarte.pt\/site\/2026\/04\/28\/a-tragedia-de-guernica\/","og_locale":"pt_PT","og_type":"article","og_title":"A trag\u00e9dia de Guernica - Estado com Arte","og_description":"Susana Mexia","og_url":"https:\/\/estadocomarte.pt\/site\/2026\/04\/28\/a-tragedia-de-guernica\/","og_site_name":"Estado com Arte","article_published_time":"2026-04-28T13:28:32+00:00","og_image":[{"width":1247,"height":650,"url":"https:\/\/estadocomarte.pt\/site\/wp-content\/uploads\/2026\/04\/Mural_del_Gernika.jpg","type":"image\/jpeg"}],"author":"admin","twitter_card":"summary_large_image","twitter_misc":{"Escrito por":"admin","Tempo estimado de leitura":"8 minutos"},"schema":{"@context":"https:\/\/schema.org","@graph":[{"@type":"Article","@id":"https:\/\/estadocomarte.pt\/site\/2026\/04\/28\/a-tragedia-de-guernica\/#article","isPartOf":{"@id":"https:\/\/estadocomarte.pt\/site\/2026\/04\/28\/a-tragedia-de-guernica\/"},"author":{"name":"admin","@id":"https:\/\/estadocomarte.pt\/site\/#\/schema\/person\/c0943a071216c1e5b21f85304151e4ba"},"headline":"A trag\u00e9dia de Guernica","datePublished":"2026-04-28T13:28:32+00:00","mainEntityOfPage":{"@id":"https:\/\/estadocomarte.pt\/site\/2026\/04\/28\/a-tragedia-de-guernica\/"},"wordCount":1356,"commentCount":0,"publisher":{"@id":"https:\/\/estadocomarte.pt\/site\/#organization"},"image":{"@id":"https:\/\/estadocomarte.pt\/site\/2026\/04\/28\/a-tragedia-de-guernica\/#primaryimage"},"thumbnailUrl":"https:\/\/estadocomarte.pt\/site\/wp-content\/uploads\/2026\/04\/Mural_del_Gernika.jpg","keywords":["susana mexia"],"articleSection":["Cultura"],"inLanguage":"pt-PT","potentialAction":[{"@type":"CommentAction","name":"Comment","target":["https:\/\/estadocomarte.pt\/site\/2026\/04\/28\/a-tragedia-de-guernica\/#respond"]}]},{"@type":"WebPage","@id":"https:\/\/estadocomarte.pt\/site\/2026\/04\/28\/a-tragedia-de-guernica\/","url":"https:\/\/estadocomarte.pt\/site\/2026\/04\/28\/a-tragedia-de-guernica\/","name":"A trag\u00e9dia de Guernica - Estado com Arte","isPartOf":{"@id":"https:\/\/estadocomarte.pt\/site\/#website"},"primaryImageOfPage":{"@id":"https:\/\/estadocomarte.pt\/site\/2026\/04\/28\/a-tragedia-de-guernica\/#primaryimage"},"image":{"@id":"https:\/\/estadocomarte.pt\/site\/2026\/04\/28\/a-tragedia-de-guernica\/#primaryimage"},"thumbnailUrl":"https:\/\/estadocomarte.pt\/site\/wp-content\/uploads\/2026\/04\/Mural_del_Gernika.jpg","datePublished":"2026-04-28T13:28:32+00:00","breadcrumb":{"@id":"https:\/\/estadocomarte.pt\/site\/2026\/04\/28\/a-tragedia-de-guernica\/#breadcrumb"},"inLanguage":"pt-PT","potentialAction":[{"@type":"ReadAction","target":["https:\/\/estadocomarte.pt\/site\/2026\/04\/28\/a-tragedia-de-guernica\/"]}]},{"@type":"ImageObject","inLanguage":"pt-PT","@id":"https:\/\/estadocomarte.pt\/site\/2026\/04\/28\/a-tragedia-de-guernica\/#primaryimage","url":"https:\/\/estadocomarte.pt\/site\/wp-content\/uploads\/2026\/04\/Mural_del_Gernika.jpg","contentUrl":"https:\/\/estadocomarte.pt\/site\/wp-content\/uploads\/2026\/04\/Mural_del_Gernika.jpg","width":1247,"height":650},{"@type":"BreadcrumbList","@id":"https:\/\/estadocomarte.pt\/site\/2026\/04\/28\/a-tragedia-de-guernica\/#breadcrumb","itemListElement":[{"@type":"ListItem","position":1,"name":"In\u00edcio","item":"https:\/\/estadocomarte.pt\/site\/"},{"@type":"ListItem","position":2,"name":"A trag\u00e9dia de Guernica"}]},{"@type":"WebSite","@id":"https:\/\/estadocomarte.pt\/site\/#website","url":"https:\/\/estadocomarte.pt\/site\/","name":"Estado com Arte Magazine","description":"Magazine","publisher":{"@id":"https:\/\/estadocomarte.pt\/site\/#organization"},"alternateName":"Magazine semanal sobre pol\u00edtica e cultura, com autores, opini\u00e3o e cr\u00edticas.","potentialAction":[{"@type":"SearchAction","target":{"@type":"EntryPoint","urlTemplate":"https:\/\/estadocomarte.pt\/site\/?s={search_term_string}"},"query-input":{"@type":"PropertyValueSpecification","valueRequired":true,"valueName":"search_term_string"}}],"inLanguage":"pt-PT"},{"@type":"Organization","@id":"https:\/\/estadocomarte.pt\/site\/#organization","name":"Estado com Arte Magazine","alternateName":"Magazine semanal sobre pol\u00edtica e cultura, com autores, opini\u00e3o e cr\u00edticas.","url":"https:\/\/estadocomarte.pt\/site\/","logo":{"@type":"ImageObject","inLanguage":"pt-PT","@id":"https:\/\/estadocomarte.pt\/site\/#\/schema\/logo\/image\/","url":"https:\/\/estadocomarte.pt\/site\/wp-content\/uploads\/2023\/06\/cropped-cropped-Prancheta-2@2x-100.jpg","contentUrl":"https:\/\/estadocomarte.pt\/site\/wp-content\/uploads\/2023\/06\/cropped-cropped-Prancheta-2@2x-100.jpg","width":1777,"height":592,"caption":"Estado com Arte Magazine"},"image":{"@id":"https:\/\/estadocomarte.pt\/site\/#\/schema\/logo\/image\/"},"sameAs":["https:\/\/www.instagram.com\/estadocomartemagazine"]},{"@type":"Person","@id":"https:\/\/estadocomarte.pt\/site\/#\/schema\/person\/c0943a071216c1e5b21f85304151e4ba","name":"admin","image":{"@type":"ImageObject","inLanguage":"pt-PT","@id":"https:\/\/estadocomarte.pt\/site\/#\/schema\/person\/image\/","url":"https:\/\/secure.gravatar.com\/avatar\/e6f378fd6914c8505d3e1d40f51fa953b21bab0f3a5658a33bc84cb5bda780f9?s=96&d=mm&r=g","contentUrl":"https:\/\/secure.gravatar.com\/avatar\/e6f378fd6914c8505d3e1d40f51fa953b21bab0f3a5658a33bc84cb5bda780f9?s=96&d=mm&r=g","caption":"admin"},"sameAs":["https:\/\/estadocomarte.pt\/site"],"url":"https:\/\/estadocomarte.pt\/site\/author\/admin\/"}]}},"_links":{"self":[{"href":"https:\/\/estadocomarte.pt\/site\/wp-json\/wp\/v2\/posts\/12616","targetHints":{"allow":["GET"]}}],"collection":[{"href":"https:\/\/estadocomarte.pt\/site\/wp-json\/wp\/v2\/posts"}],"about":[{"href":"https:\/\/estadocomarte.pt\/site\/wp-json\/wp\/v2\/types\/post"}],"author":[{"embeddable":true,"href":"https:\/\/estadocomarte.pt\/site\/wp-json\/wp\/v2\/users\/1"}],"replies":[{"embeddable":true,"href":"https:\/\/estadocomarte.pt\/site\/wp-json\/wp\/v2\/comments?post=12616"}],"version-history":[{"count":1,"href":"https:\/\/estadocomarte.pt\/site\/wp-json\/wp\/v2\/posts\/12616\/revisions"}],"predecessor-version":[{"id":12618,"href":"https:\/\/estadocomarte.pt\/site\/wp-json\/wp\/v2\/posts\/12616\/revisions\/12618"}],"wp:featuredmedia":[{"embeddable":true,"href":"https:\/\/estadocomarte.pt\/site\/wp-json\/wp\/v2\/media\/12617"}],"wp:attachment":[{"href":"https:\/\/estadocomarte.pt\/site\/wp-json\/wp\/v2\/media?parent=12616"}],"wp:term":[{"taxonomy":"category","embeddable":true,"href":"https:\/\/estadocomarte.pt\/site\/wp-json\/wp\/v2\/categories?post=12616"},{"taxonomy":"post_tag","embeddable":true,"href":"https:\/\/estadocomarte.pt\/site\/wp-json\/wp\/v2\/tags?post=12616"}],"curies":[{"name":"wp","href":"https:\/\/api.w.org\/{rel}","templated":true}]}}