{"id":12623,"date":"2026-05-01T18:38:40","date_gmt":"2026-05-01T18:38:40","guid":{"rendered":"https:\/\/estadocomarte.pt\/site\/?p=12623"},"modified":"2026-05-01T18:38:40","modified_gmt":"2026-05-01T18:38:40","slug":"temos-cravos-vermelhos-e-grandola-e-constituicao-e-liberdade","status":"publish","type":"post","link":"https:\/\/estadocomarte.pt\/site\/2026\/05\/01\/temos-cravos-vermelhos-e-grandola-e-constituicao-e-liberdade\/","title":{"rendered":"TEMOS CRAVOS VERMELHOS E GRANDOLA E CONSTITUI\u00c7\u00c3O E LIBERDADE"},"content":{"rendered":"<p><strong>E l\u00e1 se passaram as comemora\u00e7\u00f5es do 25 de abril, que j\u00e1 l\u00e1 vai h\u00e1 cinquenta e dois anos, cinco d\u00e9cadas de governa\u00e7\u00e3o dita \u201cdemocr\u00e1tica\u201d, foi ver de novo os cravos nas lapelas, simbolismo lindo de ver, coisa bonita aquela, algumas avenidas com manifestantes hist\u00e9ricos a gritar que o \u201cfascismo nunca mais\u201d, se lhes perguntarmos qual fascismo?<\/strong><\/p>\n<p>Eles n\u00e3o sabem porque nunca o viram, porque ele n\u00e3o existiu em Portugal, outros entoavam o \u201cgr\u00e2ndola\u201d, o tal que diz que \u201co povo \u00e9 quem mais ordena\u201d, outra fal\u00e1cia, porque na verdade o povo l\u00e1 vai escolhendo quem o vai tramar a seguir, se uns ou outros, que l\u00e1 se v\u00e3o alternando para lixar o coitado do tal povo e aqui h\u00e1 dias, para completar o circo \u201cdemocr\u00e1tico\u201d tamb\u00e9m se comemorava o cinquenten\u00e1rio da \u201cconstitui\u00e7\u00e3o\u201d, outra coisa linda para ot\u00e1rio ver e ouvir, a tal que eles n\u00e3o cumprem.<\/p>\n<p>Enquanto uns quantos andam por a\u00ed a vociferar as palavras de ordem com mais de cinquenta anos, como aquela em que \u201co povo unido jamais ser\u00e1 vencido\u201d, fazendo de conta que o povo n\u00e3o est\u00e1 vencido h\u00e1 muito tempo, h\u00e1 por a\u00ed milhares de jovens sem professores.<\/p>\n<p>Hoje ouvia o relato de escolas em que os alunos da terceira classe (agora \u00e0 moda democr\u00e1tica chamado terceiro ano), n\u00e3o tendo professor, l\u00e1 os v\u00e3o entretendo a passar o tempo a assistir a aulas do quarto ano e do segundo, injetados em salas para disfar\u00e7ar a coisa e n\u00e3o os mandarem para casa porque dava muito nas vistas e \u00e0s tantas relatava uma m\u00e3e que a filha de oito anos lhe dizia que queria ser veterin\u00e1ria e a m\u00e3e, como todas as m\u00e3es, l\u00e1 a aconselhava que para isso tinha que estudar muito e a crian\u00e7a respondia, \u201ccomo? se nem professor tenho?\u201d Pobres crian\u00e7as estas. \u00c9 com esta ingenuidade, s\u00e3o estas crian\u00e7as e jovens que em t\u00e3o tenra idade j\u00e1 t\u00eam os sonhos destru\u00eddos e os futuros severamente amea\u00e7ados.<\/p>\n<p>E foi esta corja de governantes que se alimentam \u00e0 custa de terceiros, que todos os dias andam por a\u00ed a apregoar a \u201cconstitui\u00e7\u00e3o\u201d, que destruiu a escola p\u00fablica que h\u00e1 muito deixou de ter a miss\u00e3o de ensinar e formar, porque fizeram dela um antro de asfixia e doutrina\u00e7\u00e3o ideol\u00f3gica e assim se destroem gera\u00e7\u00f5es, se aniquila uma sociedade e se elimina uma na\u00e7\u00e3o.<\/p>\n<p>E esta escola, apenas um exemplo entre muitas outras, ser\u00e1 que fica l\u00e1 escondida no interior abandonado pela corja imunda, pestilenta e nauseabunda que nos governa?, n\u00e3o caros \u201ccamaradas\u201d, isto \u00e9 mesmo ali em Sintra, pertinho da capital do pa\u00eds. Mas a falta de professores \u00e9 um flagelo para muitos milhares de jovens e \u00e9 assim h\u00e1 v\u00e1rios anos, sem que apare\u00e7a algu\u00e9m com um rumo, com compet\u00eancia, com capacidade para inverter esta calamidade nacional. Porque eles n\u00e3o querem inverter, eles querem assim.<\/p>\n<p>Ah\u2026 mas isso n\u00e3o interessa nada, porque temos os cravos vermelhos e a gr\u00e2ndola e a constitui\u00e7\u00e3o e a \u201cliberdade\u201d, pois \u00e9 isso.<\/p>\n<p>Primeiro, acabaram com as escolas industriais e hoje temos as empresas e a economia nacional famintas de gente que saiba trabalhar, porque todos querem \u00e9 saber de computadores, n\u00e3o h\u00e1 eletricistas, nem serralheiros, nem carpinteiros e muito menos pedreiros, porque a corja criminosa achou que todos tinham de ser doutores e agora a economia definha. De seguida alteraram os \u201cprogramas\u201d escolares para melhor os adaptarem aos objetivos ideol\u00f3gicos dos governantes, despejando-os de qualquer utilidade de ensino verdadeiramente formativo.<\/p>\n<p>Depois aniquilaram a carreira docente, retirando-lhe a autoridade que lhe garantia o estatuto de exemplo para a sociedade e da\u00ed a passarem a ser agredidos todos os dias, por alunos e pais, foi o desfecho \u00f3bvio, \u201cas escolas registam 35 crimes por cada dia de aulas\u201d, n\u00e3o sou eu que digo, s\u00e3o n\u00fameros oficiais hoje noticiados, porque n\u00e3o h\u00e1 regras, n\u00e3o h\u00e1 autoridade, n\u00e3o h\u00e1 puni\u00e7\u00f5es, n\u00e3o h\u00e1 consequ\u00eancias e muito menos h\u00e1 seguran\u00e7a, tudo isto enquanto o miser\u00e1vel ministro da administra\u00e7\u00e3o interna diz que o problema da seguran\u00e7a \u00e9 apenas &#8220;perce\u00e7\u00e3o&#8221; e &#8220;desinforma\u00e7\u00e3o&#8221;, imagine-se e agora perante este cen\u00e1rio dantesco, quem \u00e9 que est\u00e1 interessado em ser professor? Claro, ningu\u00e9m. A escola p\u00fablica est\u00e1 destru\u00edda, o caos est\u00e1 instalado, o futuro das gera\u00e7\u00f5es amea\u00e7ado e comprometido e o pa\u00eds sem vergonha continua vertiginosamente em passo de corrida para o abismo.<\/p>\n<p>Ah\u2026 mas isso n\u00e3o interessa nada, porque temos os cravos vermelhos e a gr\u00e2ndola e a constitui\u00e7\u00e3o e a \u201cliberdade\u201d, pois \u00e9 isso. N\u00e3o temos \u00e9 pa\u00eds, mas isso n\u00e3o lhes interessa nada.<\/p>\n<p>E sim, doeu muito aquele relato da crian\u00e7a com oito anos de ingenuidade (apenas um exemplo entre milhares), que quer estudar, que sonha ser algu\u00e9m, mas os cravos vermelhos e a gr\u00e2ndola e a constitui\u00e7\u00e3o e a \u201cliberdade\u201d n\u00e3o deixam.<\/p>\n<p>E doeu, porque temos filhos e netos e adivinhamos o fim dram\u00e1tico que a\u00ed est\u00e1 a projetar-se.<\/p>\n<p>E sim, estamos a falar de gente in\u00fatil, cujas capacidades e compet\u00eancias se limitam a disfrutar dos bens p\u00fablicos em proveito pr\u00f3prio e da fam\u00edlia e do partido e dos amigos, em que a governa\u00e7\u00e3o \u00e9 um mero exerc\u00edcio di\u00e1rio de garantia de manuten\u00e7\u00e3o desse privil\u00e9gio.<\/p>\n<p>\u00c9 isso, h\u00e1 uma trupe de bandidos que nos governa h\u00e1 cinquenta anos.<\/p>\n<p>E sim, caros \u201ccamaradas\u201d, quero que se lixem os cravos vermelhos e a Gr\u00e2ndola e a liberdade e a constitui\u00e7\u00e3o. Quero de volta a EDUCA\u00c7\u00c3O de outros tempos, que garanta o futuro da na\u00e7\u00e3o.<\/p>\n<p>Nota: Ningu\u00e9m est\u00e1 ilibado de culpas no estado miser\u00e1vel a que a educa\u00e7\u00e3o chegou em Portugal, o PS e o PSD s\u00e3o uma e a outra face da mesma moeda.<\/p>\n","protected":false},"excerpt":{"rendered":"<p>Rui Gon\u00e7alves,<br \/>\nArquitecto<\/p>\n","protected":false},"author":1,"featured_media":2202,"comment_status":"open","ping_status":"open","sticky":false,"template":"","format":"standard","meta":{"site-sidebar-layout":"default","site-content-layout":"default","ast-global-header-display":"","ast-banner-title-visibility":"","ast-main-header-display":"","ast-hfb-above-header-display":"","ast-hfb-below-header-display":"","ast-hfb-mobile-header-display":"","site-post-title":"","ast-breadcrumbs-content":"","ast-featured-img":"","footer-sml-layout":"","theme-transparent-header-meta":"default","adv-header-id-meta":"","stick-header-meta":"","header-above-stick-meta":"","header-main-stick-meta":"","header-below-stick-meta":"","footnotes":""},"categories":[64,11],"tags":[233],"class_list":["post-12623","post","type-post","status-publish","format-standard","has-post-thumbnail","hentry","category-isto-para-nos","category-opiniao","tag-rui-goncalves"],"yoast_head":"<!-- This site is optimized with the Yoast SEO plugin v25.1 - https:\/\/yoast.com\/wordpress\/plugins\/seo\/ -->\n<title>TEMOS CRAVOS VERMELHOS E GRANDOLA E CONSTITUI\u00c7\u00c3O E LIBERDADE - Estado com Arte<\/title>\n<meta name=\"robots\" content=\"index, follow, max-snippet:-1, max-image-preview:large, max-video-preview:-1\" \/>\n<link rel=\"canonical\" href=\"https:\/\/estadocomarte.pt\/site\/2026\/05\/01\/temos-cravos-vermelhos-e-grandola-e-constituicao-e-liberdade\/\" \/>\n<meta property=\"og:locale\" content=\"pt_PT\" \/>\n<meta property=\"og:type\" content=\"article\" \/>\n<meta property=\"og:title\" content=\"TEMOS CRAVOS VERMELHOS E GRANDOLA E CONSTITUI\u00c7\u00c3O E LIBERDADE - Estado com Arte\" \/>\n<meta property=\"og:description\" content=\"Rui Gon\u00e7alves,  Arquitecto\" \/>\n<meta property=\"og:url\" content=\"https:\/\/estadocomarte.pt\/site\/2026\/05\/01\/temos-cravos-vermelhos-e-grandola-e-constituicao-e-liberdade\/\" \/>\n<meta property=\"og:site_name\" content=\"Estado com Arte\" \/>\n<meta property=\"article:published_time\" content=\"2026-05-01T18:38:40+00:00\" \/>\n<meta property=\"og:image\" content=\"https:\/\/estadocomarte.pt\/site\/wp-content\/uploads\/2023\/08\/Rui-Goncalves.jpg\" \/>\n\t<meta property=\"og:image:width\" content=\"536\" \/>\n\t<meta property=\"og:image:height\" content=\"632\" \/>\n\t<meta property=\"og:image:type\" content=\"image\/jpeg\" \/>\n<meta name=\"author\" content=\"admin\" \/>\n<meta name=\"twitter:card\" content=\"summary_large_image\" \/>\n<meta name=\"twitter:label1\" content=\"Escrito por\" \/>\n\t<meta name=\"twitter:data1\" content=\"admin\" \/>\n\t<meta name=\"twitter:label2\" content=\"Tempo estimado de leitura\" \/>\n\t<meta name=\"twitter:data2\" content=\"6 minutos\" \/>\n<script type=\"application\/ld+json\" class=\"yoast-schema-graph\">{\"@context\":\"https:\/\/schema.org\",\"@graph\":[{\"@type\":\"Article\",\"@id\":\"https:\/\/estadocomarte.pt\/site\/2026\/05\/01\/temos-cravos-vermelhos-e-grandola-e-constituicao-e-liberdade\/#article\",\"isPartOf\":{\"@id\":\"https:\/\/estadocomarte.pt\/site\/2026\/05\/01\/temos-cravos-vermelhos-e-grandola-e-constituicao-e-liberdade\/\"},\"author\":{\"name\":\"admin\",\"@id\":\"https:\/\/estadocomarte.pt\/site\/#\/schema\/person\/c0943a071216c1e5b21f85304151e4ba\"},\"headline\":\"TEMOS CRAVOS VERMELHOS E GRANDOLA E CONSTITUI\u00c7\u00c3O E LIBERDADE\",\"datePublished\":\"2026-05-01T18:38:40+00:00\",\"mainEntityOfPage\":{\"@id\":\"https:\/\/estadocomarte.pt\/site\/2026\/05\/01\/temos-cravos-vermelhos-e-grandola-e-constituicao-e-liberdade\/\"},\"wordCount\":1025,\"commentCount\":0,\"publisher\":{\"@id\":\"https:\/\/estadocomarte.pt\/site\/#organization\"},\"image\":{\"@id\":\"https:\/\/estadocomarte.pt\/site\/2026\/05\/01\/temos-cravos-vermelhos-e-grandola-e-constituicao-e-liberdade\/#primaryimage\"},\"thumbnailUrl\":\"https:\/\/estadocomarte.pt\/site\/wp-content\/uploads\/2023\/08\/Rui-Goncalves.jpg\",\"keywords\":[\"rui gon\u00e7alves\"],\"articleSection\":[\"Isto Para N\u00f3s\",\"Opini\u00e3o\"],\"inLanguage\":\"pt-PT\",\"potentialAction\":[{\"@type\":\"CommentAction\",\"name\":\"Comment\",\"target\":[\"https:\/\/estadocomarte.pt\/site\/2026\/05\/01\/temos-cravos-vermelhos-e-grandola-e-constituicao-e-liberdade\/#respond\"]}]},{\"@type\":\"WebPage\",\"@id\":\"https:\/\/estadocomarte.pt\/site\/2026\/05\/01\/temos-cravos-vermelhos-e-grandola-e-constituicao-e-liberdade\/\",\"url\":\"https:\/\/estadocomarte.pt\/site\/2026\/05\/01\/temos-cravos-vermelhos-e-grandola-e-constituicao-e-liberdade\/\",\"name\":\"TEMOS CRAVOS VERMELHOS E GRANDOLA E CONSTITUI\u00c7\u00c3O E LIBERDADE - Estado com Arte\",\"isPartOf\":{\"@id\":\"https:\/\/estadocomarte.pt\/site\/#website\"},\"primaryImageOfPage\":{\"@id\":\"https:\/\/estadocomarte.pt\/site\/2026\/05\/01\/temos-cravos-vermelhos-e-grandola-e-constituicao-e-liberdade\/#primaryimage\"},\"image\":{\"@id\":\"https:\/\/estadocomarte.pt\/site\/2026\/05\/01\/temos-cravos-vermelhos-e-grandola-e-constituicao-e-liberdade\/#primaryimage\"},\"thumbnailUrl\":\"https:\/\/estadocomarte.pt\/site\/wp-content\/uploads\/2023\/08\/Rui-Goncalves.jpg\",\"datePublished\":\"2026-05-01T18:38:40+00:00\",\"breadcrumb\":{\"@id\":\"https:\/\/estadocomarte.pt\/site\/2026\/05\/01\/temos-cravos-vermelhos-e-grandola-e-constituicao-e-liberdade\/#breadcrumb\"},\"inLanguage\":\"pt-PT\",\"potentialAction\":[{\"@type\":\"ReadAction\",\"target\":[\"https:\/\/estadocomarte.pt\/site\/2026\/05\/01\/temos-cravos-vermelhos-e-grandola-e-constituicao-e-liberdade\/\"]}]},{\"@type\":\"ImageObject\",\"inLanguage\":\"pt-PT\",\"@id\":\"https:\/\/estadocomarte.pt\/site\/2026\/05\/01\/temos-cravos-vermelhos-e-grandola-e-constituicao-e-liberdade\/#primaryimage\",\"url\":\"https:\/\/estadocomarte.pt\/site\/wp-content\/uploads\/2023\/08\/Rui-Goncalves.jpg\",\"contentUrl\":\"https:\/\/estadocomarte.pt\/site\/wp-content\/uploads\/2023\/08\/Rui-Goncalves.jpg\",\"width\":536,\"height\":632,\"caption\":\"Rui Gon\u00e7alvez\"},{\"@type\":\"BreadcrumbList\",\"@id\":\"https:\/\/estadocomarte.pt\/site\/2026\/05\/01\/temos-cravos-vermelhos-e-grandola-e-constituicao-e-liberdade\/#breadcrumb\",\"itemListElement\":[{\"@type\":\"ListItem\",\"position\":1,\"name\":\"In\u00edcio\",\"item\":\"https:\/\/estadocomarte.pt\/site\/\"},{\"@type\":\"ListItem\",\"position\":2,\"name\":\"TEMOS CRAVOS VERMELHOS E GRANDOLA E CONSTITUI\u00c7\u00c3O E LIBERDADE\"}]},{\"@type\":\"WebSite\",\"@id\":\"https:\/\/estadocomarte.pt\/site\/#website\",\"url\":\"https:\/\/estadocomarte.pt\/site\/\",\"name\":\"Estado com Arte Magazine\",\"description\":\"Magazine\",\"publisher\":{\"@id\":\"https:\/\/estadocomarte.pt\/site\/#organization\"},\"alternateName\":\"Magazine semanal sobre pol\u00edtica e cultura, com autores, opini\u00e3o e cr\u00edticas.\",\"potentialAction\":[{\"@type\":\"SearchAction\",\"target\":{\"@type\":\"EntryPoint\",\"urlTemplate\":\"https:\/\/estadocomarte.pt\/site\/?s={search_term_string}\"},\"query-input\":{\"@type\":\"PropertyValueSpecification\",\"valueRequired\":true,\"valueName\":\"search_term_string\"}}],\"inLanguage\":\"pt-PT\"},{\"@type\":\"Organization\",\"@id\":\"https:\/\/estadocomarte.pt\/site\/#organization\",\"name\":\"Estado com Arte Magazine\",\"alternateName\":\"Magazine semanal sobre pol\u00edtica e cultura, com autores, opini\u00e3o e cr\u00edticas.\",\"url\":\"https:\/\/estadocomarte.pt\/site\/\",\"logo\":{\"@type\":\"ImageObject\",\"inLanguage\":\"pt-PT\",\"@id\":\"https:\/\/estadocomarte.pt\/site\/#\/schema\/logo\/image\/\",\"url\":\"https:\/\/estadocomarte.pt\/site\/wp-content\/uploads\/2023\/06\/cropped-cropped-Prancheta-2@2x-100.jpg\",\"contentUrl\":\"https:\/\/estadocomarte.pt\/site\/wp-content\/uploads\/2023\/06\/cropped-cropped-Prancheta-2@2x-100.jpg\",\"width\":1777,\"height\":592,\"caption\":\"Estado com Arte Magazine\"},\"image\":{\"@id\":\"https:\/\/estadocomarte.pt\/site\/#\/schema\/logo\/image\/\"},\"sameAs\":[\"https:\/\/www.instagram.com\/estadocomartemagazine\"]},{\"@type\":\"Person\",\"@id\":\"https:\/\/estadocomarte.pt\/site\/#\/schema\/person\/c0943a071216c1e5b21f85304151e4ba\",\"name\":\"admin\",\"image\":{\"@type\":\"ImageObject\",\"inLanguage\":\"pt-PT\",\"@id\":\"https:\/\/estadocomarte.pt\/site\/#\/schema\/person\/image\/\",\"url\":\"https:\/\/secure.gravatar.com\/avatar\/e6f378fd6914c8505d3e1d40f51fa953b21bab0f3a5658a33bc84cb5bda780f9?s=96&d=mm&r=g\",\"contentUrl\":\"https:\/\/secure.gravatar.com\/avatar\/e6f378fd6914c8505d3e1d40f51fa953b21bab0f3a5658a33bc84cb5bda780f9?s=96&d=mm&r=g\",\"caption\":\"admin\"},\"sameAs\":[\"https:\/\/estadocomarte.pt\/site\"],\"url\":\"https:\/\/estadocomarte.pt\/site\/author\/admin\/\"}]}<\/script>\n<!-- \/ Yoast SEO plugin. -->","yoast_head_json":{"title":"TEMOS CRAVOS VERMELHOS E GRANDOLA E CONSTITUI\u00c7\u00c3O E LIBERDADE - Estado com Arte","robots":{"index":"index","follow":"follow","max-snippet":"max-snippet:-1","max-image-preview":"max-image-preview:large","max-video-preview":"max-video-preview:-1"},"canonical":"https:\/\/estadocomarte.pt\/site\/2026\/05\/01\/temos-cravos-vermelhos-e-grandola-e-constituicao-e-liberdade\/","og_locale":"pt_PT","og_type":"article","og_title":"TEMOS CRAVOS VERMELHOS E GRANDOLA E CONSTITUI\u00c7\u00c3O E LIBERDADE - Estado com Arte","og_description":"Rui Gon\u00e7alves,  Arquitecto","og_url":"https:\/\/estadocomarte.pt\/site\/2026\/05\/01\/temos-cravos-vermelhos-e-grandola-e-constituicao-e-liberdade\/","og_site_name":"Estado com Arte","article_published_time":"2026-05-01T18:38:40+00:00","og_image":[{"width":536,"height":632,"url":"https:\/\/estadocomarte.pt\/site\/wp-content\/uploads\/2023\/08\/Rui-Goncalves.jpg","type":"image\/jpeg"}],"author":"admin","twitter_card":"summary_large_image","twitter_misc":{"Escrito por":"admin","Tempo estimado de leitura":"6 minutos"},"schema":{"@context":"https:\/\/schema.org","@graph":[{"@type":"Article","@id":"https:\/\/estadocomarte.pt\/site\/2026\/05\/01\/temos-cravos-vermelhos-e-grandola-e-constituicao-e-liberdade\/#article","isPartOf":{"@id":"https:\/\/estadocomarte.pt\/site\/2026\/05\/01\/temos-cravos-vermelhos-e-grandola-e-constituicao-e-liberdade\/"},"author":{"name":"admin","@id":"https:\/\/estadocomarte.pt\/site\/#\/schema\/person\/c0943a071216c1e5b21f85304151e4ba"},"headline":"TEMOS CRAVOS VERMELHOS E GRANDOLA E CONSTITUI\u00c7\u00c3O E LIBERDADE","datePublished":"2026-05-01T18:38:40+00:00","mainEntityOfPage":{"@id":"https:\/\/estadocomarte.pt\/site\/2026\/05\/01\/temos-cravos-vermelhos-e-grandola-e-constituicao-e-liberdade\/"},"wordCount":1025,"commentCount":0,"publisher":{"@id":"https:\/\/estadocomarte.pt\/site\/#organization"},"image":{"@id":"https:\/\/estadocomarte.pt\/site\/2026\/05\/01\/temos-cravos-vermelhos-e-grandola-e-constituicao-e-liberdade\/#primaryimage"},"thumbnailUrl":"https:\/\/estadocomarte.pt\/site\/wp-content\/uploads\/2023\/08\/Rui-Goncalves.jpg","keywords":["rui gon\u00e7alves"],"articleSection":["Isto Para N\u00f3s","Opini\u00e3o"],"inLanguage":"pt-PT","potentialAction":[{"@type":"CommentAction","name":"Comment","target":["https:\/\/estadocomarte.pt\/site\/2026\/05\/01\/temos-cravos-vermelhos-e-grandola-e-constituicao-e-liberdade\/#respond"]}]},{"@type":"WebPage","@id":"https:\/\/estadocomarte.pt\/site\/2026\/05\/01\/temos-cravos-vermelhos-e-grandola-e-constituicao-e-liberdade\/","url":"https:\/\/estadocomarte.pt\/site\/2026\/05\/01\/temos-cravos-vermelhos-e-grandola-e-constituicao-e-liberdade\/","name":"TEMOS CRAVOS VERMELHOS E GRANDOLA E CONSTITUI\u00c7\u00c3O E LIBERDADE - Estado com Arte","isPartOf":{"@id":"https:\/\/estadocomarte.pt\/site\/#website"},"primaryImageOfPage":{"@id":"https:\/\/estadocomarte.pt\/site\/2026\/05\/01\/temos-cravos-vermelhos-e-grandola-e-constituicao-e-liberdade\/#primaryimage"},"image":{"@id":"https:\/\/estadocomarte.pt\/site\/2026\/05\/01\/temos-cravos-vermelhos-e-grandola-e-constituicao-e-liberdade\/#primaryimage"},"thumbnailUrl":"https:\/\/estadocomarte.pt\/site\/wp-content\/uploads\/2023\/08\/Rui-Goncalves.jpg","datePublished":"2026-05-01T18:38:40+00:00","breadcrumb":{"@id":"https:\/\/estadocomarte.pt\/site\/2026\/05\/01\/temos-cravos-vermelhos-e-grandola-e-constituicao-e-liberdade\/#breadcrumb"},"inLanguage":"pt-PT","potentialAction":[{"@type":"ReadAction","target":["https:\/\/estadocomarte.pt\/site\/2026\/05\/01\/temos-cravos-vermelhos-e-grandola-e-constituicao-e-liberdade\/"]}]},{"@type":"ImageObject","inLanguage":"pt-PT","@id":"https:\/\/estadocomarte.pt\/site\/2026\/05\/01\/temos-cravos-vermelhos-e-grandola-e-constituicao-e-liberdade\/#primaryimage","url":"https:\/\/estadocomarte.pt\/site\/wp-content\/uploads\/2023\/08\/Rui-Goncalves.jpg","contentUrl":"https:\/\/estadocomarte.pt\/site\/wp-content\/uploads\/2023\/08\/Rui-Goncalves.jpg","width":536,"height":632,"caption":"Rui Gon\u00e7alvez"},{"@type":"BreadcrumbList","@id":"https:\/\/estadocomarte.pt\/site\/2026\/05\/01\/temos-cravos-vermelhos-e-grandola-e-constituicao-e-liberdade\/#breadcrumb","itemListElement":[{"@type":"ListItem","position":1,"name":"In\u00edcio","item":"https:\/\/estadocomarte.pt\/site\/"},{"@type":"ListItem","position":2,"name":"TEMOS CRAVOS VERMELHOS E GRANDOLA E CONSTITUI\u00c7\u00c3O E LIBERDADE"}]},{"@type":"WebSite","@id":"https:\/\/estadocomarte.pt\/site\/#website","url":"https:\/\/estadocomarte.pt\/site\/","name":"Estado com Arte Magazine","description":"Magazine","publisher":{"@id":"https:\/\/estadocomarte.pt\/site\/#organization"},"alternateName":"Magazine semanal sobre pol\u00edtica e cultura, com autores, opini\u00e3o e cr\u00edticas.","potentialAction":[{"@type":"SearchAction","target":{"@type":"EntryPoint","urlTemplate":"https:\/\/estadocomarte.pt\/site\/?s={search_term_string}"},"query-input":{"@type":"PropertyValueSpecification","valueRequired":true,"valueName":"search_term_string"}}],"inLanguage":"pt-PT"},{"@type":"Organization","@id":"https:\/\/estadocomarte.pt\/site\/#organization","name":"Estado com Arte Magazine","alternateName":"Magazine semanal sobre pol\u00edtica e cultura, com autores, opini\u00e3o e cr\u00edticas.","url":"https:\/\/estadocomarte.pt\/site\/","logo":{"@type":"ImageObject","inLanguage":"pt-PT","@id":"https:\/\/estadocomarte.pt\/site\/#\/schema\/logo\/image\/","url":"https:\/\/estadocomarte.pt\/site\/wp-content\/uploads\/2023\/06\/cropped-cropped-Prancheta-2@2x-100.jpg","contentUrl":"https:\/\/estadocomarte.pt\/site\/wp-content\/uploads\/2023\/06\/cropped-cropped-Prancheta-2@2x-100.jpg","width":1777,"height":592,"caption":"Estado com Arte Magazine"},"image":{"@id":"https:\/\/estadocomarte.pt\/site\/#\/schema\/logo\/image\/"},"sameAs":["https:\/\/www.instagram.com\/estadocomartemagazine"]},{"@type":"Person","@id":"https:\/\/estadocomarte.pt\/site\/#\/schema\/person\/c0943a071216c1e5b21f85304151e4ba","name":"admin","image":{"@type":"ImageObject","inLanguage":"pt-PT","@id":"https:\/\/estadocomarte.pt\/site\/#\/schema\/person\/image\/","url":"https:\/\/secure.gravatar.com\/avatar\/e6f378fd6914c8505d3e1d40f51fa953b21bab0f3a5658a33bc84cb5bda780f9?s=96&d=mm&r=g","contentUrl":"https:\/\/secure.gravatar.com\/avatar\/e6f378fd6914c8505d3e1d40f51fa953b21bab0f3a5658a33bc84cb5bda780f9?s=96&d=mm&r=g","caption":"admin"},"sameAs":["https:\/\/estadocomarte.pt\/site"],"url":"https:\/\/estadocomarte.pt\/site\/author\/admin\/"}]}},"_links":{"self":[{"href":"https:\/\/estadocomarte.pt\/site\/wp-json\/wp\/v2\/posts\/12623","targetHints":{"allow":["GET"]}}],"collection":[{"href":"https:\/\/estadocomarte.pt\/site\/wp-json\/wp\/v2\/posts"}],"about":[{"href":"https:\/\/estadocomarte.pt\/site\/wp-json\/wp\/v2\/types\/post"}],"author":[{"embeddable":true,"href":"https:\/\/estadocomarte.pt\/site\/wp-json\/wp\/v2\/users\/1"}],"replies":[{"embeddable":true,"href":"https:\/\/estadocomarte.pt\/site\/wp-json\/wp\/v2\/comments?post=12623"}],"version-history":[{"count":1,"href":"https:\/\/estadocomarte.pt\/site\/wp-json\/wp\/v2\/posts\/12623\/revisions"}],"predecessor-version":[{"id":12627,"href":"https:\/\/estadocomarte.pt\/site\/wp-json\/wp\/v2\/posts\/12623\/revisions\/12627"}],"wp:featuredmedia":[{"embeddable":true,"href":"https:\/\/estadocomarte.pt\/site\/wp-json\/wp\/v2\/media\/2202"}],"wp:attachment":[{"href":"https:\/\/estadocomarte.pt\/site\/wp-json\/wp\/v2\/media?parent=12623"}],"wp:term":[{"taxonomy":"category","embeddable":true,"href":"https:\/\/estadocomarte.pt\/site\/wp-json\/wp\/v2\/categories?post=12623"},{"taxonomy":"post_tag","embeddable":true,"href":"https:\/\/estadocomarte.pt\/site\/wp-json\/wp\/v2\/tags?post=12623"}],"curies":[{"name":"wp","href":"https:\/\/api.w.org\/{rel}","templated":true}]}}