{"id":13219,"date":"2026-08-30T14:43:43","date_gmt":"2026-08-30T14:43:43","guid":{"rendered":"https:\/\/estadocomarte.pt\/site\/?p=13219"},"modified":"2026-08-30T14:57:23","modified_gmt":"2026-08-30T14:57:23","slug":"palacio-das-rainhas-revela-o-poder-das-governadoras-de-sintra-durante-seculos","status":"publish","type":"post","link":"https:\/\/estadocomarte.pt\/site\/2026\/08\/30\/palacio-das-rainhas-revela-o-poder-das-governadoras-de-sintra-durante-seculos\/","title":{"rendered":"\u201cPAL\u00c1CIO DAS RAINHAS\u201d REVELA O PODER DAS  GOVERNADORAS DE SINTRA DURANTE S\u00c9CULOS"},"content":{"rendered":"<p><strong>O novo projeto museogr\u00e1fico do Pal\u00e1cio Nacional de Sintra recupera uma dimens\u00e3o pouco conhecida da hist\u00f3ria portuguesa: durante s\u00e9culos, as rainhas foram senhoras de Sintra, administraram o territ\u00f3rio, receberam rendimentos, celebraram contratos e exerceram justi\u00e7a. A renova\u00e7\u00e3o museogr\u00e1fica d\u00e1 continuidade \u00e0 transforma\u00e7\u00e3o do modelo de visita iniciada pela Parques de Sintra no Pal\u00e1cio Nacional da Pena.<\/strong><\/p>\n<p>Durante s\u00e9culos, Sintra foi terra de rainhas. N\u00e3o apenas porque aqui viveram algumas das mulheres mais importantes da hist\u00f3ria de Portugal, mas porque a vila, o seu territ\u00f3rio e o Pa\u00e7o estiveram efetivamente sob a sua administra\u00e7\u00e3o. D. Isabel de Arag\u00e3o, D. Filipa de Lencastre, D. Catarina de \u00c1ustria, D. Lu\u00edsa de Gusm\u00e3o, D. Maria I e D. Maria Pia constituem os principais fios condutores de uma narrativa que atravessa diferentes per\u00edodos da monarquia portuguesa e revela distintas formas de exercer influ\u00eancia, poder e representa\u00e7\u00e3o.<\/p>\n<p>Esta dimens\u00e3o de poder, autonomia e interven\u00e7\u00e3o pol\u00edtica permaneceu, por\u00e9m, muito menos vis\u00edvel do que a presen\u00e7a dos reis na narrativa hist\u00f3rica do monumento.<\/p>\n<p>&#8220;Durante demasiado tempo, olh\u00e1mos para a hist\u00f3ria dos pal\u00e1cios sobretudo atrav\u00e9s dos reis. Mas Sintra conta-nos uma hist\u00f3ria muito mais complexa. Durante s\u00e9culos, as rainhas tiveram aqui poder efetivo, administraram um territ\u00f3rio, geriram patrim\u00f3nio e rendimentos e exerceram justi\u00e7a. O &#8216;Pal\u00e1cio das Rainhas&#8217; n\u00e3o procura acrescentar uma hist\u00f3ria paralela \u00e0 Hist\u00f3ria, procura tornar vis\u00edvel uma parte da Hist\u00f3ria que sempre esteve aqui&#8221;, afirma Jo\u00e3o Sousa Rego, Presidente do Conselho de Administra\u00e7\u00e3o da Parques de Sintra.<\/p>\n<p>Esta \u00e9\u00a0 a hist\u00f3ria que o &#8220;Pal\u00e1cio das Rainhas&#8221;, novo projeto museogr\u00e1fico do Pal\u00e1cio Nacional de Sintra, revela agora aos visitantes.<\/p>\n<p>Resultado de um amplo trabalho de investiga\u00e7\u00e3o desenvolvido pela Parques de Sintra, o projeto recupera o papel desempenhado pelas rainhas na administra\u00e7\u00e3o de Sintra e aproxima o p\u00fablico das suas vidas, dos seus espa\u00e7os privados e do quotidiano de uma corte que habitou o Pal\u00e1cio durante s\u00e9culos.<\/p>\n<p><strong>Sintra, terra das Rainhas<\/strong><\/p>\n<p><img fetchpriority=\"high\" decoding=\"async\" class=\"alignnone size-medium wp-image-13223\" src=\"https:\/\/estadocomarte.pt\/site\/wp-content\/uploads\/2026\/08\/palaCC81ciodapenaemsintra-1-300x200.jpg\" alt=\"\" width=\"300\" height=\"200\" srcset=\"https:\/\/estadocomarte.pt\/site\/wp-content\/uploads\/2026\/08\/palaCC81ciodapenaemsintra-1-300x200.jpg 300w, https:\/\/estadocomarte.pt\/site\/wp-content\/uploads\/2026\/08\/palaCC81ciodapenaemsintra-1.jpg 640w\" sizes=\"(max-width: 300px) 100vw, 300px\" \/><\/p>\n<p>A partir do s\u00e9culo XIII, Sintra passou a integrar o conjunto de bens e territ\u00f3rios entregues pelos reis de Portugal \u00e0s suas consortes, permitindo-lhes obter rendimentos pr\u00f3prios e manter as estruturas necess\u00e1rias ao funcionamento da sua Casa.<\/p>\n<p>Era a chamada Casa das Rainhas. As rainhas eram senhoras do territ\u00f3rio e o Pa\u00e7o de Sintra assumia uma posi\u00e7\u00e3o central na sua administra\u00e7\u00e3o. Aqui recebiam os seus oficiais, beneficiavam das rendas e tributos do territ\u00f3rio, confirmavam contratos atrav\u00e9s dos tabeli\u00e3es da sua Casa e exerciam justi\u00e7a, dispondo de uma margem de autonomia significativa face ao rei.<\/p>\n<p>Esta realidade contraria a imagem, durante muito tempo dominante, da rainha enquanto figura essencialmente cerimonial ou limitada \u00e0 esfera familiar da corte.<\/p>\n<p>O novo projeto museogr\u00e1fico transforma esta investiga\u00e7\u00e3o hist\u00f3rica numa experi\u00eancia acess\u00edvel ao p\u00fablico, mostrando simultaneamente o exerc\u00edcio do poder e a dimens\u00e3o privada da vida destas mulheres.<\/p>\n<p><strong>Das Rainhas que governavam \u00e0s mulheres que habitavam o Pal\u00e1cio<\/strong><\/p>\n<p>Entre o per\u00edodo medieval e o s\u00e9culo XVIII, a rainha, as damas e outras mulheres da sua Casa ocupavam alguns dos espa\u00e7os mais protegidos e reservados do Pa\u00e7o.<\/p>\n<p>Os aposentos eram simultaneamente lugares de intimidade, conv\u00edvio e aprendizagem. Jovens nobres aprendiam neste contexto a administrar propriedades, apoiar institui\u00e7\u00f5es religiosas e servir os interesses da Coroa. Lia-se, rezava-se, bordava-se, preparavam-se enxovais e transmitiam-se conhecimentos, comportamentos e c\u00f3digos essenciais \u00e0 vida da corte.<\/p>\n<p>&#8220;A nova museografia n\u00e3o procura recriar artificialmente ambientes para os quais n\u00e3o existe informa\u00e7\u00e3o hist\u00f3rica suficiente. Parte antes das fontes documentais e iconogr\u00e1ficas existentes e recorre a objetos, conte\u00fados audiovisuais e outros recursos interpretativos para aproximar os visitantes das pessoas e das pr\u00e1ticas que marcaram estes espa\u00e7os.&#8221;, da conta o Pal\u00e1cio Nacional de Sintra.<\/p>\n<p>O projeto conta tamb\u00e9m com reconstitui\u00e7\u00f5es hist\u00f3ricas de trajes cedidos pelo Museu Nacional do Traje.<\/p>\n<p>Na Botica da Rainha, que estar\u00e1 brevemente dispon\u00edvel ao p\u00fablico, o visitante poder\u00e1 entrar no universo da sa\u00fade e da medicina da corte no s\u00e9culo XVI. C\u00e2nfora, \u00e2mbar, alm\u00edscar ou benjoim, provenientes de diferentes partes do mundo, encontravam-se entre os ingredientes utilizados pelos botic\u00e1rios e pelas damas do pa\u00e7o para preparar conservas, unguentos e outros preparados terap\u00eauticos, num tempo em que conhecimento m\u00e9dico, religi\u00e3o, supersti\u00e7\u00e3o e cren\u00e7a em amuletos conviviam lado a lado.<\/p>\n<p><strong>D. Maria Pia e os \u00faltimos anos da monarquia<\/strong><\/p>\n<p>O projeto estende esta narrativa at\u00e9 aos derradeiros tempos da monarquia portuguesa atrav\u00e9s da Resid\u00eancia da Rainha D. Maria Pia, a \u00faltima rainha a habitar o Pal\u00e1cio Nacional de Sintra.<\/p>\n<p>Depois de um per\u00edodo de encerramento para trabalhos de conserva\u00e7\u00e3o e remusealiza\u00e7\u00e3o, estes espa\u00e7os regressam ao circuito de visita com novos conte\u00fados interpretativos, permitindo conhecer a dimens\u00e3o mais privada de D. Maria Pia e compreender o seu lugar nos anos particularmente conturbados que antecederam o fim da monarquia, em 1910.<\/p>\n<p>Deste modo, o &#8220;Pal\u00e1cio das Rainhas&#8221; estabelece uma ponte entre duas realidades separadas por v\u00e1rios s\u00e9culos: das rainhas que administraram Sintra enquanto senhoras da Casa das Rainhas \u00e0s \u00faltimas mulheres da fam\u00edlia real que fizeram do Pal\u00e1cio uma resid\u00eancia.<\/p>\n<p><strong>Depois da Pena, uma nova forma de contar os monumentos de Sintra<\/strong><\/p>\n<p>A transforma\u00e7\u00e3o do Pal\u00e1cio Nacional de Sintra integra uma estrat\u00e9gia mais ampla da Parques de Sintra para qualificar a experi\u00eancia de visita aos monumentos sob sua gest\u00e3o.<\/p>\n<p>&#8220;Na Pena demos um passo importante ao deixar de oferecer apenas uma \u00fanica experi\u00eancia. Partimos da investiga\u00e7\u00e3o e da autenticidade do monumento para criar diferentes formas de o conhecer e compreender. O &#8216;Pal\u00e1cio das Rainhas&#8217; aprofunda esse caminho. Queremos que cada monumento revele aquilo que o torna verdadeiramente singular e que cada visitante possa escolher at\u00e9 onde quer aprofundar essa descoberta&#8221;, sublinha Jo\u00e3o Sousa Rego.<\/p>\n<p>O projeto d\u00e1 continuidade ao novo modelo implementado este ano no Pal\u00e1cio Nacional da Pena, onde a investiga\u00e7\u00e3o hist\u00f3rica, o restauro e a revis\u00e3o museogr\u00e1fica dos Aposentos Privados no antigo mosteiro permitiram recuperar a autenticidade dos espa\u00e7os e criar diferentes experi\u00eancias de visita, adaptadas ao interesse, ao tempo dispon\u00edvel e ao n\u00edvel de aprofundamento procurado por cada visitante.<\/p>\n<p>No Pal\u00e1cio Nacional de Sintra, essa abordagem ganha uma nova express\u00e3o: partir da investiga\u00e7\u00e3o para revelar hist\u00f3rias menos conhecidas, recuperar espa\u00e7os e conte\u00fados, diversificar as formas de acesso ao monumento e transformar a visita numa experi\u00eancia de compreens\u00e3o e descoberta.<\/p>\n<p>Esta orienta\u00e7\u00e3o integra o atual ciclo de desenvolvimento da Parques de Sintra, que aposta na conserva\u00e7\u00e3o e valoriza\u00e7\u00e3o do patrim\u00f3nio, na investiga\u00e7\u00e3o, na qualifica\u00e7\u00e3o dos equipamentos e conte\u00fados de visita e numa oferta cultural e tur\u00edstica diferenciadora e sustent\u00e1vel.<\/p>\n<p>O objetivo \u00e9 ultrapassar progressivamente uma l\u00f3gica de visita centrada apenas na contempla\u00e7\u00e3o dos espa\u00e7os, criando condi\u00e7\u00f5es para que os visitantes compreendam quem os construiu, quem os habitou, o que ali aconteceu e de que forma esses lugares se relacionam com a hist\u00f3ria de Portugal.<\/p>\n<p><strong>Um Pal\u00e1cio com novas hist\u00f3rias para descobrir<\/strong><\/p>\n<p>A renova\u00e7\u00e3o museogr\u00e1fica estende-se a outros pontos do percurso do Pal\u00e1cio Nacional de Sintra.<\/p>\n<p>A Sala do Tesouro passa, pela primeira vez, a integrar o percurso expositivo, permitindo compreender a figura do almoxarife e as importantes fun\u00e7\u00f5es administrativas que desempenhava.<\/p>\n<p>Na Sala das Pegas, antigo espa\u00e7o de audi\u00eancias r\u00e9gias, encontra-se agora uma r\u00e9plica da denominada Cadeira de Estado de D. Afonso V, cujo original, datado do s\u00e9culo XVI, pertence \u00e0s cole\u00e7\u00f5es do Museu Nacional de Arte Antiga.<\/p>\n<p>Na C\u00e2mara do Ouro, muito utilizada por D. Sebasti\u00e3o, um pequeno filme protagonizado pelo ator Vicente Gil aproxima os visitantes da figura de &#8220;O Desejado&#8221;.<\/p>\n<p>Tamb\u00e9m a Cozinha ganha uma nova dimens\u00e3o sensorial. Aromas de especiarias, frutos e vegetais e a evoca\u00e7\u00e3o do p\u00e3o acabado de preparar ajudam a interpretar um espa\u00e7o onde a escala arquitet\u00f3nica das c\u00e9lebres chamin\u00e9s encontra agora a dimens\u00e3o humana das pessoas que ali trabalharam.<\/p>\n<p>A renova\u00e7\u00e3o faz parte de um projeto global de interpreta\u00e7\u00e3o do Pal\u00e1cio Nacional de Sintra que procura revelar as diferentes camadas hist\u00f3ricas, personagens e viv\u00eancias acumuladas ao longo de cerca de mil anos de exist\u00eancia.<\/p>\n","protected":false},"excerpt":{"rendered":"<p>Estado com Arte Magazine<\/p>\n","protected":false},"author":1,"featured_media":13222,"comment_status":"open","ping_status":"open","sticky":false,"template":"","format":"standard","meta":{"site-sidebar-layout":"default","site-content-layout":"default","ast-global-header-display":"","ast-banner-title-visibility":"","ast-main-header-display":"","ast-hfb-above-header-display":"","ast-hfb-below-header-display":"","ast-hfb-mobile-header-display":"","site-post-title":"","ast-breadcrumbs-content":"","ast-featured-img":"","footer-sml-layout":"","theme-transparent-header-meta":"default","adv-header-id-meta":"","stick-header-meta":"","header-above-stick-meta":"","header-main-stick-meta":"","header-below-stick-meta":"","footnotes":""},"categories":[7,64],"tags":[2688,2687],"class_list":["post-13219","post","type-post","status-publish","format-standard","has-post-thumbnail","hentry","category-cultura","category-isto-para-nos","tag-palacio-nacional-da-pena","tag-parques-de-sintra"],"yoast_head":"<!-- This site is optimized with the Yoast SEO plugin v25.1 - https:\/\/yoast.com\/wordpress\/plugins\/seo\/ -->\n<title>\u201cPAL\u00c1CIO DAS RAINHAS\u201d REVELA O PODER DAS GOVERNADORAS DE SINTRA DURANTE S\u00c9CULOS - Estado com Arte<\/title>\n<meta name=\"robots\" content=\"index, follow, max-snippet:-1, max-image-preview:large, max-video-preview:-1\" \/>\n<link rel=\"canonical\" href=\"https:\/\/estadocomarte.pt\/site\/2026\/08\/30\/palacio-das-rainhas-revela-o-poder-das-governadoras-de-sintra-durante-seculos\/\" \/>\n<meta property=\"og:locale\" content=\"pt_PT\" \/>\n<meta property=\"og:type\" content=\"article\" \/>\n<meta property=\"og:title\" content=\"\u201cPAL\u00c1CIO DAS RAINHAS\u201d REVELA O PODER DAS GOVERNADORAS DE SINTRA DURANTE S\u00c9CULOS - Estado com Arte\" \/>\n<meta property=\"og:description\" content=\"Estado com Arte Magazine\" \/>\n<meta property=\"og:url\" content=\"https:\/\/estadocomarte.pt\/site\/2026\/08\/30\/palacio-das-rainhas-revela-o-poder-das-governadoras-de-sintra-durante-seculos\/\" \/>\n<meta property=\"og:site_name\" content=\"Estado com Arte\" \/>\n<meta property=\"article:published_time\" content=\"2026-08-30T14:43:43+00:00\" \/>\n<meta property=\"article:modified_time\" content=\"2026-08-30T14:57:23+00:00\" \/>\n<meta property=\"og:image\" content=\"https:\/\/estadocomarte.pt\/site\/wp-content\/uploads\/2026\/08\/palaCC81ciodapenaemsintra.jpg\" \/>\n\t<meta property=\"og:image:width\" content=\"640\" \/>\n\t<meta property=\"og:image:height\" content=\"427\" \/>\n\t<meta property=\"og:image:type\" content=\"image\/jpeg\" \/>\n<meta name=\"author\" content=\"admin\" \/>\n<meta name=\"twitter:card\" content=\"summary_large_image\" \/>\n<meta name=\"twitter:label1\" content=\"Escrito por\" \/>\n\t<meta name=\"twitter:data1\" content=\"admin\" \/>\n\t<meta name=\"twitter:label2\" content=\"Tempo estimado de leitura\" \/>\n\t<meta name=\"twitter:data2\" content=\"8 minutos\" \/>\n<script type=\"application\/ld+json\" class=\"yoast-schema-graph\">{\"@context\":\"https:\/\/schema.org\",\"@graph\":[{\"@type\":\"Article\",\"@id\":\"https:\/\/estadocomarte.pt\/site\/2026\/08\/30\/palacio-das-rainhas-revela-o-poder-das-governadoras-de-sintra-durante-seculos\/#article\",\"isPartOf\":{\"@id\":\"https:\/\/estadocomarte.pt\/site\/2026\/08\/30\/palacio-das-rainhas-revela-o-poder-das-governadoras-de-sintra-durante-seculos\/\"},\"author\":{\"name\":\"admin\",\"@id\":\"https:\/\/estadocomarte.pt\/site\/#\/schema\/person\/c0943a071216c1e5b21f85304151e4ba\"},\"headline\":\"\u201cPAL\u00c1CIO DAS RAINHAS\u201d REVELA O PODER DAS GOVERNADORAS DE SINTRA DURANTE S\u00c9CULOS\",\"datePublished\":\"2026-08-30T14:43:43+00:00\",\"dateModified\":\"2026-08-30T14:57:23+00:00\",\"mainEntityOfPage\":{\"@id\":\"https:\/\/estadocomarte.pt\/site\/2026\/08\/30\/palacio-das-rainhas-revela-o-poder-das-governadoras-de-sintra-durante-seculos\/\"},\"wordCount\":1481,\"commentCount\":0,\"publisher\":{\"@id\":\"https:\/\/estadocomarte.pt\/site\/#organization\"},\"image\":{\"@id\":\"https:\/\/estadocomarte.pt\/site\/2026\/08\/30\/palacio-das-rainhas-revela-o-poder-das-governadoras-de-sintra-durante-seculos\/#primaryimage\"},\"thumbnailUrl\":\"https:\/\/estadocomarte.pt\/site\/wp-content\/uploads\/2026\/08\/palaCC81ciodapenaemsintra.jpg\",\"keywords\":[\"Pal\u00e1cio Nacional da Pena\",\"Parques de Sintra\"],\"articleSection\":[\"Cultura\",\"Isto Para N\u00f3s\"],\"inLanguage\":\"pt-PT\",\"potentialAction\":[{\"@type\":\"CommentAction\",\"name\":\"Comment\",\"target\":[\"https:\/\/estadocomarte.pt\/site\/2026\/08\/30\/palacio-das-rainhas-revela-o-poder-das-governadoras-de-sintra-durante-seculos\/#respond\"]}]},{\"@type\":\"WebPage\",\"@id\":\"https:\/\/estadocomarte.pt\/site\/2026\/08\/30\/palacio-das-rainhas-revela-o-poder-das-governadoras-de-sintra-durante-seculos\/\",\"url\":\"https:\/\/estadocomarte.pt\/site\/2026\/08\/30\/palacio-das-rainhas-revela-o-poder-das-governadoras-de-sintra-durante-seculos\/\",\"name\":\"\u201cPAL\u00c1CIO DAS RAINHAS\u201d REVELA O PODER DAS GOVERNADORAS DE SINTRA DURANTE S\u00c9CULOS - Estado com Arte\",\"isPartOf\":{\"@id\":\"https:\/\/estadocomarte.pt\/site\/#website\"},\"primaryImageOfPage\":{\"@id\":\"https:\/\/estadocomarte.pt\/site\/2026\/08\/30\/palacio-das-rainhas-revela-o-poder-das-governadoras-de-sintra-durante-seculos\/#primaryimage\"},\"image\":{\"@id\":\"https:\/\/estadocomarte.pt\/site\/2026\/08\/30\/palacio-das-rainhas-revela-o-poder-das-governadoras-de-sintra-durante-seculos\/#primaryimage\"},\"thumbnailUrl\":\"https:\/\/estadocomarte.pt\/site\/wp-content\/uploads\/2026\/08\/palaCC81ciodapenaemsintra.jpg\",\"datePublished\":\"2026-08-30T14:43:43+00:00\",\"dateModified\":\"2026-08-30T14:57:23+00:00\",\"breadcrumb\":{\"@id\":\"https:\/\/estadocomarte.pt\/site\/2026\/08\/30\/palacio-das-rainhas-revela-o-poder-das-governadoras-de-sintra-durante-seculos\/#breadcrumb\"},\"inLanguage\":\"pt-PT\",\"potentialAction\":[{\"@type\":\"ReadAction\",\"target\":[\"https:\/\/estadocomarte.pt\/site\/2026\/08\/30\/palacio-das-rainhas-revela-o-poder-das-governadoras-de-sintra-durante-seculos\/\"]}]},{\"@type\":\"ImageObject\",\"inLanguage\":\"pt-PT\",\"@id\":\"https:\/\/estadocomarte.pt\/site\/2026\/08\/30\/palacio-das-rainhas-revela-o-poder-das-governadoras-de-sintra-durante-seculos\/#primaryimage\",\"url\":\"https:\/\/estadocomarte.pt\/site\/wp-content\/uploads\/2026\/08\/palaCC81ciodapenaemsintra.jpg\",\"contentUrl\":\"https:\/\/estadocomarte.pt\/site\/wp-content\/uploads\/2026\/08\/palaCC81ciodapenaemsintra.jpg\",\"width\":640,\"height\":427},{\"@type\":\"BreadcrumbList\",\"@id\":\"https:\/\/estadocomarte.pt\/site\/2026\/08\/30\/palacio-das-rainhas-revela-o-poder-das-governadoras-de-sintra-durante-seculos\/#breadcrumb\",\"itemListElement\":[{\"@type\":\"ListItem\",\"position\":1,\"name\":\"In\u00edcio\",\"item\":\"https:\/\/estadocomarte.pt\/site\/\"},{\"@type\":\"ListItem\",\"position\":2,\"name\":\"\u201cPAL\u00c1CIO DAS RAINHAS\u201d REVELA O PODER DAS GOVERNADORAS DE SINTRA DURANTE S\u00c9CULOS\"}]},{\"@type\":\"WebSite\",\"@id\":\"https:\/\/estadocomarte.pt\/site\/#website\",\"url\":\"https:\/\/estadocomarte.pt\/site\/\",\"name\":\"Estado com Arte Magazine\",\"description\":\"Magazine\",\"publisher\":{\"@id\":\"https:\/\/estadocomarte.pt\/site\/#organization\"},\"alternateName\":\"Magazine semanal sobre pol\u00edtica e cultura, com autores, opini\u00e3o e cr\u00edticas.\",\"potentialAction\":[{\"@type\":\"SearchAction\",\"target\":{\"@type\":\"EntryPoint\",\"urlTemplate\":\"https:\/\/estadocomarte.pt\/site\/?s={search_term_string}\"},\"query-input\":{\"@type\":\"PropertyValueSpecification\",\"valueRequired\":true,\"valueName\":\"search_term_string\"}}],\"inLanguage\":\"pt-PT\"},{\"@type\":\"Organization\",\"@id\":\"https:\/\/estadocomarte.pt\/site\/#organization\",\"name\":\"Estado com Arte Magazine\",\"alternateName\":\"Magazine semanal sobre pol\u00edtica e cultura, com autores, opini\u00e3o e cr\u00edticas.\",\"url\":\"https:\/\/estadocomarte.pt\/site\/\",\"logo\":{\"@type\":\"ImageObject\",\"inLanguage\":\"pt-PT\",\"@id\":\"https:\/\/estadocomarte.pt\/site\/#\/schema\/logo\/image\/\",\"url\":\"https:\/\/estadocomarte.pt\/site\/wp-content\/uploads\/2023\/06\/cropped-cropped-Prancheta-2@2x-100.jpg\",\"contentUrl\":\"https:\/\/estadocomarte.pt\/site\/wp-content\/uploads\/2023\/06\/cropped-cropped-Prancheta-2@2x-100.jpg\",\"width\":1777,\"height\":592,\"caption\":\"Estado com Arte Magazine\"},\"image\":{\"@id\":\"https:\/\/estadocomarte.pt\/site\/#\/schema\/logo\/image\/\"},\"sameAs\":[\"https:\/\/www.instagram.com\/estadocomartemagazine\"]},{\"@type\":\"Person\",\"@id\":\"https:\/\/estadocomarte.pt\/site\/#\/schema\/person\/c0943a071216c1e5b21f85304151e4ba\",\"name\":\"admin\",\"image\":{\"@type\":\"ImageObject\",\"inLanguage\":\"pt-PT\",\"@id\":\"https:\/\/estadocomarte.pt\/site\/#\/schema\/person\/image\/\",\"url\":\"https:\/\/secure.gravatar.com\/avatar\/e6f378fd6914c8505d3e1d40f51fa953b21bab0f3a5658a33bc84cb5bda780f9?s=96&d=mm&r=g\",\"contentUrl\":\"https:\/\/secure.gravatar.com\/avatar\/e6f378fd6914c8505d3e1d40f51fa953b21bab0f3a5658a33bc84cb5bda780f9?s=96&d=mm&r=g\",\"caption\":\"admin\"},\"sameAs\":[\"https:\/\/estadocomarte.pt\/site\"],\"url\":\"https:\/\/estadocomarte.pt\/site\/author\/admin\/\"}]}<\/script>\n<!-- \/ Yoast SEO plugin. -->","yoast_head_json":{"title":"\u201cPAL\u00c1CIO DAS RAINHAS\u201d REVELA O PODER DAS GOVERNADORAS DE SINTRA DURANTE S\u00c9CULOS - Estado com Arte","robots":{"index":"index","follow":"follow","max-snippet":"max-snippet:-1","max-image-preview":"max-image-preview:large","max-video-preview":"max-video-preview:-1"},"canonical":"https:\/\/estadocomarte.pt\/site\/2026\/08\/30\/palacio-das-rainhas-revela-o-poder-das-governadoras-de-sintra-durante-seculos\/","og_locale":"pt_PT","og_type":"article","og_title":"\u201cPAL\u00c1CIO DAS RAINHAS\u201d REVELA O PODER DAS GOVERNADORAS DE SINTRA DURANTE S\u00c9CULOS - Estado com Arte","og_description":"Estado com Arte Magazine","og_url":"https:\/\/estadocomarte.pt\/site\/2026\/08\/30\/palacio-das-rainhas-revela-o-poder-das-governadoras-de-sintra-durante-seculos\/","og_site_name":"Estado com Arte","article_published_time":"2026-08-30T14:43:43+00:00","article_modified_time":"2026-08-30T14:57:23+00:00","og_image":[{"width":640,"height":427,"url":"https:\/\/estadocomarte.pt\/site\/wp-content\/uploads\/2026\/08\/palaCC81ciodapenaemsintra.jpg","type":"image\/jpeg"}],"author":"admin","twitter_card":"summary_large_image","twitter_misc":{"Escrito por":"admin","Tempo estimado de leitura":"8 minutos"},"schema":{"@context":"https:\/\/schema.org","@graph":[{"@type":"Article","@id":"https:\/\/estadocomarte.pt\/site\/2026\/08\/30\/palacio-das-rainhas-revela-o-poder-das-governadoras-de-sintra-durante-seculos\/#article","isPartOf":{"@id":"https:\/\/estadocomarte.pt\/site\/2026\/08\/30\/palacio-das-rainhas-revela-o-poder-das-governadoras-de-sintra-durante-seculos\/"},"author":{"name":"admin","@id":"https:\/\/estadocomarte.pt\/site\/#\/schema\/person\/c0943a071216c1e5b21f85304151e4ba"},"headline":"\u201cPAL\u00c1CIO DAS RAINHAS\u201d REVELA O PODER DAS GOVERNADORAS DE SINTRA DURANTE S\u00c9CULOS","datePublished":"2026-08-30T14:43:43+00:00","dateModified":"2026-08-30T14:57:23+00:00","mainEntityOfPage":{"@id":"https:\/\/estadocomarte.pt\/site\/2026\/08\/30\/palacio-das-rainhas-revela-o-poder-das-governadoras-de-sintra-durante-seculos\/"},"wordCount":1481,"commentCount":0,"publisher":{"@id":"https:\/\/estadocomarte.pt\/site\/#organization"},"image":{"@id":"https:\/\/estadocomarte.pt\/site\/2026\/08\/30\/palacio-das-rainhas-revela-o-poder-das-governadoras-de-sintra-durante-seculos\/#primaryimage"},"thumbnailUrl":"https:\/\/estadocomarte.pt\/site\/wp-content\/uploads\/2026\/08\/palaCC81ciodapenaemsintra.jpg","keywords":["Pal\u00e1cio Nacional da Pena","Parques de Sintra"],"articleSection":["Cultura","Isto Para N\u00f3s"],"inLanguage":"pt-PT","potentialAction":[{"@type":"CommentAction","name":"Comment","target":["https:\/\/estadocomarte.pt\/site\/2026\/08\/30\/palacio-das-rainhas-revela-o-poder-das-governadoras-de-sintra-durante-seculos\/#respond"]}]},{"@type":"WebPage","@id":"https:\/\/estadocomarte.pt\/site\/2026\/08\/30\/palacio-das-rainhas-revela-o-poder-das-governadoras-de-sintra-durante-seculos\/","url":"https:\/\/estadocomarte.pt\/site\/2026\/08\/30\/palacio-das-rainhas-revela-o-poder-das-governadoras-de-sintra-durante-seculos\/","name":"\u201cPAL\u00c1CIO DAS RAINHAS\u201d REVELA O PODER DAS GOVERNADORAS DE SINTRA DURANTE S\u00c9CULOS - Estado com Arte","isPartOf":{"@id":"https:\/\/estadocomarte.pt\/site\/#website"},"primaryImageOfPage":{"@id":"https:\/\/estadocomarte.pt\/site\/2026\/08\/30\/palacio-das-rainhas-revela-o-poder-das-governadoras-de-sintra-durante-seculos\/#primaryimage"},"image":{"@id":"https:\/\/estadocomarte.pt\/site\/2026\/08\/30\/palacio-das-rainhas-revela-o-poder-das-governadoras-de-sintra-durante-seculos\/#primaryimage"},"thumbnailUrl":"https:\/\/estadocomarte.pt\/site\/wp-content\/uploads\/2026\/08\/palaCC81ciodapenaemsintra.jpg","datePublished":"2026-08-30T14:43:43+00:00","dateModified":"2026-08-30T14:57:23+00:00","breadcrumb":{"@id":"https:\/\/estadocomarte.pt\/site\/2026\/08\/30\/palacio-das-rainhas-revela-o-poder-das-governadoras-de-sintra-durante-seculos\/#breadcrumb"},"inLanguage":"pt-PT","potentialAction":[{"@type":"ReadAction","target":["https:\/\/estadocomarte.pt\/site\/2026\/08\/30\/palacio-das-rainhas-revela-o-poder-das-governadoras-de-sintra-durante-seculos\/"]}]},{"@type":"ImageObject","inLanguage":"pt-PT","@id":"https:\/\/estadocomarte.pt\/site\/2026\/08\/30\/palacio-das-rainhas-revela-o-poder-das-governadoras-de-sintra-durante-seculos\/#primaryimage","url":"https:\/\/estadocomarte.pt\/site\/wp-content\/uploads\/2026\/08\/palaCC81ciodapenaemsintra.jpg","contentUrl":"https:\/\/estadocomarte.pt\/site\/wp-content\/uploads\/2026\/08\/palaCC81ciodapenaemsintra.jpg","width":640,"height":427},{"@type":"BreadcrumbList","@id":"https:\/\/estadocomarte.pt\/site\/2026\/08\/30\/palacio-das-rainhas-revela-o-poder-das-governadoras-de-sintra-durante-seculos\/#breadcrumb","itemListElement":[{"@type":"ListItem","position":1,"name":"In\u00edcio","item":"https:\/\/estadocomarte.pt\/site\/"},{"@type":"ListItem","position":2,"name":"\u201cPAL\u00c1CIO DAS RAINHAS\u201d REVELA O PODER DAS GOVERNADORAS DE SINTRA DURANTE S\u00c9CULOS"}]},{"@type":"WebSite","@id":"https:\/\/estadocomarte.pt\/site\/#website","url":"https:\/\/estadocomarte.pt\/site\/","name":"Estado com Arte Magazine","description":"Magazine","publisher":{"@id":"https:\/\/estadocomarte.pt\/site\/#organization"},"alternateName":"Magazine semanal sobre pol\u00edtica e cultura, com autores, opini\u00e3o e cr\u00edticas.","potentialAction":[{"@type":"SearchAction","target":{"@type":"EntryPoint","urlTemplate":"https:\/\/estadocomarte.pt\/site\/?s={search_term_string}"},"query-input":{"@type":"PropertyValueSpecification","valueRequired":true,"valueName":"search_term_string"}}],"inLanguage":"pt-PT"},{"@type":"Organization","@id":"https:\/\/estadocomarte.pt\/site\/#organization","name":"Estado com Arte Magazine","alternateName":"Magazine semanal sobre pol\u00edtica e cultura, com autores, opini\u00e3o e cr\u00edticas.","url":"https:\/\/estadocomarte.pt\/site\/","logo":{"@type":"ImageObject","inLanguage":"pt-PT","@id":"https:\/\/estadocomarte.pt\/site\/#\/schema\/logo\/image\/","url":"https:\/\/estadocomarte.pt\/site\/wp-content\/uploads\/2023\/06\/cropped-cropped-Prancheta-2@2x-100.jpg","contentUrl":"https:\/\/estadocomarte.pt\/site\/wp-content\/uploads\/2023\/06\/cropped-cropped-Prancheta-2@2x-100.jpg","width":1777,"height":592,"caption":"Estado com Arte Magazine"},"image":{"@id":"https:\/\/estadocomarte.pt\/site\/#\/schema\/logo\/image\/"},"sameAs":["https:\/\/www.instagram.com\/estadocomartemagazine"]},{"@type":"Person","@id":"https:\/\/estadocomarte.pt\/site\/#\/schema\/person\/c0943a071216c1e5b21f85304151e4ba","name":"admin","image":{"@type":"ImageObject","inLanguage":"pt-PT","@id":"https:\/\/estadocomarte.pt\/site\/#\/schema\/person\/image\/","url":"https:\/\/secure.gravatar.com\/avatar\/e6f378fd6914c8505d3e1d40f51fa953b21bab0f3a5658a33bc84cb5bda780f9?s=96&d=mm&r=g","contentUrl":"https:\/\/secure.gravatar.com\/avatar\/e6f378fd6914c8505d3e1d40f51fa953b21bab0f3a5658a33bc84cb5bda780f9?s=96&d=mm&r=g","caption":"admin"},"sameAs":["https:\/\/estadocomarte.pt\/site"],"url":"https:\/\/estadocomarte.pt\/site\/author\/admin\/"}]}},"_links":{"self":[{"href":"https:\/\/estadocomarte.pt\/site\/wp-json\/wp\/v2\/posts\/13219","targetHints":{"allow":["GET"]}}],"collection":[{"href":"https:\/\/estadocomarte.pt\/site\/wp-json\/wp\/v2\/posts"}],"about":[{"href":"https:\/\/estadocomarte.pt\/site\/wp-json\/wp\/v2\/types\/post"}],"author":[{"embeddable":true,"href":"https:\/\/estadocomarte.pt\/site\/wp-json\/wp\/v2\/users\/1"}],"replies":[{"embeddable":true,"href":"https:\/\/estadocomarte.pt\/site\/wp-json\/wp\/v2\/comments?post=13219"}],"version-history":[{"count":5,"href":"https:\/\/estadocomarte.pt\/site\/wp-json\/wp\/v2\/posts\/13219\/revisions"}],"predecessor-version":[{"id":13228,"href":"https:\/\/estadocomarte.pt\/site\/wp-json\/wp\/v2\/posts\/13219\/revisions\/13228"}],"wp:featuredmedia":[{"embeddable":true,"href":"https:\/\/estadocomarte.pt\/site\/wp-json\/wp\/v2\/media\/13222"}],"wp:attachment":[{"href":"https:\/\/estadocomarte.pt\/site\/wp-json\/wp\/v2\/media?parent=13219"}],"wp:term":[{"taxonomy":"category","embeddable":true,"href":"https:\/\/estadocomarte.pt\/site\/wp-json\/wp\/v2\/categories?post=13219"},{"taxonomy":"post_tag","embeddable":true,"href":"https:\/\/estadocomarte.pt\/site\/wp-json\/wp\/v2\/tags?post=13219"}],"curies":[{"name":"wp","href":"https:\/\/api.w.org\/{rel}","templated":true}]}}