{"id":13229,"date":"2026-09-03T09:15:14","date_gmt":"2026-09-03T09:15:14","guid":{"rendered":"https:\/\/estadocomarte.pt\/site\/?p=13229"},"modified":"2026-09-03T09:48:31","modified_gmt":"2026-09-03T09:48:31","slug":"um-cadastrado-assumido-que-liquidou-montenegro","status":"publish","type":"post","link":"https:\/\/estadocomarte.pt\/site\/2026\/09\/03\/um-cadastrado-assumido-que-liquidou-montenegro\/","title":{"rendered":"UM CADASTRADO ASSUMIDO QUE LIQUIDOU MONTENEGRO"},"content":{"rendered":"<p><strong>J\u00e1 sab\u00edamos que a \u201cexemplar\u201d tarefa que a esquerda apregoava de Lu\u00eds Neves na PJ tinha passado por colaborar e branquear as atividades de imigrantes criminosos e agora fic\u00e1mos a saber que os elogios se ficaram a dever tamb\u00e9m \u00e0 sua colabora\u00e7\u00e3o e branqueamento de atos il\u00edcitos de dirigentes do PSD e do PS, que j\u00e1 n\u00e3o temos d\u00favidas que estar\u00e3o t\u00e3o amarrados a Lu\u00eds Neves como o PSD e por isso, com mais ou menos clareza o temem.<\/strong><\/p>\n<p>J\u00e1 n\u00e3o \u00e9 s\u00f3 o minist\u00e9rio da Administra\u00e7\u00e3o Interna que tem l\u00e1 um titular, Lu\u00eds Neves, mas n\u00e3o tem ministro, \u00e9 o governo de Portugal que ainda tem como titular Lu\u00eds Montenegro, mas n\u00e3o tem primeiro-ministro. Ele estava moribundo desde os epis\u00f3dios da Spinumviva, ele n\u00e3o governa desde a\u00ed, ele vegeta politicamente, limitando-se a gerir o dia a dia, com o caso do Lu\u00eds Neves, passou a ter de fazer a gest\u00e3o, desastrosa diga-se em abono da verdade, dessa bomba pol\u00edtica, da qual foge como o diabo da cruz, sendo \u00f3bvio o embara\u00e7o. E isto acontece porque \u00e9 cada vez mais evidente que a nomea\u00e7\u00e3o do antigo diretor da Pol\u00edcia Judici\u00e1ria para ministro, foi uma esp\u00e9cie de compensa\u00e7\u00e3o pelo fim da investiga\u00e7\u00e3o do, ou dos casos em que o pr\u00f3prio Montenegro est\u00e1 envolvido, porque n\u00e3o estivesse ele amarrado ao outro e j\u00e1 o teria demitido, tal a dimens\u00e3o que o caso tomou, \u00e0 medida que se v\u00e3o conhecendo todos os dias novos epis\u00f3dios de uma novela de ilegalidades protagonizadas por Lu\u00eds Neves.<\/p>\n<p>O problema \u00e9 que estamos a falar das tais situa\u00e7\u00f5es que se acontecessem com qualquer cidad\u00e3o, teria problemas com a justi\u00e7a e o comportamento de Neves \u00e9 de absoluta impunidade, chegando ao ponto de confirmar todas as irregularidades que cometeu, at\u00e9 porque elas est\u00e3o de tal forma provadas que n\u00e3o tem como desmentir, \u00e9, digamos que um cadastrado assumido, mas que se considera acima da lei e como tal afirma, com aquele ar de fanfarr\u00e3o par\u00f4lo, que \u201cnada o tira daquele lugar\u201d e isto s\u00f3 pode ser dito como um ato intencional de desafio a Montenegro, que n\u00e3o tenhamos d\u00favidas de que j\u00e1 o ter\u00e1 tentado convencer a demitir-se, a conversa correu mal e teve o seu ep\u00edlogo com este golpe de miseric\u00f3rdia, que politicamente mais n\u00e3o \u00e9 do que a certid\u00e3o de \u00f3bito de Montenegro, que n\u00e3o o pode demitir, por raz\u00f5es que s\u00f3 eles saber\u00e3o e certo \u00e9 que um dia, mais tarde ou mais cedo, acabar\u00e3o por vir a p\u00fablico e ficaremos a saber as teias que a corrup\u00e7\u00e3o tece em Portugal.<\/p>\n<p>J\u00e1 sab\u00edamos que a \u201cexemplar\u201d tarefa que a esquerda apregoava de Lu\u00eds Neves na PJ tinha passado por colaborar e branquear as atividades de imigrantes criminosos e agora fic\u00e1mos a saber que os elogios se ficaram a dever tamb\u00e9m \u00e0 sua colabora\u00e7\u00e3o e branqueamento de atos il\u00edcitos de dirigentes do PSD e do PS, que j\u00e1 n\u00e3o temos d\u00favidas que estar\u00e3o t\u00e3o amarrados a Lu\u00eds Neves como o PSD e por isso, com mais ou menos clareza o temem.<\/p>\n<p>Quando um charlat\u00e3o como Neves chega ao governo de Portugal e se apresenta ao pa\u00eds com a atitude arrogante e presun\u00e7osa com que ele se apresenta, estamos conversados sobre a qualidade dos nossos governantes e \u00e9 assim que se configura e mant\u00e9m o sistema de alta corrup\u00e7\u00e3o que nos governa h\u00e1 mais de cinquenta anos. Clinicamente, o comportamento de Lu\u00eds Neves chama-se TPN, Transtorno de Personalidade Narcisista e \u00e9 este narcisista incorrig\u00edvel que n\u00e3o s\u00f3 desafiou Lu\u00eds Montenegro e que o liquidou.<\/p>\n<p>Claro que deste epis\u00f3dio sai um \u00f3bvio vencedor que mais uma vez se chama Andr\u00e9 Ventura, mais inteligente e mais h\u00e1bil do que todos os outros juntos, apresenta uma \u201cmo\u00e7\u00e3o de censura\u201d que se sabe de antem\u00e3o que n\u00e3o vai ser aprovada, porque o PS j\u00e1 disse que \u201cn\u00e3o era por ele que haver\u00e1 uma crise pol\u00edtica\u201d, s\u00f3 n\u00e3o disse que \u00e9 precisamente por causa do PS que estamos h\u00e1 cinquenta anos em crise e l\u00e1 vai Montenegro continuar a arder, n\u00e3o em lume brando, mas em labaredas, \u00e9 Andr\u00e9 Ventura que mais uma vez marca a agenda pol\u00edtica e rende votos, porque \u00e9 o \u00fanico a protagonizar aquilo que todo o povo percebe e defende, inclusive comentadores de todos os espectros pol\u00edticos.<\/p>\n","protected":false},"excerpt":{"rendered":"<p>Rui Gon\u00e7alves,<br \/>\nArquitecto<\/p>\n","protected":false},"author":1,"featured_media":2202,"comment_status":"open","ping_status":"open","sticky":false,"template":"","format":"standard","meta":{"site-sidebar-layout":"default","site-content-layout":"default","ast-global-header-display":"","ast-banner-title-visibility":"","ast-main-header-display":"","ast-hfb-above-header-display":"","ast-hfb-below-header-display":"","ast-hfb-mobile-header-display":"","site-post-title":"","ast-breadcrumbs-content":"","ast-featured-img":"","footer-sml-layout":"","theme-transparent-header-meta":"default","adv-header-id-meta":"","stick-header-meta":"","header-above-stick-meta":"","header-main-stick-meta":"","header-below-stick-meta":"","footnotes":""},"categories":[11],"tags":[2513,2689,737,233],"class_list":["post-13229","post","type-post","status-publish","format-standard","has-post-thumbnail","hentry","category-opiniao","tag-arquitecto","tag-luis-neves","tag-montenegro","tag-rui-goncalves"],"yoast_head":"<!-- This site is optimized with the Yoast SEO plugin v25.1 - https:\/\/yoast.com\/wordpress\/plugins\/seo\/ -->\n<title>UM CADASTRADO ASSUMIDO QUE LIQUIDOU MONTENEGRO - Estado com Arte<\/title>\n<meta name=\"robots\" content=\"index, follow, max-snippet:-1, max-image-preview:large, max-video-preview:-1\" \/>\n<link rel=\"canonical\" href=\"https:\/\/estadocomarte.pt\/site\/2026\/09\/03\/um-cadastrado-assumido-que-liquidou-montenegro\/\" \/>\n<meta property=\"og:locale\" content=\"pt_PT\" \/>\n<meta property=\"og:type\" content=\"article\" \/>\n<meta property=\"og:title\" content=\"UM CADASTRADO ASSUMIDO QUE LIQUIDOU MONTENEGRO - Estado com Arte\" \/>\n<meta property=\"og:description\" content=\"Rui Gon\u00e7alves, Arquitecto\" \/>\n<meta property=\"og:url\" content=\"https:\/\/estadocomarte.pt\/site\/2026\/09\/03\/um-cadastrado-assumido-que-liquidou-montenegro\/\" \/>\n<meta property=\"og:site_name\" content=\"Estado com Arte\" \/>\n<meta property=\"article:published_time\" content=\"2026-09-03T09:15:14+00:00\" \/>\n<meta property=\"article:modified_time\" content=\"2026-09-03T09:48:31+00:00\" \/>\n<meta property=\"og:image\" content=\"https:\/\/estadocomarte.pt\/site\/wp-content\/uploads\/2023\/08\/Rui-Goncalves.jpg\" \/>\n\t<meta property=\"og:image:width\" content=\"536\" \/>\n\t<meta property=\"og:image:height\" content=\"632\" \/>\n\t<meta property=\"og:image:type\" content=\"image\/jpeg\" \/>\n<meta name=\"author\" content=\"admin\" \/>\n<meta name=\"twitter:card\" content=\"summary_large_image\" \/>\n<meta name=\"twitter:label1\" content=\"Escrito por\" \/>\n\t<meta name=\"twitter:data1\" content=\"admin\" \/>\n\t<meta name=\"twitter:label2\" content=\"Tempo estimado de leitura\" \/>\n\t<meta name=\"twitter:data2\" content=\"5 minutos\" \/>\n<script type=\"application\/ld+json\" class=\"yoast-schema-graph\">{\"@context\":\"https:\/\/schema.org\",\"@graph\":[{\"@type\":\"Article\",\"@id\":\"https:\/\/estadocomarte.pt\/site\/2026\/09\/03\/um-cadastrado-assumido-que-liquidou-montenegro\/#article\",\"isPartOf\":{\"@id\":\"https:\/\/estadocomarte.pt\/site\/2026\/09\/03\/um-cadastrado-assumido-que-liquidou-montenegro\/\"},\"author\":{\"name\":\"admin\",\"@id\":\"https:\/\/estadocomarte.pt\/site\/#\/schema\/person\/c0943a071216c1e5b21f85304151e4ba\"},\"headline\":\"UM CADASTRADO ASSUMIDO QUE LIQUIDOU MONTENEGRO\",\"datePublished\":\"2026-09-03T09:15:14+00:00\",\"dateModified\":\"2026-09-03T09:48:31+00:00\",\"mainEntityOfPage\":{\"@id\":\"https:\/\/estadocomarte.pt\/site\/2026\/09\/03\/um-cadastrado-assumido-que-liquidou-montenegro\/\"},\"wordCount\":786,\"commentCount\":0,\"publisher\":{\"@id\":\"https:\/\/estadocomarte.pt\/site\/#organization\"},\"image\":{\"@id\":\"https:\/\/estadocomarte.pt\/site\/2026\/09\/03\/um-cadastrado-assumido-que-liquidou-montenegro\/#primaryimage\"},\"thumbnailUrl\":\"https:\/\/estadocomarte.pt\/site\/wp-content\/uploads\/2023\/08\/Rui-Goncalves.jpg\",\"keywords\":[\"Arquitecto\",\"luis neves\",\"montenegro\",\"rui gon\u00e7alves\"],\"articleSection\":[\"Opini\u00e3o\"],\"inLanguage\":\"pt-PT\",\"potentialAction\":[{\"@type\":\"CommentAction\",\"name\":\"Comment\",\"target\":[\"https:\/\/estadocomarte.pt\/site\/2026\/09\/03\/um-cadastrado-assumido-que-liquidou-montenegro\/#respond\"]}]},{\"@type\":\"WebPage\",\"@id\":\"https:\/\/estadocomarte.pt\/site\/2026\/09\/03\/um-cadastrado-assumido-que-liquidou-montenegro\/\",\"url\":\"https:\/\/estadocomarte.pt\/site\/2026\/09\/03\/um-cadastrado-assumido-que-liquidou-montenegro\/\",\"name\":\"UM CADASTRADO ASSUMIDO QUE LIQUIDOU MONTENEGRO - Estado com Arte\",\"isPartOf\":{\"@id\":\"https:\/\/estadocomarte.pt\/site\/#website\"},\"primaryImageOfPage\":{\"@id\":\"https:\/\/estadocomarte.pt\/site\/2026\/09\/03\/um-cadastrado-assumido-que-liquidou-montenegro\/#primaryimage\"},\"image\":{\"@id\":\"https:\/\/estadocomarte.pt\/site\/2026\/09\/03\/um-cadastrado-assumido-que-liquidou-montenegro\/#primaryimage\"},\"thumbnailUrl\":\"https:\/\/estadocomarte.pt\/site\/wp-content\/uploads\/2023\/08\/Rui-Goncalves.jpg\",\"datePublished\":\"2026-09-03T09:15:14+00:00\",\"dateModified\":\"2026-09-03T09:48:31+00:00\",\"breadcrumb\":{\"@id\":\"https:\/\/estadocomarte.pt\/site\/2026\/09\/03\/um-cadastrado-assumido-que-liquidou-montenegro\/#breadcrumb\"},\"inLanguage\":\"pt-PT\",\"potentialAction\":[{\"@type\":\"ReadAction\",\"target\":[\"https:\/\/estadocomarte.pt\/site\/2026\/09\/03\/um-cadastrado-assumido-que-liquidou-montenegro\/\"]}]},{\"@type\":\"ImageObject\",\"inLanguage\":\"pt-PT\",\"@id\":\"https:\/\/estadocomarte.pt\/site\/2026\/09\/03\/um-cadastrado-assumido-que-liquidou-montenegro\/#primaryimage\",\"url\":\"https:\/\/estadocomarte.pt\/site\/wp-content\/uploads\/2023\/08\/Rui-Goncalves.jpg\",\"contentUrl\":\"https:\/\/estadocomarte.pt\/site\/wp-content\/uploads\/2023\/08\/Rui-Goncalves.jpg\",\"width\":536,\"height\":632,\"caption\":\"Rui Gon\u00e7alvez\"},{\"@type\":\"BreadcrumbList\",\"@id\":\"https:\/\/estadocomarte.pt\/site\/2026\/09\/03\/um-cadastrado-assumido-que-liquidou-montenegro\/#breadcrumb\",\"itemListElement\":[{\"@type\":\"ListItem\",\"position\":1,\"name\":\"In\u00edcio\",\"item\":\"https:\/\/estadocomarte.pt\/site\/\"},{\"@type\":\"ListItem\",\"position\":2,\"name\":\"UM CADASTRADO ASSUMIDO QUE LIQUIDOU MONTENEGRO\"}]},{\"@type\":\"WebSite\",\"@id\":\"https:\/\/estadocomarte.pt\/site\/#website\",\"url\":\"https:\/\/estadocomarte.pt\/site\/\",\"name\":\"Estado com Arte Magazine\",\"description\":\"Magazine\",\"publisher\":{\"@id\":\"https:\/\/estadocomarte.pt\/site\/#organization\"},\"alternateName\":\"Magazine semanal sobre pol\u00edtica e cultura, com autores, opini\u00e3o e cr\u00edticas.\",\"potentialAction\":[{\"@type\":\"SearchAction\",\"target\":{\"@type\":\"EntryPoint\",\"urlTemplate\":\"https:\/\/estadocomarte.pt\/site\/?s={search_term_string}\"},\"query-input\":{\"@type\":\"PropertyValueSpecification\",\"valueRequired\":true,\"valueName\":\"search_term_string\"}}],\"inLanguage\":\"pt-PT\"},{\"@type\":\"Organization\",\"@id\":\"https:\/\/estadocomarte.pt\/site\/#organization\",\"name\":\"Estado com Arte Magazine\",\"alternateName\":\"Magazine semanal sobre pol\u00edtica e cultura, com autores, opini\u00e3o e cr\u00edticas.\",\"url\":\"https:\/\/estadocomarte.pt\/site\/\",\"logo\":{\"@type\":\"ImageObject\",\"inLanguage\":\"pt-PT\",\"@id\":\"https:\/\/estadocomarte.pt\/site\/#\/schema\/logo\/image\/\",\"url\":\"https:\/\/estadocomarte.pt\/site\/wp-content\/uploads\/2023\/06\/cropped-cropped-Prancheta-2@2x-100.jpg\",\"contentUrl\":\"https:\/\/estadocomarte.pt\/site\/wp-content\/uploads\/2023\/06\/cropped-cropped-Prancheta-2@2x-100.jpg\",\"width\":1777,\"height\":592,\"caption\":\"Estado com Arte Magazine\"},\"image\":{\"@id\":\"https:\/\/estadocomarte.pt\/site\/#\/schema\/logo\/image\/\"},\"sameAs\":[\"https:\/\/www.instagram.com\/estadocomartemagazine\"]},{\"@type\":\"Person\",\"@id\":\"https:\/\/estadocomarte.pt\/site\/#\/schema\/person\/c0943a071216c1e5b21f85304151e4ba\",\"name\":\"admin\",\"image\":{\"@type\":\"ImageObject\",\"inLanguage\":\"pt-PT\",\"@id\":\"https:\/\/estadocomarte.pt\/site\/#\/schema\/person\/image\/\",\"url\":\"https:\/\/secure.gravatar.com\/avatar\/e6f378fd6914c8505d3e1d40f51fa953b21bab0f3a5658a33bc84cb5bda780f9?s=96&d=mm&r=g\",\"contentUrl\":\"https:\/\/secure.gravatar.com\/avatar\/e6f378fd6914c8505d3e1d40f51fa953b21bab0f3a5658a33bc84cb5bda780f9?s=96&d=mm&r=g\",\"caption\":\"admin\"},\"sameAs\":[\"https:\/\/estadocomarte.pt\/site\"],\"url\":\"https:\/\/estadocomarte.pt\/site\/author\/admin\/\"}]}<\/script>\n<!-- \/ Yoast SEO plugin. -->","yoast_head_json":{"title":"UM CADASTRADO ASSUMIDO QUE LIQUIDOU MONTENEGRO - Estado com Arte","robots":{"index":"index","follow":"follow","max-snippet":"max-snippet:-1","max-image-preview":"max-image-preview:large","max-video-preview":"max-video-preview:-1"},"canonical":"https:\/\/estadocomarte.pt\/site\/2026\/09\/03\/um-cadastrado-assumido-que-liquidou-montenegro\/","og_locale":"pt_PT","og_type":"article","og_title":"UM CADASTRADO ASSUMIDO QUE LIQUIDOU MONTENEGRO - Estado com Arte","og_description":"Rui Gon\u00e7alves, Arquitecto","og_url":"https:\/\/estadocomarte.pt\/site\/2026\/09\/03\/um-cadastrado-assumido-que-liquidou-montenegro\/","og_site_name":"Estado com Arte","article_published_time":"2026-09-03T09:15:14+00:00","article_modified_time":"2026-09-03T09:48:31+00:00","og_image":[{"width":536,"height":632,"url":"https:\/\/estadocomarte.pt\/site\/wp-content\/uploads\/2023\/08\/Rui-Goncalves.jpg","type":"image\/jpeg"}],"author":"admin","twitter_card":"summary_large_image","twitter_misc":{"Escrito por":"admin","Tempo estimado de leitura":"5 minutos"},"schema":{"@context":"https:\/\/schema.org","@graph":[{"@type":"Article","@id":"https:\/\/estadocomarte.pt\/site\/2026\/09\/03\/um-cadastrado-assumido-que-liquidou-montenegro\/#article","isPartOf":{"@id":"https:\/\/estadocomarte.pt\/site\/2026\/09\/03\/um-cadastrado-assumido-que-liquidou-montenegro\/"},"author":{"name":"admin","@id":"https:\/\/estadocomarte.pt\/site\/#\/schema\/person\/c0943a071216c1e5b21f85304151e4ba"},"headline":"UM CADASTRADO ASSUMIDO QUE LIQUIDOU MONTENEGRO","datePublished":"2026-09-03T09:15:14+00:00","dateModified":"2026-09-03T09:48:31+00:00","mainEntityOfPage":{"@id":"https:\/\/estadocomarte.pt\/site\/2026\/09\/03\/um-cadastrado-assumido-que-liquidou-montenegro\/"},"wordCount":786,"commentCount":0,"publisher":{"@id":"https:\/\/estadocomarte.pt\/site\/#organization"},"image":{"@id":"https:\/\/estadocomarte.pt\/site\/2026\/09\/03\/um-cadastrado-assumido-que-liquidou-montenegro\/#primaryimage"},"thumbnailUrl":"https:\/\/estadocomarte.pt\/site\/wp-content\/uploads\/2023\/08\/Rui-Goncalves.jpg","keywords":["Arquitecto","luis neves","montenegro","rui gon\u00e7alves"],"articleSection":["Opini\u00e3o"],"inLanguage":"pt-PT","potentialAction":[{"@type":"CommentAction","name":"Comment","target":["https:\/\/estadocomarte.pt\/site\/2026\/09\/03\/um-cadastrado-assumido-que-liquidou-montenegro\/#respond"]}]},{"@type":"WebPage","@id":"https:\/\/estadocomarte.pt\/site\/2026\/09\/03\/um-cadastrado-assumido-que-liquidou-montenegro\/","url":"https:\/\/estadocomarte.pt\/site\/2026\/09\/03\/um-cadastrado-assumido-que-liquidou-montenegro\/","name":"UM CADASTRADO ASSUMIDO QUE LIQUIDOU MONTENEGRO - Estado com Arte","isPartOf":{"@id":"https:\/\/estadocomarte.pt\/site\/#website"},"primaryImageOfPage":{"@id":"https:\/\/estadocomarte.pt\/site\/2026\/09\/03\/um-cadastrado-assumido-que-liquidou-montenegro\/#primaryimage"},"image":{"@id":"https:\/\/estadocomarte.pt\/site\/2026\/09\/03\/um-cadastrado-assumido-que-liquidou-montenegro\/#primaryimage"},"thumbnailUrl":"https:\/\/estadocomarte.pt\/site\/wp-content\/uploads\/2023\/08\/Rui-Goncalves.jpg","datePublished":"2026-09-03T09:15:14+00:00","dateModified":"2026-09-03T09:48:31+00:00","breadcrumb":{"@id":"https:\/\/estadocomarte.pt\/site\/2026\/09\/03\/um-cadastrado-assumido-que-liquidou-montenegro\/#breadcrumb"},"inLanguage":"pt-PT","potentialAction":[{"@type":"ReadAction","target":["https:\/\/estadocomarte.pt\/site\/2026\/09\/03\/um-cadastrado-assumido-que-liquidou-montenegro\/"]}]},{"@type":"ImageObject","inLanguage":"pt-PT","@id":"https:\/\/estadocomarte.pt\/site\/2026\/09\/03\/um-cadastrado-assumido-que-liquidou-montenegro\/#primaryimage","url":"https:\/\/estadocomarte.pt\/site\/wp-content\/uploads\/2023\/08\/Rui-Goncalves.jpg","contentUrl":"https:\/\/estadocomarte.pt\/site\/wp-content\/uploads\/2023\/08\/Rui-Goncalves.jpg","width":536,"height":632,"caption":"Rui Gon\u00e7alvez"},{"@type":"BreadcrumbList","@id":"https:\/\/estadocomarte.pt\/site\/2026\/09\/03\/um-cadastrado-assumido-que-liquidou-montenegro\/#breadcrumb","itemListElement":[{"@type":"ListItem","position":1,"name":"In\u00edcio","item":"https:\/\/estadocomarte.pt\/site\/"},{"@type":"ListItem","position":2,"name":"UM CADASTRADO ASSUMIDO QUE LIQUIDOU MONTENEGRO"}]},{"@type":"WebSite","@id":"https:\/\/estadocomarte.pt\/site\/#website","url":"https:\/\/estadocomarte.pt\/site\/","name":"Estado com Arte Magazine","description":"Magazine","publisher":{"@id":"https:\/\/estadocomarte.pt\/site\/#organization"},"alternateName":"Magazine semanal sobre pol\u00edtica e cultura, com autores, opini\u00e3o e cr\u00edticas.","potentialAction":[{"@type":"SearchAction","target":{"@type":"EntryPoint","urlTemplate":"https:\/\/estadocomarte.pt\/site\/?s={search_term_string}"},"query-input":{"@type":"PropertyValueSpecification","valueRequired":true,"valueName":"search_term_string"}}],"inLanguage":"pt-PT"},{"@type":"Organization","@id":"https:\/\/estadocomarte.pt\/site\/#organization","name":"Estado com Arte Magazine","alternateName":"Magazine semanal sobre pol\u00edtica e cultura, com autores, opini\u00e3o e cr\u00edticas.","url":"https:\/\/estadocomarte.pt\/site\/","logo":{"@type":"ImageObject","inLanguage":"pt-PT","@id":"https:\/\/estadocomarte.pt\/site\/#\/schema\/logo\/image\/","url":"https:\/\/estadocomarte.pt\/site\/wp-content\/uploads\/2023\/06\/cropped-cropped-Prancheta-2@2x-100.jpg","contentUrl":"https:\/\/estadocomarte.pt\/site\/wp-content\/uploads\/2023\/06\/cropped-cropped-Prancheta-2@2x-100.jpg","width":1777,"height":592,"caption":"Estado com Arte Magazine"},"image":{"@id":"https:\/\/estadocomarte.pt\/site\/#\/schema\/logo\/image\/"},"sameAs":["https:\/\/www.instagram.com\/estadocomartemagazine"]},{"@type":"Person","@id":"https:\/\/estadocomarte.pt\/site\/#\/schema\/person\/c0943a071216c1e5b21f85304151e4ba","name":"admin","image":{"@type":"ImageObject","inLanguage":"pt-PT","@id":"https:\/\/estadocomarte.pt\/site\/#\/schema\/person\/image\/","url":"https:\/\/secure.gravatar.com\/avatar\/e6f378fd6914c8505d3e1d40f51fa953b21bab0f3a5658a33bc84cb5bda780f9?s=96&d=mm&r=g","contentUrl":"https:\/\/secure.gravatar.com\/avatar\/e6f378fd6914c8505d3e1d40f51fa953b21bab0f3a5658a33bc84cb5bda780f9?s=96&d=mm&r=g","caption":"admin"},"sameAs":["https:\/\/estadocomarte.pt\/site"],"url":"https:\/\/estadocomarte.pt\/site\/author\/admin\/"}]}},"_links":{"self":[{"href":"https:\/\/estadocomarte.pt\/site\/wp-json\/wp\/v2\/posts\/13229","targetHints":{"allow":["GET"]}}],"collection":[{"href":"https:\/\/estadocomarte.pt\/site\/wp-json\/wp\/v2\/posts"}],"about":[{"href":"https:\/\/estadocomarte.pt\/site\/wp-json\/wp\/v2\/types\/post"}],"author":[{"embeddable":true,"href":"https:\/\/estadocomarte.pt\/site\/wp-json\/wp\/v2\/users\/1"}],"replies":[{"embeddable":true,"href":"https:\/\/estadocomarte.pt\/site\/wp-json\/wp\/v2\/comments?post=13229"}],"version-history":[{"count":1,"href":"https:\/\/estadocomarte.pt\/site\/wp-json\/wp\/v2\/posts\/13229\/revisions"}],"predecessor-version":[{"id":13230,"href":"https:\/\/estadocomarte.pt\/site\/wp-json\/wp\/v2\/posts\/13229\/revisions\/13230"}],"wp:featuredmedia":[{"embeddable":true,"href":"https:\/\/estadocomarte.pt\/site\/wp-json\/wp\/v2\/media\/2202"}],"wp:attachment":[{"href":"https:\/\/estadocomarte.pt\/site\/wp-json\/wp\/v2\/media?parent=13229"}],"wp:term":[{"taxonomy":"category","embeddable":true,"href":"https:\/\/estadocomarte.pt\/site\/wp-json\/wp\/v2\/categories?post=13229"},{"taxonomy":"post_tag","embeddable":true,"href":"https:\/\/estadocomarte.pt\/site\/wp-json\/wp\/v2\/tags?post=13229"}],"curies":[{"name":"wp","href":"https:\/\/api.w.org\/{rel}","templated":true}]}}