{"id":13231,"date":"2026-09-03T09:23:22","date_gmt":"2026-09-03T09:23:22","guid":{"rendered":"https:\/\/estadocomarte.pt\/site\/?p=13231"},"modified":"2026-09-03T10:35:22","modified_gmt":"2026-09-03T10:35:22","slug":"a-minha-cara-tambem-tem-42-anos","status":"publish","type":"post","link":"https:\/\/estadocomarte.pt\/site\/2026\/09\/03\/a-minha-cara-tambem-tem-42-anos\/","title":{"rendered":"A MINHA CARA TAMB\u00c9M TEM 42 ANOS"},"content":{"rendered":"<p>H\u00e1 uns dias ampliei uma fotografia minha com dois dedos. N\u00e3o para ver melhor a fotografia, mas para ver melhor uma ruga. Fiquei alguns segundos a olhar para ela, numa esp\u00e9cie de inspe\u00e7\u00e3o criminal \u00e0 minha pr\u00f3pria cara. Aproximei. Afastei. Voltei a aproximar.<\/p>\n<p>A ruga continuava l\u00e1. Inconvenientemente tranquila.<\/p>\n<p>Tenho 42 anos. A minha cara tamb\u00e9m. E n\u00e3o sei exatamente em que momento comecei a achar estranho que ela soubesse disso.<\/p>\n<p>N\u00e3o quero voltar aos vinte. Deus me livre. J\u00e1 sobrevivi uma vez aos vinte, n\u00e3o vejo necessidade de repetir a experi\u00eancia. Tamb\u00e9m n\u00e3o quero voltar aos trinta. Quero estar aqui.<\/p>\n<p>S\u00f3 n\u00e3o vou fingir que recebo cada nova ruga como quem recebe uma medalha por bons servi\u00e7os prestados \u00e0 vida.<\/p>\n<p>Dizem-nos que devemos amar as nossas rugas porque contam a nossa hist\u00f3ria. Algumas contam.<\/p>\n<p>Outras, francamente, podiam ter guardado a hist\u00f3ria para elas. E \u00e9 aqui que a conversa deixa de ser sobre rugas.<\/p>\n<p>Pass\u00e1mos grande parte da vida a receber instru\u00e7\u00f5es contradit\u00f3rias sobre o nosso corpo. N\u00e3o envelhe\u00e7as. Mas envelhece naturalmente. Cuida de ti. Mas n\u00e3o sejas f\u00fatil.<\/p>\n<p>Faz o que te fizer sentir bonita. Mas, se fizeres demasiado, \u00e9 porque n\u00e3o te aceitas. Assume os cabelos brancos. Aceita as rugas. Ama a flacidez. Celebra cada mudan\u00e7a.<\/p>\n<p>E eu pergunto: temos mesmo de celebrar tudo? N\u00e3o ser\u00e1 suficiente aceitar?<\/p>\n<p>Posso gostar da mulher em que me tornei e n\u00e3o gostar particularmente daquela ruga.<\/p>\n<p>Posso ter orgulho nos meus 42 anos e comprar um creme anti-idade.<\/p>\n<p>Posso pintar o cabelo, usar maquilhagem, cuidar da pele e continuar a saber que nenhuma dessas coisas determina o meu valor.<\/p>\n<p>E, se outra mulher decidir n\u00e3o fazer absolutamente nada, tamb\u00e9m n\u00e3o precisa transformar essa escolha num manifesto.<\/p>\n<p>Talvez tenhamos complicado demasiado uma coisa que devia ser simples. O corpo \u00e9 dela. O espelho \u00e9 dela.<\/p>\n<p>A decis\u00e3o tamb\u00e9m devia ser.<\/p>\n<p>Durante d\u00e9cadas disseram-nos para n\u00e3o envelhecer. Agora dizem-nos como devemos envelhecer.<\/p>\n<p>Mud\u00e1mos o discurso. Continuamos a dar ordens.<\/p>\n<p>Eu n\u00e3o quero lutar contra o tempo. Seria uma batalha particularmente mal escolhida, at\u00e9 porque j\u00e1 sei quem ganha.<\/p>\n<p>Mas tamb\u00e9m n\u00e3o quero que me expliquem como devo sentir-me enquanto ele passa.<\/p>\n<p>Quero poder olhar para uma fotografia, descobrir uma ruga, n\u00e3o gostar dela e continuar perfeitamente em paz comigo.<\/p>\n<p>Porque auto-estima n\u00e3o \u00e9 apaixonarmo-nos por cada cent\u00edmetro do nosso corpo todos os dias.<\/p>\n<p>\u00c0s vezes, auto-estima \u00e9 olhar para aquilo de que n\u00e3o gostamos e n\u00e3o permitir que isso decida aquilo que valemos.<\/p>\n<p>Um dia a minha cara ter\u00e1 50 anos. Depois 60. Espero que tenha muitos mais.<\/p>\n<p>E espero continuar a reconhec\u00ea-la. N\u00e3o porque permaneceu igual. Mas porque, por baixo de tudo aquilo que o tempo lhe acrescentou, eu continuei l\u00e1.<\/p>\n","protected":false},"excerpt":{"rendered":"<p>Susana Duarte,<br \/>\nAutora<\/p>\n","protected":false},"author":1,"featured_media":13232,"comment_status":"open","ping_status":"open","sticky":false,"template":"","format":"standard","meta":{"site-sidebar-layout":"default","site-content-layout":"default","ast-global-header-display":"","ast-banner-title-visibility":"","ast-main-header-display":"","ast-hfb-above-header-display":"","ast-hfb-below-header-display":"","ast-hfb-mobile-header-display":"","site-post-title":"","ast-breadcrumbs-content":"","ast-featured-img":"","footer-sml-layout":"","theme-transparent-header-meta":"default","adv-header-id-meta":"","stick-header-meta":"","header-above-stick-meta":"","header-main-stick-meta":"","header-below-stick-meta":"","footnotes":""},"categories":[11],"tags":[2691,2620,2692,2690,2693,2652],"class_list":["post-13231","post","type-post","status-publish","format-standard","has-post-thumbnail","hentry","category-opiniao","tag-42-anos","tag-autora","tag-beleza","tag-envelhecer","tag-mulher","tag-susana-duarte"],"yoast_head":"<!-- This site is optimized with the Yoast SEO plugin v25.1 - https:\/\/yoast.com\/wordpress\/plugins\/seo\/ -->\n<title>A MINHA CARA TAMB\u00c9M TEM 42 ANOS - Estado com Arte<\/title>\n<meta name=\"robots\" content=\"index, follow, max-snippet:-1, max-image-preview:large, max-video-preview:-1\" \/>\n<link rel=\"canonical\" href=\"https:\/\/estadocomarte.pt\/site\/2026\/09\/03\/a-minha-cara-tambem-tem-42-anos\/\" \/>\n<meta property=\"og:locale\" content=\"pt_PT\" \/>\n<meta property=\"og:type\" content=\"article\" \/>\n<meta property=\"og:title\" content=\"A MINHA CARA TAMB\u00c9M TEM 42 ANOS - Estado com Arte\" \/>\n<meta property=\"og:description\" content=\"Susana Duarte,  Autora\" \/>\n<meta property=\"og:url\" content=\"https:\/\/estadocomarte.pt\/site\/2026\/09\/03\/a-minha-cara-tambem-tem-42-anos\/\" \/>\n<meta property=\"og:site_name\" content=\"Estado com Arte\" \/>\n<meta property=\"article:published_time\" content=\"2026-09-03T09:23:22+00:00\" \/>\n<meta property=\"article:modified_time\" content=\"2026-09-03T10:35:22+00:00\" \/>\n<meta property=\"og:image\" content=\"https:\/\/estadocomarte.pt\/site\/wp-content\/uploads\/2026\/09\/Susana-Duarte.jpeg\" \/>\n\t<meta property=\"og:image:width\" content=\"764\" \/>\n\t<meta property=\"og:image:height\" content=\"982\" \/>\n\t<meta property=\"og:image:type\" content=\"image\/jpeg\" \/>\n<meta name=\"author\" content=\"admin\" \/>\n<meta name=\"twitter:card\" content=\"summary_large_image\" \/>\n<meta name=\"twitter:label1\" content=\"Escrito por\" \/>\n\t<meta name=\"twitter:data1\" content=\"admin\" \/>\n\t<meta name=\"twitter:label2\" content=\"Tempo estimado de leitura\" \/>\n\t<meta name=\"twitter:data2\" content=\"3 minutos\" \/>\n<script type=\"application\/ld+json\" class=\"yoast-schema-graph\">{\"@context\":\"https:\/\/schema.org\",\"@graph\":[{\"@type\":\"Article\",\"@id\":\"https:\/\/estadocomarte.pt\/site\/2026\/09\/03\/a-minha-cara-tambem-tem-42-anos\/#article\",\"isPartOf\":{\"@id\":\"https:\/\/estadocomarte.pt\/site\/2026\/09\/03\/a-minha-cara-tambem-tem-42-anos\/\"},\"author\":{\"name\":\"admin\",\"@id\":\"https:\/\/estadocomarte.pt\/site\/#\/schema\/person\/c0943a071216c1e5b21f85304151e4ba\"},\"headline\":\"A MINHA CARA TAMB\u00c9M TEM 42 ANOS\",\"datePublished\":\"2026-09-03T09:23:22+00:00\",\"dateModified\":\"2026-09-03T10:35:22+00:00\",\"mainEntityOfPage\":{\"@id\":\"https:\/\/estadocomarte.pt\/site\/2026\/09\/03\/a-minha-cara-tambem-tem-42-anos\/\"},\"wordCount\":488,\"commentCount\":0,\"publisher\":{\"@id\":\"https:\/\/estadocomarte.pt\/site\/#organization\"},\"image\":{\"@id\":\"https:\/\/estadocomarte.pt\/site\/2026\/09\/03\/a-minha-cara-tambem-tem-42-anos\/#primaryimage\"},\"thumbnailUrl\":\"https:\/\/estadocomarte.pt\/site\/wp-content\/uploads\/2026\/09\/Susana-Duarte.jpeg\",\"keywords\":[\"42 anos\",\"Autora\",\"beleza\",\"envelhecer\",\"mulher\",\"susana duarte\"],\"articleSection\":[\"Opini\u00e3o\"],\"inLanguage\":\"pt-PT\",\"potentialAction\":[{\"@type\":\"CommentAction\",\"name\":\"Comment\",\"target\":[\"https:\/\/estadocomarte.pt\/site\/2026\/09\/03\/a-minha-cara-tambem-tem-42-anos\/#respond\"]}]},{\"@type\":\"WebPage\",\"@id\":\"https:\/\/estadocomarte.pt\/site\/2026\/09\/03\/a-minha-cara-tambem-tem-42-anos\/\",\"url\":\"https:\/\/estadocomarte.pt\/site\/2026\/09\/03\/a-minha-cara-tambem-tem-42-anos\/\",\"name\":\"A MINHA CARA TAMB\u00c9M TEM 42 ANOS - Estado com Arte\",\"isPartOf\":{\"@id\":\"https:\/\/estadocomarte.pt\/site\/#website\"},\"primaryImageOfPage\":{\"@id\":\"https:\/\/estadocomarte.pt\/site\/2026\/09\/03\/a-minha-cara-tambem-tem-42-anos\/#primaryimage\"},\"image\":{\"@id\":\"https:\/\/estadocomarte.pt\/site\/2026\/09\/03\/a-minha-cara-tambem-tem-42-anos\/#primaryimage\"},\"thumbnailUrl\":\"https:\/\/estadocomarte.pt\/site\/wp-content\/uploads\/2026\/09\/Susana-Duarte.jpeg\",\"datePublished\":\"2026-09-03T09:23:22+00:00\",\"dateModified\":\"2026-09-03T10:35:22+00:00\",\"breadcrumb\":{\"@id\":\"https:\/\/estadocomarte.pt\/site\/2026\/09\/03\/a-minha-cara-tambem-tem-42-anos\/#breadcrumb\"},\"inLanguage\":\"pt-PT\",\"potentialAction\":[{\"@type\":\"ReadAction\",\"target\":[\"https:\/\/estadocomarte.pt\/site\/2026\/09\/03\/a-minha-cara-tambem-tem-42-anos\/\"]}]},{\"@type\":\"ImageObject\",\"inLanguage\":\"pt-PT\",\"@id\":\"https:\/\/estadocomarte.pt\/site\/2026\/09\/03\/a-minha-cara-tambem-tem-42-anos\/#primaryimage\",\"url\":\"https:\/\/estadocomarte.pt\/site\/wp-content\/uploads\/2026\/09\/Susana-Duarte.jpeg\",\"contentUrl\":\"https:\/\/estadocomarte.pt\/site\/wp-content\/uploads\/2026\/09\/Susana-Duarte.jpeg\",\"width\":764,\"height\":982},{\"@type\":\"BreadcrumbList\",\"@id\":\"https:\/\/estadocomarte.pt\/site\/2026\/09\/03\/a-minha-cara-tambem-tem-42-anos\/#breadcrumb\",\"itemListElement\":[{\"@type\":\"ListItem\",\"position\":1,\"name\":\"In\u00edcio\",\"item\":\"https:\/\/estadocomarte.pt\/site\/\"},{\"@type\":\"ListItem\",\"position\":2,\"name\":\"A MINHA CARA TAMB\u00c9M TEM 42 ANOS\"}]},{\"@type\":\"WebSite\",\"@id\":\"https:\/\/estadocomarte.pt\/site\/#website\",\"url\":\"https:\/\/estadocomarte.pt\/site\/\",\"name\":\"Estado com Arte Magazine\",\"description\":\"Magazine\",\"publisher\":{\"@id\":\"https:\/\/estadocomarte.pt\/site\/#organization\"},\"alternateName\":\"Magazine semanal sobre pol\u00edtica e cultura, com autores, opini\u00e3o e cr\u00edticas.\",\"potentialAction\":[{\"@type\":\"SearchAction\",\"target\":{\"@type\":\"EntryPoint\",\"urlTemplate\":\"https:\/\/estadocomarte.pt\/site\/?s={search_term_string}\"},\"query-input\":{\"@type\":\"PropertyValueSpecification\",\"valueRequired\":true,\"valueName\":\"search_term_string\"}}],\"inLanguage\":\"pt-PT\"},{\"@type\":\"Organization\",\"@id\":\"https:\/\/estadocomarte.pt\/site\/#organization\",\"name\":\"Estado com Arte Magazine\",\"alternateName\":\"Magazine semanal sobre pol\u00edtica e cultura, com autores, opini\u00e3o e cr\u00edticas.\",\"url\":\"https:\/\/estadocomarte.pt\/site\/\",\"logo\":{\"@type\":\"ImageObject\",\"inLanguage\":\"pt-PT\",\"@id\":\"https:\/\/estadocomarte.pt\/site\/#\/schema\/logo\/image\/\",\"url\":\"https:\/\/estadocomarte.pt\/site\/wp-content\/uploads\/2023\/06\/cropped-cropped-Prancheta-2@2x-100.jpg\",\"contentUrl\":\"https:\/\/estadocomarte.pt\/site\/wp-content\/uploads\/2023\/06\/cropped-cropped-Prancheta-2@2x-100.jpg\",\"width\":1777,\"height\":592,\"caption\":\"Estado com Arte Magazine\"},\"image\":{\"@id\":\"https:\/\/estadocomarte.pt\/site\/#\/schema\/logo\/image\/\"},\"sameAs\":[\"https:\/\/www.instagram.com\/estadocomartemagazine\"]},{\"@type\":\"Person\",\"@id\":\"https:\/\/estadocomarte.pt\/site\/#\/schema\/person\/c0943a071216c1e5b21f85304151e4ba\",\"name\":\"admin\",\"image\":{\"@type\":\"ImageObject\",\"inLanguage\":\"pt-PT\",\"@id\":\"https:\/\/estadocomarte.pt\/site\/#\/schema\/person\/image\/\",\"url\":\"https:\/\/secure.gravatar.com\/avatar\/e6f378fd6914c8505d3e1d40f51fa953b21bab0f3a5658a33bc84cb5bda780f9?s=96&d=mm&r=g\",\"contentUrl\":\"https:\/\/secure.gravatar.com\/avatar\/e6f378fd6914c8505d3e1d40f51fa953b21bab0f3a5658a33bc84cb5bda780f9?s=96&d=mm&r=g\",\"caption\":\"admin\"},\"sameAs\":[\"https:\/\/estadocomarte.pt\/site\"],\"url\":\"https:\/\/estadocomarte.pt\/site\/author\/admin\/\"}]}<\/script>\n<!-- \/ Yoast SEO plugin. -->","yoast_head_json":{"title":"A MINHA CARA TAMB\u00c9M TEM 42 ANOS - Estado com Arte","robots":{"index":"index","follow":"follow","max-snippet":"max-snippet:-1","max-image-preview":"max-image-preview:large","max-video-preview":"max-video-preview:-1"},"canonical":"https:\/\/estadocomarte.pt\/site\/2026\/09\/03\/a-minha-cara-tambem-tem-42-anos\/","og_locale":"pt_PT","og_type":"article","og_title":"A MINHA CARA TAMB\u00c9M TEM 42 ANOS - Estado com Arte","og_description":"Susana Duarte,  Autora","og_url":"https:\/\/estadocomarte.pt\/site\/2026\/09\/03\/a-minha-cara-tambem-tem-42-anos\/","og_site_name":"Estado com Arte","article_published_time":"2026-09-03T09:23:22+00:00","article_modified_time":"2026-09-03T10:35:22+00:00","og_image":[{"width":764,"height":982,"url":"https:\/\/estadocomarte.pt\/site\/wp-content\/uploads\/2026\/09\/Susana-Duarte.jpeg","type":"image\/jpeg"}],"author":"admin","twitter_card":"summary_large_image","twitter_misc":{"Escrito por":"admin","Tempo estimado de leitura":"3 minutos"},"schema":{"@context":"https:\/\/schema.org","@graph":[{"@type":"Article","@id":"https:\/\/estadocomarte.pt\/site\/2026\/09\/03\/a-minha-cara-tambem-tem-42-anos\/#article","isPartOf":{"@id":"https:\/\/estadocomarte.pt\/site\/2026\/09\/03\/a-minha-cara-tambem-tem-42-anos\/"},"author":{"name":"admin","@id":"https:\/\/estadocomarte.pt\/site\/#\/schema\/person\/c0943a071216c1e5b21f85304151e4ba"},"headline":"A MINHA CARA TAMB\u00c9M TEM 42 ANOS","datePublished":"2026-09-03T09:23:22+00:00","dateModified":"2026-09-03T10:35:22+00:00","mainEntityOfPage":{"@id":"https:\/\/estadocomarte.pt\/site\/2026\/09\/03\/a-minha-cara-tambem-tem-42-anos\/"},"wordCount":488,"commentCount":0,"publisher":{"@id":"https:\/\/estadocomarte.pt\/site\/#organization"},"image":{"@id":"https:\/\/estadocomarte.pt\/site\/2026\/09\/03\/a-minha-cara-tambem-tem-42-anos\/#primaryimage"},"thumbnailUrl":"https:\/\/estadocomarte.pt\/site\/wp-content\/uploads\/2026\/09\/Susana-Duarte.jpeg","keywords":["42 anos","Autora","beleza","envelhecer","mulher","susana duarte"],"articleSection":["Opini\u00e3o"],"inLanguage":"pt-PT","potentialAction":[{"@type":"CommentAction","name":"Comment","target":["https:\/\/estadocomarte.pt\/site\/2026\/09\/03\/a-minha-cara-tambem-tem-42-anos\/#respond"]}]},{"@type":"WebPage","@id":"https:\/\/estadocomarte.pt\/site\/2026\/09\/03\/a-minha-cara-tambem-tem-42-anos\/","url":"https:\/\/estadocomarte.pt\/site\/2026\/09\/03\/a-minha-cara-tambem-tem-42-anos\/","name":"A MINHA CARA TAMB\u00c9M TEM 42 ANOS - Estado com Arte","isPartOf":{"@id":"https:\/\/estadocomarte.pt\/site\/#website"},"primaryImageOfPage":{"@id":"https:\/\/estadocomarte.pt\/site\/2026\/09\/03\/a-minha-cara-tambem-tem-42-anos\/#primaryimage"},"image":{"@id":"https:\/\/estadocomarte.pt\/site\/2026\/09\/03\/a-minha-cara-tambem-tem-42-anos\/#primaryimage"},"thumbnailUrl":"https:\/\/estadocomarte.pt\/site\/wp-content\/uploads\/2026\/09\/Susana-Duarte.jpeg","datePublished":"2026-09-03T09:23:22+00:00","dateModified":"2026-09-03T10:35:22+00:00","breadcrumb":{"@id":"https:\/\/estadocomarte.pt\/site\/2026\/09\/03\/a-minha-cara-tambem-tem-42-anos\/#breadcrumb"},"inLanguage":"pt-PT","potentialAction":[{"@type":"ReadAction","target":["https:\/\/estadocomarte.pt\/site\/2026\/09\/03\/a-minha-cara-tambem-tem-42-anos\/"]}]},{"@type":"ImageObject","inLanguage":"pt-PT","@id":"https:\/\/estadocomarte.pt\/site\/2026\/09\/03\/a-minha-cara-tambem-tem-42-anos\/#primaryimage","url":"https:\/\/estadocomarte.pt\/site\/wp-content\/uploads\/2026\/09\/Susana-Duarte.jpeg","contentUrl":"https:\/\/estadocomarte.pt\/site\/wp-content\/uploads\/2026\/09\/Susana-Duarte.jpeg","width":764,"height":982},{"@type":"BreadcrumbList","@id":"https:\/\/estadocomarte.pt\/site\/2026\/09\/03\/a-minha-cara-tambem-tem-42-anos\/#breadcrumb","itemListElement":[{"@type":"ListItem","position":1,"name":"In\u00edcio","item":"https:\/\/estadocomarte.pt\/site\/"},{"@type":"ListItem","position":2,"name":"A MINHA CARA TAMB\u00c9M TEM 42 ANOS"}]},{"@type":"WebSite","@id":"https:\/\/estadocomarte.pt\/site\/#website","url":"https:\/\/estadocomarte.pt\/site\/","name":"Estado com Arte Magazine","description":"Magazine","publisher":{"@id":"https:\/\/estadocomarte.pt\/site\/#organization"},"alternateName":"Magazine semanal sobre pol\u00edtica e cultura, com autores, opini\u00e3o e cr\u00edticas.","potentialAction":[{"@type":"SearchAction","target":{"@type":"EntryPoint","urlTemplate":"https:\/\/estadocomarte.pt\/site\/?s={search_term_string}"},"query-input":{"@type":"PropertyValueSpecification","valueRequired":true,"valueName":"search_term_string"}}],"inLanguage":"pt-PT"},{"@type":"Organization","@id":"https:\/\/estadocomarte.pt\/site\/#organization","name":"Estado com Arte Magazine","alternateName":"Magazine semanal sobre pol\u00edtica e cultura, com autores, opini\u00e3o e cr\u00edticas.","url":"https:\/\/estadocomarte.pt\/site\/","logo":{"@type":"ImageObject","inLanguage":"pt-PT","@id":"https:\/\/estadocomarte.pt\/site\/#\/schema\/logo\/image\/","url":"https:\/\/estadocomarte.pt\/site\/wp-content\/uploads\/2023\/06\/cropped-cropped-Prancheta-2@2x-100.jpg","contentUrl":"https:\/\/estadocomarte.pt\/site\/wp-content\/uploads\/2023\/06\/cropped-cropped-Prancheta-2@2x-100.jpg","width":1777,"height":592,"caption":"Estado com Arte Magazine"},"image":{"@id":"https:\/\/estadocomarte.pt\/site\/#\/schema\/logo\/image\/"},"sameAs":["https:\/\/www.instagram.com\/estadocomartemagazine"]},{"@type":"Person","@id":"https:\/\/estadocomarte.pt\/site\/#\/schema\/person\/c0943a071216c1e5b21f85304151e4ba","name":"admin","image":{"@type":"ImageObject","inLanguage":"pt-PT","@id":"https:\/\/estadocomarte.pt\/site\/#\/schema\/person\/image\/","url":"https:\/\/secure.gravatar.com\/avatar\/e6f378fd6914c8505d3e1d40f51fa953b21bab0f3a5658a33bc84cb5bda780f9?s=96&d=mm&r=g","contentUrl":"https:\/\/secure.gravatar.com\/avatar\/e6f378fd6914c8505d3e1d40f51fa953b21bab0f3a5658a33bc84cb5bda780f9?s=96&d=mm&r=g","caption":"admin"},"sameAs":["https:\/\/estadocomarte.pt\/site"],"url":"https:\/\/estadocomarte.pt\/site\/author\/admin\/"}]}},"_links":{"self":[{"href":"https:\/\/estadocomarte.pt\/site\/wp-json\/wp\/v2\/posts\/13231","targetHints":{"allow":["GET"]}}],"collection":[{"href":"https:\/\/estadocomarte.pt\/site\/wp-json\/wp\/v2\/posts"}],"about":[{"href":"https:\/\/estadocomarte.pt\/site\/wp-json\/wp\/v2\/types\/post"}],"author":[{"embeddable":true,"href":"https:\/\/estadocomarte.pt\/site\/wp-json\/wp\/v2\/users\/1"}],"replies":[{"embeddable":true,"href":"https:\/\/estadocomarte.pt\/site\/wp-json\/wp\/v2\/comments?post=13231"}],"version-history":[{"count":3,"href":"https:\/\/estadocomarte.pt\/site\/wp-json\/wp\/v2\/posts\/13231\/revisions"}],"predecessor-version":[{"id":13243,"href":"https:\/\/estadocomarte.pt\/site\/wp-json\/wp\/v2\/posts\/13231\/revisions\/13243"}],"wp:featuredmedia":[{"embeddable":true,"href":"https:\/\/estadocomarte.pt\/site\/wp-json\/wp\/v2\/media\/13232"}],"wp:attachment":[{"href":"https:\/\/estadocomarte.pt\/site\/wp-json\/wp\/v2\/media?parent=13231"}],"wp:term":[{"taxonomy":"category","embeddable":true,"href":"https:\/\/estadocomarte.pt\/site\/wp-json\/wp\/v2\/categories?post=13231"},{"taxonomy":"post_tag","embeddable":true,"href":"https:\/\/estadocomarte.pt\/site\/wp-json\/wp\/v2\/tags?post=13231"}],"curies":[{"name":"wp","href":"https:\/\/api.w.org\/{rel}","templated":true}]}}