{"id":13245,"date":"2026-09-06T14:48:32","date_gmt":"2026-09-06T14:48:32","guid":{"rendered":"https:\/\/estadocomarte.pt\/site\/?p=13245"},"modified":"2026-09-06T14:48:32","modified_gmt":"2026-09-06T14:48:32","slug":"inteligencia-artificial","status":"publish","type":"post","link":"https:\/\/estadocomarte.pt\/site\/2026\/09\/06\/inteligencia-artificial\/","title":{"rendered":"Intelig\u00eancia Artificial"},"content":{"rendered":"<p><strong>E a quest\u00e3o que se coloca \u00e9: se n\u00e3o treinarmos os j\u00faniores de hoje, quem ser\u00e3o os s\u00e9niores de amanh\u00e3?<\/strong><\/p>\n<p>Muito se tem escrito sobre a intelig\u00eancia artificial (IA), e \u00e9 indiscutivelmente uma revolu\u00e7\u00e3o que vai alterar substancialmente o ritmo de evolu\u00e7\u00e3o tecnol\u00f3gica, aumentando-o ainda mais, e a forma como se exercem muitas profiss\u00f5es.<\/p>\n<p>S\u00e3o evidentes tanto os benef\u00edcios como os riscos desta rapid\u00edssima evolu\u00e7\u00e3o tecnol\u00f3gica.<\/p>\n<p>No entusiasmo com esta nova tecnologia, tendem no entanto a desconsiderar-se as respectivas limita\u00e7\u00f5es.<\/p>\n<p>No seu estado actual, a IA j\u00e1 pode substituir v\u00e1rios profissionais, nomeadamente nas profiss\u00f5es ligadas \u00e0 consultoria. N\u00e3o pode ainda, e talvez nunca venha a poder, substituir profissionais s\u00e9niores e experientes, mas pode substituir consultores j\u00faniores de v\u00e1rios tipos.<\/p>\n<p>Nas maior parte das \u00e1reas, a IA consegue dar respostas em geral correctas, e com uma enorme econ\u00f3mica de tempo de pesquisa, no entanto, s\u00e3o conhecidos os casos de erro e at\u00e9 de \u00abalucina\u00e7\u00e3o\u00bb, ou seja, de respostas incorrectas, porque o modelo n\u00e3o admite n\u00e3o saber a resposta, e por isso apresenta como correcta uma resposta que deduziu por meio de probabilidades ou interpreta\u00e7\u00f5es duvidosas, a partir da informa\u00e7\u00e3o incompleta de que disponha. O trabalho da IA n\u00e3o dispensa, por isso, a revis\u00e3o de uma profissional qualificado e experiente.<\/p>\n<p>De certa forma, a IA ainda \u00e9 mais artificial do que inteligente, sobretudo nos modelos generalistas. Nos modelos profissionais e especializados, o grau de seguran\u00e7a \u00e9 superior.<\/p>\n<p>Este estado de coisas levanta v\u00e1rias das quest\u00f5es, das quais quero salientar as seguintes:<\/p>\n<p>Em primeiro lugar, a perda de confian\u00e7a dos clientes nos seus consultores, que\u00a0 passam a questionar as respostas que lhes s\u00e3o dadas com base em pesquisas que fizeram em modelos de IA, geralmente gratuitos e generalistas. Isto pode por vezes ajudar a que o consultor, questionado e for\u00e7ado a verificar aspectos ou quest\u00f5es colocadas pela IA, acabe por apresentar um trabalho final com maior rigor ou qualidade. Mas tamb\u00e9m pode colocar em crise a rela\u00e7\u00e3o de confian\u00e7a entre o consultor e o cliente, se este acabar por confiar mais na IA do que no consultor. Al\u00e9m de encarecer o servi\u00e7o por for\u00e7ar o consultor a gastar mais tempo a rebater as cr\u00edticas, muitas vezes infundadas, da IA&#8230; at\u00e9 porque muitas vezes o cliente n\u00e3o consegue colocar a quest\u00e3o \u00e0 IA correctamente, deixando de fora factos ou elementos relevantes para an\u00e1lise do seu caso.<\/p>\n<p>Em segundo lugar, como cima j\u00e1 se referiu, a IA est\u00e1 a p\u00f4r em causa os empregos de consultores j\u00faniores, cuja procura come\u00e7a a descer. Al\u00e9m disso, a forma\u00e7\u00e3o destes profissionais come\u00e7a a ser substancialmente alterada, passando a incluir o uso intensivo de IA, levando \u00e0 potencial perda de compet\u00eancias a curto-m\u00e9dio prazo. N\u00e3o estamos\u00a0 a falar de tarefas mec\u00e2nicas como o c\u00e1lculo aritm\u00e9tico, quest\u00e3o que se colocou quando foram inventadas as m\u00e1quinas calculadoras. Estamos a falar de pesquisa, an\u00e1lise, interpreta\u00e7\u00e3o e selec\u00e7\u00e3o de informa\u00e7\u00e3o, defini\u00e7\u00e3o de estrat\u00e9gias, e outras tarefas essenciais \u00e0 condu\u00e7\u00e3o das empresas e institui\u00e7\u00f5es. E a quest\u00e3o que se coloca \u00e9: se n\u00e3o treinarmos os j\u00faniores de hoje, quem ser\u00e3o os s\u00e9niores de amanh\u00e3?<\/p>\n<p>Por \u00faltimo, o advento da IA veio alterar o \u00abequil\u00edbrio de for\u00e7as\u00bb entre generalistas e especialistas dentro de determinadas \u00e1reas profissionais. Nas \u00faltimas d\u00e9cadas, tem-se dado primazia \u00e0 ideia de que \u00e9 necess\u00e1ria uma elevada especializa\u00e7\u00e3o dos t\u00e9cnicos e consultores, para se poderem diferenciar da concorr\u00eancia no mercado, por serem mais r\u00e1pidos e eficientes nas suas \u00e1reas de especializa\u00e7\u00e3o. S\u00f3 que com a utiliza\u00e7\u00e3o criteriosa da IA, um generalista com uma forma\u00e7\u00e3o s\u00f3lida consegue encurtar em muito o tempo de pesquisa para chegar \u00e0 mesma solu\u00e7\u00e3o que um especialista&#8230; sem perder a vantagem de ter uma vis\u00e3o mais abrangente dos v\u00e1rios aspectos do problema em an\u00e1lise.<\/p>\n","protected":false},"excerpt":{"rendered":"<p>Nuno Lumbrales,<br \/>\nAdvogado<\/p>\n","protected":false},"author":1,"featured_media":3539,"comment_status":"open","ping_status":"open","sticky":false,"template":"","format":"standard","meta":{"site-sidebar-layout":"default","site-content-layout":"default","ast-global-header-display":"","ast-banner-title-visibility":"","ast-main-header-display":"","ast-hfb-above-header-display":"","ast-hfb-below-header-display":"","ast-hfb-mobile-header-display":"","site-post-title":"","ast-breadcrumbs-content":"","ast-featured-img":"","footer-sml-layout":"","theme-transparent-header-meta":"default","adv-header-id-meta":"","stick-header-meta":"","header-above-stick-meta":"","header-main-stick-meta":"","header-below-stick-meta":"","footnotes":""},"categories":[64,11],"tags":[2700,2696,33,2697,2695,2698,326,2699],"class_list":["post-13245","post","type-post","status-publish","format-standard","has-post-thumbnail","hentry","category-isto-para-nos","category-opiniao","tag-advogado","tag-consultoras","tag-economia","tag-formcao","tag-inteligencia-artificial","tag-juniores","tag-nuno-lumbrales","tag-seniores"],"yoast_head":"<!-- This site is optimized with the Yoast SEO plugin v25.1 - https:\/\/yoast.com\/wordpress\/plugins\/seo\/ -->\n<title>Intelig\u00eancia Artificial - Estado com Arte<\/title>\n<meta name=\"robots\" content=\"index, follow, max-snippet:-1, max-image-preview:large, max-video-preview:-1\" \/>\n<link rel=\"canonical\" href=\"https:\/\/estadocomarte.pt\/site\/2026\/09\/06\/inteligencia-artificial\/\" \/>\n<meta property=\"og:locale\" content=\"pt_PT\" \/>\n<meta property=\"og:type\" content=\"article\" \/>\n<meta property=\"og:title\" content=\"Intelig\u00eancia Artificial - Estado com Arte\" \/>\n<meta property=\"og:description\" content=\"Nuno Lumbrales, Advogado\" \/>\n<meta property=\"og:url\" content=\"https:\/\/estadocomarte.pt\/site\/2026\/09\/06\/inteligencia-artificial\/\" \/>\n<meta property=\"og:site_name\" content=\"Estado com Arte\" \/>\n<meta property=\"article:published_time\" content=\"2026-09-06T14:48:32+00:00\" \/>\n<meta property=\"og:image\" content=\"https:\/\/estadocomarte.pt\/site\/wp-content\/uploads\/2023\/12\/Nunolembralles.png\" \/>\n\t<meta property=\"og:image:width\" content=\"400\" \/>\n\t<meta property=\"og:image:height\" content=\"600\" \/>\n\t<meta property=\"og:image:type\" content=\"image\/png\" \/>\n<meta name=\"author\" content=\"admin\" \/>\n<meta name=\"twitter:card\" content=\"summary_large_image\" \/>\n<meta name=\"twitter:label1\" content=\"Escrito por\" \/>\n\t<meta name=\"twitter:data1\" content=\"admin\" \/>\n\t<meta name=\"twitter:label2\" content=\"Tempo estimado de leitura\" \/>\n\t<meta name=\"twitter:data2\" content=\"4 minutos\" \/>\n<script type=\"application\/ld+json\" class=\"yoast-schema-graph\">{\"@context\":\"https:\/\/schema.org\",\"@graph\":[{\"@type\":\"Article\",\"@id\":\"https:\/\/estadocomarte.pt\/site\/2026\/09\/06\/inteligencia-artificial\/#article\",\"isPartOf\":{\"@id\":\"https:\/\/estadocomarte.pt\/site\/2026\/09\/06\/inteligencia-artificial\/\"},\"author\":{\"name\":\"admin\",\"@id\":\"https:\/\/estadocomarte.pt\/site\/#\/schema\/person\/c0943a071216c1e5b21f85304151e4ba\"},\"headline\":\"Intelig\u00eancia Artificial\",\"datePublished\":\"2026-09-06T14:48:32+00:00\",\"mainEntityOfPage\":{\"@id\":\"https:\/\/estadocomarte.pt\/site\/2026\/09\/06\/inteligencia-artificial\/\"},\"wordCount\":698,\"commentCount\":0,\"publisher\":{\"@id\":\"https:\/\/estadocomarte.pt\/site\/#organization\"},\"image\":{\"@id\":\"https:\/\/estadocomarte.pt\/site\/2026\/09\/06\/inteligencia-artificial\/#primaryimage\"},\"thumbnailUrl\":\"https:\/\/estadocomarte.pt\/site\/wp-content\/uploads\/2023\/12\/Nunolembralles.png\",\"keywords\":[\"advogado\",\"Consultoras\",\"economia\",\"form\u00e7\u00e3o\",\"Intelig\u00eancia Artificial\",\"juniores\",\"nuno lumbrales\",\"seniores\"],\"articleSection\":[\"Isto Para N\u00f3s\",\"Opini\u00e3o\"],\"inLanguage\":\"pt-PT\",\"potentialAction\":[{\"@type\":\"CommentAction\",\"name\":\"Comment\",\"target\":[\"https:\/\/estadocomarte.pt\/site\/2026\/09\/06\/inteligencia-artificial\/#respond\"]}]},{\"@type\":\"WebPage\",\"@id\":\"https:\/\/estadocomarte.pt\/site\/2026\/09\/06\/inteligencia-artificial\/\",\"url\":\"https:\/\/estadocomarte.pt\/site\/2026\/09\/06\/inteligencia-artificial\/\",\"name\":\"Intelig\u00eancia Artificial - Estado com Arte\",\"isPartOf\":{\"@id\":\"https:\/\/estadocomarte.pt\/site\/#website\"},\"primaryImageOfPage\":{\"@id\":\"https:\/\/estadocomarte.pt\/site\/2026\/09\/06\/inteligencia-artificial\/#primaryimage\"},\"image\":{\"@id\":\"https:\/\/estadocomarte.pt\/site\/2026\/09\/06\/inteligencia-artificial\/#primaryimage\"},\"thumbnailUrl\":\"https:\/\/estadocomarte.pt\/site\/wp-content\/uploads\/2023\/12\/Nunolembralles.png\",\"datePublished\":\"2026-09-06T14:48:32+00:00\",\"breadcrumb\":{\"@id\":\"https:\/\/estadocomarte.pt\/site\/2026\/09\/06\/inteligencia-artificial\/#breadcrumb\"},\"inLanguage\":\"pt-PT\",\"potentialAction\":[{\"@type\":\"ReadAction\",\"target\":[\"https:\/\/estadocomarte.pt\/site\/2026\/09\/06\/inteligencia-artificial\/\"]}]},{\"@type\":\"ImageObject\",\"inLanguage\":\"pt-PT\",\"@id\":\"https:\/\/estadocomarte.pt\/site\/2026\/09\/06\/inteligencia-artificial\/#primaryimage\",\"url\":\"https:\/\/estadocomarte.pt\/site\/wp-content\/uploads\/2023\/12\/Nunolembralles.png\",\"contentUrl\":\"https:\/\/estadocomarte.pt\/site\/wp-content\/uploads\/2023\/12\/Nunolembralles.png\",\"width\":400,\"height\":600},{\"@type\":\"BreadcrumbList\",\"@id\":\"https:\/\/estadocomarte.pt\/site\/2026\/09\/06\/inteligencia-artificial\/#breadcrumb\",\"itemListElement\":[{\"@type\":\"ListItem\",\"position\":1,\"name\":\"In\u00edcio\",\"item\":\"https:\/\/estadocomarte.pt\/site\/\"},{\"@type\":\"ListItem\",\"position\":2,\"name\":\"Intelig\u00eancia Artificial\"}]},{\"@type\":\"WebSite\",\"@id\":\"https:\/\/estadocomarte.pt\/site\/#website\",\"url\":\"https:\/\/estadocomarte.pt\/site\/\",\"name\":\"Estado com Arte Magazine\",\"description\":\"Magazine\",\"publisher\":{\"@id\":\"https:\/\/estadocomarte.pt\/site\/#organization\"},\"alternateName\":\"Magazine semanal sobre pol\u00edtica e cultura, com autores, opini\u00e3o e cr\u00edticas.\",\"potentialAction\":[{\"@type\":\"SearchAction\",\"target\":{\"@type\":\"EntryPoint\",\"urlTemplate\":\"https:\/\/estadocomarte.pt\/site\/?s={search_term_string}\"},\"query-input\":{\"@type\":\"PropertyValueSpecification\",\"valueRequired\":true,\"valueName\":\"search_term_string\"}}],\"inLanguage\":\"pt-PT\"},{\"@type\":\"Organization\",\"@id\":\"https:\/\/estadocomarte.pt\/site\/#organization\",\"name\":\"Estado com Arte Magazine\",\"alternateName\":\"Magazine semanal sobre pol\u00edtica e cultura, com autores, opini\u00e3o e cr\u00edticas.\",\"url\":\"https:\/\/estadocomarte.pt\/site\/\",\"logo\":{\"@type\":\"ImageObject\",\"inLanguage\":\"pt-PT\",\"@id\":\"https:\/\/estadocomarte.pt\/site\/#\/schema\/logo\/image\/\",\"url\":\"https:\/\/estadocomarte.pt\/site\/wp-content\/uploads\/2023\/06\/cropped-cropped-Prancheta-2@2x-100.jpg\",\"contentUrl\":\"https:\/\/estadocomarte.pt\/site\/wp-content\/uploads\/2023\/06\/cropped-cropped-Prancheta-2@2x-100.jpg\",\"width\":1777,\"height\":592,\"caption\":\"Estado com Arte Magazine\"},\"image\":{\"@id\":\"https:\/\/estadocomarte.pt\/site\/#\/schema\/logo\/image\/\"},\"sameAs\":[\"https:\/\/www.instagram.com\/estadocomartemagazine\"]},{\"@type\":\"Person\",\"@id\":\"https:\/\/estadocomarte.pt\/site\/#\/schema\/person\/c0943a071216c1e5b21f85304151e4ba\",\"name\":\"admin\",\"image\":{\"@type\":\"ImageObject\",\"inLanguage\":\"pt-PT\",\"@id\":\"https:\/\/estadocomarte.pt\/site\/#\/schema\/person\/image\/\",\"url\":\"https:\/\/secure.gravatar.com\/avatar\/e6f378fd6914c8505d3e1d40f51fa953b21bab0f3a5658a33bc84cb5bda780f9?s=96&d=mm&r=g\",\"contentUrl\":\"https:\/\/secure.gravatar.com\/avatar\/e6f378fd6914c8505d3e1d40f51fa953b21bab0f3a5658a33bc84cb5bda780f9?s=96&d=mm&r=g\",\"caption\":\"admin\"},\"sameAs\":[\"https:\/\/estadocomarte.pt\/site\"],\"url\":\"https:\/\/estadocomarte.pt\/site\/author\/admin\/\"}]}<\/script>\n<!-- \/ Yoast SEO plugin. -->","yoast_head_json":{"title":"Intelig\u00eancia Artificial - Estado com Arte","robots":{"index":"index","follow":"follow","max-snippet":"max-snippet:-1","max-image-preview":"max-image-preview:large","max-video-preview":"max-video-preview:-1"},"canonical":"https:\/\/estadocomarte.pt\/site\/2026\/09\/06\/inteligencia-artificial\/","og_locale":"pt_PT","og_type":"article","og_title":"Intelig\u00eancia Artificial - Estado com Arte","og_description":"Nuno Lumbrales, Advogado","og_url":"https:\/\/estadocomarte.pt\/site\/2026\/09\/06\/inteligencia-artificial\/","og_site_name":"Estado com Arte","article_published_time":"2026-09-06T14:48:32+00:00","og_image":[{"width":400,"height":600,"url":"https:\/\/estadocomarte.pt\/site\/wp-content\/uploads\/2023\/12\/Nunolembralles.png","type":"image\/png"}],"author":"admin","twitter_card":"summary_large_image","twitter_misc":{"Escrito por":"admin","Tempo estimado de leitura":"4 minutos"},"schema":{"@context":"https:\/\/schema.org","@graph":[{"@type":"Article","@id":"https:\/\/estadocomarte.pt\/site\/2026\/09\/06\/inteligencia-artificial\/#article","isPartOf":{"@id":"https:\/\/estadocomarte.pt\/site\/2026\/09\/06\/inteligencia-artificial\/"},"author":{"name":"admin","@id":"https:\/\/estadocomarte.pt\/site\/#\/schema\/person\/c0943a071216c1e5b21f85304151e4ba"},"headline":"Intelig\u00eancia Artificial","datePublished":"2026-09-06T14:48:32+00:00","mainEntityOfPage":{"@id":"https:\/\/estadocomarte.pt\/site\/2026\/09\/06\/inteligencia-artificial\/"},"wordCount":698,"commentCount":0,"publisher":{"@id":"https:\/\/estadocomarte.pt\/site\/#organization"},"image":{"@id":"https:\/\/estadocomarte.pt\/site\/2026\/09\/06\/inteligencia-artificial\/#primaryimage"},"thumbnailUrl":"https:\/\/estadocomarte.pt\/site\/wp-content\/uploads\/2023\/12\/Nunolembralles.png","keywords":["advogado","Consultoras","economia","form\u00e7\u00e3o","Intelig\u00eancia Artificial","juniores","nuno lumbrales","seniores"],"articleSection":["Isto Para N\u00f3s","Opini\u00e3o"],"inLanguage":"pt-PT","potentialAction":[{"@type":"CommentAction","name":"Comment","target":["https:\/\/estadocomarte.pt\/site\/2026\/09\/06\/inteligencia-artificial\/#respond"]}]},{"@type":"WebPage","@id":"https:\/\/estadocomarte.pt\/site\/2026\/09\/06\/inteligencia-artificial\/","url":"https:\/\/estadocomarte.pt\/site\/2026\/09\/06\/inteligencia-artificial\/","name":"Intelig\u00eancia Artificial - Estado com Arte","isPartOf":{"@id":"https:\/\/estadocomarte.pt\/site\/#website"},"primaryImageOfPage":{"@id":"https:\/\/estadocomarte.pt\/site\/2026\/09\/06\/inteligencia-artificial\/#primaryimage"},"image":{"@id":"https:\/\/estadocomarte.pt\/site\/2026\/09\/06\/inteligencia-artificial\/#primaryimage"},"thumbnailUrl":"https:\/\/estadocomarte.pt\/site\/wp-content\/uploads\/2023\/12\/Nunolembralles.png","datePublished":"2026-09-06T14:48:32+00:00","breadcrumb":{"@id":"https:\/\/estadocomarte.pt\/site\/2026\/09\/06\/inteligencia-artificial\/#breadcrumb"},"inLanguage":"pt-PT","potentialAction":[{"@type":"ReadAction","target":["https:\/\/estadocomarte.pt\/site\/2026\/09\/06\/inteligencia-artificial\/"]}]},{"@type":"ImageObject","inLanguage":"pt-PT","@id":"https:\/\/estadocomarte.pt\/site\/2026\/09\/06\/inteligencia-artificial\/#primaryimage","url":"https:\/\/estadocomarte.pt\/site\/wp-content\/uploads\/2023\/12\/Nunolembralles.png","contentUrl":"https:\/\/estadocomarte.pt\/site\/wp-content\/uploads\/2023\/12\/Nunolembralles.png","width":400,"height":600},{"@type":"BreadcrumbList","@id":"https:\/\/estadocomarte.pt\/site\/2026\/09\/06\/inteligencia-artificial\/#breadcrumb","itemListElement":[{"@type":"ListItem","position":1,"name":"In\u00edcio","item":"https:\/\/estadocomarte.pt\/site\/"},{"@type":"ListItem","position":2,"name":"Intelig\u00eancia Artificial"}]},{"@type":"WebSite","@id":"https:\/\/estadocomarte.pt\/site\/#website","url":"https:\/\/estadocomarte.pt\/site\/","name":"Estado com Arte Magazine","description":"Magazine","publisher":{"@id":"https:\/\/estadocomarte.pt\/site\/#organization"},"alternateName":"Magazine semanal sobre pol\u00edtica e cultura, com autores, opini\u00e3o e cr\u00edticas.","potentialAction":[{"@type":"SearchAction","target":{"@type":"EntryPoint","urlTemplate":"https:\/\/estadocomarte.pt\/site\/?s={search_term_string}"},"query-input":{"@type":"PropertyValueSpecification","valueRequired":true,"valueName":"search_term_string"}}],"inLanguage":"pt-PT"},{"@type":"Organization","@id":"https:\/\/estadocomarte.pt\/site\/#organization","name":"Estado com Arte Magazine","alternateName":"Magazine semanal sobre pol\u00edtica e cultura, com autores, opini\u00e3o e cr\u00edticas.","url":"https:\/\/estadocomarte.pt\/site\/","logo":{"@type":"ImageObject","inLanguage":"pt-PT","@id":"https:\/\/estadocomarte.pt\/site\/#\/schema\/logo\/image\/","url":"https:\/\/estadocomarte.pt\/site\/wp-content\/uploads\/2023\/06\/cropped-cropped-Prancheta-2@2x-100.jpg","contentUrl":"https:\/\/estadocomarte.pt\/site\/wp-content\/uploads\/2023\/06\/cropped-cropped-Prancheta-2@2x-100.jpg","width":1777,"height":592,"caption":"Estado com Arte Magazine"},"image":{"@id":"https:\/\/estadocomarte.pt\/site\/#\/schema\/logo\/image\/"},"sameAs":["https:\/\/www.instagram.com\/estadocomartemagazine"]},{"@type":"Person","@id":"https:\/\/estadocomarte.pt\/site\/#\/schema\/person\/c0943a071216c1e5b21f85304151e4ba","name":"admin","image":{"@type":"ImageObject","inLanguage":"pt-PT","@id":"https:\/\/estadocomarte.pt\/site\/#\/schema\/person\/image\/","url":"https:\/\/secure.gravatar.com\/avatar\/e6f378fd6914c8505d3e1d40f51fa953b21bab0f3a5658a33bc84cb5bda780f9?s=96&d=mm&r=g","contentUrl":"https:\/\/secure.gravatar.com\/avatar\/e6f378fd6914c8505d3e1d40f51fa953b21bab0f3a5658a33bc84cb5bda780f9?s=96&d=mm&r=g","caption":"admin"},"sameAs":["https:\/\/estadocomarte.pt\/site"],"url":"https:\/\/estadocomarte.pt\/site\/author\/admin\/"}]}},"_links":{"self":[{"href":"https:\/\/estadocomarte.pt\/site\/wp-json\/wp\/v2\/posts\/13245","targetHints":{"allow":["GET"]}}],"collection":[{"href":"https:\/\/estadocomarte.pt\/site\/wp-json\/wp\/v2\/posts"}],"about":[{"href":"https:\/\/estadocomarte.pt\/site\/wp-json\/wp\/v2\/types\/post"}],"author":[{"embeddable":true,"href":"https:\/\/estadocomarte.pt\/site\/wp-json\/wp\/v2\/users\/1"}],"replies":[{"embeddable":true,"href":"https:\/\/estadocomarte.pt\/site\/wp-json\/wp\/v2\/comments?post=13245"}],"version-history":[{"count":1,"href":"https:\/\/estadocomarte.pt\/site\/wp-json\/wp\/v2\/posts\/13245\/revisions"}],"predecessor-version":[{"id":13246,"href":"https:\/\/estadocomarte.pt\/site\/wp-json\/wp\/v2\/posts\/13245\/revisions\/13246"}],"wp:featuredmedia":[{"embeddable":true,"href":"https:\/\/estadocomarte.pt\/site\/wp-json\/wp\/v2\/media\/3539"}],"wp:attachment":[{"href":"https:\/\/estadocomarte.pt\/site\/wp-json\/wp\/v2\/media?parent=13245"}],"wp:term":[{"taxonomy":"category","embeddable":true,"href":"https:\/\/estadocomarte.pt\/site\/wp-json\/wp\/v2\/categories?post=13245"},{"taxonomy":"post_tag","embeddable":true,"href":"https:\/\/estadocomarte.pt\/site\/wp-json\/wp\/v2\/tags?post=13245"}],"curies":[{"name":"wp","href":"https:\/\/api.w.org\/{rel}","templated":true}]}}