{"id":4299,"date":"2024-03-06T09:32:49","date_gmt":"2024-03-06T09:32:49","guid":{"rendered":"https:\/\/estadocomarte.pt\/site\/?p=4299"},"modified":"2024-03-06T09:33:04","modified_gmt":"2024-03-06T09:33:04","slug":"a-hipocrisia-das-percecoes","status":"publish","type":"post","link":"https:\/\/estadocomarte.pt\/site\/2024\/03\/06\/a-hipocrisia-das-percecoes\/","title":{"rendered":"A hipocrisia das perce\u00e7\u00f5es"},"content":{"rendered":"<p><strong>\u00c9 s\u00f3 um exemplo da explora\u00e7\u00e3o dos medos versus as necessidades reais apoiadas pelos n\u00fameros que, ao crescerem apenas normalizam estas situa\u00e7\u00f5es e as tornam pouco sexys, a um eleitorado facilmente manipul\u00e1vel.<\/strong><\/p>\n<p>Recentemente, numa interven\u00e7\u00e3o de campanha pelo seu partido, Passos Coelho veio sugerir que h\u00e1 uma &#8220;sensa\u00e7\u00e3o de inseguran\u00e7a&#8221; por parte dos portugueses em rela\u00e7\u00e3o \u00e0 emigra\u00e7\u00e3o corrente.<\/p>\n<p>Pegando nas tem\u00e1ticas habitualmente utilizadas pelos partidos extremistas como \u00e9 o caso franc\u00eas, italiano, brasileiro, brit\u00e2nico e no caso portugu\u00eas, o partido chefiado pelo ex-seminarista Andr\u00e9 Ventura, parece clara a inten\u00e7\u00e3o do ex-primeiro-ministro de apelar ao voto mais ao centro-direita apelando ao tamb\u00e9m ex-eleitorado que se v\u00ea agora representado nas narrativas populistas de direita.<\/p>\n<p>Qual \u00e9 o problema desta interven\u00e7\u00e3o? F\u00e1cil, \u00e9 baseada em nada. N\u00e3o tem qualquer suporte estat\u00edstico e apena serve para criar uma percep\u00e7\u00e3o baseada na recria\u00e7\u00e3o do Outro, do mau, do culpado, daquele cuja presen\u00e7a representa uma amea\u00e7a.<\/p>\n<p>No contexto pessoal das nossas vidas estas percep\u00e7\u00f5es geram j\u00e1 em si uma narrativa err\u00f3nea, consubstanciada quer nas nossas necessidades projetivas, quer no encapsulamento de toda uma pessoa atrav\u00e9s do funil muito estreito de um qualquer post de rede social. Isso j\u00e1 \u00e9 mau.<\/p>\n<p>No contexto pol\u00edtico isso devia ser inaceit\u00e1vel. Esta ideia de criar p\u00e2nicos morais numa t\u00f3nica de narrar um problema, provocar uma rea\u00e7\u00e3o e mostrar-se como a solu\u00e7\u00e3o para angariar votos, \u00e9 triste, mas sintom\u00e1tica dos nossos dias.<\/p>\n<p>Passos Coelho na realidade n\u00e3o vem inventar nada, vem apenas regurgitar mecanismos que geram emo\u00e7\u00f5es a pessoas que nunca se ir\u00e3o dar ao trabalho de ir verificar que n\u00e3o existe correla\u00e7\u00e3o nenhuma entre emigra\u00e7\u00e3o e crime.<\/p>\n<p>Veja-se por exemplo o mecanismo emocional da pedofilia. Esta que era uma bandeira de Ventura, tamb\u00e9m ela sem suporte real, desapareceu dos seus discursos inflamat\u00f3rios e pol\u00e9micos. Talvez ter\u00e1 que ver com o facto, esse sim, de um comportamento de agress\u00e3o sexual, feito e abafado por v\u00e1rios membros da igreja cat\u00f3lica. A esse facto, n\u00e3o se viu discurso, nem fleuma.<\/p>\n<p>Por outro lado, este mesmo mecanismo emocional podia ser \u00fatil, caso se virasse para factos como os crimes de viol\u00eancia dom\u00e9stica e desigualdades salariais baseadas apenas no g\u00e9nero. Mais que discursos inflamados, onde est\u00e3o as solu\u00e7\u00f5es para estes casos end\u00e9micos na sociedade portuguesa?<\/p>\n<p>\u00c9 s\u00f3 um exemplo da explora\u00e7\u00e3o dos medos versus as necessidades reais apoiadas pelos n\u00fameros que, ao crescerem apenas normalizam estas situa\u00e7\u00f5es e as tornam pouco sexys, a um eleitorado facilmente manipul\u00e1vel.<\/p>\n<p>\u00c9 preciso honradez e deontologia na vida e na pol\u00edtica. N\u00e3o vale tudo para ganhar. Mentir ou manipular a opini\u00e3o p\u00fablica devia ser requisito para escrut\u00ednio e cancelamento, mas n\u00e3o \u00e9 assim.<\/p>\n<p>Somos todos culpados e alguns dos nossos pol\u00edticos s\u00e3o um reflexo das nossas tend\u00eancias e j\u00e1 n\u00e3o um exemplo de lideran\u00e7a ou car\u00e1cter. N\u00e3o deixa de ser ir\u00f3nico que s\u00e3o as chefias fracas que criam hist\u00e9ricos populistas, e estes engrandecem \u00e0s custas dos \u201cfalhan\u00e7os\u201d dos moderados.<\/p>\n<p>Por\u00e9m a solu\u00e7\u00e3o n\u00e3o pode ser ado\u00e7\u00e3o do discurso manipulador, porque ent\u00e3o, onde se tra\u00e7a a linha entre a verdade dos factos e a sede de poder?<\/p>\n<p>Quem perde com isto? Todos n\u00f3s tamb\u00e9m.<\/p>\n<p>Uma imprensa que n\u00e3o questiona, habitua os leitores a uma pregui\u00e7a cognitiva e conceptual, e cria um eleitorado desinformado que vive de figuras pol\u00edticas que todos os dias alimentam a fome emocional e criam perce\u00e7\u00f5es marketizaveis.<\/p>\n<p>O PSD como partido hist\u00f3rico tem o dever de se pautar pela seriedade que dele \u00e9 esperado. Esta interven\u00e7\u00e3o de um seu ex-l\u00edder \u00e9 vergonhosa e representa uma n\u00f3doa ideol\u00f3gica e a normaliza\u00e7\u00e3o do p\u00e2nico moral.<\/p>\n","protected":false},"excerpt":{"rendered":"<p>Bernardo Almeida,<br \/>\nJornalista<\/p>\n","protected":false},"author":1,"featured_media":4300,"comment_status":"open","ping_status":"open","sticky":false,"template":"","format":"standard","meta":{"site-sidebar-layout":"default","site-content-layout":"default","ast-global-header-display":"","ast-banner-title-visibility":"","ast-main-header-display":"","ast-hfb-above-header-display":"","ast-hfb-below-header-display":"","ast-hfb-mobile-header-display":"","site-post-title":"","ast-breadcrumbs-content":"","ast-featured-img":"","footer-sml-layout":"","theme-transparent-header-meta":"default","adv-header-id-meta":"","stick-header-meta":"","header-above-stick-meta":"","header-main-stick-meta":"","header-below-stick-meta":"","footnotes":""},"categories":[64,11],"tags":[],"class_list":["post-4299","post","type-post","status-publish","format-standard","has-post-thumbnail","hentry","category-isto-para-nos","category-opiniao"],"yoast_head":"<!-- This site is optimized with the Yoast SEO plugin v25.1 - https:\/\/yoast.com\/wordpress\/plugins\/seo\/ -->\n<title>A hipocrisia das perce\u00e7\u00f5es - Estado com Arte<\/title>\n<meta name=\"robots\" content=\"index, follow, max-snippet:-1, max-image-preview:large, max-video-preview:-1\" \/>\n<link rel=\"canonical\" href=\"https:\/\/estadocomarte.pt\/site\/2024\/03\/06\/a-hipocrisia-das-percecoes\/\" \/>\n<meta property=\"og:locale\" content=\"pt_PT\" \/>\n<meta property=\"og:type\" content=\"article\" \/>\n<meta property=\"og:title\" content=\"A hipocrisia das perce\u00e7\u00f5es - Estado com Arte\" \/>\n<meta property=\"og:description\" content=\"Bernardo Almeida,  Jornalista\" \/>\n<meta property=\"og:url\" content=\"https:\/\/estadocomarte.pt\/site\/2024\/03\/06\/a-hipocrisia-das-percecoes\/\" \/>\n<meta property=\"og:site_name\" content=\"Estado com Arte\" \/>\n<meta property=\"article:published_time\" content=\"2024-03-06T09:32:49+00:00\" \/>\n<meta property=\"article:modified_time\" content=\"2024-03-06T09:33:04+00:00\" \/>\n<meta property=\"og:image\" content=\"https:\/\/estadocomarte.pt\/site\/wp-content\/uploads\/2024\/03\/Bernardo.jpg.jpeg\" \/>\n\t<meta property=\"og:image:width\" content=\"432\" \/>\n\t<meta property=\"og:image:height\" content=\"604\" \/>\n\t<meta property=\"og:image:type\" content=\"image\/jpeg\" \/>\n<meta name=\"author\" content=\"admin\" \/>\n<meta name=\"twitter:card\" content=\"summary_large_image\" \/>\n<meta name=\"twitter:label1\" content=\"Escrito por\" \/>\n\t<meta name=\"twitter:data1\" content=\"admin\" \/>\n\t<meta name=\"twitter:label2\" content=\"Tempo estimado de leitura\" \/>\n\t<meta name=\"twitter:data2\" content=\"4 minutos\" \/>\n<script type=\"application\/ld+json\" class=\"yoast-schema-graph\">{\"@context\":\"https:\/\/schema.org\",\"@graph\":[{\"@type\":\"Article\",\"@id\":\"https:\/\/estadocomarte.pt\/site\/2024\/03\/06\/a-hipocrisia-das-percecoes\/#article\",\"isPartOf\":{\"@id\":\"https:\/\/estadocomarte.pt\/site\/2024\/03\/06\/a-hipocrisia-das-percecoes\/\"},\"author\":{\"name\":\"admin\",\"@id\":\"https:\/\/estadocomarte.pt\/site\/#\/schema\/person\/c0943a071216c1e5b21f85304151e4ba\"},\"headline\":\"A hipocrisia das perce\u00e7\u00f5es\",\"datePublished\":\"2024-03-06T09:32:49+00:00\",\"dateModified\":\"2024-03-06T09:33:04+00:00\",\"mainEntityOfPage\":{\"@id\":\"https:\/\/estadocomarte.pt\/site\/2024\/03\/06\/a-hipocrisia-das-percecoes\/\"},\"wordCount\":672,\"commentCount\":0,\"publisher\":{\"@id\":\"https:\/\/estadocomarte.pt\/site\/#organization\"},\"image\":{\"@id\":\"https:\/\/estadocomarte.pt\/site\/2024\/03\/06\/a-hipocrisia-das-percecoes\/#primaryimage\"},\"thumbnailUrl\":\"https:\/\/estadocomarte.pt\/site\/wp-content\/uploads\/2024\/03\/Bernardo.jpg.jpeg\",\"articleSection\":[\"Isto Para N\u00f3s\",\"Opini\u00e3o\"],\"inLanguage\":\"pt-PT\",\"potentialAction\":[{\"@type\":\"CommentAction\",\"name\":\"Comment\",\"target\":[\"https:\/\/estadocomarte.pt\/site\/2024\/03\/06\/a-hipocrisia-das-percecoes\/#respond\"]}]},{\"@type\":\"WebPage\",\"@id\":\"https:\/\/estadocomarte.pt\/site\/2024\/03\/06\/a-hipocrisia-das-percecoes\/\",\"url\":\"https:\/\/estadocomarte.pt\/site\/2024\/03\/06\/a-hipocrisia-das-percecoes\/\",\"name\":\"A hipocrisia das perce\u00e7\u00f5es - Estado com Arte\",\"isPartOf\":{\"@id\":\"https:\/\/estadocomarte.pt\/site\/#website\"},\"primaryImageOfPage\":{\"@id\":\"https:\/\/estadocomarte.pt\/site\/2024\/03\/06\/a-hipocrisia-das-percecoes\/#primaryimage\"},\"image\":{\"@id\":\"https:\/\/estadocomarte.pt\/site\/2024\/03\/06\/a-hipocrisia-das-percecoes\/#primaryimage\"},\"thumbnailUrl\":\"https:\/\/estadocomarte.pt\/site\/wp-content\/uploads\/2024\/03\/Bernardo.jpg.jpeg\",\"datePublished\":\"2024-03-06T09:32:49+00:00\",\"dateModified\":\"2024-03-06T09:33:04+00:00\",\"breadcrumb\":{\"@id\":\"https:\/\/estadocomarte.pt\/site\/2024\/03\/06\/a-hipocrisia-das-percecoes\/#breadcrumb\"},\"inLanguage\":\"pt-PT\",\"potentialAction\":[{\"@type\":\"ReadAction\",\"target\":[\"https:\/\/estadocomarte.pt\/site\/2024\/03\/06\/a-hipocrisia-das-percecoes\/\"]}]},{\"@type\":\"ImageObject\",\"inLanguage\":\"pt-PT\",\"@id\":\"https:\/\/estadocomarte.pt\/site\/2024\/03\/06\/a-hipocrisia-das-percecoes\/#primaryimage\",\"url\":\"https:\/\/estadocomarte.pt\/site\/wp-content\/uploads\/2024\/03\/Bernardo.jpg.jpeg\",\"contentUrl\":\"https:\/\/estadocomarte.pt\/site\/wp-content\/uploads\/2024\/03\/Bernardo.jpg.jpeg\",\"width\":432,\"height\":604},{\"@type\":\"BreadcrumbList\",\"@id\":\"https:\/\/estadocomarte.pt\/site\/2024\/03\/06\/a-hipocrisia-das-percecoes\/#breadcrumb\",\"itemListElement\":[{\"@type\":\"ListItem\",\"position\":1,\"name\":\"In\u00edcio\",\"item\":\"https:\/\/estadocomarte.pt\/site\/\"},{\"@type\":\"ListItem\",\"position\":2,\"name\":\"A hipocrisia das perce\u00e7\u00f5es\"}]},{\"@type\":\"WebSite\",\"@id\":\"https:\/\/estadocomarte.pt\/site\/#website\",\"url\":\"https:\/\/estadocomarte.pt\/site\/\",\"name\":\"Estado com Arte Magazine\",\"description\":\"Magazine\",\"publisher\":{\"@id\":\"https:\/\/estadocomarte.pt\/site\/#organization\"},\"alternateName\":\"Magazine semanal sobre pol\u00edtica e cultura, com autores, opini\u00e3o e cr\u00edticas.\",\"potentialAction\":[{\"@type\":\"SearchAction\",\"target\":{\"@type\":\"EntryPoint\",\"urlTemplate\":\"https:\/\/estadocomarte.pt\/site\/?s={search_term_string}\"},\"query-input\":{\"@type\":\"PropertyValueSpecification\",\"valueRequired\":true,\"valueName\":\"search_term_string\"}}],\"inLanguage\":\"pt-PT\"},{\"@type\":\"Organization\",\"@id\":\"https:\/\/estadocomarte.pt\/site\/#organization\",\"name\":\"Estado com Arte Magazine\",\"alternateName\":\"Magazine semanal sobre pol\u00edtica e cultura, com autores, opini\u00e3o e cr\u00edticas.\",\"url\":\"https:\/\/estadocomarte.pt\/site\/\",\"logo\":{\"@type\":\"ImageObject\",\"inLanguage\":\"pt-PT\",\"@id\":\"https:\/\/estadocomarte.pt\/site\/#\/schema\/logo\/image\/\",\"url\":\"https:\/\/estadocomarte.pt\/site\/wp-content\/uploads\/2023\/06\/cropped-cropped-Prancheta-2@2x-100.jpg\",\"contentUrl\":\"https:\/\/estadocomarte.pt\/site\/wp-content\/uploads\/2023\/06\/cropped-cropped-Prancheta-2@2x-100.jpg\",\"width\":1777,\"height\":592,\"caption\":\"Estado com Arte Magazine\"},\"image\":{\"@id\":\"https:\/\/estadocomarte.pt\/site\/#\/schema\/logo\/image\/\"},\"sameAs\":[\"https:\/\/www.instagram.com\/estadocomartemagazine\"]},{\"@type\":\"Person\",\"@id\":\"https:\/\/estadocomarte.pt\/site\/#\/schema\/person\/c0943a071216c1e5b21f85304151e4ba\",\"name\":\"admin\",\"image\":{\"@type\":\"ImageObject\",\"inLanguage\":\"pt-PT\",\"@id\":\"https:\/\/estadocomarte.pt\/site\/#\/schema\/person\/image\/\",\"url\":\"https:\/\/secure.gravatar.com\/avatar\/e6f378fd6914c8505d3e1d40f51fa953b21bab0f3a5658a33bc84cb5bda780f9?s=96&d=mm&r=g\",\"contentUrl\":\"https:\/\/secure.gravatar.com\/avatar\/e6f378fd6914c8505d3e1d40f51fa953b21bab0f3a5658a33bc84cb5bda780f9?s=96&d=mm&r=g\",\"caption\":\"admin\"},\"sameAs\":[\"https:\/\/estadocomarte.pt\/site\"],\"url\":\"https:\/\/estadocomarte.pt\/site\/author\/admin\/\"}]}<\/script>\n<!-- \/ Yoast SEO plugin. -->","yoast_head_json":{"title":"A hipocrisia das perce\u00e7\u00f5es - Estado com Arte","robots":{"index":"index","follow":"follow","max-snippet":"max-snippet:-1","max-image-preview":"max-image-preview:large","max-video-preview":"max-video-preview:-1"},"canonical":"https:\/\/estadocomarte.pt\/site\/2024\/03\/06\/a-hipocrisia-das-percecoes\/","og_locale":"pt_PT","og_type":"article","og_title":"A hipocrisia das perce\u00e7\u00f5es - Estado com Arte","og_description":"Bernardo Almeida,  Jornalista","og_url":"https:\/\/estadocomarte.pt\/site\/2024\/03\/06\/a-hipocrisia-das-percecoes\/","og_site_name":"Estado com Arte","article_published_time":"2024-03-06T09:32:49+00:00","article_modified_time":"2024-03-06T09:33:04+00:00","og_image":[{"width":432,"height":604,"url":"https:\/\/estadocomarte.pt\/site\/wp-content\/uploads\/2024\/03\/Bernardo.jpg.jpeg","type":"image\/jpeg"}],"author":"admin","twitter_card":"summary_large_image","twitter_misc":{"Escrito por":"admin","Tempo estimado de leitura":"4 minutos"},"schema":{"@context":"https:\/\/schema.org","@graph":[{"@type":"Article","@id":"https:\/\/estadocomarte.pt\/site\/2024\/03\/06\/a-hipocrisia-das-percecoes\/#article","isPartOf":{"@id":"https:\/\/estadocomarte.pt\/site\/2024\/03\/06\/a-hipocrisia-das-percecoes\/"},"author":{"name":"admin","@id":"https:\/\/estadocomarte.pt\/site\/#\/schema\/person\/c0943a071216c1e5b21f85304151e4ba"},"headline":"A hipocrisia das perce\u00e7\u00f5es","datePublished":"2024-03-06T09:32:49+00:00","dateModified":"2024-03-06T09:33:04+00:00","mainEntityOfPage":{"@id":"https:\/\/estadocomarte.pt\/site\/2024\/03\/06\/a-hipocrisia-das-percecoes\/"},"wordCount":672,"commentCount":0,"publisher":{"@id":"https:\/\/estadocomarte.pt\/site\/#organization"},"image":{"@id":"https:\/\/estadocomarte.pt\/site\/2024\/03\/06\/a-hipocrisia-das-percecoes\/#primaryimage"},"thumbnailUrl":"https:\/\/estadocomarte.pt\/site\/wp-content\/uploads\/2024\/03\/Bernardo.jpg.jpeg","articleSection":["Isto Para N\u00f3s","Opini\u00e3o"],"inLanguage":"pt-PT","potentialAction":[{"@type":"CommentAction","name":"Comment","target":["https:\/\/estadocomarte.pt\/site\/2024\/03\/06\/a-hipocrisia-das-percecoes\/#respond"]}]},{"@type":"WebPage","@id":"https:\/\/estadocomarte.pt\/site\/2024\/03\/06\/a-hipocrisia-das-percecoes\/","url":"https:\/\/estadocomarte.pt\/site\/2024\/03\/06\/a-hipocrisia-das-percecoes\/","name":"A hipocrisia das perce\u00e7\u00f5es - Estado com Arte","isPartOf":{"@id":"https:\/\/estadocomarte.pt\/site\/#website"},"primaryImageOfPage":{"@id":"https:\/\/estadocomarte.pt\/site\/2024\/03\/06\/a-hipocrisia-das-percecoes\/#primaryimage"},"image":{"@id":"https:\/\/estadocomarte.pt\/site\/2024\/03\/06\/a-hipocrisia-das-percecoes\/#primaryimage"},"thumbnailUrl":"https:\/\/estadocomarte.pt\/site\/wp-content\/uploads\/2024\/03\/Bernardo.jpg.jpeg","datePublished":"2024-03-06T09:32:49+00:00","dateModified":"2024-03-06T09:33:04+00:00","breadcrumb":{"@id":"https:\/\/estadocomarte.pt\/site\/2024\/03\/06\/a-hipocrisia-das-percecoes\/#breadcrumb"},"inLanguage":"pt-PT","potentialAction":[{"@type":"ReadAction","target":["https:\/\/estadocomarte.pt\/site\/2024\/03\/06\/a-hipocrisia-das-percecoes\/"]}]},{"@type":"ImageObject","inLanguage":"pt-PT","@id":"https:\/\/estadocomarte.pt\/site\/2024\/03\/06\/a-hipocrisia-das-percecoes\/#primaryimage","url":"https:\/\/estadocomarte.pt\/site\/wp-content\/uploads\/2024\/03\/Bernardo.jpg.jpeg","contentUrl":"https:\/\/estadocomarte.pt\/site\/wp-content\/uploads\/2024\/03\/Bernardo.jpg.jpeg","width":432,"height":604},{"@type":"BreadcrumbList","@id":"https:\/\/estadocomarte.pt\/site\/2024\/03\/06\/a-hipocrisia-das-percecoes\/#breadcrumb","itemListElement":[{"@type":"ListItem","position":1,"name":"In\u00edcio","item":"https:\/\/estadocomarte.pt\/site\/"},{"@type":"ListItem","position":2,"name":"A hipocrisia das perce\u00e7\u00f5es"}]},{"@type":"WebSite","@id":"https:\/\/estadocomarte.pt\/site\/#website","url":"https:\/\/estadocomarte.pt\/site\/","name":"Estado com Arte Magazine","description":"Magazine","publisher":{"@id":"https:\/\/estadocomarte.pt\/site\/#organization"},"alternateName":"Magazine semanal sobre pol\u00edtica e cultura, com autores, opini\u00e3o e cr\u00edticas.","potentialAction":[{"@type":"SearchAction","target":{"@type":"EntryPoint","urlTemplate":"https:\/\/estadocomarte.pt\/site\/?s={search_term_string}"},"query-input":{"@type":"PropertyValueSpecification","valueRequired":true,"valueName":"search_term_string"}}],"inLanguage":"pt-PT"},{"@type":"Organization","@id":"https:\/\/estadocomarte.pt\/site\/#organization","name":"Estado com Arte Magazine","alternateName":"Magazine semanal sobre pol\u00edtica e cultura, com autores, opini\u00e3o e cr\u00edticas.","url":"https:\/\/estadocomarte.pt\/site\/","logo":{"@type":"ImageObject","inLanguage":"pt-PT","@id":"https:\/\/estadocomarte.pt\/site\/#\/schema\/logo\/image\/","url":"https:\/\/estadocomarte.pt\/site\/wp-content\/uploads\/2023\/06\/cropped-cropped-Prancheta-2@2x-100.jpg","contentUrl":"https:\/\/estadocomarte.pt\/site\/wp-content\/uploads\/2023\/06\/cropped-cropped-Prancheta-2@2x-100.jpg","width":1777,"height":592,"caption":"Estado com Arte Magazine"},"image":{"@id":"https:\/\/estadocomarte.pt\/site\/#\/schema\/logo\/image\/"},"sameAs":["https:\/\/www.instagram.com\/estadocomartemagazine"]},{"@type":"Person","@id":"https:\/\/estadocomarte.pt\/site\/#\/schema\/person\/c0943a071216c1e5b21f85304151e4ba","name":"admin","image":{"@type":"ImageObject","inLanguage":"pt-PT","@id":"https:\/\/estadocomarte.pt\/site\/#\/schema\/person\/image\/","url":"https:\/\/secure.gravatar.com\/avatar\/e6f378fd6914c8505d3e1d40f51fa953b21bab0f3a5658a33bc84cb5bda780f9?s=96&d=mm&r=g","contentUrl":"https:\/\/secure.gravatar.com\/avatar\/e6f378fd6914c8505d3e1d40f51fa953b21bab0f3a5658a33bc84cb5bda780f9?s=96&d=mm&r=g","caption":"admin"},"sameAs":["https:\/\/estadocomarte.pt\/site"],"url":"https:\/\/estadocomarte.pt\/site\/author\/admin\/"}]}},"_links":{"self":[{"href":"https:\/\/estadocomarte.pt\/site\/wp-json\/wp\/v2\/posts\/4299","targetHints":{"allow":["GET"]}}],"collection":[{"href":"https:\/\/estadocomarte.pt\/site\/wp-json\/wp\/v2\/posts"}],"about":[{"href":"https:\/\/estadocomarte.pt\/site\/wp-json\/wp\/v2\/types\/post"}],"author":[{"embeddable":true,"href":"https:\/\/estadocomarte.pt\/site\/wp-json\/wp\/v2\/users\/1"}],"replies":[{"embeddable":true,"href":"https:\/\/estadocomarte.pt\/site\/wp-json\/wp\/v2\/comments?post=4299"}],"version-history":[{"count":0,"href":"https:\/\/estadocomarte.pt\/site\/wp-json\/wp\/v2\/posts\/4299\/revisions"}],"wp:featuredmedia":[{"embeddable":true,"href":"https:\/\/estadocomarte.pt\/site\/wp-json\/wp\/v2\/media\/4300"}],"wp:attachment":[{"href":"https:\/\/estadocomarte.pt\/site\/wp-json\/wp\/v2\/media?parent=4299"}],"wp:term":[{"taxonomy":"category","embeddable":true,"href":"https:\/\/estadocomarte.pt\/site\/wp-json\/wp\/v2\/categories?post=4299"},{"taxonomy":"post_tag","embeddable":true,"href":"https:\/\/estadocomarte.pt\/site\/wp-json\/wp\/v2\/tags?post=4299"}],"curies":[{"name":"wp","href":"https:\/\/api.w.org\/{rel}","templated":true}]}}