{"id":5819,"date":"2024-07-12T09:00:17","date_gmt":"2024-07-12T09:00:17","guid":{"rendered":"https:\/\/estadocomarte.pt\/site\/?p=5819"},"modified":"2024-07-12T14:44:03","modified_gmt":"2024-07-12T14:44:03","slug":"montemor-o-novo-e-a-capital-da-pecuaria-extensiva","status":"publish","type":"post","link":"https:\/\/estadocomarte.pt\/site\/2024\/07\/12\/montemor-o-novo-e-a-capital-da-pecuaria-extensiva\/","title":{"rendered":"MARIA DO C\u00c9U SALGUEIRO. \u201cMONTEMOR-O-NOVO \u00c9 A CAPITAL DA PECU\u00c1RIA EXTENSIVA&#8221;. C\/ PODCAST"},"content":{"rendered":"<p><strong>Maria do C\u00e9u Salgueiro, engenheira agr\u00f3noma, \u00e9 a vice-presidente da dire\u00e7\u00e3o da Associa\u00e7\u00e3o de Produtores do Mundo Rural da Regi\u00e3o de Montemor-O-Novo, Apormor, e Presidente do Conselho Consultivo das Mulheres Agricultoras no \u00e2mbito da CAP, Confedera\u00e7\u00e3o dos Agricultores de Portugal.<\/strong><br \/>\n<strong>Tamb\u00e9m como respons\u00e1vel do Conselho Consultivo das Mulheres Agricultoras defende a valoriza\u00e7\u00e3o do mundo rural com a gest\u00e3o e participa\u00e7\u00e3o ativa das mulheres nas suas variad\u00edssimas tarefas. J\u00e1 coordenou e levou grupos de mulheres a Bruxelas para sensibilizar os eurodeputados, participantes na Comiss\u00e3o de Agricultura, dos problemas que todas sentem nas suas explora\u00e7\u00f5es e defende que &#8220;o empoderamento feminino \u00e9 marcante pela diferen\u00e7a que faz a nossa intui\u00e7\u00e3o&#8221;.<\/strong><\/p>\n<p>Ao Estado com Arte Magazine, Maria do C\u00e9u Salgueiro diz que a associa\u00e7\u00e3o Apormor, dinamiza a economia regional, faz a diferen\u00e7a naquilo que \u00e9 a pecu\u00e1ria extensiva e o neg\u00f3cio do dia-a-dia das explora\u00e7\u00f5es na regi\u00e3o.\u201d<br \/>\nA Apormor tem a sua atividade principal na gest\u00e3o do Parque de Leil\u00f5es onde, todas as semanas, \u00e0s ter\u00e7as-feiras decorre o leil\u00e3o de bovinos e uma vez por m\u00eas, numa quinta-feira, realiza o leil\u00e3o de ovinos.<br \/>\nEsta atividade torna a Apormor o centro da pecu\u00e1ria extensiva, porque todos os dias o foco \u00e9 apoiar a comercializa\u00e7\u00e3o dos bovinos e dos ovinos com a necessidade de atrair mais s\u00f3cios e mais oferta de bons animais que melhoram a qualidade e e quantidade do leil\u00e3o.<br \/>\n\u201cNesta perspetiva, mais compradores nos procuram, presencialmente e on-line, procurando adquirir animais para os seus circuitos comerciais internos ou externos,\u201d explica a dirigente.<br \/>\nO record de leil\u00f5es de gado vivo foi atingido em Junho de 2023 com 1200 animais a leil\u00e3o, Maria do C\u00e9u Salgueiro defende que \u201c\u00e9 de todo necess\u00e1rio relevar o papel dos colaboradores da Apormor, \u201cestes 1200 animais entraram numa segunda-feira, foram leiloados na ter\u00e7a-feira e carregados na quarta-feira, seguindo o circuito normal de um processo de leil\u00e3o. Assim, \u00e9 importante real\u00e7ar que foram movimentados 3600 animais em 3 dias. Parecendo um processo fluente s\u00f3 mesmo com a entrega, conhecimento e empenho dos colaboradores se realizam os leil\u00f5es com a dimens\u00e3o e a rotina semanal.\u201d<\/p>\n<p>A agricultora alentejana, pela atividade da Apormor, est\u00e1 no mercado da carne com a comercializa\u00e7\u00e3o dos bovinos e ovinos apresentados nos leil\u00f5es de gado vivo, mas tamb\u00e9m est\u00e1 no Conselho Consultivo das Mulheres Agricultoras no \u00e2mbito da CAP, a Confedera\u00e7\u00e3o dos Agricultores de Portugal, onde procura valorizar o mundo rural com as atividades das mulheres nos mais diversos setores agr\u00edcolas de norte a sul do pa\u00eds.<\/p>\n<p>No \u00e2mbito deste trabalho j\u00e1 coordenou e levou grupos de mulheres a Bruxelas para sensibilizar os eurodeputados, participantes na Comiss\u00e3o de Agricultura, dos problemas que todas sentem nas suas explora\u00e7\u00f5es e defende que \u201co empoderamento feminino \u00e9 marcante pela diferen\u00e7a que faz a nossa intui\u00e7\u00e3o\u201d.<\/p>\n<p><iframe title=\"MARIA DO C\u00c9U SALGUEIRO: LIDERAN\u00c7A NO ALENTEJO NO FEMININO by Estado com Arte\" width=\"500\" height=\"400\" scrolling=\"no\" frameborder=\"no\" src=\"https:\/\/w.soundcloud.com\/player\/?visual=true&#038;url=https%3A%2F%2Fapi.soundcloud.com%2Ftracks%2F1867812480&#038;show_artwork=true&#038;maxheight=750&#038;maxwidth=500\"><\/iframe><\/p>\n<h3><strong>Apormor, motor de desenvolvimento econ\u00f3mico no Alentejo<\/strong><\/h3>\n<p>&nbsp;<\/p>\n<p>Considera que a Apormor \u00e9 &#8220;motor de desenvolvimento da economia da regi\u00e3o pelo apoio continuo na comercializa\u00e7\u00e3o dos animais e este enorme papel de apoio ao setor da pecu\u00e1ria extensiva tem, na realidade, obtido retorno nos \u00faltimos anos com o envolvimento de todas as associa\u00e7\u00f5es de ra\u00e7a nos nossos eventos como a Feira de maio e a Expomor em setembro.&#8221;<\/p>\n<p>\u00c0s ter\u00e7as-feiras ap\u00f3s o fim do leil\u00e3o e &#8220;assim que o apresentante entregar a fatura da venda dos seus animais, procuramos fazer de imediato a transfer\u00eancia. A confian\u00e7a que depositam em n\u00f3s foi ganha ao longo do tempo e, entre todos, o processo tem de ser o mais r\u00e1pido e eficiente poss\u00edvel.&#8221;<br \/>\nNo entanto, admite que ainda hoje h\u00e1 pessoas em Montemor que n\u00e3o se apercebem da din\u00e2mica da associa\u00e7\u00e3o de pecu\u00e1ria extensiva, algo que \u201ctemos conseguido transmitir \u00e0s fam\u00edlias das crian\u00e7as, que entretanto temos envolvido nas iniciativas em parceria com as escolas e o clube de rugby.\u201d As crian\u00e7as passam o dia na Apormor entretidas em din\u00e2micas de grupo com perguntas sobre o mundo rural, observam os c\u00e3es de ra\u00e7a Border Collie a orientar rebanhos de ovelhas, almo\u00e7am e andam a cavalo, tarefas que os deixam entusiasmados com a vida rural.<\/p>\n<h3><strong>Parque de leil\u00f5es da Apormor<\/strong><\/h3>\n<p>&nbsp;<\/p>\n<p><img fetchpriority=\"high\" decoding=\"async\" class=\"alignnone wp-image-5876\" src=\"https:\/\/estadocomarte.pt\/site\/wp-content\/uploads\/2023\/01\/leiloes-300x151.jpg\" alt=\"\" width=\"400\" height=\"201\" srcset=\"https:\/\/estadocomarte.pt\/site\/wp-content\/uploads\/2023\/01\/leiloes-300x151.jpg 300w, https:\/\/estadocomarte.pt\/site\/wp-content\/uploads\/2023\/01\/leiloes-1024x515.jpg 1024w, https:\/\/estadocomarte.pt\/site\/wp-content\/uploads\/2023\/01\/leiloes-768x386.jpg 768w, https:\/\/estadocomarte.pt\/site\/wp-content\/uploads\/2023\/01\/leiloes-1536x773.jpg 1536w, https:\/\/estadocomarte.pt\/site\/wp-content\/uploads\/2023\/01\/leiloes.jpg 1789w\" sizes=\"(max-width: 400px) 100vw, 400px\" \/><\/p>\n<p>O Parque de leil\u00f5es da Apormor recebe atualmente cerca de 800 bovinos\/semana e 2000 ovinos por m\u00eas. \u201cNos anos 90 os nossos antecessores tiveram a vis\u00e3o de que, atendendo \u00e0 qualidade da pecu\u00e1ria extensiva na nossa regi\u00e3o, era urgente apoiar a comercializa\u00e7\u00e3o desses animais, assim nasceu a Apormor,\u201d conta Maria do C\u00e9u Salgueiro.<br \/>\nCom um projeto de ra\u00edz foram idealizados 5 pavilh\u00f5es com um sistema de mangas entre estes pavilh\u00f5es e o recinto do leil\u00e3o, facilitando e agilizando toda a movimenta\u00e7\u00e3o dos animais. Ainda hoje, \u201co processo \u00e9 fluente se pensarmos nas quantidades muito maiores e diferentes do inicio da associa\u00e7\u00e3o.\u201d<br \/>\nA associa\u00e7\u00e3o \u201c\u00e9 o que \u00e9 hoje pela forma vision\u00e1ria como os nossos antecessores pensaram o projeto Apormor&#8221;, esclarece a eng. agr\u00f3noma.<br \/>\nUma vez por m\u00eas, a uma quinta-feira, fazem o leil\u00e3o dos borregos,\u00a0 uma esp\u00e9cie que necessitava urgentemente de apoio na comercializa\u00e7\u00e3o, pois nessa \u00e9poca o neg\u00f3cio dos borregos estava na m\u00e3o dos intermedi\u00e1rios. Conseguiam comprar os borregos a olho nas explora\u00e7\u00f5es a 50\/euros por cabe\u00e7a. \u201cCom a nossa interven\u00e7\u00e3o nos leil\u00f5es, os borregos come\u00e7aram a ser vendidos ao kg e facilmente um borrego come\u00e7ou a valer 70\/80 ou 90 euros, valor este que ficava todo na produ\u00e7\u00e3o e n\u00e3o no intermedi\u00e1rio!&#8221;<\/p>\n<p>Em 2008, ano em que passou a fazer parte da dire\u00e7\u00e3o, a dirigente afirmou que resolveram tomar duas decis\u00f5es de gest\u00e3o, por um lado &#8220;aument\u00e1mos as taxas de utiliza\u00e7\u00e3o valores pagos pelos apresentantes e pelos compradores e, por outro lado, com esta receita, conseguiu-se agilizar protocolos de apoio ao s\u00f3cio, comparticipa\u00e7\u00e3o de metade do saneamento obrigat\u00f3rio dos efetivos dos associados e subven\u00e7\u00e3o na compra de reprodutores de gen\u00e9tica no leil\u00e3o de reprodutores, que j\u00e1 \u00e9 o evento da Expomor&#8221;, explica a gestora agr\u00edcola.<br \/>\nA atual dire\u00e7\u00e3o tem o seu foco no apoio aos s\u00f3cios, pois assim conseguem-se mais animais a leil\u00e3o e maior qualidade no produto obtido, o que tem sustentado o aumento gradual dos animais apresentados anualmente. Em 2023, a Apormor atingiu uma comercializa\u00e7\u00e3o de cerca de 32000 bovinos e 21000 ovinos.<\/p>\n<h3><strong>Expomor, feira anual de Montemor-o-Novo de 28 de agosto a 2 de setembro<\/strong><\/h3>\n<p>&nbsp;<\/p>\n<p><img decoding=\"async\" class=\"alignnone size-medium wp-image-5882\" src=\"https:\/\/estadocomarte.pt\/site\/wp-content\/uploads\/2023\/01\/expomor3-298x300.jpg\" alt=\"\" width=\"298\" height=\"300\" srcset=\"https:\/\/estadocomarte.pt\/site\/wp-content\/uploads\/2023\/01\/expomor3-298x300.jpg 298w, https:\/\/estadocomarte.pt\/site\/wp-content\/uploads\/2023\/01\/expomor3-150x150.jpg 150w, https:\/\/estadocomarte.pt\/site\/wp-content\/uploads\/2023\/01\/expomor3.jpg 695w\" sizes=\"(max-width: 298px) 100vw, 298px\" \/><\/p>\n<p>&#8220;Na Expomor conseguimos fazer uma exposi\u00e7\u00e3o pecu\u00e1ria representativa da qualidade da regi\u00e3o fazendo justi\u00e7a ao lema adotado pela Apormor quando afirmamos que \u201cMontemor-o-Novo \u00e9 a capital nacional da pecu\u00e1ria extensiva,&#8221; explica Maria do C\u00e9u.<br \/>\nH\u00e1 animais premiados nos eventos na Apormor que depois ganham pr\u00e9mios na Europa, por exemplo animais da ra\u00e7a Abeerden-Angus mais recentemente.<br \/>\nTodos os agentes econ\u00f3micos que circulam no setor da pecu\u00e1ria extensiva &#8220;v\u00eaem a Expomor como um ponto de encontro&#8221; nos v\u00e1rios eventos que ocorrem: concursos organizados pelas v\u00e1rias associa\u00e7\u00f5es de ra\u00e7a, quer bovinas quer ovinas, leil\u00f5es, palestras.<br \/>\nSegundo a dirigente &#8220;este empenho das associa\u00e7\u00f5es tamb\u00e9m \u00e9 not\u00f3rio na qualidade dos ju\u00edzes&#8221; que convidam a participar nos concursos. &#8220;Na Expomor, pela dignidade de todos os eventos que acontecem, procuramos colaborar com todos para que, entre todos, a Expomor mantenha e cumpra com a responsabilidade de ser o evento do setor a n\u00edvel nacional.\u201d Diz que h\u00e1 um crescendo da Expomor na visibilidade internacional.<\/p>\n<p>Entregam trof\u00e9us aos melhores produtores nos tr\u00eas primeiros lugares de cada pr\u00e9mio. O trof\u00e9u consiste numa porcelana com os v\u00e1rios exemplares das v\u00e1rias ra\u00e7as pintados \u00e0 m\u00e3o da artista In\u00eas Baptista.<\/p>\n<p>A Dire\u00e7\u00e3o da Apormor prepara agora a Expomor 2024 que vai decorrer no Parque de Leil\u00f5es de 28 de agosto a 2 de setembro, sempre com o foco de continuar a cumprir o lema Montemor-o-Novo, a \u201ccapital nacional da pecu\u00e1ria extensiva\u201d.<\/p>\n<h3><strong>Uma mulher no mundo agr\u00edcola<\/strong><\/h3>\n<p>&nbsp;<\/p>\n<p><img decoding=\"async\" class=\"alignnone wp-image-5890\" src=\"https:\/\/estadocomarte.pt\/site\/wp-content\/uploads\/2024\/07\/ceutotal-300x166.jpg\" alt=\"\" width=\"331\" height=\"183\" srcset=\"https:\/\/estadocomarte.pt\/site\/wp-content\/uploads\/2024\/07\/ceutotal-300x166.jpg 300w, https:\/\/estadocomarte.pt\/site\/wp-content\/uploads\/2024\/07\/ceutotal-1024x568.jpg 1024w, https:\/\/estadocomarte.pt\/site\/wp-content\/uploads\/2024\/07\/ceutotal-768x426.jpg 768w, https:\/\/estadocomarte.pt\/site\/wp-content\/uploads\/2024\/07\/ceutotal-1536x851.jpg 1536w, https:\/\/estadocomarte.pt\/site\/wp-content\/uploads\/2024\/07\/ceutotal.jpg 2048w\" sizes=\"(max-width: 331px) 100vw, 331px\" \/><\/p>\n<p>A fam\u00edlia de Maria de C\u00e9u Salgueiro est\u00e1 ligada \u00e0 agricultura desde os seus bisav\u00f3s, tendo o pai desenvolvido muito atividade agro pecu\u00e1ria na regi\u00e3o de Montemor-o-Novo.<br \/>\nDe \u201cforma vision\u00e1ria e inovadora\u201d, foi o percursor do regadio no Alentejo com a cultura do tomate nos anos 60. Por esta raz\u00e3o, a explora\u00e7\u00e3o no seu todo ficou com \u00e1gua em v\u00e1rios pontos para regar as \u00e1reas do tomate que apareciam aleatoriamente pelas parcelas.<br \/>\n\u201cAquando do seu s\u00fabito falecimento nos anos 80, eu com 22 anos e o meu irm\u00e3o, oficial do ex\u00e9rcito, com 24 anos, decidimos juntamente com a nossa saudosa M\u00e3e, continuar a atividade agro pecu\u00e1ria, sendo eu a presen\u00e7a di\u00e1ria na gest\u00e3o da explora\u00e7\u00e3o,\u201d diz Maria do C\u00e9u Salgueiro.<br \/>\nNa sua falta o Pai deixou terras pr\u00f3prias e arrendadas, pois j\u00e1 o av\u00f4 de Maria do C\u00e9u Salgueiro tinha arrendado estas terras que hoje, por falta da M\u00e3e h\u00e1 ano e meio, continuam na explora\u00e7\u00e3o gerida por si e pelo seu irm\u00e3o.<br \/>\nAssim, assume que foi de forma muito tranquila, que foi aparecendo perante os colaboradores e perante todos quantos necessitava como parceiros no trabalho. Num mundo de homens, nunca sentiu qualquer atrito at\u00e9 porque \u201ca minha forma de estar \u00e9 tranquila, mas assertiva e procuro sempre o di\u00e1logo, pois na d\u00favida, procurava sempre perguntar para decidir melhor.\u201d<\/p>\n<p>Concluiu a licenciatura em Engenharia Agr\u00f3noma na Universidade de \u00c9vora o que lhe permitia estar perto da explora\u00e7\u00e3o. \u201cDesde muito cedo era eu que respondia pela atividade da explora\u00e7\u00e3o e, por esse mesmo motivo, fui convidada para entrar nos corpos sociais da Apormor (Associa\u00e7\u00e3o dos Produtores do Mundo Rural da regi\u00e3o de Montemor o Novo) nos anos 90. Mais tarde, em 2008 passei do conselho fiscal para a Dire\u00e7\u00e3o onde permane\u00e7o at\u00e9 \u00e0 presente data, o que sempre agradeci pela confian\u00e7a e companheirismo que senti nos colegas de Dire\u00e7\u00e3o.<\/p>\n<p>Na explora\u00e7\u00e3o agr\u00edcola da fam\u00edlia deixaram a cultura do tomate. Com boas veda\u00e7\u00f5es para conter os animais, passaram a ter mais vacas de carne, ovelhas de carne e porcos alentejanos.<\/p>\n<figure id=\"attachment_5878\" aria-describedby=\"caption-attachment-5878\" style=\"width: 409px\" class=\"wp-caption alignleft\"><img loading=\"lazy\" decoding=\"async\" class=\"wp-image-5878 \" src=\"https:\/\/estadocomarte.pt\/site\/wp-content\/uploads\/2023\/01\/pai-ceu-300x177.jpg\" alt=\"\" width=\"409\" height=\"241\" srcset=\"https:\/\/estadocomarte.pt\/site\/wp-content\/uploads\/2023\/01\/pai-ceu-300x177.jpg 300w, https:\/\/estadocomarte.pt\/site\/wp-content\/uploads\/2023\/01\/pai-ceu-1024x604.jpg 1024w, https:\/\/estadocomarte.pt\/site\/wp-content\/uploads\/2023\/01\/pai-ceu-768x453.jpg 768w, https:\/\/estadocomarte.pt\/site\/wp-content\/uploads\/2023\/01\/pai-ceu-1536x906.jpg 1536w, https:\/\/estadocomarte.pt\/site\/wp-content\/uploads\/2023\/01\/pai-ceu.jpg 1600w\" sizes=\"(max-width: 409px) 100vw, 409px\" \/><figcaption id=\"caption-attachment-5878\" class=\"wp-caption-text\">Ant\u00f3nio Salgueiro, agricultor e pai de Maria do C\u00e9u Salgueiro, recebe pr\u00e9mio de melhor produtor na f\u00e1brica\u00a0de\u00a0tomate na regi\u00e3o de Montemor-o-Novo<\/figcaption><\/figure>\n<p><span style=\"font-size: 16px;\">Toda a atividade desenvolve-se na produ\u00e7\u00e3o de pastagens biodiversas semeadas para obter bons fenos e pastoreio direto, pois o objetivo \u00e9 ter alimenta\u00e7\u00e3o para auto-consumo. Trata-se de uma explora\u00e7\u00e3o em modo de produ\u00e7\u00e3o biol\u00f3gico. Toda a produ\u00e7\u00e3o \u00e9 comercializada em circuito curto, bovinos e ovinos no leil\u00e3o de animais vivos na Apormor e os su\u00ednos tamb\u00e9m s\u00e3o vendidos localmente.<\/span><\/p>\n","protected":false},"excerpt":{"rendered":"<p>Marta Roque<\/p>\n","protected":false},"author":1,"featured_media":5874,"comment_status":"open","ping_status":"open","sticky":false,"template":"","format":"standard","meta":{"site-sidebar-layout":"default","site-content-layout":"default","ast-global-header-display":"","ast-banner-title-visibility":"","ast-main-header-display":"","ast-hfb-above-header-display":"","ast-hfb-below-header-display":"","ast-hfb-mobile-header-display":"","site-post-title":"","ast-breadcrumbs-content":"","ast-featured-img":"","footer-sml-layout":"","theme-transparent-header-meta":"default","adv-header-id-meta":"","stick-header-meta":"","header-above-stick-meta":"","header-main-stick-meta":"","header-below-stick-meta":"","footnotes":""},"categories":[5],"tags":[195,244,243,242],"class_list":["post-5819","post","type-post","status-publish","format-standard","has-post-thumbnail","hentry","category-economia","tag-alentejo","tag-expomor","tag-maria-do-ceu-salgueiro","tag-montemoronovo"],"yoast_head":"<!-- This site is optimized with the Yoast SEO plugin v25.1 - https:\/\/yoast.com\/wordpress\/plugins\/seo\/ -->\n<title>MARIA DO C\u00c9U SALGUEIRO. \u201cMONTEMOR-O-NOVO \u00c9 A CAPITAL DA PECU\u00c1RIA EXTENSIVA&quot;. C\/ PODCAST - Estado com Arte<\/title>\n<meta name=\"robots\" content=\"index, follow, max-snippet:-1, max-image-preview:large, max-video-preview:-1\" \/>\n<link rel=\"canonical\" href=\"https:\/\/estadocomarte.pt\/site\/2024\/07\/12\/montemor-o-novo-e-a-capital-da-pecuaria-extensiva\/\" \/>\n<meta property=\"og:locale\" content=\"pt_PT\" \/>\n<meta property=\"og:type\" content=\"article\" \/>\n<meta property=\"og:title\" content=\"MARIA DO C\u00c9U SALGUEIRO. \u201cMONTEMOR-O-NOVO \u00c9 A CAPITAL DA PECU\u00c1RIA EXTENSIVA&quot;. C\/ PODCAST - Estado com Arte\" \/>\n<meta property=\"og:description\" content=\"Marta Roque\" \/>\n<meta property=\"og:url\" content=\"https:\/\/estadocomarte.pt\/site\/2024\/07\/12\/montemor-o-novo-e-a-capital-da-pecuaria-extensiva\/\" \/>\n<meta property=\"og:site_name\" content=\"Estado com Arte\" \/>\n<meta property=\"article:published_time\" content=\"2024-07-12T09:00:17+00:00\" \/>\n<meta property=\"article:modified_time\" content=\"2024-07-12T14:44:03+00:00\" \/>\n<meta property=\"og:image\" content=\"https:\/\/estadocomarte.pt\/site\/wp-content\/uploads\/2023\/01\/Ceu4-1.jpg\" \/>\n\t<meta property=\"og:image:width\" content=\"704\" \/>\n\t<meta property=\"og:image:height\" content=\"591\" \/>\n\t<meta property=\"og:image:type\" content=\"image\/jpeg\" \/>\n<meta name=\"author\" content=\"admin\" \/>\n<meta name=\"twitter:card\" content=\"summary_large_image\" \/>\n<meta name=\"twitter:label1\" content=\"Escrito por\" \/>\n\t<meta name=\"twitter:data1\" content=\"admin\" \/>\n\t<meta name=\"twitter:label2\" content=\"Tempo estimado de leitura\" \/>\n\t<meta name=\"twitter:data2\" content=\"11 minutos\" \/>\n<script type=\"application\/ld+json\" class=\"yoast-schema-graph\">{\"@context\":\"https:\/\/schema.org\",\"@graph\":[{\"@type\":\"Article\",\"@id\":\"https:\/\/estadocomarte.pt\/site\/2024\/07\/12\/montemor-o-novo-e-a-capital-da-pecuaria-extensiva\/#article\",\"isPartOf\":{\"@id\":\"https:\/\/estadocomarte.pt\/site\/2024\/07\/12\/montemor-o-novo-e-a-capital-da-pecuaria-extensiva\/\"},\"author\":{\"name\":\"admin\",\"@id\":\"https:\/\/estadocomarte.pt\/site\/#\/schema\/person\/c0943a071216c1e5b21f85304151e4ba\"},\"headline\":\"MARIA DO C\u00c9U SALGUEIRO. \u201cMONTEMOR-O-NOVO \u00c9 A CAPITAL DA PECU\u00c1RIA EXTENSIVA&#8221;. C\/ PODCAST\",\"datePublished\":\"2024-07-12T09:00:17+00:00\",\"dateModified\":\"2024-07-12T14:44:03+00:00\",\"mainEntityOfPage\":{\"@id\":\"https:\/\/estadocomarte.pt\/site\/2024\/07\/12\/montemor-o-novo-e-a-capital-da-pecuaria-extensiva\/\"},\"wordCount\":1893,\"commentCount\":0,\"publisher\":{\"@id\":\"https:\/\/estadocomarte.pt\/site\/#organization\"},\"image\":{\"@id\":\"https:\/\/estadocomarte.pt\/site\/2024\/07\/12\/montemor-o-novo-e-a-capital-da-pecuaria-extensiva\/#primaryimage\"},\"thumbnailUrl\":\"https:\/\/estadocomarte.pt\/site\/wp-content\/uploads\/2023\/01\/Ceu4-1.jpg\",\"keywords\":[\"Alentejo\",\"expomor\",\"maria do ceu salgueiro\",\"montemoronovo\"],\"articleSection\":[\"Economia\"],\"inLanguage\":\"pt-PT\",\"potentialAction\":[{\"@type\":\"CommentAction\",\"name\":\"Comment\",\"target\":[\"https:\/\/estadocomarte.pt\/site\/2024\/07\/12\/montemor-o-novo-e-a-capital-da-pecuaria-extensiva\/#respond\"]}]},{\"@type\":\"WebPage\",\"@id\":\"https:\/\/estadocomarte.pt\/site\/2024\/07\/12\/montemor-o-novo-e-a-capital-da-pecuaria-extensiva\/\",\"url\":\"https:\/\/estadocomarte.pt\/site\/2024\/07\/12\/montemor-o-novo-e-a-capital-da-pecuaria-extensiva\/\",\"name\":\"MARIA DO C\u00c9U SALGUEIRO. \u201cMONTEMOR-O-NOVO \u00c9 A CAPITAL DA PECU\u00c1RIA EXTENSIVA\\\". C\/ PODCAST - Estado com Arte\",\"isPartOf\":{\"@id\":\"https:\/\/estadocomarte.pt\/site\/#website\"},\"primaryImageOfPage\":{\"@id\":\"https:\/\/estadocomarte.pt\/site\/2024\/07\/12\/montemor-o-novo-e-a-capital-da-pecuaria-extensiva\/#primaryimage\"},\"image\":{\"@id\":\"https:\/\/estadocomarte.pt\/site\/2024\/07\/12\/montemor-o-novo-e-a-capital-da-pecuaria-extensiva\/#primaryimage\"},\"thumbnailUrl\":\"https:\/\/estadocomarte.pt\/site\/wp-content\/uploads\/2023\/01\/Ceu4-1.jpg\",\"datePublished\":\"2024-07-12T09:00:17+00:00\",\"dateModified\":\"2024-07-12T14:44:03+00:00\",\"breadcrumb\":{\"@id\":\"https:\/\/estadocomarte.pt\/site\/2024\/07\/12\/montemor-o-novo-e-a-capital-da-pecuaria-extensiva\/#breadcrumb\"},\"inLanguage\":\"pt-PT\",\"potentialAction\":[{\"@type\":\"ReadAction\",\"target\":[\"https:\/\/estadocomarte.pt\/site\/2024\/07\/12\/montemor-o-novo-e-a-capital-da-pecuaria-extensiva\/\"]}]},{\"@type\":\"ImageObject\",\"inLanguage\":\"pt-PT\",\"@id\":\"https:\/\/estadocomarte.pt\/site\/2024\/07\/12\/montemor-o-novo-e-a-capital-da-pecuaria-extensiva\/#primaryimage\",\"url\":\"https:\/\/estadocomarte.pt\/site\/wp-content\/uploads\/2023\/01\/Ceu4-1.jpg\",\"contentUrl\":\"https:\/\/estadocomarte.pt\/site\/wp-content\/uploads\/2023\/01\/Ceu4-1.jpg\",\"width\":704,\"height\":591},{\"@type\":\"BreadcrumbList\",\"@id\":\"https:\/\/estadocomarte.pt\/site\/2024\/07\/12\/montemor-o-novo-e-a-capital-da-pecuaria-extensiva\/#breadcrumb\",\"itemListElement\":[{\"@type\":\"ListItem\",\"position\":1,\"name\":\"In\u00edcio\",\"item\":\"https:\/\/estadocomarte.pt\/site\/\"},{\"@type\":\"ListItem\",\"position\":2,\"name\":\"MARIA DO C\u00c9U SALGUEIRO. \u201cMONTEMOR-O-NOVO \u00c9 A CAPITAL DA PECU\u00c1RIA EXTENSIVA&#8221;. C\/ PODCAST\"}]},{\"@type\":\"WebSite\",\"@id\":\"https:\/\/estadocomarte.pt\/site\/#website\",\"url\":\"https:\/\/estadocomarte.pt\/site\/\",\"name\":\"Estado com Arte Magazine\",\"description\":\"Magazine\",\"publisher\":{\"@id\":\"https:\/\/estadocomarte.pt\/site\/#organization\"},\"alternateName\":\"Magazine semanal sobre pol\u00edtica e cultura, com autores, opini\u00e3o e cr\u00edticas.\",\"potentialAction\":[{\"@type\":\"SearchAction\",\"target\":{\"@type\":\"EntryPoint\",\"urlTemplate\":\"https:\/\/estadocomarte.pt\/site\/?s={search_term_string}\"},\"query-input\":{\"@type\":\"PropertyValueSpecification\",\"valueRequired\":true,\"valueName\":\"search_term_string\"}}],\"inLanguage\":\"pt-PT\"},{\"@type\":\"Organization\",\"@id\":\"https:\/\/estadocomarte.pt\/site\/#organization\",\"name\":\"Estado com Arte Magazine\",\"alternateName\":\"Magazine semanal sobre pol\u00edtica e cultura, com autores, opini\u00e3o e cr\u00edticas.\",\"url\":\"https:\/\/estadocomarte.pt\/site\/\",\"logo\":{\"@type\":\"ImageObject\",\"inLanguage\":\"pt-PT\",\"@id\":\"https:\/\/estadocomarte.pt\/site\/#\/schema\/logo\/image\/\",\"url\":\"https:\/\/estadocomarte.pt\/site\/wp-content\/uploads\/2023\/06\/cropped-cropped-Prancheta-2@2x-100.jpg\",\"contentUrl\":\"https:\/\/estadocomarte.pt\/site\/wp-content\/uploads\/2023\/06\/cropped-cropped-Prancheta-2@2x-100.jpg\",\"width\":1777,\"height\":592,\"caption\":\"Estado com Arte Magazine\"},\"image\":{\"@id\":\"https:\/\/estadocomarte.pt\/site\/#\/schema\/logo\/image\/\"},\"sameAs\":[\"https:\/\/www.instagram.com\/estadocomartemagazine\"]},{\"@type\":\"Person\",\"@id\":\"https:\/\/estadocomarte.pt\/site\/#\/schema\/person\/c0943a071216c1e5b21f85304151e4ba\",\"name\":\"admin\",\"image\":{\"@type\":\"ImageObject\",\"inLanguage\":\"pt-PT\",\"@id\":\"https:\/\/estadocomarte.pt\/site\/#\/schema\/person\/image\/\",\"url\":\"https:\/\/secure.gravatar.com\/avatar\/e6f378fd6914c8505d3e1d40f51fa953b21bab0f3a5658a33bc84cb5bda780f9?s=96&d=mm&r=g\",\"contentUrl\":\"https:\/\/secure.gravatar.com\/avatar\/e6f378fd6914c8505d3e1d40f51fa953b21bab0f3a5658a33bc84cb5bda780f9?s=96&d=mm&r=g\",\"caption\":\"admin\"},\"sameAs\":[\"https:\/\/estadocomarte.pt\/site\"],\"url\":\"https:\/\/estadocomarte.pt\/site\/author\/admin\/\"}]}<\/script>\n<!-- \/ Yoast SEO plugin. -->","yoast_head_json":{"title":"MARIA DO C\u00c9U SALGUEIRO. \u201cMONTEMOR-O-NOVO \u00c9 A CAPITAL DA PECU\u00c1RIA EXTENSIVA\". C\/ PODCAST - Estado com Arte","robots":{"index":"index","follow":"follow","max-snippet":"max-snippet:-1","max-image-preview":"max-image-preview:large","max-video-preview":"max-video-preview:-1"},"canonical":"https:\/\/estadocomarte.pt\/site\/2024\/07\/12\/montemor-o-novo-e-a-capital-da-pecuaria-extensiva\/","og_locale":"pt_PT","og_type":"article","og_title":"MARIA DO C\u00c9U SALGUEIRO. \u201cMONTEMOR-O-NOVO \u00c9 A CAPITAL DA PECU\u00c1RIA EXTENSIVA\". C\/ PODCAST - Estado com Arte","og_description":"Marta Roque","og_url":"https:\/\/estadocomarte.pt\/site\/2024\/07\/12\/montemor-o-novo-e-a-capital-da-pecuaria-extensiva\/","og_site_name":"Estado com Arte","article_published_time":"2024-07-12T09:00:17+00:00","article_modified_time":"2024-07-12T14:44:03+00:00","og_image":[{"width":704,"height":591,"url":"https:\/\/estadocomarte.pt\/site\/wp-content\/uploads\/2023\/01\/Ceu4-1.jpg","type":"image\/jpeg"}],"author":"admin","twitter_card":"summary_large_image","twitter_misc":{"Escrito por":"admin","Tempo estimado de leitura":"11 minutos"},"schema":{"@context":"https:\/\/schema.org","@graph":[{"@type":"Article","@id":"https:\/\/estadocomarte.pt\/site\/2024\/07\/12\/montemor-o-novo-e-a-capital-da-pecuaria-extensiva\/#article","isPartOf":{"@id":"https:\/\/estadocomarte.pt\/site\/2024\/07\/12\/montemor-o-novo-e-a-capital-da-pecuaria-extensiva\/"},"author":{"name":"admin","@id":"https:\/\/estadocomarte.pt\/site\/#\/schema\/person\/c0943a071216c1e5b21f85304151e4ba"},"headline":"MARIA DO C\u00c9U SALGUEIRO. \u201cMONTEMOR-O-NOVO \u00c9 A CAPITAL DA PECU\u00c1RIA EXTENSIVA&#8221;. C\/ PODCAST","datePublished":"2024-07-12T09:00:17+00:00","dateModified":"2024-07-12T14:44:03+00:00","mainEntityOfPage":{"@id":"https:\/\/estadocomarte.pt\/site\/2024\/07\/12\/montemor-o-novo-e-a-capital-da-pecuaria-extensiva\/"},"wordCount":1893,"commentCount":0,"publisher":{"@id":"https:\/\/estadocomarte.pt\/site\/#organization"},"image":{"@id":"https:\/\/estadocomarte.pt\/site\/2024\/07\/12\/montemor-o-novo-e-a-capital-da-pecuaria-extensiva\/#primaryimage"},"thumbnailUrl":"https:\/\/estadocomarte.pt\/site\/wp-content\/uploads\/2023\/01\/Ceu4-1.jpg","keywords":["Alentejo","expomor","maria do ceu salgueiro","montemoronovo"],"articleSection":["Economia"],"inLanguage":"pt-PT","potentialAction":[{"@type":"CommentAction","name":"Comment","target":["https:\/\/estadocomarte.pt\/site\/2024\/07\/12\/montemor-o-novo-e-a-capital-da-pecuaria-extensiva\/#respond"]}]},{"@type":"WebPage","@id":"https:\/\/estadocomarte.pt\/site\/2024\/07\/12\/montemor-o-novo-e-a-capital-da-pecuaria-extensiva\/","url":"https:\/\/estadocomarte.pt\/site\/2024\/07\/12\/montemor-o-novo-e-a-capital-da-pecuaria-extensiva\/","name":"MARIA DO C\u00c9U SALGUEIRO. \u201cMONTEMOR-O-NOVO \u00c9 A CAPITAL DA PECU\u00c1RIA EXTENSIVA\". C\/ PODCAST - Estado com Arte","isPartOf":{"@id":"https:\/\/estadocomarte.pt\/site\/#website"},"primaryImageOfPage":{"@id":"https:\/\/estadocomarte.pt\/site\/2024\/07\/12\/montemor-o-novo-e-a-capital-da-pecuaria-extensiva\/#primaryimage"},"image":{"@id":"https:\/\/estadocomarte.pt\/site\/2024\/07\/12\/montemor-o-novo-e-a-capital-da-pecuaria-extensiva\/#primaryimage"},"thumbnailUrl":"https:\/\/estadocomarte.pt\/site\/wp-content\/uploads\/2023\/01\/Ceu4-1.jpg","datePublished":"2024-07-12T09:00:17+00:00","dateModified":"2024-07-12T14:44:03+00:00","breadcrumb":{"@id":"https:\/\/estadocomarte.pt\/site\/2024\/07\/12\/montemor-o-novo-e-a-capital-da-pecuaria-extensiva\/#breadcrumb"},"inLanguage":"pt-PT","potentialAction":[{"@type":"ReadAction","target":["https:\/\/estadocomarte.pt\/site\/2024\/07\/12\/montemor-o-novo-e-a-capital-da-pecuaria-extensiva\/"]}]},{"@type":"ImageObject","inLanguage":"pt-PT","@id":"https:\/\/estadocomarte.pt\/site\/2024\/07\/12\/montemor-o-novo-e-a-capital-da-pecuaria-extensiva\/#primaryimage","url":"https:\/\/estadocomarte.pt\/site\/wp-content\/uploads\/2023\/01\/Ceu4-1.jpg","contentUrl":"https:\/\/estadocomarte.pt\/site\/wp-content\/uploads\/2023\/01\/Ceu4-1.jpg","width":704,"height":591},{"@type":"BreadcrumbList","@id":"https:\/\/estadocomarte.pt\/site\/2024\/07\/12\/montemor-o-novo-e-a-capital-da-pecuaria-extensiva\/#breadcrumb","itemListElement":[{"@type":"ListItem","position":1,"name":"In\u00edcio","item":"https:\/\/estadocomarte.pt\/site\/"},{"@type":"ListItem","position":2,"name":"MARIA DO C\u00c9U SALGUEIRO. \u201cMONTEMOR-O-NOVO \u00c9 A CAPITAL DA PECU\u00c1RIA EXTENSIVA&#8221;. C\/ PODCAST"}]},{"@type":"WebSite","@id":"https:\/\/estadocomarte.pt\/site\/#website","url":"https:\/\/estadocomarte.pt\/site\/","name":"Estado com Arte Magazine","description":"Magazine","publisher":{"@id":"https:\/\/estadocomarte.pt\/site\/#organization"},"alternateName":"Magazine semanal sobre pol\u00edtica e cultura, com autores, opini\u00e3o e cr\u00edticas.","potentialAction":[{"@type":"SearchAction","target":{"@type":"EntryPoint","urlTemplate":"https:\/\/estadocomarte.pt\/site\/?s={search_term_string}"},"query-input":{"@type":"PropertyValueSpecification","valueRequired":true,"valueName":"search_term_string"}}],"inLanguage":"pt-PT"},{"@type":"Organization","@id":"https:\/\/estadocomarte.pt\/site\/#organization","name":"Estado com Arte Magazine","alternateName":"Magazine semanal sobre pol\u00edtica e cultura, com autores, opini\u00e3o e cr\u00edticas.","url":"https:\/\/estadocomarte.pt\/site\/","logo":{"@type":"ImageObject","inLanguage":"pt-PT","@id":"https:\/\/estadocomarte.pt\/site\/#\/schema\/logo\/image\/","url":"https:\/\/estadocomarte.pt\/site\/wp-content\/uploads\/2023\/06\/cropped-cropped-Prancheta-2@2x-100.jpg","contentUrl":"https:\/\/estadocomarte.pt\/site\/wp-content\/uploads\/2023\/06\/cropped-cropped-Prancheta-2@2x-100.jpg","width":1777,"height":592,"caption":"Estado com Arte Magazine"},"image":{"@id":"https:\/\/estadocomarte.pt\/site\/#\/schema\/logo\/image\/"},"sameAs":["https:\/\/www.instagram.com\/estadocomartemagazine"]},{"@type":"Person","@id":"https:\/\/estadocomarte.pt\/site\/#\/schema\/person\/c0943a071216c1e5b21f85304151e4ba","name":"admin","image":{"@type":"ImageObject","inLanguage":"pt-PT","@id":"https:\/\/estadocomarte.pt\/site\/#\/schema\/person\/image\/","url":"https:\/\/secure.gravatar.com\/avatar\/e6f378fd6914c8505d3e1d40f51fa953b21bab0f3a5658a33bc84cb5bda780f9?s=96&d=mm&r=g","contentUrl":"https:\/\/secure.gravatar.com\/avatar\/e6f378fd6914c8505d3e1d40f51fa953b21bab0f3a5658a33bc84cb5bda780f9?s=96&d=mm&r=g","caption":"admin"},"sameAs":["https:\/\/estadocomarte.pt\/site"],"url":"https:\/\/estadocomarte.pt\/site\/author\/admin\/"}]}},"_links":{"self":[{"href":"https:\/\/estadocomarte.pt\/site\/wp-json\/wp\/v2\/posts\/5819","targetHints":{"allow":["GET"]}}],"collection":[{"href":"https:\/\/estadocomarte.pt\/site\/wp-json\/wp\/v2\/posts"}],"about":[{"href":"https:\/\/estadocomarte.pt\/site\/wp-json\/wp\/v2\/types\/post"}],"author":[{"embeddable":true,"href":"https:\/\/estadocomarte.pt\/site\/wp-json\/wp\/v2\/users\/1"}],"replies":[{"embeddable":true,"href":"https:\/\/estadocomarte.pt\/site\/wp-json\/wp\/v2\/comments?post=5819"}],"version-history":[{"count":0,"href":"https:\/\/estadocomarte.pt\/site\/wp-json\/wp\/v2\/posts\/5819\/revisions"}],"wp:featuredmedia":[{"embeddable":true,"href":"https:\/\/estadocomarte.pt\/site\/wp-json\/wp\/v2\/media\/5874"}],"wp:attachment":[{"href":"https:\/\/estadocomarte.pt\/site\/wp-json\/wp\/v2\/media?parent=5819"}],"wp:term":[{"taxonomy":"category","embeddable":true,"href":"https:\/\/estadocomarte.pt\/site\/wp-json\/wp\/v2\/categories?post=5819"},{"taxonomy":"post_tag","embeddable":true,"href":"https:\/\/estadocomarte.pt\/site\/wp-json\/wp\/v2\/tags?post=5819"}],"curies":[{"name":"wp","href":"https:\/\/api.w.org\/{rel}","templated":true}]}}