{"id":6329,"date":"2024-08-25T16:33:12","date_gmt":"2024-08-25T16:33:12","guid":{"rendered":"https:\/\/estadocomarte.pt\/site\/?p=6329"},"modified":"2024-08-25T16:40:58","modified_gmt":"2024-08-25T16:40:58","slug":"janete-frazao-a-vida-em-si-e-uma-licao-diaria","status":"publish","type":"post","link":"https:\/\/estadocomarte.pt\/site\/2024\/08\/25\/janete-frazao-a-vida-em-si-e-uma-licao-diaria\/","title":{"rendered":"JANETE FRAZ\u00c3O. &#8220;A VIDA EM SI \u00c9 UMA LI\u00c7\u00c3O DI\u00c1RIA.&#8221;"},"content":{"rendered":"<p><strong>\u00c0 Queima Roupa Janete Fraz\u00e3o, rosto do day time do canal Now, responde sobre as conquistas da vida com a educa\u00e7\u00e3o da sua filha Laura de seis anos, revela as mem\u00f3rias de inf\u00e2ncia que lhe ficaram em casa dos av\u00f3s com os primos. O seu lema de vida \u00e9 &#8220;viva e deixe viver&#8221;, sendo por isso a sua melhor companhia na vida stressante que tem com o jornalismo televisivo. <\/strong><\/p>\n<p><strong>\u00c9 Jornalista h\u00e1 20 anos, come\u00e7ou no jornal Correio da Manh\u00e3, transitou para a CMTV e este ano assumiu as fun\u00e7\u00f5es de pivot nos jornais do novo canal informativo do grupo Medialivre.<\/strong><\/p>\n<p><strong>Qual a mem\u00f3ria de inf\u00e2ncia?<\/strong><\/p>\n<p>A casa dos av\u00f3s, sempre os av\u00f3s, os cheiros, as brincadeiras, o amor\u2026 E depois, os dias intermin\u00e1veis de praia com os primos, seguidos de piqueniques em fam\u00edlia.<\/p>\n<p><strong>Qual o dia mais feliz da sua vida?<\/strong><\/p>\n<p>O nascimento da Laura (a minha filha, seis anos)<\/p>\n<p><strong>Qual a sua maior conquista?<\/strong><\/p>\n<p>A educa\u00e7\u00e3o da Laura, um desafio e uma conquista, todos os dias; e depois o trabalho que d\u00e1 realmente trabalho para alcan\u00e7ar diariamente os objetivos\/conquistas delineados. Mas quem corre por gosto\u2026<\/p>\n<p><strong>Qual o livro preferido?<\/strong><\/p>\n<p>S\u00f3 um preferido \u00e9 dif\u00edcil, um dos \u00faltimos que mais gostei foi \u201cVemo-nos em agosto\u201d, do Gabriel Garcia M\u00e1rquez, l\u00ea-se num shot, n\u00e3o s\u00f3 por ser realmente pequeno mas tamb\u00e9m de leitura boa.<\/p>\n<p><strong>Qual a m\u00fasica da sua vida?<\/strong><\/p>\n<p>Tamb\u00e9m n\u00e3o tenho uma \u00fanica m\u00fasica da minha vida, nem um g\u00e9nero. Gosto de m\u00fasica.<\/p>\n<p><strong>Qual a data mais importante para Portugal?<\/strong><\/p>\n<p>25 de abril. Sempre.<\/p>\n<p><strong>Qual o seu v\u00edcio requintado?\u00a0<\/strong><\/p>\n<p>Massagens, massagens, massagens (Risos).<\/p>\n<p><strong>Qual a cita\u00e7\u00e3o preferida?<\/strong><\/p>\n<p>\u00c9 mais um lema: viva e deixe viver.<\/p>\n<p><strong>A sua melhor companhia?<\/strong><\/p>\n<p>Sou boa companhia de mim mesma.<\/p>\n<p><strong>A li\u00e7\u00e3o de vida?\u00a0<\/strong><\/p>\n<p>A vida em si \u00e9 uma li\u00e7\u00e3o di\u00e1ria.<\/p>\n<p><strong>O que a motiva?<\/strong><\/p>\n<p>Os desafios.<\/p>\n","protected":false},"excerpt":{"rendered":"<p>Estado com Arte Magazine<\/p>\n","protected":false},"author":1,"featured_media":6345,"comment_status":"open","ping_status":"open","sticky":false,"template":"","format":"standard","meta":{"site-sidebar-layout":"default","site-content-layout":"default","ast-global-header-display":"","ast-banner-title-visibility":"","ast-main-header-display":"","ast-hfb-above-header-display":"","ast-hfb-below-header-display":"","ast-hfb-mobile-header-display":"","site-post-title":"","ast-breadcrumbs-content":"","ast-featured-img":"","footer-sml-layout":"","theme-transparent-header-meta":"default","adv-header-id-meta":"","stick-header-meta":"","header-above-stick-meta":"","header-main-stick-meta":"","header-below-stick-meta":"","footnotes":""},"categories":[123,64],"tags":[332,334,333],"class_list":["post-6329","post","type-post","status-publish","format-standard","has-post-thumbnail","hentry","category-a-queima-roupa","category-isto-para-nos","tag-janete-frazao","tag-medialivre","tag-now"],"yoast_head":"<!-- This site is optimized with the Yoast SEO plugin v25.1 - https:\/\/yoast.com\/wordpress\/plugins\/seo\/ -->\n<title>JANETE FRAZ\u00c3O. &quot;A VIDA EM SI \u00c9 UMA LI\u00c7\u00c3O DI\u00c1RIA.&quot; - Estado com Arte<\/title>\n<meta name=\"robots\" content=\"index, follow, max-snippet:-1, max-image-preview:large, max-video-preview:-1\" \/>\n<link rel=\"canonical\" href=\"https:\/\/estadocomarte.pt\/site\/2024\/08\/25\/janete-frazao-a-vida-em-si-e-uma-licao-diaria\/\" \/>\n<meta property=\"og:locale\" content=\"pt_PT\" \/>\n<meta property=\"og:type\" content=\"article\" \/>\n<meta property=\"og:title\" content=\"JANETE FRAZ\u00c3O. &quot;A VIDA EM SI \u00c9 UMA LI\u00c7\u00c3O DI\u00c1RIA.&quot; - Estado com Arte\" \/>\n<meta property=\"og:description\" content=\"Estado com Arte Magazine\" \/>\n<meta property=\"og:url\" content=\"https:\/\/estadocomarte.pt\/site\/2024\/08\/25\/janete-frazao-a-vida-em-si-e-uma-licao-diaria\/\" \/>\n<meta property=\"og:site_name\" content=\"Estado com Arte\" \/>\n<meta property=\"article:published_time\" content=\"2024-08-25T16:33:12+00:00\" \/>\n<meta property=\"article:modified_time\" content=\"2024-08-25T16:40:58+00:00\" \/>\n<meta property=\"og:image\" content=\"https:\/\/estadocomarte.pt\/site\/wp-content\/uploads\/2024\/08\/JaneteFrazao-2.jpg\" \/>\n\t<meta property=\"og:image:width\" content=\"328\" \/>\n\t<meta property=\"og:image:height\" content=\"338\" \/>\n\t<meta property=\"og:image:type\" content=\"image\/jpeg\" \/>\n<meta name=\"author\" content=\"admin\" \/>\n<meta name=\"twitter:card\" content=\"summary_large_image\" \/>\n<meta name=\"twitter:label1\" content=\"Escrito por\" \/>\n\t<meta name=\"twitter:data1\" content=\"admin\" \/>\n\t<meta name=\"twitter:label2\" content=\"Tempo estimado de leitura\" \/>\n\t<meta name=\"twitter:data2\" content=\"2 minutos\" \/>\n<script type=\"application\/ld+json\" class=\"yoast-schema-graph\">{\"@context\":\"https:\/\/schema.org\",\"@graph\":[{\"@type\":\"Article\",\"@id\":\"https:\/\/estadocomarte.pt\/site\/2024\/08\/25\/janete-frazao-a-vida-em-si-e-uma-licao-diaria\/#article\",\"isPartOf\":{\"@id\":\"https:\/\/estadocomarte.pt\/site\/2024\/08\/25\/janete-frazao-a-vida-em-si-e-uma-licao-diaria\/\"},\"author\":{\"name\":\"admin\",\"@id\":\"https:\/\/estadocomarte.pt\/site\/#\/schema\/person\/c0943a071216c1e5b21f85304151e4ba\"},\"headline\":\"JANETE FRAZ\u00c3O. &#8220;A VIDA EM SI \u00c9 UMA LI\u00c7\u00c3O DI\u00c1RIA.&#8221;\",\"datePublished\":\"2024-08-25T16:33:12+00:00\",\"dateModified\":\"2024-08-25T16:40:58+00:00\",\"mainEntityOfPage\":{\"@id\":\"https:\/\/estadocomarte.pt\/site\/2024\/08\/25\/janete-frazao-a-vida-em-si-e-uma-licao-diaria\/\"},\"wordCount\":341,\"commentCount\":0,\"publisher\":{\"@id\":\"https:\/\/estadocomarte.pt\/site\/#organization\"},\"image\":{\"@id\":\"https:\/\/estadocomarte.pt\/site\/2024\/08\/25\/janete-frazao-a-vida-em-si-e-uma-licao-diaria\/#primaryimage\"},\"thumbnailUrl\":\"https:\/\/estadocomarte.pt\/site\/wp-content\/uploads\/2024\/08\/JaneteFrazao-2.jpg\",\"keywords\":[\"Janete Fraz\u00e3o\",\"medialivre\",\"Now\"],\"articleSection\":[\"\u00c0 Queima Roupa\",\"Isto Para N\u00f3s\"],\"inLanguage\":\"pt-PT\",\"potentialAction\":[{\"@type\":\"CommentAction\",\"name\":\"Comment\",\"target\":[\"https:\/\/estadocomarte.pt\/site\/2024\/08\/25\/janete-frazao-a-vida-em-si-e-uma-licao-diaria\/#respond\"]}]},{\"@type\":\"WebPage\",\"@id\":\"https:\/\/estadocomarte.pt\/site\/2024\/08\/25\/janete-frazao-a-vida-em-si-e-uma-licao-diaria\/\",\"url\":\"https:\/\/estadocomarte.pt\/site\/2024\/08\/25\/janete-frazao-a-vida-em-si-e-uma-licao-diaria\/\",\"name\":\"JANETE FRAZ\u00c3O. \\\"A VIDA EM SI \u00c9 UMA LI\u00c7\u00c3O DI\u00c1RIA.\\\" - Estado com Arte\",\"isPartOf\":{\"@id\":\"https:\/\/estadocomarte.pt\/site\/#website\"},\"primaryImageOfPage\":{\"@id\":\"https:\/\/estadocomarte.pt\/site\/2024\/08\/25\/janete-frazao-a-vida-em-si-e-uma-licao-diaria\/#primaryimage\"},\"image\":{\"@id\":\"https:\/\/estadocomarte.pt\/site\/2024\/08\/25\/janete-frazao-a-vida-em-si-e-uma-licao-diaria\/#primaryimage\"},\"thumbnailUrl\":\"https:\/\/estadocomarte.pt\/site\/wp-content\/uploads\/2024\/08\/JaneteFrazao-2.jpg\",\"datePublished\":\"2024-08-25T16:33:12+00:00\",\"dateModified\":\"2024-08-25T16:40:58+00:00\",\"breadcrumb\":{\"@id\":\"https:\/\/estadocomarte.pt\/site\/2024\/08\/25\/janete-frazao-a-vida-em-si-e-uma-licao-diaria\/#breadcrumb\"},\"inLanguage\":\"pt-PT\",\"potentialAction\":[{\"@type\":\"ReadAction\",\"target\":[\"https:\/\/estadocomarte.pt\/site\/2024\/08\/25\/janete-frazao-a-vida-em-si-e-uma-licao-diaria\/\"]}]},{\"@type\":\"ImageObject\",\"inLanguage\":\"pt-PT\",\"@id\":\"https:\/\/estadocomarte.pt\/site\/2024\/08\/25\/janete-frazao-a-vida-em-si-e-uma-licao-diaria\/#primaryimage\",\"url\":\"https:\/\/estadocomarte.pt\/site\/wp-content\/uploads\/2024\/08\/JaneteFrazao-2.jpg\",\"contentUrl\":\"https:\/\/estadocomarte.pt\/site\/wp-content\/uploads\/2024\/08\/JaneteFrazao-2.jpg\",\"width\":328,\"height\":338},{\"@type\":\"BreadcrumbList\",\"@id\":\"https:\/\/estadocomarte.pt\/site\/2024\/08\/25\/janete-frazao-a-vida-em-si-e-uma-licao-diaria\/#breadcrumb\",\"itemListElement\":[{\"@type\":\"ListItem\",\"position\":1,\"name\":\"In\u00edcio\",\"item\":\"https:\/\/estadocomarte.pt\/site\/\"},{\"@type\":\"ListItem\",\"position\":2,\"name\":\"JANETE FRAZ\u00c3O. &#8220;A VIDA EM SI \u00c9 UMA LI\u00c7\u00c3O DI\u00c1RIA.&#8221;\"}]},{\"@type\":\"WebSite\",\"@id\":\"https:\/\/estadocomarte.pt\/site\/#website\",\"url\":\"https:\/\/estadocomarte.pt\/site\/\",\"name\":\"Estado com Arte Magazine\",\"description\":\"Magazine\",\"publisher\":{\"@id\":\"https:\/\/estadocomarte.pt\/site\/#organization\"},\"alternateName\":\"Magazine semanal sobre pol\u00edtica e cultura, com autores, opini\u00e3o e cr\u00edticas.\",\"potentialAction\":[{\"@type\":\"SearchAction\",\"target\":{\"@type\":\"EntryPoint\",\"urlTemplate\":\"https:\/\/estadocomarte.pt\/site\/?s={search_term_string}\"},\"query-input\":{\"@type\":\"PropertyValueSpecification\",\"valueRequired\":true,\"valueName\":\"search_term_string\"}}],\"inLanguage\":\"pt-PT\"},{\"@type\":\"Organization\",\"@id\":\"https:\/\/estadocomarte.pt\/site\/#organization\",\"name\":\"Estado com Arte Magazine\",\"alternateName\":\"Magazine semanal sobre pol\u00edtica e cultura, com autores, opini\u00e3o e cr\u00edticas.\",\"url\":\"https:\/\/estadocomarte.pt\/site\/\",\"logo\":{\"@type\":\"ImageObject\",\"inLanguage\":\"pt-PT\",\"@id\":\"https:\/\/estadocomarte.pt\/site\/#\/schema\/logo\/image\/\",\"url\":\"https:\/\/estadocomarte.pt\/site\/wp-content\/uploads\/2023\/06\/cropped-cropped-Prancheta-2@2x-100.jpg\",\"contentUrl\":\"https:\/\/estadocomarte.pt\/site\/wp-content\/uploads\/2023\/06\/cropped-cropped-Prancheta-2@2x-100.jpg\",\"width\":1777,\"height\":592,\"caption\":\"Estado com Arte Magazine\"},\"image\":{\"@id\":\"https:\/\/estadocomarte.pt\/site\/#\/schema\/logo\/image\/\"},\"sameAs\":[\"https:\/\/www.instagram.com\/estadocomartemagazine\"]},{\"@type\":\"Person\",\"@id\":\"https:\/\/estadocomarte.pt\/site\/#\/schema\/person\/c0943a071216c1e5b21f85304151e4ba\",\"name\":\"admin\",\"image\":{\"@type\":\"ImageObject\",\"inLanguage\":\"pt-PT\",\"@id\":\"https:\/\/estadocomarte.pt\/site\/#\/schema\/person\/image\/\",\"url\":\"https:\/\/secure.gravatar.com\/avatar\/e6f378fd6914c8505d3e1d40f51fa953b21bab0f3a5658a33bc84cb5bda780f9?s=96&d=mm&r=g\",\"contentUrl\":\"https:\/\/secure.gravatar.com\/avatar\/e6f378fd6914c8505d3e1d40f51fa953b21bab0f3a5658a33bc84cb5bda780f9?s=96&d=mm&r=g\",\"caption\":\"admin\"},\"sameAs\":[\"https:\/\/estadocomarte.pt\/site\"],\"url\":\"https:\/\/estadocomarte.pt\/site\/author\/admin\/\"}]}<\/script>\n<!-- \/ Yoast SEO plugin. -->","yoast_head_json":{"title":"JANETE FRAZ\u00c3O. \"A VIDA EM SI \u00c9 UMA LI\u00c7\u00c3O DI\u00c1RIA.\" - Estado com Arte","robots":{"index":"index","follow":"follow","max-snippet":"max-snippet:-1","max-image-preview":"max-image-preview:large","max-video-preview":"max-video-preview:-1"},"canonical":"https:\/\/estadocomarte.pt\/site\/2024\/08\/25\/janete-frazao-a-vida-em-si-e-uma-licao-diaria\/","og_locale":"pt_PT","og_type":"article","og_title":"JANETE FRAZ\u00c3O. \"A VIDA EM SI \u00c9 UMA LI\u00c7\u00c3O DI\u00c1RIA.\" - Estado com Arte","og_description":"Estado com Arte Magazine","og_url":"https:\/\/estadocomarte.pt\/site\/2024\/08\/25\/janete-frazao-a-vida-em-si-e-uma-licao-diaria\/","og_site_name":"Estado com Arte","article_published_time":"2024-08-25T16:33:12+00:00","article_modified_time":"2024-08-25T16:40:58+00:00","og_image":[{"width":328,"height":338,"url":"https:\/\/estadocomarte.pt\/site\/wp-content\/uploads\/2024\/08\/JaneteFrazao-2.jpg","type":"image\/jpeg"}],"author":"admin","twitter_card":"summary_large_image","twitter_misc":{"Escrito por":"admin","Tempo estimado de leitura":"2 minutos"},"schema":{"@context":"https:\/\/schema.org","@graph":[{"@type":"Article","@id":"https:\/\/estadocomarte.pt\/site\/2024\/08\/25\/janete-frazao-a-vida-em-si-e-uma-licao-diaria\/#article","isPartOf":{"@id":"https:\/\/estadocomarte.pt\/site\/2024\/08\/25\/janete-frazao-a-vida-em-si-e-uma-licao-diaria\/"},"author":{"name":"admin","@id":"https:\/\/estadocomarte.pt\/site\/#\/schema\/person\/c0943a071216c1e5b21f85304151e4ba"},"headline":"JANETE FRAZ\u00c3O. &#8220;A VIDA EM SI \u00c9 UMA LI\u00c7\u00c3O DI\u00c1RIA.&#8221;","datePublished":"2024-08-25T16:33:12+00:00","dateModified":"2024-08-25T16:40:58+00:00","mainEntityOfPage":{"@id":"https:\/\/estadocomarte.pt\/site\/2024\/08\/25\/janete-frazao-a-vida-em-si-e-uma-licao-diaria\/"},"wordCount":341,"commentCount":0,"publisher":{"@id":"https:\/\/estadocomarte.pt\/site\/#organization"},"image":{"@id":"https:\/\/estadocomarte.pt\/site\/2024\/08\/25\/janete-frazao-a-vida-em-si-e-uma-licao-diaria\/#primaryimage"},"thumbnailUrl":"https:\/\/estadocomarte.pt\/site\/wp-content\/uploads\/2024\/08\/JaneteFrazao-2.jpg","keywords":["Janete Fraz\u00e3o","medialivre","Now"],"articleSection":["\u00c0 Queima Roupa","Isto Para N\u00f3s"],"inLanguage":"pt-PT","potentialAction":[{"@type":"CommentAction","name":"Comment","target":["https:\/\/estadocomarte.pt\/site\/2024\/08\/25\/janete-frazao-a-vida-em-si-e-uma-licao-diaria\/#respond"]}]},{"@type":"WebPage","@id":"https:\/\/estadocomarte.pt\/site\/2024\/08\/25\/janete-frazao-a-vida-em-si-e-uma-licao-diaria\/","url":"https:\/\/estadocomarte.pt\/site\/2024\/08\/25\/janete-frazao-a-vida-em-si-e-uma-licao-diaria\/","name":"JANETE FRAZ\u00c3O. \"A VIDA EM SI \u00c9 UMA LI\u00c7\u00c3O DI\u00c1RIA.\" - Estado com Arte","isPartOf":{"@id":"https:\/\/estadocomarte.pt\/site\/#website"},"primaryImageOfPage":{"@id":"https:\/\/estadocomarte.pt\/site\/2024\/08\/25\/janete-frazao-a-vida-em-si-e-uma-licao-diaria\/#primaryimage"},"image":{"@id":"https:\/\/estadocomarte.pt\/site\/2024\/08\/25\/janete-frazao-a-vida-em-si-e-uma-licao-diaria\/#primaryimage"},"thumbnailUrl":"https:\/\/estadocomarte.pt\/site\/wp-content\/uploads\/2024\/08\/JaneteFrazao-2.jpg","datePublished":"2024-08-25T16:33:12+00:00","dateModified":"2024-08-25T16:40:58+00:00","breadcrumb":{"@id":"https:\/\/estadocomarte.pt\/site\/2024\/08\/25\/janete-frazao-a-vida-em-si-e-uma-licao-diaria\/#breadcrumb"},"inLanguage":"pt-PT","potentialAction":[{"@type":"ReadAction","target":["https:\/\/estadocomarte.pt\/site\/2024\/08\/25\/janete-frazao-a-vida-em-si-e-uma-licao-diaria\/"]}]},{"@type":"ImageObject","inLanguage":"pt-PT","@id":"https:\/\/estadocomarte.pt\/site\/2024\/08\/25\/janete-frazao-a-vida-em-si-e-uma-licao-diaria\/#primaryimage","url":"https:\/\/estadocomarte.pt\/site\/wp-content\/uploads\/2024\/08\/JaneteFrazao-2.jpg","contentUrl":"https:\/\/estadocomarte.pt\/site\/wp-content\/uploads\/2024\/08\/JaneteFrazao-2.jpg","width":328,"height":338},{"@type":"BreadcrumbList","@id":"https:\/\/estadocomarte.pt\/site\/2024\/08\/25\/janete-frazao-a-vida-em-si-e-uma-licao-diaria\/#breadcrumb","itemListElement":[{"@type":"ListItem","position":1,"name":"In\u00edcio","item":"https:\/\/estadocomarte.pt\/site\/"},{"@type":"ListItem","position":2,"name":"JANETE FRAZ\u00c3O. &#8220;A VIDA EM SI \u00c9 UMA LI\u00c7\u00c3O DI\u00c1RIA.&#8221;"}]},{"@type":"WebSite","@id":"https:\/\/estadocomarte.pt\/site\/#website","url":"https:\/\/estadocomarte.pt\/site\/","name":"Estado com Arte Magazine","description":"Magazine","publisher":{"@id":"https:\/\/estadocomarte.pt\/site\/#organization"},"alternateName":"Magazine semanal sobre pol\u00edtica e cultura, com autores, opini\u00e3o e cr\u00edticas.","potentialAction":[{"@type":"SearchAction","target":{"@type":"EntryPoint","urlTemplate":"https:\/\/estadocomarte.pt\/site\/?s={search_term_string}"},"query-input":{"@type":"PropertyValueSpecification","valueRequired":true,"valueName":"search_term_string"}}],"inLanguage":"pt-PT"},{"@type":"Organization","@id":"https:\/\/estadocomarte.pt\/site\/#organization","name":"Estado com Arte Magazine","alternateName":"Magazine semanal sobre pol\u00edtica e cultura, com autores, opini\u00e3o e cr\u00edticas.","url":"https:\/\/estadocomarte.pt\/site\/","logo":{"@type":"ImageObject","inLanguage":"pt-PT","@id":"https:\/\/estadocomarte.pt\/site\/#\/schema\/logo\/image\/","url":"https:\/\/estadocomarte.pt\/site\/wp-content\/uploads\/2023\/06\/cropped-cropped-Prancheta-2@2x-100.jpg","contentUrl":"https:\/\/estadocomarte.pt\/site\/wp-content\/uploads\/2023\/06\/cropped-cropped-Prancheta-2@2x-100.jpg","width":1777,"height":592,"caption":"Estado com Arte Magazine"},"image":{"@id":"https:\/\/estadocomarte.pt\/site\/#\/schema\/logo\/image\/"},"sameAs":["https:\/\/www.instagram.com\/estadocomartemagazine"]},{"@type":"Person","@id":"https:\/\/estadocomarte.pt\/site\/#\/schema\/person\/c0943a071216c1e5b21f85304151e4ba","name":"admin","image":{"@type":"ImageObject","inLanguage":"pt-PT","@id":"https:\/\/estadocomarte.pt\/site\/#\/schema\/person\/image\/","url":"https:\/\/secure.gravatar.com\/avatar\/e6f378fd6914c8505d3e1d40f51fa953b21bab0f3a5658a33bc84cb5bda780f9?s=96&d=mm&r=g","contentUrl":"https:\/\/secure.gravatar.com\/avatar\/e6f378fd6914c8505d3e1d40f51fa953b21bab0f3a5658a33bc84cb5bda780f9?s=96&d=mm&r=g","caption":"admin"},"sameAs":["https:\/\/estadocomarte.pt\/site"],"url":"https:\/\/estadocomarte.pt\/site\/author\/admin\/"}]}},"_links":{"self":[{"href":"https:\/\/estadocomarte.pt\/site\/wp-json\/wp\/v2\/posts\/6329","targetHints":{"allow":["GET"]}}],"collection":[{"href":"https:\/\/estadocomarte.pt\/site\/wp-json\/wp\/v2\/posts"}],"about":[{"href":"https:\/\/estadocomarte.pt\/site\/wp-json\/wp\/v2\/types\/post"}],"author":[{"embeddable":true,"href":"https:\/\/estadocomarte.pt\/site\/wp-json\/wp\/v2\/users\/1"}],"replies":[{"embeddable":true,"href":"https:\/\/estadocomarte.pt\/site\/wp-json\/wp\/v2\/comments?post=6329"}],"version-history":[{"count":0,"href":"https:\/\/estadocomarte.pt\/site\/wp-json\/wp\/v2\/posts\/6329\/revisions"}],"wp:featuredmedia":[{"embeddable":true,"href":"https:\/\/estadocomarte.pt\/site\/wp-json\/wp\/v2\/media\/6345"}],"wp:attachment":[{"href":"https:\/\/estadocomarte.pt\/site\/wp-json\/wp\/v2\/media?parent=6329"}],"wp:term":[{"taxonomy":"category","embeddable":true,"href":"https:\/\/estadocomarte.pt\/site\/wp-json\/wp\/v2\/categories?post=6329"},{"taxonomy":"post_tag","embeddable":true,"href":"https:\/\/estadocomarte.pt\/site\/wp-json\/wp\/v2\/tags?post=6329"}],"curies":[{"name":"wp","href":"https:\/\/api.w.org\/{rel}","templated":true}]}}