{"id":6331,"date":"2024-08-25T10:46:45","date_gmt":"2024-08-25T10:46:45","guid":{"rendered":"https:\/\/estadocomarte.pt\/site\/?p=6331"},"modified":"2024-08-25T10:46:59","modified_gmt":"2024-08-25T10:46:59","slug":"a-filosofia-como-perseguidora-da-religiao","status":"publish","type":"post","link":"https:\/\/estadocomarte.pt\/site\/2024\/08\/25\/a-filosofia-como-perseguidora-da-religiao\/","title":{"rendered":"A Filosofia como perseguidora da religi\u00e3o?"},"content":{"rendered":"<p><strong>Considerado por alguns como um dos mais not\u00e1veis fil\u00f3sofos do s\u00e9culo XIX, influenciado por Hegel, cujo pensamento viria a rejeitar, Feuerbach torna-se mais tarde influenciador de Marx, sendo ambos ateus e inimigos viscerais da religi\u00e3o. O caracter ideol\u00f3gico do pensamento marxista imp\u00f5em-se nestes autores como forma materialista de substitui\u00e7\u00e3o da religi\u00e3o, nomeadamente de tradi\u00e7\u00e3o judaica e crist\u00e3.<\/strong><\/p>\n<p>Ludwig\u00a0Andreas Feuerbach, nascido na Alemanha no in\u00edcio do s\u00e9culo XIX, come\u00e7ou por estudar teologia em Heidelberg, mas tendo conhecido Hegel, fil\u00f3sofo conterr\u00e2neo e contempor\u00e2neo, abandonou os seus estudos para seguir a ci\u00eancia do pensamento.<\/p>\n<p>Preparava-se para uma carreira universit\u00e1ria, a qual v\u00ea rejeitada em consequ\u00eancia da publica\u00e7\u00e3o dos seus \u201cPensamentos sobre a morte e a imortalidade\u201d, onde nega a imortalidade da alma humana. Ap\u00f3s um casamento de sucesso dedicou-se \u00e0 escrita e a fazer confer\u00eancias. Das suas principais obras destacam-se \u201c Os princ\u00edpios fundamentais da filosofia do futuro\u201d e \u201cA ess\u00eancia do cristianismo\u201d, onde defende que \u00abO homem ser\u00e1 feliz somente quando tiver morto o Cristianismo que o impede de ser homem.<\/p>\n<p>Mas n\u00e3o ser\u00e1 atrav\u00e9s de uma persegui\u00e7\u00e3o que se ir\u00e1 matar o Cristianismo, pois que a persegui\u00e7\u00e3o o alimenta e o refor\u00e7a. Ser\u00e1 atrav\u00e9s da irrevers\u00edvel transforma\u00e7\u00e3o interna do Cristianismo num humanismo ateu com a colabora\u00e7\u00e3o dos pr\u00f3prios crist\u00e3os, guiados por um conceito que nada ter\u00e1 a ver com o Evangelho\u00bb.<\/p>\n<p>Considerado por alguns como um dos mais not\u00e1veis fil\u00f3sofos do s\u00e9culo XIX, influenciado por Hegel, cujo pensamento viria a rejeitar, Feuerbach torna-se mais tarde influenciador de Marx, sendo ambos ateus e inimigos viscerais da religi\u00e3o. O caracter ideol\u00f3gico do pensamento marxista imp\u00f5em-se nestes autores como forma materialista de substitui\u00e7\u00e3o da religi\u00e3o, nomeadamente de tradi\u00e7\u00e3o judaica e crist\u00e3.<\/p>\n<p>Como um iluminado da consci\u00eancia religiosa, descobrindo em si o seu pr\u00f3prio ser e infinitude, substituindo o transcendente pelo imanente, o autor de &#8220;A ess\u00eancia do cristianismo&#8221; profetiza que o homem \u00e9 um Deus para o homem, alterando os termos, defende que \u201cDeus-Homem \u201dpassar\u00e1 a ser \u201cHomem-Deus\u201d.<\/p>\n<p>A invers\u00e3o do sistema hegeliano, transformado de idealismo em materialismo, a substitui\u00e7\u00e3o de Deus pela esp\u00e9cie humana reflectiu-se de modo decisivo na obra de Karl Marx, que esmeradamente a aplicou, pois considerava necess\u00e1rio abolir a ideia de Cria\u00e7\u00e3o, negando a cadeia de pais-filhos e colocando no seu lugar o movimento circular homem-natureza, quer dizer, o homem produtor de si pr\u00f3prio.<\/p>\n<p>O que pretendia ser um plano ideol\u00f3gico ou filos\u00f3fico para acabar com o cristianismo, acabou por se implementar politicamente, no ocidente.<\/p>\n<p>Filosofia e Teologia n\u00e3o est\u00e3o ao mesmo n\u00edvel, por\u00e9m, teorias elaboradas e destrutivas da condi\u00e7\u00e3o humana e de toda a ess\u00eancia que permeia o Homem, n\u00e3o passam de meras ideologias onde falecem as ra\u00edzes da Verdade para se poderem sustentar.<\/p>\n","protected":false},"excerpt":{"rendered":"<p>Susana Mexia,<br \/>\nProfessora de Filosofia<\/p>\n","protected":false},"author":1,"featured_media":6332,"comment_status":"open","ping_status":"open","sticky":false,"template":"","format":"standard","meta":{"site-sidebar-layout":"default","site-content-layout":"default","ast-global-header-display":"","ast-banner-title-visibility":"","ast-main-header-display":"","ast-hfb-above-header-display":"","ast-hfb-below-header-display":"","ast-hfb-mobile-header-display":"","site-post-title":"","ast-breadcrumbs-content":"","ast-featured-img":"","footer-sml-layout":"","theme-transparent-header-meta":"default","adv-header-id-meta":"","stick-header-meta":"","header-above-stick-meta":"","header-main-stick-meta":"","header-below-stick-meta":"","footnotes":""},"categories":[7,64],"tags":[329,331,330],"class_list":["post-6331","post","type-post","status-publish","format-standard","has-post-thumbnail","hentry","category-cultura","category-isto-para-nos","tag-feuerbach","tag-hegel","tag-marx"],"yoast_head":"<!-- This site is optimized with the Yoast SEO plugin v25.1 - https:\/\/yoast.com\/wordpress\/plugins\/seo\/ -->\n<title>A Filosofia como perseguidora da religi\u00e3o? - Estado com Arte<\/title>\n<meta name=\"robots\" content=\"index, follow, max-snippet:-1, max-image-preview:large, max-video-preview:-1\" \/>\n<link rel=\"canonical\" href=\"https:\/\/estadocomarte.pt\/site\/2024\/08\/25\/a-filosofia-como-perseguidora-da-religiao\/\" \/>\n<meta property=\"og:locale\" content=\"pt_PT\" \/>\n<meta property=\"og:type\" content=\"article\" \/>\n<meta property=\"og:title\" content=\"A Filosofia como perseguidora da religi\u00e3o? - Estado com Arte\" \/>\n<meta property=\"og:description\" content=\"Susana Mexia, Professora de Filosofia\" \/>\n<meta property=\"og:url\" content=\"https:\/\/estadocomarte.pt\/site\/2024\/08\/25\/a-filosofia-como-perseguidora-da-religiao\/\" \/>\n<meta property=\"og:site_name\" content=\"Estado com Arte\" \/>\n<meta property=\"article:published_time\" content=\"2024-08-25T10:46:45+00:00\" \/>\n<meta property=\"article:modified_time\" content=\"2024-08-25T10:46:59+00:00\" \/>\n<meta property=\"og:image\" content=\"https:\/\/estadocomarte.pt\/site\/wp-content\/uploads\/2024\/08\/feuerbach.jpg\" \/>\n\t<meta property=\"og:image:width\" content=\"1118\" \/>\n\t<meta property=\"og:image:height\" content=\"1080\" \/>\n\t<meta property=\"og:image:type\" content=\"image\/jpeg\" \/>\n<meta name=\"author\" content=\"admin\" \/>\n<meta name=\"twitter:card\" content=\"summary_large_image\" \/>\n<meta name=\"twitter:label1\" content=\"Escrito por\" \/>\n\t<meta name=\"twitter:data1\" content=\"admin\" \/>\n\t<meta name=\"twitter:label2\" content=\"Tempo estimado de leitura\" \/>\n\t<meta name=\"twitter:data2\" content=\"3 minutos\" \/>\n<script type=\"application\/ld+json\" class=\"yoast-schema-graph\">{\"@context\":\"https:\/\/schema.org\",\"@graph\":[{\"@type\":\"Article\",\"@id\":\"https:\/\/estadocomarte.pt\/site\/2024\/08\/25\/a-filosofia-como-perseguidora-da-religiao\/#article\",\"isPartOf\":{\"@id\":\"https:\/\/estadocomarte.pt\/site\/2024\/08\/25\/a-filosofia-como-perseguidora-da-religiao\/\"},\"author\":{\"name\":\"admin\",\"@id\":\"https:\/\/estadocomarte.pt\/site\/#\/schema\/person\/c0943a071216c1e5b21f85304151e4ba\"},\"headline\":\"A Filosofia como perseguidora da religi\u00e3o?\",\"datePublished\":\"2024-08-25T10:46:45+00:00\",\"dateModified\":\"2024-08-25T10:46:59+00:00\",\"mainEntityOfPage\":{\"@id\":\"https:\/\/estadocomarte.pt\/site\/2024\/08\/25\/a-filosofia-como-perseguidora-da-religiao\/\"},\"wordCount\":512,\"commentCount\":0,\"publisher\":{\"@id\":\"https:\/\/estadocomarte.pt\/site\/#organization\"},\"image\":{\"@id\":\"https:\/\/estadocomarte.pt\/site\/2024\/08\/25\/a-filosofia-como-perseguidora-da-religiao\/#primaryimage\"},\"thumbnailUrl\":\"https:\/\/estadocomarte.pt\/site\/wp-content\/uploads\/2024\/08\/feuerbach.jpg\",\"keywords\":[\"Feuerbach\",\"hegel\",\"marx\"],\"articleSection\":[\"Cultura\",\"Isto Para N\u00f3s\"],\"inLanguage\":\"pt-PT\",\"potentialAction\":[{\"@type\":\"CommentAction\",\"name\":\"Comment\",\"target\":[\"https:\/\/estadocomarte.pt\/site\/2024\/08\/25\/a-filosofia-como-perseguidora-da-religiao\/#respond\"]}]},{\"@type\":\"WebPage\",\"@id\":\"https:\/\/estadocomarte.pt\/site\/2024\/08\/25\/a-filosofia-como-perseguidora-da-religiao\/\",\"url\":\"https:\/\/estadocomarte.pt\/site\/2024\/08\/25\/a-filosofia-como-perseguidora-da-religiao\/\",\"name\":\"A Filosofia como perseguidora da religi\u00e3o? - Estado com Arte\",\"isPartOf\":{\"@id\":\"https:\/\/estadocomarte.pt\/site\/#website\"},\"primaryImageOfPage\":{\"@id\":\"https:\/\/estadocomarte.pt\/site\/2024\/08\/25\/a-filosofia-como-perseguidora-da-religiao\/#primaryimage\"},\"image\":{\"@id\":\"https:\/\/estadocomarte.pt\/site\/2024\/08\/25\/a-filosofia-como-perseguidora-da-religiao\/#primaryimage\"},\"thumbnailUrl\":\"https:\/\/estadocomarte.pt\/site\/wp-content\/uploads\/2024\/08\/feuerbach.jpg\",\"datePublished\":\"2024-08-25T10:46:45+00:00\",\"dateModified\":\"2024-08-25T10:46:59+00:00\",\"breadcrumb\":{\"@id\":\"https:\/\/estadocomarte.pt\/site\/2024\/08\/25\/a-filosofia-como-perseguidora-da-religiao\/#breadcrumb\"},\"inLanguage\":\"pt-PT\",\"potentialAction\":[{\"@type\":\"ReadAction\",\"target\":[\"https:\/\/estadocomarte.pt\/site\/2024\/08\/25\/a-filosofia-como-perseguidora-da-religiao\/\"]}]},{\"@type\":\"ImageObject\",\"inLanguage\":\"pt-PT\",\"@id\":\"https:\/\/estadocomarte.pt\/site\/2024\/08\/25\/a-filosofia-como-perseguidora-da-religiao\/#primaryimage\",\"url\":\"https:\/\/estadocomarte.pt\/site\/wp-content\/uploads\/2024\/08\/feuerbach.jpg\",\"contentUrl\":\"https:\/\/estadocomarte.pt\/site\/wp-content\/uploads\/2024\/08\/feuerbach.jpg\",\"width\":1118,\"height\":1080},{\"@type\":\"BreadcrumbList\",\"@id\":\"https:\/\/estadocomarte.pt\/site\/2024\/08\/25\/a-filosofia-como-perseguidora-da-religiao\/#breadcrumb\",\"itemListElement\":[{\"@type\":\"ListItem\",\"position\":1,\"name\":\"In\u00edcio\",\"item\":\"https:\/\/estadocomarte.pt\/site\/\"},{\"@type\":\"ListItem\",\"position\":2,\"name\":\"A Filosofia como perseguidora da religi\u00e3o?\"}]},{\"@type\":\"WebSite\",\"@id\":\"https:\/\/estadocomarte.pt\/site\/#website\",\"url\":\"https:\/\/estadocomarte.pt\/site\/\",\"name\":\"Estado com Arte Magazine\",\"description\":\"Magazine\",\"publisher\":{\"@id\":\"https:\/\/estadocomarte.pt\/site\/#organization\"},\"alternateName\":\"Magazine semanal sobre pol\u00edtica e cultura, com autores, opini\u00e3o e cr\u00edticas.\",\"potentialAction\":[{\"@type\":\"SearchAction\",\"target\":{\"@type\":\"EntryPoint\",\"urlTemplate\":\"https:\/\/estadocomarte.pt\/site\/?s={search_term_string}\"},\"query-input\":{\"@type\":\"PropertyValueSpecification\",\"valueRequired\":true,\"valueName\":\"search_term_string\"}}],\"inLanguage\":\"pt-PT\"},{\"@type\":\"Organization\",\"@id\":\"https:\/\/estadocomarte.pt\/site\/#organization\",\"name\":\"Estado com Arte Magazine\",\"alternateName\":\"Magazine semanal sobre pol\u00edtica e cultura, com autores, opini\u00e3o e cr\u00edticas.\",\"url\":\"https:\/\/estadocomarte.pt\/site\/\",\"logo\":{\"@type\":\"ImageObject\",\"inLanguage\":\"pt-PT\",\"@id\":\"https:\/\/estadocomarte.pt\/site\/#\/schema\/logo\/image\/\",\"url\":\"https:\/\/estadocomarte.pt\/site\/wp-content\/uploads\/2023\/06\/cropped-cropped-Prancheta-2@2x-100.jpg\",\"contentUrl\":\"https:\/\/estadocomarte.pt\/site\/wp-content\/uploads\/2023\/06\/cropped-cropped-Prancheta-2@2x-100.jpg\",\"width\":1777,\"height\":592,\"caption\":\"Estado com Arte Magazine\"},\"image\":{\"@id\":\"https:\/\/estadocomarte.pt\/site\/#\/schema\/logo\/image\/\"},\"sameAs\":[\"https:\/\/www.instagram.com\/estadocomartemagazine\"]},{\"@type\":\"Person\",\"@id\":\"https:\/\/estadocomarte.pt\/site\/#\/schema\/person\/c0943a071216c1e5b21f85304151e4ba\",\"name\":\"admin\",\"image\":{\"@type\":\"ImageObject\",\"inLanguage\":\"pt-PT\",\"@id\":\"https:\/\/estadocomarte.pt\/site\/#\/schema\/person\/image\/\",\"url\":\"https:\/\/secure.gravatar.com\/avatar\/e6f378fd6914c8505d3e1d40f51fa953b21bab0f3a5658a33bc84cb5bda780f9?s=96&d=mm&r=g\",\"contentUrl\":\"https:\/\/secure.gravatar.com\/avatar\/e6f378fd6914c8505d3e1d40f51fa953b21bab0f3a5658a33bc84cb5bda780f9?s=96&d=mm&r=g\",\"caption\":\"admin\"},\"sameAs\":[\"https:\/\/estadocomarte.pt\/site\"],\"url\":\"https:\/\/estadocomarte.pt\/site\/author\/admin\/\"}]}<\/script>\n<!-- \/ Yoast SEO plugin. -->","yoast_head_json":{"title":"A Filosofia como perseguidora da religi\u00e3o? - Estado com Arte","robots":{"index":"index","follow":"follow","max-snippet":"max-snippet:-1","max-image-preview":"max-image-preview:large","max-video-preview":"max-video-preview:-1"},"canonical":"https:\/\/estadocomarte.pt\/site\/2024\/08\/25\/a-filosofia-como-perseguidora-da-religiao\/","og_locale":"pt_PT","og_type":"article","og_title":"A Filosofia como perseguidora da religi\u00e3o? - Estado com Arte","og_description":"Susana Mexia, Professora de Filosofia","og_url":"https:\/\/estadocomarte.pt\/site\/2024\/08\/25\/a-filosofia-como-perseguidora-da-religiao\/","og_site_name":"Estado com Arte","article_published_time":"2024-08-25T10:46:45+00:00","article_modified_time":"2024-08-25T10:46:59+00:00","og_image":[{"width":1118,"height":1080,"url":"https:\/\/estadocomarte.pt\/site\/wp-content\/uploads\/2024\/08\/feuerbach.jpg","type":"image\/jpeg"}],"author":"admin","twitter_card":"summary_large_image","twitter_misc":{"Escrito por":"admin","Tempo estimado de leitura":"3 minutos"},"schema":{"@context":"https:\/\/schema.org","@graph":[{"@type":"Article","@id":"https:\/\/estadocomarte.pt\/site\/2024\/08\/25\/a-filosofia-como-perseguidora-da-religiao\/#article","isPartOf":{"@id":"https:\/\/estadocomarte.pt\/site\/2024\/08\/25\/a-filosofia-como-perseguidora-da-religiao\/"},"author":{"name":"admin","@id":"https:\/\/estadocomarte.pt\/site\/#\/schema\/person\/c0943a071216c1e5b21f85304151e4ba"},"headline":"A Filosofia como perseguidora da religi\u00e3o?","datePublished":"2024-08-25T10:46:45+00:00","dateModified":"2024-08-25T10:46:59+00:00","mainEntityOfPage":{"@id":"https:\/\/estadocomarte.pt\/site\/2024\/08\/25\/a-filosofia-como-perseguidora-da-religiao\/"},"wordCount":512,"commentCount":0,"publisher":{"@id":"https:\/\/estadocomarte.pt\/site\/#organization"},"image":{"@id":"https:\/\/estadocomarte.pt\/site\/2024\/08\/25\/a-filosofia-como-perseguidora-da-religiao\/#primaryimage"},"thumbnailUrl":"https:\/\/estadocomarte.pt\/site\/wp-content\/uploads\/2024\/08\/feuerbach.jpg","keywords":["Feuerbach","hegel","marx"],"articleSection":["Cultura","Isto Para N\u00f3s"],"inLanguage":"pt-PT","potentialAction":[{"@type":"CommentAction","name":"Comment","target":["https:\/\/estadocomarte.pt\/site\/2024\/08\/25\/a-filosofia-como-perseguidora-da-religiao\/#respond"]}]},{"@type":"WebPage","@id":"https:\/\/estadocomarte.pt\/site\/2024\/08\/25\/a-filosofia-como-perseguidora-da-religiao\/","url":"https:\/\/estadocomarte.pt\/site\/2024\/08\/25\/a-filosofia-como-perseguidora-da-religiao\/","name":"A Filosofia como perseguidora da religi\u00e3o? - Estado com Arte","isPartOf":{"@id":"https:\/\/estadocomarte.pt\/site\/#website"},"primaryImageOfPage":{"@id":"https:\/\/estadocomarte.pt\/site\/2024\/08\/25\/a-filosofia-como-perseguidora-da-religiao\/#primaryimage"},"image":{"@id":"https:\/\/estadocomarte.pt\/site\/2024\/08\/25\/a-filosofia-como-perseguidora-da-religiao\/#primaryimage"},"thumbnailUrl":"https:\/\/estadocomarte.pt\/site\/wp-content\/uploads\/2024\/08\/feuerbach.jpg","datePublished":"2024-08-25T10:46:45+00:00","dateModified":"2024-08-25T10:46:59+00:00","breadcrumb":{"@id":"https:\/\/estadocomarte.pt\/site\/2024\/08\/25\/a-filosofia-como-perseguidora-da-religiao\/#breadcrumb"},"inLanguage":"pt-PT","potentialAction":[{"@type":"ReadAction","target":["https:\/\/estadocomarte.pt\/site\/2024\/08\/25\/a-filosofia-como-perseguidora-da-religiao\/"]}]},{"@type":"ImageObject","inLanguage":"pt-PT","@id":"https:\/\/estadocomarte.pt\/site\/2024\/08\/25\/a-filosofia-como-perseguidora-da-religiao\/#primaryimage","url":"https:\/\/estadocomarte.pt\/site\/wp-content\/uploads\/2024\/08\/feuerbach.jpg","contentUrl":"https:\/\/estadocomarte.pt\/site\/wp-content\/uploads\/2024\/08\/feuerbach.jpg","width":1118,"height":1080},{"@type":"BreadcrumbList","@id":"https:\/\/estadocomarte.pt\/site\/2024\/08\/25\/a-filosofia-como-perseguidora-da-religiao\/#breadcrumb","itemListElement":[{"@type":"ListItem","position":1,"name":"In\u00edcio","item":"https:\/\/estadocomarte.pt\/site\/"},{"@type":"ListItem","position":2,"name":"A Filosofia como perseguidora da religi\u00e3o?"}]},{"@type":"WebSite","@id":"https:\/\/estadocomarte.pt\/site\/#website","url":"https:\/\/estadocomarte.pt\/site\/","name":"Estado com Arte Magazine","description":"Magazine","publisher":{"@id":"https:\/\/estadocomarte.pt\/site\/#organization"},"alternateName":"Magazine semanal sobre pol\u00edtica e cultura, com autores, opini\u00e3o e cr\u00edticas.","potentialAction":[{"@type":"SearchAction","target":{"@type":"EntryPoint","urlTemplate":"https:\/\/estadocomarte.pt\/site\/?s={search_term_string}"},"query-input":{"@type":"PropertyValueSpecification","valueRequired":true,"valueName":"search_term_string"}}],"inLanguage":"pt-PT"},{"@type":"Organization","@id":"https:\/\/estadocomarte.pt\/site\/#organization","name":"Estado com Arte Magazine","alternateName":"Magazine semanal sobre pol\u00edtica e cultura, com autores, opini\u00e3o e cr\u00edticas.","url":"https:\/\/estadocomarte.pt\/site\/","logo":{"@type":"ImageObject","inLanguage":"pt-PT","@id":"https:\/\/estadocomarte.pt\/site\/#\/schema\/logo\/image\/","url":"https:\/\/estadocomarte.pt\/site\/wp-content\/uploads\/2023\/06\/cropped-cropped-Prancheta-2@2x-100.jpg","contentUrl":"https:\/\/estadocomarte.pt\/site\/wp-content\/uploads\/2023\/06\/cropped-cropped-Prancheta-2@2x-100.jpg","width":1777,"height":592,"caption":"Estado com Arte Magazine"},"image":{"@id":"https:\/\/estadocomarte.pt\/site\/#\/schema\/logo\/image\/"},"sameAs":["https:\/\/www.instagram.com\/estadocomartemagazine"]},{"@type":"Person","@id":"https:\/\/estadocomarte.pt\/site\/#\/schema\/person\/c0943a071216c1e5b21f85304151e4ba","name":"admin","image":{"@type":"ImageObject","inLanguage":"pt-PT","@id":"https:\/\/estadocomarte.pt\/site\/#\/schema\/person\/image\/","url":"https:\/\/secure.gravatar.com\/avatar\/e6f378fd6914c8505d3e1d40f51fa953b21bab0f3a5658a33bc84cb5bda780f9?s=96&d=mm&r=g","contentUrl":"https:\/\/secure.gravatar.com\/avatar\/e6f378fd6914c8505d3e1d40f51fa953b21bab0f3a5658a33bc84cb5bda780f9?s=96&d=mm&r=g","caption":"admin"},"sameAs":["https:\/\/estadocomarte.pt\/site"],"url":"https:\/\/estadocomarte.pt\/site\/author\/admin\/"}]}},"_links":{"self":[{"href":"https:\/\/estadocomarte.pt\/site\/wp-json\/wp\/v2\/posts\/6331","targetHints":{"allow":["GET"]}}],"collection":[{"href":"https:\/\/estadocomarte.pt\/site\/wp-json\/wp\/v2\/posts"}],"about":[{"href":"https:\/\/estadocomarte.pt\/site\/wp-json\/wp\/v2\/types\/post"}],"author":[{"embeddable":true,"href":"https:\/\/estadocomarte.pt\/site\/wp-json\/wp\/v2\/users\/1"}],"replies":[{"embeddable":true,"href":"https:\/\/estadocomarte.pt\/site\/wp-json\/wp\/v2\/comments?post=6331"}],"version-history":[{"count":0,"href":"https:\/\/estadocomarte.pt\/site\/wp-json\/wp\/v2\/posts\/6331\/revisions"}],"wp:featuredmedia":[{"embeddable":true,"href":"https:\/\/estadocomarte.pt\/site\/wp-json\/wp\/v2\/media\/6332"}],"wp:attachment":[{"href":"https:\/\/estadocomarte.pt\/site\/wp-json\/wp\/v2\/media?parent=6331"}],"wp:term":[{"taxonomy":"category","embeddable":true,"href":"https:\/\/estadocomarte.pt\/site\/wp-json\/wp\/v2\/categories?post=6331"},{"taxonomy":"post_tag","embeddable":true,"href":"https:\/\/estadocomarte.pt\/site\/wp-json\/wp\/v2\/tags?post=6331"}],"curies":[{"name":"wp","href":"https:\/\/api.w.org\/{rel}","templated":true}]}}