{"id":7079,"date":"2024-10-24T15:43:17","date_gmt":"2024-10-24T15:43:17","guid":{"rendered":"https:\/\/estadocomarte.pt\/site\/?p=7079"},"modified":"2024-11-18T15:58:47","modified_gmt":"2024-11-18T15:58:47","slug":"ricardo-duque-e-importante-trabalhar-a-questao-identitaria-de-cada-territorio-para-colocar-ao-servico-da-comunidade-c-podcast","status":"publish","type":"post","link":"https:\/\/estadocomarte.pt\/site\/2024\/10\/24\/ricardo-duque-e-importante-trabalhar-a-questao-identitaria-de-cada-territorio-para-colocar-ao-servico-da-comunidade-c-podcast\/","title":{"rendered":"Ricardo Duque: \u201c\u00c9 importante trabalhar a quest\u00e3o identit\u00e1ria de cada territ\u00f3rio para colocar ao servi\u00e7o da comunidade\u201d. C\/ Podcast"},"content":{"rendered":"<p><strong>Ricardo Duque, de 30 anos, \u00e9 um dos presidentes de junta de freguesia mais jovem eleito nas aut\u00e1rquicas em 2021. O autarca das Gaeiras, vila do munic\u00edpio de \u00d3bidos, eleito pelo movimento independente \u201cGaeiras Primeiro\u201d, garante que n\u00e3o quer fazer \u201ccarreira na pol\u00edtica\u201d, s\u00f3 quer \u201csair com o objetivo de miss\u00e3o cumprida\u201d. Assumiu o compromisso com a popula\u00e7\u00e3o num projeto estrat\u00e9gico a 10 anos.<\/strong><\/p>\n<p><strong>Para captar novos p\u00fablicos, est\u00e1 prevista uma paragem de bus com livros, alusiva a Lu\u00eds Vaz de Cam\u00f5es, no \u00e2mbito das comemora\u00e7\u00f5es dos 500 anos do nascimento do poeta.<\/strong><\/p>\n<p>Ge\u00f3grafo de profiss\u00e3o na \u00e1rea de planeamento com especializa\u00e7\u00e3o em ordenamento do urbanismo, \u201cpensar a cidade \u00e9 para si muito caro\u201d, um dos seus objetivos tra\u00e7ados na sua candidatura Gaeiras Primeiro. Ricardo Duque, o anterior l\u00edder da Juventude Social Democrata \u00d3bidos, recebe o Magazine Estado com Arte no centro comunit\u00e1rio das Gaeiras, um espa\u00e7o inaugurado em 2019 para captar jovens criativos e empres\u00e1rios com espa\u00e7o de co-work, sala para confer\u00eancias, sala de reuni\u00f5es, est\u00fadio de fotografia e grava\u00e7\u00e3o de m\u00fasica dispon\u00edvel e gratuito para os artistas da regi\u00e3o poderem utilizar. Ainda tem um piano para quem se atrever a tocar nos intervalos de aulas de apoio escolar.<\/p>\n<p>O jovem autarca come\u00e7ou a sua atividade pol\u00edtica no associativismo aos 14 anos pela m\u00e3o de Eduardo Jo\u00e3o Silva, antigo presidente de junta das Gaeiras.<\/p>\n<p>Houve uma altura \u201cem que os jovens afastavam-se das din\u00e2micas locais. Mas neste momento existem 7 associa\u00e7\u00f5es no ativo, uma centen\u00e1ria e outra a caminho.\u201d A associa\u00e7\u00e3o Filarm\u00f3nica Gaeirense, dedicada a quest\u00f5es sociais e recreativa ao longo dos anos tem sido o motor de desenvolvimento da freguesia.<\/p>\n<p>Faltava uma associa\u00e7\u00e3o que juntasse os jovens, \u201ca gera\u00e7\u00e3o que fosse o polo agregador e que mantivesse o associativismo\u201d, conta Duque e \u00e9 neste contexto que nasce a associa\u00e7\u00e3o jovens volunt\u00e1rios das Gaeiras.<\/p>\n<p>O que diferencia a freguesia de outras \u201c\u00e9 uma comunidade muito viva disposta a trabalhar e a unir-se por objetivos. Foi assim na constru\u00e7\u00e3o de todo o edificado: pavilh\u00e3o desportivo, igreja matriz, infra-estruturas como creches e centro de dia,\u201d explica.<\/p>\n<p><iframe title=\"Ricardo Duque: &quot;\u00c9 importante trabalhar a quest\u00e3o identit\u00e1ria de cada territ\u00f3rio para colocar ao servi\u00e7o da comunidade\u201d by Estado com Arte\" width=\"500\" height=\"400\" scrolling=\"no\" frameborder=\"no\" src=\"https:\/\/w.soundcloud.com\/player\/?visual=true&#038;url=https%3A%2F%2Fapi.soundcloud.com%2Ftracks%2F1941095147&#038;show_artwork=true&#038;maxheight=750&#038;maxwidth=500\"><\/iframe><\/p>\n<p>Ricardo Duque foi presidente da JVG, durante 10 anos, com a participa\u00e7\u00e3o de 100 jovens das Gaeiras e do concelho, dos 18 aos 30 anos. Deram oportunidade aos jovens da freguesia de irem a fazer Erasmus, &#8220;conhecer um pouco do mundo&#8221;.<\/p>\n<p>Uma das estrat\u00e9gias do seu mandato \u00e9 trabalhar a globaliza\u00e7\u00e3o, mas considera que \u00e9 tamb\u00e9m importante &#8220;trabalhar a quest\u00e3o identit\u00e1ria de cada territ\u00f3rio para colocar ao servi\u00e7o da comunidade&#8221;.<\/p>\n<p>Reconhece que hoje na pol\u00edtica um dos problemas &#8220;\u00e9 o timing, nem sempre est\u00e1 em sintonia com o planeamento da cidade.&#8221; A vila das Gaeiras tem 3 mil habitantes, \u201cfarol\u201d de outras localidades, mas o autarca admite que uma das dificuldades \u00e9 a falta de meios para dar resposta aos programas. \u201c Estamos muito alicer\u00e7ados no apoio do munic\u00edpio de \u00d3bidos, fundamental para os autarcas desenvolverem os seus projetos.\u201d<\/p>\n<p>\u201cNestes 3 anos comprometi-me com a popula\u00e7\u00e3o num projeto a 10 anos, o objetivo era tra\u00e7ar uma estrat\u00e9gia: apoiar infra-estruturas coletivas que d\u00e3o resposta as pessoas,\u201d assume o autarca gaeirense.<\/p>\n<p>Garante que a freguesia est\u00e1 a crescer de forma superior \u00e0 m\u00e9dia, mas o incentivo a natalidade \u00e9 assumido pelo munic\u00edpio. Para Duque o crescimento \u201cacontece devido \u00e0 qualidade de vida\u201d.<\/p>\n<h4>Estrat\u00e9gia Macro adaptada \u00e0 freguesia<\/h4>\n<p>Para o jovem presidente, uma das mais valias da freguesia das Gaeiras \u00e9 tirar partido dos 3 milh\u00f5es de visitantes por ano a \u00d3bidos. Quer acompanhar a Estrat\u00e9gia macro da CMO, enquanto cidade criativa da UNESCO, cidade da literatura.<\/p>\n<p>Neste sentido criaram pontos de interesse nas diferentes localidades, numa liga\u00e7\u00e3o com o evento LATITUDES \u2013 Literatura e Viajantes, em que promoveram paragens de autor na freguesia com mural pintado de Jos\u00e9 Saramago. \u201cO motivo era envolver jovens artistas nas paragens de autocarro. S\u00e3o locais de leitura, projetos culturais que foram Incubadas no espa\u00e7o \u00d3.\u201d Para este ano est\u00e1 prevista uma paragem de bus com livros alusiva a Lu\u00eds Vaz de Cam\u00f5es no \u00e2mbito das comemora\u00e7\u00f5es dos 500 anos do nascimento do poeta.<\/p>\n<p>O Convento de S. Miguel das Gaeiras adquirido pela CMO para dar resposta a aumento de incuba\u00e7\u00e3o art\u00edstica. Dispon\u00edvel para v\u00e1rios eventos, espa\u00e7o com forte hist\u00f3ria e identidade da freguesia. Est\u00e1 a sofrer interven\u00e7\u00e3o de obras de qualifica\u00e7\u00e3o.<\/p>\n<h4>Ambi\u00e7\u00f5es pol\u00edticas para aut\u00e1rquicas 2025<\/h4>\n<figure id=\"attachment_7081\" aria-describedby=\"caption-attachment-7081\" style=\"width: 300px\" class=\"wp-caption alignleft\"><img fetchpriority=\"high\" decoding=\"async\" class=\"wp-image-7081 size-medium\" src=\"https:\/\/estadocomarte.pt\/site\/wp-content\/uploads\/2024\/10\/ricardo2-300x171.jpg\" alt=\"\" width=\"300\" height=\"171\" srcset=\"https:\/\/estadocomarte.pt\/site\/wp-content\/uploads\/2024\/10\/ricardo2-300x171.jpg 300w, https:\/\/estadocomarte.pt\/site\/wp-content\/uploads\/2024\/10\/ricardo2-1024x583.jpg 1024w, https:\/\/estadocomarte.pt\/site\/wp-content\/uploads\/2024\/10\/ricardo2-768x437.jpg 768w, https:\/\/estadocomarte.pt\/site\/wp-content\/uploads\/2024\/10\/ricardo2.jpg 1263w\" sizes=\"(max-width: 300px) 100vw, 300px\" \/><figcaption id=\"caption-attachment-7081\" class=\"wp-caption-text\">Ricardo Duque, de 30 anos, presidente da junta de freguesia das Gaeiras, \u00d3bidos, \u00e9 um dos mais jovens presidentes de junta de freguesia em Portugal.<\/figcaption><\/figure>\n<p>As ambi\u00e7\u00f5es pol\u00edticas de qualquer pol\u00edtico, diz Ricardo Duque, \u201c\u00e9 trabalhar para a sua popula\u00e7\u00e3o com ajuda das diferentes entidades o que considera relevante para a freguesia\u201d. Mas confessa que \u201cainda \u00e9 cedo para avaliar a recandidatura\u201d.<\/p>\n<p>Foi eleito por um movimento independente, \u201csendo jovem n\u00e3o tenho como objetivo fazer da pol\u00edtica carreira, \u00e9 preciso saber entrar e saber sair, com miss\u00e3o cumprida. Ainda n\u00e3o est\u00e1 conclu\u00eddo tudo o que tinha planeado para a freguesia. Gostaria de ter oportunidade de concluir um conjunto de projetos para os quais me candidatei. Acima de tudo ao n\u00edvel urban\u00edstico. A Autarquia j\u00e1 mostrou disponibilidade para os implementar\u201d, remata.<\/p>\n","protected":false},"excerpt":{"rendered":"<p>Marta Roque<\/p>\n","protected":false},"author":1,"featured_media":7080,"comment_status":"open","ping_status":"open","sticky":false,"template":"","format":"standard","meta":{"site-sidebar-layout":"default","site-content-layout":"default","ast-global-header-display":"","ast-banner-title-visibility":"","ast-main-header-display":"","ast-hfb-above-header-display":"","ast-hfb-below-header-display":"","ast-hfb-mobile-header-display":"","site-post-title":"","ast-breadcrumbs-content":"","ast-featured-img":"","footer-sml-layout":"","theme-transparent-header-meta":"default","adv-header-id-meta":"","stick-header-meta":"","header-above-stick-meta":"","header-main-stick-meta":"","header-below-stick-meta":"","footnotes":""},"categories":[64,10],"tags":[449,450,448],"class_list":["post-7079","post","type-post","status-publish","format-standard","has-post-thumbnail","hentry","category-isto-para-nos","category-podcast","tag-gaeiras","tag-presidente-de-junta","tag-ricardo-duque"],"yoast_head":"<!-- This site is optimized with the Yoast SEO plugin v25.1 - https:\/\/yoast.com\/wordpress\/plugins\/seo\/ -->\n<title>Ricardo Duque: \u201c\u00c9 importante trabalhar a quest\u00e3o identit\u00e1ria de cada territ\u00f3rio para colocar ao servi\u00e7o da comunidade\u201d. C\/ Podcast - Estado com Arte<\/title>\n<meta name=\"robots\" content=\"index, follow, max-snippet:-1, max-image-preview:large, max-video-preview:-1\" \/>\n<link rel=\"canonical\" href=\"https:\/\/estadocomarte.pt\/site\/2024\/10\/24\/ricardo-duque-e-importante-trabalhar-a-questao-identitaria-de-cada-territorio-para-colocar-ao-servico-da-comunidade-c-podcast\/\" \/>\n<meta property=\"og:locale\" content=\"pt_PT\" \/>\n<meta property=\"og:type\" content=\"article\" \/>\n<meta property=\"og:title\" content=\"Ricardo Duque: \u201c\u00c9 importante trabalhar a quest\u00e3o identit\u00e1ria de cada territ\u00f3rio para colocar ao servi\u00e7o da comunidade\u201d. C\/ Podcast - Estado com Arte\" \/>\n<meta property=\"og:description\" content=\"Marta Roque\" \/>\n<meta property=\"og:url\" content=\"https:\/\/estadocomarte.pt\/site\/2024\/10\/24\/ricardo-duque-e-importante-trabalhar-a-questao-identitaria-de-cada-territorio-para-colocar-ao-servico-da-comunidade-c-podcast\/\" \/>\n<meta property=\"og:site_name\" content=\"Estado com Arte\" \/>\n<meta property=\"article:published_time\" content=\"2024-10-24T15:43:17+00:00\" \/>\n<meta property=\"article:modified_time\" content=\"2024-11-18T15:58:47+00:00\" \/>\n<meta property=\"og:image\" content=\"https:\/\/estadocomarte.pt\/site\/wp-content\/uploads\/2024\/10\/ricardo1.jpg\" \/>\n\t<meta property=\"og:image:width\" content=\"511\" \/>\n\t<meta property=\"og:image:height\" content=\"427\" \/>\n\t<meta property=\"og:image:type\" content=\"image\/jpeg\" \/>\n<meta name=\"author\" content=\"admin\" \/>\n<meta name=\"twitter:card\" content=\"summary_large_image\" \/>\n<meta name=\"twitter:label1\" content=\"Escrito por\" \/>\n\t<meta name=\"twitter:data1\" content=\"admin\" \/>\n\t<meta name=\"twitter:label2\" content=\"Tempo estimado de leitura\" \/>\n\t<meta name=\"twitter:data2\" content=\"6 minutos\" \/>\n<script type=\"application\/ld+json\" class=\"yoast-schema-graph\">{\"@context\":\"https:\/\/schema.org\",\"@graph\":[{\"@type\":\"Article\",\"@id\":\"https:\/\/estadocomarte.pt\/site\/2024\/10\/24\/ricardo-duque-e-importante-trabalhar-a-questao-identitaria-de-cada-territorio-para-colocar-ao-servico-da-comunidade-c-podcast\/#article\",\"isPartOf\":{\"@id\":\"https:\/\/estadocomarte.pt\/site\/2024\/10\/24\/ricardo-duque-e-importante-trabalhar-a-questao-identitaria-de-cada-territorio-para-colocar-ao-servico-da-comunidade-c-podcast\/\"},\"author\":{\"name\":\"admin\",\"@id\":\"https:\/\/estadocomarte.pt\/site\/#\/schema\/person\/c0943a071216c1e5b21f85304151e4ba\"},\"headline\":\"Ricardo Duque: \u201c\u00c9 importante trabalhar a quest\u00e3o identit\u00e1ria de cada territ\u00f3rio para colocar ao servi\u00e7o da comunidade\u201d. C\/ Podcast\",\"datePublished\":\"2024-10-24T15:43:17+00:00\",\"dateModified\":\"2024-11-18T15:58:47+00:00\",\"mainEntityOfPage\":{\"@id\":\"https:\/\/estadocomarte.pt\/site\/2024\/10\/24\/ricardo-duque-e-importante-trabalhar-a-questao-identitaria-de-cada-territorio-para-colocar-ao-servico-da-comunidade-c-podcast\/\"},\"wordCount\":954,\"commentCount\":0,\"publisher\":{\"@id\":\"https:\/\/estadocomarte.pt\/site\/#organization\"},\"image\":{\"@id\":\"https:\/\/estadocomarte.pt\/site\/2024\/10\/24\/ricardo-duque-e-importante-trabalhar-a-questao-identitaria-de-cada-territorio-para-colocar-ao-servico-da-comunidade-c-podcast\/#primaryimage\"},\"thumbnailUrl\":\"https:\/\/estadocomarte.pt\/site\/wp-content\/uploads\/2024\/10\/ricardo1.jpg\",\"keywords\":[\"gaeiras\",\"presidente de junta\",\"ricardo duque\"],\"articleSection\":[\"Isto Para N\u00f3s\",\"Podcast\"],\"inLanguage\":\"pt-PT\",\"potentialAction\":[{\"@type\":\"CommentAction\",\"name\":\"Comment\",\"target\":[\"https:\/\/estadocomarte.pt\/site\/2024\/10\/24\/ricardo-duque-e-importante-trabalhar-a-questao-identitaria-de-cada-territorio-para-colocar-ao-servico-da-comunidade-c-podcast\/#respond\"]}]},{\"@type\":\"WebPage\",\"@id\":\"https:\/\/estadocomarte.pt\/site\/2024\/10\/24\/ricardo-duque-e-importante-trabalhar-a-questao-identitaria-de-cada-territorio-para-colocar-ao-servico-da-comunidade-c-podcast\/\",\"url\":\"https:\/\/estadocomarte.pt\/site\/2024\/10\/24\/ricardo-duque-e-importante-trabalhar-a-questao-identitaria-de-cada-territorio-para-colocar-ao-servico-da-comunidade-c-podcast\/\",\"name\":\"Ricardo Duque: \u201c\u00c9 importante trabalhar a quest\u00e3o identit\u00e1ria de cada territ\u00f3rio para colocar ao servi\u00e7o da comunidade\u201d. C\/ Podcast - Estado com Arte\",\"isPartOf\":{\"@id\":\"https:\/\/estadocomarte.pt\/site\/#website\"},\"primaryImageOfPage\":{\"@id\":\"https:\/\/estadocomarte.pt\/site\/2024\/10\/24\/ricardo-duque-e-importante-trabalhar-a-questao-identitaria-de-cada-territorio-para-colocar-ao-servico-da-comunidade-c-podcast\/#primaryimage\"},\"image\":{\"@id\":\"https:\/\/estadocomarte.pt\/site\/2024\/10\/24\/ricardo-duque-e-importante-trabalhar-a-questao-identitaria-de-cada-territorio-para-colocar-ao-servico-da-comunidade-c-podcast\/#primaryimage\"},\"thumbnailUrl\":\"https:\/\/estadocomarte.pt\/site\/wp-content\/uploads\/2024\/10\/ricardo1.jpg\",\"datePublished\":\"2024-10-24T15:43:17+00:00\",\"dateModified\":\"2024-11-18T15:58:47+00:00\",\"breadcrumb\":{\"@id\":\"https:\/\/estadocomarte.pt\/site\/2024\/10\/24\/ricardo-duque-e-importante-trabalhar-a-questao-identitaria-de-cada-territorio-para-colocar-ao-servico-da-comunidade-c-podcast\/#breadcrumb\"},\"inLanguage\":\"pt-PT\",\"potentialAction\":[{\"@type\":\"ReadAction\",\"target\":[\"https:\/\/estadocomarte.pt\/site\/2024\/10\/24\/ricardo-duque-e-importante-trabalhar-a-questao-identitaria-de-cada-territorio-para-colocar-ao-servico-da-comunidade-c-podcast\/\"]}]},{\"@type\":\"ImageObject\",\"inLanguage\":\"pt-PT\",\"@id\":\"https:\/\/estadocomarte.pt\/site\/2024\/10\/24\/ricardo-duque-e-importante-trabalhar-a-questao-identitaria-de-cada-territorio-para-colocar-ao-servico-da-comunidade-c-podcast\/#primaryimage\",\"url\":\"https:\/\/estadocomarte.pt\/site\/wp-content\/uploads\/2024\/10\/ricardo1.jpg\",\"contentUrl\":\"https:\/\/estadocomarte.pt\/site\/wp-content\/uploads\/2024\/10\/ricardo1.jpg\",\"width\":511,\"height\":427},{\"@type\":\"BreadcrumbList\",\"@id\":\"https:\/\/estadocomarte.pt\/site\/2024\/10\/24\/ricardo-duque-e-importante-trabalhar-a-questao-identitaria-de-cada-territorio-para-colocar-ao-servico-da-comunidade-c-podcast\/#breadcrumb\",\"itemListElement\":[{\"@type\":\"ListItem\",\"position\":1,\"name\":\"In\u00edcio\",\"item\":\"https:\/\/estadocomarte.pt\/site\/\"},{\"@type\":\"ListItem\",\"position\":2,\"name\":\"Ricardo Duque: \u201c\u00c9 importante trabalhar a quest\u00e3o identit\u00e1ria de cada territ\u00f3rio para colocar ao servi\u00e7o da comunidade\u201d. C\/ Podcast\"}]},{\"@type\":\"WebSite\",\"@id\":\"https:\/\/estadocomarte.pt\/site\/#website\",\"url\":\"https:\/\/estadocomarte.pt\/site\/\",\"name\":\"Estado com Arte Magazine\",\"description\":\"Magazine\",\"publisher\":{\"@id\":\"https:\/\/estadocomarte.pt\/site\/#organization\"},\"alternateName\":\"Magazine semanal sobre pol\u00edtica e cultura, com autores, opini\u00e3o e cr\u00edticas.\",\"potentialAction\":[{\"@type\":\"SearchAction\",\"target\":{\"@type\":\"EntryPoint\",\"urlTemplate\":\"https:\/\/estadocomarte.pt\/site\/?s={search_term_string}\"},\"query-input\":{\"@type\":\"PropertyValueSpecification\",\"valueRequired\":true,\"valueName\":\"search_term_string\"}}],\"inLanguage\":\"pt-PT\"},{\"@type\":\"Organization\",\"@id\":\"https:\/\/estadocomarte.pt\/site\/#organization\",\"name\":\"Estado com Arte Magazine\",\"alternateName\":\"Magazine semanal sobre pol\u00edtica e cultura, com autores, opini\u00e3o e cr\u00edticas.\",\"url\":\"https:\/\/estadocomarte.pt\/site\/\",\"logo\":{\"@type\":\"ImageObject\",\"inLanguage\":\"pt-PT\",\"@id\":\"https:\/\/estadocomarte.pt\/site\/#\/schema\/logo\/image\/\",\"url\":\"https:\/\/estadocomarte.pt\/site\/wp-content\/uploads\/2023\/06\/cropped-cropped-Prancheta-2@2x-100.jpg\",\"contentUrl\":\"https:\/\/estadocomarte.pt\/site\/wp-content\/uploads\/2023\/06\/cropped-cropped-Prancheta-2@2x-100.jpg\",\"width\":1777,\"height\":592,\"caption\":\"Estado com Arte Magazine\"},\"image\":{\"@id\":\"https:\/\/estadocomarte.pt\/site\/#\/schema\/logo\/image\/\"},\"sameAs\":[\"https:\/\/www.instagram.com\/estadocomartemagazine\"]},{\"@type\":\"Person\",\"@id\":\"https:\/\/estadocomarte.pt\/site\/#\/schema\/person\/c0943a071216c1e5b21f85304151e4ba\",\"name\":\"admin\",\"image\":{\"@type\":\"ImageObject\",\"inLanguage\":\"pt-PT\",\"@id\":\"https:\/\/estadocomarte.pt\/site\/#\/schema\/person\/image\/\",\"url\":\"https:\/\/secure.gravatar.com\/avatar\/e6f378fd6914c8505d3e1d40f51fa953b21bab0f3a5658a33bc84cb5bda780f9?s=96&d=mm&r=g\",\"contentUrl\":\"https:\/\/secure.gravatar.com\/avatar\/e6f378fd6914c8505d3e1d40f51fa953b21bab0f3a5658a33bc84cb5bda780f9?s=96&d=mm&r=g\",\"caption\":\"admin\"},\"sameAs\":[\"https:\/\/estadocomarte.pt\/site\"],\"url\":\"https:\/\/estadocomarte.pt\/site\/author\/admin\/\"}]}<\/script>\n<!-- \/ Yoast SEO plugin. -->","yoast_head_json":{"title":"Ricardo Duque: \u201c\u00c9 importante trabalhar a quest\u00e3o identit\u00e1ria de cada territ\u00f3rio para colocar ao servi\u00e7o da comunidade\u201d. C\/ Podcast - Estado com Arte","robots":{"index":"index","follow":"follow","max-snippet":"max-snippet:-1","max-image-preview":"max-image-preview:large","max-video-preview":"max-video-preview:-1"},"canonical":"https:\/\/estadocomarte.pt\/site\/2024\/10\/24\/ricardo-duque-e-importante-trabalhar-a-questao-identitaria-de-cada-territorio-para-colocar-ao-servico-da-comunidade-c-podcast\/","og_locale":"pt_PT","og_type":"article","og_title":"Ricardo Duque: \u201c\u00c9 importante trabalhar a quest\u00e3o identit\u00e1ria de cada territ\u00f3rio para colocar ao servi\u00e7o da comunidade\u201d. C\/ Podcast - Estado com Arte","og_description":"Marta Roque","og_url":"https:\/\/estadocomarte.pt\/site\/2024\/10\/24\/ricardo-duque-e-importante-trabalhar-a-questao-identitaria-de-cada-territorio-para-colocar-ao-servico-da-comunidade-c-podcast\/","og_site_name":"Estado com Arte","article_published_time":"2024-10-24T15:43:17+00:00","article_modified_time":"2024-11-18T15:58:47+00:00","og_image":[{"width":511,"height":427,"url":"https:\/\/estadocomarte.pt\/site\/wp-content\/uploads\/2024\/10\/ricardo1.jpg","type":"image\/jpeg"}],"author":"admin","twitter_card":"summary_large_image","twitter_misc":{"Escrito por":"admin","Tempo estimado de leitura":"6 minutos"},"schema":{"@context":"https:\/\/schema.org","@graph":[{"@type":"Article","@id":"https:\/\/estadocomarte.pt\/site\/2024\/10\/24\/ricardo-duque-e-importante-trabalhar-a-questao-identitaria-de-cada-territorio-para-colocar-ao-servico-da-comunidade-c-podcast\/#article","isPartOf":{"@id":"https:\/\/estadocomarte.pt\/site\/2024\/10\/24\/ricardo-duque-e-importante-trabalhar-a-questao-identitaria-de-cada-territorio-para-colocar-ao-servico-da-comunidade-c-podcast\/"},"author":{"name":"admin","@id":"https:\/\/estadocomarte.pt\/site\/#\/schema\/person\/c0943a071216c1e5b21f85304151e4ba"},"headline":"Ricardo Duque: \u201c\u00c9 importante trabalhar a quest\u00e3o identit\u00e1ria de cada territ\u00f3rio para colocar ao servi\u00e7o da comunidade\u201d. C\/ Podcast","datePublished":"2024-10-24T15:43:17+00:00","dateModified":"2024-11-18T15:58:47+00:00","mainEntityOfPage":{"@id":"https:\/\/estadocomarte.pt\/site\/2024\/10\/24\/ricardo-duque-e-importante-trabalhar-a-questao-identitaria-de-cada-territorio-para-colocar-ao-servico-da-comunidade-c-podcast\/"},"wordCount":954,"commentCount":0,"publisher":{"@id":"https:\/\/estadocomarte.pt\/site\/#organization"},"image":{"@id":"https:\/\/estadocomarte.pt\/site\/2024\/10\/24\/ricardo-duque-e-importante-trabalhar-a-questao-identitaria-de-cada-territorio-para-colocar-ao-servico-da-comunidade-c-podcast\/#primaryimage"},"thumbnailUrl":"https:\/\/estadocomarte.pt\/site\/wp-content\/uploads\/2024\/10\/ricardo1.jpg","keywords":["gaeiras","presidente de junta","ricardo duque"],"articleSection":["Isto Para N\u00f3s","Podcast"],"inLanguage":"pt-PT","potentialAction":[{"@type":"CommentAction","name":"Comment","target":["https:\/\/estadocomarte.pt\/site\/2024\/10\/24\/ricardo-duque-e-importante-trabalhar-a-questao-identitaria-de-cada-territorio-para-colocar-ao-servico-da-comunidade-c-podcast\/#respond"]}]},{"@type":"WebPage","@id":"https:\/\/estadocomarte.pt\/site\/2024\/10\/24\/ricardo-duque-e-importante-trabalhar-a-questao-identitaria-de-cada-territorio-para-colocar-ao-servico-da-comunidade-c-podcast\/","url":"https:\/\/estadocomarte.pt\/site\/2024\/10\/24\/ricardo-duque-e-importante-trabalhar-a-questao-identitaria-de-cada-territorio-para-colocar-ao-servico-da-comunidade-c-podcast\/","name":"Ricardo Duque: \u201c\u00c9 importante trabalhar a quest\u00e3o identit\u00e1ria de cada territ\u00f3rio para colocar ao servi\u00e7o da comunidade\u201d. C\/ Podcast - Estado com Arte","isPartOf":{"@id":"https:\/\/estadocomarte.pt\/site\/#website"},"primaryImageOfPage":{"@id":"https:\/\/estadocomarte.pt\/site\/2024\/10\/24\/ricardo-duque-e-importante-trabalhar-a-questao-identitaria-de-cada-territorio-para-colocar-ao-servico-da-comunidade-c-podcast\/#primaryimage"},"image":{"@id":"https:\/\/estadocomarte.pt\/site\/2024\/10\/24\/ricardo-duque-e-importante-trabalhar-a-questao-identitaria-de-cada-territorio-para-colocar-ao-servico-da-comunidade-c-podcast\/#primaryimage"},"thumbnailUrl":"https:\/\/estadocomarte.pt\/site\/wp-content\/uploads\/2024\/10\/ricardo1.jpg","datePublished":"2024-10-24T15:43:17+00:00","dateModified":"2024-11-18T15:58:47+00:00","breadcrumb":{"@id":"https:\/\/estadocomarte.pt\/site\/2024\/10\/24\/ricardo-duque-e-importante-trabalhar-a-questao-identitaria-de-cada-territorio-para-colocar-ao-servico-da-comunidade-c-podcast\/#breadcrumb"},"inLanguage":"pt-PT","potentialAction":[{"@type":"ReadAction","target":["https:\/\/estadocomarte.pt\/site\/2024\/10\/24\/ricardo-duque-e-importante-trabalhar-a-questao-identitaria-de-cada-territorio-para-colocar-ao-servico-da-comunidade-c-podcast\/"]}]},{"@type":"ImageObject","inLanguage":"pt-PT","@id":"https:\/\/estadocomarte.pt\/site\/2024\/10\/24\/ricardo-duque-e-importante-trabalhar-a-questao-identitaria-de-cada-territorio-para-colocar-ao-servico-da-comunidade-c-podcast\/#primaryimage","url":"https:\/\/estadocomarte.pt\/site\/wp-content\/uploads\/2024\/10\/ricardo1.jpg","contentUrl":"https:\/\/estadocomarte.pt\/site\/wp-content\/uploads\/2024\/10\/ricardo1.jpg","width":511,"height":427},{"@type":"BreadcrumbList","@id":"https:\/\/estadocomarte.pt\/site\/2024\/10\/24\/ricardo-duque-e-importante-trabalhar-a-questao-identitaria-de-cada-territorio-para-colocar-ao-servico-da-comunidade-c-podcast\/#breadcrumb","itemListElement":[{"@type":"ListItem","position":1,"name":"In\u00edcio","item":"https:\/\/estadocomarte.pt\/site\/"},{"@type":"ListItem","position":2,"name":"Ricardo Duque: \u201c\u00c9 importante trabalhar a quest\u00e3o identit\u00e1ria de cada territ\u00f3rio para colocar ao servi\u00e7o da comunidade\u201d. C\/ Podcast"}]},{"@type":"WebSite","@id":"https:\/\/estadocomarte.pt\/site\/#website","url":"https:\/\/estadocomarte.pt\/site\/","name":"Estado com Arte Magazine","description":"Magazine","publisher":{"@id":"https:\/\/estadocomarte.pt\/site\/#organization"},"alternateName":"Magazine semanal sobre pol\u00edtica e cultura, com autores, opini\u00e3o e cr\u00edticas.","potentialAction":[{"@type":"SearchAction","target":{"@type":"EntryPoint","urlTemplate":"https:\/\/estadocomarte.pt\/site\/?s={search_term_string}"},"query-input":{"@type":"PropertyValueSpecification","valueRequired":true,"valueName":"search_term_string"}}],"inLanguage":"pt-PT"},{"@type":"Organization","@id":"https:\/\/estadocomarte.pt\/site\/#organization","name":"Estado com Arte Magazine","alternateName":"Magazine semanal sobre pol\u00edtica e cultura, com autores, opini\u00e3o e cr\u00edticas.","url":"https:\/\/estadocomarte.pt\/site\/","logo":{"@type":"ImageObject","inLanguage":"pt-PT","@id":"https:\/\/estadocomarte.pt\/site\/#\/schema\/logo\/image\/","url":"https:\/\/estadocomarte.pt\/site\/wp-content\/uploads\/2023\/06\/cropped-cropped-Prancheta-2@2x-100.jpg","contentUrl":"https:\/\/estadocomarte.pt\/site\/wp-content\/uploads\/2023\/06\/cropped-cropped-Prancheta-2@2x-100.jpg","width":1777,"height":592,"caption":"Estado com Arte Magazine"},"image":{"@id":"https:\/\/estadocomarte.pt\/site\/#\/schema\/logo\/image\/"},"sameAs":["https:\/\/www.instagram.com\/estadocomartemagazine"]},{"@type":"Person","@id":"https:\/\/estadocomarte.pt\/site\/#\/schema\/person\/c0943a071216c1e5b21f85304151e4ba","name":"admin","image":{"@type":"ImageObject","inLanguage":"pt-PT","@id":"https:\/\/estadocomarte.pt\/site\/#\/schema\/person\/image\/","url":"https:\/\/secure.gravatar.com\/avatar\/e6f378fd6914c8505d3e1d40f51fa953b21bab0f3a5658a33bc84cb5bda780f9?s=96&d=mm&r=g","contentUrl":"https:\/\/secure.gravatar.com\/avatar\/e6f378fd6914c8505d3e1d40f51fa953b21bab0f3a5658a33bc84cb5bda780f9?s=96&d=mm&r=g","caption":"admin"},"sameAs":["https:\/\/estadocomarte.pt\/site"],"url":"https:\/\/estadocomarte.pt\/site\/author\/admin\/"}]}},"_links":{"self":[{"href":"https:\/\/estadocomarte.pt\/site\/wp-json\/wp\/v2\/posts\/7079","targetHints":{"allow":["GET"]}}],"collection":[{"href":"https:\/\/estadocomarte.pt\/site\/wp-json\/wp\/v2\/posts"}],"about":[{"href":"https:\/\/estadocomarte.pt\/site\/wp-json\/wp\/v2\/types\/post"}],"author":[{"embeddable":true,"href":"https:\/\/estadocomarte.pt\/site\/wp-json\/wp\/v2\/users\/1"}],"replies":[{"embeddable":true,"href":"https:\/\/estadocomarte.pt\/site\/wp-json\/wp\/v2\/comments?post=7079"}],"version-history":[{"count":0,"href":"https:\/\/estadocomarte.pt\/site\/wp-json\/wp\/v2\/posts\/7079\/revisions"}],"wp:featuredmedia":[{"embeddable":true,"href":"https:\/\/estadocomarte.pt\/site\/wp-json\/wp\/v2\/media\/7080"}],"wp:attachment":[{"href":"https:\/\/estadocomarte.pt\/site\/wp-json\/wp\/v2\/media?parent=7079"}],"wp:term":[{"taxonomy":"category","embeddable":true,"href":"https:\/\/estadocomarte.pt\/site\/wp-json\/wp\/v2\/categories?post=7079"},{"taxonomy":"post_tag","embeddable":true,"href":"https:\/\/estadocomarte.pt\/site\/wp-json\/wp\/v2\/tags?post=7079"}],"curies":[{"name":"wp","href":"https:\/\/api.w.org\/{rel}","templated":true}]}}