{"id":7324,"date":"2024-11-18T09:44:09","date_gmt":"2024-11-18T09:44:09","guid":{"rendered":"https:\/\/estadocomarte.pt\/site\/?p=7324"},"modified":"2024-11-18T10:12:02","modified_gmt":"2024-11-18T10:12:02","slug":"world-kindness-day","status":"publish","type":"post","link":"https:\/\/estadocomarte.pt\/site\/2024\/11\/18\/world-kindness-day\/","title":{"rendered":"World Kindness Day"},"content":{"rendered":"<p align=\"justify\"><strong><span style=\"font-family: Calibri, serif;\"><span style=\"font-size: large;\">A reflex\u00e3o sobre Bondade, \u00c9tica, Moral e Dever conduziram-me ao inevit\u00e1vel flagelo dos nossos dias, chamado <\/span><\/span><span style=\"font-family: Calibri, serif;\"><span style=\"font-size: large;\">\u201cbullying\u201d,<\/span><\/span><span style=\"font-family: Calibri, serif;\"><span style=\"font-size: large;\"> um problema generalizado que afecta indiv\u00edduos de todas as idades e pode assumir muitas formas, incluindo bullying f\u00edsico, verbal e cibern\u00e9tico.<\/span><\/span><\/strong><\/p>\n<p align=\"justify\"><span style=\"font-family: Calibri, serif;\"><span style=\"font-size: large;\">O Dia Mundial da Bondade celebrado a 13 de Novembro, <\/span><\/span><span style=\"font-family: Calibri, serif;\"><span style=\"font-size: large;\">World Kindness Day, procura reavivar e recordar ao mundo como \u00e9 importante ser gentil, dizer um simples obrigado, fazer um belo sorriso, um gesto carinhoso ou outras pequenas ac\u00e7\u00f5es que podem fazer toda a diferen\u00e7a. Mas a Bondade implica tamb\u00e9m ser boa pessoa, altru\u00edsta e generosa.<\/span><\/span><\/p>\n<p align=\"justify\"><span style=\"font-family: Calibri, serif;\"><span style=\"font-size: large;\">A iniciativa desta efem\u00e9ride nasceu no Jap\u00e3o com um Pequeno Movimento de Bondade fundado em 1988, em<\/span><\/span> <span style=\"font-family: Calibri, serif;\"><span style=\"font-size: large;\">T\u00f3quio.<\/span><\/span> <span style=\"font-family: Calibri, serif;\"><span style=\"font-size: large;\">Mais tarde, uma coliga\u00e7\u00e3o de ONGs com objetivos semelhantes levou-o a v\u00e1rios pa\u00edses e em 1997, quando v\u00e1rias organiza\u00e7\u00f5es de bondade de todo o mundo se reuniram numa confer\u00eancia e tornaram oficial o Dia Mundial da Bondade que hoje j\u00e1 se celebra em muitos pa\u00edses.<\/span><\/span><\/p>\n<p align=\"justify\"><span style=\"font-family: Calibri, serif;\"><span style=\"font-size: large;\">Recordemos que Bondade \u00e9 a qualidade correspondente a ser bom (bondoso), ou seja, a qualidade de manifestar satisfatoriamente alguma perfei\u00e7\u00e3o, ter ou fazer bem, que se pode aplicar a pessoas, coisas e situa\u00e7\u00f5es. <\/span><\/span><\/p>\n<p align=\"justify\"><span style=\"font-family: Calibri, serif;\"><span style=\"font-size: large;\">No comportamento humano, \u00e9 um atributo marcado por caracter\u00edsticas \u00e9ticas, uma disposi\u00e7\u00e3o agrad\u00e1vel, uma preocupa\u00e7\u00e3o e considera\u00e7\u00e3o pelos outros; a disposi\u00e7\u00e3o permanente de uma pessoa em fazer o bem, neste sentido, tem por sin\u00f3nimo a benevol\u00eancia, expressada tamb\u00e9m como gentileza e amabilidade. <\/span><\/span><\/p>\n<p align=\"justify\"><span style=\"font-family: Calibri, serif;\"><span style=\"font-size: large;\">A Bondade, considerada uma virtude, \u00e9 reconhecida como um valor em muitas culturas e em todas as ancestrais religi\u00f5es do Oriente \u2013 Hindu\u00edsmo, Budismo e Confucionismo entre outras, sendo ainda considerada uma das grandes virtudes no Cristianismo, cujas passagens do Evangelho nos revelam a Bondade de Deus atrav\u00e9s dos ensinamentos de Jesus Cristo, pondo sempre a t\u00f3nica na pr\u00e1tica do bem, em amar os inimigos, em perdoar e n\u00e3o voltar a pecar.<\/span><\/span><\/p>\n<p align=\"justify\"><span style=\"font-family: Calibri, serif;\"><span style=\"font-size: large;\">Paralelamente temos a Filosofia, na qual \u00e9 exaltada a Soberania do Bem como ponto de refer\u00eancia ou ideal m\u00e1ximo a atingir pela esp\u00e9cie humana.<\/span><\/span><\/p>\n<p align=\"justify\"><span style=\"font-family: Calibri, serif;\"><span style=\"font-size: large;\">Plat\u00e3o considera que para se efectivar a Bondade, se deveria contemplar o modelo ou paradigma da \u201cIdeia de Bem\u201d e dela participar, segundo a sua Teoria das Ideias ou Teoria das Formas. O seu disc\u00edpulo Arist\u00f3teles, no livro II de Ret\u00f3rica, define bondade como a ajuda a algu\u00e9m necessitado, n\u00e3o em troca de nada, nem da vantagem do pr\u00f3prio ajudante, mas em prol da pessoa ajudada. Na sua \u00c9tica a Nic\u00f3maco, Arist\u00f3teles reitera que \u201ca vida do homem \u00e9 a actividade da alma que implica um princ\u00edpio racional, sendo sua caracter\u00edstica o nobre desempenho de todas as actividades, quando s\u00e3o bem executadas e realizadas de acordo com a excel\u00eancia adequada. Assim, o bem humano passa a ser a actividade da alma de acordo com a virtude, e, se houver mais de uma virtude, de acordo com a melhor e mais completa\u201d.<\/span><\/span><\/p>\n<p align=\"justify\"><span style=\"font-family: Calibri, serif;\"><span style=\"font-size: large;\">Deambulando num p\u00e9riplo de boas ac\u00e7\u00f5es ou Bondade, desde as religi\u00f5es at\u00e9 aos pensadores, ocorreu-me o modelo \u00e9tico que Immanuel Kant (1724-1804) criou, querendo que o mesmo fosse independente de qualquer tipo de justifica\u00e7\u00e3o moral religiosa e se baseasse apenas na capacidade de julgar inerente ao pr\u00f3prio ser humano. Surgiu assim o \u201cImperativo Categ\u00f3rico\u201d, uma ordem que o indiv\u00edduo pudesse utilizar como uma b\u00fassola moral. Esse imperativo \u00e9 uma lei moral interior ao indiv\u00edduo, baseada apenas na raz\u00e3o humana e n\u00e3o possui nenhuma liga\u00e7\u00e3o com causas sobrenaturais, supersticiosas ou relacionadas a uma autoridade do Estado ou religiosa. (Fundamenta\u00e7\u00e3o da Metaf\u00edsica dos Costumes (1785). <\/span><\/span><\/p>\n<p align=\"justify\"><span style=\"font-family: Calibri, serif;\"><span style=\"font-size: large;\">O fil\u00f3sofo buscou estabelecer uma f\u00f3rmula moral para a resolu\u00e7\u00e3o das quest\u00f5es relativas \u00e0 ac\u00e7\u00e3o. O Imperativo Categ\u00f3rico, ao longo das obras de Kant, aparece formulado de tr\u00eas maneiras diferentes.<\/span><\/span><\/p>\n<p align=\"justify\"><span style=\"font-family: Calibri, serif;\"><span style=\"font-size: large;\">Cada uma das tr\u00eas formula\u00e7\u00f5es se complementam e formam o eixo central da moral kantiana. Nela, as a\u00e7\u00f5es devem ser orientadas pela raz\u00e3o, sempre saindo do particular, da a\u00e7\u00e3o individual, para o universal da lei moral:<\/span><\/span><\/p>\n<p align=\"justify\"><span style=\"font-family: Calibri, serif;\"><span style=\"font-size: large;\">1. Age como se a m\u00e1xima de tua ac\u00e7\u00e3o devesse ser erigida por tua vontade em lei universal da Natureza.<\/span><\/span><\/p>\n<p align=\"justify\"><span style=\"font-family: Calibri, serif;\"><span style=\"font-size: large;\">2. <\/span><\/span><span style=\"font-family: Calibri, serif;\"><span style=\"font-size: large;\"><b>Age de tal maneira que trates a humanidade, tanto na tua pessoa como na pessoa de outrem, sempre como um fim e nunca como um meio.<\/b><\/span><\/span><\/p>\n<p align=\"justify\"><span style=\"font-family: Calibri, serif;\"><span style=\"font-size: large;\">Nessa segunda formula\u00e7\u00e3o, Kant refor\u00e7a a ideia de que a humanidade deve ser sempre o objetivo da \u00e9tica. <\/span><\/span><span style=\"font-family: Calibri, serif;\"><span style=\"font-size: large;\"><b>Todas as a\u00e7\u00f5es devem estar subordinadas ao respeito por si pr\u00f3prio e \u00e0 humanidade.<\/b><\/span><\/span><\/p>\n<p align=\"justify\"><span style=\"font-family: Calibri, serif;\"><span style=\"font-size: large;\">Deste modo, um ser humano jamais pode ser usado como um instrumento para se alcan\u00e7ar qualquer tipo de objetivos. A humanidade \u00e9 o fim das ac\u00e7\u00f5es e nunca um meio. Kant contraria a ideia de que &#8220;os fins justificam os meios&#8221; ou qualquer vis\u00e3o utilit\u00e1ria da \u00e9tica.<\/span><\/span><\/p>\n<p align=\"justify\"><span style=\"font-family: Calibri, serif;\"><span style=\"font-size: large;\">3. Age como se a m\u00e1xima de tua ac\u00e7\u00e3o devesse servir de lei universal para todos os seres racionais.<\/span><\/span><\/p>\n<p align=\"justify\"><span style=\"font-family: Calibri, serif;\"><span style=\"font-size: large;\">Ao contr\u00e1rio da Natureza que age determinada pelas causas, os seres racionais determinam a sua vontade de acordo com os fins.<\/span><\/span><\/p>\n<p align=\"justify\"><span style=\"font-family: Calibri, serif;\"><span style=\"font-size: large;\">O agente deve tomar como princ\u00edpio a ideia de que sua ac\u00e7\u00e3o possa servir como lei para todas as pessoas. Ou seja, com base na raz\u00e3o, <\/span><\/span><span style=\"font-family: Calibri, serif;\"><span style=\"font-size: large;\"><b>a boa ac\u00e7\u00e3o \u00e9 a que est\u00e1 em conformidade com o dever.<\/b><\/span><\/span><\/p>\n<p align=\"justify\"><span style=\"font-family: Calibri, serif;\"><span style=\"font-size: large;\">Para Kant, a vontade boa \u00e9 aquela que quer aquilo que deve. Ou seja, a boa vontade orientada pela raz\u00e3o est\u00e1 de acordo com o dever e quer o bem.<\/span><\/span><\/p>\n<p align=\"justify\"><span style=\"font-family: Calibri, serif;\"><span style=\"font-size: large;\">A Raz\u00e3o compreende o que \u00e9 o dever e o ser humano pode escolher agir de acordo com esse dever ou n\u00e3o. Entretanto, a ac\u00e7\u00e3o moral ser\u00e1 sempre a ac\u00e7\u00e3o por dever.<\/span><\/span><\/p>\n<p align=\"justify\"><span style=\"font-family: Calibri, serif;\"><span style=\"font-size: large;\">A reflex\u00e3o sobre Bondade, \u00c9tica, Moral e Dever conduziram-me ao inevit\u00e1vel flagelo dos nossos dias, chamado <\/span><\/span><span style=\"font-family: Calibri, serif;\"><span style=\"font-size: large;\"><b>\u201cbullying\u201d,<\/b><\/span><\/span><span style=\"font-family: Calibri, serif;\"><span style=\"font-size: large;\"> um problema generalizado que afecta indiv\u00edduos de todas as idades e pode assumir muitas formas, incluindo bullying f\u00edsico, verbal e cibern\u00e9tico.<\/span><\/span><\/p>\n<p align=\"justify\"><span style=\"font-family: Calibri, serif;\"><span style=\"font-size: large;\">O dia 20 de outubro \u00e9 dedicado, em todo mundo, ao tema do \u201cbullyng\u201d, express\u00e3o inglesa para caracterizar pr\u00e1ticas de agress\u00f5es intencionais, verbais ou f\u00edsicas, feitas de maneira repetitiva, por um ou mais alunos contra um ou mais colegas, especialmente no ambiente escolar.<\/span><\/span><\/p>\n<p align=\"justify\"><span style=\"font-family: Calibri, serif;\"><span style=\"font-size: large;\">Consciencializar a popula\u00e7\u00e3o mundial para esta forma de viol\u00eancia, apoiar e incentivar as v\u00edtimas a denunciarem estas graves situa\u00e7\u00f5es e encontrar formas de as prevenir, s\u00e3o os desafios colocados por esta data, visto que a luta contra o bullying n\u00e3o \u00e9 uma tarefa de um dia, nem de um grupo de pessoas, mas sim de todos os dias do ano e de todas as pessoas. \u00c9 tamb\u00e9m um acto de Bondade, um Dever moral e uma responsabilidade \u00c9tica que assiste a todos n\u00f3s como cidad\u00e3os.<\/span><\/span><\/p>\n<p align=\"justify\"><span style=\"font-family: Calibri, serif;\"><span style=\"font-size: large;\">Naturalmente a fam\u00edlia e a escola s\u00e3o as estruturas mais importantes na preven\u00e7\u00e3o e no combate \u00e0 viol\u00eancia praticada contra crian\u00e7as e jovens no \u00e2mbito deste flagelo.<\/span><\/span><\/p>\n<p align=\"justify\"><span style=\"font-family: Calibri, serif;\"><span style=\"font-size: large;\">Enquanto os pais podem ajudar uma crian\u00e7a a desenvolver controle e regula\u00e7\u00e3o emocional para restringir o comportamento agressivo, algumas crian\u00e7as n\u00e3o conseguem desenvolver essas habilidades devido ao v\u00ednculo inseguro com suas fam\u00edlias, a uma disciplina ineficaz e a factores ambientais, como uma vida dom\u00e9stica stressante e ambiente hostil.<\/span><\/span><\/p>\n<p align=\"justify\"><span style=\"font-family: Calibri, serif;\"><span style=\"font-size: large;\">Estudos mostram que a inveja e o ressentimento podem ser motivos para o bullying. Enquanto alguns agressores s\u00e3o arrogantes e narcisistas outros podem usar o bullying como uma ferramenta para esconder vergonha ou ansiedade ou para aumentar a pr\u00f3pria autoestima e ao humilhar os outros, o agressor sente-se mais fortalecido. Os agressores podem intimidar por inveja ou porque eles pr\u00f3prios se sentem intimidados. O bullying tamb\u00e9m pode resultar de uma predisposi\u00e7\u00e3o gen\u00e9tica ou de uma anormalidade cerebral do agressor.<\/span><\/span><\/p>\n<p align=\"justify\"><span style=\"font-family: Calibri, serif;\"><span style=\"font-size: large;\">De acordo com alguns investigadores, os agressores podem estar inclinados para a negatividade, e terem um desempenho acad\u00e9mico fraco. Normalmente, t\u00eam atitudes e cren\u00e7as negativas sobre os outros e baixa autoestima em rela\u00e7\u00e3o a si pr\u00f3prio, v\u00eam de um ambiente familiar caracterizado por conflitos com os pais, vendo a escola e os colegas como elementos de agressividade.<\/span><\/span><\/p>\n<p align=\"justify\"><span style=\"font-family: Calibri, serif;\"><span style=\"font-size: large;\">\u00c9 importante abordar o bullying desde o in\u00edcio, pois pode ser mais f\u00e1cil control\u00e1-lo. Todos podemos desempenhar um papel importante no controle do bullying, pequenos passos, abordagens subtis, onde se conjuguem a Bondade, o Amor, a Justi\u00e7a, a Sabedoria e o Perd\u00e3o, recorrer a palavras edificantes, sermos pacificadores, cuidando das necessidades dos outros. <\/span><\/span><\/p>\n<p align=\"justify\"><span style=\"font-family: Calibri, serif;\"><span style=\"font-size: large;\">O bullying \u00e9 um problema mundial, sendo que a agress\u00e3o f\u00edsica ou moral repetitiva deixa sequelas psicol\u00f3gicas na pessoa atingida e<\/span><\/span><b> <\/b><span style=\"font-family: Calibri, serif;\"><span style=\"font-size: large;\">desrespeitam os princ\u00edpios dignidade da pessoa humana. Aqui h\u00e1 que exaltar a virtude da pr\u00e1tica das boas ac\u00e7\u00f5es t\u00e3o ao sabor dos primeiros fil\u00f3sofos, nomeadamente Arist\u00f3teles.<\/span><\/span><\/p>\n<p align=\"justify\"><span style=\"font-family: Calibri, serif;\"><span style=\"font-size: large;\">Como crist\u00e3os, somos chamados a responder a esses desafios, recorrendo aos ensinamentos de Jesus Cristo e aos princ\u00edpios encontrados na B\u00edblia,<\/span><\/span> <span style=\"font-family: Calibri, serif;\"><span style=\"font-size: large;\">n\u00e3o com \u00f3dio ou vingan\u00e7a, mas com um esp\u00edrito de compaix\u00e3o e perd\u00e3o.<\/span><\/span><\/p>\n<p align=\"justify\"><span style=\"font-family: Calibri, serif;\"><span style=\"font-size: large;\">Como cidad\u00e3os recordemos o Dia Mundial da Bondade com o qual inici\u00e1mos este texto.<\/span><\/span><\/p>\n","protected":false},"excerpt":{"rendered":"<p>Susana Mexia<\/p>\n","protected":false},"author":1,"featured_media":7325,"comment_status":"open","ping_status":"open","sticky":false,"template":"","format":"standard","meta":{"site-sidebar-layout":"default","site-content-layout":"default","ast-global-header-display":"","ast-banner-title-visibility":"","ast-main-header-display":"","ast-hfb-above-header-display":"","ast-hfb-below-header-display":"","ast-hfb-mobile-header-display":"","site-post-title":"","ast-breadcrumbs-content":"","ast-featured-img":"","footer-sml-layout":"","theme-transparent-header-meta":"default","adv-header-id-meta":"","stick-header-meta":"","header-above-stick-meta":"","header-main-stick-meta":"","header-below-stick-meta":"","footnotes":""},"categories":[64,8],"tags":[],"class_list":["post-7324","post","type-post","status-publish","format-standard","has-post-thumbnail","hentry","category-isto-para-nos","category-sociedade"],"yoast_head":"<!-- This site is optimized with the Yoast SEO plugin v25.1 - https:\/\/yoast.com\/wordpress\/plugins\/seo\/ -->\n<title>World Kindness Day - Estado com Arte<\/title>\n<meta name=\"robots\" content=\"index, follow, max-snippet:-1, max-image-preview:large, max-video-preview:-1\" \/>\n<link rel=\"canonical\" href=\"https:\/\/estadocomarte.pt\/site\/2024\/11\/18\/world-kindness-day\/\" \/>\n<meta property=\"og:locale\" content=\"pt_PT\" \/>\n<meta property=\"og:type\" content=\"article\" \/>\n<meta property=\"og:title\" content=\"World Kindness Day - Estado com Arte\" \/>\n<meta property=\"og:description\" content=\"Susana Mexia\" \/>\n<meta property=\"og:url\" content=\"https:\/\/estadocomarte.pt\/site\/2024\/11\/18\/world-kindness-day\/\" \/>\n<meta property=\"og:site_name\" content=\"Estado com Arte\" \/>\n<meta property=\"article:published_time\" content=\"2024-11-18T09:44:09+00:00\" \/>\n<meta property=\"article:modified_time\" content=\"2024-11-18T10:12:02+00:00\" \/>\n<meta property=\"og:image\" content=\"https:\/\/estadocomarte.pt\/site\/wp-content\/uploads\/2024\/11\/kindness.png\" \/>\n\t<meta property=\"og:image:width\" content=\"443\" \/>\n\t<meta property=\"og:image:height\" content=\"281\" \/>\n\t<meta property=\"og:image:type\" content=\"image\/png\" \/>\n<meta name=\"author\" content=\"admin\" \/>\n<meta name=\"twitter:card\" content=\"summary_large_image\" \/>\n<meta name=\"twitter:label1\" content=\"Escrito por\" \/>\n\t<meta name=\"twitter:data1\" content=\"admin\" \/>\n\t<meta name=\"twitter:label2\" content=\"Tempo estimado de leitura\" \/>\n\t<meta name=\"twitter:data2\" content=\"9 minutos\" \/>\n<script type=\"application\/ld+json\" class=\"yoast-schema-graph\">{\"@context\":\"https:\/\/schema.org\",\"@graph\":[{\"@type\":\"Article\",\"@id\":\"https:\/\/estadocomarte.pt\/site\/2024\/11\/18\/world-kindness-day\/#article\",\"isPartOf\":{\"@id\":\"https:\/\/estadocomarte.pt\/site\/2024\/11\/18\/world-kindness-day\/\"},\"author\":{\"name\":\"admin\",\"@id\":\"https:\/\/estadocomarte.pt\/site\/#\/schema\/person\/c0943a071216c1e5b21f85304151e4ba\"},\"headline\":\"World Kindness Day\",\"datePublished\":\"2024-11-18T09:44:09+00:00\",\"dateModified\":\"2024-11-18T10:12:02+00:00\",\"mainEntityOfPage\":{\"@id\":\"https:\/\/estadocomarte.pt\/site\/2024\/11\/18\/world-kindness-day\/\"},\"wordCount\":1570,\"commentCount\":0,\"publisher\":{\"@id\":\"https:\/\/estadocomarte.pt\/site\/#organization\"},\"image\":{\"@id\":\"https:\/\/estadocomarte.pt\/site\/2024\/11\/18\/world-kindness-day\/#primaryimage\"},\"thumbnailUrl\":\"https:\/\/estadocomarte.pt\/site\/wp-content\/uploads\/2024\/11\/kindness.png\",\"articleSection\":[\"Isto Para N\u00f3s\",\"Sociedade\"],\"inLanguage\":\"pt-PT\",\"potentialAction\":[{\"@type\":\"CommentAction\",\"name\":\"Comment\",\"target\":[\"https:\/\/estadocomarte.pt\/site\/2024\/11\/18\/world-kindness-day\/#respond\"]}]},{\"@type\":\"WebPage\",\"@id\":\"https:\/\/estadocomarte.pt\/site\/2024\/11\/18\/world-kindness-day\/\",\"url\":\"https:\/\/estadocomarte.pt\/site\/2024\/11\/18\/world-kindness-day\/\",\"name\":\"World Kindness Day - Estado com Arte\",\"isPartOf\":{\"@id\":\"https:\/\/estadocomarte.pt\/site\/#website\"},\"primaryImageOfPage\":{\"@id\":\"https:\/\/estadocomarte.pt\/site\/2024\/11\/18\/world-kindness-day\/#primaryimage\"},\"image\":{\"@id\":\"https:\/\/estadocomarte.pt\/site\/2024\/11\/18\/world-kindness-day\/#primaryimage\"},\"thumbnailUrl\":\"https:\/\/estadocomarte.pt\/site\/wp-content\/uploads\/2024\/11\/kindness.png\",\"datePublished\":\"2024-11-18T09:44:09+00:00\",\"dateModified\":\"2024-11-18T10:12:02+00:00\",\"breadcrumb\":{\"@id\":\"https:\/\/estadocomarte.pt\/site\/2024\/11\/18\/world-kindness-day\/#breadcrumb\"},\"inLanguage\":\"pt-PT\",\"potentialAction\":[{\"@type\":\"ReadAction\",\"target\":[\"https:\/\/estadocomarte.pt\/site\/2024\/11\/18\/world-kindness-day\/\"]}]},{\"@type\":\"ImageObject\",\"inLanguage\":\"pt-PT\",\"@id\":\"https:\/\/estadocomarte.pt\/site\/2024\/11\/18\/world-kindness-day\/#primaryimage\",\"url\":\"https:\/\/estadocomarte.pt\/site\/wp-content\/uploads\/2024\/11\/kindness.png\",\"contentUrl\":\"https:\/\/estadocomarte.pt\/site\/wp-content\/uploads\/2024\/11\/kindness.png\",\"width\":443,\"height\":281},{\"@type\":\"BreadcrumbList\",\"@id\":\"https:\/\/estadocomarte.pt\/site\/2024\/11\/18\/world-kindness-day\/#breadcrumb\",\"itemListElement\":[{\"@type\":\"ListItem\",\"position\":1,\"name\":\"In\u00edcio\",\"item\":\"https:\/\/estadocomarte.pt\/site\/\"},{\"@type\":\"ListItem\",\"position\":2,\"name\":\"World Kindness Day\"}]},{\"@type\":\"WebSite\",\"@id\":\"https:\/\/estadocomarte.pt\/site\/#website\",\"url\":\"https:\/\/estadocomarte.pt\/site\/\",\"name\":\"Estado com Arte Magazine\",\"description\":\"Magazine\",\"publisher\":{\"@id\":\"https:\/\/estadocomarte.pt\/site\/#organization\"},\"alternateName\":\"Magazine semanal sobre pol\u00edtica e cultura, com autores, opini\u00e3o e cr\u00edticas.\",\"potentialAction\":[{\"@type\":\"SearchAction\",\"target\":{\"@type\":\"EntryPoint\",\"urlTemplate\":\"https:\/\/estadocomarte.pt\/site\/?s={search_term_string}\"},\"query-input\":{\"@type\":\"PropertyValueSpecification\",\"valueRequired\":true,\"valueName\":\"search_term_string\"}}],\"inLanguage\":\"pt-PT\"},{\"@type\":\"Organization\",\"@id\":\"https:\/\/estadocomarte.pt\/site\/#organization\",\"name\":\"Estado com Arte Magazine\",\"alternateName\":\"Magazine semanal sobre pol\u00edtica e cultura, com autores, opini\u00e3o e cr\u00edticas.\",\"url\":\"https:\/\/estadocomarte.pt\/site\/\",\"logo\":{\"@type\":\"ImageObject\",\"inLanguage\":\"pt-PT\",\"@id\":\"https:\/\/estadocomarte.pt\/site\/#\/schema\/logo\/image\/\",\"url\":\"https:\/\/estadocomarte.pt\/site\/wp-content\/uploads\/2023\/06\/cropped-cropped-Prancheta-2@2x-100.jpg\",\"contentUrl\":\"https:\/\/estadocomarte.pt\/site\/wp-content\/uploads\/2023\/06\/cropped-cropped-Prancheta-2@2x-100.jpg\",\"width\":1777,\"height\":592,\"caption\":\"Estado com Arte Magazine\"},\"image\":{\"@id\":\"https:\/\/estadocomarte.pt\/site\/#\/schema\/logo\/image\/\"},\"sameAs\":[\"https:\/\/www.instagram.com\/estadocomartemagazine\"]},{\"@type\":\"Person\",\"@id\":\"https:\/\/estadocomarte.pt\/site\/#\/schema\/person\/c0943a071216c1e5b21f85304151e4ba\",\"name\":\"admin\",\"image\":{\"@type\":\"ImageObject\",\"inLanguage\":\"pt-PT\",\"@id\":\"https:\/\/estadocomarte.pt\/site\/#\/schema\/person\/image\/\",\"url\":\"https:\/\/secure.gravatar.com\/avatar\/e6f378fd6914c8505d3e1d40f51fa953b21bab0f3a5658a33bc84cb5bda780f9?s=96&d=mm&r=g\",\"contentUrl\":\"https:\/\/secure.gravatar.com\/avatar\/e6f378fd6914c8505d3e1d40f51fa953b21bab0f3a5658a33bc84cb5bda780f9?s=96&d=mm&r=g\",\"caption\":\"admin\"},\"sameAs\":[\"https:\/\/estadocomarte.pt\/site\"],\"url\":\"https:\/\/estadocomarte.pt\/site\/author\/admin\/\"}]}<\/script>\n<!-- \/ Yoast SEO plugin. -->","yoast_head_json":{"title":"World Kindness Day - Estado com Arte","robots":{"index":"index","follow":"follow","max-snippet":"max-snippet:-1","max-image-preview":"max-image-preview:large","max-video-preview":"max-video-preview:-1"},"canonical":"https:\/\/estadocomarte.pt\/site\/2024\/11\/18\/world-kindness-day\/","og_locale":"pt_PT","og_type":"article","og_title":"World Kindness Day - Estado com Arte","og_description":"Susana Mexia","og_url":"https:\/\/estadocomarte.pt\/site\/2024\/11\/18\/world-kindness-day\/","og_site_name":"Estado com Arte","article_published_time":"2024-11-18T09:44:09+00:00","article_modified_time":"2024-11-18T10:12:02+00:00","og_image":[{"width":443,"height":281,"url":"https:\/\/estadocomarte.pt\/site\/wp-content\/uploads\/2024\/11\/kindness.png","type":"image\/png"}],"author":"admin","twitter_card":"summary_large_image","twitter_misc":{"Escrito por":"admin","Tempo estimado de leitura":"9 minutos"},"schema":{"@context":"https:\/\/schema.org","@graph":[{"@type":"Article","@id":"https:\/\/estadocomarte.pt\/site\/2024\/11\/18\/world-kindness-day\/#article","isPartOf":{"@id":"https:\/\/estadocomarte.pt\/site\/2024\/11\/18\/world-kindness-day\/"},"author":{"name":"admin","@id":"https:\/\/estadocomarte.pt\/site\/#\/schema\/person\/c0943a071216c1e5b21f85304151e4ba"},"headline":"World Kindness Day","datePublished":"2024-11-18T09:44:09+00:00","dateModified":"2024-11-18T10:12:02+00:00","mainEntityOfPage":{"@id":"https:\/\/estadocomarte.pt\/site\/2024\/11\/18\/world-kindness-day\/"},"wordCount":1570,"commentCount":0,"publisher":{"@id":"https:\/\/estadocomarte.pt\/site\/#organization"},"image":{"@id":"https:\/\/estadocomarte.pt\/site\/2024\/11\/18\/world-kindness-day\/#primaryimage"},"thumbnailUrl":"https:\/\/estadocomarte.pt\/site\/wp-content\/uploads\/2024\/11\/kindness.png","articleSection":["Isto Para N\u00f3s","Sociedade"],"inLanguage":"pt-PT","potentialAction":[{"@type":"CommentAction","name":"Comment","target":["https:\/\/estadocomarte.pt\/site\/2024\/11\/18\/world-kindness-day\/#respond"]}]},{"@type":"WebPage","@id":"https:\/\/estadocomarte.pt\/site\/2024\/11\/18\/world-kindness-day\/","url":"https:\/\/estadocomarte.pt\/site\/2024\/11\/18\/world-kindness-day\/","name":"World Kindness Day - Estado com Arte","isPartOf":{"@id":"https:\/\/estadocomarte.pt\/site\/#website"},"primaryImageOfPage":{"@id":"https:\/\/estadocomarte.pt\/site\/2024\/11\/18\/world-kindness-day\/#primaryimage"},"image":{"@id":"https:\/\/estadocomarte.pt\/site\/2024\/11\/18\/world-kindness-day\/#primaryimage"},"thumbnailUrl":"https:\/\/estadocomarte.pt\/site\/wp-content\/uploads\/2024\/11\/kindness.png","datePublished":"2024-11-18T09:44:09+00:00","dateModified":"2024-11-18T10:12:02+00:00","breadcrumb":{"@id":"https:\/\/estadocomarte.pt\/site\/2024\/11\/18\/world-kindness-day\/#breadcrumb"},"inLanguage":"pt-PT","potentialAction":[{"@type":"ReadAction","target":["https:\/\/estadocomarte.pt\/site\/2024\/11\/18\/world-kindness-day\/"]}]},{"@type":"ImageObject","inLanguage":"pt-PT","@id":"https:\/\/estadocomarte.pt\/site\/2024\/11\/18\/world-kindness-day\/#primaryimage","url":"https:\/\/estadocomarte.pt\/site\/wp-content\/uploads\/2024\/11\/kindness.png","contentUrl":"https:\/\/estadocomarte.pt\/site\/wp-content\/uploads\/2024\/11\/kindness.png","width":443,"height":281},{"@type":"BreadcrumbList","@id":"https:\/\/estadocomarte.pt\/site\/2024\/11\/18\/world-kindness-day\/#breadcrumb","itemListElement":[{"@type":"ListItem","position":1,"name":"In\u00edcio","item":"https:\/\/estadocomarte.pt\/site\/"},{"@type":"ListItem","position":2,"name":"World Kindness Day"}]},{"@type":"WebSite","@id":"https:\/\/estadocomarte.pt\/site\/#website","url":"https:\/\/estadocomarte.pt\/site\/","name":"Estado com Arte Magazine","description":"Magazine","publisher":{"@id":"https:\/\/estadocomarte.pt\/site\/#organization"},"alternateName":"Magazine semanal sobre pol\u00edtica e cultura, com autores, opini\u00e3o e cr\u00edticas.","potentialAction":[{"@type":"SearchAction","target":{"@type":"EntryPoint","urlTemplate":"https:\/\/estadocomarte.pt\/site\/?s={search_term_string}"},"query-input":{"@type":"PropertyValueSpecification","valueRequired":true,"valueName":"search_term_string"}}],"inLanguage":"pt-PT"},{"@type":"Organization","@id":"https:\/\/estadocomarte.pt\/site\/#organization","name":"Estado com Arte Magazine","alternateName":"Magazine semanal sobre pol\u00edtica e cultura, com autores, opini\u00e3o e cr\u00edticas.","url":"https:\/\/estadocomarte.pt\/site\/","logo":{"@type":"ImageObject","inLanguage":"pt-PT","@id":"https:\/\/estadocomarte.pt\/site\/#\/schema\/logo\/image\/","url":"https:\/\/estadocomarte.pt\/site\/wp-content\/uploads\/2023\/06\/cropped-cropped-Prancheta-2@2x-100.jpg","contentUrl":"https:\/\/estadocomarte.pt\/site\/wp-content\/uploads\/2023\/06\/cropped-cropped-Prancheta-2@2x-100.jpg","width":1777,"height":592,"caption":"Estado com Arte Magazine"},"image":{"@id":"https:\/\/estadocomarte.pt\/site\/#\/schema\/logo\/image\/"},"sameAs":["https:\/\/www.instagram.com\/estadocomartemagazine"]},{"@type":"Person","@id":"https:\/\/estadocomarte.pt\/site\/#\/schema\/person\/c0943a071216c1e5b21f85304151e4ba","name":"admin","image":{"@type":"ImageObject","inLanguage":"pt-PT","@id":"https:\/\/estadocomarte.pt\/site\/#\/schema\/person\/image\/","url":"https:\/\/secure.gravatar.com\/avatar\/e6f378fd6914c8505d3e1d40f51fa953b21bab0f3a5658a33bc84cb5bda780f9?s=96&d=mm&r=g","contentUrl":"https:\/\/secure.gravatar.com\/avatar\/e6f378fd6914c8505d3e1d40f51fa953b21bab0f3a5658a33bc84cb5bda780f9?s=96&d=mm&r=g","caption":"admin"},"sameAs":["https:\/\/estadocomarte.pt\/site"],"url":"https:\/\/estadocomarte.pt\/site\/author\/admin\/"}]}},"_links":{"self":[{"href":"https:\/\/estadocomarte.pt\/site\/wp-json\/wp\/v2\/posts\/7324","targetHints":{"allow":["GET"]}}],"collection":[{"href":"https:\/\/estadocomarte.pt\/site\/wp-json\/wp\/v2\/posts"}],"about":[{"href":"https:\/\/estadocomarte.pt\/site\/wp-json\/wp\/v2\/types\/post"}],"author":[{"embeddable":true,"href":"https:\/\/estadocomarte.pt\/site\/wp-json\/wp\/v2\/users\/1"}],"replies":[{"embeddable":true,"href":"https:\/\/estadocomarte.pt\/site\/wp-json\/wp\/v2\/comments?post=7324"}],"version-history":[{"count":0,"href":"https:\/\/estadocomarte.pt\/site\/wp-json\/wp\/v2\/posts\/7324\/revisions"}],"wp:featuredmedia":[{"embeddable":true,"href":"https:\/\/estadocomarte.pt\/site\/wp-json\/wp\/v2\/media\/7325"}],"wp:attachment":[{"href":"https:\/\/estadocomarte.pt\/site\/wp-json\/wp\/v2\/media?parent=7324"}],"wp:term":[{"taxonomy":"category","embeddable":true,"href":"https:\/\/estadocomarte.pt\/site\/wp-json\/wp\/v2\/categories?post=7324"},{"taxonomy":"post_tag","embeddable":true,"href":"https:\/\/estadocomarte.pt\/site\/wp-json\/wp\/v2\/tags?post=7324"}],"curies":[{"name":"wp","href":"https:\/\/api.w.org\/{rel}","templated":true}]}}