{"id":7437,"date":"2024-11-26T10:18:33","date_gmt":"2024-11-26T10:18:33","guid":{"rendered":"https:\/\/estadocomarte.pt\/site\/?p=7437"},"modified":"2024-11-26T10:18:33","modified_gmt":"2024-11-26T10:18:33","slug":"baixar-o-preco-da-construcao-e-uma-ilusao","status":"publish","type":"post","link":"https:\/\/estadocomarte.pt\/site\/2024\/11\/26\/baixar-o-preco-da-construcao-e-uma-ilusao\/","title":{"rendered":"BAIXAR O PRE\u00c7O DA CONSTRU\u00c7\u00c3O, \u00c9 UMA ILUS\u00c3O"},"content":{"rendered":"<p><strong>Segundo os relat\u00f3rios de monitoriza\u00e7\u00e3o do PRR, dos 3.200 milh\u00f5es de euros aprovados com destino \u00e0 \u201cHabita\u00e7\u00e3o\u201d, apenas foram pagos 680 milh\u00f5es, cerca de 20%, sabendo-se que os que n\u00e3o estiverem prontos at\u00e9 Junho de 2026 perdem automaticamente o financiamento e l\u00e1 se perde mais uma oportunidade.<\/strong><\/p>\n<p>O tema da \u201chabita\u00e7\u00e3o\u201d constitui um dos maiores motivos de debate pol\u00edtico atualmente em Portugal. Os jovens n\u00e3o t\u00eam possibilidade de adquirir ou arrendar a sua habita\u00e7\u00e3o e ela \u00e9 um elemento fundamental para a independ\u00eancia, para a constitui\u00e7\u00e3o da pr\u00f3pria fam\u00edlia e para as suas vidas, porque os pre\u00e7os da constru\u00e7\u00e3o atingiram valores de facto proibitivos face aos rendimentos que auferem no mercado de trabalho, por um lado, mas tamb\u00e9m porque os bancos cada vez mais se limitam a dificultar o cr\u00e9dito, tornando-o tamb\u00e9m inacess\u00edvel \u00e0 esmagadora maioria desses jovens.<\/p>\n<p>Entretanto v\u00e3o-se vulgarizando, seja ao n\u00edvel governamental ou das autarquias, as promessas de constru\u00e7\u00e3o de muitos milhares de \u201cfogos\u201d destinados \u00e0s chamadas \u201cfam\u00edlias mais desfavorecidas\u201d, dizem esses an\u00fancios, normalmente financiados pelo famoso PRR, que segundo os relat\u00f3rios de monitoriza\u00e7\u00e3o, dos 3.200 milh\u00f5es de euros aprovados com destino \u00e0 \u201cHabita\u00e7\u00e3o\u201d, apenas foram pagos 680 milh\u00f5es, cerca de 20%, sabendo-se que os que n\u00e3o estiverem prontos at\u00e9 Junho de 2026, perdem automaticamente o financiamento e l\u00e1 se perde mais uma oportunidade, motivada pela habitual e j\u00e1 caracter\u00edstica incompet\u00eancia portuguesa na gest\u00e3o da coisa p\u00fablica.<\/p>\n<p>Os nossos governantes e gestores p\u00fablicos, s\u00e3o assim mesmo, na sua grande maioria, incapacitados para o exerc\u00edcio das fun\u00e7\u00f5es que lhes s\u00e3o confiadas. E se ficarmos atentos aos an\u00fancios do governo e das autarquias, em muitos casos basta fazermos uma simples conta de dividir, entre os valores de investimento anunciado e o n\u00famero de casas prometidas, para percebermos o embuste do an\u00fancio, porque os pre\u00e7os s\u00e3o claramente abaixo da realidade e como prova desse desfasamento face ao mercado, basta ver que muitos dos concursos p\u00fablicos ficam, aquilo a que tecnicamente se chama \u201cdesertos\u201d, ou seja sem empresas interessadas em concorrer. Obviamente.<\/p>\n<p>Os pre\u00e7os da constru\u00e7\u00e3o n\u00e3o s\u00f3 n\u00e3o ir\u00e3o baixar, como continuar\u00e3o a subir e ser\u00e1 que o mercado aguenta? perguntam, ai aguenta aguenta, porque n\u00e3o tem volta a dar, ou sen\u00e3o vejamos. O custo da constru\u00e7\u00e3o engloba v\u00e1rias componentes, o pre\u00e7o dos materiais, que na globalidade n\u00e3o ir\u00e1 reduzir, seja pelas conting\u00eancias do mercado, seja ao abrigo das desculpas das condicionantes internacionais, as guerras, etc&#8230;, que constituem sempre um argumento justificativo para aumentarem.<\/p>\n<p>A m\u00e3o-de-obra continuar\u00e1 obviamente a subir, desde logo pela natural melhoria dos sal\u00e1rios e bem, mas tamb\u00e9m pela escassez de especialistas nas diversas \u00e1reas da constru\u00e7\u00e3o. Em ambos os casos, os materiais e a m\u00e3o de obra, n\u00e3o se compadecem com o facto da obra se destinar ao p\u00fablico ou ao privado e como tal nada h\u00e1 a fazer relativamente aos pre\u00e7os.<\/p>\n<p>H\u00e1 depois uma componente em que o Estado pode intervir de facto, que s\u00e3o os impostos, mas desiludam-se, porque nenhum governo os ir\u00e1 reduzir, ao contr\u00e1rio do que anunciam todos os dias, porque \u00e9 com eles que se pagam todos os devaneios da nossa desgoverna\u00e7\u00e3o, ou por acaso j\u00e1 algu\u00e9m os ouviu falar em reduzir as despesas do Estado? N\u00e3o, pois n\u00e3o? Por \u00faltimo e n\u00e3o menos importante, temos o lucro das empresas, essa \u201ccoisa\u201d que a esquerda odeia e nunca ir\u00e1 perceber que sem empresas lucrativas n\u00e3o h\u00e1 reinvestimento e sem reinvestimento a economia estagna. Mas n\u00e3o tenhamos ilus\u00f5es, porque eles nunca ir\u00e3o perceber o \u00f3bvio.<\/p>\n<p>O pre\u00e7o dos terrenos \u00e9 uma componente indireta do custo global da constru\u00e7\u00e3o, com uma influ\u00eancia de cerca de 10% do valor final e algu\u00e9m acredita que o pre\u00e7o dos terrenos ir\u00e1 baixar, num pa\u00eds em que n\u00e3o \u00e9 poss\u00edvel construir em cerca de 90% do territ\u00f3rio, porque supostamente \u00e9 RAN, ou REN, ou floresta, ou tem uma qualquer outra classifica\u00e7\u00e3o impeditiva? N\u00e3o s\u00f3 n\u00e3o ir\u00e1, como ningu\u00e9m vai alterar este estado de coisas, porque a ideologia estupidamente restritiva prevalece neste pa\u00eds de economia eternamente estagnada.<\/p>\n<p>Como forma de ajuda \u00e0 solu\u00e7\u00e3o do problema, h\u00e1 o uso de edif\u00edcios devolutos propriedade do estado ou das autarquias, reabilitando-os para habita\u00e7\u00e3o, mas \u00e9 preciso entender que o custo \/ voto da habita\u00e7\u00e3o \u00e9 car\u00edssimo face ao custo \/ voto da obra p\u00fablica e isso n\u00e3o \u00e9 op\u00e7\u00e3o para a grande maioria dos nossos autarcas. Em concreto, investir um determinado montante em habita\u00e7\u00e3o, satisfaz os desejos e as necessidades diretas de um n\u00famero reduzido de eleitores, j\u00e1 o mesmo montante aplicado em obra p\u00fablica, satisfaz muitos mais, satisfa\u00e7\u00e3o essa que se traduz em muitos mais votos. N\u00e3o \u00e9 eleitoralmente interessante o investimento em habita\u00e7\u00e3o, sejamos pragm\u00e1ticos.<\/p>\n<p>Restam duas formas de reduzir o pre\u00e7o da habita\u00e7\u00e3o, a op\u00e7\u00e3o por materiais mais baratos e consequentemente de menor garantia, colocando em causa a qualidade, o conforto e a salubridade da habita\u00e7\u00e3o, uma solu\u00e7\u00e3o obviamente indesej\u00e1vel, ou aquela que a esquerda sempre defende, o \u201croubo\u201d por legisla\u00e7\u00e3o, aos \u201cricos\u201d, para dar aos pobres, \u00e9 isto que se tem feito sistematicamente, com o congelamento das rendas, os constantes constrangimentos ao funcionamento do mercado livre, causando as frustra\u00e7\u00f5es de investidores, que em muitos casos usaram as poupan\u00e7as de uma vida de trabalho para um investimento, vindo a ser apelidados pelos esquerdistas de especuladores. Mas eles n\u00e3o percebem que essa nunca ser\u00e1 a solu\u00e7\u00e3o, at\u00e9 porque est\u00e1 em pr\u00e1tica h\u00e1 dezenas de anos e nunca resolveu coisa nenhuma, s\u00f3 agravou, mas eles nunca ir\u00e3o perceber.<\/p>\n<p>Descupem a frieza e o pragmatismo, mas o probema da habita\u00e7\u00e3o n\u00e3o tem solu\u00e7\u00e3o \u00e0 vista&#8230;, pois n\u00e3o.<\/p>\n","protected":false},"excerpt":{"rendered":"<p>Rui Gon\u00e7alves,<br \/>\nArquitecto<\/p>\n","protected":false},"author":1,"featured_media":2202,"comment_status":"open","ping_status":"open","sticky":false,"template":"","format":"standard","meta":{"site-sidebar-layout":"default","site-content-layout":"default","ast-global-header-display":"","ast-banner-title-visibility":"","ast-main-header-display":"","ast-hfb-above-header-display":"","ast-hfb-below-header-display":"","ast-hfb-mobile-header-display":"","site-post-title":"","ast-breadcrumbs-content":"","ast-featured-img":"","footer-sml-layout":"","theme-transparent-header-meta":"default","adv-header-id-meta":"","stick-header-meta":"","header-above-stick-meta":"","header-main-stick-meta":"","header-below-stick-meta":"","footnotes":""},"categories":[5,52,64,50,56,51,55],"tags":[499,498,500,396],"class_list":["post-7437","post","type-post","status-publish","format-standard","has-post-thumbnail","hentry","category-economia","category-health","category-isto-para-nos","category-mindfulness","category-pontas-soltas","category-popular","category-vida-de-estado","tag-autarquias","tag-habitacao","tag-obras-publicas","tag-prr"],"yoast_head":"<!-- This site is optimized with the Yoast SEO plugin v25.1 - https:\/\/yoast.com\/wordpress\/plugins\/seo\/ -->\n<title>BAIXAR O PRE\u00c7O DA CONSTRU\u00c7\u00c3O, \u00c9 UMA ILUS\u00c3O - Estado com Arte<\/title>\n<meta name=\"robots\" content=\"index, follow, max-snippet:-1, max-image-preview:large, max-video-preview:-1\" \/>\n<link rel=\"canonical\" href=\"https:\/\/estadocomarte.pt\/site\/2024\/11\/26\/baixar-o-preco-da-construcao-e-uma-ilusao\/\" \/>\n<meta property=\"og:locale\" content=\"pt_PT\" \/>\n<meta property=\"og:type\" content=\"article\" \/>\n<meta property=\"og:title\" content=\"BAIXAR O PRE\u00c7O DA CONSTRU\u00c7\u00c3O, \u00c9 UMA ILUS\u00c3O - Estado com Arte\" \/>\n<meta property=\"og:description\" content=\"Rui Gon\u00e7alves,  Arquitecto\" \/>\n<meta property=\"og:url\" content=\"https:\/\/estadocomarte.pt\/site\/2024\/11\/26\/baixar-o-preco-da-construcao-e-uma-ilusao\/\" \/>\n<meta property=\"og:site_name\" content=\"Estado com Arte\" \/>\n<meta property=\"article:published_time\" content=\"2024-11-26T10:18:33+00:00\" \/>\n<meta property=\"og:image\" content=\"https:\/\/estadocomarte.pt\/site\/wp-content\/uploads\/2023\/08\/Rui-Goncalves.jpg\" \/>\n\t<meta property=\"og:image:width\" content=\"536\" \/>\n\t<meta property=\"og:image:height\" content=\"632\" \/>\n\t<meta property=\"og:image:type\" content=\"image\/jpeg\" \/>\n<meta name=\"author\" content=\"admin\" \/>\n<meta name=\"twitter:card\" content=\"summary_large_image\" \/>\n<meta name=\"twitter:label1\" content=\"Escrito por\" \/>\n\t<meta name=\"twitter:data1\" content=\"admin\" \/>\n\t<meta name=\"twitter:label2\" content=\"Tempo estimado de leitura\" \/>\n\t<meta name=\"twitter:data2\" content=\"6 minutos\" \/>\n<script type=\"application\/ld+json\" class=\"yoast-schema-graph\">{\"@context\":\"https:\/\/schema.org\",\"@graph\":[{\"@type\":\"Article\",\"@id\":\"https:\/\/estadocomarte.pt\/site\/2024\/11\/26\/baixar-o-preco-da-construcao-e-uma-ilusao\/#article\",\"isPartOf\":{\"@id\":\"https:\/\/estadocomarte.pt\/site\/2024\/11\/26\/baixar-o-preco-da-construcao-e-uma-ilusao\/\"},\"author\":{\"name\":\"admin\",\"@id\":\"https:\/\/estadocomarte.pt\/site\/#\/schema\/person\/c0943a071216c1e5b21f85304151e4ba\"},\"headline\":\"BAIXAR O PRE\u00c7O DA CONSTRU\u00c7\u00c3O, \u00c9 UMA ILUS\u00c3O\",\"datePublished\":\"2024-11-26T10:18:33+00:00\",\"mainEntityOfPage\":{\"@id\":\"https:\/\/estadocomarte.pt\/site\/2024\/11\/26\/baixar-o-preco-da-construcao-e-uma-ilusao\/\"},\"wordCount\":1024,\"commentCount\":0,\"publisher\":{\"@id\":\"https:\/\/estadocomarte.pt\/site\/#organization\"},\"image\":{\"@id\":\"https:\/\/estadocomarte.pt\/site\/2024\/11\/26\/baixar-o-preco-da-construcao-e-uma-ilusao\/#primaryimage\"},\"thumbnailUrl\":\"https:\/\/estadocomarte.pt\/site\/wp-content\/uploads\/2023\/08\/Rui-Goncalves.jpg\",\"keywords\":[\"autarquias\",\"habita\u00e7\u00e3o\",\"obras publicas\",\"PRR\"],\"articleSection\":[\"Economia\",\"Health\",\"Isto Para N\u00f3s\",\"Mindfulness\",\"Pontas Soltas\",\"Popular\",\"Vida de Estado\"],\"inLanguage\":\"pt-PT\",\"potentialAction\":[{\"@type\":\"CommentAction\",\"name\":\"Comment\",\"target\":[\"https:\/\/estadocomarte.pt\/site\/2024\/11\/26\/baixar-o-preco-da-construcao-e-uma-ilusao\/#respond\"]}]},{\"@type\":\"WebPage\",\"@id\":\"https:\/\/estadocomarte.pt\/site\/2024\/11\/26\/baixar-o-preco-da-construcao-e-uma-ilusao\/\",\"url\":\"https:\/\/estadocomarte.pt\/site\/2024\/11\/26\/baixar-o-preco-da-construcao-e-uma-ilusao\/\",\"name\":\"BAIXAR O PRE\u00c7O DA CONSTRU\u00c7\u00c3O, \u00c9 UMA ILUS\u00c3O - Estado com Arte\",\"isPartOf\":{\"@id\":\"https:\/\/estadocomarte.pt\/site\/#website\"},\"primaryImageOfPage\":{\"@id\":\"https:\/\/estadocomarte.pt\/site\/2024\/11\/26\/baixar-o-preco-da-construcao-e-uma-ilusao\/#primaryimage\"},\"image\":{\"@id\":\"https:\/\/estadocomarte.pt\/site\/2024\/11\/26\/baixar-o-preco-da-construcao-e-uma-ilusao\/#primaryimage\"},\"thumbnailUrl\":\"https:\/\/estadocomarte.pt\/site\/wp-content\/uploads\/2023\/08\/Rui-Goncalves.jpg\",\"datePublished\":\"2024-11-26T10:18:33+00:00\",\"breadcrumb\":{\"@id\":\"https:\/\/estadocomarte.pt\/site\/2024\/11\/26\/baixar-o-preco-da-construcao-e-uma-ilusao\/#breadcrumb\"},\"inLanguage\":\"pt-PT\",\"potentialAction\":[{\"@type\":\"ReadAction\",\"target\":[\"https:\/\/estadocomarte.pt\/site\/2024\/11\/26\/baixar-o-preco-da-construcao-e-uma-ilusao\/\"]}]},{\"@type\":\"ImageObject\",\"inLanguage\":\"pt-PT\",\"@id\":\"https:\/\/estadocomarte.pt\/site\/2024\/11\/26\/baixar-o-preco-da-construcao-e-uma-ilusao\/#primaryimage\",\"url\":\"https:\/\/estadocomarte.pt\/site\/wp-content\/uploads\/2023\/08\/Rui-Goncalves.jpg\",\"contentUrl\":\"https:\/\/estadocomarte.pt\/site\/wp-content\/uploads\/2023\/08\/Rui-Goncalves.jpg\",\"width\":536,\"height\":632,\"caption\":\"Rui Gon\u00e7alvez\"},{\"@type\":\"BreadcrumbList\",\"@id\":\"https:\/\/estadocomarte.pt\/site\/2024\/11\/26\/baixar-o-preco-da-construcao-e-uma-ilusao\/#breadcrumb\",\"itemListElement\":[{\"@type\":\"ListItem\",\"position\":1,\"name\":\"In\u00edcio\",\"item\":\"https:\/\/estadocomarte.pt\/site\/\"},{\"@type\":\"ListItem\",\"position\":2,\"name\":\"BAIXAR O PRE\u00c7O DA CONSTRU\u00c7\u00c3O, \u00c9 UMA ILUS\u00c3O\"}]},{\"@type\":\"WebSite\",\"@id\":\"https:\/\/estadocomarte.pt\/site\/#website\",\"url\":\"https:\/\/estadocomarte.pt\/site\/\",\"name\":\"Estado com Arte Magazine\",\"description\":\"Magazine\",\"publisher\":{\"@id\":\"https:\/\/estadocomarte.pt\/site\/#organization\"},\"alternateName\":\"Magazine semanal sobre pol\u00edtica e cultura, com autores, opini\u00e3o e cr\u00edticas.\",\"potentialAction\":[{\"@type\":\"SearchAction\",\"target\":{\"@type\":\"EntryPoint\",\"urlTemplate\":\"https:\/\/estadocomarte.pt\/site\/?s={search_term_string}\"},\"query-input\":{\"@type\":\"PropertyValueSpecification\",\"valueRequired\":true,\"valueName\":\"search_term_string\"}}],\"inLanguage\":\"pt-PT\"},{\"@type\":\"Organization\",\"@id\":\"https:\/\/estadocomarte.pt\/site\/#organization\",\"name\":\"Estado com Arte Magazine\",\"alternateName\":\"Magazine semanal sobre pol\u00edtica e cultura, com autores, opini\u00e3o e cr\u00edticas.\",\"url\":\"https:\/\/estadocomarte.pt\/site\/\",\"logo\":{\"@type\":\"ImageObject\",\"inLanguage\":\"pt-PT\",\"@id\":\"https:\/\/estadocomarte.pt\/site\/#\/schema\/logo\/image\/\",\"url\":\"https:\/\/estadocomarte.pt\/site\/wp-content\/uploads\/2023\/06\/cropped-cropped-Prancheta-2@2x-100.jpg\",\"contentUrl\":\"https:\/\/estadocomarte.pt\/site\/wp-content\/uploads\/2023\/06\/cropped-cropped-Prancheta-2@2x-100.jpg\",\"width\":1777,\"height\":592,\"caption\":\"Estado com Arte Magazine\"},\"image\":{\"@id\":\"https:\/\/estadocomarte.pt\/site\/#\/schema\/logo\/image\/\"},\"sameAs\":[\"https:\/\/www.instagram.com\/estadocomartemagazine\"]},{\"@type\":\"Person\",\"@id\":\"https:\/\/estadocomarte.pt\/site\/#\/schema\/person\/c0943a071216c1e5b21f85304151e4ba\",\"name\":\"admin\",\"image\":{\"@type\":\"ImageObject\",\"inLanguage\":\"pt-PT\",\"@id\":\"https:\/\/estadocomarte.pt\/site\/#\/schema\/person\/image\/\",\"url\":\"https:\/\/secure.gravatar.com\/avatar\/e6f378fd6914c8505d3e1d40f51fa953b21bab0f3a5658a33bc84cb5bda780f9?s=96&d=mm&r=g\",\"contentUrl\":\"https:\/\/secure.gravatar.com\/avatar\/e6f378fd6914c8505d3e1d40f51fa953b21bab0f3a5658a33bc84cb5bda780f9?s=96&d=mm&r=g\",\"caption\":\"admin\"},\"sameAs\":[\"https:\/\/estadocomarte.pt\/site\"],\"url\":\"https:\/\/estadocomarte.pt\/site\/author\/admin\/\"}]}<\/script>\n<!-- \/ Yoast SEO plugin. -->","yoast_head_json":{"title":"BAIXAR O PRE\u00c7O DA CONSTRU\u00c7\u00c3O, \u00c9 UMA ILUS\u00c3O - Estado com Arte","robots":{"index":"index","follow":"follow","max-snippet":"max-snippet:-1","max-image-preview":"max-image-preview:large","max-video-preview":"max-video-preview:-1"},"canonical":"https:\/\/estadocomarte.pt\/site\/2024\/11\/26\/baixar-o-preco-da-construcao-e-uma-ilusao\/","og_locale":"pt_PT","og_type":"article","og_title":"BAIXAR O PRE\u00c7O DA CONSTRU\u00c7\u00c3O, \u00c9 UMA ILUS\u00c3O - Estado com Arte","og_description":"Rui Gon\u00e7alves,  Arquitecto","og_url":"https:\/\/estadocomarte.pt\/site\/2024\/11\/26\/baixar-o-preco-da-construcao-e-uma-ilusao\/","og_site_name":"Estado com Arte","article_published_time":"2024-11-26T10:18:33+00:00","og_image":[{"width":536,"height":632,"url":"https:\/\/estadocomarte.pt\/site\/wp-content\/uploads\/2023\/08\/Rui-Goncalves.jpg","type":"image\/jpeg"}],"author":"admin","twitter_card":"summary_large_image","twitter_misc":{"Escrito por":"admin","Tempo estimado de leitura":"6 minutos"},"schema":{"@context":"https:\/\/schema.org","@graph":[{"@type":"Article","@id":"https:\/\/estadocomarte.pt\/site\/2024\/11\/26\/baixar-o-preco-da-construcao-e-uma-ilusao\/#article","isPartOf":{"@id":"https:\/\/estadocomarte.pt\/site\/2024\/11\/26\/baixar-o-preco-da-construcao-e-uma-ilusao\/"},"author":{"name":"admin","@id":"https:\/\/estadocomarte.pt\/site\/#\/schema\/person\/c0943a071216c1e5b21f85304151e4ba"},"headline":"BAIXAR O PRE\u00c7O DA CONSTRU\u00c7\u00c3O, \u00c9 UMA ILUS\u00c3O","datePublished":"2024-11-26T10:18:33+00:00","mainEntityOfPage":{"@id":"https:\/\/estadocomarte.pt\/site\/2024\/11\/26\/baixar-o-preco-da-construcao-e-uma-ilusao\/"},"wordCount":1024,"commentCount":0,"publisher":{"@id":"https:\/\/estadocomarte.pt\/site\/#organization"},"image":{"@id":"https:\/\/estadocomarte.pt\/site\/2024\/11\/26\/baixar-o-preco-da-construcao-e-uma-ilusao\/#primaryimage"},"thumbnailUrl":"https:\/\/estadocomarte.pt\/site\/wp-content\/uploads\/2023\/08\/Rui-Goncalves.jpg","keywords":["autarquias","habita\u00e7\u00e3o","obras publicas","PRR"],"articleSection":["Economia","Health","Isto Para N\u00f3s","Mindfulness","Pontas Soltas","Popular","Vida de Estado"],"inLanguage":"pt-PT","potentialAction":[{"@type":"CommentAction","name":"Comment","target":["https:\/\/estadocomarte.pt\/site\/2024\/11\/26\/baixar-o-preco-da-construcao-e-uma-ilusao\/#respond"]}]},{"@type":"WebPage","@id":"https:\/\/estadocomarte.pt\/site\/2024\/11\/26\/baixar-o-preco-da-construcao-e-uma-ilusao\/","url":"https:\/\/estadocomarte.pt\/site\/2024\/11\/26\/baixar-o-preco-da-construcao-e-uma-ilusao\/","name":"BAIXAR O PRE\u00c7O DA CONSTRU\u00c7\u00c3O, \u00c9 UMA ILUS\u00c3O - Estado com Arte","isPartOf":{"@id":"https:\/\/estadocomarte.pt\/site\/#website"},"primaryImageOfPage":{"@id":"https:\/\/estadocomarte.pt\/site\/2024\/11\/26\/baixar-o-preco-da-construcao-e-uma-ilusao\/#primaryimage"},"image":{"@id":"https:\/\/estadocomarte.pt\/site\/2024\/11\/26\/baixar-o-preco-da-construcao-e-uma-ilusao\/#primaryimage"},"thumbnailUrl":"https:\/\/estadocomarte.pt\/site\/wp-content\/uploads\/2023\/08\/Rui-Goncalves.jpg","datePublished":"2024-11-26T10:18:33+00:00","breadcrumb":{"@id":"https:\/\/estadocomarte.pt\/site\/2024\/11\/26\/baixar-o-preco-da-construcao-e-uma-ilusao\/#breadcrumb"},"inLanguage":"pt-PT","potentialAction":[{"@type":"ReadAction","target":["https:\/\/estadocomarte.pt\/site\/2024\/11\/26\/baixar-o-preco-da-construcao-e-uma-ilusao\/"]}]},{"@type":"ImageObject","inLanguage":"pt-PT","@id":"https:\/\/estadocomarte.pt\/site\/2024\/11\/26\/baixar-o-preco-da-construcao-e-uma-ilusao\/#primaryimage","url":"https:\/\/estadocomarte.pt\/site\/wp-content\/uploads\/2023\/08\/Rui-Goncalves.jpg","contentUrl":"https:\/\/estadocomarte.pt\/site\/wp-content\/uploads\/2023\/08\/Rui-Goncalves.jpg","width":536,"height":632,"caption":"Rui Gon\u00e7alvez"},{"@type":"BreadcrumbList","@id":"https:\/\/estadocomarte.pt\/site\/2024\/11\/26\/baixar-o-preco-da-construcao-e-uma-ilusao\/#breadcrumb","itemListElement":[{"@type":"ListItem","position":1,"name":"In\u00edcio","item":"https:\/\/estadocomarte.pt\/site\/"},{"@type":"ListItem","position":2,"name":"BAIXAR O PRE\u00c7O DA CONSTRU\u00c7\u00c3O, \u00c9 UMA ILUS\u00c3O"}]},{"@type":"WebSite","@id":"https:\/\/estadocomarte.pt\/site\/#website","url":"https:\/\/estadocomarte.pt\/site\/","name":"Estado com Arte Magazine","description":"Magazine","publisher":{"@id":"https:\/\/estadocomarte.pt\/site\/#organization"},"alternateName":"Magazine semanal sobre pol\u00edtica e cultura, com autores, opini\u00e3o e cr\u00edticas.","potentialAction":[{"@type":"SearchAction","target":{"@type":"EntryPoint","urlTemplate":"https:\/\/estadocomarte.pt\/site\/?s={search_term_string}"},"query-input":{"@type":"PropertyValueSpecification","valueRequired":true,"valueName":"search_term_string"}}],"inLanguage":"pt-PT"},{"@type":"Organization","@id":"https:\/\/estadocomarte.pt\/site\/#organization","name":"Estado com Arte Magazine","alternateName":"Magazine semanal sobre pol\u00edtica e cultura, com autores, opini\u00e3o e cr\u00edticas.","url":"https:\/\/estadocomarte.pt\/site\/","logo":{"@type":"ImageObject","inLanguage":"pt-PT","@id":"https:\/\/estadocomarte.pt\/site\/#\/schema\/logo\/image\/","url":"https:\/\/estadocomarte.pt\/site\/wp-content\/uploads\/2023\/06\/cropped-cropped-Prancheta-2@2x-100.jpg","contentUrl":"https:\/\/estadocomarte.pt\/site\/wp-content\/uploads\/2023\/06\/cropped-cropped-Prancheta-2@2x-100.jpg","width":1777,"height":592,"caption":"Estado com Arte Magazine"},"image":{"@id":"https:\/\/estadocomarte.pt\/site\/#\/schema\/logo\/image\/"},"sameAs":["https:\/\/www.instagram.com\/estadocomartemagazine"]},{"@type":"Person","@id":"https:\/\/estadocomarte.pt\/site\/#\/schema\/person\/c0943a071216c1e5b21f85304151e4ba","name":"admin","image":{"@type":"ImageObject","inLanguage":"pt-PT","@id":"https:\/\/estadocomarte.pt\/site\/#\/schema\/person\/image\/","url":"https:\/\/secure.gravatar.com\/avatar\/e6f378fd6914c8505d3e1d40f51fa953b21bab0f3a5658a33bc84cb5bda780f9?s=96&d=mm&r=g","contentUrl":"https:\/\/secure.gravatar.com\/avatar\/e6f378fd6914c8505d3e1d40f51fa953b21bab0f3a5658a33bc84cb5bda780f9?s=96&d=mm&r=g","caption":"admin"},"sameAs":["https:\/\/estadocomarte.pt\/site"],"url":"https:\/\/estadocomarte.pt\/site\/author\/admin\/"}]}},"_links":{"self":[{"href":"https:\/\/estadocomarte.pt\/site\/wp-json\/wp\/v2\/posts\/7437","targetHints":{"allow":["GET"]}}],"collection":[{"href":"https:\/\/estadocomarte.pt\/site\/wp-json\/wp\/v2\/posts"}],"about":[{"href":"https:\/\/estadocomarte.pt\/site\/wp-json\/wp\/v2\/types\/post"}],"author":[{"embeddable":true,"href":"https:\/\/estadocomarte.pt\/site\/wp-json\/wp\/v2\/users\/1"}],"replies":[{"embeddable":true,"href":"https:\/\/estadocomarte.pt\/site\/wp-json\/wp\/v2\/comments?post=7437"}],"version-history":[{"count":0,"href":"https:\/\/estadocomarte.pt\/site\/wp-json\/wp\/v2\/posts\/7437\/revisions"}],"wp:featuredmedia":[{"embeddable":true,"href":"https:\/\/estadocomarte.pt\/site\/wp-json\/wp\/v2\/media\/2202"}],"wp:attachment":[{"href":"https:\/\/estadocomarte.pt\/site\/wp-json\/wp\/v2\/media?parent=7437"}],"wp:term":[{"taxonomy":"category","embeddable":true,"href":"https:\/\/estadocomarte.pt\/site\/wp-json\/wp\/v2\/categories?post=7437"},{"taxonomy":"post_tag","embeddable":true,"href":"https:\/\/estadocomarte.pt\/site\/wp-json\/wp\/v2\/tags?post=7437"}],"curies":[{"name":"wp","href":"https:\/\/api.w.org\/{rel}","templated":true}]}}