{"id":7965,"date":"2024-12-29T19:29:30","date_gmt":"2024-12-29T19:29:30","guid":{"rendered":"https:\/\/estadocomarte.pt\/site\/?p=7965"},"modified":"2025-01-13T18:18:59","modified_gmt":"2025-01-13T18:18:59","slug":"trump-2-5-no-mundo-de-multiplas-ordens","status":"publish","type":"post","link":"https:\/\/estadocomarte.pt\/site\/2024\/12\/29\/trump-2-5-no-mundo-de-multiplas-ordens\/","title":{"rendered":"Trump 2.5 no Mundo de M\u00faltiplas Ordens"},"content":{"rendered":"<p><strong>A circunst\u00e2ncia de os Estados Unidos passarem a ser os fornecedores de g\u00e1s liquefeito \u00e0 Ucr\u00e2nia e de Trump amea\u00e7ar aumentar as tarifas sobre as importa\u00e7\u00f5es europeias, se alguns membros da Uni\u00e3o Europeia n\u00e3o aceitarem substituir as importa\u00e7\u00f5es de petr\u00f3leo russo por petr\u00f3leo norte-americano, permite perceber a forma como o novo inquilino da Casa Branca concebe o exclusivismo americano. Uma interpreta\u00e7\u00e3o marcadamente econ\u00f3mica e protecionista e que convive bem com a imposi\u00e7\u00e3o da paz \u00e0 custa de elevadas perdas territoriais da Ucr\u00e2nia.<\/strong><\/p>\n<p>No que concerne \u00e0 arena global, o ano que agora termina foi marcado n\u00e3o apenas pela manuten\u00e7\u00e3o dos conflitos em curso na Ucr\u00e2nia e no M\u00e9dio Oriente e pelo derrube de Bashar al-Assad na S\u00edria, mas tamb\u00e9m pelo regresso ao poder de Donald Trump. Um regresso que, mesmo antes da tomada de posse, j\u00e1 est\u00e1 a ter consequ\u00eancias diretas na Nova Ordem Mundial.<\/p>\n<p>Na verdade, Donald Trump, ap\u00f3s a vit\u00f3ria retumbante sobre Kamala Harris \u2013 uma prova inequ\u00edvoca de que o Partido Democrata n\u00e3o soube acautelar a sucess\u00e3o de Joe Biden \u2013 continuou o seu registo habitual de discurso, frequentemente pela pr\u00f3pria voz, mas concedendo tamb\u00e9m palco a algumas das pol\u00e9micas personalidades que o rodeiam. Um discurso populista assente na oposi\u00e7\u00e3o entre os verdadeiros americanos e os outros, aqueles que, independentemente da nacionalidade, colocam em causa o supremo interesse americano. Uma lista extensa e que tem nos imigrantes ilegais a primeira v\u00edtima, como a promessa de deporta\u00e7\u00e3o em massa, a iniciar no primeiro dia do mandato, deixa claro.<\/p>\n<p>Uma demonstra\u00e7\u00e3o de que a vers\u00e3o Trump 2.5. representa apenas uma revisita\u00e7\u00e3o, qui\u00e7\u00e1 ainda mais rebuscada, do modelo Trump 1.7. Algo que tinha ficado patente no<em> slogan<\/em> da sua campanha presidencial: \u00abMake America Great Again\u00bb. Um desiderato s\u00f3 poss\u00edvel de atingir \u00e0 custa dos outros e de uma pol\u00edtica expansionista.<\/p>\n<p>Da\u00ed a proclama\u00e7\u00e3o do interesse trumpiano em \u00abadquirir\u00bb o canal do Panam\u00e1, a Gronel\u00e2ndia e at\u00e9 o vizinho Canad\u00e1. Por isso, o regresso \u00e0 ideia de que a manuten\u00e7\u00e3o dos EUA na NATO exigir\u00e1 mais do que a duplica\u00e7\u00e3o das contribui\u00e7\u00f5es atuais dos restantes membros. Um rol de medidas a que n\u00e3o escapa a amea\u00e7a do aumento das tarifas sobre as importa\u00e7\u00f5es norte-americanas provenientes da China e da Uni\u00e3o Europeia.<\/p>\n<p>Se no primeiro mandato a doutrina de Trump nunca correspondeu \u00e0 designa\u00e7\u00e3o \u2013 \u00ab<em>principled realism<\/em>\u00bb \u2013 uma vez que os princ\u00edpios foram sempre substitu\u00eddos pelos interesses econ\u00f3micos, os sinais s\u00e3o inequ\u00edvocos de que a tend\u00eancia se ir\u00e1 acentuar no novo mandato.<\/p>\n<p>\u00c0 primeira vista, at\u00e9 parece que Trump tem consci\u00eancia de que, por culpa de Biden e de Obama, <strong>a hegemonia norte-americana deixou de corresponder \u00e0 nova realidade global, mas acredita que, neste segundo mandato, disp\u00f5e da capacidade de completar a obra iniciada em 2017, e de promover o regresso \u00e0 hegemonia global da Terra do Tio Sam.<\/strong> Uma leitura que, malgrado o narcisismo maquiav\u00e9lico de Trump, talvez n\u00e3o seja a correta.<\/p>\n<p>De facto, <strong>uma an\u00e1lise mais profunda da forma como Trump est\u00e1 a lidar com a guerra na Ucr\u00e2nia e com o expansionismo econ\u00f3mico chin\u00eas \u00e9 pass\u00edvel de outra leitura<\/strong>. Em ambas as situa\u00e7\u00f5es surgem ind\u00edcios de que Trump tem consci\u00eancia da exist\u00eancia de um Mundo de M\u00faltiplas Ordens.<\/p>\n<p>Assim, a sua proclama\u00e7\u00e3o de que acabaria com a guerra da Ucr\u00e2nia em 24 horas pode bem ser um ind\u00edcio da estrat\u00e9gia de Trump para lidar com Putin e a Ordem Eurasiana, mas de forma a defender totalmente os interesses dos Estados Unidos, enquanto pot\u00eancia liderante da Ordem Liberal. A<strong> circunst\u00e2ncia de os Estados Unidos passarem a ser os fornecedores de g\u00e1s liquefeito \u00e0 Ucr\u00e2nia e de Trump amea\u00e7ar aumentar as tarifas sobre as importa\u00e7\u00f5es europeias, se alguns membros da Uni\u00e3o Europeia n\u00e3o aceitarem substituir as importa\u00e7\u00f5es de petr\u00f3leo russo por petr\u00f3leo norte-americano, permite perceber a forma como o novo inquilino da Casa Branca concebe o exclusivismo americano.<\/strong> Uma interpreta\u00e7\u00e3o marcadamente econ\u00f3mica e protecionista e que convive bem com a imposi\u00e7\u00e3o da paz \u00e0 custa de elevadas perdas territoriais da Ucr\u00e2nia.<\/p>\n<p>Quanto ao expansionismo econ\u00f3mico chin\u00eas, Trump n\u00e3o tem d\u00favidas de que <strong>Pequim lidera a Ordem da Rota da Seda e, como tal, na conjuntura atual, o passo fundamental \u00e9 limitar ou controlar o avan\u00e7o da mesma. Da\u00ed o regresso \u00e0 ideia de que o destino manifesto dos Estados Unidos \u00e9 a zona do Indo-Pac\u00edfico. A regi\u00e3o onde est\u00e3o alguns dos membros da Ordem Liberal e, sobretudo, Taiwan, uma poss\u00edvel moeda de troca entre Washington e Pequim.<\/strong><\/p>\n<p>Finalmente, importa referir que a queda de Bashar al-Assad na S\u00edria e o protagonismo que a Turquia est\u00e1 a ganhar na zona ajuda a perceber que, por agora, Trump prefere que Erdogan assuma a lideran\u00e7a da Ordem Mu\u00e7ulmana, em detrimento das pretens\u00f5es da Ar\u00e1bia Saudita sunita e do Ir\u00e3o xiita, at\u00e9 porque Israel tem muito a ganhar com a perda de prest\u00edgio do regime instalado em Teer\u00e3o. Um dado que joga a favor de Trump, depois dos sucessivos malogros da Administra\u00e7\u00e3o Biden na busca de um cessar-fogo definitivo em Gaza. Afinal, n\u00e3o parece abusivo dizer que, ao contr\u00e1rio do seu aspeto capilar, a estrat\u00e9gia de Trump pode n\u00e3o ser assim t\u00e3o descabelada.<\/p>\n<p>A exemplo de Alice, que vivia no Pa\u00eds das Maravilhas, Trump tamb\u00e9m criou a sua realidade, mas, no fundo, sabe que o Mundo de M\u00faltiplas Ordens est\u00e1 a completar a sua forma\u00e7\u00e3o e importa encontrar um ponto de equil\u00edbrio. Por enquanto, um equil\u00edbrio ainda inst\u00e1vel, mas que j\u00e1 deixa perceber que ser\u00e3o as periferias a pagar os desmandos e as exig\u00eancias dos centros decisores.<\/p>\n<p>Uma realidade na qual os votos de Bom Ano representam apenas um mero <em>wishful thinking<\/em>. A regra da vida habitual!<\/p>\n","protected":false},"excerpt":{"rendered":"<p>Jos\u00e9 Filipe Pinto,<br \/>\nProfessor Catedr\u00e1tico em Ci\u00eancia Pol\u00edtica<\/p>\n","protected":false},"author":1,"featured_media":2469,"comment_status":"open","ping_status":"open","sticky":false,"template":"","format":"standard","meta":{"site-sidebar-layout":"default","site-content-layout":"default","ast-global-header-display":"","ast-banner-title-visibility":"","ast-main-header-display":"","ast-hfb-above-header-display":"","ast-hfb-below-header-display":"","ast-hfb-mobile-header-display":"","site-post-title":"","ast-breadcrumbs-content":"","ast-featured-img":"","footer-sml-layout":"","theme-transparent-header-meta":"default","adv-header-id-meta":"","stick-header-meta":"","header-above-stick-meta":"","header-main-stick-meta":"","header-below-stick-meta":"","footnotes":""},"categories":[64,87],"tags":[],"class_list":["post-7965","post","type-post","status-publish","format-standard","has-post-thumbnail","hentry","category-isto-para-nos","category-vice-versa"],"yoast_head":"<!-- This site is optimized with the Yoast SEO plugin v25.1 - https:\/\/yoast.com\/wordpress\/plugins\/seo\/ -->\n<title>Trump 2.5 no Mundo de M\u00faltiplas Ordens - Estado com Arte<\/title>\n<meta name=\"robots\" content=\"index, follow, max-snippet:-1, max-image-preview:large, max-video-preview:-1\" \/>\n<link rel=\"canonical\" href=\"https:\/\/estadocomarte.pt\/site\/2024\/12\/29\/trump-2-5-no-mundo-de-multiplas-ordens\/\" \/>\n<meta property=\"og:locale\" content=\"pt_PT\" \/>\n<meta property=\"og:type\" content=\"article\" \/>\n<meta property=\"og:title\" content=\"Trump 2.5 no Mundo de M\u00faltiplas Ordens - Estado com Arte\" \/>\n<meta property=\"og:description\" content=\"Jos\u00e9 Filipe Pinto, Professor Catedr\u00e1tico em Ci\u00eancia Pol\u00edtica\" \/>\n<meta property=\"og:url\" content=\"https:\/\/estadocomarte.pt\/site\/2024\/12\/29\/trump-2-5-no-mundo-de-multiplas-ordens\/\" \/>\n<meta property=\"og:site_name\" content=\"Estado com Arte\" \/>\n<meta property=\"article:published_time\" content=\"2024-12-29T19:29:30+00:00\" \/>\n<meta property=\"article:modified_time\" content=\"2025-01-13T18:18:59+00:00\" \/>\n<meta property=\"og:image\" content=\"https:\/\/estadocomarte.pt\/site\/wp-content\/uploads\/2023\/09\/IMG-20230907-WA0000.jpg\" \/>\n\t<meta property=\"og:image:width\" content=\"1217\" \/>\n\t<meta property=\"og:image:height\" content=\"1443\" \/>\n\t<meta property=\"og:image:type\" content=\"image\/jpeg\" \/>\n<meta name=\"author\" content=\"admin\" \/>\n<meta name=\"twitter:card\" content=\"summary_large_image\" \/>\n<meta name=\"twitter:label1\" content=\"Escrito por\" \/>\n\t<meta name=\"twitter:data1\" content=\"admin\" \/>\n\t<meta name=\"twitter:label2\" content=\"Tempo estimado de leitura\" \/>\n\t<meta name=\"twitter:data2\" content=\"6 minutos\" \/>\n<script type=\"application\/ld+json\" class=\"yoast-schema-graph\">{\"@context\":\"https:\/\/schema.org\",\"@graph\":[{\"@type\":\"Article\",\"@id\":\"https:\/\/estadocomarte.pt\/site\/2024\/12\/29\/trump-2-5-no-mundo-de-multiplas-ordens\/#article\",\"isPartOf\":{\"@id\":\"https:\/\/estadocomarte.pt\/site\/2024\/12\/29\/trump-2-5-no-mundo-de-multiplas-ordens\/\"},\"author\":{\"name\":\"admin\",\"@id\":\"https:\/\/estadocomarte.pt\/site\/#\/schema\/person\/c0943a071216c1e5b21f85304151e4ba\"},\"headline\":\"Trump 2.5 no Mundo de M\u00faltiplas Ordens\",\"datePublished\":\"2024-12-29T19:29:30+00:00\",\"dateModified\":\"2025-01-13T18:18:59+00:00\",\"mainEntityOfPage\":{\"@id\":\"https:\/\/estadocomarte.pt\/site\/2024\/12\/29\/trump-2-5-no-mundo-de-multiplas-ordens\/\"},\"wordCount\":1035,\"commentCount\":0,\"publisher\":{\"@id\":\"https:\/\/estadocomarte.pt\/site\/#organization\"},\"image\":{\"@id\":\"https:\/\/estadocomarte.pt\/site\/2024\/12\/29\/trump-2-5-no-mundo-de-multiplas-ordens\/#primaryimage\"},\"thumbnailUrl\":\"https:\/\/estadocomarte.pt\/site\/wp-content\/uploads\/2023\/09\/IMG-20230907-WA0000.jpg\",\"articleSection\":[\"Isto Para N\u00f3s\",\"Vice-versa\"],\"inLanguage\":\"pt-PT\",\"potentialAction\":[{\"@type\":\"CommentAction\",\"name\":\"Comment\",\"target\":[\"https:\/\/estadocomarte.pt\/site\/2024\/12\/29\/trump-2-5-no-mundo-de-multiplas-ordens\/#respond\"]}]},{\"@type\":\"WebPage\",\"@id\":\"https:\/\/estadocomarte.pt\/site\/2024\/12\/29\/trump-2-5-no-mundo-de-multiplas-ordens\/\",\"url\":\"https:\/\/estadocomarte.pt\/site\/2024\/12\/29\/trump-2-5-no-mundo-de-multiplas-ordens\/\",\"name\":\"Trump 2.5 no Mundo de M\u00faltiplas Ordens - Estado com Arte\",\"isPartOf\":{\"@id\":\"https:\/\/estadocomarte.pt\/site\/#website\"},\"primaryImageOfPage\":{\"@id\":\"https:\/\/estadocomarte.pt\/site\/2024\/12\/29\/trump-2-5-no-mundo-de-multiplas-ordens\/#primaryimage\"},\"image\":{\"@id\":\"https:\/\/estadocomarte.pt\/site\/2024\/12\/29\/trump-2-5-no-mundo-de-multiplas-ordens\/#primaryimage\"},\"thumbnailUrl\":\"https:\/\/estadocomarte.pt\/site\/wp-content\/uploads\/2023\/09\/IMG-20230907-WA0000.jpg\",\"datePublished\":\"2024-12-29T19:29:30+00:00\",\"dateModified\":\"2025-01-13T18:18:59+00:00\",\"breadcrumb\":{\"@id\":\"https:\/\/estadocomarte.pt\/site\/2024\/12\/29\/trump-2-5-no-mundo-de-multiplas-ordens\/#breadcrumb\"},\"inLanguage\":\"pt-PT\",\"potentialAction\":[{\"@type\":\"ReadAction\",\"target\":[\"https:\/\/estadocomarte.pt\/site\/2024\/12\/29\/trump-2-5-no-mundo-de-multiplas-ordens\/\"]}]},{\"@type\":\"ImageObject\",\"inLanguage\":\"pt-PT\",\"@id\":\"https:\/\/estadocomarte.pt\/site\/2024\/12\/29\/trump-2-5-no-mundo-de-multiplas-ordens\/#primaryimage\",\"url\":\"https:\/\/estadocomarte.pt\/site\/wp-content\/uploads\/2023\/09\/IMG-20230907-WA0000.jpg\",\"contentUrl\":\"https:\/\/estadocomarte.pt\/site\/wp-content\/uploads\/2023\/09\/IMG-20230907-WA0000.jpg\",\"width\":1217,\"height\":1443,\"caption\":\"Jos\u00e9 Filipe Pinto, Professor Catedr\u00e1tico em Ci\u00eancia Pol\u00edtica da Universidade Lus\u00f3fona\"},{\"@type\":\"BreadcrumbList\",\"@id\":\"https:\/\/estadocomarte.pt\/site\/2024\/12\/29\/trump-2-5-no-mundo-de-multiplas-ordens\/#breadcrumb\",\"itemListElement\":[{\"@type\":\"ListItem\",\"position\":1,\"name\":\"In\u00edcio\",\"item\":\"https:\/\/estadocomarte.pt\/site\/\"},{\"@type\":\"ListItem\",\"position\":2,\"name\":\"Trump 2.5 no Mundo de M\u00faltiplas Ordens\"}]},{\"@type\":\"WebSite\",\"@id\":\"https:\/\/estadocomarte.pt\/site\/#website\",\"url\":\"https:\/\/estadocomarte.pt\/site\/\",\"name\":\"Estado com Arte Magazine\",\"description\":\"Magazine\",\"publisher\":{\"@id\":\"https:\/\/estadocomarte.pt\/site\/#organization\"},\"alternateName\":\"Magazine semanal sobre pol\u00edtica e cultura, com autores, opini\u00e3o e cr\u00edticas.\",\"potentialAction\":[{\"@type\":\"SearchAction\",\"target\":{\"@type\":\"EntryPoint\",\"urlTemplate\":\"https:\/\/estadocomarte.pt\/site\/?s={search_term_string}\"},\"query-input\":{\"@type\":\"PropertyValueSpecification\",\"valueRequired\":true,\"valueName\":\"search_term_string\"}}],\"inLanguage\":\"pt-PT\"},{\"@type\":\"Organization\",\"@id\":\"https:\/\/estadocomarte.pt\/site\/#organization\",\"name\":\"Estado com Arte Magazine\",\"alternateName\":\"Magazine semanal sobre pol\u00edtica e cultura, com autores, opini\u00e3o e cr\u00edticas.\",\"url\":\"https:\/\/estadocomarte.pt\/site\/\",\"logo\":{\"@type\":\"ImageObject\",\"inLanguage\":\"pt-PT\",\"@id\":\"https:\/\/estadocomarte.pt\/site\/#\/schema\/logo\/image\/\",\"url\":\"https:\/\/estadocomarte.pt\/site\/wp-content\/uploads\/2023\/06\/cropped-cropped-Prancheta-2@2x-100.jpg\",\"contentUrl\":\"https:\/\/estadocomarte.pt\/site\/wp-content\/uploads\/2023\/06\/cropped-cropped-Prancheta-2@2x-100.jpg\",\"width\":1777,\"height\":592,\"caption\":\"Estado com Arte Magazine\"},\"image\":{\"@id\":\"https:\/\/estadocomarte.pt\/site\/#\/schema\/logo\/image\/\"},\"sameAs\":[\"https:\/\/www.instagram.com\/estadocomartemagazine\"]},{\"@type\":\"Person\",\"@id\":\"https:\/\/estadocomarte.pt\/site\/#\/schema\/person\/c0943a071216c1e5b21f85304151e4ba\",\"name\":\"admin\",\"image\":{\"@type\":\"ImageObject\",\"inLanguage\":\"pt-PT\",\"@id\":\"https:\/\/estadocomarte.pt\/site\/#\/schema\/person\/image\/\",\"url\":\"https:\/\/secure.gravatar.com\/avatar\/e6f378fd6914c8505d3e1d40f51fa953b21bab0f3a5658a33bc84cb5bda780f9?s=96&d=mm&r=g\",\"contentUrl\":\"https:\/\/secure.gravatar.com\/avatar\/e6f378fd6914c8505d3e1d40f51fa953b21bab0f3a5658a33bc84cb5bda780f9?s=96&d=mm&r=g\",\"caption\":\"admin\"},\"sameAs\":[\"https:\/\/estadocomarte.pt\/site\"],\"url\":\"https:\/\/estadocomarte.pt\/site\/author\/admin\/\"}]}<\/script>\n<!-- \/ Yoast SEO plugin. -->","yoast_head_json":{"title":"Trump 2.5 no Mundo de M\u00faltiplas Ordens - Estado com Arte","robots":{"index":"index","follow":"follow","max-snippet":"max-snippet:-1","max-image-preview":"max-image-preview:large","max-video-preview":"max-video-preview:-1"},"canonical":"https:\/\/estadocomarte.pt\/site\/2024\/12\/29\/trump-2-5-no-mundo-de-multiplas-ordens\/","og_locale":"pt_PT","og_type":"article","og_title":"Trump 2.5 no Mundo de M\u00faltiplas Ordens - Estado com Arte","og_description":"Jos\u00e9 Filipe Pinto, Professor Catedr\u00e1tico em Ci\u00eancia Pol\u00edtica","og_url":"https:\/\/estadocomarte.pt\/site\/2024\/12\/29\/trump-2-5-no-mundo-de-multiplas-ordens\/","og_site_name":"Estado com Arte","article_published_time":"2024-12-29T19:29:30+00:00","article_modified_time":"2025-01-13T18:18:59+00:00","og_image":[{"width":1217,"height":1443,"url":"https:\/\/estadocomarte.pt\/site\/wp-content\/uploads\/2023\/09\/IMG-20230907-WA0000.jpg","type":"image\/jpeg"}],"author":"admin","twitter_card":"summary_large_image","twitter_misc":{"Escrito por":"admin","Tempo estimado de leitura":"6 minutos"},"schema":{"@context":"https:\/\/schema.org","@graph":[{"@type":"Article","@id":"https:\/\/estadocomarte.pt\/site\/2024\/12\/29\/trump-2-5-no-mundo-de-multiplas-ordens\/#article","isPartOf":{"@id":"https:\/\/estadocomarte.pt\/site\/2024\/12\/29\/trump-2-5-no-mundo-de-multiplas-ordens\/"},"author":{"name":"admin","@id":"https:\/\/estadocomarte.pt\/site\/#\/schema\/person\/c0943a071216c1e5b21f85304151e4ba"},"headline":"Trump 2.5 no Mundo de M\u00faltiplas Ordens","datePublished":"2024-12-29T19:29:30+00:00","dateModified":"2025-01-13T18:18:59+00:00","mainEntityOfPage":{"@id":"https:\/\/estadocomarte.pt\/site\/2024\/12\/29\/trump-2-5-no-mundo-de-multiplas-ordens\/"},"wordCount":1035,"commentCount":0,"publisher":{"@id":"https:\/\/estadocomarte.pt\/site\/#organization"},"image":{"@id":"https:\/\/estadocomarte.pt\/site\/2024\/12\/29\/trump-2-5-no-mundo-de-multiplas-ordens\/#primaryimage"},"thumbnailUrl":"https:\/\/estadocomarte.pt\/site\/wp-content\/uploads\/2023\/09\/IMG-20230907-WA0000.jpg","articleSection":["Isto Para N\u00f3s","Vice-versa"],"inLanguage":"pt-PT","potentialAction":[{"@type":"CommentAction","name":"Comment","target":["https:\/\/estadocomarte.pt\/site\/2024\/12\/29\/trump-2-5-no-mundo-de-multiplas-ordens\/#respond"]}]},{"@type":"WebPage","@id":"https:\/\/estadocomarte.pt\/site\/2024\/12\/29\/trump-2-5-no-mundo-de-multiplas-ordens\/","url":"https:\/\/estadocomarte.pt\/site\/2024\/12\/29\/trump-2-5-no-mundo-de-multiplas-ordens\/","name":"Trump 2.5 no Mundo de M\u00faltiplas Ordens - Estado com Arte","isPartOf":{"@id":"https:\/\/estadocomarte.pt\/site\/#website"},"primaryImageOfPage":{"@id":"https:\/\/estadocomarte.pt\/site\/2024\/12\/29\/trump-2-5-no-mundo-de-multiplas-ordens\/#primaryimage"},"image":{"@id":"https:\/\/estadocomarte.pt\/site\/2024\/12\/29\/trump-2-5-no-mundo-de-multiplas-ordens\/#primaryimage"},"thumbnailUrl":"https:\/\/estadocomarte.pt\/site\/wp-content\/uploads\/2023\/09\/IMG-20230907-WA0000.jpg","datePublished":"2024-12-29T19:29:30+00:00","dateModified":"2025-01-13T18:18:59+00:00","breadcrumb":{"@id":"https:\/\/estadocomarte.pt\/site\/2024\/12\/29\/trump-2-5-no-mundo-de-multiplas-ordens\/#breadcrumb"},"inLanguage":"pt-PT","potentialAction":[{"@type":"ReadAction","target":["https:\/\/estadocomarte.pt\/site\/2024\/12\/29\/trump-2-5-no-mundo-de-multiplas-ordens\/"]}]},{"@type":"ImageObject","inLanguage":"pt-PT","@id":"https:\/\/estadocomarte.pt\/site\/2024\/12\/29\/trump-2-5-no-mundo-de-multiplas-ordens\/#primaryimage","url":"https:\/\/estadocomarte.pt\/site\/wp-content\/uploads\/2023\/09\/IMG-20230907-WA0000.jpg","contentUrl":"https:\/\/estadocomarte.pt\/site\/wp-content\/uploads\/2023\/09\/IMG-20230907-WA0000.jpg","width":1217,"height":1443,"caption":"Jos\u00e9 Filipe Pinto, Professor Catedr\u00e1tico em Ci\u00eancia Pol\u00edtica da Universidade Lus\u00f3fona"},{"@type":"BreadcrumbList","@id":"https:\/\/estadocomarte.pt\/site\/2024\/12\/29\/trump-2-5-no-mundo-de-multiplas-ordens\/#breadcrumb","itemListElement":[{"@type":"ListItem","position":1,"name":"In\u00edcio","item":"https:\/\/estadocomarte.pt\/site\/"},{"@type":"ListItem","position":2,"name":"Trump 2.5 no Mundo de M\u00faltiplas Ordens"}]},{"@type":"WebSite","@id":"https:\/\/estadocomarte.pt\/site\/#website","url":"https:\/\/estadocomarte.pt\/site\/","name":"Estado com Arte Magazine","description":"Magazine","publisher":{"@id":"https:\/\/estadocomarte.pt\/site\/#organization"},"alternateName":"Magazine semanal sobre pol\u00edtica e cultura, com autores, opini\u00e3o e cr\u00edticas.","potentialAction":[{"@type":"SearchAction","target":{"@type":"EntryPoint","urlTemplate":"https:\/\/estadocomarte.pt\/site\/?s={search_term_string}"},"query-input":{"@type":"PropertyValueSpecification","valueRequired":true,"valueName":"search_term_string"}}],"inLanguage":"pt-PT"},{"@type":"Organization","@id":"https:\/\/estadocomarte.pt\/site\/#organization","name":"Estado com Arte Magazine","alternateName":"Magazine semanal sobre pol\u00edtica e cultura, com autores, opini\u00e3o e cr\u00edticas.","url":"https:\/\/estadocomarte.pt\/site\/","logo":{"@type":"ImageObject","inLanguage":"pt-PT","@id":"https:\/\/estadocomarte.pt\/site\/#\/schema\/logo\/image\/","url":"https:\/\/estadocomarte.pt\/site\/wp-content\/uploads\/2023\/06\/cropped-cropped-Prancheta-2@2x-100.jpg","contentUrl":"https:\/\/estadocomarte.pt\/site\/wp-content\/uploads\/2023\/06\/cropped-cropped-Prancheta-2@2x-100.jpg","width":1777,"height":592,"caption":"Estado com Arte Magazine"},"image":{"@id":"https:\/\/estadocomarte.pt\/site\/#\/schema\/logo\/image\/"},"sameAs":["https:\/\/www.instagram.com\/estadocomartemagazine"]},{"@type":"Person","@id":"https:\/\/estadocomarte.pt\/site\/#\/schema\/person\/c0943a071216c1e5b21f85304151e4ba","name":"admin","image":{"@type":"ImageObject","inLanguage":"pt-PT","@id":"https:\/\/estadocomarte.pt\/site\/#\/schema\/person\/image\/","url":"https:\/\/secure.gravatar.com\/avatar\/e6f378fd6914c8505d3e1d40f51fa953b21bab0f3a5658a33bc84cb5bda780f9?s=96&d=mm&r=g","contentUrl":"https:\/\/secure.gravatar.com\/avatar\/e6f378fd6914c8505d3e1d40f51fa953b21bab0f3a5658a33bc84cb5bda780f9?s=96&d=mm&r=g","caption":"admin"},"sameAs":["https:\/\/estadocomarte.pt\/site"],"url":"https:\/\/estadocomarte.pt\/site\/author\/admin\/"}]}},"_links":{"self":[{"href":"https:\/\/estadocomarte.pt\/site\/wp-json\/wp\/v2\/posts\/7965","targetHints":{"allow":["GET"]}}],"collection":[{"href":"https:\/\/estadocomarte.pt\/site\/wp-json\/wp\/v2\/posts"}],"about":[{"href":"https:\/\/estadocomarte.pt\/site\/wp-json\/wp\/v2\/types\/post"}],"author":[{"embeddable":true,"href":"https:\/\/estadocomarte.pt\/site\/wp-json\/wp\/v2\/users\/1"}],"replies":[{"embeddable":true,"href":"https:\/\/estadocomarte.pt\/site\/wp-json\/wp\/v2\/comments?post=7965"}],"version-history":[{"count":0,"href":"https:\/\/estadocomarte.pt\/site\/wp-json\/wp\/v2\/posts\/7965\/revisions"}],"wp:featuredmedia":[{"embeddable":true,"href":"https:\/\/estadocomarte.pt\/site\/wp-json\/wp\/v2\/media\/2469"}],"wp:attachment":[{"href":"https:\/\/estadocomarte.pt\/site\/wp-json\/wp\/v2\/media?parent=7965"}],"wp:term":[{"taxonomy":"category","embeddable":true,"href":"https:\/\/estadocomarte.pt\/site\/wp-json\/wp\/v2\/categories?post=7965"},{"taxonomy":"post_tag","embeddable":true,"href":"https:\/\/estadocomarte.pt\/site\/wp-json\/wp\/v2\/tags?post=7965"}],"curies":[{"name":"wp","href":"https:\/\/api.w.org\/{rel}","templated":true}]}}