{"id":7974,"date":"2024-12-30T12:11:24","date_gmt":"2024-12-30T12:11:24","guid":{"rendered":"https:\/\/estadocomarte.pt\/site\/?p=7974"},"modified":"2024-12-30T12:11:24","modified_gmt":"2024-12-30T12:11:24","slug":"prosperidade-adiada-mas-merecida","status":"publish","type":"post","link":"https:\/\/estadocomarte.pt\/site\/2024\/12\/30\/prosperidade-adiada-mas-merecida\/","title":{"rendered":"Prosperidade adiada, mas merecida"},"content":{"rendered":"<p align=\"justify\"><strong><span style=\"font-size: medium;\">Adiamos a prosperidade <\/span><span style=\"font-size: medium;\"><i>sine die<\/i><\/span><span style=\"font-size: medium;\">, sem refletir sobre os porqu\u00eas deste constante adiamento. Temos de come\u00e7ar a encarar o problema de frente. Persistir em evit\u00e1-lo n\u00e3o abona a favor do nosso futuro e destino coletivos.<\/span><\/strong><\/p>\n<p align=\"justify\">\u201c<span style=\"font-size: medium;\">Pr\u00f3spero Ano Novo\u201d \u00e9 algo que gostaria de poder desejar a todos os portugueses sem recear que alguns considerem o desejo uma completa fantasia ou, pior, talvez um insulto. Seria reconfortante poder formular este desejo com a convic\u00e7\u00e3o de que, apesar das dificuldades, o pa\u00eds oferece condi\u00e7\u00f5es e contexto prop\u00edcio para qualquer pessoa alcan\u00e7ar a prosperidade. Infelizmente, todos sabemos que n\u00e3o \u00e9 assim.<\/span><\/p>\n<p align=\"justify\"><span style=\"font-size: medium;\">Em Portugal<\/span><span style=\"color: #000000;\"><span style=\"font-size: medium;\"> a praia \u00e9 \u00f3tima, o clima \u00e9 espetacular, a comida \u00e9 deliciosa e as pessoas s\u00e3o simp\u00e1ticas. Sem d\u00favida. Mas n\u00f3s n\u00e3o somos turistas, e tudo isto n\u00e3o nos livra de estar entre os mais pobres da Europa. Por falta de vis\u00e3o, acanton\u00e1mos a economia numa depend\u00eancia cr\u00f3nica do turismo e num endividamento cruel que mina o futuro das gera\u00e7\u00f5es mais jovens.<\/span><\/span><\/p>\n<p align=\"justify\"><span style=\"color: #000000;\"><span style=\"font-size: medium;\">Todos temos acesso \u00e0 sa\u00fade. \u00c9 verdade. Mas a sua gest\u00e3o p\u00fablica \u00e9 de tal forma ineficiente que s\u00f3 quem n\u00e3o pode \u00e9 que n\u00e3o recorre aos servi\u00e7os privados. <\/span><\/span><\/p>\n<p align=\"justify\"><span style=\"color: #000000;\"><span style=\"font-size: medium;\">Os portugueses desfrutam da liberdade e da democracia. Sem d\u00favida. Mas os sal\u00e1rios s\u00e3o indignos, as rendas e a aquisi\u00e7\u00e3o de casa s\u00e3o proibitivas, as reformas s\u00e3o min\u00fasculas e a justi\u00e7a \u00e9 ineficaz e incompreens\u00edvel. E estes fatores, associados ao empobrecimento e \u00e0 desigualdade de oportunidades, enfraquecem a cren\u00e7a nos benef\u00edcios duma sociedade livre e democr\u00e1tica.<\/span><\/span><\/p>\n<p align=\"justify\"><span style=\"font-size: medium;\">Desejar \u201cPr\u00f3spero Ano Novo\u201d tornou-se assim um automatismo que dispensa reflex\u00f5es inc\u00f3modas sobre a possibilidade de o concretizar. No fundo, deixa de ser um desejo para se tornar num inconsequente \u201cat\u00e9 j\u00e1, vemo-nos daqui as uns dias\u201d. Adiamos a prosperidade <\/span><span style=\"font-size: medium;\"><i>sine die<\/i><\/span><span style=\"font-size: medium;\">, sem refletir sobre os porqu\u00eas deste constante adiamento. Temos de come\u00e7ar a encarar o problema de frente. Persistir em evit\u00e1-lo n\u00e3o abona a favor do nosso futuro e destino coletivos.<\/span><\/p>\n<p align=\"justify\"><span style=\"color: #000000;\"><span style=\"font-size: medium;\">Na Uni\u00e3o Europeia, estamos entre os pa\u00edses que apresentam o mais baixo n\u00edvel de rendimento e, simultaneamente, a taxa de risco de pobreza mais elevada. Nos \u00faltimos dez anos, o risco de pobreza <\/span><\/span><span style=\"font-size: medium;\">da popula\u00e7\u00e3o portuguesa manteve-se em torno dos 17%.<\/span><\/p>\n<p align=\"justify\"><span style=\"color: #000000;\"><span style=\"font-size: medium;\">\u00c9 evidente que as condi\u00e7\u00f5es adversas n\u00e3o afetam todo o pa\u00eds de forma homog\u00e9nea. As assimetrias regionais s\u00e3o impressionantes. Se o PIB <\/span><\/span><span style=\"color: #000000;\"><span style=\"font-size: medium;\"><i>per capita<\/i><\/span><\/span><span style=\"color: #000000;\"><span style=\"font-size: medium;\"> de Portugal, em 2023, expresso em paridade do poder de compra, alcan\u00e7ou 80,5% da m\u00e9dia da Uni\u00e3o Europeia, o da Pen\u00ednsula de Set\u00fabal, por exemplo, n\u00e3o chegou sequer a 55% do PIB m\u00e9dio <\/span><\/span><span style=\"color: #000000;\"><span style=\"font-size: medium;\"><i>per capita<\/i><\/span><\/span><span style=\"color: #000000;\"><span style=\"font-size: medium;\"> da Uni\u00e3o Europeia. E, comparando estas duas regi\u00f5es, verifica-se que a disparidade do PIB <\/span><\/span><span style=\"color: #000000;\"><span style=\"font-size: medium;\"><i>per capita<\/i><\/span><\/span><span style=\"color: #000000;\"><span style=\"font-size: medium;\"> entre elas \u00e9 brutal. Apesar de a Pen\u00ednsula de Set\u00fabal ser a quarta regi\u00e3o mais populosa do pa\u00eds, o PIB <\/span><\/span><span style=\"color: #000000;\"><span style=\"font-size: medium;\"><i>per capita<\/i><\/span><\/span><span style=\"color: #000000;\"><span style=\"font-size: medium;\"> desta regi\u00e3o n\u00e3o chega a 27% do da Grande Lisboa, que se encontra acima da m\u00e9dia europeia. \u00c9 apenas um exemplo, mas elucidativo.<\/span><\/span><\/p>\n<p align=\"justify\"><span style=\"font-size: medium;\">E de quem \u00e9 a responsabilidade por o pa\u00eds estar como est\u00e1? Obviamente, todos somos respons\u00e1veis. Mas os mais respons\u00e1veis s\u00e3o aqueles que governam o pa\u00eds, pois s\u00e3o eles que ocupam as posi\u00e7\u00f5es onde se tomam decis\u00f5es capazes de fazer a diferen\u00e7a e colocar o pa\u00eds no rumo da prosperidade. Infelizmente, nos \u00faltimos anos, n\u00e3o se t\u00eam registado grandes \u00eaxitos neste dom\u00ednio.<\/span><\/p>\n<p align=\"justify\"><span style=\"font-size: medium;\">Por isso, n\u00e3o hesito em desejar um Pr\u00f3spero Ano Novo, mas acrescento o desejo de que o novo ano nos revele respons\u00e1veis pol\u00edticos capazes de ultrapassar os erros do passado e firmemente empenhados em conduzir o pa\u00eds \u00e0 merecida prosperidade.<\/span><\/p>\n","protected":false},"excerpt":{"rendered":"<p>Lina Lopes,<br \/>\nex-Deputada da Na\u00e7\u00e3o<\/p>\n","protected":false},"author":1,"featured_media":1545,"comment_status":"open","ping_status":"open","sticky":false,"template":"","format":"standard","meta":{"site-sidebar-layout":"default","site-content-layout":"default","ast-global-header-display":"","ast-banner-title-visibility":"","ast-main-header-display":"","ast-hfb-above-header-display":"","ast-hfb-below-header-display":"","ast-hfb-mobile-header-display":"","site-post-title":"","ast-breadcrumbs-content":"","ast-featured-img":"","footer-sml-layout":"","theme-transparent-header-meta":"default","adv-header-id-meta":"","stick-header-meta":"","header-above-stick-meta":"","header-main-stick-meta":"","header-below-stick-meta":"","footnotes":""},"categories":[64,55],"tags":[570,573,569],"class_list":["post-7974","post","type-post","status-publish","format-standard","has-post-thumbnail","hentry","category-isto-para-nos","category-vida-de-estado","tag-570","tag-lina-lopes","tag-novo-ano"],"yoast_head":"<!-- This site is optimized with the Yoast SEO plugin v25.1 - https:\/\/yoast.com\/wordpress\/plugins\/seo\/ -->\n<title>Prosperidade adiada, mas merecida - Estado com Arte<\/title>\n<meta name=\"robots\" content=\"index, follow, max-snippet:-1, max-image-preview:large, max-video-preview:-1\" \/>\n<link rel=\"canonical\" href=\"https:\/\/estadocomarte.pt\/site\/2024\/12\/30\/prosperidade-adiada-mas-merecida\/\" \/>\n<meta property=\"og:locale\" content=\"pt_PT\" \/>\n<meta property=\"og:type\" content=\"article\" \/>\n<meta property=\"og:title\" content=\"Prosperidade adiada, mas merecida - Estado com Arte\" \/>\n<meta property=\"og:description\" content=\"Lina Lopes,  ex-Deputada da Na\u00e7\u00e3o\" \/>\n<meta property=\"og:url\" content=\"https:\/\/estadocomarte.pt\/site\/2024\/12\/30\/prosperidade-adiada-mas-merecida\/\" \/>\n<meta property=\"og:site_name\" content=\"Estado com Arte\" \/>\n<meta property=\"article:published_time\" content=\"2024-12-30T12:11:24+00:00\" \/>\n<meta property=\"og:image\" content=\"https:\/\/estadocomarte.pt\/site\/wp-content\/uploads\/2023\/07\/lina-lopes.jpg\" \/>\n\t<meta property=\"og:image:width\" content=\"593\" \/>\n\t<meta property=\"og:image:height\" content=\"678\" \/>\n\t<meta property=\"og:image:type\" content=\"image\/jpeg\" \/>\n<meta name=\"author\" content=\"admin\" \/>\n<meta name=\"twitter:card\" content=\"summary_large_image\" \/>\n<meta name=\"twitter:label1\" content=\"Escrito por\" \/>\n\t<meta name=\"twitter:data1\" content=\"admin\" \/>\n\t<meta name=\"twitter:label2\" content=\"Tempo estimado de leitura\" \/>\n\t<meta name=\"twitter:data2\" content=\"4 minutos\" \/>\n<script type=\"application\/ld+json\" class=\"yoast-schema-graph\">{\"@context\":\"https:\/\/schema.org\",\"@graph\":[{\"@type\":\"Article\",\"@id\":\"https:\/\/estadocomarte.pt\/site\/2024\/12\/30\/prosperidade-adiada-mas-merecida\/#article\",\"isPartOf\":{\"@id\":\"https:\/\/estadocomarte.pt\/site\/2024\/12\/30\/prosperidade-adiada-mas-merecida\/\"},\"author\":{\"name\":\"admin\",\"@id\":\"https:\/\/estadocomarte.pt\/site\/#\/schema\/person\/c0943a071216c1e5b21f85304151e4ba\"},\"headline\":\"Prosperidade adiada, mas merecida\",\"datePublished\":\"2024-12-30T12:11:24+00:00\",\"mainEntityOfPage\":{\"@id\":\"https:\/\/estadocomarte.pt\/site\/2024\/12\/30\/prosperidade-adiada-mas-merecida\/\"},\"wordCount\":655,\"commentCount\":0,\"publisher\":{\"@id\":\"https:\/\/estadocomarte.pt\/site\/#organization\"},\"image\":{\"@id\":\"https:\/\/estadocomarte.pt\/site\/2024\/12\/30\/prosperidade-adiada-mas-merecida\/#primaryimage\"},\"thumbnailUrl\":\"https:\/\/estadocomarte.pt\/site\/wp-content\/uploads\/2023\/07\/lina-lopes.jpg\",\"keywords\":[\"2025\",\"lina lopes\",\"novo ano\"],\"articleSection\":[\"Isto Para N\u00f3s\",\"Vida de Estado\"],\"inLanguage\":\"pt-PT\",\"potentialAction\":[{\"@type\":\"CommentAction\",\"name\":\"Comment\",\"target\":[\"https:\/\/estadocomarte.pt\/site\/2024\/12\/30\/prosperidade-adiada-mas-merecida\/#respond\"]}]},{\"@type\":\"WebPage\",\"@id\":\"https:\/\/estadocomarte.pt\/site\/2024\/12\/30\/prosperidade-adiada-mas-merecida\/\",\"url\":\"https:\/\/estadocomarte.pt\/site\/2024\/12\/30\/prosperidade-adiada-mas-merecida\/\",\"name\":\"Prosperidade adiada, mas merecida - Estado com Arte\",\"isPartOf\":{\"@id\":\"https:\/\/estadocomarte.pt\/site\/#website\"},\"primaryImageOfPage\":{\"@id\":\"https:\/\/estadocomarte.pt\/site\/2024\/12\/30\/prosperidade-adiada-mas-merecida\/#primaryimage\"},\"image\":{\"@id\":\"https:\/\/estadocomarte.pt\/site\/2024\/12\/30\/prosperidade-adiada-mas-merecida\/#primaryimage\"},\"thumbnailUrl\":\"https:\/\/estadocomarte.pt\/site\/wp-content\/uploads\/2023\/07\/lina-lopes.jpg\",\"datePublished\":\"2024-12-30T12:11:24+00:00\",\"breadcrumb\":{\"@id\":\"https:\/\/estadocomarte.pt\/site\/2024\/12\/30\/prosperidade-adiada-mas-merecida\/#breadcrumb\"},\"inLanguage\":\"pt-PT\",\"potentialAction\":[{\"@type\":\"ReadAction\",\"target\":[\"https:\/\/estadocomarte.pt\/site\/2024\/12\/30\/prosperidade-adiada-mas-merecida\/\"]}]},{\"@type\":\"ImageObject\",\"inLanguage\":\"pt-PT\",\"@id\":\"https:\/\/estadocomarte.pt\/site\/2024\/12\/30\/prosperidade-adiada-mas-merecida\/#primaryimage\",\"url\":\"https:\/\/estadocomarte.pt\/site\/wp-content\/uploads\/2023\/07\/lina-lopes.jpg\",\"contentUrl\":\"https:\/\/estadocomarte.pt\/site\/wp-content\/uploads\/2023\/07\/lina-lopes.jpg\",\"width\":593,\"height\":678},{\"@type\":\"BreadcrumbList\",\"@id\":\"https:\/\/estadocomarte.pt\/site\/2024\/12\/30\/prosperidade-adiada-mas-merecida\/#breadcrumb\",\"itemListElement\":[{\"@type\":\"ListItem\",\"position\":1,\"name\":\"In\u00edcio\",\"item\":\"https:\/\/estadocomarte.pt\/site\/\"},{\"@type\":\"ListItem\",\"position\":2,\"name\":\"Prosperidade adiada, mas merecida\"}]},{\"@type\":\"WebSite\",\"@id\":\"https:\/\/estadocomarte.pt\/site\/#website\",\"url\":\"https:\/\/estadocomarte.pt\/site\/\",\"name\":\"Estado com Arte Magazine\",\"description\":\"Magazine\",\"publisher\":{\"@id\":\"https:\/\/estadocomarte.pt\/site\/#organization\"},\"alternateName\":\"Magazine semanal sobre pol\u00edtica e cultura, com autores, opini\u00e3o e cr\u00edticas.\",\"potentialAction\":[{\"@type\":\"SearchAction\",\"target\":{\"@type\":\"EntryPoint\",\"urlTemplate\":\"https:\/\/estadocomarte.pt\/site\/?s={search_term_string}\"},\"query-input\":{\"@type\":\"PropertyValueSpecification\",\"valueRequired\":true,\"valueName\":\"search_term_string\"}}],\"inLanguage\":\"pt-PT\"},{\"@type\":\"Organization\",\"@id\":\"https:\/\/estadocomarte.pt\/site\/#organization\",\"name\":\"Estado com Arte Magazine\",\"alternateName\":\"Magazine semanal sobre pol\u00edtica e cultura, com autores, opini\u00e3o e cr\u00edticas.\",\"url\":\"https:\/\/estadocomarte.pt\/site\/\",\"logo\":{\"@type\":\"ImageObject\",\"inLanguage\":\"pt-PT\",\"@id\":\"https:\/\/estadocomarte.pt\/site\/#\/schema\/logo\/image\/\",\"url\":\"https:\/\/estadocomarte.pt\/site\/wp-content\/uploads\/2023\/06\/cropped-cropped-Prancheta-2@2x-100.jpg\",\"contentUrl\":\"https:\/\/estadocomarte.pt\/site\/wp-content\/uploads\/2023\/06\/cropped-cropped-Prancheta-2@2x-100.jpg\",\"width\":1777,\"height\":592,\"caption\":\"Estado com Arte Magazine\"},\"image\":{\"@id\":\"https:\/\/estadocomarte.pt\/site\/#\/schema\/logo\/image\/\"},\"sameAs\":[\"https:\/\/www.instagram.com\/estadocomartemagazine\"]},{\"@type\":\"Person\",\"@id\":\"https:\/\/estadocomarte.pt\/site\/#\/schema\/person\/c0943a071216c1e5b21f85304151e4ba\",\"name\":\"admin\",\"image\":{\"@type\":\"ImageObject\",\"inLanguage\":\"pt-PT\",\"@id\":\"https:\/\/estadocomarte.pt\/site\/#\/schema\/person\/image\/\",\"url\":\"https:\/\/secure.gravatar.com\/avatar\/e6f378fd6914c8505d3e1d40f51fa953b21bab0f3a5658a33bc84cb5bda780f9?s=96&d=mm&r=g\",\"contentUrl\":\"https:\/\/secure.gravatar.com\/avatar\/e6f378fd6914c8505d3e1d40f51fa953b21bab0f3a5658a33bc84cb5bda780f9?s=96&d=mm&r=g\",\"caption\":\"admin\"},\"sameAs\":[\"https:\/\/estadocomarte.pt\/site\"],\"url\":\"https:\/\/estadocomarte.pt\/site\/author\/admin\/\"}]}<\/script>\n<!-- \/ Yoast SEO plugin. -->","yoast_head_json":{"title":"Prosperidade adiada, mas merecida - Estado com Arte","robots":{"index":"index","follow":"follow","max-snippet":"max-snippet:-1","max-image-preview":"max-image-preview:large","max-video-preview":"max-video-preview:-1"},"canonical":"https:\/\/estadocomarte.pt\/site\/2024\/12\/30\/prosperidade-adiada-mas-merecida\/","og_locale":"pt_PT","og_type":"article","og_title":"Prosperidade adiada, mas merecida - Estado com Arte","og_description":"Lina Lopes,  ex-Deputada da Na\u00e7\u00e3o","og_url":"https:\/\/estadocomarte.pt\/site\/2024\/12\/30\/prosperidade-adiada-mas-merecida\/","og_site_name":"Estado com Arte","article_published_time":"2024-12-30T12:11:24+00:00","og_image":[{"width":593,"height":678,"url":"https:\/\/estadocomarte.pt\/site\/wp-content\/uploads\/2023\/07\/lina-lopes.jpg","type":"image\/jpeg"}],"author":"admin","twitter_card":"summary_large_image","twitter_misc":{"Escrito por":"admin","Tempo estimado de leitura":"4 minutos"},"schema":{"@context":"https:\/\/schema.org","@graph":[{"@type":"Article","@id":"https:\/\/estadocomarte.pt\/site\/2024\/12\/30\/prosperidade-adiada-mas-merecida\/#article","isPartOf":{"@id":"https:\/\/estadocomarte.pt\/site\/2024\/12\/30\/prosperidade-adiada-mas-merecida\/"},"author":{"name":"admin","@id":"https:\/\/estadocomarte.pt\/site\/#\/schema\/person\/c0943a071216c1e5b21f85304151e4ba"},"headline":"Prosperidade adiada, mas merecida","datePublished":"2024-12-30T12:11:24+00:00","mainEntityOfPage":{"@id":"https:\/\/estadocomarte.pt\/site\/2024\/12\/30\/prosperidade-adiada-mas-merecida\/"},"wordCount":655,"commentCount":0,"publisher":{"@id":"https:\/\/estadocomarte.pt\/site\/#organization"},"image":{"@id":"https:\/\/estadocomarte.pt\/site\/2024\/12\/30\/prosperidade-adiada-mas-merecida\/#primaryimage"},"thumbnailUrl":"https:\/\/estadocomarte.pt\/site\/wp-content\/uploads\/2023\/07\/lina-lopes.jpg","keywords":["2025","lina lopes","novo ano"],"articleSection":["Isto Para N\u00f3s","Vida de Estado"],"inLanguage":"pt-PT","potentialAction":[{"@type":"CommentAction","name":"Comment","target":["https:\/\/estadocomarte.pt\/site\/2024\/12\/30\/prosperidade-adiada-mas-merecida\/#respond"]}]},{"@type":"WebPage","@id":"https:\/\/estadocomarte.pt\/site\/2024\/12\/30\/prosperidade-adiada-mas-merecida\/","url":"https:\/\/estadocomarte.pt\/site\/2024\/12\/30\/prosperidade-adiada-mas-merecida\/","name":"Prosperidade adiada, mas merecida - Estado com Arte","isPartOf":{"@id":"https:\/\/estadocomarte.pt\/site\/#website"},"primaryImageOfPage":{"@id":"https:\/\/estadocomarte.pt\/site\/2024\/12\/30\/prosperidade-adiada-mas-merecida\/#primaryimage"},"image":{"@id":"https:\/\/estadocomarte.pt\/site\/2024\/12\/30\/prosperidade-adiada-mas-merecida\/#primaryimage"},"thumbnailUrl":"https:\/\/estadocomarte.pt\/site\/wp-content\/uploads\/2023\/07\/lina-lopes.jpg","datePublished":"2024-12-30T12:11:24+00:00","breadcrumb":{"@id":"https:\/\/estadocomarte.pt\/site\/2024\/12\/30\/prosperidade-adiada-mas-merecida\/#breadcrumb"},"inLanguage":"pt-PT","potentialAction":[{"@type":"ReadAction","target":["https:\/\/estadocomarte.pt\/site\/2024\/12\/30\/prosperidade-adiada-mas-merecida\/"]}]},{"@type":"ImageObject","inLanguage":"pt-PT","@id":"https:\/\/estadocomarte.pt\/site\/2024\/12\/30\/prosperidade-adiada-mas-merecida\/#primaryimage","url":"https:\/\/estadocomarte.pt\/site\/wp-content\/uploads\/2023\/07\/lina-lopes.jpg","contentUrl":"https:\/\/estadocomarte.pt\/site\/wp-content\/uploads\/2023\/07\/lina-lopes.jpg","width":593,"height":678},{"@type":"BreadcrumbList","@id":"https:\/\/estadocomarte.pt\/site\/2024\/12\/30\/prosperidade-adiada-mas-merecida\/#breadcrumb","itemListElement":[{"@type":"ListItem","position":1,"name":"In\u00edcio","item":"https:\/\/estadocomarte.pt\/site\/"},{"@type":"ListItem","position":2,"name":"Prosperidade adiada, mas merecida"}]},{"@type":"WebSite","@id":"https:\/\/estadocomarte.pt\/site\/#website","url":"https:\/\/estadocomarte.pt\/site\/","name":"Estado com Arte Magazine","description":"Magazine","publisher":{"@id":"https:\/\/estadocomarte.pt\/site\/#organization"},"alternateName":"Magazine semanal sobre pol\u00edtica e cultura, com autores, opini\u00e3o e cr\u00edticas.","potentialAction":[{"@type":"SearchAction","target":{"@type":"EntryPoint","urlTemplate":"https:\/\/estadocomarte.pt\/site\/?s={search_term_string}"},"query-input":{"@type":"PropertyValueSpecification","valueRequired":true,"valueName":"search_term_string"}}],"inLanguage":"pt-PT"},{"@type":"Organization","@id":"https:\/\/estadocomarte.pt\/site\/#organization","name":"Estado com Arte Magazine","alternateName":"Magazine semanal sobre pol\u00edtica e cultura, com autores, opini\u00e3o e cr\u00edticas.","url":"https:\/\/estadocomarte.pt\/site\/","logo":{"@type":"ImageObject","inLanguage":"pt-PT","@id":"https:\/\/estadocomarte.pt\/site\/#\/schema\/logo\/image\/","url":"https:\/\/estadocomarte.pt\/site\/wp-content\/uploads\/2023\/06\/cropped-cropped-Prancheta-2@2x-100.jpg","contentUrl":"https:\/\/estadocomarte.pt\/site\/wp-content\/uploads\/2023\/06\/cropped-cropped-Prancheta-2@2x-100.jpg","width":1777,"height":592,"caption":"Estado com Arte Magazine"},"image":{"@id":"https:\/\/estadocomarte.pt\/site\/#\/schema\/logo\/image\/"},"sameAs":["https:\/\/www.instagram.com\/estadocomartemagazine"]},{"@type":"Person","@id":"https:\/\/estadocomarte.pt\/site\/#\/schema\/person\/c0943a071216c1e5b21f85304151e4ba","name":"admin","image":{"@type":"ImageObject","inLanguage":"pt-PT","@id":"https:\/\/estadocomarte.pt\/site\/#\/schema\/person\/image\/","url":"https:\/\/secure.gravatar.com\/avatar\/e6f378fd6914c8505d3e1d40f51fa953b21bab0f3a5658a33bc84cb5bda780f9?s=96&d=mm&r=g","contentUrl":"https:\/\/secure.gravatar.com\/avatar\/e6f378fd6914c8505d3e1d40f51fa953b21bab0f3a5658a33bc84cb5bda780f9?s=96&d=mm&r=g","caption":"admin"},"sameAs":["https:\/\/estadocomarte.pt\/site"],"url":"https:\/\/estadocomarte.pt\/site\/author\/admin\/"}]}},"_links":{"self":[{"href":"https:\/\/estadocomarte.pt\/site\/wp-json\/wp\/v2\/posts\/7974","targetHints":{"allow":["GET"]}}],"collection":[{"href":"https:\/\/estadocomarte.pt\/site\/wp-json\/wp\/v2\/posts"}],"about":[{"href":"https:\/\/estadocomarte.pt\/site\/wp-json\/wp\/v2\/types\/post"}],"author":[{"embeddable":true,"href":"https:\/\/estadocomarte.pt\/site\/wp-json\/wp\/v2\/users\/1"}],"replies":[{"embeddable":true,"href":"https:\/\/estadocomarte.pt\/site\/wp-json\/wp\/v2\/comments?post=7974"}],"version-history":[{"count":0,"href":"https:\/\/estadocomarte.pt\/site\/wp-json\/wp\/v2\/posts\/7974\/revisions"}],"wp:featuredmedia":[{"embeddable":true,"href":"https:\/\/estadocomarte.pt\/site\/wp-json\/wp\/v2\/media\/1545"}],"wp:attachment":[{"href":"https:\/\/estadocomarte.pt\/site\/wp-json\/wp\/v2\/media?parent=7974"}],"wp:term":[{"taxonomy":"category","embeddable":true,"href":"https:\/\/estadocomarte.pt\/site\/wp-json\/wp\/v2\/categories?post=7974"},{"taxonomy":"post_tag","embeddable":true,"href":"https:\/\/estadocomarte.pt\/site\/wp-json\/wp\/v2\/tags?post=7974"}],"curies":[{"name":"wp","href":"https:\/\/api.w.org\/{rel}","templated":true}]}}