{"id":8111,"date":"2025-01-12T10:55:11","date_gmt":"2025-01-12T10:55:11","guid":{"rendered":"https:\/\/estadocomarte.pt\/site\/?p=8111"},"modified":"2025-01-12T14:27:58","modified_gmt":"2025-01-12T14:27:58","slug":"carla-tavares-objetivos-claros-uma-mulher-a-frente-do-ps-lisboa-para-recuperar-municipios-ao-psd","status":"publish","type":"post","link":"https:\/\/estadocomarte.pt\/site\/2025\/01\/12\/carla-tavares-objetivos-claros-uma-mulher-a-frente-do-ps-lisboa-para-recuperar-municipios-ao-psd\/","title":{"rendered":"Carla Tavares.  &#8220;Objetivos claros&#8221;: uma mulher \u00e0 frente do PS Lisboa para &#8220;recuperar&#8221; munic\u00edpios ao PSD"},"content":{"rendered":"<p><strong>A elei\u00e7\u00e3o de Carla Tavares a l\u00edder da FAUL\u00a0 altera o panorama das lideran\u00e7as das federa\u00e7\u00f5es do Partido Socialista: uma mulher vai gerir as candidaturas dos munic\u00edpios de Lisboa, Cascais, Oeiras e Mafra, que s\u00e3o liderados pelo PSD. Carla Tavares quer garantir que os restantes munic\u00edpios &#8220;t\u00eam os melhores resultados&#8221;, mantendo-se o PS a governar esses concelhos.<\/strong><\/p>\n<p>A eurodeputada Carla Tavares foi eleita para a lideran\u00e7a da Federa\u00e7\u00e3o da \u00c1rea Urbana de Lisboa (FAUL) do PS, esta sexta-feira, vencendo a candidatura de Miguel Prata Roque, numa elei\u00e7\u00e3o\u00a0 provocada pela demiss\u00e3o de Ricardo Le\u00e3o, ap\u00f3s uma pol\u00e9mica sobre o despejo de pessoas de habita\u00e7\u00f5es municipais em Loures.<\/p>\n<p>Carla Tavares, eurodeputada desde junho de 2024, era, at\u00e9 ent\u00e3o, presidente da C\u00e2mara Municipal da Amadora, cargo que ocupava desde 2013. Antes disso, tinha sido vice-presidente da autarquia desde 2002, com pelouros nas \u00e1reas da educa\u00e7\u00e3o, desporto, juventude, desenvolvimento social, recursos humanos e finan\u00e7as.<\/p>\n<p>O Estado com Arte Magazine sabe que das onze concelhias da FAUL Carla Tavares ganhou sete e Miguel Prata Roque ganhou tr\u00eas concelhias ( Cascais, Vila Franca e Mafra.)<\/p>\n<p>Alexandra Tavares de Moura, l\u00edder da assembleia municipal de Oeiras, apoiante de Carla Tavares, diz\u00a0 ao Estado com Arte Magazine que a Faul &#8220;est\u00e1 viva&#8221;. Sinal disso, foi o facto de existirem dois candidatos que apresentaram &#8220;as suas propostas e pensamento estrat\u00e9gico para a \u00e1rea urbana de Lisboa que inclui 11 munic\u00edpios.&#8221;<\/p>\n<p>Para a secret\u00e1ria nacional das Mulheres Socialistas &#8220;os resultados s\u00e3o claros. Reconhece-se na Carla Tavares a capacidade e a compet\u00eancia, j\u00e1 demonstradas \u00e0 frente do munic\u00edpio da Amadora e na lideran\u00e7a da \u00e1rea Metropolitana de Lisboa, para liderar a FAUL num ano muito exigente das elei\u00e7\u00f5es aut\u00e1rquicas.&#8221;<\/p>\n<figure id=\"attachment_6564\" aria-describedby=\"caption-attachment-6564\" style=\"width: 244px\" class=\"wp-caption alignleft\"><img fetchpriority=\"high\" decoding=\"async\" class=\"wp-image-6564 size-medium\" src=\"https:\/\/estadocomarte.pt\/site\/wp-content\/uploads\/2024\/09\/AlexandraTMoura-244x300.jpg\" alt=\"\" width=\"244\" height=\"300\" srcset=\"https:\/\/estadocomarte.pt\/site\/wp-content\/uploads\/2024\/09\/AlexandraTMoura-244x300.jpg 244w, https:\/\/estadocomarte.pt\/site\/wp-content\/uploads\/2024\/09\/AlexandraTMoura-832x1024.jpg 832w, https:\/\/estadocomarte.pt\/site\/wp-content\/uploads\/2024\/09\/AlexandraTMoura-768x945.jpg 768w, https:\/\/estadocomarte.pt\/site\/wp-content\/uploads\/2024\/09\/AlexandraTMoura.jpg 962w\" sizes=\"(max-width: 244px) 100vw, 244px\" \/><figcaption id=\"caption-attachment-6564\" class=\"wp-caption-text\">Alexandra Tavares de Moura, l\u00edder da assembleia municipal de Oeiras e secret\u00e1ria nacional das Mulheres Socialistas- Igualdades e Direitos, \u00e9 apoiante de Carla Tavares.<\/figcaption><\/figure>\n<p>A socialista considera que os objetivos de Carla Tavares &#8220;s\u00e3o claros, ou seja, ganhar as elei\u00e7\u00f5es aut\u00e1rquicas&#8221;, e &#8220;para este objetivo, os resultados da FAUL s\u00e3o muito relevantes&#8221;.<\/p>\n<p>&#8220;A nova presidente que conhece bem o partido, os protagonistas, os problemas dos diferentes munic\u00edpios, saber\u00e1, e est\u00e1, claro mandatada pelos votos das e dos militantes, para encontrar as melhores solu\u00e7\u00f5es para os diferentes territ\u00f3rios reconhecendo, sempre, a import\u00e2ncia das estruturas locais,&#8221; responde ATM ao Estado com Arte Magazine.<\/p>\n<p>A elei\u00e7\u00e3o da Carla Tavares altera o panorama das lideran\u00e7as das federa\u00e7\u00f5es do Partido Socialista, foi eleita uma &#8220;mulher para gerir as candidaturas aos munic\u00edpios de Lisboa, Cascais, Oeiras e Mafra, que s\u00e3o liderados pelo PSD, e quer garantir que os restantes munic\u00edpios t\u00eam os melhores resultados, mantendo-se o PS a governar esses concelhos.&#8221;<\/p>\n<p>A l\u00edder da assembleia municipal de Oeiras admite que &#8220;n\u00e3o \u00e9 uma tarefa f\u00e1cil, mas acredita que Carla Tavares &#8220;saber\u00e1 contribuir para um bom resultado do PS&#8221;.<\/p>\n","protected":false},"excerpt":{"rendered":"<p>Marta Roque<\/p>\n","protected":false},"author":1,"featured_media":8112,"comment_status":"open","ping_status":"open","sticky":false,"template":"","format":"standard","meta":{"site-sidebar-layout":"default","site-content-layout":"default","ast-global-header-display":"","ast-banner-title-visibility":"","ast-main-header-display":"","ast-hfb-above-header-display":"","ast-hfb-below-header-display":"","ast-hfb-mobile-header-display":"","site-post-title":"","ast-breadcrumbs-content":"","ast-featured-img":"","footer-sml-layout":"","theme-transparent-header-meta":"default","adv-header-id-meta":"","stick-header-meta":"","header-above-stick-meta":"","header-main-stick-meta":"","header-below-stick-meta":"","footnotes":""},"categories":[4],"tags":[227,605,604,152],"class_list":["post-8111","post","type-post","status-publish","format-standard","has-post-thumbnail","hentry","category-politica","tag-alexandra-tavares-de-moura","tag-carla-tavares","tag-faul","tag-ps"],"yoast_head":"<!-- This site is optimized with the Yoast SEO plugin v25.1 - https:\/\/yoast.com\/wordpress\/plugins\/seo\/ -->\n<title>Carla Tavares. &quot;Objetivos claros&quot;: uma mulher \u00e0 frente do PS Lisboa para &quot;recuperar&quot; munic\u00edpios ao PSD - Estado com Arte<\/title>\n<meta name=\"robots\" content=\"index, follow, max-snippet:-1, max-image-preview:large, max-video-preview:-1\" \/>\n<link rel=\"canonical\" href=\"https:\/\/estadocomarte.pt\/site\/2025\/01\/12\/carla-tavares-objetivos-claros-uma-mulher-a-frente-do-ps-lisboa-para-recuperar-municipios-ao-psd\/\" \/>\n<meta property=\"og:locale\" content=\"pt_PT\" \/>\n<meta property=\"og:type\" content=\"article\" \/>\n<meta property=\"og:title\" content=\"Carla Tavares. &quot;Objetivos claros&quot;: uma mulher \u00e0 frente do PS Lisboa para &quot;recuperar&quot; munic\u00edpios ao PSD - Estado com Arte\" \/>\n<meta property=\"og:description\" content=\"Marta Roque\" \/>\n<meta property=\"og:url\" content=\"https:\/\/estadocomarte.pt\/site\/2025\/01\/12\/carla-tavares-objetivos-claros-uma-mulher-a-frente-do-ps-lisboa-para-recuperar-municipios-ao-psd\/\" \/>\n<meta property=\"og:site_name\" content=\"Estado com Arte\" \/>\n<meta property=\"article:published_time\" content=\"2025-01-12T10:55:11+00:00\" \/>\n<meta property=\"article:modified_time\" content=\"2025-01-12T14:27:58+00:00\" \/>\n<meta property=\"og:image\" content=\"https:\/\/estadocomarte.pt\/site\/wp-content\/uploads\/2025\/01\/carlatavares-autarca-amadora-1.png\" \/>\n\t<meta property=\"og:image:width\" content=\"350\" \/>\n\t<meta property=\"og:image:height\" content=\"450\" \/>\n\t<meta property=\"og:image:type\" content=\"image\/png\" \/>\n<meta name=\"author\" content=\"admin\" \/>\n<meta name=\"twitter:card\" content=\"summary_large_image\" \/>\n<meta name=\"twitter:label1\" content=\"Escrito por\" \/>\n\t<meta name=\"twitter:data1\" content=\"admin\" \/>\n\t<meta name=\"twitter:label2\" content=\"Tempo estimado de leitura\" \/>\n\t<meta name=\"twitter:data2\" content=\"3 minutos\" \/>\n<script type=\"application\/ld+json\" class=\"yoast-schema-graph\">{\"@context\":\"https:\/\/schema.org\",\"@graph\":[{\"@type\":\"Article\",\"@id\":\"https:\/\/estadocomarte.pt\/site\/2025\/01\/12\/carla-tavares-objetivos-claros-uma-mulher-a-frente-do-ps-lisboa-para-recuperar-municipios-ao-psd\/#article\",\"isPartOf\":{\"@id\":\"https:\/\/estadocomarte.pt\/site\/2025\/01\/12\/carla-tavares-objetivos-claros-uma-mulher-a-frente-do-ps-lisboa-para-recuperar-municipios-ao-psd\/\"},\"author\":{\"name\":\"admin\",\"@id\":\"https:\/\/estadocomarte.pt\/site\/#\/schema\/person\/c0943a071216c1e5b21f85304151e4ba\"},\"headline\":\"Carla Tavares. &#8220;Objetivos claros&#8221;: uma mulher \u00e0 frente do PS Lisboa para &#8220;recuperar&#8221; munic\u00edpios ao PSD\",\"datePublished\":\"2025-01-12T10:55:11+00:00\",\"dateModified\":\"2025-01-12T14:27:58+00:00\",\"mainEntityOfPage\":{\"@id\":\"https:\/\/estadocomarte.pt\/site\/2025\/01\/12\/carla-tavares-objetivos-claros-uma-mulher-a-frente-do-ps-lisboa-para-recuperar-municipios-ao-psd\/\"},\"wordCount\":526,\"commentCount\":0,\"publisher\":{\"@id\":\"https:\/\/estadocomarte.pt\/site\/#organization\"},\"image\":{\"@id\":\"https:\/\/estadocomarte.pt\/site\/2025\/01\/12\/carla-tavares-objetivos-claros-uma-mulher-a-frente-do-ps-lisboa-para-recuperar-municipios-ao-psd\/#primaryimage\"},\"thumbnailUrl\":\"https:\/\/estadocomarte.pt\/site\/wp-content\/uploads\/2025\/01\/carlatavares-autarca-amadora-1.png\",\"keywords\":[\"Alexandra Tavares de Moura\",\"Carla Tavares\",\"FAUL\",\"PS\"],\"articleSection\":[\"Pol\u00edtica\"],\"inLanguage\":\"pt-PT\",\"potentialAction\":[{\"@type\":\"CommentAction\",\"name\":\"Comment\",\"target\":[\"https:\/\/estadocomarte.pt\/site\/2025\/01\/12\/carla-tavares-objetivos-claros-uma-mulher-a-frente-do-ps-lisboa-para-recuperar-municipios-ao-psd\/#respond\"]}]},{\"@type\":\"WebPage\",\"@id\":\"https:\/\/estadocomarte.pt\/site\/2025\/01\/12\/carla-tavares-objetivos-claros-uma-mulher-a-frente-do-ps-lisboa-para-recuperar-municipios-ao-psd\/\",\"url\":\"https:\/\/estadocomarte.pt\/site\/2025\/01\/12\/carla-tavares-objetivos-claros-uma-mulher-a-frente-do-ps-lisboa-para-recuperar-municipios-ao-psd\/\",\"name\":\"Carla Tavares. \\\"Objetivos claros\\\": uma mulher \u00e0 frente do PS Lisboa para \\\"recuperar\\\" munic\u00edpios ao PSD - Estado com Arte\",\"isPartOf\":{\"@id\":\"https:\/\/estadocomarte.pt\/site\/#website\"},\"primaryImageOfPage\":{\"@id\":\"https:\/\/estadocomarte.pt\/site\/2025\/01\/12\/carla-tavares-objetivos-claros-uma-mulher-a-frente-do-ps-lisboa-para-recuperar-municipios-ao-psd\/#primaryimage\"},\"image\":{\"@id\":\"https:\/\/estadocomarte.pt\/site\/2025\/01\/12\/carla-tavares-objetivos-claros-uma-mulher-a-frente-do-ps-lisboa-para-recuperar-municipios-ao-psd\/#primaryimage\"},\"thumbnailUrl\":\"https:\/\/estadocomarte.pt\/site\/wp-content\/uploads\/2025\/01\/carlatavares-autarca-amadora-1.png\",\"datePublished\":\"2025-01-12T10:55:11+00:00\",\"dateModified\":\"2025-01-12T14:27:58+00:00\",\"breadcrumb\":{\"@id\":\"https:\/\/estadocomarte.pt\/site\/2025\/01\/12\/carla-tavares-objetivos-claros-uma-mulher-a-frente-do-ps-lisboa-para-recuperar-municipios-ao-psd\/#breadcrumb\"},\"inLanguage\":\"pt-PT\",\"potentialAction\":[{\"@type\":\"ReadAction\",\"target\":[\"https:\/\/estadocomarte.pt\/site\/2025\/01\/12\/carla-tavares-objetivos-claros-uma-mulher-a-frente-do-ps-lisboa-para-recuperar-municipios-ao-psd\/\"]}]},{\"@type\":\"ImageObject\",\"inLanguage\":\"pt-PT\",\"@id\":\"https:\/\/estadocomarte.pt\/site\/2025\/01\/12\/carla-tavares-objetivos-claros-uma-mulher-a-frente-do-ps-lisboa-para-recuperar-municipios-ao-psd\/#primaryimage\",\"url\":\"https:\/\/estadocomarte.pt\/site\/wp-content\/uploads\/2025\/01\/carlatavares-autarca-amadora-1.png\",\"contentUrl\":\"https:\/\/estadocomarte.pt\/site\/wp-content\/uploads\/2025\/01\/carlatavares-autarca-amadora-1.png\",\"width\":350,\"height\":450},{\"@type\":\"BreadcrumbList\",\"@id\":\"https:\/\/estadocomarte.pt\/site\/2025\/01\/12\/carla-tavares-objetivos-claros-uma-mulher-a-frente-do-ps-lisboa-para-recuperar-municipios-ao-psd\/#breadcrumb\",\"itemListElement\":[{\"@type\":\"ListItem\",\"position\":1,\"name\":\"In\u00edcio\",\"item\":\"https:\/\/estadocomarte.pt\/site\/\"},{\"@type\":\"ListItem\",\"position\":2,\"name\":\"Carla Tavares. &#8220;Objetivos claros&#8221;: uma mulher \u00e0 frente do PS Lisboa para &#8220;recuperar&#8221; munic\u00edpios ao PSD\"}]},{\"@type\":\"WebSite\",\"@id\":\"https:\/\/estadocomarte.pt\/site\/#website\",\"url\":\"https:\/\/estadocomarte.pt\/site\/\",\"name\":\"Estado com Arte Magazine\",\"description\":\"Magazine\",\"publisher\":{\"@id\":\"https:\/\/estadocomarte.pt\/site\/#organization\"},\"alternateName\":\"Magazine semanal sobre pol\u00edtica e cultura, com autores, opini\u00e3o e cr\u00edticas.\",\"potentialAction\":[{\"@type\":\"SearchAction\",\"target\":{\"@type\":\"EntryPoint\",\"urlTemplate\":\"https:\/\/estadocomarte.pt\/site\/?s={search_term_string}\"},\"query-input\":{\"@type\":\"PropertyValueSpecification\",\"valueRequired\":true,\"valueName\":\"search_term_string\"}}],\"inLanguage\":\"pt-PT\"},{\"@type\":\"Organization\",\"@id\":\"https:\/\/estadocomarte.pt\/site\/#organization\",\"name\":\"Estado com Arte Magazine\",\"alternateName\":\"Magazine semanal sobre pol\u00edtica e cultura, com autores, opini\u00e3o e cr\u00edticas.\",\"url\":\"https:\/\/estadocomarte.pt\/site\/\",\"logo\":{\"@type\":\"ImageObject\",\"inLanguage\":\"pt-PT\",\"@id\":\"https:\/\/estadocomarte.pt\/site\/#\/schema\/logo\/image\/\",\"url\":\"https:\/\/estadocomarte.pt\/site\/wp-content\/uploads\/2023\/06\/cropped-cropped-Prancheta-2@2x-100.jpg\",\"contentUrl\":\"https:\/\/estadocomarte.pt\/site\/wp-content\/uploads\/2023\/06\/cropped-cropped-Prancheta-2@2x-100.jpg\",\"width\":1777,\"height\":592,\"caption\":\"Estado com Arte Magazine\"},\"image\":{\"@id\":\"https:\/\/estadocomarte.pt\/site\/#\/schema\/logo\/image\/\"},\"sameAs\":[\"https:\/\/www.instagram.com\/estadocomartemagazine\"]},{\"@type\":\"Person\",\"@id\":\"https:\/\/estadocomarte.pt\/site\/#\/schema\/person\/c0943a071216c1e5b21f85304151e4ba\",\"name\":\"admin\",\"image\":{\"@type\":\"ImageObject\",\"inLanguage\":\"pt-PT\",\"@id\":\"https:\/\/estadocomarte.pt\/site\/#\/schema\/person\/image\/\",\"url\":\"https:\/\/secure.gravatar.com\/avatar\/e6f378fd6914c8505d3e1d40f51fa953b21bab0f3a5658a33bc84cb5bda780f9?s=96&d=mm&r=g\",\"contentUrl\":\"https:\/\/secure.gravatar.com\/avatar\/e6f378fd6914c8505d3e1d40f51fa953b21bab0f3a5658a33bc84cb5bda780f9?s=96&d=mm&r=g\",\"caption\":\"admin\"},\"sameAs\":[\"https:\/\/estadocomarte.pt\/site\"],\"url\":\"https:\/\/estadocomarte.pt\/site\/author\/admin\/\"}]}<\/script>\n<!-- \/ Yoast SEO plugin. -->","yoast_head_json":{"title":"Carla Tavares. \"Objetivos claros\": uma mulher \u00e0 frente do PS Lisboa para \"recuperar\" munic\u00edpios ao PSD - Estado com Arte","robots":{"index":"index","follow":"follow","max-snippet":"max-snippet:-1","max-image-preview":"max-image-preview:large","max-video-preview":"max-video-preview:-1"},"canonical":"https:\/\/estadocomarte.pt\/site\/2025\/01\/12\/carla-tavares-objetivos-claros-uma-mulher-a-frente-do-ps-lisboa-para-recuperar-municipios-ao-psd\/","og_locale":"pt_PT","og_type":"article","og_title":"Carla Tavares. \"Objetivos claros\": uma mulher \u00e0 frente do PS Lisboa para \"recuperar\" munic\u00edpios ao PSD - Estado com Arte","og_description":"Marta Roque","og_url":"https:\/\/estadocomarte.pt\/site\/2025\/01\/12\/carla-tavares-objetivos-claros-uma-mulher-a-frente-do-ps-lisboa-para-recuperar-municipios-ao-psd\/","og_site_name":"Estado com Arte","article_published_time":"2025-01-12T10:55:11+00:00","article_modified_time":"2025-01-12T14:27:58+00:00","og_image":[{"width":350,"height":450,"url":"https:\/\/estadocomarte.pt\/site\/wp-content\/uploads\/2025\/01\/carlatavares-autarca-amadora-1.png","type":"image\/png"}],"author":"admin","twitter_card":"summary_large_image","twitter_misc":{"Escrito por":"admin","Tempo estimado de leitura":"3 minutos"},"schema":{"@context":"https:\/\/schema.org","@graph":[{"@type":"Article","@id":"https:\/\/estadocomarte.pt\/site\/2025\/01\/12\/carla-tavares-objetivos-claros-uma-mulher-a-frente-do-ps-lisboa-para-recuperar-municipios-ao-psd\/#article","isPartOf":{"@id":"https:\/\/estadocomarte.pt\/site\/2025\/01\/12\/carla-tavares-objetivos-claros-uma-mulher-a-frente-do-ps-lisboa-para-recuperar-municipios-ao-psd\/"},"author":{"name":"admin","@id":"https:\/\/estadocomarte.pt\/site\/#\/schema\/person\/c0943a071216c1e5b21f85304151e4ba"},"headline":"Carla Tavares. &#8220;Objetivos claros&#8221;: uma mulher \u00e0 frente do PS Lisboa para &#8220;recuperar&#8221; munic\u00edpios ao PSD","datePublished":"2025-01-12T10:55:11+00:00","dateModified":"2025-01-12T14:27:58+00:00","mainEntityOfPage":{"@id":"https:\/\/estadocomarte.pt\/site\/2025\/01\/12\/carla-tavares-objetivos-claros-uma-mulher-a-frente-do-ps-lisboa-para-recuperar-municipios-ao-psd\/"},"wordCount":526,"commentCount":0,"publisher":{"@id":"https:\/\/estadocomarte.pt\/site\/#organization"},"image":{"@id":"https:\/\/estadocomarte.pt\/site\/2025\/01\/12\/carla-tavares-objetivos-claros-uma-mulher-a-frente-do-ps-lisboa-para-recuperar-municipios-ao-psd\/#primaryimage"},"thumbnailUrl":"https:\/\/estadocomarte.pt\/site\/wp-content\/uploads\/2025\/01\/carlatavares-autarca-amadora-1.png","keywords":["Alexandra Tavares de Moura","Carla Tavares","FAUL","PS"],"articleSection":["Pol\u00edtica"],"inLanguage":"pt-PT","potentialAction":[{"@type":"CommentAction","name":"Comment","target":["https:\/\/estadocomarte.pt\/site\/2025\/01\/12\/carla-tavares-objetivos-claros-uma-mulher-a-frente-do-ps-lisboa-para-recuperar-municipios-ao-psd\/#respond"]}]},{"@type":"WebPage","@id":"https:\/\/estadocomarte.pt\/site\/2025\/01\/12\/carla-tavares-objetivos-claros-uma-mulher-a-frente-do-ps-lisboa-para-recuperar-municipios-ao-psd\/","url":"https:\/\/estadocomarte.pt\/site\/2025\/01\/12\/carla-tavares-objetivos-claros-uma-mulher-a-frente-do-ps-lisboa-para-recuperar-municipios-ao-psd\/","name":"Carla Tavares. \"Objetivos claros\": uma mulher \u00e0 frente do PS Lisboa para \"recuperar\" munic\u00edpios ao PSD - Estado com Arte","isPartOf":{"@id":"https:\/\/estadocomarte.pt\/site\/#website"},"primaryImageOfPage":{"@id":"https:\/\/estadocomarte.pt\/site\/2025\/01\/12\/carla-tavares-objetivos-claros-uma-mulher-a-frente-do-ps-lisboa-para-recuperar-municipios-ao-psd\/#primaryimage"},"image":{"@id":"https:\/\/estadocomarte.pt\/site\/2025\/01\/12\/carla-tavares-objetivos-claros-uma-mulher-a-frente-do-ps-lisboa-para-recuperar-municipios-ao-psd\/#primaryimage"},"thumbnailUrl":"https:\/\/estadocomarte.pt\/site\/wp-content\/uploads\/2025\/01\/carlatavares-autarca-amadora-1.png","datePublished":"2025-01-12T10:55:11+00:00","dateModified":"2025-01-12T14:27:58+00:00","breadcrumb":{"@id":"https:\/\/estadocomarte.pt\/site\/2025\/01\/12\/carla-tavares-objetivos-claros-uma-mulher-a-frente-do-ps-lisboa-para-recuperar-municipios-ao-psd\/#breadcrumb"},"inLanguage":"pt-PT","potentialAction":[{"@type":"ReadAction","target":["https:\/\/estadocomarte.pt\/site\/2025\/01\/12\/carla-tavares-objetivos-claros-uma-mulher-a-frente-do-ps-lisboa-para-recuperar-municipios-ao-psd\/"]}]},{"@type":"ImageObject","inLanguage":"pt-PT","@id":"https:\/\/estadocomarte.pt\/site\/2025\/01\/12\/carla-tavares-objetivos-claros-uma-mulher-a-frente-do-ps-lisboa-para-recuperar-municipios-ao-psd\/#primaryimage","url":"https:\/\/estadocomarte.pt\/site\/wp-content\/uploads\/2025\/01\/carlatavares-autarca-amadora-1.png","contentUrl":"https:\/\/estadocomarte.pt\/site\/wp-content\/uploads\/2025\/01\/carlatavares-autarca-amadora-1.png","width":350,"height":450},{"@type":"BreadcrumbList","@id":"https:\/\/estadocomarte.pt\/site\/2025\/01\/12\/carla-tavares-objetivos-claros-uma-mulher-a-frente-do-ps-lisboa-para-recuperar-municipios-ao-psd\/#breadcrumb","itemListElement":[{"@type":"ListItem","position":1,"name":"In\u00edcio","item":"https:\/\/estadocomarte.pt\/site\/"},{"@type":"ListItem","position":2,"name":"Carla Tavares. &#8220;Objetivos claros&#8221;: uma mulher \u00e0 frente do PS Lisboa para &#8220;recuperar&#8221; munic\u00edpios ao PSD"}]},{"@type":"WebSite","@id":"https:\/\/estadocomarte.pt\/site\/#website","url":"https:\/\/estadocomarte.pt\/site\/","name":"Estado com Arte Magazine","description":"Magazine","publisher":{"@id":"https:\/\/estadocomarte.pt\/site\/#organization"},"alternateName":"Magazine semanal sobre pol\u00edtica e cultura, com autores, opini\u00e3o e cr\u00edticas.","potentialAction":[{"@type":"SearchAction","target":{"@type":"EntryPoint","urlTemplate":"https:\/\/estadocomarte.pt\/site\/?s={search_term_string}"},"query-input":{"@type":"PropertyValueSpecification","valueRequired":true,"valueName":"search_term_string"}}],"inLanguage":"pt-PT"},{"@type":"Organization","@id":"https:\/\/estadocomarte.pt\/site\/#organization","name":"Estado com Arte Magazine","alternateName":"Magazine semanal sobre pol\u00edtica e cultura, com autores, opini\u00e3o e cr\u00edticas.","url":"https:\/\/estadocomarte.pt\/site\/","logo":{"@type":"ImageObject","inLanguage":"pt-PT","@id":"https:\/\/estadocomarte.pt\/site\/#\/schema\/logo\/image\/","url":"https:\/\/estadocomarte.pt\/site\/wp-content\/uploads\/2023\/06\/cropped-cropped-Prancheta-2@2x-100.jpg","contentUrl":"https:\/\/estadocomarte.pt\/site\/wp-content\/uploads\/2023\/06\/cropped-cropped-Prancheta-2@2x-100.jpg","width":1777,"height":592,"caption":"Estado com Arte Magazine"},"image":{"@id":"https:\/\/estadocomarte.pt\/site\/#\/schema\/logo\/image\/"},"sameAs":["https:\/\/www.instagram.com\/estadocomartemagazine"]},{"@type":"Person","@id":"https:\/\/estadocomarte.pt\/site\/#\/schema\/person\/c0943a071216c1e5b21f85304151e4ba","name":"admin","image":{"@type":"ImageObject","inLanguage":"pt-PT","@id":"https:\/\/estadocomarte.pt\/site\/#\/schema\/person\/image\/","url":"https:\/\/secure.gravatar.com\/avatar\/e6f378fd6914c8505d3e1d40f51fa953b21bab0f3a5658a33bc84cb5bda780f9?s=96&d=mm&r=g","contentUrl":"https:\/\/secure.gravatar.com\/avatar\/e6f378fd6914c8505d3e1d40f51fa953b21bab0f3a5658a33bc84cb5bda780f9?s=96&d=mm&r=g","caption":"admin"},"sameAs":["https:\/\/estadocomarte.pt\/site"],"url":"https:\/\/estadocomarte.pt\/site\/author\/admin\/"}]}},"_links":{"self":[{"href":"https:\/\/estadocomarte.pt\/site\/wp-json\/wp\/v2\/posts\/8111","targetHints":{"allow":["GET"]}}],"collection":[{"href":"https:\/\/estadocomarte.pt\/site\/wp-json\/wp\/v2\/posts"}],"about":[{"href":"https:\/\/estadocomarte.pt\/site\/wp-json\/wp\/v2\/types\/post"}],"author":[{"embeddable":true,"href":"https:\/\/estadocomarte.pt\/site\/wp-json\/wp\/v2\/users\/1"}],"replies":[{"embeddable":true,"href":"https:\/\/estadocomarte.pt\/site\/wp-json\/wp\/v2\/comments?post=8111"}],"version-history":[{"count":0,"href":"https:\/\/estadocomarte.pt\/site\/wp-json\/wp\/v2\/posts\/8111\/revisions"}],"wp:featuredmedia":[{"embeddable":true,"href":"https:\/\/estadocomarte.pt\/site\/wp-json\/wp\/v2\/media\/8112"}],"wp:attachment":[{"href":"https:\/\/estadocomarte.pt\/site\/wp-json\/wp\/v2\/media?parent=8111"}],"wp:term":[{"taxonomy":"category","embeddable":true,"href":"https:\/\/estadocomarte.pt\/site\/wp-json\/wp\/v2\/categories?post=8111"},{"taxonomy":"post_tag","embeddable":true,"href":"https:\/\/estadocomarte.pt\/site\/wp-json\/wp\/v2\/tags?post=8111"}],"curies":[{"name":"wp","href":"https:\/\/api.w.org\/{rel}","templated":true}]}}