{"id":8185,"date":"2025-01-16T17:44:43","date_gmt":"2025-01-16T17:44:43","guid":{"rendered":"https:\/\/estadocomarte.pt\/site\/?p=8185"},"modified":"2025-01-16T17:44:43","modified_gmt":"2025-01-16T17:44:43","slug":"conto-noite-de-insonia","status":"publish","type":"post","link":"https:\/\/estadocomarte.pt\/site\/2025\/01\/16\/conto-noite-de-insonia\/","title":{"rendered":"Conto. Noite de ins\u00f3nia"},"content":{"rendered":"<p><strong>Naquela noite, Patr\u00edcia n\u00e3o conseguia dormir. Dava voltas e reviravoltas na cama, mas tinha um frio imenso que vinha de dentro e por mais meias e agasalhos que pusesse, nada a aquecia. O marido bem sabia a raz\u00e3o por que ela n\u00e3o dormia. J\u00e1 tinham falado muitas vezes sobre o tema\u2026 e sempre lhe dissera que pesasse a quest\u00e3o e simplesmente procedesse de acordo com a sua consci\u00eancia. Que n\u00e3o se preocupasse, se acaso perdesse o respeito dos pares e at\u00e9 o emprego\u2026<\/strong><\/p>\n<p>Em dado momento, percebendo que ela n\u00e3o dormia, Jo\u00e3o fez-lhe uma festa, aconselhou-a a que tomasse um leite quente e, voltando-se para o outro lado, logo adormeceu profundamente, no sono dos justos. Era um homem pragm\u00e1tico. N\u00e3o ficava a remoer, \u2018fa\u00e7o, n\u00e3o fa\u00e7o? Digo, n\u00e3o digo?\u2019 Tomava decis\u00f5es r\u00e1pidas e quando chegado o momento, punha-as em pr\u00e1tica, sem mais delongas ou hesita\u00e7\u00f5es!<br \/>\nPatr\u00edcia, por\u00e9m, n\u00e3o era nada assim\u2026eram t\u00e3o diferentes!<\/p>\n<p>Suspirou, levantou-se, sem ru\u00eddo, vestiu o roup\u00e3o e foi para a sala, sentar-se no sof\u00e1, junto ao aquecedor, \u00e0s escuras. O tempo passava, mas a ins\u00f3nia persistia. Depois, levantou-se de novo, foi espreitar os dois filhos de onze e dez anos e a filha mais nova, de tr\u00eas, que dormiam tranquilamente nos seus quartos; aconchegou-lhes a roupa, bebeu um leite quente na cozinha e voltou para a sala.<\/p>\n<p>Na manh\u00e3 seguinte teria vota\u00e7\u00f5es no Parlamento. Sabia que era a \u00fanica na bancada do seu partido, a querer votar diferente, o que requeria uma coragem que receava faltar-lhe \u00e0 \u00faltima hora\u2026 mas ela era contra!<br \/>\nN\u00e3o podia aceitar a posi\u00e7\u00e3o do seu pr\u00f3prio partido. Na verdade, bem sabia que nem sempre pensara assim. Agora, por\u00e9m, envergonhava-se, ao lembrar-se de como, na sua juventude, apoiara o movimento das mulheres que pretendiam legalizar o aborto. At\u00e9 andara a recolher assinaturas\u2026<\/p>\n<p>Agora era cada vez mais dif\u00edcil explicar aos colegas de partido como fora mudando em tanta coisa, num processo gradual de convers\u00e3o pessoal, por influ\u00eancia de amigos cat\u00f3licos com quem se cruzara na vida hospitalar\u2026<\/p>\n<p>Ningu\u00e9m entre os seus companheiros de bancada entendia as suas raz\u00f5es, pois achavam que a vida e o sofrimento de qualquer mulher valiam muito mais que a vida de uma \u2018coisa\u2019 no seu in\u00edcio, sem autonomia, um simples embri\u00e3o, ou mesmo um feto; al\u00e9m disso, diziam eles, que as mulheres pobres iriam continuar a fazer aborto para l\u00e1 da data legal e sem condi\u00e7\u00f5es de sa\u00fade a que tinham direito, correndo perigo de vida.<\/p>\n<p>Patr\u00edcia apresentara argumentos, artigos, hist\u00f3rias de mulheres arrependidas, mas eles continuavam cegos \u00e0 defesa da vida inocente. Propunha-lhes outras medidas de apoio \u00e0s mulheres em s\u00e9rias dificuldades, mas eles n\u00e3o queriam ouvir.<\/p>\n<p>Como m\u00e9dica, dissera-lhes v\u00e1rias vezes que o aborto n\u00e3o podia ser usado ou encarado como anti-conceptivo, e que muitos defensores do aborto se tinham arrependido, desde que tinham aparecido as primeiras ecografias provando a exist\u00eancia e r\u00e1pido desenvolvimento de vida intra-uterina\u2026 mas eles riam-se, ou zangavam-se at\u00e9\u2026<br \/>\nPatr\u00edcia fora gozada, ignorada, olhada com esc\u00e1rnio e ouvira mesmo os que lhe diziam que pensasse bem, porque se era assim t\u00e3o \u2018beata\u2019 agora, ent\u00e3o se calhar estava mesmo na bancada errada e enganada no partido\u2026 \u2018n\u00e3o seria melhor ir para um convento\u2019???- perguntavam-lhe, tro\u00e7ando.<\/p>\n<p>Patr\u00edcia pensava agora, se n\u00e3o estaria de facto, no local errado?<\/p>\n<p>N\u00e3o, o convento n\u00e3o era decididamente o seu local, bem o sabia, at\u00e9 porque era casada e m\u00e3e de fam\u00edlia, mas poderia ser \u00fatil \u00e0 sociedade e fiel \u00e0 verdade dos seus princ\u00edpios, trabalhando noutros locais\u2026<br \/>\nAfinal, deixara o exerc\u00edcio da Medicina para servir o pa\u00eds e o partido, ali no Parlamento, como representante do povo.<\/p>\n<p>Por\u00e9m, continuava a manter uma certa pureza de ideais que, cada vez mais, se revelavam incompat\u00edveis com v\u00e1rias posi\u00e7\u00f5es da sua bancada\u2026do partido em que se filiara h\u00e1 tantos anos, cheia de idealismo.<br \/>\nA defesa da vida de um inocente era agora para ela, claramente, um tema em que n\u00e3o podia transigir\u2026s\u00f3 que quem mudara fora ela, apenas ela, e n\u00e3o os outros!<\/p>\n<p>Patr\u00edcia guardava na mente para sempre a imagem n\u00edtida do dia em que come\u00e7ara a mudar \u2026 lembrava-se bem daquela garota de 15 anos, que um dia encontrara, em pranto convulsivo, \u00e0 porta de casa de uma enfermeira parteira, no pr\u00e9dio em frente aquele onde vivia. N\u00e3o conseguira ficar indiferente. Aproximara-se e perguntara o que poderia fazer por ela. A garota contara-lhe a sua hist\u00f3ria: estava gr\u00e1vida de tr\u00eas meses, desesperada, porque o namorado a deixara e os pais ao saberem da gravidez j\u00e1 n\u00e3o a queriam em casa\u2026e por isso, ali estava ela, sozinha, \u00e0 espera de ser chamada para fazer um aborto, que a m\u00e3e lhe marcara, mas que ela n\u00e3o queria fazer.<\/p>\n<p>Sabia que n\u00e3o seria recebida em casa se n\u00e3o o fizesse, mas estava muito assustada e sobretudo, sabia perfeitamente que ia matar um beb\u00e9 indefeso.<br \/>\nPatr\u00edcia era uma mulher muito humana. Ouviu a jovem com aten\u00e7\u00e3o, acarinhou-a, acalmou-a, e naquela tarde levou-a para sua casa.<\/p>\n<p>Como m\u00e9dica, e m\u00e3e de um segundo beb\u00e9, com escassos onze meses de diferen\u00e7a do primeiro filho, compreendera bem a ang\u00fastia da garota e sentira-se muito pr\u00f3xima dela. Falara com o marido sobre a melhor forma de a ajudarem. Depois, telefonara \u00e0 m\u00e3e e pedira-lhe se podia acolher aquela menina durante algum tempo, explicando-lhe a situa\u00e7\u00e3o. A m\u00e3e era vi\u00fava, vivia sozinha, e como boa senhora, de imediato aceitara a proposta. Entretanto, j\u00e1 veriam, como reatar a rela\u00e7\u00e3o da jovem com os pais da jovem, mas at\u00e9 tudo se pacificar, ela teria um abrigo, comida e carinho. N\u00e3o a abandonariam! E de facto, n\u00e3o a abandonaram!<\/p>\n<p>Patr\u00edcia nunca mais esquecera aquela cena, por mais anos que passassem\u2026e naquela noite, tinha aquelas imagens muito vivas\u2026quando voltou para a cama, estava firmemente decidida a ser fiel \u00e0 sua consci\u00eancia.<br \/>\nFaria uma declara\u00e7\u00e3o de voto e abandonaria nesse momento o hemiciclo e o partido\u2026<\/p>\n<p>O sol raiava, quando Patr\u00edcia se levantou, com apenas duas horas de sono&#8230;<br \/>\nAo pequeno-almo\u00e7o, na hora da confus\u00e3o e das pressas habituais, Jo\u00e3o olhava-a fixamente, mas sem fazer perguntas. Ent\u00e3o, Patr\u00edcia, com um sorriso desanuviado, anunciou ao marido e aos filhos:<\/p>\n<p>-Sabem uma novidade? Decididamente n\u00e3o nasci para fazer pol\u00edtica\u2026. Esta noite tomei uma firme resolu\u00e7\u00e3o: vou renunciar ao mandato de deputada e regressarei aos hospitais\u2026h\u00e1 falta de m\u00e9dicos e sei que \u00e9 l\u00e1 que poderei ser mais \u00fatil \u2026a salvar vidas!<\/p>\n<p>-Fazes muito bem! &#8211; comentou o marido, levantando-se e abra\u00e7ando-a, beijou-a, enquanto os filhos os olhavam, admirados.<\/p>\n","protected":false},"excerpt":{"rendered":"<p>F\u00e1tima Fonseca,<br \/>\nProfessora de l\u00ednguas,<br \/>\nEspecialista em Orienta\u00e7\u00e3o Familiar<\/p>\n","protected":false},"author":1,"featured_media":2581,"comment_status":"open","ping_status":"open","sticky":false,"template":"","format":"standard","meta":{"site-sidebar-layout":"default","site-content-layout":"default","ast-global-header-display":"","ast-banner-title-visibility":"","ast-main-header-display":"","ast-hfb-above-header-display":"","ast-hfb-below-header-display":"","ast-hfb-mobile-header-display":"","site-post-title":"","ast-breadcrumbs-content":"","ast-featured-img":"","footer-sml-layout":"","theme-transparent-header-meta":"default","adv-header-id-meta":"","stick-header-meta":"","header-above-stick-meta":"","header-main-stick-meta":"","header-below-stick-meta":"","footnotes":""},"categories":[64,87],"tags":[624,625,622,623],"class_list":["post-8185","post","type-post","status-publish","format-standard","has-post-thumbnail","hentry","category-isto-para-nos","category-vice-versa","tag-aborto","tag-defesa-da-vida-humana","tag-parlamento","tag-votacao"],"yoast_head":"<!-- This site is optimized with the Yoast SEO plugin v25.1 - https:\/\/yoast.com\/wordpress\/plugins\/seo\/ -->\n<title>Conto. Noite de ins\u00f3nia - Estado com Arte<\/title>\n<meta name=\"robots\" content=\"index, follow, max-snippet:-1, max-image-preview:large, max-video-preview:-1\" \/>\n<link rel=\"canonical\" href=\"https:\/\/estadocomarte.pt\/site\/2025\/01\/16\/conto-noite-de-insonia\/\" \/>\n<meta property=\"og:locale\" content=\"pt_PT\" \/>\n<meta property=\"og:type\" content=\"article\" \/>\n<meta property=\"og:title\" content=\"Conto. Noite de ins\u00f3nia - Estado com Arte\" \/>\n<meta property=\"og:description\" content=\"F\u00e1tima Fonseca, Professora de l\u00ednguas, Especialista em Orienta\u00e7\u00e3o Familiar\" \/>\n<meta property=\"og:url\" content=\"https:\/\/estadocomarte.pt\/site\/2025\/01\/16\/conto-noite-de-insonia\/\" \/>\n<meta property=\"og:site_name\" content=\"Estado com Arte\" \/>\n<meta property=\"article:published_time\" content=\"2025-01-16T17:44:43+00:00\" \/>\n<meta property=\"og:image\" content=\"https:\/\/estadocomarte.pt\/site\/wp-content\/uploads\/2023\/09\/Fatima-Fonseca.jpg\" \/>\n\t<meta property=\"og:image:width\" content=\"319\" \/>\n\t<meta property=\"og:image:height\" content=\"432\" \/>\n\t<meta property=\"og:image:type\" content=\"image\/jpeg\" \/>\n<meta name=\"author\" content=\"admin\" \/>\n<meta name=\"twitter:card\" content=\"summary_large_image\" \/>\n<meta name=\"twitter:label1\" content=\"Escrito por\" \/>\n\t<meta name=\"twitter:data1\" content=\"admin\" \/>\n\t<meta name=\"twitter:label2\" content=\"Tempo estimado de leitura\" \/>\n\t<meta name=\"twitter:data2\" content=\"7 minutos\" \/>\n<script type=\"application\/ld+json\" class=\"yoast-schema-graph\">{\"@context\":\"https:\/\/schema.org\",\"@graph\":[{\"@type\":\"Article\",\"@id\":\"https:\/\/estadocomarte.pt\/site\/2025\/01\/16\/conto-noite-de-insonia\/#article\",\"isPartOf\":{\"@id\":\"https:\/\/estadocomarte.pt\/site\/2025\/01\/16\/conto-noite-de-insonia\/\"},\"author\":{\"name\":\"admin\",\"@id\":\"https:\/\/estadocomarte.pt\/site\/#\/schema\/person\/c0943a071216c1e5b21f85304151e4ba\"},\"headline\":\"Conto. Noite de ins\u00f3nia\",\"datePublished\":\"2025-01-16T17:44:43+00:00\",\"mainEntityOfPage\":{\"@id\":\"https:\/\/estadocomarte.pt\/site\/2025\/01\/16\/conto-noite-de-insonia\/\"},\"wordCount\":1190,\"commentCount\":0,\"publisher\":{\"@id\":\"https:\/\/estadocomarte.pt\/site\/#organization\"},\"image\":{\"@id\":\"https:\/\/estadocomarte.pt\/site\/2025\/01\/16\/conto-noite-de-insonia\/#primaryimage\"},\"thumbnailUrl\":\"https:\/\/estadocomarte.pt\/site\/wp-content\/uploads\/2023\/09\/Fatima-Fonseca.jpg\",\"keywords\":[\"aborto\",\"defesa da vida humana\",\"parlamento\",\"vota\u00e7\u00e3o\"],\"articleSection\":[\"Isto Para N\u00f3s\",\"Vice-versa\"],\"inLanguage\":\"pt-PT\",\"potentialAction\":[{\"@type\":\"CommentAction\",\"name\":\"Comment\",\"target\":[\"https:\/\/estadocomarte.pt\/site\/2025\/01\/16\/conto-noite-de-insonia\/#respond\"]}]},{\"@type\":\"WebPage\",\"@id\":\"https:\/\/estadocomarte.pt\/site\/2025\/01\/16\/conto-noite-de-insonia\/\",\"url\":\"https:\/\/estadocomarte.pt\/site\/2025\/01\/16\/conto-noite-de-insonia\/\",\"name\":\"Conto. Noite de ins\u00f3nia - Estado com Arte\",\"isPartOf\":{\"@id\":\"https:\/\/estadocomarte.pt\/site\/#website\"},\"primaryImageOfPage\":{\"@id\":\"https:\/\/estadocomarte.pt\/site\/2025\/01\/16\/conto-noite-de-insonia\/#primaryimage\"},\"image\":{\"@id\":\"https:\/\/estadocomarte.pt\/site\/2025\/01\/16\/conto-noite-de-insonia\/#primaryimage\"},\"thumbnailUrl\":\"https:\/\/estadocomarte.pt\/site\/wp-content\/uploads\/2023\/09\/Fatima-Fonseca.jpg\",\"datePublished\":\"2025-01-16T17:44:43+00:00\",\"breadcrumb\":{\"@id\":\"https:\/\/estadocomarte.pt\/site\/2025\/01\/16\/conto-noite-de-insonia\/#breadcrumb\"},\"inLanguage\":\"pt-PT\",\"potentialAction\":[{\"@type\":\"ReadAction\",\"target\":[\"https:\/\/estadocomarte.pt\/site\/2025\/01\/16\/conto-noite-de-insonia\/\"]}]},{\"@type\":\"ImageObject\",\"inLanguage\":\"pt-PT\",\"@id\":\"https:\/\/estadocomarte.pt\/site\/2025\/01\/16\/conto-noite-de-insonia\/#primaryimage\",\"url\":\"https:\/\/estadocomarte.pt\/site\/wp-content\/uploads\/2023\/09\/Fatima-Fonseca.jpg\",\"contentUrl\":\"https:\/\/estadocomarte.pt\/site\/wp-content\/uploads\/2023\/09\/Fatima-Fonseca.jpg\",\"width\":319,\"height\":432},{\"@type\":\"BreadcrumbList\",\"@id\":\"https:\/\/estadocomarte.pt\/site\/2025\/01\/16\/conto-noite-de-insonia\/#breadcrumb\",\"itemListElement\":[{\"@type\":\"ListItem\",\"position\":1,\"name\":\"In\u00edcio\",\"item\":\"https:\/\/estadocomarte.pt\/site\/\"},{\"@type\":\"ListItem\",\"position\":2,\"name\":\"Conto. Noite de ins\u00f3nia\"}]},{\"@type\":\"WebSite\",\"@id\":\"https:\/\/estadocomarte.pt\/site\/#website\",\"url\":\"https:\/\/estadocomarte.pt\/site\/\",\"name\":\"Estado com Arte Magazine\",\"description\":\"Magazine\",\"publisher\":{\"@id\":\"https:\/\/estadocomarte.pt\/site\/#organization\"},\"alternateName\":\"Magazine semanal sobre pol\u00edtica e cultura, com autores, opini\u00e3o e cr\u00edticas.\",\"potentialAction\":[{\"@type\":\"SearchAction\",\"target\":{\"@type\":\"EntryPoint\",\"urlTemplate\":\"https:\/\/estadocomarte.pt\/site\/?s={search_term_string}\"},\"query-input\":{\"@type\":\"PropertyValueSpecification\",\"valueRequired\":true,\"valueName\":\"search_term_string\"}}],\"inLanguage\":\"pt-PT\"},{\"@type\":\"Organization\",\"@id\":\"https:\/\/estadocomarte.pt\/site\/#organization\",\"name\":\"Estado com Arte Magazine\",\"alternateName\":\"Magazine semanal sobre pol\u00edtica e cultura, com autores, opini\u00e3o e cr\u00edticas.\",\"url\":\"https:\/\/estadocomarte.pt\/site\/\",\"logo\":{\"@type\":\"ImageObject\",\"inLanguage\":\"pt-PT\",\"@id\":\"https:\/\/estadocomarte.pt\/site\/#\/schema\/logo\/image\/\",\"url\":\"https:\/\/estadocomarte.pt\/site\/wp-content\/uploads\/2023\/06\/cropped-cropped-Prancheta-2@2x-100.jpg\",\"contentUrl\":\"https:\/\/estadocomarte.pt\/site\/wp-content\/uploads\/2023\/06\/cropped-cropped-Prancheta-2@2x-100.jpg\",\"width\":1777,\"height\":592,\"caption\":\"Estado com Arte Magazine\"},\"image\":{\"@id\":\"https:\/\/estadocomarte.pt\/site\/#\/schema\/logo\/image\/\"},\"sameAs\":[\"https:\/\/www.instagram.com\/estadocomartemagazine\"]},{\"@type\":\"Person\",\"@id\":\"https:\/\/estadocomarte.pt\/site\/#\/schema\/person\/c0943a071216c1e5b21f85304151e4ba\",\"name\":\"admin\",\"image\":{\"@type\":\"ImageObject\",\"inLanguage\":\"pt-PT\",\"@id\":\"https:\/\/estadocomarte.pt\/site\/#\/schema\/person\/image\/\",\"url\":\"https:\/\/secure.gravatar.com\/avatar\/e6f378fd6914c8505d3e1d40f51fa953b21bab0f3a5658a33bc84cb5bda780f9?s=96&d=mm&r=g\",\"contentUrl\":\"https:\/\/secure.gravatar.com\/avatar\/e6f378fd6914c8505d3e1d40f51fa953b21bab0f3a5658a33bc84cb5bda780f9?s=96&d=mm&r=g\",\"caption\":\"admin\"},\"sameAs\":[\"https:\/\/estadocomarte.pt\/site\"],\"url\":\"https:\/\/estadocomarte.pt\/site\/author\/admin\/\"}]}<\/script>\n<!-- \/ Yoast SEO plugin. -->","yoast_head_json":{"title":"Conto. Noite de ins\u00f3nia - Estado com Arte","robots":{"index":"index","follow":"follow","max-snippet":"max-snippet:-1","max-image-preview":"max-image-preview:large","max-video-preview":"max-video-preview:-1"},"canonical":"https:\/\/estadocomarte.pt\/site\/2025\/01\/16\/conto-noite-de-insonia\/","og_locale":"pt_PT","og_type":"article","og_title":"Conto. Noite de ins\u00f3nia - Estado com Arte","og_description":"F\u00e1tima Fonseca, Professora de l\u00ednguas, Especialista em Orienta\u00e7\u00e3o Familiar","og_url":"https:\/\/estadocomarte.pt\/site\/2025\/01\/16\/conto-noite-de-insonia\/","og_site_name":"Estado com Arte","article_published_time":"2025-01-16T17:44:43+00:00","og_image":[{"width":319,"height":432,"url":"https:\/\/estadocomarte.pt\/site\/wp-content\/uploads\/2023\/09\/Fatima-Fonseca.jpg","type":"image\/jpeg"}],"author":"admin","twitter_card":"summary_large_image","twitter_misc":{"Escrito por":"admin","Tempo estimado de leitura":"7 minutos"},"schema":{"@context":"https:\/\/schema.org","@graph":[{"@type":"Article","@id":"https:\/\/estadocomarte.pt\/site\/2025\/01\/16\/conto-noite-de-insonia\/#article","isPartOf":{"@id":"https:\/\/estadocomarte.pt\/site\/2025\/01\/16\/conto-noite-de-insonia\/"},"author":{"name":"admin","@id":"https:\/\/estadocomarte.pt\/site\/#\/schema\/person\/c0943a071216c1e5b21f85304151e4ba"},"headline":"Conto. Noite de ins\u00f3nia","datePublished":"2025-01-16T17:44:43+00:00","mainEntityOfPage":{"@id":"https:\/\/estadocomarte.pt\/site\/2025\/01\/16\/conto-noite-de-insonia\/"},"wordCount":1190,"commentCount":0,"publisher":{"@id":"https:\/\/estadocomarte.pt\/site\/#organization"},"image":{"@id":"https:\/\/estadocomarte.pt\/site\/2025\/01\/16\/conto-noite-de-insonia\/#primaryimage"},"thumbnailUrl":"https:\/\/estadocomarte.pt\/site\/wp-content\/uploads\/2023\/09\/Fatima-Fonseca.jpg","keywords":["aborto","defesa da vida humana","parlamento","vota\u00e7\u00e3o"],"articleSection":["Isto Para N\u00f3s","Vice-versa"],"inLanguage":"pt-PT","potentialAction":[{"@type":"CommentAction","name":"Comment","target":["https:\/\/estadocomarte.pt\/site\/2025\/01\/16\/conto-noite-de-insonia\/#respond"]}]},{"@type":"WebPage","@id":"https:\/\/estadocomarte.pt\/site\/2025\/01\/16\/conto-noite-de-insonia\/","url":"https:\/\/estadocomarte.pt\/site\/2025\/01\/16\/conto-noite-de-insonia\/","name":"Conto. Noite de ins\u00f3nia - Estado com Arte","isPartOf":{"@id":"https:\/\/estadocomarte.pt\/site\/#website"},"primaryImageOfPage":{"@id":"https:\/\/estadocomarte.pt\/site\/2025\/01\/16\/conto-noite-de-insonia\/#primaryimage"},"image":{"@id":"https:\/\/estadocomarte.pt\/site\/2025\/01\/16\/conto-noite-de-insonia\/#primaryimage"},"thumbnailUrl":"https:\/\/estadocomarte.pt\/site\/wp-content\/uploads\/2023\/09\/Fatima-Fonseca.jpg","datePublished":"2025-01-16T17:44:43+00:00","breadcrumb":{"@id":"https:\/\/estadocomarte.pt\/site\/2025\/01\/16\/conto-noite-de-insonia\/#breadcrumb"},"inLanguage":"pt-PT","potentialAction":[{"@type":"ReadAction","target":["https:\/\/estadocomarte.pt\/site\/2025\/01\/16\/conto-noite-de-insonia\/"]}]},{"@type":"ImageObject","inLanguage":"pt-PT","@id":"https:\/\/estadocomarte.pt\/site\/2025\/01\/16\/conto-noite-de-insonia\/#primaryimage","url":"https:\/\/estadocomarte.pt\/site\/wp-content\/uploads\/2023\/09\/Fatima-Fonseca.jpg","contentUrl":"https:\/\/estadocomarte.pt\/site\/wp-content\/uploads\/2023\/09\/Fatima-Fonseca.jpg","width":319,"height":432},{"@type":"BreadcrumbList","@id":"https:\/\/estadocomarte.pt\/site\/2025\/01\/16\/conto-noite-de-insonia\/#breadcrumb","itemListElement":[{"@type":"ListItem","position":1,"name":"In\u00edcio","item":"https:\/\/estadocomarte.pt\/site\/"},{"@type":"ListItem","position":2,"name":"Conto. Noite de ins\u00f3nia"}]},{"@type":"WebSite","@id":"https:\/\/estadocomarte.pt\/site\/#website","url":"https:\/\/estadocomarte.pt\/site\/","name":"Estado com Arte Magazine","description":"Magazine","publisher":{"@id":"https:\/\/estadocomarte.pt\/site\/#organization"},"alternateName":"Magazine semanal sobre pol\u00edtica e cultura, com autores, opini\u00e3o e cr\u00edticas.","potentialAction":[{"@type":"SearchAction","target":{"@type":"EntryPoint","urlTemplate":"https:\/\/estadocomarte.pt\/site\/?s={search_term_string}"},"query-input":{"@type":"PropertyValueSpecification","valueRequired":true,"valueName":"search_term_string"}}],"inLanguage":"pt-PT"},{"@type":"Organization","@id":"https:\/\/estadocomarte.pt\/site\/#organization","name":"Estado com Arte Magazine","alternateName":"Magazine semanal sobre pol\u00edtica e cultura, com autores, opini\u00e3o e cr\u00edticas.","url":"https:\/\/estadocomarte.pt\/site\/","logo":{"@type":"ImageObject","inLanguage":"pt-PT","@id":"https:\/\/estadocomarte.pt\/site\/#\/schema\/logo\/image\/","url":"https:\/\/estadocomarte.pt\/site\/wp-content\/uploads\/2023\/06\/cropped-cropped-Prancheta-2@2x-100.jpg","contentUrl":"https:\/\/estadocomarte.pt\/site\/wp-content\/uploads\/2023\/06\/cropped-cropped-Prancheta-2@2x-100.jpg","width":1777,"height":592,"caption":"Estado com Arte Magazine"},"image":{"@id":"https:\/\/estadocomarte.pt\/site\/#\/schema\/logo\/image\/"},"sameAs":["https:\/\/www.instagram.com\/estadocomartemagazine"]},{"@type":"Person","@id":"https:\/\/estadocomarte.pt\/site\/#\/schema\/person\/c0943a071216c1e5b21f85304151e4ba","name":"admin","image":{"@type":"ImageObject","inLanguage":"pt-PT","@id":"https:\/\/estadocomarte.pt\/site\/#\/schema\/person\/image\/","url":"https:\/\/secure.gravatar.com\/avatar\/e6f378fd6914c8505d3e1d40f51fa953b21bab0f3a5658a33bc84cb5bda780f9?s=96&d=mm&r=g","contentUrl":"https:\/\/secure.gravatar.com\/avatar\/e6f378fd6914c8505d3e1d40f51fa953b21bab0f3a5658a33bc84cb5bda780f9?s=96&d=mm&r=g","caption":"admin"},"sameAs":["https:\/\/estadocomarte.pt\/site"],"url":"https:\/\/estadocomarte.pt\/site\/author\/admin\/"}]}},"_links":{"self":[{"href":"https:\/\/estadocomarte.pt\/site\/wp-json\/wp\/v2\/posts\/8185","targetHints":{"allow":["GET"]}}],"collection":[{"href":"https:\/\/estadocomarte.pt\/site\/wp-json\/wp\/v2\/posts"}],"about":[{"href":"https:\/\/estadocomarte.pt\/site\/wp-json\/wp\/v2\/types\/post"}],"author":[{"embeddable":true,"href":"https:\/\/estadocomarte.pt\/site\/wp-json\/wp\/v2\/users\/1"}],"replies":[{"embeddable":true,"href":"https:\/\/estadocomarte.pt\/site\/wp-json\/wp\/v2\/comments?post=8185"}],"version-history":[{"count":0,"href":"https:\/\/estadocomarte.pt\/site\/wp-json\/wp\/v2\/posts\/8185\/revisions"}],"wp:featuredmedia":[{"embeddable":true,"href":"https:\/\/estadocomarte.pt\/site\/wp-json\/wp\/v2\/media\/2581"}],"wp:attachment":[{"href":"https:\/\/estadocomarte.pt\/site\/wp-json\/wp\/v2\/media?parent=8185"}],"wp:term":[{"taxonomy":"category","embeddable":true,"href":"https:\/\/estadocomarte.pt\/site\/wp-json\/wp\/v2\/categories?post=8185"},{"taxonomy":"post_tag","embeddable":true,"href":"https:\/\/estadocomarte.pt\/site\/wp-json\/wp\/v2\/tags?post=8185"}],"curies":[{"name":"wp","href":"https:\/\/api.w.org\/{rel}","templated":true}]}}