{"id":8421,"date":"2025-02-04T19:00:36","date_gmt":"2025-02-04T19:00:36","guid":{"rendered":"https:\/\/estadocomarte.pt\/site\/?p=8421"},"modified":"2025-02-04T19:00:36","modified_gmt":"2025-02-04T19:00:36","slug":"o-portal-energetico-disponibiliza-condicoes-de-acesso-a-tarifa-social","status":"publish","type":"post","link":"https:\/\/estadocomarte.pt\/site\/2025\/02\/04\/o-portal-energetico-disponibiliza-condicoes-de-acesso-a-tarifa-social\/","title":{"rendered":"O portal Energ\u00e9tico disponibiliza condi\u00e7\u00f5es de acesso \u00e0 Tarifa Social"},"content":{"rendered":"<p><strong>O\u00a0 projeto da ENERG\u00c9TICO da ENTREAJUDA, pretende promover a literacia e a efici\u00eancia energ\u00e9tica da popula\u00e7\u00e3o, atrav\u00e9s do combate ao desperd\u00edcio no consumo de energia, sendo disponibilizado no portal condi\u00e7\u00f5es de acesso \u00e0 Tarifa Social.<\/strong><\/p>\n<p><strong>A iniciativa visa promover o conhecimento sobre o consumo eficiente de energia e contribuir para erradicar a pobreza energ\u00e9tica em Portugal, que afeta mais de dois milh\u00f5es de pessoas.<\/strong><\/p>\n<p>Para auxiliar os consumidores a fazer escolhas mais informadas sobre pre\u00e7os de energia e pot\u00eancia contratada, o projeto disponibiliza simuladores de consumo e oferece orienta\u00e7\u00f5es sobre as boas pr\u00e1ticas para reduzir gastos energ\u00e9ticos com eletrodom\u00e9sticos, como frigor\u00edficos, m\u00e1quinas de lavar roupa e loi\u00e7a, fog\u00f5es, em ilumina\u00e7\u00e3o e ainda por via do isolamento adequado de portas e janelas.<\/p>\n<p>Atualmente, estima-se que entre 1,1 e 2,3 milh\u00f5es de portugueses vivam em situa\u00e7\u00e3o de pobreza energ\u00e9tica moderada, e entre 660 e 680 mil em pobreza energ\u00e9tica extrema, de acordo com as estimativas avan\u00e7adas pela Estrat\u00e9gia Nacional de Longo Prazo para o Combate \u00e0 Pobreza Energ\u00e9tica 2021-2050.<\/p>\n<p>A pobreza energ\u00e9tica caracteriza-se pela incapacidade de satisfazer necessidades energ\u00e9ticas essenciais, nomeadamente em termos de aquecimento, refrigera\u00e7\u00e3o, ilumina\u00e7\u00e3o e uso de eletrodom\u00e9sticos. Tem impacto signi\ufb01cativo na sa\u00fade, uma vez que casas demasiado frias ou quentes podem levar a problemas respirat\u00f3rios, cardiovasculares e outras complica\u00e7\u00f5es; e no bem-estar, dado que a falta de energia adequada afeta o conforto e a qualidade de vida em casa.<\/p>\n<p>Segundo a ENTREAJUDA a pobreza energ\u00e9tica &#8220;tamb\u00e9m agrava as desigualdades e disparidades sociais e econ\u00f3micas, pelo que \u00e9 importante e urgente adotar medidas que possam minimizar estes efeitos&#8221;.<\/p>\n<p>Estima-se, por exemplo, que o conjunto de todos os equipamentos em modo standby podem atingir 10% do consumo de energia el\u00e9trica total de uma casa. Mesmo desligado atrav\u00e9s do comando, um aparelho continua a gastar at\u00e9 cerca de 25% de energia, valor que varia de aparelho para aparelho e de marca para marca, representando um custo anual evit\u00e1vel superior a 120\u20ac.<\/p>\n<p>S\u00e3o parceiros fundadores a EDP, Floene, Funda\u00e7\u00e3o Galp, REN, e como parceiros institucionais a ERSE e a ADENE, que juntos est\u00e3o comprometidos em reduzir a pobreza energ\u00e9tica e promover a literacia energ\u00e9tica em Portugal.<\/p>\n","protected":false},"excerpt":{"rendered":"<p>Estado com Arte Magazine<\/p>\n","protected":false},"author":1,"featured_media":8423,"comment_status":"open","ping_status":"open","sticky":false,"template":"","format":"standard","meta":{"site-sidebar-layout":"default","site-content-layout":"default","ast-global-header-display":"","ast-banner-title-visibility":"","ast-main-header-display":"","ast-hfb-above-header-display":"","ast-hfb-below-header-display":"","ast-hfb-mobile-header-display":"","site-post-title":"","ast-breadcrumbs-content":"","ast-featured-img":"","footer-sml-layout":"","theme-transparent-header-meta":"default","adv-header-id-meta":"","stick-header-meta":"","header-above-stick-meta":"","header-main-stick-meta":"","header-below-stick-meta":"","footnotes":""},"categories":[5,64,50,56,51,55],"tags":[660,661],"class_list":["post-8421","post","type-post","status-publish","format-standard","has-post-thumbnail","hentry","category-economia","category-isto-para-nos","category-mindfulness","category-pontas-soltas","category-popular","category-vida-de-estado","tag-energetico","tag-entreajuda"],"yoast_head":"<!-- This site is optimized with the Yoast SEO plugin v25.1 - https:\/\/yoast.com\/wordpress\/plugins\/seo\/ -->\n<title>O portal Energ\u00e9tico disponibiliza condi\u00e7\u00f5es de acesso \u00e0 Tarifa Social - Estado com Arte<\/title>\n<meta name=\"robots\" content=\"index, follow, max-snippet:-1, max-image-preview:large, max-video-preview:-1\" \/>\n<link rel=\"canonical\" href=\"https:\/\/estadocomarte.pt\/site\/2025\/02\/04\/o-portal-energetico-disponibiliza-condicoes-de-acesso-a-tarifa-social\/\" \/>\n<meta property=\"og:locale\" content=\"pt_PT\" \/>\n<meta property=\"og:type\" content=\"article\" \/>\n<meta property=\"og:title\" content=\"O portal Energ\u00e9tico disponibiliza condi\u00e7\u00f5es de acesso \u00e0 Tarifa Social - Estado com Arte\" \/>\n<meta property=\"og:description\" content=\"Estado com Arte Magazine\" \/>\n<meta property=\"og:url\" content=\"https:\/\/estadocomarte.pt\/site\/2025\/02\/04\/o-portal-energetico-disponibiliza-condicoes-de-acesso-a-tarifa-social\/\" \/>\n<meta property=\"og:site_name\" content=\"Estado com Arte\" \/>\n<meta property=\"article:published_time\" content=\"2025-02-04T19:00:36+00:00\" \/>\n<meta property=\"og:image\" content=\"https:\/\/estadocomarte.pt\/site\/wp-content\/uploads\/2025\/02\/energetico-versao-vertical-positivo-cmyk-page-2.jpg\" \/>\n\t<meta property=\"og:image:width\" content=\"664\" \/>\n\t<meta property=\"og:image:height\" content=\"417\" \/>\n\t<meta property=\"og:image:type\" content=\"image\/jpeg\" \/>\n<meta name=\"author\" content=\"admin\" \/>\n<meta name=\"twitter:card\" content=\"summary_large_image\" \/>\n<meta name=\"twitter:label1\" content=\"Escrito por\" \/>\n\t<meta name=\"twitter:data1\" content=\"admin\" \/>\n\t<meta name=\"twitter:label2\" content=\"Tempo estimado de leitura\" \/>\n\t<meta name=\"twitter:data2\" content=\"3 minutos\" \/>\n<script type=\"application\/ld+json\" class=\"yoast-schema-graph\">{\"@context\":\"https:\/\/schema.org\",\"@graph\":[{\"@type\":\"Article\",\"@id\":\"https:\/\/estadocomarte.pt\/site\/2025\/02\/04\/o-portal-energetico-disponibiliza-condicoes-de-acesso-a-tarifa-social\/#article\",\"isPartOf\":{\"@id\":\"https:\/\/estadocomarte.pt\/site\/2025\/02\/04\/o-portal-energetico-disponibiliza-condicoes-de-acesso-a-tarifa-social\/\"},\"author\":{\"name\":\"admin\",\"@id\":\"https:\/\/estadocomarte.pt\/site\/#\/schema\/person\/c0943a071216c1e5b21f85304151e4ba\"},\"headline\":\"O portal Energ\u00e9tico disponibiliza condi\u00e7\u00f5es de acesso \u00e0 Tarifa Social\",\"datePublished\":\"2025-02-04T19:00:36+00:00\",\"mainEntityOfPage\":{\"@id\":\"https:\/\/estadocomarte.pt\/site\/2025\/02\/04\/o-portal-energetico-disponibiliza-condicoes-de-acesso-a-tarifa-social\/\"},\"wordCount\":402,\"commentCount\":0,\"publisher\":{\"@id\":\"https:\/\/estadocomarte.pt\/site\/#organization\"},\"image\":{\"@id\":\"https:\/\/estadocomarte.pt\/site\/2025\/02\/04\/o-portal-energetico-disponibiliza-condicoes-de-acesso-a-tarifa-social\/#primaryimage\"},\"thumbnailUrl\":\"https:\/\/estadocomarte.pt\/site\/wp-content\/uploads\/2025\/02\/energetico-versao-vertical-positivo-cmyk-page-2.jpg\",\"keywords\":[\"energ\u00e9tico\",\"Entreajuda\"],\"articleSection\":[\"Economia\",\"Isto Para N\u00f3s\",\"Mindfulness\",\"Pontas Soltas\",\"Popular\",\"Vida de Estado\"],\"inLanguage\":\"pt-PT\",\"potentialAction\":[{\"@type\":\"CommentAction\",\"name\":\"Comment\",\"target\":[\"https:\/\/estadocomarte.pt\/site\/2025\/02\/04\/o-portal-energetico-disponibiliza-condicoes-de-acesso-a-tarifa-social\/#respond\"]}]},{\"@type\":\"WebPage\",\"@id\":\"https:\/\/estadocomarte.pt\/site\/2025\/02\/04\/o-portal-energetico-disponibiliza-condicoes-de-acesso-a-tarifa-social\/\",\"url\":\"https:\/\/estadocomarte.pt\/site\/2025\/02\/04\/o-portal-energetico-disponibiliza-condicoes-de-acesso-a-tarifa-social\/\",\"name\":\"O portal Energ\u00e9tico disponibiliza condi\u00e7\u00f5es de acesso \u00e0 Tarifa Social - Estado com Arte\",\"isPartOf\":{\"@id\":\"https:\/\/estadocomarte.pt\/site\/#website\"},\"primaryImageOfPage\":{\"@id\":\"https:\/\/estadocomarte.pt\/site\/2025\/02\/04\/o-portal-energetico-disponibiliza-condicoes-de-acesso-a-tarifa-social\/#primaryimage\"},\"image\":{\"@id\":\"https:\/\/estadocomarte.pt\/site\/2025\/02\/04\/o-portal-energetico-disponibiliza-condicoes-de-acesso-a-tarifa-social\/#primaryimage\"},\"thumbnailUrl\":\"https:\/\/estadocomarte.pt\/site\/wp-content\/uploads\/2025\/02\/energetico-versao-vertical-positivo-cmyk-page-2.jpg\",\"datePublished\":\"2025-02-04T19:00:36+00:00\",\"breadcrumb\":{\"@id\":\"https:\/\/estadocomarte.pt\/site\/2025\/02\/04\/o-portal-energetico-disponibiliza-condicoes-de-acesso-a-tarifa-social\/#breadcrumb\"},\"inLanguage\":\"pt-PT\",\"potentialAction\":[{\"@type\":\"ReadAction\",\"target\":[\"https:\/\/estadocomarte.pt\/site\/2025\/02\/04\/o-portal-energetico-disponibiliza-condicoes-de-acesso-a-tarifa-social\/\"]}]},{\"@type\":\"ImageObject\",\"inLanguage\":\"pt-PT\",\"@id\":\"https:\/\/estadocomarte.pt\/site\/2025\/02\/04\/o-portal-energetico-disponibiliza-condicoes-de-acesso-a-tarifa-social\/#primaryimage\",\"url\":\"https:\/\/estadocomarte.pt\/site\/wp-content\/uploads\/2025\/02\/energetico-versao-vertical-positivo-cmyk-page-2.jpg\",\"contentUrl\":\"https:\/\/estadocomarte.pt\/site\/wp-content\/uploads\/2025\/02\/energetico-versao-vertical-positivo-cmyk-page-2.jpg\",\"width\":664,\"height\":417},{\"@type\":\"BreadcrumbList\",\"@id\":\"https:\/\/estadocomarte.pt\/site\/2025\/02\/04\/o-portal-energetico-disponibiliza-condicoes-de-acesso-a-tarifa-social\/#breadcrumb\",\"itemListElement\":[{\"@type\":\"ListItem\",\"position\":1,\"name\":\"In\u00edcio\",\"item\":\"https:\/\/estadocomarte.pt\/site\/\"},{\"@type\":\"ListItem\",\"position\":2,\"name\":\"O portal Energ\u00e9tico disponibiliza condi\u00e7\u00f5es de acesso \u00e0 Tarifa Social\"}]},{\"@type\":\"WebSite\",\"@id\":\"https:\/\/estadocomarte.pt\/site\/#website\",\"url\":\"https:\/\/estadocomarte.pt\/site\/\",\"name\":\"Estado com Arte Magazine\",\"description\":\"Magazine\",\"publisher\":{\"@id\":\"https:\/\/estadocomarte.pt\/site\/#organization\"},\"alternateName\":\"Magazine semanal sobre pol\u00edtica e cultura, com autores, opini\u00e3o e cr\u00edticas.\",\"potentialAction\":[{\"@type\":\"SearchAction\",\"target\":{\"@type\":\"EntryPoint\",\"urlTemplate\":\"https:\/\/estadocomarte.pt\/site\/?s={search_term_string}\"},\"query-input\":{\"@type\":\"PropertyValueSpecification\",\"valueRequired\":true,\"valueName\":\"search_term_string\"}}],\"inLanguage\":\"pt-PT\"},{\"@type\":\"Organization\",\"@id\":\"https:\/\/estadocomarte.pt\/site\/#organization\",\"name\":\"Estado com Arte Magazine\",\"alternateName\":\"Magazine semanal sobre pol\u00edtica e cultura, com autores, opini\u00e3o e cr\u00edticas.\",\"url\":\"https:\/\/estadocomarte.pt\/site\/\",\"logo\":{\"@type\":\"ImageObject\",\"inLanguage\":\"pt-PT\",\"@id\":\"https:\/\/estadocomarte.pt\/site\/#\/schema\/logo\/image\/\",\"url\":\"https:\/\/estadocomarte.pt\/site\/wp-content\/uploads\/2023\/06\/cropped-cropped-Prancheta-2@2x-100.jpg\",\"contentUrl\":\"https:\/\/estadocomarte.pt\/site\/wp-content\/uploads\/2023\/06\/cropped-cropped-Prancheta-2@2x-100.jpg\",\"width\":1777,\"height\":592,\"caption\":\"Estado com Arte Magazine\"},\"image\":{\"@id\":\"https:\/\/estadocomarte.pt\/site\/#\/schema\/logo\/image\/\"},\"sameAs\":[\"https:\/\/www.instagram.com\/estadocomartemagazine\"]},{\"@type\":\"Person\",\"@id\":\"https:\/\/estadocomarte.pt\/site\/#\/schema\/person\/c0943a071216c1e5b21f85304151e4ba\",\"name\":\"admin\",\"image\":{\"@type\":\"ImageObject\",\"inLanguage\":\"pt-PT\",\"@id\":\"https:\/\/estadocomarte.pt\/site\/#\/schema\/person\/image\/\",\"url\":\"https:\/\/secure.gravatar.com\/avatar\/e6f378fd6914c8505d3e1d40f51fa953b21bab0f3a5658a33bc84cb5bda780f9?s=96&d=mm&r=g\",\"contentUrl\":\"https:\/\/secure.gravatar.com\/avatar\/e6f378fd6914c8505d3e1d40f51fa953b21bab0f3a5658a33bc84cb5bda780f9?s=96&d=mm&r=g\",\"caption\":\"admin\"},\"sameAs\":[\"https:\/\/estadocomarte.pt\/site\"],\"url\":\"https:\/\/estadocomarte.pt\/site\/author\/admin\/\"}]}<\/script>\n<!-- \/ Yoast SEO plugin. -->","yoast_head_json":{"title":"O portal Energ\u00e9tico disponibiliza condi\u00e7\u00f5es de acesso \u00e0 Tarifa Social - Estado com Arte","robots":{"index":"index","follow":"follow","max-snippet":"max-snippet:-1","max-image-preview":"max-image-preview:large","max-video-preview":"max-video-preview:-1"},"canonical":"https:\/\/estadocomarte.pt\/site\/2025\/02\/04\/o-portal-energetico-disponibiliza-condicoes-de-acesso-a-tarifa-social\/","og_locale":"pt_PT","og_type":"article","og_title":"O portal Energ\u00e9tico disponibiliza condi\u00e7\u00f5es de acesso \u00e0 Tarifa Social - Estado com Arte","og_description":"Estado com Arte Magazine","og_url":"https:\/\/estadocomarte.pt\/site\/2025\/02\/04\/o-portal-energetico-disponibiliza-condicoes-de-acesso-a-tarifa-social\/","og_site_name":"Estado com Arte","article_published_time":"2025-02-04T19:00:36+00:00","og_image":[{"width":664,"height":417,"url":"https:\/\/estadocomarte.pt\/site\/wp-content\/uploads\/2025\/02\/energetico-versao-vertical-positivo-cmyk-page-2.jpg","type":"image\/jpeg"}],"author":"admin","twitter_card":"summary_large_image","twitter_misc":{"Escrito por":"admin","Tempo estimado de leitura":"3 minutos"},"schema":{"@context":"https:\/\/schema.org","@graph":[{"@type":"Article","@id":"https:\/\/estadocomarte.pt\/site\/2025\/02\/04\/o-portal-energetico-disponibiliza-condicoes-de-acesso-a-tarifa-social\/#article","isPartOf":{"@id":"https:\/\/estadocomarte.pt\/site\/2025\/02\/04\/o-portal-energetico-disponibiliza-condicoes-de-acesso-a-tarifa-social\/"},"author":{"name":"admin","@id":"https:\/\/estadocomarte.pt\/site\/#\/schema\/person\/c0943a071216c1e5b21f85304151e4ba"},"headline":"O portal Energ\u00e9tico disponibiliza condi\u00e7\u00f5es de acesso \u00e0 Tarifa Social","datePublished":"2025-02-04T19:00:36+00:00","mainEntityOfPage":{"@id":"https:\/\/estadocomarte.pt\/site\/2025\/02\/04\/o-portal-energetico-disponibiliza-condicoes-de-acesso-a-tarifa-social\/"},"wordCount":402,"commentCount":0,"publisher":{"@id":"https:\/\/estadocomarte.pt\/site\/#organization"},"image":{"@id":"https:\/\/estadocomarte.pt\/site\/2025\/02\/04\/o-portal-energetico-disponibiliza-condicoes-de-acesso-a-tarifa-social\/#primaryimage"},"thumbnailUrl":"https:\/\/estadocomarte.pt\/site\/wp-content\/uploads\/2025\/02\/energetico-versao-vertical-positivo-cmyk-page-2.jpg","keywords":["energ\u00e9tico","Entreajuda"],"articleSection":["Economia","Isto Para N\u00f3s","Mindfulness","Pontas Soltas","Popular","Vida de Estado"],"inLanguage":"pt-PT","potentialAction":[{"@type":"CommentAction","name":"Comment","target":["https:\/\/estadocomarte.pt\/site\/2025\/02\/04\/o-portal-energetico-disponibiliza-condicoes-de-acesso-a-tarifa-social\/#respond"]}]},{"@type":"WebPage","@id":"https:\/\/estadocomarte.pt\/site\/2025\/02\/04\/o-portal-energetico-disponibiliza-condicoes-de-acesso-a-tarifa-social\/","url":"https:\/\/estadocomarte.pt\/site\/2025\/02\/04\/o-portal-energetico-disponibiliza-condicoes-de-acesso-a-tarifa-social\/","name":"O portal Energ\u00e9tico disponibiliza condi\u00e7\u00f5es de acesso \u00e0 Tarifa Social - Estado com Arte","isPartOf":{"@id":"https:\/\/estadocomarte.pt\/site\/#website"},"primaryImageOfPage":{"@id":"https:\/\/estadocomarte.pt\/site\/2025\/02\/04\/o-portal-energetico-disponibiliza-condicoes-de-acesso-a-tarifa-social\/#primaryimage"},"image":{"@id":"https:\/\/estadocomarte.pt\/site\/2025\/02\/04\/o-portal-energetico-disponibiliza-condicoes-de-acesso-a-tarifa-social\/#primaryimage"},"thumbnailUrl":"https:\/\/estadocomarte.pt\/site\/wp-content\/uploads\/2025\/02\/energetico-versao-vertical-positivo-cmyk-page-2.jpg","datePublished":"2025-02-04T19:00:36+00:00","breadcrumb":{"@id":"https:\/\/estadocomarte.pt\/site\/2025\/02\/04\/o-portal-energetico-disponibiliza-condicoes-de-acesso-a-tarifa-social\/#breadcrumb"},"inLanguage":"pt-PT","potentialAction":[{"@type":"ReadAction","target":["https:\/\/estadocomarte.pt\/site\/2025\/02\/04\/o-portal-energetico-disponibiliza-condicoes-de-acesso-a-tarifa-social\/"]}]},{"@type":"ImageObject","inLanguage":"pt-PT","@id":"https:\/\/estadocomarte.pt\/site\/2025\/02\/04\/o-portal-energetico-disponibiliza-condicoes-de-acesso-a-tarifa-social\/#primaryimage","url":"https:\/\/estadocomarte.pt\/site\/wp-content\/uploads\/2025\/02\/energetico-versao-vertical-positivo-cmyk-page-2.jpg","contentUrl":"https:\/\/estadocomarte.pt\/site\/wp-content\/uploads\/2025\/02\/energetico-versao-vertical-positivo-cmyk-page-2.jpg","width":664,"height":417},{"@type":"BreadcrumbList","@id":"https:\/\/estadocomarte.pt\/site\/2025\/02\/04\/o-portal-energetico-disponibiliza-condicoes-de-acesso-a-tarifa-social\/#breadcrumb","itemListElement":[{"@type":"ListItem","position":1,"name":"In\u00edcio","item":"https:\/\/estadocomarte.pt\/site\/"},{"@type":"ListItem","position":2,"name":"O portal Energ\u00e9tico disponibiliza condi\u00e7\u00f5es de acesso \u00e0 Tarifa Social"}]},{"@type":"WebSite","@id":"https:\/\/estadocomarte.pt\/site\/#website","url":"https:\/\/estadocomarte.pt\/site\/","name":"Estado com Arte Magazine","description":"Magazine","publisher":{"@id":"https:\/\/estadocomarte.pt\/site\/#organization"},"alternateName":"Magazine semanal sobre pol\u00edtica e cultura, com autores, opini\u00e3o e cr\u00edticas.","potentialAction":[{"@type":"SearchAction","target":{"@type":"EntryPoint","urlTemplate":"https:\/\/estadocomarte.pt\/site\/?s={search_term_string}"},"query-input":{"@type":"PropertyValueSpecification","valueRequired":true,"valueName":"search_term_string"}}],"inLanguage":"pt-PT"},{"@type":"Organization","@id":"https:\/\/estadocomarte.pt\/site\/#organization","name":"Estado com Arte Magazine","alternateName":"Magazine semanal sobre pol\u00edtica e cultura, com autores, opini\u00e3o e cr\u00edticas.","url":"https:\/\/estadocomarte.pt\/site\/","logo":{"@type":"ImageObject","inLanguage":"pt-PT","@id":"https:\/\/estadocomarte.pt\/site\/#\/schema\/logo\/image\/","url":"https:\/\/estadocomarte.pt\/site\/wp-content\/uploads\/2023\/06\/cropped-cropped-Prancheta-2@2x-100.jpg","contentUrl":"https:\/\/estadocomarte.pt\/site\/wp-content\/uploads\/2023\/06\/cropped-cropped-Prancheta-2@2x-100.jpg","width":1777,"height":592,"caption":"Estado com Arte Magazine"},"image":{"@id":"https:\/\/estadocomarte.pt\/site\/#\/schema\/logo\/image\/"},"sameAs":["https:\/\/www.instagram.com\/estadocomartemagazine"]},{"@type":"Person","@id":"https:\/\/estadocomarte.pt\/site\/#\/schema\/person\/c0943a071216c1e5b21f85304151e4ba","name":"admin","image":{"@type":"ImageObject","inLanguage":"pt-PT","@id":"https:\/\/estadocomarte.pt\/site\/#\/schema\/person\/image\/","url":"https:\/\/secure.gravatar.com\/avatar\/e6f378fd6914c8505d3e1d40f51fa953b21bab0f3a5658a33bc84cb5bda780f9?s=96&d=mm&r=g","contentUrl":"https:\/\/secure.gravatar.com\/avatar\/e6f378fd6914c8505d3e1d40f51fa953b21bab0f3a5658a33bc84cb5bda780f9?s=96&d=mm&r=g","caption":"admin"},"sameAs":["https:\/\/estadocomarte.pt\/site"],"url":"https:\/\/estadocomarte.pt\/site\/author\/admin\/"}]}},"_links":{"self":[{"href":"https:\/\/estadocomarte.pt\/site\/wp-json\/wp\/v2\/posts\/8421","targetHints":{"allow":["GET"]}}],"collection":[{"href":"https:\/\/estadocomarte.pt\/site\/wp-json\/wp\/v2\/posts"}],"about":[{"href":"https:\/\/estadocomarte.pt\/site\/wp-json\/wp\/v2\/types\/post"}],"author":[{"embeddable":true,"href":"https:\/\/estadocomarte.pt\/site\/wp-json\/wp\/v2\/users\/1"}],"replies":[{"embeddable":true,"href":"https:\/\/estadocomarte.pt\/site\/wp-json\/wp\/v2\/comments?post=8421"}],"version-history":[{"count":0,"href":"https:\/\/estadocomarte.pt\/site\/wp-json\/wp\/v2\/posts\/8421\/revisions"}],"wp:featuredmedia":[{"embeddable":true,"href":"https:\/\/estadocomarte.pt\/site\/wp-json\/wp\/v2\/media\/8423"}],"wp:attachment":[{"href":"https:\/\/estadocomarte.pt\/site\/wp-json\/wp\/v2\/media?parent=8421"}],"wp:term":[{"taxonomy":"category","embeddable":true,"href":"https:\/\/estadocomarte.pt\/site\/wp-json\/wp\/v2\/categories?post=8421"},{"taxonomy":"post_tag","embeddable":true,"href":"https:\/\/estadocomarte.pt\/site\/wp-json\/wp\/v2\/tags?post=8421"}],"curies":[{"name":"wp","href":"https:\/\/api.w.org\/{rel}","templated":true}]}}