{"id":8554,"date":"2025-02-14T10:25:57","date_gmt":"2025-02-14T10:25:57","guid":{"rendered":"https:\/\/estadocomarte.pt\/site\/?p=8554"},"modified":"2025-02-14T10:32:14","modified_gmt":"2025-02-14T10:32:14","slug":"ccb-nova-adaptacao-de-1984-de-george-orwell-dos-artistas-unidos","status":"publish","type":"post","link":"https:\/\/estadocomarte.pt\/site\/2025\/02\/14\/ccb-nova-adaptacao-de-1984-de-george-orwell-dos-artistas-unidos\/","title":{"rendered":"CCB. Nova adapta\u00e7\u00e3o de 1984 de George Orwell dos Artistas Unidos"},"content":{"rendered":"<p><strong>Os Artistas unidos apresentam uma nova adapta\u00e7\u00e3o de 1984 (George Orwell) de Robert Icke e Duncan Macmillan, de 21 a 24 fevereiro no Pequeno Audit\u00f3rio do CCB.<\/strong><\/p>\n<p>\u00abO GRANDE IRM\u00c3O EST\u00c1 SEMPRE A OBSERVAR-TE.\u00bb\u00a0 E se, por exemplo, servisse os nossos interesses atirar \u00e1cido sulf\u00farico na cara de uma crian\u00e7a \u2014 est\u00e3o dispostos a faz\u00ea-lo?<\/p>\n<p>Este aviso rege o futuro assustador e dist\u00f3pico do cl\u00e1ssico de George Orwell, 1984, adaptado para o palco por Robert Icke e Duncan Macmillan.<\/p>\n<p>O partido totalit\u00e1rio pro\u00edbe o individualismo, a independ\u00eancia e o pensamento livre, distorcendo o passado \u00e0 sua vontade e controlando os seus cidad\u00e3os com medo e viol\u00eancia.<\/p>\n<p>No cora\u00e7\u00e3o deste mundo sombrio, Winston Smith ousa sonhar com um mundo livre do Big Brother. Conseguir\u00e1 um homem, por meio de pequenos atos de desafio \u2014 come\u00e7ar um di\u00e1rio, apaixonar-se \u2014 defender a verdade, a liberdade e a esperan\u00e7a para as gera\u00e7\u00f5es vindouras?<\/p>\n<p>Com Ana Castro, Carolina Salles, Gon\u00e7alo Carvalho, In\u00eas Pereira, Paulo Pinto, Pedro Caeiro, Raquel Montenegro, Tiago Matias e Victor Gon\u00e7alves.<\/p>\n<p>Participa\u00e7\u00e3o em v\u00eddeo de: Am\u00e9rico Silva, Ana Amaral, Ana Gomes, Carla Madeira, D\u00e9cia Tavares, Diana C\u00e9sar, Eduarda Arriaga, Gon\u00e7alo Pereira, H\u00e9lder Braz, In\u00eas Puga, In\u00eas Tamar, Joana Calado, Jo\u00e3o Carvalho, Jo\u00e3o Meireles, Jo\u00e3o Reixa, Lara Canteiro, Malu Vasconcellos, Maria Costa, Maria Romana, Natasha Esteves, Pedro Carraca, Rafael Arnaud, Raquel Ferradosa, Ri S. Lavado, R\u00faben Soares, Teresa Grisante, Tom\u00e1s Henriques, Uberti e Vicente Wallenstein.<\/p>\n<p>Uma cenografia e figurinos de Rita Lopes Alves, a encena\u00e7\u00e3o \u00e9 de Pedro Carraca. A produ\u00e7\u00e3o \u00e9 dos Artistas Unidos, Centro Cultural de Bel\u00e9m e Teatro Aveirense.<\/p>\n<p>1984 de George Orwell \u2013 uma nova adapta\u00e7\u00e3o de Robert Icke e Duncan Macmillan estreou a 13 de setembro de 2013, no Nottingham Playhouse em coprodu\u00e7\u00e3o com a Headlong, com interpreta\u00e7\u00e3o de Mark Arends, Tim Dutton, Stephen Fewell, Christopher Patrick Nolan, Matthew Spencer, Gavin Spokes, Mandi Symonds e Hara Yannas, e encena\u00e7\u00e3o de Robert Icke e Duncan Macmillan.<\/p>\n<p>O espet\u00e1culo estreou em Portugal a 8 de novembro de 2024 no Teatro Aveirense. 1984 de George Orwell \u2013 uma nova adapta\u00e7\u00e3o de Robert Icke e Duncan Macmillan ser\u00e1 publicada no Livrinho de Teatro n.\u00ba 183.<\/p>\n","protected":false},"excerpt":{"rendered":"<p>Estado com Arte Magazine<\/p>\n","protected":false},"author":1,"featured_media":8561,"comment_status":"open","ping_status":"open","sticky":false,"template":"","format":"standard","meta":{"site-sidebar-layout":"default","site-content-layout":"default","ast-global-header-display":"","ast-banner-title-visibility":"","ast-main-header-display":"","ast-hfb-above-header-display":"","ast-hfb-below-header-display":"","ast-hfb-mobile-header-display":"","site-post-title":"","ast-breadcrumbs-content":"","ast-featured-img":"","footer-sml-layout":"","theme-transparent-header-meta":"default","adv-header-id-meta":"","stick-header-meta":"","header-above-stick-meta":"","header-main-stick-meta":"","header-below-stick-meta":"","footnotes":""},"categories":[7,64],"tags":[694,696,697,695],"class_list":["post-8554","post","type-post","status-publish","format-standard","has-post-thumbnail","hentry","category-cultura","category-isto-para-nos","tag-694","tag-artistas-unidos","tag-ccb","tag-george-orwell"],"yoast_head":"<!-- This site is optimized with the Yoast SEO plugin v25.1 - https:\/\/yoast.com\/wordpress\/plugins\/seo\/ -->\n<title>CCB. Nova adapta\u00e7\u00e3o de 1984 de George Orwell dos Artistas Unidos - Estado com Arte<\/title>\n<meta name=\"robots\" content=\"index, follow, max-snippet:-1, max-image-preview:large, max-video-preview:-1\" \/>\n<link rel=\"canonical\" href=\"https:\/\/estadocomarte.pt\/site\/2025\/02\/14\/ccb-nova-adaptacao-de-1984-de-george-orwell-dos-artistas-unidos\/\" \/>\n<meta property=\"og:locale\" content=\"pt_PT\" \/>\n<meta property=\"og:type\" content=\"article\" \/>\n<meta property=\"og:title\" content=\"CCB. Nova adapta\u00e7\u00e3o de 1984 de George Orwell dos Artistas Unidos - Estado com Arte\" \/>\n<meta property=\"og:description\" content=\"Estado com Arte Magazine\" \/>\n<meta property=\"og:url\" content=\"https:\/\/estadocomarte.pt\/site\/2025\/02\/14\/ccb-nova-adaptacao-de-1984-de-george-orwell-dos-artistas-unidos\/\" \/>\n<meta property=\"og:site_name\" content=\"Estado com Arte\" \/>\n<meta property=\"article:published_time\" content=\"2025-02-14T10:25:57+00:00\" \/>\n<meta property=\"article:modified_time\" content=\"2025-02-14T10:32:14+00:00\" \/>\n<meta property=\"og:image\" content=\"https:\/\/estadocomarte.pt\/site\/wp-content\/uploads\/2025\/02\/1984.jpg\" \/>\n\t<meta property=\"og:image:width\" content=\"605\" \/>\n\t<meta property=\"og:image:height\" content=\"284\" \/>\n\t<meta property=\"og:image:type\" content=\"image\/jpeg\" \/>\n<meta name=\"author\" content=\"admin\" \/>\n<meta name=\"twitter:card\" content=\"summary_large_image\" \/>\n<meta name=\"twitter:label1\" content=\"Escrito por\" \/>\n\t<meta name=\"twitter:data1\" content=\"admin\" \/>\n\t<meta name=\"twitter:label2\" content=\"Tempo estimado de leitura\" \/>\n\t<meta name=\"twitter:data2\" content=\"3 minutos\" \/>\n<script type=\"application\/ld+json\" class=\"yoast-schema-graph\">{\"@context\":\"https:\/\/schema.org\",\"@graph\":[{\"@type\":\"Article\",\"@id\":\"https:\/\/estadocomarte.pt\/site\/2025\/02\/14\/ccb-nova-adaptacao-de-1984-de-george-orwell-dos-artistas-unidos\/#article\",\"isPartOf\":{\"@id\":\"https:\/\/estadocomarte.pt\/site\/2025\/02\/14\/ccb-nova-adaptacao-de-1984-de-george-orwell-dos-artistas-unidos\/\"},\"author\":{\"name\":\"admin\",\"@id\":\"https:\/\/estadocomarte.pt\/site\/#\/schema\/person\/c0943a071216c1e5b21f85304151e4ba\"},\"headline\":\"CCB. Nova adapta\u00e7\u00e3o de 1984 de George Orwell dos Artistas Unidos\",\"datePublished\":\"2025-02-14T10:25:57+00:00\",\"dateModified\":\"2025-02-14T10:32:14+00:00\",\"mainEntityOfPage\":{\"@id\":\"https:\/\/estadocomarte.pt\/site\/2025\/02\/14\/ccb-nova-adaptacao-de-1984-de-george-orwell-dos-artistas-unidos\/\"},\"wordCount\":391,\"commentCount\":0,\"publisher\":{\"@id\":\"https:\/\/estadocomarte.pt\/site\/#organization\"},\"image\":{\"@id\":\"https:\/\/estadocomarte.pt\/site\/2025\/02\/14\/ccb-nova-adaptacao-de-1984-de-george-orwell-dos-artistas-unidos\/#primaryimage\"},\"thumbnailUrl\":\"https:\/\/estadocomarte.pt\/site\/wp-content\/uploads\/2025\/02\/1984.jpg\",\"keywords\":[\"1984\",\"artistas unidos\",\"ccb\",\"george orwell\"],\"articleSection\":[\"Cultura\",\"Isto Para N\u00f3s\"],\"inLanguage\":\"pt-PT\",\"potentialAction\":[{\"@type\":\"CommentAction\",\"name\":\"Comment\",\"target\":[\"https:\/\/estadocomarte.pt\/site\/2025\/02\/14\/ccb-nova-adaptacao-de-1984-de-george-orwell-dos-artistas-unidos\/#respond\"]}]},{\"@type\":\"WebPage\",\"@id\":\"https:\/\/estadocomarte.pt\/site\/2025\/02\/14\/ccb-nova-adaptacao-de-1984-de-george-orwell-dos-artistas-unidos\/\",\"url\":\"https:\/\/estadocomarte.pt\/site\/2025\/02\/14\/ccb-nova-adaptacao-de-1984-de-george-orwell-dos-artistas-unidos\/\",\"name\":\"CCB. Nova adapta\u00e7\u00e3o de 1984 de George Orwell dos Artistas Unidos - Estado com Arte\",\"isPartOf\":{\"@id\":\"https:\/\/estadocomarte.pt\/site\/#website\"},\"primaryImageOfPage\":{\"@id\":\"https:\/\/estadocomarte.pt\/site\/2025\/02\/14\/ccb-nova-adaptacao-de-1984-de-george-orwell-dos-artistas-unidos\/#primaryimage\"},\"image\":{\"@id\":\"https:\/\/estadocomarte.pt\/site\/2025\/02\/14\/ccb-nova-adaptacao-de-1984-de-george-orwell-dos-artistas-unidos\/#primaryimage\"},\"thumbnailUrl\":\"https:\/\/estadocomarte.pt\/site\/wp-content\/uploads\/2025\/02\/1984.jpg\",\"datePublished\":\"2025-02-14T10:25:57+00:00\",\"dateModified\":\"2025-02-14T10:32:14+00:00\",\"breadcrumb\":{\"@id\":\"https:\/\/estadocomarte.pt\/site\/2025\/02\/14\/ccb-nova-adaptacao-de-1984-de-george-orwell-dos-artistas-unidos\/#breadcrumb\"},\"inLanguage\":\"pt-PT\",\"potentialAction\":[{\"@type\":\"ReadAction\",\"target\":[\"https:\/\/estadocomarte.pt\/site\/2025\/02\/14\/ccb-nova-adaptacao-de-1984-de-george-orwell-dos-artistas-unidos\/\"]}]},{\"@type\":\"ImageObject\",\"inLanguage\":\"pt-PT\",\"@id\":\"https:\/\/estadocomarte.pt\/site\/2025\/02\/14\/ccb-nova-adaptacao-de-1984-de-george-orwell-dos-artistas-unidos\/#primaryimage\",\"url\":\"https:\/\/estadocomarte.pt\/site\/wp-content\/uploads\/2025\/02\/1984.jpg\",\"contentUrl\":\"https:\/\/estadocomarte.pt\/site\/wp-content\/uploads\/2025\/02\/1984.jpg\",\"width\":605,\"height\":284},{\"@type\":\"BreadcrumbList\",\"@id\":\"https:\/\/estadocomarte.pt\/site\/2025\/02\/14\/ccb-nova-adaptacao-de-1984-de-george-orwell-dos-artistas-unidos\/#breadcrumb\",\"itemListElement\":[{\"@type\":\"ListItem\",\"position\":1,\"name\":\"In\u00edcio\",\"item\":\"https:\/\/estadocomarte.pt\/site\/\"},{\"@type\":\"ListItem\",\"position\":2,\"name\":\"CCB. Nova adapta\u00e7\u00e3o de 1984 de George Orwell dos Artistas Unidos\"}]},{\"@type\":\"WebSite\",\"@id\":\"https:\/\/estadocomarte.pt\/site\/#website\",\"url\":\"https:\/\/estadocomarte.pt\/site\/\",\"name\":\"Estado com Arte Magazine\",\"description\":\"Magazine\",\"publisher\":{\"@id\":\"https:\/\/estadocomarte.pt\/site\/#organization\"},\"alternateName\":\"Magazine semanal sobre pol\u00edtica e cultura, com autores, opini\u00e3o e cr\u00edticas.\",\"potentialAction\":[{\"@type\":\"SearchAction\",\"target\":{\"@type\":\"EntryPoint\",\"urlTemplate\":\"https:\/\/estadocomarte.pt\/site\/?s={search_term_string}\"},\"query-input\":{\"@type\":\"PropertyValueSpecification\",\"valueRequired\":true,\"valueName\":\"search_term_string\"}}],\"inLanguage\":\"pt-PT\"},{\"@type\":\"Organization\",\"@id\":\"https:\/\/estadocomarte.pt\/site\/#organization\",\"name\":\"Estado com Arte Magazine\",\"alternateName\":\"Magazine semanal sobre pol\u00edtica e cultura, com autores, opini\u00e3o e cr\u00edticas.\",\"url\":\"https:\/\/estadocomarte.pt\/site\/\",\"logo\":{\"@type\":\"ImageObject\",\"inLanguage\":\"pt-PT\",\"@id\":\"https:\/\/estadocomarte.pt\/site\/#\/schema\/logo\/image\/\",\"url\":\"https:\/\/estadocomarte.pt\/site\/wp-content\/uploads\/2023\/06\/cropped-cropped-Prancheta-2@2x-100.jpg\",\"contentUrl\":\"https:\/\/estadocomarte.pt\/site\/wp-content\/uploads\/2023\/06\/cropped-cropped-Prancheta-2@2x-100.jpg\",\"width\":1777,\"height\":592,\"caption\":\"Estado com Arte Magazine\"},\"image\":{\"@id\":\"https:\/\/estadocomarte.pt\/site\/#\/schema\/logo\/image\/\"},\"sameAs\":[\"https:\/\/www.instagram.com\/estadocomartemagazine\"]},{\"@type\":\"Person\",\"@id\":\"https:\/\/estadocomarte.pt\/site\/#\/schema\/person\/c0943a071216c1e5b21f85304151e4ba\",\"name\":\"admin\",\"image\":{\"@type\":\"ImageObject\",\"inLanguage\":\"pt-PT\",\"@id\":\"https:\/\/estadocomarte.pt\/site\/#\/schema\/person\/image\/\",\"url\":\"https:\/\/secure.gravatar.com\/avatar\/e6f378fd6914c8505d3e1d40f51fa953b21bab0f3a5658a33bc84cb5bda780f9?s=96&d=mm&r=g\",\"contentUrl\":\"https:\/\/secure.gravatar.com\/avatar\/e6f378fd6914c8505d3e1d40f51fa953b21bab0f3a5658a33bc84cb5bda780f9?s=96&d=mm&r=g\",\"caption\":\"admin\"},\"sameAs\":[\"https:\/\/estadocomarte.pt\/site\"],\"url\":\"https:\/\/estadocomarte.pt\/site\/author\/admin\/\"}]}<\/script>\n<!-- \/ Yoast SEO plugin. -->","yoast_head_json":{"title":"CCB. Nova adapta\u00e7\u00e3o de 1984 de George Orwell dos Artistas Unidos - Estado com Arte","robots":{"index":"index","follow":"follow","max-snippet":"max-snippet:-1","max-image-preview":"max-image-preview:large","max-video-preview":"max-video-preview:-1"},"canonical":"https:\/\/estadocomarte.pt\/site\/2025\/02\/14\/ccb-nova-adaptacao-de-1984-de-george-orwell-dos-artistas-unidos\/","og_locale":"pt_PT","og_type":"article","og_title":"CCB. Nova adapta\u00e7\u00e3o de 1984 de George Orwell dos Artistas Unidos - Estado com Arte","og_description":"Estado com Arte Magazine","og_url":"https:\/\/estadocomarte.pt\/site\/2025\/02\/14\/ccb-nova-adaptacao-de-1984-de-george-orwell-dos-artistas-unidos\/","og_site_name":"Estado com Arte","article_published_time":"2025-02-14T10:25:57+00:00","article_modified_time":"2025-02-14T10:32:14+00:00","og_image":[{"width":605,"height":284,"url":"https:\/\/estadocomarte.pt\/site\/wp-content\/uploads\/2025\/02\/1984.jpg","type":"image\/jpeg"}],"author":"admin","twitter_card":"summary_large_image","twitter_misc":{"Escrito por":"admin","Tempo estimado de leitura":"3 minutos"},"schema":{"@context":"https:\/\/schema.org","@graph":[{"@type":"Article","@id":"https:\/\/estadocomarte.pt\/site\/2025\/02\/14\/ccb-nova-adaptacao-de-1984-de-george-orwell-dos-artistas-unidos\/#article","isPartOf":{"@id":"https:\/\/estadocomarte.pt\/site\/2025\/02\/14\/ccb-nova-adaptacao-de-1984-de-george-orwell-dos-artistas-unidos\/"},"author":{"name":"admin","@id":"https:\/\/estadocomarte.pt\/site\/#\/schema\/person\/c0943a071216c1e5b21f85304151e4ba"},"headline":"CCB. Nova adapta\u00e7\u00e3o de 1984 de George Orwell dos Artistas Unidos","datePublished":"2025-02-14T10:25:57+00:00","dateModified":"2025-02-14T10:32:14+00:00","mainEntityOfPage":{"@id":"https:\/\/estadocomarte.pt\/site\/2025\/02\/14\/ccb-nova-adaptacao-de-1984-de-george-orwell-dos-artistas-unidos\/"},"wordCount":391,"commentCount":0,"publisher":{"@id":"https:\/\/estadocomarte.pt\/site\/#organization"},"image":{"@id":"https:\/\/estadocomarte.pt\/site\/2025\/02\/14\/ccb-nova-adaptacao-de-1984-de-george-orwell-dos-artistas-unidos\/#primaryimage"},"thumbnailUrl":"https:\/\/estadocomarte.pt\/site\/wp-content\/uploads\/2025\/02\/1984.jpg","keywords":["1984","artistas unidos","ccb","george orwell"],"articleSection":["Cultura","Isto Para N\u00f3s"],"inLanguage":"pt-PT","potentialAction":[{"@type":"CommentAction","name":"Comment","target":["https:\/\/estadocomarte.pt\/site\/2025\/02\/14\/ccb-nova-adaptacao-de-1984-de-george-orwell-dos-artistas-unidos\/#respond"]}]},{"@type":"WebPage","@id":"https:\/\/estadocomarte.pt\/site\/2025\/02\/14\/ccb-nova-adaptacao-de-1984-de-george-orwell-dos-artistas-unidos\/","url":"https:\/\/estadocomarte.pt\/site\/2025\/02\/14\/ccb-nova-adaptacao-de-1984-de-george-orwell-dos-artistas-unidos\/","name":"CCB. Nova adapta\u00e7\u00e3o de 1984 de George Orwell dos Artistas Unidos - Estado com Arte","isPartOf":{"@id":"https:\/\/estadocomarte.pt\/site\/#website"},"primaryImageOfPage":{"@id":"https:\/\/estadocomarte.pt\/site\/2025\/02\/14\/ccb-nova-adaptacao-de-1984-de-george-orwell-dos-artistas-unidos\/#primaryimage"},"image":{"@id":"https:\/\/estadocomarte.pt\/site\/2025\/02\/14\/ccb-nova-adaptacao-de-1984-de-george-orwell-dos-artistas-unidos\/#primaryimage"},"thumbnailUrl":"https:\/\/estadocomarte.pt\/site\/wp-content\/uploads\/2025\/02\/1984.jpg","datePublished":"2025-02-14T10:25:57+00:00","dateModified":"2025-02-14T10:32:14+00:00","breadcrumb":{"@id":"https:\/\/estadocomarte.pt\/site\/2025\/02\/14\/ccb-nova-adaptacao-de-1984-de-george-orwell-dos-artistas-unidos\/#breadcrumb"},"inLanguage":"pt-PT","potentialAction":[{"@type":"ReadAction","target":["https:\/\/estadocomarte.pt\/site\/2025\/02\/14\/ccb-nova-adaptacao-de-1984-de-george-orwell-dos-artistas-unidos\/"]}]},{"@type":"ImageObject","inLanguage":"pt-PT","@id":"https:\/\/estadocomarte.pt\/site\/2025\/02\/14\/ccb-nova-adaptacao-de-1984-de-george-orwell-dos-artistas-unidos\/#primaryimage","url":"https:\/\/estadocomarte.pt\/site\/wp-content\/uploads\/2025\/02\/1984.jpg","contentUrl":"https:\/\/estadocomarte.pt\/site\/wp-content\/uploads\/2025\/02\/1984.jpg","width":605,"height":284},{"@type":"BreadcrumbList","@id":"https:\/\/estadocomarte.pt\/site\/2025\/02\/14\/ccb-nova-adaptacao-de-1984-de-george-orwell-dos-artistas-unidos\/#breadcrumb","itemListElement":[{"@type":"ListItem","position":1,"name":"In\u00edcio","item":"https:\/\/estadocomarte.pt\/site\/"},{"@type":"ListItem","position":2,"name":"CCB. Nova adapta\u00e7\u00e3o de 1984 de George Orwell dos Artistas Unidos"}]},{"@type":"WebSite","@id":"https:\/\/estadocomarte.pt\/site\/#website","url":"https:\/\/estadocomarte.pt\/site\/","name":"Estado com Arte Magazine","description":"Magazine","publisher":{"@id":"https:\/\/estadocomarte.pt\/site\/#organization"},"alternateName":"Magazine semanal sobre pol\u00edtica e cultura, com autores, opini\u00e3o e cr\u00edticas.","potentialAction":[{"@type":"SearchAction","target":{"@type":"EntryPoint","urlTemplate":"https:\/\/estadocomarte.pt\/site\/?s={search_term_string}"},"query-input":{"@type":"PropertyValueSpecification","valueRequired":true,"valueName":"search_term_string"}}],"inLanguage":"pt-PT"},{"@type":"Organization","@id":"https:\/\/estadocomarte.pt\/site\/#organization","name":"Estado com Arte Magazine","alternateName":"Magazine semanal sobre pol\u00edtica e cultura, com autores, opini\u00e3o e cr\u00edticas.","url":"https:\/\/estadocomarte.pt\/site\/","logo":{"@type":"ImageObject","inLanguage":"pt-PT","@id":"https:\/\/estadocomarte.pt\/site\/#\/schema\/logo\/image\/","url":"https:\/\/estadocomarte.pt\/site\/wp-content\/uploads\/2023\/06\/cropped-cropped-Prancheta-2@2x-100.jpg","contentUrl":"https:\/\/estadocomarte.pt\/site\/wp-content\/uploads\/2023\/06\/cropped-cropped-Prancheta-2@2x-100.jpg","width":1777,"height":592,"caption":"Estado com Arte Magazine"},"image":{"@id":"https:\/\/estadocomarte.pt\/site\/#\/schema\/logo\/image\/"},"sameAs":["https:\/\/www.instagram.com\/estadocomartemagazine"]},{"@type":"Person","@id":"https:\/\/estadocomarte.pt\/site\/#\/schema\/person\/c0943a071216c1e5b21f85304151e4ba","name":"admin","image":{"@type":"ImageObject","inLanguage":"pt-PT","@id":"https:\/\/estadocomarte.pt\/site\/#\/schema\/person\/image\/","url":"https:\/\/secure.gravatar.com\/avatar\/e6f378fd6914c8505d3e1d40f51fa953b21bab0f3a5658a33bc84cb5bda780f9?s=96&d=mm&r=g","contentUrl":"https:\/\/secure.gravatar.com\/avatar\/e6f378fd6914c8505d3e1d40f51fa953b21bab0f3a5658a33bc84cb5bda780f9?s=96&d=mm&r=g","caption":"admin"},"sameAs":["https:\/\/estadocomarte.pt\/site"],"url":"https:\/\/estadocomarte.pt\/site\/author\/admin\/"}]}},"_links":{"self":[{"href":"https:\/\/estadocomarte.pt\/site\/wp-json\/wp\/v2\/posts\/8554","targetHints":{"allow":["GET"]}}],"collection":[{"href":"https:\/\/estadocomarte.pt\/site\/wp-json\/wp\/v2\/posts"}],"about":[{"href":"https:\/\/estadocomarte.pt\/site\/wp-json\/wp\/v2\/types\/post"}],"author":[{"embeddable":true,"href":"https:\/\/estadocomarte.pt\/site\/wp-json\/wp\/v2\/users\/1"}],"replies":[{"embeddable":true,"href":"https:\/\/estadocomarte.pt\/site\/wp-json\/wp\/v2\/comments?post=8554"}],"version-history":[{"count":0,"href":"https:\/\/estadocomarte.pt\/site\/wp-json\/wp\/v2\/posts\/8554\/revisions"}],"wp:featuredmedia":[{"embeddable":true,"href":"https:\/\/estadocomarte.pt\/site\/wp-json\/wp\/v2\/media\/8561"}],"wp:attachment":[{"href":"https:\/\/estadocomarte.pt\/site\/wp-json\/wp\/v2\/media?parent=8554"}],"wp:term":[{"taxonomy":"category","embeddable":true,"href":"https:\/\/estadocomarte.pt\/site\/wp-json\/wp\/v2\/categories?post=8554"},{"taxonomy":"post_tag","embeddable":true,"href":"https:\/\/estadocomarte.pt\/site\/wp-json\/wp\/v2\/tags?post=8554"}],"curies":[{"name":"wp","href":"https:\/\/api.w.org\/{rel}","templated":true}]}}