{"id":8571,"date":"2025-02-14T13:11:43","date_gmt":"2025-02-14T13:11:43","guid":{"rendered":"https:\/\/estadocomarte.pt\/site\/?p=8571"},"modified":"2025-02-14T14:00:21","modified_gmt":"2025-02-14T14:00:21","slug":"refens-sasha-trufanov-sagui-dekel-chen-e-yair-horn-devem-ser-libertados-de-gaza-amanha","status":"publish","type":"post","link":"https:\/\/estadocomarte.pt\/site\/2025\/02\/14\/refens-sasha-trufanov-sagui-dekel-chen-e-yair-horn-devem-ser-libertados-de-gaza-amanha\/","title":{"rendered":"Ref\u00e9ns. Sasha Trufanov, Sagui Dekel-Chen e Yair Horn devem ser libertados de Gaza amanh\u00e3"},"content":{"rendered":"<p><strong>Israel recebeu por meio de mediadores do Egito e Catar os nomes dos tr\u00eas ref\u00e9ns que o Hamas diz que ir\u00e1 libertar no s\u00e1bado, disse o gabinete do primeiro-ministro de Israel.<\/strong><\/p>\n<p><strong>Os tr\u00eas ref\u00e9ns s\u00e3o Sasha Trufanov (29), Sagui Dekel-Chen (36) e Yair Horn (46).<\/strong><\/p>\n<p>A noticia avan\u00e7ada pelo Times of Israel confirma que as fam\u00edlias dos ref\u00e9ns aprovaram a divulga\u00e7\u00e3o dos nomes.<\/p>\n<p>Todos os tr\u00eas ref\u00e9ns foram sequestrados do Kibutz Nir Oz quando os terroristas do Hamas invadiram o kibutz, mataram ou sequestraram um em cada quatro residentes da comunidade, em 7 de outubro de 2023.<\/p>\n<p>Israel libertar\u00e1 369 prisioneiros de seguran\u00e7a palestinos amanh\u00e3 como parte da sexta troca de ref\u00e9ns e prisioneiros, disse o gabinete de media dos prisioneiros do Hamas, incluindo 36 prisioneiros que est\u00e3o a cumprindo penas de pris\u00e3o perp\u00e9tua.<\/p>\n<p>Os restantes 333 prisioneiros programados para serem libertados na primeira fase do acordo foram detidos na Faixa de Gaza ap\u00f3s 7 de outubro.<\/p>\n<p>Or Levy, lusodescendente, visitou a Pra\u00e7a dos Ref\u00e9ns de Tel Aviv, seis dias ap\u00f3s sua liberta\u00e7\u00e3o do cativeiro do Hamas e diz que insistiu em faz\u00ea-lo apesar da resist\u00eancia de sua fam\u00edlia e m\u00e9dicos.<\/p>\n<p>\u201cJ\u00e1 se passou uma semana, uma semana desde que renasci\u201d, disse Levy sobre sua liberta\u00e7\u00e3o no \u00faltimo s\u00e1bado. \u201cEstou tentando processar o que aconteceu durante os 491 dias que perdi, tentando entender o que aconteceu no nosso pa\u00eds durante esse per\u00edodo.\u201d<\/p>\n<p>Durante o seu cativeiro em Gaza, n\u00e3o sabia se a sua esposa Eynav ainda estava viva ou n\u00e3o.<\/p>\n<figure id=\"attachment_8574\" aria-describedby=\"caption-attachment-8574\" style=\"width: 300px\" class=\"wp-caption alignleft\"><img fetchpriority=\"high\" decoding=\"async\" class=\"wp-image-8574 size-medium\" src=\"https:\/\/estadocomarte.pt\/site\/wp-content\/uploads\/2025\/02\/Or-levy-free-1-300x188.webp\" alt=\"\" width=\"300\" height=\"188\" srcset=\"https:\/\/estadocomarte.pt\/site\/wp-content\/uploads\/2025\/02\/Or-levy-free-1-300x188.webp 300w, https:\/\/estadocomarte.pt\/site\/wp-content\/uploads\/2025\/02\/Or-levy-free-1.webp 640w\" sizes=\"(max-width: 300px) 100vw, 300px\" \/><figcaption id=\"caption-attachment-8574\" class=\"wp-caption-text\">Or Levy visitou a Pra\u00e7a dos Ref\u00e9ns de Tel Aviv, seis dias ap\u00f3s sua liberta\u00e7\u00e3o do cativeiro do Hamas para pedir a liberta\u00e7\u00e3o de mais ref\u00e9ns<\/figcaption><\/figure>\n<p>Eynav Levy foi morto no abrigo \u00e0 beira da estrada perto da rave Nova, para onde o casal fugiu durante o ataque com foguetes na manh\u00e3 de 7 de outubro de 2023, enquanto Or era levado cativo.<\/p>\n<p>\u201cRecebi uma not\u00edcia t\u00e3o devastadora quando voltei, mas prometi-lhe todos os dias enquanto l\u00e1 estive que permaneceria forte por ela e pelo maior presente que ela me deu na vida: Mogi\u201d, diz Levy, referindo-se ao filho de tr\u00eas anos, Almog.<\/p>\n<p>\u201cFoi importante entender tudo o que fizeram e continuam a fazer, para ver o trabalho que est\u00e1 longe de ser dado como certo\u201d, diz Levy durante sua visita \u00e0 pra\u00e7a. \u201cPosso estar aqui, mas ainda tenho muitos irm\u00e3os e irm\u00e3s no inferno de Gaza, e o seu tempo est\u00e1 a esgotar-se.\u201d<\/p>\n<p>\u201cAlon e Eliya, estou \u00e0 vossa espera\u201d, diz Levy, referindo-se a Alon Ohel e Eliya Cohen, que foram detidos com ele e seu colega ref\u00e9m libertado Eli Sharabi. \u201cTragam-nos todos de volta! Agora! Custe o que custar.&#8221;<\/p>\n<p>Levy diz ter certeza de que todo o trabalho realizado na luta pelos ref\u00e9ns o ajudou a ele e os outros a retornarem para as suas fam\u00edlias, agradece ao p\u00fablico pela ajuda e apoio e por nunca desistir.<\/p>\n<p>\u201cIsso realmente n\u00e3o \u00e9 um dado adquirido, e eu realmente sinto que todos desempenharam um papel importante na devolu\u00e7\u00e3o da minha vida. A esperan\u00e7a \u00e9 a ultima coisa a morrer,\u201d diz Levy.<\/p>\n<p><strong>Ar\u00e1bia Saudita receber\u00e1 l\u00edderes de 4 pa\u00edses \u00e1rabes e presidente da Autoridade Palestina sobre o plano de Trump para Gaza na pr\u00f3xima semana<\/strong><\/p>\n<p>A Ar\u00e1bia Saudita receber\u00e1 os l\u00edderes de quatro pa\u00edses \u00e1rabes a 20 de fevereiro para discutir a proposta de Donald Trump para uma tomada de Gaza pelos EUA, not\u00edcia o Times of Israel.<\/p>\n<p>Os l\u00edderes do Egito, Jord\u00e2nia, Catar e Emirados \u00c1rabes Unidos participar\u00e3o da c\u00fapula de l\u00edderes, que ocorrer\u00e1 antes de uma reuni\u00e3o da Liga \u00c1rabe no Cairo em 27 de fevereiro sobre o mesmo assunto, disse a fonte ao jornal israelita.<\/p>\n<p>Falando sob condi\u00e7\u00e3o de anonimato, outra fonte disse que o presidente da Autoridade Palestina, Mahmoud Abbas, tamb\u00e9m participar\u00e1.<\/p>\n","protected":false},"excerpt":{"rendered":"<p>Estado com Arte Magazine<\/p>\n","protected":false},"author":1,"featured_media":8572,"comment_status":"open","ping_status":"open","sticky":false,"template":"","format":"standard","meta":{"site-sidebar-layout":"default","site-content-layout":"default","ast-global-header-display":"","ast-banner-title-visibility":"","ast-main-header-display":"","ast-hfb-above-header-display":"","ast-hfb-below-header-display":"","ast-hfb-mobile-header-display":"","site-post-title":"","ast-breadcrumbs-content":"","ast-featured-img":"","footer-sml-layout":"","theme-transparent-header-meta":"default","adv-header-id-meta":"","stick-header-meta":"","header-above-stick-meta":"","header-main-stick-meta":"","header-below-stick-meta":"","footnotes":""},"categories":[64,4],"tags":[185,138,94,699,698],"class_list":["post-8571","post","type-post","status-publish","format-standard","has-post-thumbnail","hentry","category-isto-para-nos","category-politica","tag-gaza","tag-hamas","tag-israel","tag-or-levy","tag-refens"],"yoast_head":"<!-- This site is optimized with the Yoast SEO plugin v25.1 - https:\/\/yoast.com\/wordpress\/plugins\/seo\/ -->\n<title>Ref\u00e9ns. Sasha Trufanov, Sagui Dekel-Chen e Yair Horn devem ser libertados de Gaza amanh\u00e3 - Estado com Arte<\/title>\n<meta name=\"robots\" content=\"index, follow, max-snippet:-1, max-image-preview:large, max-video-preview:-1\" \/>\n<link rel=\"canonical\" href=\"https:\/\/estadocomarte.pt\/site\/2025\/02\/14\/refens-sasha-trufanov-sagui-dekel-chen-e-yair-horn-devem-ser-libertados-de-gaza-amanha\/\" \/>\n<meta property=\"og:locale\" content=\"pt_PT\" \/>\n<meta property=\"og:type\" content=\"article\" \/>\n<meta property=\"og:title\" content=\"Ref\u00e9ns. Sasha Trufanov, Sagui Dekel-Chen e Yair Horn devem ser libertados de Gaza amanh\u00e3 - Estado com Arte\" \/>\n<meta property=\"og:description\" content=\"Estado com Arte Magazine\" \/>\n<meta property=\"og:url\" content=\"https:\/\/estadocomarte.pt\/site\/2025\/02\/14\/refens-sasha-trufanov-sagui-dekel-chen-e-yair-horn-devem-ser-libertados-de-gaza-amanha\/\" \/>\n<meta property=\"og:site_name\" content=\"Estado com Arte\" \/>\n<meta property=\"article:published_time\" content=\"2025-02-14T13:11:43+00:00\" \/>\n<meta property=\"article:modified_time\" content=\"2025-02-14T14:00:21+00:00\" \/>\n<meta property=\"og:image\" content=\"https:\/\/estadocomarte.pt\/site\/wp-content\/uploads\/2025\/02\/hostages.webp\" \/>\n\t<meta property=\"og:image:width\" content=\"640\" \/>\n\t<meta property=\"og:image:height\" content=\"400\" \/>\n\t<meta property=\"og:image:type\" content=\"image\/webp\" \/>\n<meta name=\"author\" content=\"admin\" \/>\n<meta name=\"twitter:card\" content=\"summary_large_image\" \/>\n<meta name=\"twitter:label1\" content=\"Escrito por\" \/>\n\t<meta name=\"twitter:data1\" content=\"admin\" \/>\n\t<meta name=\"twitter:label2\" content=\"Tempo estimado de leitura\" \/>\n\t<meta name=\"twitter:data2\" content=\"4 minutos\" \/>\n<script type=\"application\/ld+json\" class=\"yoast-schema-graph\">{\"@context\":\"https:\/\/schema.org\",\"@graph\":[{\"@type\":\"Article\",\"@id\":\"https:\/\/estadocomarte.pt\/site\/2025\/02\/14\/refens-sasha-trufanov-sagui-dekel-chen-e-yair-horn-devem-ser-libertados-de-gaza-amanha\/#article\",\"isPartOf\":{\"@id\":\"https:\/\/estadocomarte.pt\/site\/2025\/02\/14\/refens-sasha-trufanov-sagui-dekel-chen-e-yair-horn-devem-ser-libertados-de-gaza-amanha\/\"},\"author\":{\"name\":\"admin\",\"@id\":\"https:\/\/estadocomarte.pt\/site\/#\/schema\/person\/c0943a071216c1e5b21f85304151e4ba\"},\"headline\":\"Ref\u00e9ns. Sasha Trufanov, Sagui Dekel-Chen e Yair Horn devem ser libertados de Gaza amanh\u00e3\",\"datePublished\":\"2025-02-14T13:11:43+00:00\",\"dateModified\":\"2025-02-14T14:00:21+00:00\",\"mainEntityOfPage\":{\"@id\":\"https:\/\/estadocomarte.pt\/site\/2025\/02\/14\/refens-sasha-trufanov-sagui-dekel-chen-e-yair-horn-devem-ser-libertados-de-gaza-amanha\/\"},\"wordCount\":694,\"commentCount\":0,\"publisher\":{\"@id\":\"https:\/\/estadocomarte.pt\/site\/#organization\"},\"image\":{\"@id\":\"https:\/\/estadocomarte.pt\/site\/2025\/02\/14\/refens-sasha-trufanov-sagui-dekel-chen-e-yair-horn-devem-ser-libertados-de-gaza-amanha\/#primaryimage\"},\"thumbnailUrl\":\"https:\/\/estadocomarte.pt\/site\/wp-content\/uploads\/2025\/02\/hostages.webp\",\"keywords\":[\"gaza\",\"Hamas\",\"israel\",\"or levy\",\"ref\u00e9ns\"],\"articleSection\":[\"Isto Para N\u00f3s\",\"Pol\u00edtica\"],\"inLanguage\":\"pt-PT\",\"potentialAction\":[{\"@type\":\"CommentAction\",\"name\":\"Comment\",\"target\":[\"https:\/\/estadocomarte.pt\/site\/2025\/02\/14\/refens-sasha-trufanov-sagui-dekel-chen-e-yair-horn-devem-ser-libertados-de-gaza-amanha\/#respond\"]}]},{\"@type\":\"WebPage\",\"@id\":\"https:\/\/estadocomarte.pt\/site\/2025\/02\/14\/refens-sasha-trufanov-sagui-dekel-chen-e-yair-horn-devem-ser-libertados-de-gaza-amanha\/\",\"url\":\"https:\/\/estadocomarte.pt\/site\/2025\/02\/14\/refens-sasha-trufanov-sagui-dekel-chen-e-yair-horn-devem-ser-libertados-de-gaza-amanha\/\",\"name\":\"Ref\u00e9ns. Sasha Trufanov, Sagui Dekel-Chen e Yair Horn devem ser libertados de Gaza amanh\u00e3 - Estado com Arte\",\"isPartOf\":{\"@id\":\"https:\/\/estadocomarte.pt\/site\/#website\"},\"primaryImageOfPage\":{\"@id\":\"https:\/\/estadocomarte.pt\/site\/2025\/02\/14\/refens-sasha-trufanov-sagui-dekel-chen-e-yair-horn-devem-ser-libertados-de-gaza-amanha\/#primaryimage\"},\"image\":{\"@id\":\"https:\/\/estadocomarte.pt\/site\/2025\/02\/14\/refens-sasha-trufanov-sagui-dekel-chen-e-yair-horn-devem-ser-libertados-de-gaza-amanha\/#primaryimage\"},\"thumbnailUrl\":\"https:\/\/estadocomarte.pt\/site\/wp-content\/uploads\/2025\/02\/hostages.webp\",\"datePublished\":\"2025-02-14T13:11:43+00:00\",\"dateModified\":\"2025-02-14T14:00:21+00:00\",\"breadcrumb\":{\"@id\":\"https:\/\/estadocomarte.pt\/site\/2025\/02\/14\/refens-sasha-trufanov-sagui-dekel-chen-e-yair-horn-devem-ser-libertados-de-gaza-amanha\/#breadcrumb\"},\"inLanguage\":\"pt-PT\",\"potentialAction\":[{\"@type\":\"ReadAction\",\"target\":[\"https:\/\/estadocomarte.pt\/site\/2025\/02\/14\/refens-sasha-trufanov-sagui-dekel-chen-e-yair-horn-devem-ser-libertados-de-gaza-amanha\/\"]}]},{\"@type\":\"ImageObject\",\"inLanguage\":\"pt-PT\",\"@id\":\"https:\/\/estadocomarte.pt\/site\/2025\/02\/14\/refens-sasha-trufanov-sagui-dekel-chen-e-yair-horn-devem-ser-libertados-de-gaza-amanha\/#primaryimage\",\"url\":\"https:\/\/estadocomarte.pt\/site\/wp-content\/uploads\/2025\/02\/hostages.webp\",\"contentUrl\":\"https:\/\/estadocomarte.pt\/site\/wp-content\/uploads\/2025\/02\/hostages.webp\",\"width\":640,\"height\":400},{\"@type\":\"BreadcrumbList\",\"@id\":\"https:\/\/estadocomarte.pt\/site\/2025\/02\/14\/refens-sasha-trufanov-sagui-dekel-chen-e-yair-horn-devem-ser-libertados-de-gaza-amanha\/#breadcrumb\",\"itemListElement\":[{\"@type\":\"ListItem\",\"position\":1,\"name\":\"In\u00edcio\",\"item\":\"https:\/\/estadocomarte.pt\/site\/\"},{\"@type\":\"ListItem\",\"position\":2,\"name\":\"Ref\u00e9ns. Sasha Trufanov, Sagui Dekel-Chen e Yair Horn devem ser libertados de Gaza amanh\u00e3\"}]},{\"@type\":\"WebSite\",\"@id\":\"https:\/\/estadocomarte.pt\/site\/#website\",\"url\":\"https:\/\/estadocomarte.pt\/site\/\",\"name\":\"Estado com Arte Magazine\",\"description\":\"Magazine\",\"publisher\":{\"@id\":\"https:\/\/estadocomarte.pt\/site\/#organization\"},\"alternateName\":\"Magazine semanal sobre pol\u00edtica e cultura, com autores, opini\u00e3o e cr\u00edticas.\",\"potentialAction\":[{\"@type\":\"SearchAction\",\"target\":{\"@type\":\"EntryPoint\",\"urlTemplate\":\"https:\/\/estadocomarte.pt\/site\/?s={search_term_string}\"},\"query-input\":{\"@type\":\"PropertyValueSpecification\",\"valueRequired\":true,\"valueName\":\"search_term_string\"}}],\"inLanguage\":\"pt-PT\"},{\"@type\":\"Organization\",\"@id\":\"https:\/\/estadocomarte.pt\/site\/#organization\",\"name\":\"Estado com Arte Magazine\",\"alternateName\":\"Magazine semanal sobre pol\u00edtica e cultura, com autores, opini\u00e3o e cr\u00edticas.\",\"url\":\"https:\/\/estadocomarte.pt\/site\/\",\"logo\":{\"@type\":\"ImageObject\",\"inLanguage\":\"pt-PT\",\"@id\":\"https:\/\/estadocomarte.pt\/site\/#\/schema\/logo\/image\/\",\"url\":\"https:\/\/estadocomarte.pt\/site\/wp-content\/uploads\/2023\/06\/cropped-cropped-Prancheta-2@2x-100.jpg\",\"contentUrl\":\"https:\/\/estadocomarte.pt\/site\/wp-content\/uploads\/2023\/06\/cropped-cropped-Prancheta-2@2x-100.jpg\",\"width\":1777,\"height\":592,\"caption\":\"Estado com Arte Magazine\"},\"image\":{\"@id\":\"https:\/\/estadocomarte.pt\/site\/#\/schema\/logo\/image\/\"},\"sameAs\":[\"https:\/\/www.instagram.com\/estadocomartemagazine\"]},{\"@type\":\"Person\",\"@id\":\"https:\/\/estadocomarte.pt\/site\/#\/schema\/person\/c0943a071216c1e5b21f85304151e4ba\",\"name\":\"admin\",\"image\":{\"@type\":\"ImageObject\",\"inLanguage\":\"pt-PT\",\"@id\":\"https:\/\/estadocomarte.pt\/site\/#\/schema\/person\/image\/\",\"url\":\"https:\/\/secure.gravatar.com\/avatar\/e6f378fd6914c8505d3e1d40f51fa953b21bab0f3a5658a33bc84cb5bda780f9?s=96&d=mm&r=g\",\"contentUrl\":\"https:\/\/secure.gravatar.com\/avatar\/e6f378fd6914c8505d3e1d40f51fa953b21bab0f3a5658a33bc84cb5bda780f9?s=96&d=mm&r=g\",\"caption\":\"admin\"},\"sameAs\":[\"https:\/\/estadocomarte.pt\/site\"],\"url\":\"https:\/\/estadocomarte.pt\/site\/author\/admin\/\"}]}<\/script>\n<!-- \/ Yoast SEO plugin. -->","yoast_head_json":{"title":"Ref\u00e9ns. Sasha Trufanov, Sagui Dekel-Chen e Yair Horn devem ser libertados de Gaza amanh\u00e3 - Estado com Arte","robots":{"index":"index","follow":"follow","max-snippet":"max-snippet:-1","max-image-preview":"max-image-preview:large","max-video-preview":"max-video-preview:-1"},"canonical":"https:\/\/estadocomarte.pt\/site\/2025\/02\/14\/refens-sasha-trufanov-sagui-dekel-chen-e-yair-horn-devem-ser-libertados-de-gaza-amanha\/","og_locale":"pt_PT","og_type":"article","og_title":"Ref\u00e9ns. Sasha Trufanov, Sagui Dekel-Chen e Yair Horn devem ser libertados de Gaza amanh\u00e3 - Estado com Arte","og_description":"Estado com Arte Magazine","og_url":"https:\/\/estadocomarte.pt\/site\/2025\/02\/14\/refens-sasha-trufanov-sagui-dekel-chen-e-yair-horn-devem-ser-libertados-de-gaza-amanha\/","og_site_name":"Estado com Arte","article_published_time":"2025-02-14T13:11:43+00:00","article_modified_time":"2025-02-14T14:00:21+00:00","og_image":[{"width":640,"height":400,"url":"https:\/\/estadocomarte.pt\/site\/wp-content\/uploads\/2025\/02\/hostages.webp","type":"image\/webp"}],"author":"admin","twitter_card":"summary_large_image","twitter_misc":{"Escrito por":"admin","Tempo estimado de leitura":"4 minutos"},"schema":{"@context":"https:\/\/schema.org","@graph":[{"@type":"Article","@id":"https:\/\/estadocomarte.pt\/site\/2025\/02\/14\/refens-sasha-trufanov-sagui-dekel-chen-e-yair-horn-devem-ser-libertados-de-gaza-amanha\/#article","isPartOf":{"@id":"https:\/\/estadocomarte.pt\/site\/2025\/02\/14\/refens-sasha-trufanov-sagui-dekel-chen-e-yair-horn-devem-ser-libertados-de-gaza-amanha\/"},"author":{"name":"admin","@id":"https:\/\/estadocomarte.pt\/site\/#\/schema\/person\/c0943a071216c1e5b21f85304151e4ba"},"headline":"Ref\u00e9ns. Sasha Trufanov, Sagui Dekel-Chen e Yair Horn devem ser libertados de Gaza amanh\u00e3","datePublished":"2025-02-14T13:11:43+00:00","dateModified":"2025-02-14T14:00:21+00:00","mainEntityOfPage":{"@id":"https:\/\/estadocomarte.pt\/site\/2025\/02\/14\/refens-sasha-trufanov-sagui-dekel-chen-e-yair-horn-devem-ser-libertados-de-gaza-amanha\/"},"wordCount":694,"commentCount":0,"publisher":{"@id":"https:\/\/estadocomarte.pt\/site\/#organization"},"image":{"@id":"https:\/\/estadocomarte.pt\/site\/2025\/02\/14\/refens-sasha-trufanov-sagui-dekel-chen-e-yair-horn-devem-ser-libertados-de-gaza-amanha\/#primaryimage"},"thumbnailUrl":"https:\/\/estadocomarte.pt\/site\/wp-content\/uploads\/2025\/02\/hostages.webp","keywords":["gaza","Hamas","israel","or levy","ref\u00e9ns"],"articleSection":["Isto Para N\u00f3s","Pol\u00edtica"],"inLanguage":"pt-PT","potentialAction":[{"@type":"CommentAction","name":"Comment","target":["https:\/\/estadocomarte.pt\/site\/2025\/02\/14\/refens-sasha-trufanov-sagui-dekel-chen-e-yair-horn-devem-ser-libertados-de-gaza-amanha\/#respond"]}]},{"@type":"WebPage","@id":"https:\/\/estadocomarte.pt\/site\/2025\/02\/14\/refens-sasha-trufanov-sagui-dekel-chen-e-yair-horn-devem-ser-libertados-de-gaza-amanha\/","url":"https:\/\/estadocomarte.pt\/site\/2025\/02\/14\/refens-sasha-trufanov-sagui-dekel-chen-e-yair-horn-devem-ser-libertados-de-gaza-amanha\/","name":"Ref\u00e9ns. Sasha Trufanov, Sagui Dekel-Chen e Yair Horn devem ser libertados de Gaza amanh\u00e3 - Estado com Arte","isPartOf":{"@id":"https:\/\/estadocomarte.pt\/site\/#website"},"primaryImageOfPage":{"@id":"https:\/\/estadocomarte.pt\/site\/2025\/02\/14\/refens-sasha-trufanov-sagui-dekel-chen-e-yair-horn-devem-ser-libertados-de-gaza-amanha\/#primaryimage"},"image":{"@id":"https:\/\/estadocomarte.pt\/site\/2025\/02\/14\/refens-sasha-trufanov-sagui-dekel-chen-e-yair-horn-devem-ser-libertados-de-gaza-amanha\/#primaryimage"},"thumbnailUrl":"https:\/\/estadocomarte.pt\/site\/wp-content\/uploads\/2025\/02\/hostages.webp","datePublished":"2025-02-14T13:11:43+00:00","dateModified":"2025-02-14T14:00:21+00:00","breadcrumb":{"@id":"https:\/\/estadocomarte.pt\/site\/2025\/02\/14\/refens-sasha-trufanov-sagui-dekel-chen-e-yair-horn-devem-ser-libertados-de-gaza-amanha\/#breadcrumb"},"inLanguage":"pt-PT","potentialAction":[{"@type":"ReadAction","target":["https:\/\/estadocomarte.pt\/site\/2025\/02\/14\/refens-sasha-trufanov-sagui-dekel-chen-e-yair-horn-devem-ser-libertados-de-gaza-amanha\/"]}]},{"@type":"ImageObject","inLanguage":"pt-PT","@id":"https:\/\/estadocomarte.pt\/site\/2025\/02\/14\/refens-sasha-trufanov-sagui-dekel-chen-e-yair-horn-devem-ser-libertados-de-gaza-amanha\/#primaryimage","url":"https:\/\/estadocomarte.pt\/site\/wp-content\/uploads\/2025\/02\/hostages.webp","contentUrl":"https:\/\/estadocomarte.pt\/site\/wp-content\/uploads\/2025\/02\/hostages.webp","width":640,"height":400},{"@type":"BreadcrumbList","@id":"https:\/\/estadocomarte.pt\/site\/2025\/02\/14\/refens-sasha-trufanov-sagui-dekel-chen-e-yair-horn-devem-ser-libertados-de-gaza-amanha\/#breadcrumb","itemListElement":[{"@type":"ListItem","position":1,"name":"In\u00edcio","item":"https:\/\/estadocomarte.pt\/site\/"},{"@type":"ListItem","position":2,"name":"Ref\u00e9ns. Sasha Trufanov, Sagui Dekel-Chen e Yair Horn devem ser libertados de Gaza amanh\u00e3"}]},{"@type":"WebSite","@id":"https:\/\/estadocomarte.pt\/site\/#website","url":"https:\/\/estadocomarte.pt\/site\/","name":"Estado com Arte Magazine","description":"Magazine","publisher":{"@id":"https:\/\/estadocomarte.pt\/site\/#organization"},"alternateName":"Magazine semanal sobre pol\u00edtica e cultura, com autores, opini\u00e3o e cr\u00edticas.","potentialAction":[{"@type":"SearchAction","target":{"@type":"EntryPoint","urlTemplate":"https:\/\/estadocomarte.pt\/site\/?s={search_term_string}"},"query-input":{"@type":"PropertyValueSpecification","valueRequired":true,"valueName":"search_term_string"}}],"inLanguage":"pt-PT"},{"@type":"Organization","@id":"https:\/\/estadocomarte.pt\/site\/#organization","name":"Estado com Arte Magazine","alternateName":"Magazine semanal sobre pol\u00edtica e cultura, com autores, opini\u00e3o e cr\u00edticas.","url":"https:\/\/estadocomarte.pt\/site\/","logo":{"@type":"ImageObject","inLanguage":"pt-PT","@id":"https:\/\/estadocomarte.pt\/site\/#\/schema\/logo\/image\/","url":"https:\/\/estadocomarte.pt\/site\/wp-content\/uploads\/2023\/06\/cropped-cropped-Prancheta-2@2x-100.jpg","contentUrl":"https:\/\/estadocomarte.pt\/site\/wp-content\/uploads\/2023\/06\/cropped-cropped-Prancheta-2@2x-100.jpg","width":1777,"height":592,"caption":"Estado com Arte Magazine"},"image":{"@id":"https:\/\/estadocomarte.pt\/site\/#\/schema\/logo\/image\/"},"sameAs":["https:\/\/www.instagram.com\/estadocomartemagazine"]},{"@type":"Person","@id":"https:\/\/estadocomarte.pt\/site\/#\/schema\/person\/c0943a071216c1e5b21f85304151e4ba","name":"admin","image":{"@type":"ImageObject","inLanguage":"pt-PT","@id":"https:\/\/estadocomarte.pt\/site\/#\/schema\/person\/image\/","url":"https:\/\/secure.gravatar.com\/avatar\/e6f378fd6914c8505d3e1d40f51fa953b21bab0f3a5658a33bc84cb5bda780f9?s=96&d=mm&r=g","contentUrl":"https:\/\/secure.gravatar.com\/avatar\/e6f378fd6914c8505d3e1d40f51fa953b21bab0f3a5658a33bc84cb5bda780f9?s=96&d=mm&r=g","caption":"admin"},"sameAs":["https:\/\/estadocomarte.pt\/site"],"url":"https:\/\/estadocomarte.pt\/site\/author\/admin\/"}]}},"_links":{"self":[{"href":"https:\/\/estadocomarte.pt\/site\/wp-json\/wp\/v2\/posts\/8571","targetHints":{"allow":["GET"]}}],"collection":[{"href":"https:\/\/estadocomarte.pt\/site\/wp-json\/wp\/v2\/posts"}],"about":[{"href":"https:\/\/estadocomarte.pt\/site\/wp-json\/wp\/v2\/types\/post"}],"author":[{"embeddable":true,"href":"https:\/\/estadocomarte.pt\/site\/wp-json\/wp\/v2\/users\/1"}],"replies":[{"embeddable":true,"href":"https:\/\/estadocomarte.pt\/site\/wp-json\/wp\/v2\/comments?post=8571"}],"version-history":[{"count":0,"href":"https:\/\/estadocomarte.pt\/site\/wp-json\/wp\/v2\/posts\/8571\/revisions"}],"wp:featuredmedia":[{"embeddable":true,"href":"https:\/\/estadocomarte.pt\/site\/wp-json\/wp\/v2\/media\/8572"}],"wp:attachment":[{"href":"https:\/\/estadocomarte.pt\/site\/wp-json\/wp\/v2\/media?parent=8571"}],"wp:term":[{"taxonomy":"category","embeddable":true,"href":"https:\/\/estadocomarte.pt\/site\/wp-json\/wp\/v2\/categories?post=8571"},{"taxonomy":"post_tag","embeddable":true,"href":"https:\/\/estadocomarte.pt\/site\/wp-json\/wp\/v2\/tags?post=8571"}],"curies":[{"name":"wp","href":"https:\/\/api.w.org\/{rel}","templated":true}]}}