{"id":8630,"date":"2025-02-21T10:19:17","date_gmt":"2025-02-21T10:19:17","guid":{"rendered":"https:\/\/estadocomarte.pt\/site\/?p=8630"},"modified":"2025-02-21T11:17:27","modified_gmt":"2025-02-21T11:17:27","slug":"livro-de-literacia-financeira-para-criancas-lancado-pela-apotec","status":"publish","type":"post","link":"https:\/\/estadocomarte.pt\/site\/2025\/02\/21\/livro-de-literacia-financeira-para-criancas-lancado-pela-apotec\/","title":{"rendered":"Livro de literacia financeira para crian\u00e7as lan\u00e7ado pela APOTEC"},"content":{"rendered":"<p><strong>Sabes o que fazem os contabilistas? \u00e9 o mote de um livro dirigido a crian\u00e7as, em particular dos 8 aos 12 anos. Apoiado pela Associa\u00e7\u00e3o Portuguesa de T\u00e9cnicos de Contabilidade, APOTEC, este did\u00e1tico manual pretende introduzir conceitos simples no vocabul\u00e1rio dos mais novos.<\/strong><\/p>\n<p>O que \u00e9 um rendimento? Gastos e investimentos s\u00e3o a mesma coisa? E o que s\u00e3o os impostos e para que servem? Estas s\u00e3o algumas das quest\u00f5es abordadas neste livro que tem a chancela da editora <strong>Ideias com Hist\u00f3ria<\/strong>.<\/p>\n<p>O que fazem, como fazem, com quem trabalham\u2026 um livro que nos leva a conhecer a profiss\u00e3o, mas tamb\u00e9m a entrar no universo do dinheiro, das finan\u00e7as e da economia em geral.<\/p>\n<p>A M\u00f3nica, est\u00e1 no quinto ano, sai \u00e0 m\u00e3e e desde cedo que diz que \u00abcontas \u00e9 comigo\u00bb. Nas aulas \u00e9 muito boa aluna a matem\u00e1tica e adora quando a professora coloca problemas para resolver.<\/p>\n<p>A conversa entre a M\u00f3nica e a m\u00e3e \u00e9 o ponto de partida para uma aventura pelo mundo dos contabilistas.<\/p>\n<p>O que s\u00e3o despesas? O que \u00e9 um or\u00e7amento? S\u00e3o outras d\u00favidas, mas tamb\u00e9m muitas as respostas, que de forma simples e objetiva chegam \u00e0 M\u00f3nica, aos colegas desta aventura e a todos os leitores.<\/p>\n<p>Dirigido a crian\u00e7as dos 8 aos 12 anos, \u00abSabes o que fazem os contabilistas?\u00bb \u00e9 um dos recursos do novo projeto da Ideias com Hist\u00f3ria \u00abGanhar a Poupar\u00bb, centrado na literacia financeira e constitu\u00eddo por livros, jogos, kits, v\u00eddeos e um site de acesso livre.<\/p>\n<p>Isabel Cipriano tem defendido publicamente a introdu\u00e7\u00e3o da disciplina de Literacia Financeira no Curriculum Escolar, em particular a partir do ensino secund\u00e1rio. \u00c9 tamb\u00e9m co-autora do livro \u201c79 Vozes para a Literacia Financeira\u201d, publicado em 2024.<\/p>\n","protected":false},"excerpt":{"rendered":"<p>Estado com Arte Magazine<\/p>\n","protected":false},"author":1,"featured_media":8631,"comment_status":"open","ping_status":"open","sticky":false,"template":"","format":"standard","meta":{"site-sidebar-layout":"default","site-content-layout":"default","ast-global-header-display":"","ast-banner-title-visibility":"","ast-main-header-display":"","ast-hfb-above-header-display":"","ast-hfb-below-header-display":"","ast-hfb-mobile-header-display":"","site-post-title":"","ast-breadcrumbs-content":"","ast-featured-img":"","footer-sml-layout":"","theme-transparent-header-meta":"default","adv-header-id-meta":"","stick-header-meta":"","header-above-stick-meta":"","header-main-stick-meta":"","header-below-stick-meta":"","footnotes":""},"categories":[5,64],"tags":[716,715],"class_list":["post-8630","post","type-post","status-publish","format-standard","has-post-thumbnail","hentry","category-economia","category-isto-para-nos","tag-apotec","tag-literacia-financeira"],"yoast_head":"<!-- This site is optimized with the Yoast SEO plugin v25.1 - https:\/\/yoast.com\/wordpress\/plugins\/seo\/ -->\n<title>Livro de literacia financeira para crian\u00e7as lan\u00e7ado pela APOTEC - Estado com Arte<\/title>\n<meta name=\"robots\" content=\"index, follow, max-snippet:-1, max-image-preview:large, max-video-preview:-1\" \/>\n<link rel=\"canonical\" href=\"https:\/\/estadocomarte.pt\/site\/2025\/02\/21\/livro-de-literacia-financeira-para-criancas-lancado-pela-apotec\/\" \/>\n<meta property=\"og:locale\" content=\"pt_PT\" \/>\n<meta property=\"og:type\" content=\"article\" \/>\n<meta property=\"og:title\" content=\"Livro de literacia financeira para crian\u00e7as lan\u00e7ado pela APOTEC - Estado com Arte\" \/>\n<meta property=\"og:description\" content=\"Estado com Arte Magazine\" \/>\n<meta property=\"og:url\" content=\"https:\/\/estadocomarte.pt\/site\/2025\/02\/21\/livro-de-literacia-financeira-para-criancas-lancado-pela-apotec\/\" \/>\n<meta property=\"og:site_name\" content=\"Estado com Arte\" \/>\n<meta property=\"article:published_time\" content=\"2025-02-21T10:19:17+00:00\" \/>\n<meta property=\"article:modified_time\" content=\"2025-02-21T11:17:27+00:00\" \/>\n<meta property=\"og:image\" content=\"https:\/\/estadocomarte.pt\/site\/wp-content\/uploads\/2025\/02\/capa.png\" \/>\n\t<meta property=\"og:image:width\" content=\"688\" \/>\n\t<meta property=\"og:image:height\" content=\"688\" \/>\n\t<meta property=\"og:image:type\" content=\"image\/png\" \/>\n<meta name=\"author\" content=\"admin\" \/>\n<meta name=\"twitter:card\" content=\"summary_large_image\" \/>\n<meta name=\"twitter:label1\" content=\"Escrito por\" \/>\n\t<meta name=\"twitter:data1\" content=\"admin\" \/>\n\t<meta name=\"twitter:label2\" content=\"Tempo estimado de leitura\" \/>\n\t<meta name=\"twitter:data2\" content=\"2 minutos\" \/>\n<script type=\"application\/ld+json\" class=\"yoast-schema-graph\">{\"@context\":\"https:\/\/schema.org\",\"@graph\":[{\"@type\":\"Article\",\"@id\":\"https:\/\/estadocomarte.pt\/site\/2025\/02\/21\/livro-de-literacia-financeira-para-criancas-lancado-pela-apotec\/#article\",\"isPartOf\":{\"@id\":\"https:\/\/estadocomarte.pt\/site\/2025\/02\/21\/livro-de-literacia-financeira-para-criancas-lancado-pela-apotec\/\"},\"author\":{\"name\":\"admin\",\"@id\":\"https:\/\/estadocomarte.pt\/site\/#\/schema\/person\/c0943a071216c1e5b21f85304151e4ba\"},\"headline\":\"Livro de literacia financeira para crian\u00e7as lan\u00e7ado pela APOTEC\",\"datePublished\":\"2025-02-21T10:19:17+00:00\",\"dateModified\":\"2025-02-21T11:17:27+00:00\",\"mainEntityOfPage\":{\"@id\":\"https:\/\/estadocomarte.pt\/site\/2025\/02\/21\/livro-de-literacia-financeira-para-criancas-lancado-pela-apotec\/\"},\"wordCount\":311,\"commentCount\":0,\"publisher\":{\"@id\":\"https:\/\/estadocomarte.pt\/site\/#organization\"},\"image\":{\"@id\":\"https:\/\/estadocomarte.pt\/site\/2025\/02\/21\/livro-de-literacia-financeira-para-criancas-lancado-pela-apotec\/#primaryimage\"},\"thumbnailUrl\":\"https:\/\/estadocomarte.pt\/site\/wp-content\/uploads\/2025\/02\/capa.png\",\"keywords\":[\"apotec\",\"literacia financeira\"],\"articleSection\":[\"Economia\",\"Isto Para N\u00f3s\"],\"inLanguage\":\"pt-PT\",\"potentialAction\":[{\"@type\":\"CommentAction\",\"name\":\"Comment\",\"target\":[\"https:\/\/estadocomarte.pt\/site\/2025\/02\/21\/livro-de-literacia-financeira-para-criancas-lancado-pela-apotec\/#respond\"]}]},{\"@type\":\"WebPage\",\"@id\":\"https:\/\/estadocomarte.pt\/site\/2025\/02\/21\/livro-de-literacia-financeira-para-criancas-lancado-pela-apotec\/\",\"url\":\"https:\/\/estadocomarte.pt\/site\/2025\/02\/21\/livro-de-literacia-financeira-para-criancas-lancado-pela-apotec\/\",\"name\":\"Livro de literacia financeira para crian\u00e7as lan\u00e7ado pela APOTEC - Estado com Arte\",\"isPartOf\":{\"@id\":\"https:\/\/estadocomarte.pt\/site\/#website\"},\"primaryImageOfPage\":{\"@id\":\"https:\/\/estadocomarte.pt\/site\/2025\/02\/21\/livro-de-literacia-financeira-para-criancas-lancado-pela-apotec\/#primaryimage\"},\"image\":{\"@id\":\"https:\/\/estadocomarte.pt\/site\/2025\/02\/21\/livro-de-literacia-financeira-para-criancas-lancado-pela-apotec\/#primaryimage\"},\"thumbnailUrl\":\"https:\/\/estadocomarte.pt\/site\/wp-content\/uploads\/2025\/02\/capa.png\",\"datePublished\":\"2025-02-21T10:19:17+00:00\",\"dateModified\":\"2025-02-21T11:17:27+00:00\",\"breadcrumb\":{\"@id\":\"https:\/\/estadocomarte.pt\/site\/2025\/02\/21\/livro-de-literacia-financeira-para-criancas-lancado-pela-apotec\/#breadcrumb\"},\"inLanguage\":\"pt-PT\",\"potentialAction\":[{\"@type\":\"ReadAction\",\"target\":[\"https:\/\/estadocomarte.pt\/site\/2025\/02\/21\/livro-de-literacia-financeira-para-criancas-lancado-pela-apotec\/\"]}]},{\"@type\":\"ImageObject\",\"inLanguage\":\"pt-PT\",\"@id\":\"https:\/\/estadocomarte.pt\/site\/2025\/02\/21\/livro-de-literacia-financeira-para-criancas-lancado-pela-apotec\/#primaryimage\",\"url\":\"https:\/\/estadocomarte.pt\/site\/wp-content\/uploads\/2025\/02\/capa.png\",\"contentUrl\":\"https:\/\/estadocomarte.pt\/site\/wp-content\/uploads\/2025\/02\/capa.png\",\"width\":688,\"height\":688},{\"@type\":\"BreadcrumbList\",\"@id\":\"https:\/\/estadocomarte.pt\/site\/2025\/02\/21\/livro-de-literacia-financeira-para-criancas-lancado-pela-apotec\/#breadcrumb\",\"itemListElement\":[{\"@type\":\"ListItem\",\"position\":1,\"name\":\"In\u00edcio\",\"item\":\"https:\/\/estadocomarte.pt\/site\/\"},{\"@type\":\"ListItem\",\"position\":2,\"name\":\"Livro de literacia financeira para crian\u00e7as lan\u00e7ado pela APOTEC\"}]},{\"@type\":\"WebSite\",\"@id\":\"https:\/\/estadocomarte.pt\/site\/#website\",\"url\":\"https:\/\/estadocomarte.pt\/site\/\",\"name\":\"Estado com Arte Magazine\",\"description\":\"Magazine\",\"publisher\":{\"@id\":\"https:\/\/estadocomarte.pt\/site\/#organization\"},\"alternateName\":\"Magazine semanal sobre pol\u00edtica e cultura, com autores, opini\u00e3o e cr\u00edticas.\",\"potentialAction\":[{\"@type\":\"SearchAction\",\"target\":{\"@type\":\"EntryPoint\",\"urlTemplate\":\"https:\/\/estadocomarte.pt\/site\/?s={search_term_string}\"},\"query-input\":{\"@type\":\"PropertyValueSpecification\",\"valueRequired\":true,\"valueName\":\"search_term_string\"}}],\"inLanguage\":\"pt-PT\"},{\"@type\":\"Organization\",\"@id\":\"https:\/\/estadocomarte.pt\/site\/#organization\",\"name\":\"Estado com Arte Magazine\",\"alternateName\":\"Magazine semanal sobre pol\u00edtica e cultura, com autores, opini\u00e3o e cr\u00edticas.\",\"url\":\"https:\/\/estadocomarte.pt\/site\/\",\"logo\":{\"@type\":\"ImageObject\",\"inLanguage\":\"pt-PT\",\"@id\":\"https:\/\/estadocomarte.pt\/site\/#\/schema\/logo\/image\/\",\"url\":\"https:\/\/estadocomarte.pt\/site\/wp-content\/uploads\/2023\/06\/cropped-cropped-Prancheta-2@2x-100.jpg\",\"contentUrl\":\"https:\/\/estadocomarte.pt\/site\/wp-content\/uploads\/2023\/06\/cropped-cropped-Prancheta-2@2x-100.jpg\",\"width\":1777,\"height\":592,\"caption\":\"Estado com Arte Magazine\"},\"image\":{\"@id\":\"https:\/\/estadocomarte.pt\/site\/#\/schema\/logo\/image\/\"},\"sameAs\":[\"https:\/\/www.instagram.com\/estadocomartemagazine\"]},{\"@type\":\"Person\",\"@id\":\"https:\/\/estadocomarte.pt\/site\/#\/schema\/person\/c0943a071216c1e5b21f85304151e4ba\",\"name\":\"admin\",\"image\":{\"@type\":\"ImageObject\",\"inLanguage\":\"pt-PT\",\"@id\":\"https:\/\/estadocomarte.pt\/site\/#\/schema\/person\/image\/\",\"url\":\"https:\/\/secure.gravatar.com\/avatar\/e6f378fd6914c8505d3e1d40f51fa953b21bab0f3a5658a33bc84cb5bda780f9?s=96&d=mm&r=g\",\"contentUrl\":\"https:\/\/secure.gravatar.com\/avatar\/e6f378fd6914c8505d3e1d40f51fa953b21bab0f3a5658a33bc84cb5bda780f9?s=96&d=mm&r=g\",\"caption\":\"admin\"},\"sameAs\":[\"https:\/\/estadocomarte.pt\/site\"],\"url\":\"https:\/\/estadocomarte.pt\/site\/author\/admin\/\"}]}<\/script>\n<!-- \/ Yoast SEO plugin. -->","yoast_head_json":{"title":"Livro de literacia financeira para crian\u00e7as lan\u00e7ado pela APOTEC - Estado com Arte","robots":{"index":"index","follow":"follow","max-snippet":"max-snippet:-1","max-image-preview":"max-image-preview:large","max-video-preview":"max-video-preview:-1"},"canonical":"https:\/\/estadocomarte.pt\/site\/2025\/02\/21\/livro-de-literacia-financeira-para-criancas-lancado-pela-apotec\/","og_locale":"pt_PT","og_type":"article","og_title":"Livro de literacia financeira para crian\u00e7as lan\u00e7ado pela APOTEC - Estado com Arte","og_description":"Estado com Arte Magazine","og_url":"https:\/\/estadocomarte.pt\/site\/2025\/02\/21\/livro-de-literacia-financeira-para-criancas-lancado-pela-apotec\/","og_site_name":"Estado com Arte","article_published_time":"2025-02-21T10:19:17+00:00","article_modified_time":"2025-02-21T11:17:27+00:00","og_image":[{"width":688,"height":688,"url":"https:\/\/estadocomarte.pt\/site\/wp-content\/uploads\/2025\/02\/capa.png","type":"image\/png"}],"author":"admin","twitter_card":"summary_large_image","twitter_misc":{"Escrito por":"admin","Tempo estimado de leitura":"2 minutos"},"schema":{"@context":"https:\/\/schema.org","@graph":[{"@type":"Article","@id":"https:\/\/estadocomarte.pt\/site\/2025\/02\/21\/livro-de-literacia-financeira-para-criancas-lancado-pela-apotec\/#article","isPartOf":{"@id":"https:\/\/estadocomarte.pt\/site\/2025\/02\/21\/livro-de-literacia-financeira-para-criancas-lancado-pela-apotec\/"},"author":{"name":"admin","@id":"https:\/\/estadocomarte.pt\/site\/#\/schema\/person\/c0943a071216c1e5b21f85304151e4ba"},"headline":"Livro de literacia financeira para crian\u00e7as lan\u00e7ado pela APOTEC","datePublished":"2025-02-21T10:19:17+00:00","dateModified":"2025-02-21T11:17:27+00:00","mainEntityOfPage":{"@id":"https:\/\/estadocomarte.pt\/site\/2025\/02\/21\/livro-de-literacia-financeira-para-criancas-lancado-pela-apotec\/"},"wordCount":311,"commentCount":0,"publisher":{"@id":"https:\/\/estadocomarte.pt\/site\/#organization"},"image":{"@id":"https:\/\/estadocomarte.pt\/site\/2025\/02\/21\/livro-de-literacia-financeira-para-criancas-lancado-pela-apotec\/#primaryimage"},"thumbnailUrl":"https:\/\/estadocomarte.pt\/site\/wp-content\/uploads\/2025\/02\/capa.png","keywords":["apotec","literacia financeira"],"articleSection":["Economia","Isto Para N\u00f3s"],"inLanguage":"pt-PT","potentialAction":[{"@type":"CommentAction","name":"Comment","target":["https:\/\/estadocomarte.pt\/site\/2025\/02\/21\/livro-de-literacia-financeira-para-criancas-lancado-pela-apotec\/#respond"]}]},{"@type":"WebPage","@id":"https:\/\/estadocomarte.pt\/site\/2025\/02\/21\/livro-de-literacia-financeira-para-criancas-lancado-pela-apotec\/","url":"https:\/\/estadocomarte.pt\/site\/2025\/02\/21\/livro-de-literacia-financeira-para-criancas-lancado-pela-apotec\/","name":"Livro de literacia financeira para crian\u00e7as lan\u00e7ado pela APOTEC - Estado com Arte","isPartOf":{"@id":"https:\/\/estadocomarte.pt\/site\/#website"},"primaryImageOfPage":{"@id":"https:\/\/estadocomarte.pt\/site\/2025\/02\/21\/livro-de-literacia-financeira-para-criancas-lancado-pela-apotec\/#primaryimage"},"image":{"@id":"https:\/\/estadocomarte.pt\/site\/2025\/02\/21\/livro-de-literacia-financeira-para-criancas-lancado-pela-apotec\/#primaryimage"},"thumbnailUrl":"https:\/\/estadocomarte.pt\/site\/wp-content\/uploads\/2025\/02\/capa.png","datePublished":"2025-02-21T10:19:17+00:00","dateModified":"2025-02-21T11:17:27+00:00","breadcrumb":{"@id":"https:\/\/estadocomarte.pt\/site\/2025\/02\/21\/livro-de-literacia-financeira-para-criancas-lancado-pela-apotec\/#breadcrumb"},"inLanguage":"pt-PT","potentialAction":[{"@type":"ReadAction","target":["https:\/\/estadocomarte.pt\/site\/2025\/02\/21\/livro-de-literacia-financeira-para-criancas-lancado-pela-apotec\/"]}]},{"@type":"ImageObject","inLanguage":"pt-PT","@id":"https:\/\/estadocomarte.pt\/site\/2025\/02\/21\/livro-de-literacia-financeira-para-criancas-lancado-pela-apotec\/#primaryimage","url":"https:\/\/estadocomarte.pt\/site\/wp-content\/uploads\/2025\/02\/capa.png","contentUrl":"https:\/\/estadocomarte.pt\/site\/wp-content\/uploads\/2025\/02\/capa.png","width":688,"height":688},{"@type":"BreadcrumbList","@id":"https:\/\/estadocomarte.pt\/site\/2025\/02\/21\/livro-de-literacia-financeira-para-criancas-lancado-pela-apotec\/#breadcrumb","itemListElement":[{"@type":"ListItem","position":1,"name":"In\u00edcio","item":"https:\/\/estadocomarte.pt\/site\/"},{"@type":"ListItem","position":2,"name":"Livro de literacia financeira para crian\u00e7as lan\u00e7ado pela APOTEC"}]},{"@type":"WebSite","@id":"https:\/\/estadocomarte.pt\/site\/#website","url":"https:\/\/estadocomarte.pt\/site\/","name":"Estado com Arte Magazine","description":"Magazine","publisher":{"@id":"https:\/\/estadocomarte.pt\/site\/#organization"},"alternateName":"Magazine semanal sobre pol\u00edtica e cultura, com autores, opini\u00e3o e cr\u00edticas.","potentialAction":[{"@type":"SearchAction","target":{"@type":"EntryPoint","urlTemplate":"https:\/\/estadocomarte.pt\/site\/?s={search_term_string}"},"query-input":{"@type":"PropertyValueSpecification","valueRequired":true,"valueName":"search_term_string"}}],"inLanguage":"pt-PT"},{"@type":"Organization","@id":"https:\/\/estadocomarte.pt\/site\/#organization","name":"Estado com Arte Magazine","alternateName":"Magazine semanal sobre pol\u00edtica e cultura, com autores, opini\u00e3o e cr\u00edticas.","url":"https:\/\/estadocomarte.pt\/site\/","logo":{"@type":"ImageObject","inLanguage":"pt-PT","@id":"https:\/\/estadocomarte.pt\/site\/#\/schema\/logo\/image\/","url":"https:\/\/estadocomarte.pt\/site\/wp-content\/uploads\/2023\/06\/cropped-cropped-Prancheta-2@2x-100.jpg","contentUrl":"https:\/\/estadocomarte.pt\/site\/wp-content\/uploads\/2023\/06\/cropped-cropped-Prancheta-2@2x-100.jpg","width":1777,"height":592,"caption":"Estado com Arte Magazine"},"image":{"@id":"https:\/\/estadocomarte.pt\/site\/#\/schema\/logo\/image\/"},"sameAs":["https:\/\/www.instagram.com\/estadocomartemagazine"]},{"@type":"Person","@id":"https:\/\/estadocomarte.pt\/site\/#\/schema\/person\/c0943a071216c1e5b21f85304151e4ba","name":"admin","image":{"@type":"ImageObject","inLanguage":"pt-PT","@id":"https:\/\/estadocomarte.pt\/site\/#\/schema\/person\/image\/","url":"https:\/\/secure.gravatar.com\/avatar\/e6f378fd6914c8505d3e1d40f51fa953b21bab0f3a5658a33bc84cb5bda780f9?s=96&d=mm&r=g","contentUrl":"https:\/\/secure.gravatar.com\/avatar\/e6f378fd6914c8505d3e1d40f51fa953b21bab0f3a5658a33bc84cb5bda780f9?s=96&d=mm&r=g","caption":"admin"},"sameAs":["https:\/\/estadocomarte.pt\/site"],"url":"https:\/\/estadocomarte.pt\/site\/author\/admin\/"}]}},"_links":{"self":[{"href":"https:\/\/estadocomarte.pt\/site\/wp-json\/wp\/v2\/posts\/8630","targetHints":{"allow":["GET"]}}],"collection":[{"href":"https:\/\/estadocomarte.pt\/site\/wp-json\/wp\/v2\/posts"}],"about":[{"href":"https:\/\/estadocomarte.pt\/site\/wp-json\/wp\/v2\/types\/post"}],"author":[{"embeddable":true,"href":"https:\/\/estadocomarte.pt\/site\/wp-json\/wp\/v2\/users\/1"}],"replies":[{"embeddable":true,"href":"https:\/\/estadocomarte.pt\/site\/wp-json\/wp\/v2\/comments?post=8630"}],"version-history":[{"count":0,"href":"https:\/\/estadocomarte.pt\/site\/wp-json\/wp\/v2\/posts\/8630\/revisions"}],"wp:featuredmedia":[{"embeddable":true,"href":"https:\/\/estadocomarte.pt\/site\/wp-json\/wp\/v2\/media\/8631"}],"wp:attachment":[{"href":"https:\/\/estadocomarte.pt\/site\/wp-json\/wp\/v2\/media?parent=8630"}],"wp:term":[{"taxonomy":"category","embeddable":true,"href":"https:\/\/estadocomarte.pt\/site\/wp-json\/wp\/v2\/categories?post=8630"},{"taxonomy":"post_tag","embeddable":true,"href":"https:\/\/estadocomarte.pt\/site\/wp-json\/wp\/v2\/tags?post=8630"}],"curies":[{"name":"wp","href":"https:\/\/api.w.org\/{rel}","templated":true}]}}