{"id":8639,"date":"2025-02-21T22:11:31","date_gmt":"2025-02-21T22:11:31","guid":{"rendered":"https:\/\/estadocomarte.pt\/site\/?p=8639"},"modified":"2025-02-21T22:13:08","modified_gmt":"2025-02-21T22:13:08","slug":"entre-os-ventos-do-oriente-e-do-ocidente-ainda-havera-lugar-a-esperanca-num-amanha","status":"publish","type":"post","link":"https:\/\/estadocomarte.pt\/site\/2025\/02\/21\/entre-os-ventos-do-oriente-e-do-ocidente-ainda-havera-lugar-a-esperanca-num-amanha\/","title":{"rendered":"Entre \u201cOs Ventos do Oriente e do Ocidente\u201d ainda haver\u00e1 lugar \u00e0 Esperan\u00e7a num Amanh\u00e3?"},"content":{"rendered":"<p style=\"text-align: left;\"><strong>Aos 46 anos, a escritora Pearl Buck tornou-se a primeira mulher dos Estados Unidos a receber o Pr\u00e9mio Nobel de Literatura, em 10 de novembro de 1938.<\/strong><\/p>\n<p>Pearl Buck nasceu no dia 26 de junho de 1892, em Hillsboro, no estado norte-americano da Virg\u00ednia Ocidental, mas cedo foi viver para a China, com os seus pais, mission\u00e1rios presbiterianos.<\/p>\n<p>Cresceu a falar chin\u00eas e ingl\u00eas, foi educada sobretudo pela m\u00e3e e apoiada por um mestre confucionista &#8211; sistema \u00e9tico, filos\u00f3fico e religioso chin\u00eas, fundado por Conf\u00facio, em meados do s\u00e9culo VI (551 a.C.), em Tsou), o qual foi a doutrina oficial da China por mais de dois mil anos, at\u00e9 o in\u00edcio do s\u00e9culo XX. A presen\u00e7a dum mestre pensador na forma\u00e7\u00e3o \u00e9 como um guia espiritual, um fil\u00f3sofo que orienta a vida dos seus seguidores pelo caminho da harmonia, acreditando no conhecimento e na educa\u00e7\u00e3o como forma de melhorar a sociedade, na medida em que se constr\u00f3i um car\u00e1ter s\u00f3lido no ser humano.<\/p>\n<p>Regressou aos Estados Unidos, matriculou-se no Randolph College, na Virg\u00ednia, em 1910, e formou-se em Filosofia quatro anos depois. Durante esta sua passagem pela universidade, foi muito activa no movimento estudantil e escreveu para a revista liter\u00e1ria da Faculdade.<\/p>\n<p>A autora era ex\u00edmia nas suas descri\u00e7\u00f5es ricas e verdadeiramente \u00e9picas da vida camponesa na China as quais entrela\u00e7ava com elementos biogr\u00e1ficos da sua experi\u00eancia de vida familiar entre o cristianismo e o confucionismo.<\/p>\n<p>Teve forte influ\u00eancia no modo como os americanos encaravam as quest\u00f5es sociais, raciais e de discrimina\u00e7\u00e3o entre sexos, ficando tamb\u00e9m conhecida por defender a igualdade de direitos para homens e mulheres.<\/p>\n<p>Mestre em Literatura pela Universidade de Cornell, regressou \u00e0 China onde leccionou literatura inglesa e americana em v\u00e1rias universidades chinesas.<\/p>\n<p>Em 1930 publicou o seu primeiro romance, Vento do Oriente, Vento do Ocidente. Seguiu-se-lhe Terra Aben\u00e7oada (1931), romance original por conseguir conciliar uma prosa de tom b\u00edblico com a estrutura das sagas narrativas chinesas. Este tornou-se um best-seller e um dos grandes cl\u00e1ssicos modernos, tendo sido galardoado com o Pr\u00e9mio Pulitzer, em 1932, ano em que teve de abandonar o pa\u00eds, devido \u00e0 eclos\u00e3o da Guerra Civil Chinesa.<\/p>\n<p>A partir de 1935, Buck passou a viver nos Estados Unidos e empreendeu esfor\u00e7os em favor de diversas causas humanit\u00e1rias, que culminaram na cria\u00e7\u00e3o da Funda\u00e7\u00e3o Pearl Buck.<\/p>\n<p>Em 1938 tornou-se a primeira escritora norte-americana a ser galardoada com o Pr\u00e9mio Nobel de Literatura.<\/p>\n<p>Pearl Buck faleceu a 6 de mar\u00e7o de 1973, em Danby, no estado do Vermont, aos 80 anos, deixando um legado de mais de 70 livros.<\/p>\n<p>Embora real\u00e7ando o confronto entre Oriente e Ocidente toda a sua obra \u00e9 um c\u00e2ntico admir\u00e1vel de esperan\u00e7a e de confian\u00e7a na vida, animada por um optimismo construtivo, capaz de retirar da experi\u00eancia humana a energia necess\u00e1ria para recome\u00e7ar permanentemente um novo caminho, na esperan\u00e7osa esperan\u00e7a de que \u201cH\u00e1 Sempre um Amanh\u00e3\u201d.<\/p>\n<p>&nbsp;<\/p>\n","protected":false},"excerpt":{"rendered":"<p>Susana Mexia<\/p>\n","protected":false},"author":1,"featured_media":8643,"comment_status":"open","ping_status":"open","sticky":false,"template":"","format":"standard","meta":{"site-sidebar-layout":"default","site-content-layout":"default","ast-global-header-display":"","ast-banner-title-visibility":"","ast-main-header-display":"","ast-hfb-above-header-display":"","ast-hfb-below-header-display":"","ast-hfb-mobile-header-display":"","site-post-title":"","ast-breadcrumbs-content":"","ast-featured-img":"","footer-sml-layout":"","theme-transparent-header-meta":"default","adv-header-id-meta":"","stick-header-meta":"","header-above-stick-meta":"","header-main-stick-meta":"","header-below-stick-meta":"","footnotes":""},"categories":[7,64],"tags":[717,452],"class_list":["post-8639","post","type-post","status-publish","format-standard","has-post-thumbnail","hentry","category-cultura","category-isto-para-nos","tag-pearl-buck","tag-susana-mexia"],"yoast_head":"<!-- This site is optimized with the Yoast SEO plugin v25.1 - https:\/\/yoast.com\/wordpress\/plugins\/seo\/ -->\n<title>Entre \u201cOs Ventos do Oriente e do Ocidente\u201d ainda haver\u00e1 lugar \u00e0 Esperan\u00e7a num Amanh\u00e3? - Estado com Arte<\/title>\n<meta name=\"robots\" content=\"index, follow, max-snippet:-1, max-image-preview:large, max-video-preview:-1\" \/>\n<link rel=\"canonical\" href=\"https:\/\/estadocomarte.pt\/site\/2025\/02\/21\/entre-os-ventos-do-oriente-e-do-ocidente-ainda-havera-lugar-a-esperanca-num-amanha\/\" \/>\n<meta property=\"og:locale\" content=\"pt_PT\" \/>\n<meta property=\"og:type\" content=\"article\" \/>\n<meta property=\"og:title\" content=\"Entre \u201cOs Ventos do Oriente e do Ocidente\u201d ainda haver\u00e1 lugar \u00e0 Esperan\u00e7a num Amanh\u00e3? - Estado com Arte\" \/>\n<meta property=\"og:description\" content=\"Susana Mexia\" \/>\n<meta property=\"og:url\" content=\"https:\/\/estadocomarte.pt\/site\/2025\/02\/21\/entre-os-ventos-do-oriente-e-do-ocidente-ainda-havera-lugar-a-esperanca-num-amanha\/\" \/>\n<meta property=\"og:site_name\" content=\"Estado com Arte\" \/>\n<meta property=\"article:published_time\" content=\"2025-02-21T22:11:31+00:00\" \/>\n<meta property=\"article:modified_time\" content=\"2025-02-21T22:13:08+00:00\" \/>\n<meta property=\"og:image\" content=\"https:\/\/estadocomarte.pt\/site\/wp-content\/uploads\/2025\/02\/Screenshot_20250221_220833_Google-1.jpg\" \/>\n\t<meta property=\"og:image:width\" content=\"568\" \/>\n\t<meta property=\"og:image:height\" content=\"748\" \/>\n\t<meta property=\"og:image:type\" content=\"image\/jpeg\" \/>\n<meta name=\"author\" content=\"admin\" \/>\n<meta name=\"twitter:card\" content=\"summary_large_image\" \/>\n<meta name=\"twitter:label1\" content=\"Escrito por\" \/>\n\t<meta name=\"twitter:data1\" content=\"admin\" \/>\n\t<meta name=\"twitter:label2\" content=\"Tempo estimado de leitura\" \/>\n\t<meta name=\"twitter:data2\" content=\"3 minutos\" \/>\n<script type=\"application\/ld+json\" class=\"yoast-schema-graph\">{\"@context\":\"https:\/\/schema.org\",\"@graph\":[{\"@type\":\"Article\",\"@id\":\"https:\/\/estadocomarte.pt\/site\/2025\/02\/21\/entre-os-ventos-do-oriente-e-do-ocidente-ainda-havera-lugar-a-esperanca-num-amanha\/#article\",\"isPartOf\":{\"@id\":\"https:\/\/estadocomarte.pt\/site\/2025\/02\/21\/entre-os-ventos-do-oriente-e-do-ocidente-ainda-havera-lugar-a-esperanca-num-amanha\/\"},\"author\":{\"name\":\"admin\",\"@id\":\"https:\/\/estadocomarte.pt\/site\/#\/schema\/person\/c0943a071216c1e5b21f85304151e4ba\"},\"headline\":\"Entre \u201cOs Ventos do Oriente e do Ocidente\u201d ainda haver\u00e1 lugar \u00e0 Esperan\u00e7a num Amanh\u00e3?\",\"datePublished\":\"2025-02-21T22:11:31+00:00\",\"dateModified\":\"2025-02-21T22:13:08+00:00\",\"mainEntityOfPage\":{\"@id\":\"https:\/\/estadocomarte.pt\/site\/2025\/02\/21\/entre-os-ventos-do-oriente-e-do-ocidente-ainda-havera-lugar-a-esperanca-num-amanha\/\"},\"wordCount\":527,\"commentCount\":0,\"publisher\":{\"@id\":\"https:\/\/estadocomarte.pt\/site\/#organization\"},\"image\":{\"@id\":\"https:\/\/estadocomarte.pt\/site\/2025\/02\/21\/entre-os-ventos-do-oriente-e-do-ocidente-ainda-havera-lugar-a-esperanca-num-amanha\/#primaryimage\"},\"thumbnailUrl\":\"https:\/\/estadocomarte.pt\/site\/wp-content\/uploads\/2025\/02\/Screenshot_20250221_220833_Google-1.jpg\",\"keywords\":[\"Pearl buck\",\"susana mexia\"],\"articleSection\":[\"Cultura\",\"Isto Para N\u00f3s\"],\"inLanguage\":\"pt-PT\",\"potentialAction\":[{\"@type\":\"CommentAction\",\"name\":\"Comment\",\"target\":[\"https:\/\/estadocomarte.pt\/site\/2025\/02\/21\/entre-os-ventos-do-oriente-e-do-ocidente-ainda-havera-lugar-a-esperanca-num-amanha\/#respond\"]}]},{\"@type\":\"WebPage\",\"@id\":\"https:\/\/estadocomarte.pt\/site\/2025\/02\/21\/entre-os-ventos-do-oriente-e-do-ocidente-ainda-havera-lugar-a-esperanca-num-amanha\/\",\"url\":\"https:\/\/estadocomarte.pt\/site\/2025\/02\/21\/entre-os-ventos-do-oriente-e-do-ocidente-ainda-havera-lugar-a-esperanca-num-amanha\/\",\"name\":\"Entre \u201cOs Ventos do Oriente e do Ocidente\u201d ainda haver\u00e1 lugar \u00e0 Esperan\u00e7a num Amanh\u00e3? - Estado com Arte\",\"isPartOf\":{\"@id\":\"https:\/\/estadocomarte.pt\/site\/#website\"},\"primaryImageOfPage\":{\"@id\":\"https:\/\/estadocomarte.pt\/site\/2025\/02\/21\/entre-os-ventos-do-oriente-e-do-ocidente-ainda-havera-lugar-a-esperanca-num-amanha\/#primaryimage\"},\"image\":{\"@id\":\"https:\/\/estadocomarte.pt\/site\/2025\/02\/21\/entre-os-ventos-do-oriente-e-do-ocidente-ainda-havera-lugar-a-esperanca-num-amanha\/#primaryimage\"},\"thumbnailUrl\":\"https:\/\/estadocomarte.pt\/site\/wp-content\/uploads\/2025\/02\/Screenshot_20250221_220833_Google-1.jpg\",\"datePublished\":\"2025-02-21T22:11:31+00:00\",\"dateModified\":\"2025-02-21T22:13:08+00:00\",\"breadcrumb\":{\"@id\":\"https:\/\/estadocomarte.pt\/site\/2025\/02\/21\/entre-os-ventos-do-oriente-e-do-ocidente-ainda-havera-lugar-a-esperanca-num-amanha\/#breadcrumb\"},\"inLanguage\":\"pt-PT\",\"potentialAction\":[{\"@type\":\"ReadAction\",\"target\":[\"https:\/\/estadocomarte.pt\/site\/2025\/02\/21\/entre-os-ventos-do-oriente-e-do-ocidente-ainda-havera-lugar-a-esperanca-num-amanha\/\"]}]},{\"@type\":\"ImageObject\",\"inLanguage\":\"pt-PT\",\"@id\":\"https:\/\/estadocomarte.pt\/site\/2025\/02\/21\/entre-os-ventos-do-oriente-e-do-ocidente-ainda-havera-lugar-a-esperanca-num-amanha\/#primaryimage\",\"url\":\"https:\/\/estadocomarte.pt\/site\/wp-content\/uploads\/2025\/02\/Screenshot_20250221_220833_Google-1.jpg\",\"contentUrl\":\"https:\/\/estadocomarte.pt\/site\/wp-content\/uploads\/2025\/02\/Screenshot_20250221_220833_Google-1.jpg\",\"width\":568,\"height\":748},{\"@type\":\"BreadcrumbList\",\"@id\":\"https:\/\/estadocomarte.pt\/site\/2025\/02\/21\/entre-os-ventos-do-oriente-e-do-ocidente-ainda-havera-lugar-a-esperanca-num-amanha\/#breadcrumb\",\"itemListElement\":[{\"@type\":\"ListItem\",\"position\":1,\"name\":\"In\u00edcio\",\"item\":\"https:\/\/estadocomarte.pt\/site\/\"},{\"@type\":\"ListItem\",\"position\":2,\"name\":\"Entre \u201cOs Ventos do Oriente e do Ocidente\u201d ainda haver\u00e1 lugar \u00e0 Esperan\u00e7a num Amanh\u00e3?\"}]},{\"@type\":\"WebSite\",\"@id\":\"https:\/\/estadocomarte.pt\/site\/#website\",\"url\":\"https:\/\/estadocomarte.pt\/site\/\",\"name\":\"Estado com Arte Magazine\",\"description\":\"Magazine\",\"publisher\":{\"@id\":\"https:\/\/estadocomarte.pt\/site\/#organization\"},\"alternateName\":\"Magazine semanal sobre pol\u00edtica e cultura, com autores, opini\u00e3o e cr\u00edticas.\",\"potentialAction\":[{\"@type\":\"SearchAction\",\"target\":{\"@type\":\"EntryPoint\",\"urlTemplate\":\"https:\/\/estadocomarte.pt\/site\/?s={search_term_string}\"},\"query-input\":{\"@type\":\"PropertyValueSpecification\",\"valueRequired\":true,\"valueName\":\"search_term_string\"}}],\"inLanguage\":\"pt-PT\"},{\"@type\":\"Organization\",\"@id\":\"https:\/\/estadocomarte.pt\/site\/#organization\",\"name\":\"Estado com Arte Magazine\",\"alternateName\":\"Magazine semanal sobre pol\u00edtica e cultura, com autores, opini\u00e3o e cr\u00edticas.\",\"url\":\"https:\/\/estadocomarte.pt\/site\/\",\"logo\":{\"@type\":\"ImageObject\",\"inLanguage\":\"pt-PT\",\"@id\":\"https:\/\/estadocomarte.pt\/site\/#\/schema\/logo\/image\/\",\"url\":\"https:\/\/estadocomarte.pt\/site\/wp-content\/uploads\/2023\/06\/cropped-cropped-Prancheta-2@2x-100.jpg\",\"contentUrl\":\"https:\/\/estadocomarte.pt\/site\/wp-content\/uploads\/2023\/06\/cropped-cropped-Prancheta-2@2x-100.jpg\",\"width\":1777,\"height\":592,\"caption\":\"Estado com Arte Magazine\"},\"image\":{\"@id\":\"https:\/\/estadocomarte.pt\/site\/#\/schema\/logo\/image\/\"},\"sameAs\":[\"https:\/\/www.instagram.com\/estadocomartemagazine\"]},{\"@type\":\"Person\",\"@id\":\"https:\/\/estadocomarte.pt\/site\/#\/schema\/person\/c0943a071216c1e5b21f85304151e4ba\",\"name\":\"admin\",\"image\":{\"@type\":\"ImageObject\",\"inLanguage\":\"pt-PT\",\"@id\":\"https:\/\/estadocomarte.pt\/site\/#\/schema\/person\/image\/\",\"url\":\"https:\/\/secure.gravatar.com\/avatar\/e6f378fd6914c8505d3e1d40f51fa953b21bab0f3a5658a33bc84cb5bda780f9?s=96&d=mm&r=g\",\"contentUrl\":\"https:\/\/secure.gravatar.com\/avatar\/e6f378fd6914c8505d3e1d40f51fa953b21bab0f3a5658a33bc84cb5bda780f9?s=96&d=mm&r=g\",\"caption\":\"admin\"},\"sameAs\":[\"https:\/\/estadocomarte.pt\/site\"],\"url\":\"https:\/\/estadocomarte.pt\/site\/author\/admin\/\"}]}<\/script>\n<!-- \/ Yoast SEO plugin. -->","yoast_head_json":{"title":"Entre \u201cOs Ventos do Oriente e do Ocidente\u201d ainda haver\u00e1 lugar \u00e0 Esperan\u00e7a num Amanh\u00e3? - Estado com Arte","robots":{"index":"index","follow":"follow","max-snippet":"max-snippet:-1","max-image-preview":"max-image-preview:large","max-video-preview":"max-video-preview:-1"},"canonical":"https:\/\/estadocomarte.pt\/site\/2025\/02\/21\/entre-os-ventos-do-oriente-e-do-ocidente-ainda-havera-lugar-a-esperanca-num-amanha\/","og_locale":"pt_PT","og_type":"article","og_title":"Entre \u201cOs Ventos do Oriente e do Ocidente\u201d ainda haver\u00e1 lugar \u00e0 Esperan\u00e7a num Amanh\u00e3? - Estado com Arte","og_description":"Susana Mexia","og_url":"https:\/\/estadocomarte.pt\/site\/2025\/02\/21\/entre-os-ventos-do-oriente-e-do-ocidente-ainda-havera-lugar-a-esperanca-num-amanha\/","og_site_name":"Estado com Arte","article_published_time":"2025-02-21T22:11:31+00:00","article_modified_time":"2025-02-21T22:13:08+00:00","og_image":[{"width":568,"height":748,"url":"https:\/\/estadocomarte.pt\/site\/wp-content\/uploads\/2025\/02\/Screenshot_20250221_220833_Google-1.jpg","type":"image\/jpeg"}],"author":"admin","twitter_card":"summary_large_image","twitter_misc":{"Escrito por":"admin","Tempo estimado de leitura":"3 minutos"},"schema":{"@context":"https:\/\/schema.org","@graph":[{"@type":"Article","@id":"https:\/\/estadocomarte.pt\/site\/2025\/02\/21\/entre-os-ventos-do-oriente-e-do-ocidente-ainda-havera-lugar-a-esperanca-num-amanha\/#article","isPartOf":{"@id":"https:\/\/estadocomarte.pt\/site\/2025\/02\/21\/entre-os-ventos-do-oriente-e-do-ocidente-ainda-havera-lugar-a-esperanca-num-amanha\/"},"author":{"name":"admin","@id":"https:\/\/estadocomarte.pt\/site\/#\/schema\/person\/c0943a071216c1e5b21f85304151e4ba"},"headline":"Entre \u201cOs Ventos do Oriente e do Ocidente\u201d ainda haver\u00e1 lugar \u00e0 Esperan\u00e7a num Amanh\u00e3?","datePublished":"2025-02-21T22:11:31+00:00","dateModified":"2025-02-21T22:13:08+00:00","mainEntityOfPage":{"@id":"https:\/\/estadocomarte.pt\/site\/2025\/02\/21\/entre-os-ventos-do-oriente-e-do-ocidente-ainda-havera-lugar-a-esperanca-num-amanha\/"},"wordCount":527,"commentCount":0,"publisher":{"@id":"https:\/\/estadocomarte.pt\/site\/#organization"},"image":{"@id":"https:\/\/estadocomarte.pt\/site\/2025\/02\/21\/entre-os-ventos-do-oriente-e-do-ocidente-ainda-havera-lugar-a-esperanca-num-amanha\/#primaryimage"},"thumbnailUrl":"https:\/\/estadocomarte.pt\/site\/wp-content\/uploads\/2025\/02\/Screenshot_20250221_220833_Google-1.jpg","keywords":["Pearl buck","susana mexia"],"articleSection":["Cultura","Isto Para N\u00f3s"],"inLanguage":"pt-PT","potentialAction":[{"@type":"CommentAction","name":"Comment","target":["https:\/\/estadocomarte.pt\/site\/2025\/02\/21\/entre-os-ventos-do-oriente-e-do-ocidente-ainda-havera-lugar-a-esperanca-num-amanha\/#respond"]}]},{"@type":"WebPage","@id":"https:\/\/estadocomarte.pt\/site\/2025\/02\/21\/entre-os-ventos-do-oriente-e-do-ocidente-ainda-havera-lugar-a-esperanca-num-amanha\/","url":"https:\/\/estadocomarte.pt\/site\/2025\/02\/21\/entre-os-ventos-do-oriente-e-do-ocidente-ainda-havera-lugar-a-esperanca-num-amanha\/","name":"Entre \u201cOs Ventos do Oriente e do Ocidente\u201d ainda haver\u00e1 lugar \u00e0 Esperan\u00e7a num Amanh\u00e3? - Estado com Arte","isPartOf":{"@id":"https:\/\/estadocomarte.pt\/site\/#website"},"primaryImageOfPage":{"@id":"https:\/\/estadocomarte.pt\/site\/2025\/02\/21\/entre-os-ventos-do-oriente-e-do-ocidente-ainda-havera-lugar-a-esperanca-num-amanha\/#primaryimage"},"image":{"@id":"https:\/\/estadocomarte.pt\/site\/2025\/02\/21\/entre-os-ventos-do-oriente-e-do-ocidente-ainda-havera-lugar-a-esperanca-num-amanha\/#primaryimage"},"thumbnailUrl":"https:\/\/estadocomarte.pt\/site\/wp-content\/uploads\/2025\/02\/Screenshot_20250221_220833_Google-1.jpg","datePublished":"2025-02-21T22:11:31+00:00","dateModified":"2025-02-21T22:13:08+00:00","breadcrumb":{"@id":"https:\/\/estadocomarte.pt\/site\/2025\/02\/21\/entre-os-ventos-do-oriente-e-do-ocidente-ainda-havera-lugar-a-esperanca-num-amanha\/#breadcrumb"},"inLanguage":"pt-PT","potentialAction":[{"@type":"ReadAction","target":["https:\/\/estadocomarte.pt\/site\/2025\/02\/21\/entre-os-ventos-do-oriente-e-do-ocidente-ainda-havera-lugar-a-esperanca-num-amanha\/"]}]},{"@type":"ImageObject","inLanguage":"pt-PT","@id":"https:\/\/estadocomarte.pt\/site\/2025\/02\/21\/entre-os-ventos-do-oriente-e-do-ocidente-ainda-havera-lugar-a-esperanca-num-amanha\/#primaryimage","url":"https:\/\/estadocomarte.pt\/site\/wp-content\/uploads\/2025\/02\/Screenshot_20250221_220833_Google-1.jpg","contentUrl":"https:\/\/estadocomarte.pt\/site\/wp-content\/uploads\/2025\/02\/Screenshot_20250221_220833_Google-1.jpg","width":568,"height":748},{"@type":"BreadcrumbList","@id":"https:\/\/estadocomarte.pt\/site\/2025\/02\/21\/entre-os-ventos-do-oriente-e-do-ocidente-ainda-havera-lugar-a-esperanca-num-amanha\/#breadcrumb","itemListElement":[{"@type":"ListItem","position":1,"name":"In\u00edcio","item":"https:\/\/estadocomarte.pt\/site\/"},{"@type":"ListItem","position":2,"name":"Entre \u201cOs Ventos do Oriente e do Ocidente\u201d ainda haver\u00e1 lugar \u00e0 Esperan\u00e7a num Amanh\u00e3?"}]},{"@type":"WebSite","@id":"https:\/\/estadocomarte.pt\/site\/#website","url":"https:\/\/estadocomarte.pt\/site\/","name":"Estado com Arte Magazine","description":"Magazine","publisher":{"@id":"https:\/\/estadocomarte.pt\/site\/#organization"},"alternateName":"Magazine semanal sobre pol\u00edtica e cultura, com autores, opini\u00e3o e cr\u00edticas.","potentialAction":[{"@type":"SearchAction","target":{"@type":"EntryPoint","urlTemplate":"https:\/\/estadocomarte.pt\/site\/?s={search_term_string}"},"query-input":{"@type":"PropertyValueSpecification","valueRequired":true,"valueName":"search_term_string"}}],"inLanguage":"pt-PT"},{"@type":"Organization","@id":"https:\/\/estadocomarte.pt\/site\/#organization","name":"Estado com Arte Magazine","alternateName":"Magazine semanal sobre pol\u00edtica e cultura, com autores, opini\u00e3o e cr\u00edticas.","url":"https:\/\/estadocomarte.pt\/site\/","logo":{"@type":"ImageObject","inLanguage":"pt-PT","@id":"https:\/\/estadocomarte.pt\/site\/#\/schema\/logo\/image\/","url":"https:\/\/estadocomarte.pt\/site\/wp-content\/uploads\/2023\/06\/cropped-cropped-Prancheta-2@2x-100.jpg","contentUrl":"https:\/\/estadocomarte.pt\/site\/wp-content\/uploads\/2023\/06\/cropped-cropped-Prancheta-2@2x-100.jpg","width":1777,"height":592,"caption":"Estado com Arte Magazine"},"image":{"@id":"https:\/\/estadocomarte.pt\/site\/#\/schema\/logo\/image\/"},"sameAs":["https:\/\/www.instagram.com\/estadocomartemagazine"]},{"@type":"Person","@id":"https:\/\/estadocomarte.pt\/site\/#\/schema\/person\/c0943a071216c1e5b21f85304151e4ba","name":"admin","image":{"@type":"ImageObject","inLanguage":"pt-PT","@id":"https:\/\/estadocomarte.pt\/site\/#\/schema\/person\/image\/","url":"https:\/\/secure.gravatar.com\/avatar\/e6f378fd6914c8505d3e1d40f51fa953b21bab0f3a5658a33bc84cb5bda780f9?s=96&d=mm&r=g","contentUrl":"https:\/\/secure.gravatar.com\/avatar\/e6f378fd6914c8505d3e1d40f51fa953b21bab0f3a5658a33bc84cb5bda780f9?s=96&d=mm&r=g","caption":"admin"},"sameAs":["https:\/\/estadocomarte.pt\/site"],"url":"https:\/\/estadocomarte.pt\/site\/author\/admin\/"}]}},"_links":{"self":[{"href":"https:\/\/estadocomarte.pt\/site\/wp-json\/wp\/v2\/posts\/8639","targetHints":{"allow":["GET"]}}],"collection":[{"href":"https:\/\/estadocomarte.pt\/site\/wp-json\/wp\/v2\/posts"}],"about":[{"href":"https:\/\/estadocomarte.pt\/site\/wp-json\/wp\/v2\/types\/post"}],"author":[{"embeddable":true,"href":"https:\/\/estadocomarte.pt\/site\/wp-json\/wp\/v2\/users\/1"}],"replies":[{"embeddable":true,"href":"https:\/\/estadocomarte.pt\/site\/wp-json\/wp\/v2\/comments?post=8639"}],"version-history":[{"count":0,"href":"https:\/\/estadocomarte.pt\/site\/wp-json\/wp\/v2\/posts\/8639\/revisions"}],"wp:featuredmedia":[{"embeddable":true,"href":"https:\/\/estadocomarte.pt\/site\/wp-json\/wp\/v2\/media\/8643"}],"wp:attachment":[{"href":"https:\/\/estadocomarte.pt\/site\/wp-json\/wp\/v2\/media?parent=8639"}],"wp:term":[{"taxonomy":"category","embeddable":true,"href":"https:\/\/estadocomarte.pt\/site\/wp-json\/wp\/v2\/categories?post=8639"},{"taxonomy":"post_tag","embeddable":true,"href":"https:\/\/estadocomarte.pt\/site\/wp-json\/wp\/v2\/tags?post=8639"}],"curies":[{"name":"wp","href":"https:\/\/api.w.org\/{rel}","templated":true}]}}