{"id":8644,"date":"2025-02-23T14:37:35","date_gmt":"2025-02-23T14:37:35","guid":{"rendered":"https:\/\/estadocomarte.pt\/site\/?p=8644"},"modified":"2025-02-23T14:38:23","modified_gmt":"2025-02-23T14:38:23","slug":"conto-o-corredor","status":"publish","type":"post","link":"https:\/\/estadocomarte.pt\/site\/2025\/02\/23\/conto-o-corredor\/","title":{"rendered":"Conto. O corredor"},"content":{"rendered":"<p>\u2018Joel, Joel, por favor, p\u00e1ra l\u00e1 de correr\u2026 j\u00e1 estou tonta s\u00f3 de te ver dar tanta volta! Ainda cais e te magoas\u2026!\u2019<br \/>\ndizia-lhe a av\u00f3 com carinho, preocupada que estava com a sua sa\u00fade, quando ele era pequenino e ficava \u00e0 sua guarda, enquanto os pais iam trabalhar.<\/p>\n<p>Joel nascera prematuro, fora crescendo devagarinho e os pais tinham achado melhor que ele ficasse \u00e0 guarda da av\u00f3, em vez de ir para a creche. Contudo, Joel n\u00e3o parava quieto, e em dias de chuva, aproveitava o longo corredor do velho casar\u00e3o dos av\u00f3s, para correr todo o tempo at\u00e9 se cansar.<\/p>\n<p>Mais tarde, na escola, diziam que ele parecia ter \u2018bicho carpinteiro\u2019. Fazia os trabalhos num instante e depois pedia \u00e0 professora para ir para o recreio correr, correr, correr\u2026 os colegas riam-se e puseram-lhe at\u00e9 a alcunha de \u2018o corredor\u2019! Embora n\u00e3o fosse um grande aluno, logo que p\u00f4de escolher, resolveu seguir desporto e assim fez toda a sua vida ligada ao atletismo, a par do ensino de Educa\u00e7\u00e3o F\u00edsica. Corria diariamente, com chuva, ou com sol, e foi ganhando v\u00e1rias maratonas, nacionais e internacionais.<\/p>\n<p>Um dia, por\u00e9m, na v\u00e9spera dos seus 30 anos, de manh\u00e3 bem cedo, antes de ir para o trabalho na escola onde lecionava, foi correr como sempre fazia, e deu uma queda aparatosa: escorregou na estrada gelada, bateu com a cabe\u00e7a e depois de longo tempo desmaiado e ca\u00eddo na berma da estrada, passou um carro com duas pessoas e vendo- o, de pronto pararam para o socorrer.<\/p>\n<p>Joel estava ent\u00e3o para casar, mas esse sonho de felicidade esboroou- se, bem como toda a carreira profissional, quando ap\u00f3s v\u00e1rias cirurgias sem sucesso acabou por ficar numa cadeira de rodas\u2026foi um tempo muito doloroso e dif\u00edcil, f\u00edsica e psicologicamente. Joel n\u00e3o conseguia resignar-se. De in\u00edcio revoltou- se: \u2018\u2026mas por qu\u00ea? Por que raz\u00e3o me havia de acontecer isto a mim???\u2019<br \/>\nEsperava um milagre, que todos lhe diziam que podia acontecer, mas ele n\u00e3o vinha\u2026<\/p>\n<p>Os anos passaram, os pais envelheceram, cada vez era mais dif\u00edcil cuidar de Joel em casa, e quando a m\u00e3e morreu, o pai teve de internar o filho num lar. Visitava-o diariamente e a pedido de Joel, o pai, embora com esfor\u00e7o e pedindo ajuda, pois j\u00e1 n\u00e3o era crian\u00e7a nenhuma e as for\u00e7as tamb\u00e9m lhe iam faltando, levava-o at\u00e9 ao jardim em dias de sol, ou em dias de chuva, empurrava a sua cadeira de rodas ao longo do enorme corredor do lar\u2026para tr\u00e1s e para a frente\u2026<\/p>\n<p>O corredor era afinal um espa\u00e7o com reminisc\u00eancias distantes\u2026<br \/>\nningu\u00e9m percebia por que motivo logo de manh\u00e3 cedo Joel chamava uma enfermeira ou uma auxiliar, para o levar at\u00e9 ao fundo do corredor\u2026e ao fim do dia, repetia esse pedido\u2026<\/p>\n<p>Aos poucos, por\u00e9m, outros residentes do lar, em circunst\u00e2ncias semelhantes, come\u00e7aram a juntar- se a Joel\u2026 e achavam piada, parecia um jogo intermin\u00e1vel\u2026at\u00e9 que um dia ele lhes prop\u00f4s fazerem uma corrida de cadeiras de rodas no corredor\u2026s\u00f3 precisavam de volunt\u00e1rios para empurrarem as cadeiras. Falaram com a diretora do lar, uma mulher jovem, alegre e compreensiva, e esta de imediato acolheu entusiasmada, aquele pedido\u2026 faltavam, por\u00e9m, bra\u00e7os fortes para empurrarem as cadeiras dos \u2018corredores\u2019 durante os preparativos da maratona!<\/p>\n<p>Joel lembrou- se ent\u00e3o, que poderiam escrever uma carta a jovens universit\u00e1rios ou alunos do Secund\u00e1rio das escolas onde tinha trabalhado \u2026 e se assim pensou, melhor o fez! E em breve, come\u00e7ou a receber respostas de jovens estudantes dispon\u00edveis\u2026 tamb\u00e9m alguns professores, amigos e antigos colegas de Joel se juntaram e assim, aos s\u00e1bados e domingos, com ajuda de volunt\u00e1rios come\u00e7aram os treinos!<\/p>\n<p>Finalmente, chegou o grande dia da maratona no corredor! Havia bal\u00f5es pendurados em cada porta e um fr\u00e9mito de entusiasmo e expectativa percorria aquela casa, como h\u00e1 muito n\u00e3o se via\u2026<br \/>\nJoel venceu, ficou feliz com os aplausos de outros doentes e seus visitantes, mas sobretudo sentia no seu \u00edntimo a alegria profunda de perceber que a vida ainda fazia sentido ao ver que levara alegria a tanta gente no lar e motivara tantos jovens a entrarem naquela onda de solidariedade.<\/p>\n<p>Ao fim do dia, ao cruzar- se com uma outra jovem tamb\u00e9m doente e ali residente, que sempre trazia uma flor no cabelo e a todos sorria com do\u00e7ura, ouviu dela estas palavras:<\/p>\n<p>&#8211; \u2018 Estas a ver, Joel? Querias um milagre\u2026 e ele aconteceu\u2026 diferente do que esperavas, \u00e9 certo\u2026 mas o que hoje aqui aconteceu foi um verdadeiro milagre\u2026 agora j\u00e1 sabes por que raz\u00e3o est\u00e1s vivo! Mudaste a vida de todos n\u00f3s e fazes-nos falta aqui no lar!\u2019<\/p>\n","protected":false},"excerpt":{"rendered":"<p>F\u00e1tima Fonseca<\/p>\n","protected":false},"author":1,"featured_media":2137,"comment_status":"open","ping_status":"open","sticky":false,"template":"","format":"standard","meta":{"site-sidebar-layout":"default","site-content-layout":"default","ast-global-header-display":"","ast-banner-title-visibility":"","ast-main-header-display":"","ast-hfb-above-header-display":"","ast-hfb-below-header-display":"","ast-hfb-mobile-header-display":"","site-post-title":"","ast-breadcrumbs-content":"","ast-featured-img":"","footer-sml-layout":"","theme-transparent-header-meta":"default","adv-header-id-meta":"","stick-header-meta":"","header-above-stick-meta":"","header-main-stick-meta":"","header-below-stick-meta":"","footnotes":""},"categories":[64,56],"tags":[84,156],"class_list":["post-8644","post","type-post","status-publish","format-standard","has-post-thumbnail","hentry","category-isto-para-nos","category-pontas-soltas","tag-conto","tag-fatima-fonseca"],"yoast_head":"<!-- This site is optimized with the Yoast SEO plugin v25.1 - https:\/\/yoast.com\/wordpress\/plugins\/seo\/ -->\n<title>Conto. O corredor - Estado com Arte<\/title>\n<meta name=\"robots\" content=\"index, follow, max-snippet:-1, max-image-preview:large, max-video-preview:-1\" \/>\n<link rel=\"canonical\" href=\"https:\/\/estadocomarte.pt\/site\/2025\/02\/23\/conto-o-corredor\/\" \/>\n<meta property=\"og:locale\" content=\"pt_PT\" \/>\n<meta property=\"og:type\" content=\"article\" \/>\n<meta property=\"og:title\" content=\"Conto. O corredor - Estado com Arte\" \/>\n<meta property=\"og:description\" content=\"F\u00e1tima Fonseca\" \/>\n<meta property=\"og:url\" content=\"https:\/\/estadocomarte.pt\/site\/2025\/02\/23\/conto-o-corredor\/\" \/>\n<meta property=\"og:site_name\" content=\"Estado com Arte\" \/>\n<meta property=\"article:published_time\" content=\"2025-02-23T14:37:35+00:00\" \/>\n<meta property=\"article:modified_time\" content=\"2025-02-23T14:38:23+00:00\" \/>\n<meta property=\"og:image\" content=\"https:\/\/estadocomarte.pt\/site\/wp-content\/uploads\/2023\/08\/Fatima-Fonseca.jpg\" \/>\n\t<meta property=\"og:image:width\" content=\"319\" \/>\n\t<meta property=\"og:image:height\" content=\"432\" \/>\n\t<meta property=\"og:image:type\" content=\"image\/jpeg\" \/>\n<meta name=\"author\" content=\"admin\" \/>\n<meta name=\"twitter:card\" content=\"summary_large_image\" \/>\n<meta name=\"twitter:label1\" content=\"Escrito por\" \/>\n\t<meta name=\"twitter:data1\" content=\"admin\" \/>\n\t<meta name=\"twitter:label2\" content=\"Tempo estimado de leitura\" \/>\n\t<meta name=\"twitter:data2\" content=\"5 minutos\" \/>\n<script type=\"application\/ld+json\" class=\"yoast-schema-graph\">{\"@context\":\"https:\/\/schema.org\",\"@graph\":[{\"@type\":\"Article\",\"@id\":\"https:\/\/estadocomarte.pt\/site\/2025\/02\/23\/conto-o-corredor\/#article\",\"isPartOf\":{\"@id\":\"https:\/\/estadocomarte.pt\/site\/2025\/02\/23\/conto-o-corredor\/\"},\"author\":{\"name\":\"admin\",\"@id\":\"https:\/\/estadocomarte.pt\/site\/#\/schema\/person\/c0943a071216c1e5b21f85304151e4ba\"},\"headline\":\"Conto. O corredor\",\"datePublished\":\"2025-02-23T14:37:35+00:00\",\"dateModified\":\"2025-02-23T14:38:23+00:00\",\"mainEntityOfPage\":{\"@id\":\"https:\/\/estadocomarte.pt\/site\/2025\/02\/23\/conto-o-corredor\/\"},\"wordCount\":825,\"commentCount\":0,\"publisher\":{\"@id\":\"https:\/\/estadocomarte.pt\/site\/#organization\"},\"image\":{\"@id\":\"https:\/\/estadocomarte.pt\/site\/2025\/02\/23\/conto-o-corredor\/#primaryimage\"},\"thumbnailUrl\":\"https:\/\/estadocomarte.pt\/site\/wp-content\/uploads\/2023\/08\/Fatima-Fonseca.jpg\",\"keywords\":[\"conto\",\"F\u00e1tima Fonseca\"],\"articleSection\":[\"Isto Para N\u00f3s\",\"Pontas Soltas\"],\"inLanguage\":\"pt-PT\",\"potentialAction\":[{\"@type\":\"CommentAction\",\"name\":\"Comment\",\"target\":[\"https:\/\/estadocomarte.pt\/site\/2025\/02\/23\/conto-o-corredor\/#respond\"]}]},{\"@type\":\"WebPage\",\"@id\":\"https:\/\/estadocomarte.pt\/site\/2025\/02\/23\/conto-o-corredor\/\",\"url\":\"https:\/\/estadocomarte.pt\/site\/2025\/02\/23\/conto-o-corredor\/\",\"name\":\"Conto. O corredor - Estado com Arte\",\"isPartOf\":{\"@id\":\"https:\/\/estadocomarte.pt\/site\/#website\"},\"primaryImageOfPage\":{\"@id\":\"https:\/\/estadocomarte.pt\/site\/2025\/02\/23\/conto-o-corredor\/#primaryimage\"},\"image\":{\"@id\":\"https:\/\/estadocomarte.pt\/site\/2025\/02\/23\/conto-o-corredor\/#primaryimage\"},\"thumbnailUrl\":\"https:\/\/estadocomarte.pt\/site\/wp-content\/uploads\/2023\/08\/Fatima-Fonseca.jpg\",\"datePublished\":\"2025-02-23T14:37:35+00:00\",\"dateModified\":\"2025-02-23T14:38:23+00:00\",\"breadcrumb\":{\"@id\":\"https:\/\/estadocomarte.pt\/site\/2025\/02\/23\/conto-o-corredor\/#breadcrumb\"},\"inLanguage\":\"pt-PT\",\"potentialAction\":[{\"@type\":\"ReadAction\",\"target\":[\"https:\/\/estadocomarte.pt\/site\/2025\/02\/23\/conto-o-corredor\/\"]}]},{\"@type\":\"ImageObject\",\"inLanguage\":\"pt-PT\",\"@id\":\"https:\/\/estadocomarte.pt\/site\/2025\/02\/23\/conto-o-corredor\/#primaryimage\",\"url\":\"https:\/\/estadocomarte.pt\/site\/wp-content\/uploads\/2023\/08\/Fatima-Fonseca.jpg\",\"contentUrl\":\"https:\/\/estadocomarte.pt\/site\/wp-content\/uploads\/2023\/08\/Fatima-Fonseca.jpg\",\"width\":319,\"height\":432},{\"@type\":\"BreadcrumbList\",\"@id\":\"https:\/\/estadocomarte.pt\/site\/2025\/02\/23\/conto-o-corredor\/#breadcrumb\",\"itemListElement\":[{\"@type\":\"ListItem\",\"position\":1,\"name\":\"In\u00edcio\",\"item\":\"https:\/\/estadocomarte.pt\/site\/\"},{\"@type\":\"ListItem\",\"position\":2,\"name\":\"Conto. O corredor\"}]},{\"@type\":\"WebSite\",\"@id\":\"https:\/\/estadocomarte.pt\/site\/#website\",\"url\":\"https:\/\/estadocomarte.pt\/site\/\",\"name\":\"Estado com Arte Magazine\",\"description\":\"Magazine\",\"publisher\":{\"@id\":\"https:\/\/estadocomarte.pt\/site\/#organization\"},\"alternateName\":\"Magazine semanal sobre pol\u00edtica e cultura, com autores, opini\u00e3o e cr\u00edticas.\",\"potentialAction\":[{\"@type\":\"SearchAction\",\"target\":{\"@type\":\"EntryPoint\",\"urlTemplate\":\"https:\/\/estadocomarte.pt\/site\/?s={search_term_string}\"},\"query-input\":{\"@type\":\"PropertyValueSpecification\",\"valueRequired\":true,\"valueName\":\"search_term_string\"}}],\"inLanguage\":\"pt-PT\"},{\"@type\":\"Organization\",\"@id\":\"https:\/\/estadocomarte.pt\/site\/#organization\",\"name\":\"Estado com Arte Magazine\",\"alternateName\":\"Magazine semanal sobre pol\u00edtica e cultura, com autores, opini\u00e3o e cr\u00edticas.\",\"url\":\"https:\/\/estadocomarte.pt\/site\/\",\"logo\":{\"@type\":\"ImageObject\",\"inLanguage\":\"pt-PT\",\"@id\":\"https:\/\/estadocomarte.pt\/site\/#\/schema\/logo\/image\/\",\"url\":\"https:\/\/estadocomarte.pt\/site\/wp-content\/uploads\/2023\/06\/cropped-cropped-Prancheta-2@2x-100.jpg\",\"contentUrl\":\"https:\/\/estadocomarte.pt\/site\/wp-content\/uploads\/2023\/06\/cropped-cropped-Prancheta-2@2x-100.jpg\",\"width\":1777,\"height\":592,\"caption\":\"Estado com Arte Magazine\"},\"image\":{\"@id\":\"https:\/\/estadocomarte.pt\/site\/#\/schema\/logo\/image\/\"},\"sameAs\":[\"https:\/\/www.instagram.com\/estadocomartemagazine\"]},{\"@type\":\"Person\",\"@id\":\"https:\/\/estadocomarte.pt\/site\/#\/schema\/person\/c0943a071216c1e5b21f85304151e4ba\",\"name\":\"admin\",\"image\":{\"@type\":\"ImageObject\",\"inLanguage\":\"pt-PT\",\"@id\":\"https:\/\/estadocomarte.pt\/site\/#\/schema\/person\/image\/\",\"url\":\"https:\/\/secure.gravatar.com\/avatar\/e6f378fd6914c8505d3e1d40f51fa953b21bab0f3a5658a33bc84cb5bda780f9?s=96&d=mm&r=g\",\"contentUrl\":\"https:\/\/secure.gravatar.com\/avatar\/e6f378fd6914c8505d3e1d40f51fa953b21bab0f3a5658a33bc84cb5bda780f9?s=96&d=mm&r=g\",\"caption\":\"admin\"},\"sameAs\":[\"https:\/\/estadocomarte.pt\/site\"],\"url\":\"https:\/\/estadocomarte.pt\/site\/author\/admin\/\"}]}<\/script>\n<!-- \/ Yoast SEO plugin. -->","yoast_head_json":{"title":"Conto. O corredor - Estado com Arte","robots":{"index":"index","follow":"follow","max-snippet":"max-snippet:-1","max-image-preview":"max-image-preview:large","max-video-preview":"max-video-preview:-1"},"canonical":"https:\/\/estadocomarte.pt\/site\/2025\/02\/23\/conto-o-corredor\/","og_locale":"pt_PT","og_type":"article","og_title":"Conto. O corredor - Estado com Arte","og_description":"F\u00e1tima Fonseca","og_url":"https:\/\/estadocomarte.pt\/site\/2025\/02\/23\/conto-o-corredor\/","og_site_name":"Estado com Arte","article_published_time":"2025-02-23T14:37:35+00:00","article_modified_time":"2025-02-23T14:38:23+00:00","og_image":[{"width":319,"height":432,"url":"https:\/\/estadocomarte.pt\/site\/wp-content\/uploads\/2023\/08\/Fatima-Fonseca.jpg","type":"image\/jpeg"}],"author":"admin","twitter_card":"summary_large_image","twitter_misc":{"Escrito por":"admin","Tempo estimado de leitura":"5 minutos"},"schema":{"@context":"https:\/\/schema.org","@graph":[{"@type":"Article","@id":"https:\/\/estadocomarte.pt\/site\/2025\/02\/23\/conto-o-corredor\/#article","isPartOf":{"@id":"https:\/\/estadocomarte.pt\/site\/2025\/02\/23\/conto-o-corredor\/"},"author":{"name":"admin","@id":"https:\/\/estadocomarte.pt\/site\/#\/schema\/person\/c0943a071216c1e5b21f85304151e4ba"},"headline":"Conto. O corredor","datePublished":"2025-02-23T14:37:35+00:00","dateModified":"2025-02-23T14:38:23+00:00","mainEntityOfPage":{"@id":"https:\/\/estadocomarte.pt\/site\/2025\/02\/23\/conto-o-corredor\/"},"wordCount":825,"commentCount":0,"publisher":{"@id":"https:\/\/estadocomarte.pt\/site\/#organization"},"image":{"@id":"https:\/\/estadocomarte.pt\/site\/2025\/02\/23\/conto-o-corredor\/#primaryimage"},"thumbnailUrl":"https:\/\/estadocomarte.pt\/site\/wp-content\/uploads\/2023\/08\/Fatima-Fonseca.jpg","keywords":["conto","F\u00e1tima Fonseca"],"articleSection":["Isto Para N\u00f3s","Pontas Soltas"],"inLanguage":"pt-PT","potentialAction":[{"@type":"CommentAction","name":"Comment","target":["https:\/\/estadocomarte.pt\/site\/2025\/02\/23\/conto-o-corredor\/#respond"]}]},{"@type":"WebPage","@id":"https:\/\/estadocomarte.pt\/site\/2025\/02\/23\/conto-o-corredor\/","url":"https:\/\/estadocomarte.pt\/site\/2025\/02\/23\/conto-o-corredor\/","name":"Conto. O corredor - Estado com Arte","isPartOf":{"@id":"https:\/\/estadocomarte.pt\/site\/#website"},"primaryImageOfPage":{"@id":"https:\/\/estadocomarte.pt\/site\/2025\/02\/23\/conto-o-corredor\/#primaryimage"},"image":{"@id":"https:\/\/estadocomarte.pt\/site\/2025\/02\/23\/conto-o-corredor\/#primaryimage"},"thumbnailUrl":"https:\/\/estadocomarte.pt\/site\/wp-content\/uploads\/2023\/08\/Fatima-Fonseca.jpg","datePublished":"2025-02-23T14:37:35+00:00","dateModified":"2025-02-23T14:38:23+00:00","breadcrumb":{"@id":"https:\/\/estadocomarte.pt\/site\/2025\/02\/23\/conto-o-corredor\/#breadcrumb"},"inLanguage":"pt-PT","potentialAction":[{"@type":"ReadAction","target":["https:\/\/estadocomarte.pt\/site\/2025\/02\/23\/conto-o-corredor\/"]}]},{"@type":"ImageObject","inLanguage":"pt-PT","@id":"https:\/\/estadocomarte.pt\/site\/2025\/02\/23\/conto-o-corredor\/#primaryimage","url":"https:\/\/estadocomarte.pt\/site\/wp-content\/uploads\/2023\/08\/Fatima-Fonseca.jpg","contentUrl":"https:\/\/estadocomarte.pt\/site\/wp-content\/uploads\/2023\/08\/Fatima-Fonseca.jpg","width":319,"height":432},{"@type":"BreadcrumbList","@id":"https:\/\/estadocomarte.pt\/site\/2025\/02\/23\/conto-o-corredor\/#breadcrumb","itemListElement":[{"@type":"ListItem","position":1,"name":"In\u00edcio","item":"https:\/\/estadocomarte.pt\/site\/"},{"@type":"ListItem","position":2,"name":"Conto. O corredor"}]},{"@type":"WebSite","@id":"https:\/\/estadocomarte.pt\/site\/#website","url":"https:\/\/estadocomarte.pt\/site\/","name":"Estado com Arte Magazine","description":"Magazine","publisher":{"@id":"https:\/\/estadocomarte.pt\/site\/#organization"},"alternateName":"Magazine semanal sobre pol\u00edtica e cultura, com autores, opini\u00e3o e cr\u00edticas.","potentialAction":[{"@type":"SearchAction","target":{"@type":"EntryPoint","urlTemplate":"https:\/\/estadocomarte.pt\/site\/?s={search_term_string}"},"query-input":{"@type":"PropertyValueSpecification","valueRequired":true,"valueName":"search_term_string"}}],"inLanguage":"pt-PT"},{"@type":"Organization","@id":"https:\/\/estadocomarte.pt\/site\/#organization","name":"Estado com Arte Magazine","alternateName":"Magazine semanal sobre pol\u00edtica e cultura, com autores, opini\u00e3o e cr\u00edticas.","url":"https:\/\/estadocomarte.pt\/site\/","logo":{"@type":"ImageObject","inLanguage":"pt-PT","@id":"https:\/\/estadocomarte.pt\/site\/#\/schema\/logo\/image\/","url":"https:\/\/estadocomarte.pt\/site\/wp-content\/uploads\/2023\/06\/cropped-cropped-Prancheta-2@2x-100.jpg","contentUrl":"https:\/\/estadocomarte.pt\/site\/wp-content\/uploads\/2023\/06\/cropped-cropped-Prancheta-2@2x-100.jpg","width":1777,"height":592,"caption":"Estado com Arte Magazine"},"image":{"@id":"https:\/\/estadocomarte.pt\/site\/#\/schema\/logo\/image\/"},"sameAs":["https:\/\/www.instagram.com\/estadocomartemagazine"]},{"@type":"Person","@id":"https:\/\/estadocomarte.pt\/site\/#\/schema\/person\/c0943a071216c1e5b21f85304151e4ba","name":"admin","image":{"@type":"ImageObject","inLanguage":"pt-PT","@id":"https:\/\/estadocomarte.pt\/site\/#\/schema\/person\/image\/","url":"https:\/\/secure.gravatar.com\/avatar\/e6f378fd6914c8505d3e1d40f51fa953b21bab0f3a5658a33bc84cb5bda780f9?s=96&d=mm&r=g","contentUrl":"https:\/\/secure.gravatar.com\/avatar\/e6f378fd6914c8505d3e1d40f51fa953b21bab0f3a5658a33bc84cb5bda780f9?s=96&d=mm&r=g","caption":"admin"},"sameAs":["https:\/\/estadocomarte.pt\/site"],"url":"https:\/\/estadocomarte.pt\/site\/author\/admin\/"}]}},"_links":{"self":[{"href":"https:\/\/estadocomarte.pt\/site\/wp-json\/wp\/v2\/posts\/8644","targetHints":{"allow":["GET"]}}],"collection":[{"href":"https:\/\/estadocomarte.pt\/site\/wp-json\/wp\/v2\/posts"}],"about":[{"href":"https:\/\/estadocomarte.pt\/site\/wp-json\/wp\/v2\/types\/post"}],"author":[{"embeddable":true,"href":"https:\/\/estadocomarte.pt\/site\/wp-json\/wp\/v2\/users\/1"}],"replies":[{"embeddable":true,"href":"https:\/\/estadocomarte.pt\/site\/wp-json\/wp\/v2\/comments?post=8644"}],"version-history":[{"count":0,"href":"https:\/\/estadocomarte.pt\/site\/wp-json\/wp\/v2\/posts\/8644\/revisions"}],"wp:featuredmedia":[{"embeddable":true,"href":"https:\/\/estadocomarte.pt\/site\/wp-json\/wp\/v2\/media\/2137"}],"wp:attachment":[{"href":"https:\/\/estadocomarte.pt\/site\/wp-json\/wp\/v2\/media?parent=8644"}],"wp:term":[{"taxonomy":"category","embeddable":true,"href":"https:\/\/estadocomarte.pt\/site\/wp-json\/wp\/v2\/categories?post=8644"},{"taxonomy":"post_tag","embeddable":true,"href":"https:\/\/estadocomarte.pt\/site\/wp-json\/wp\/v2\/tags?post=8644"}],"curies":[{"name":"wp","href":"https:\/\/api.w.org\/{rel}","templated":true}]}}