{"id":8647,"date":"2025-02-23T15:04:29","date_gmt":"2025-02-23T15:04:29","guid":{"rendered":"https:\/\/estadocomarte.pt\/site\/?p=8647"},"modified":"2025-02-24T10:14:13","modified_gmt":"2025-02-24T10:14:13","slug":"teatro-s-luiz-a-tempo-memoria-de-raquel-andre-e-aliu-baio","status":"publish","type":"post","link":"https:\/\/estadocomarte.pt\/site\/2025\/02\/23\/teatro-s-luiz-a-tempo-memoria-de-raquel-andre-e-aliu-baio\/","title":{"rendered":"Teatro S. Luiz. A TEMPO | Mem\u00f3ria, de Raquel Andr\u00e9 e Aliu Baio"},"content":{"rendered":"<p><strong>A 26 de fevereiro, estreia o terceiro e \u00faltimo espet\u00e1culo do ciclo com curadoria de Marco Paiva: A Tempo, Tr\u00edptico sobre o \u00d3cio, Mem\u00f3ria, de Raquel Andr\u00e9 e Aliu Baio, no Teatro S. Luiz.<\/strong><\/p>\n<p>A Tempo, um Tr\u00edptico sobre o \u00f3cio, com curadoria de Marco Paiva, s\u00e3o tr\u00eas estreias, tr\u00eas atos e tr\u00eas duplas de artistas de diferentes linguagens, Andr\u00e9 Uerba e Tony Weaver (Comunica\u00e7\u00e3o), Andr\u00e9 Murra\u00e7as e Mia Menezes (Espa\u00e7o) e Raquel Andr\u00e9 e Aliu Baio (Mem\u00f3ria). Em cena no Teatro S\u00e3o Luiz at\u00e9 1 de mar\u00e7o.<\/p>\n<p>Os espet\u00e1culos decorrem de quarta a s\u00e1bado, e tanto os espet\u00e1culos como a confer\u00eancia contam com interpreta\u00e7\u00e3o em L\u00edngua Gestual Portuguesa, legendagem autom\u00e1tica em portugu\u00eas e \u00e1udio coment\u00e1rio po\u00e9tico.<\/p>\n<p>Um som, um cheiro, um toque, uma dor, um sabor, uma fragr\u00e2ncia, uma imagem, uma perce\u00e7\u00e3o. Quando nos vem \u00e0 mente um cheiro da nossa inf\u00e2ncia ou de um passado distante, quando aos nossos ouvidos ou olhos chega um rosto de quem o vento e a vida sopraram para longe, ou de quem a morte e a sua natureza n\u00e3o se esqueceram de arrancar de n\u00f3s, quando ao passarmos pelas ruas um perfume traz \u00e0 nossa mem\u00f3ria a saudade de um corpo e alma que j\u00e1 abra\u00e7\u00e1mos.<\/p>\n<p><strong>O que \u00e9 a mem\u00f3ria? Quem ser\u00edamos sem ela?<\/strong><\/p>\n<p>Mem\u00f3ria, sete letras que formam uma palavra que significa a ess\u00eancia humana, que com o tempo, que \u00e9 o seu companheiro de estrada, apaga ou reaviva as consequ\u00eancias e a\u00e7\u00f5es de uma vida imprevis\u00edvel.<\/p>\n<p>Mem\u00f3ria \u00e9 o tema do projeto A Tempo da Terra Amarela, com curadoria de Marco Paiva e Aliu Baio e Raquel Andr\u00e9 s\u00e3o uma das tr\u00eas duplas desafiadas neste projeto. Aliu sempre quis trabalhar um texto de teatro e Raquel j\u00e1 n\u00e3o interpretava um h\u00e1 algum tempo, em comum h\u00e1 ainda a rela\u00e7\u00e3o que ambos t\u00eam com o medo de perder a mem\u00f3ria.<\/p>\n<p><strong><span class=\"fontstyle0\">Andr\u00e9 Uerba e Tony Weaver<\/span><\/strong><\/p>\n<p><span class=\"fontstyle2\">No tempo atual, em que as sociedades contempor\u00e2neas insistem por uma acelera\u00e7\u00e3o exacerbada do quotidiano, em que as Artes Performativas s\u00e3o absorvidas por sistemas de produ\u00e7\u00e3o que esvaziam o lugar de experimenta\u00e7\u00e3o &#8211; o lugar do simples estar &#8211; este encontro entre Andr\u00e9 Uerba e Tony Weaver prop\u00f5e uma ruptura no sistema de trabalho paradigm\u00e1tico das artes performativas.<\/span><\/p>\n<p><span class=\"fontstyle2\"> &#8220;Queremos propor-nos reencontrar e transformar a ideia de trabalho numa ideia de encontro. Olhar nos olhos do outro, e atravessar juntos territ\u00f3rios biogr\u00e1ficos, de medo, intimidade, desejo e pr\u00e1ticas de liberta\u00e7\u00e3o emocional. Entre olhares cruzados, interpreta\u00e7\u00f5es e conversas interiores, emergem quest\u00f5es sobre a triangula\u00e7\u00e3o da comunica\u00e7\u00e3o e a sensibilidade do escutar para al\u00e9m do ouvir. Partimos para este encontro com a vontade de saltar de paraquedas, de gritar &#8211; quase como um ato de deixar ir, abandonar \u2013 ou talvez como um ato de tocar (n)o ch\u00e3o.&#8221;<\/span><\/p>\n<p><span class=\"fontstyle2\">Para os quatro dias os autores prop\u00f5em um dispositivo que assenta na ideia de jogo \/ conversa e convidam para se juntarem, para cada encontro, duas pessoas. Entre perguntas e partilhas querem criar um espa\u00e7o onde &#8220;a simplicidade de um encontro revela a complexidade das nossas identidades. Assinalamos o palco como zona de embarque &#8211; como espa\u00e7o de transforma\u00e7\u00e3o e vulnerabilidade&#8221;, dizem os autores.<\/span><\/p>\n<p><strong><span class=\"fontstyle0\">Mia Menezes e Andr\u00e9 Murra\u00e7as<\/span><\/strong><\/p>\n<p><span class=\"fontstyle2\">Em <\/span><span class=\"fontstyle3\">\u201c<\/span><span class=\"fontstyle2\">Espa\u00e7o\u201d, perguntam como \u00e9 a rela\u00e7\u00e3o que se estabelece com o outro? Por que \u00e9 ela t\u00e3o fundamental? \u00c9 no encontro com o outro que nos fundamos como ser e fundamos o mundo que partilhamos. O outro, na sua diferen\u00e7a, grita a nossa condi\u00e7\u00e3o de desterrados. Encontramos um espa\u00e7o comum, na cad\u00eancia dos dias por que somos pautados.<\/span><\/p>\n<p><span class=\"fontstyle2\">Este \u00e9 encontro \u00e0s escuras. &#8220;Somos dois estranhos que nunca trabalharam juntos nem se conheciam antes desta oportunidade. Somos dois artistas com vidas diferentes, obviamente, mas ambos sentimos o palco como casa. Assumimos os ensaios como lugar de descoberta, como h\u00e1 muito n\u00e3o faz\u00edamos. N\u00e3o houve texto cl\u00e1ssico para decorar, um encenador de renome ou emergente, nem tend\u00eancias de festival de teatro. Houve tempo para estarmos juntos a pensar, a testar disparates. Trabalh\u00e1mos \u00e0 dist\u00e2ncia, por mensagens, depois ao vivo, com hor\u00e1rios. \u00c0s vezes no caf\u00e9, sim e ent\u00e3o? Assim sim, assim n\u00e3o. Escreve tu, escrevo eu, queres entrar aqui, ou isto ficava bem em cena, n\u00e3o? Foi um vamos ver no que isto d\u00e1. Sempre marcado por uma urg\u00eancia de sermos vistos, ouvidos e lidos. Sim, precisamos da vossa aten\u00e7\u00e3o,&#8221; explicam.<\/span><\/p>\n<p>Antes da estreia, no dia 24 de fevereiro, h\u00e1 uma confer\u00eancia com entrada livre, onde os artistas partilham o processo de cria\u00e7\u00e3o com o p\u00fablico.<\/p>\n<p>Neste projeto exploram-se materiais c\u00e9nicos a partir de textos, de m\u00fasica, de movimento, de cheiros, de encontros com pessoas e outros sentidos.<\/p>\n","protected":false},"excerpt":{"rendered":"<p>Estado com Arte Magazine<\/p>\n","protected":false},"author":1,"featured_media":8650,"comment_status":"open","ping_status":"open","sticky":false,"template":"","format":"standard","meta":{"site-sidebar-layout":"default","site-content-layout":"default","ast-global-header-display":"","ast-banner-title-visibility":"","ast-main-header-display":"","ast-hfb-above-header-display":"","ast-hfb-below-header-display":"","ast-hfb-mobile-header-display":"","site-post-title":"","ast-breadcrumbs-content":"","ast-featured-img":"","footer-sml-layout":"","theme-transparent-header-meta":"default","adv-header-id-meta":"","stick-header-meta":"","header-above-stick-meta":"","header-main-stick-meta":"","header-below-stick-meta":"","footnotes":""},"categories":[7,64],"tags":[719,720,718],"class_list":["post-8647","post","type-post","status-publish","format-standard","has-post-thumbnail","hentry","category-cultura","category-isto-para-nos","tag-fevereiro","tag-marco","tag-sao-luiz"],"yoast_head":"<!-- This site is optimized with the Yoast SEO plugin v25.1 - https:\/\/yoast.com\/wordpress\/plugins\/seo\/ -->\n<title>Teatro S. Luiz. A TEMPO | Mem\u00f3ria, de Raquel Andr\u00e9 e Aliu Baio - Estado com Arte<\/title>\n<meta name=\"robots\" content=\"index, follow, max-snippet:-1, max-image-preview:large, max-video-preview:-1\" \/>\n<link rel=\"canonical\" href=\"https:\/\/estadocomarte.pt\/site\/2025\/02\/23\/teatro-s-luiz-a-tempo-memoria-de-raquel-andre-e-aliu-baio\/\" \/>\n<meta property=\"og:locale\" content=\"pt_PT\" \/>\n<meta property=\"og:type\" content=\"article\" \/>\n<meta property=\"og:title\" content=\"Teatro S. Luiz. A TEMPO | Mem\u00f3ria, de Raquel Andr\u00e9 e Aliu Baio - Estado com Arte\" \/>\n<meta property=\"og:description\" content=\"Estado com Arte Magazine\" \/>\n<meta property=\"og:url\" content=\"https:\/\/estadocomarte.pt\/site\/2025\/02\/23\/teatro-s-luiz-a-tempo-memoria-de-raquel-andre-e-aliu-baio\/\" \/>\n<meta property=\"og:site_name\" content=\"Estado com Arte\" \/>\n<meta property=\"article:published_time\" content=\"2025-02-23T15:04:29+00:00\" \/>\n<meta property=\"article:modified_time\" content=\"2025-02-24T10:14:13+00:00\" \/>\n<meta property=\"og:image\" content=\"https:\/\/estadocomarte.pt\/site\/wp-content\/uploads\/2025\/02\/Raquel-e-Aliu_maximo\u00a9Filipe-Ferreira_1024x652.jpg\" \/>\n\t<meta property=\"og:image:width\" content=\"1024\" \/>\n\t<meta property=\"og:image:height\" content=\"652\" \/>\n\t<meta property=\"og:image:type\" content=\"image\/jpeg\" \/>\n<meta name=\"author\" content=\"admin\" \/>\n<meta name=\"twitter:card\" content=\"summary_large_image\" \/>\n<meta name=\"twitter:label1\" content=\"Escrito por\" \/>\n\t<meta name=\"twitter:data1\" content=\"admin\" \/>\n\t<meta name=\"twitter:label2\" content=\"Tempo estimado de leitura\" \/>\n\t<meta name=\"twitter:data2\" content=\"5 minutos\" \/>\n<script type=\"application\/ld+json\" class=\"yoast-schema-graph\">{\"@context\":\"https:\/\/schema.org\",\"@graph\":[{\"@type\":\"Article\",\"@id\":\"https:\/\/estadocomarte.pt\/site\/2025\/02\/23\/teatro-s-luiz-a-tempo-memoria-de-raquel-andre-e-aliu-baio\/#article\",\"isPartOf\":{\"@id\":\"https:\/\/estadocomarte.pt\/site\/2025\/02\/23\/teatro-s-luiz-a-tempo-memoria-de-raquel-andre-e-aliu-baio\/\"},\"author\":{\"name\":\"admin\",\"@id\":\"https:\/\/estadocomarte.pt\/site\/#\/schema\/person\/c0943a071216c1e5b21f85304151e4ba\"},\"headline\":\"Teatro S. Luiz. A TEMPO | Mem\u00f3ria, de Raquel Andr\u00e9 e Aliu Baio\",\"datePublished\":\"2025-02-23T15:04:29+00:00\",\"dateModified\":\"2025-02-24T10:14:13+00:00\",\"mainEntityOfPage\":{\"@id\":\"https:\/\/estadocomarte.pt\/site\/2025\/02\/23\/teatro-s-luiz-a-tempo-memoria-de-raquel-andre-e-aliu-baio\/\"},\"wordCount\":858,\"commentCount\":0,\"publisher\":{\"@id\":\"https:\/\/estadocomarte.pt\/site\/#organization\"},\"image\":{\"@id\":\"https:\/\/estadocomarte.pt\/site\/2025\/02\/23\/teatro-s-luiz-a-tempo-memoria-de-raquel-andre-e-aliu-baio\/#primaryimage\"},\"thumbnailUrl\":\"https:\/\/estadocomarte.pt\/site\/wp-content\/uploads\/2025\/02\/Raquel-e-Aliu_maximo\u00a9Filipe-Ferreira_1024x652.jpg\",\"keywords\":[\"fevereiro\",\"mar\u00e7o\",\"s\u00e3o luiz\"],\"articleSection\":[\"Cultura\",\"Isto Para N\u00f3s\"],\"inLanguage\":\"pt-PT\",\"potentialAction\":[{\"@type\":\"CommentAction\",\"name\":\"Comment\",\"target\":[\"https:\/\/estadocomarte.pt\/site\/2025\/02\/23\/teatro-s-luiz-a-tempo-memoria-de-raquel-andre-e-aliu-baio\/#respond\"]}]},{\"@type\":\"WebPage\",\"@id\":\"https:\/\/estadocomarte.pt\/site\/2025\/02\/23\/teatro-s-luiz-a-tempo-memoria-de-raquel-andre-e-aliu-baio\/\",\"url\":\"https:\/\/estadocomarte.pt\/site\/2025\/02\/23\/teatro-s-luiz-a-tempo-memoria-de-raquel-andre-e-aliu-baio\/\",\"name\":\"Teatro S. Luiz. A TEMPO | Mem\u00f3ria, de Raquel Andr\u00e9 e Aliu Baio - Estado com Arte\",\"isPartOf\":{\"@id\":\"https:\/\/estadocomarte.pt\/site\/#website\"},\"primaryImageOfPage\":{\"@id\":\"https:\/\/estadocomarte.pt\/site\/2025\/02\/23\/teatro-s-luiz-a-tempo-memoria-de-raquel-andre-e-aliu-baio\/#primaryimage\"},\"image\":{\"@id\":\"https:\/\/estadocomarte.pt\/site\/2025\/02\/23\/teatro-s-luiz-a-tempo-memoria-de-raquel-andre-e-aliu-baio\/#primaryimage\"},\"thumbnailUrl\":\"https:\/\/estadocomarte.pt\/site\/wp-content\/uploads\/2025\/02\/Raquel-e-Aliu_maximo\u00a9Filipe-Ferreira_1024x652.jpg\",\"datePublished\":\"2025-02-23T15:04:29+00:00\",\"dateModified\":\"2025-02-24T10:14:13+00:00\",\"breadcrumb\":{\"@id\":\"https:\/\/estadocomarte.pt\/site\/2025\/02\/23\/teatro-s-luiz-a-tempo-memoria-de-raquel-andre-e-aliu-baio\/#breadcrumb\"},\"inLanguage\":\"pt-PT\",\"potentialAction\":[{\"@type\":\"ReadAction\",\"target\":[\"https:\/\/estadocomarte.pt\/site\/2025\/02\/23\/teatro-s-luiz-a-tempo-memoria-de-raquel-andre-e-aliu-baio\/\"]}]},{\"@type\":\"ImageObject\",\"inLanguage\":\"pt-PT\",\"@id\":\"https:\/\/estadocomarte.pt\/site\/2025\/02\/23\/teatro-s-luiz-a-tempo-memoria-de-raquel-andre-e-aliu-baio\/#primaryimage\",\"url\":\"https:\/\/estadocomarte.pt\/site\/wp-content\/uploads\/2025\/02\/Raquel-e-Aliu_maximo\u00a9Filipe-Ferreira_1024x652.jpg\",\"contentUrl\":\"https:\/\/estadocomarte.pt\/site\/wp-content\/uploads\/2025\/02\/Raquel-e-Aliu_maximo\u00a9Filipe-Ferreira_1024x652.jpg\",\"width\":1024,\"height\":652},{\"@type\":\"BreadcrumbList\",\"@id\":\"https:\/\/estadocomarte.pt\/site\/2025\/02\/23\/teatro-s-luiz-a-tempo-memoria-de-raquel-andre-e-aliu-baio\/#breadcrumb\",\"itemListElement\":[{\"@type\":\"ListItem\",\"position\":1,\"name\":\"In\u00edcio\",\"item\":\"https:\/\/estadocomarte.pt\/site\/\"},{\"@type\":\"ListItem\",\"position\":2,\"name\":\"Teatro S. Luiz. A TEMPO | Mem\u00f3ria, de Raquel Andr\u00e9 e Aliu Baio\"}]},{\"@type\":\"WebSite\",\"@id\":\"https:\/\/estadocomarte.pt\/site\/#website\",\"url\":\"https:\/\/estadocomarte.pt\/site\/\",\"name\":\"Estado com Arte Magazine\",\"description\":\"Magazine\",\"publisher\":{\"@id\":\"https:\/\/estadocomarte.pt\/site\/#organization\"},\"alternateName\":\"Magazine semanal sobre pol\u00edtica e cultura, com autores, opini\u00e3o e cr\u00edticas.\",\"potentialAction\":[{\"@type\":\"SearchAction\",\"target\":{\"@type\":\"EntryPoint\",\"urlTemplate\":\"https:\/\/estadocomarte.pt\/site\/?s={search_term_string}\"},\"query-input\":{\"@type\":\"PropertyValueSpecification\",\"valueRequired\":true,\"valueName\":\"search_term_string\"}}],\"inLanguage\":\"pt-PT\"},{\"@type\":\"Organization\",\"@id\":\"https:\/\/estadocomarte.pt\/site\/#organization\",\"name\":\"Estado com Arte Magazine\",\"alternateName\":\"Magazine semanal sobre pol\u00edtica e cultura, com autores, opini\u00e3o e cr\u00edticas.\",\"url\":\"https:\/\/estadocomarte.pt\/site\/\",\"logo\":{\"@type\":\"ImageObject\",\"inLanguage\":\"pt-PT\",\"@id\":\"https:\/\/estadocomarte.pt\/site\/#\/schema\/logo\/image\/\",\"url\":\"https:\/\/estadocomarte.pt\/site\/wp-content\/uploads\/2023\/06\/cropped-cropped-Prancheta-2@2x-100.jpg\",\"contentUrl\":\"https:\/\/estadocomarte.pt\/site\/wp-content\/uploads\/2023\/06\/cropped-cropped-Prancheta-2@2x-100.jpg\",\"width\":1777,\"height\":592,\"caption\":\"Estado com Arte Magazine\"},\"image\":{\"@id\":\"https:\/\/estadocomarte.pt\/site\/#\/schema\/logo\/image\/\"},\"sameAs\":[\"https:\/\/www.instagram.com\/estadocomartemagazine\"]},{\"@type\":\"Person\",\"@id\":\"https:\/\/estadocomarte.pt\/site\/#\/schema\/person\/c0943a071216c1e5b21f85304151e4ba\",\"name\":\"admin\",\"image\":{\"@type\":\"ImageObject\",\"inLanguage\":\"pt-PT\",\"@id\":\"https:\/\/estadocomarte.pt\/site\/#\/schema\/person\/image\/\",\"url\":\"https:\/\/secure.gravatar.com\/avatar\/e6f378fd6914c8505d3e1d40f51fa953b21bab0f3a5658a33bc84cb5bda780f9?s=96&d=mm&r=g\",\"contentUrl\":\"https:\/\/secure.gravatar.com\/avatar\/e6f378fd6914c8505d3e1d40f51fa953b21bab0f3a5658a33bc84cb5bda780f9?s=96&d=mm&r=g\",\"caption\":\"admin\"},\"sameAs\":[\"https:\/\/estadocomarte.pt\/site\"],\"url\":\"https:\/\/estadocomarte.pt\/site\/author\/admin\/\"}]}<\/script>\n<!-- \/ Yoast SEO plugin. -->","yoast_head_json":{"title":"Teatro S. Luiz. A TEMPO | Mem\u00f3ria, de Raquel Andr\u00e9 e Aliu Baio - Estado com Arte","robots":{"index":"index","follow":"follow","max-snippet":"max-snippet:-1","max-image-preview":"max-image-preview:large","max-video-preview":"max-video-preview:-1"},"canonical":"https:\/\/estadocomarte.pt\/site\/2025\/02\/23\/teatro-s-luiz-a-tempo-memoria-de-raquel-andre-e-aliu-baio\/","og_locale":"pt_PT","og_type":"article","og_title":"Teatro S. Luiz. A TEMPO | Mem\u00f3ria, de Raquel Andr\u00e9 e Aliu Baio - Estado com Arte","og_description":"Estado com Arte Magazine","og_url":"https:\/\/estadocomarte.pt\/site\/2025\/02\/23\/teatro-s-luiz-a-tempo-memoria-de-raquel-andre-e-aliu-baio\/","og_site_name":"Estado com Arte","article_published_time":"2025-02-23T15:04:29+00:00","article_modified_time":"2025-02-24T10:14:13+00:00","og_image":[{"width":1024,"height":652,"url":"https:\/\/estadocomarte.pt\/site\/wp-content\/uploads\/2025\/02\/Raquel-e-Aliu_maximo\u00a9Filipe-Ferreira_1024x652.jpg","type":"image\/jpeg"}],"author":"admin","twitter_card":"summary_large_image","twitter_misc":{"Escrito por":"admin","Tempo estimado de leitura":"5 minutos"},"schema":{"@context":"https:\/\/schema.org","@graph":[{"@type":"Article","@id":"https:\/\/estadocomarte.pt\/site\/2025\/02\/23\/teatro-s-luiz-a-tempo-memoria-de-raquel-andre-e-aliu-baio\/#article","isPartOf":{"@id":"https:\/\/estadocomarte.pt\/site\/2025\/02\/23\/teatro-s-luiz-a-tempo-memoria-de-raquel-andre-e-aliu-baio\/"},"author":{"name":"admin","@id":"https:\/\/estadocomarte.pt\/site\/#\/schema\/person\/c0943a071216c1e5b21f85304151e4ba"},"headline":"Teatro S. Luiz. A TEMPO | Mem\u00f3ria, de Raquel Andr\u00e9 e Aliu Baio","datePublished":"2025-02-23T15:04:29+00:00","dateModified":"2025-02-24T10:14:13+00:00","mainEntityOfPage":{"@id":"https:\/\/estadocomarte.pt\/site\/2025\/02\/23\/teatro-s-luiz-a-tempo-memoria-de-raquel-andre-e-aliu-baio\/"},"wordCount":858,"commentCount":0,"publisher":{"@id":"https:\/\/estadocomarte.pt\/site\/#organization"},"image":{"@id":"https:\/\/estadocomarte.pt\/site\/2025\/02\/23\/teatro-s-luiz-a-tempo-memoria-de-raquel-andre-e-aliu-baio\/#primaryimage"},"thumbnailUrl":"https:\/\/estadocomarte.pt\/site\/wp-content\/uploads\/2025\/02\/Raquel-e-Aliu_maximo\u00a9Filipe-Ferreira_1024x652.jpg","keywords":["fevereiro","mar\u00e7o","s\u00e3o luiz"],"articleSection":["Cultura","Isto Para N\u00f3s"],"inLanguage":"pt-PT","potentialAction":[{"@type":"CommentAction","name":"Comment","target":["https:\/\/estadocomarte.pt\/site\/2025\/02\/23\/teatro-s-luiz-a-tempo-memoria-de-raquel-andre-e-aliu-baio\/#respond"]}]},{"@type":"WebPage","@id":"https:\/\/estadocomarte.pt\/site\/2025\/02\/23\/teatro-s-luiz-a-tempo-memoria-de-raquel-andre-e-aliu-baio\/","url":"https:\/\/estadocomarte.pt\/site\/2025\/02\/23\/teatro-s-luiz-a-tempo-memoria-de-raquel-andre-e-aliu-baio\/","name":"Teatro S. Luiz. A TEMPO | Mem\u00f3ria, de Raquel Andr\u00e9 e Aliu Baio - Estado com Arte","isPartOf":{"@id":"https:\/\/estadocomarte.pt\/site\/#website"},"primaryImageOfPage":{"@id":"https:\/\/estadocomarte.pt\/site\/2025\/02\/23\/teatro-s-luiz-a-tempo-memoria-de-raquel-andre-e-aliu-baio\/#primaryimage"},"image":{"@id":"https:\/\/estadocomarte.pt\/site\/2025\/02\/23\/teatro-s-luiz-a-tempo-memoria-de-raquel-andre-e-aliu-baio\/#primaryimage"},"thumbnailUrl":"https:\/\/estadocomarte.pt\/site\/wp-content\/uploads\/2025\/02\/Raquel-e-Aliu_maximo\u00a9Filipe-Ferreira_1024x652.jpg","datePublished":"2025-02-23T15:04:29+00:00","dateModified":"2025-02-24T10:14:13+00:00","breadcrumb":{"@id":"https:\/\/estadocomarte.pt\/site\/2025\/02\/23\/teatro-s-luiz-a-tempo-memoria-de-raquel-andre-e-aliu-baio\/#breadcrumb"},"inLanguage":"pt-PT","potentialAction":[{"@type":"ReadAction","target":["https:\/\/estadocomarte.pt\/site\/2025\/02\/23\/teatro-s-luiz-a-tempo-memoria-de-raquel-andre-e-aliu-baio\/"]}]},{"@type":"ImageObject","inLanguage":"pt-PT","@id":"https:\/\/estadocomarte.pt\/site\/2025\/02\/23\/teatro-s-luiz-a-tempo-memoria-de-raquel-andre-e-aliu-baio\/#primaryimage","url":"https:\/\/estadocomarte.pt\/site\/wp-content\/uploads\/2025\/02\/Raquel-e-Aliu_maximo\u00a9Filipe-Ferreira_1024x652.jpg","contentUrl":"https:\/\/estadocomarte.pt\/site\/wp-content\/uploads\/2025\/02\/Raquel-e-Aliu_maximo\u00a9Filipe-Ferreira_1024x652.jpg","width":1024,"height":652},{"@type":"BreadcrumbList","@id":"https:\/\/estadocomarte.pt\/site\/2025\/02\/23\/teatro-s-luiz-a-tempo-memoria-de-raquel-andre-e-aliu-baio\/#breadcrumb","itemListElement":[{"@type":"ListItem","position":1,"name":"In\u00edcio","item":"https:\/\/estadocomarte.pt\/site\/"},{"@type":"ListItem","position":2,"name":"Teatro S. Luiz. A TEMPO | Mem\u00f3ria, de Raquel Andr\u00e9 e Aliu Baio"}]},{"@type":"WebSite","@id":"https:\/\/estadocomarte.pt\/site\/#website","url":"https:\/\/estadocomarte.pt\/site\/","name":"Estado com Arte Magazine","description":"Magazine","publisher":{"@id":"https:\/\/estadocomarte.pt\/site\/#organization"},"alternateName":"Magazine semanal sobre pol\u00edtica e cultura, com autores, opini\u00e3o e cr\u00edticas.","potentialAction":[{"@type":"SearchAction","target":{"@type":"EntryPoint","urlTemplate":"https:\/\/estadocomarte.pt\/site\/?s={search_term_string}"},"query-input":{"@type":"PropertyValueSpecification","valueRequired":true,"valueName":"search_term_string"}}],"inLanguage":"pt-PT"},{"@type":"Organization","@id":"https:\/\/estadocomarte.pt\/site\/#organization","name":"Estado com Arte Magazine","alternateName":"Magazine semanal sobre pol\u00edtica e cultura, com autores, opini\u00e3o e cr\u00edticas.","url":"https:\/\/estadocomarte.pt\/site\/","logo":{"@type":"ImageObject","inLanguage":"pt-PT","@id":"https:\/\/estadocomarte.pt\/site\/#\/schema\/logo\/image\/","url":"https:\/\/estadocomarte.pt\/site\/wp-content\/uploads\/2023\/06\/cropped-cropped-Prancheta-2@2x-100.jpg","contentUrl":"https:\/\/estadocomarte.pt\/site\/wp-content\/uploads\/2023\/06\/cropped-cropped-Prancheta-2@2x-100.jpg","width":1777,"height":592,"caption":"Estado com Arte Magazine"},"image":{"@id":"https:\/\/estadocomarte.pt\/site\/#\/schema\/logo\/image\/"},"sameAs":["https:\/\/www.instagram.com\/estadocomartemagazine"]},{"@type":"Person","@id":"https:\/\/estadocomarte.pt\/site\/#\/schema\/person\/c0943a071216c1e5b21f85304151e4ba","name":"admin","image":{"@type":"ImageObject","inLanguage":"pt-PT","@id":"https:\/\/estadocomarte.pt\/site\/#\/schema\/person\/image\/","url":"https:\/\/secure.gravatar.com\/avatar\/e6f378fd6914c8505d3e1d40f51fa953b21bab0f3a5658a33bc84cb5bda780f9?s=96&d=mm&r=g","contentUrl":"https:\/\/secure.gravatar.com\/avatar\/e6f378fd6914c8505d3e1d40f51fa953b21bab0f3a5658a33bc84cb5bda780f9?s=96&d=mm&r=g","caption":"admin"},"sameAs":["https:\/\/estadocomarte.pt\/site"],"url":"https:\/\/estadocomarte.pt\/site\/author\/admin\/"}]}},"_links":{"self":[{"href":"https:\/\/estadocomarte.pt\/site\/wp-json\/wp\/v2\/posts\/8647","targetHints":{"allow":["GET"]}}],"collection":[{"href":"https:\/\/estadocomarte.pt\/site\/wp-json\/wp\/v2\/posts"}],"about":[{"href":"https:\/\/estadocomarte.pt\/site\/wp-json\/wp\/v2\/types\/post"}],"author":[{"embeddable":true,"href":"https:\/\/estadocomarte.pt\/site\/wp-json\/wp\/v2\/users\/1"}],"replies":[{"embeddable":true,"href":"https:\/\/estadocomarte.pt\/site\/wp-json\/wp\/v2\/comments?post=8647"}],"version-history":[{"count":0,"href":"https:\/\/estadocomarte.pt\/site\/wp-json\/wp\/v2\/posts\/8647\/revisions"}],"wp:featuredmedia":[{"embeddable":true,"href":"https:\/\/estadocomarte.pt\/site\/wp-json\/wp\/v2\/media\/8650"}],"wp:attachment":[{"href":"https:\/\/estadocomarte.pt\/site\/wp-json\/wp\/v2\/media?parent=8647"}],"wp:term":[{"taxonomy":"category","embeddable":true,"href":"https:\/\/estadocomarte.pt\/site\/wp-json\/wp\/v2\/categories?post=8647"},{"taxonomy":"post_tag","embeddable":true,"href":"https:\/\/estadocomarte.pt\/site\/wp-json\/wp\/v2\/tags?post=8647"}],"curies":[{"name":"wp","href":"https:\/\/api.w.org\/{rel}","templated":true}]}}