{"id":8661,"date":"2025-02-24T12:03:30","date_gmt":"2025-02-24T12:03:30","guid":{"rendered":"https:\/\/estadocomarte.pt\/site\/?p=8661"},"modified":"2025-02-24T23:46:49","modified_gmt":"2025-02-24T23:46:49","slug":"mais-uma-odisseia","status":"publish","type":"post","link":"https:\/\/estadocomarte.pt\/site\/2025\/02\/24\/mais-uma-odisseia\/","title":{"rendered":"Mais uma Odisseia"},"content":{"rendered":"<p><strong>H\u00e1 tempos, narrei uma ida \u00e0s finan\u00e7as como uma odisseia. Hoje trago outra odisseia que vivi. Tenho direito, dada a minha provecta idade, a passe gratuito nos transportes p\u00fablicos de Lisboa. Foi promessa eleitoral e foi cumprida. Embora gratuito, tem de ser carregado todos os 30 dias, na m\u00e1quina de compra de bilhetes. <\/strong><\/p>\n<p>N\u00e3o sei exatamente o que se carrega, uma vez que \u00e9 gratuito. Mas pronto! Eu l\u00e1 carregava fosse l\u00e1 isso o que fosse. At\u00e9 que um dia, ao tentar entrar, li a mensagem: inv\u00e1lido. Achei estranho. A minha idade at\u00e9 tinha aumentado. Se era uma oferta para maiores de 65 anos, eu n\u00e3o tinha passado para 64. Bom! Pedi informa\u00e7\u00f5es e l\u00e1 me disseram que havia duas esta\u00e7\u00f5es de metro onde deveria tirar novo passe.<\/p>\n<p>Tamb\u00e9m o poderia fazer por internet. Achei que seria mais pr\u00e1tico tir\u00e1-lo em casa, sossegadinha. Naveguei por tudo quanto era s\u00edtio \u00e0 procura do passe gratuito para maiores de 65 anos. Por muito que navegasse por \u00e1guas do Senhor Google, tudo quanto consegui encontrar foi o formul\u00e1rio para fazer o pedido. Imprimi, preenchi, tirei uma fotografia atualizada, achei que a fotografia era de facto muito importante, pois, entretanto, eu tinha mudado de corte e cor de cabelo.<\/p>\n<p>Tamb\u00e9m compreendia que fosse necess\u00e1ria uma prova de que eu residia em Lisboa. L\u00e1 fui ao site das Finan\u00e7as e encontrei um longo documento onde constava a minha morada. Imprimi-o. Imprimi tamb\u00e9m uma declara\u00e7\u00e3o m\u00e9dica em como tinha direito a atendimento priorit\u00e1rio.<\/p>\n<p>Munida de tudo isto fui a um dos dois locais indicados. O passe demorava 15 dias, mas se quisesse urgente, era de um dia para o outro, mas teria de pagar. Aceitei. Ah! Mas \u00e9 noutro guichet. L\u00e1 fui. Aqui come\u00e7aram os problemas. A senhora protestou por eu ter passado \u00e0 frente porque a idade n\u00e3o era justifica\u00e7\u00e3o. Apresentei-lhe a declara\u00e7\u00e3o do m\u00e9dico e pedi-lhe que lesse. Respondeu-me que n\u00e3o era m\u00e9dica. Apresentei o formul\u00e1rio e o comprovativo de morada. Olhou para o documento das Finan\u00e7as e, sem o ler, disse que n\u00e3o era aquele. Voltei a pedir que visse que estava l\u00e1 bem declarada a minha morada. Declarou-me que eu queria impor as minhas leis. Foi a gota de \u00e1gua.<\/p>\n<p>Pedi o livro de reclama\u00e7\u00f5es. Era outra funcion\u00e1ria que o tinha. Mudei de guichet e foi-me dado o livro, mas sempre foi dizendo que eu poderia fazer por Internet, em casa, calmamente. Compreendi o objetivo e n\u00e3o aceitei. Foi \u00e0 moda antiga, escrito \u00e0 m\u00e3o. Como havia um outro posto de atendimento, meti-me no metro e fui \u00e1, com os mesmos documentos.<\/p>\n<p>Em cinco minutos, ficou o pedido registado e a poder levantar o famigerado passe no dia seguinte. L\u00e1 fui. Recebi um documento dobrado para ir levantar o passe noutro guichet. Levava o documento na m\u00e3o ainda dobrado, quando o funcion\u00e1rio olhou para ele e declarou: n\u00e3o \u00e9 esse. Desdobrei-o e mostrei-lho. Afinal era. Muito atencioso, entregou-me o passe e informou-me que todos os anos, durante cinco anos, que era a dura\u00e7\u00e3o do passe, eu devia ir valid\u00e1-lo no m\u00eas em que o tinha tirado. Nem comentei.<\/p>\n<p>Pensei comigo: bem \u00e9 uma esp\u00e9cie de IUC, mas ao menos \u00e9 gratuito. L\u00e1 vim com o passe e, ao entrar na cancela de acesso ao metro, vi a mensagem: inv\u00e1lido. Ah! Pensei eu. Se calhar ainda o tenho de carregar na m\u00e1quina. E era isso mesmo. Pronto! Finalmente est\u00e1 tudo em ordem. N\u00e3o! Ainda houve um percal\u00e7o. Pouco tempo depois, fiz uma viagem at\u00e9 ao fim da linha. Ao sair, l\u00e1 pareceu a fat\u00eddica mensagem: inv\u00e1lido. Onde estar\u00e1 o problema?!<\/p>\n<p>Tudo me parecia certo. Chamei um funcion\u00e1rio, que por sorte havia, porque nem sempre h\u00e1 e a\u00ed h\u00e1 que telefonar e esperar, mas n\u00e3o, havia um que veio prontamente, abriu a cancela e explicou-me o problema: \u00e9 que o passe s\u00f3 \u00e9 v\u00e1lido no Munic\u00edpio de Lisboa, e eu tinha passado para um Munic\u00edpio diferente. Elementar, caro Watson, como diria Sherlock Holmes. L\u00e1 me tinha lembrado disso?! Ora bem! N\u00e3o posso deixar de comparar como se tira um passe mensal s\u00e9nior ou n\u00e3o s\u00e9nior em Barcelona: na m\u00e1quina de tirar os bilhetes na esta\u00e7\u00e3o do metro. Simples!<\/p>\n<p>Em Gen\u00e8ve, como n\u00e3o h\u00e1 metro, tira-se num posto dos transportes p\u00fablicos, ao lado da Esta\u00e7\u00e3o Central dos comboios. N\u00e3o \u00e9 preciso formul\u00e1rio, porque a pessoa que atende regista e fica registado para sempre. Tamb\u00e9m n\u00e3o \u00e9 preciso levar fotografia, porque essa mesma pessoa tira-a eletronicamente e passados 3 ou 4 dias o passe \u00e9 recebido na morada do utente. Mas leva -se de imediato uma declara\u00e7\u00e3o para poder come\u00e7ara a usar o seu passe gratuito, ou pago por inteiro, ou por metade, no caso de maiores de 65 anos n\u00e3o residentes.<\/p>\n<p>E porqu\u00ea tir\u00e1-lo ao lado da esta\u00e7\u00e3o de comboios? Para que, quem chega \u00e0 cidade de comboio, possa de imediato usufruir de passe mensal ou anual. E quem se hospedar em hotel recebe de imediato um passe para poder utilizar os transportes p\u00fablicos. E o passe \u00e9 v\u00e1lido em toda a extens\u00e3o da linha. S\u00f3 n\u00e3o se pode entrar em Fran\u00e7a.<\/p>\n<p>Porque \u00e9 que complicamos as coisas simples? E que dizer de um trabalhador que se queira inscrever na Seguran\u00e7a Social? Perde um dia de trabalho.<\/p>\n","protected":false},"excerpt":{"rendered":"<p>Cec\u00edlia Rezende,<br \/>\nEscritora<\/p>\n","protected":false},"author":1,"featured_media":2341,"comment_status":"open","ping_status":"open","sticky":false,"template":"","format":"standard","meta":{"site-sidebar-layout":"default","site-content-layout":"default","ast-global-header-display":"","ast-banner-title-visibility":"","ast-main-header-display":"","ast-hfb-above-header-display":"","ast-hfb-below-header-display":"","ast-hfb-mobile-header-display":"","site-post-title":"","ast-breadcrumbs-content":"","ast-featured-img":"","footer-sml-layout":"","theme-transparent-header-meta":"default","adv-header-id-meta":"","stick-header-meta":"","header-above-stick-meta":"","header-main-stick-meta":"","header-below-stick-meta":"","footnotes":""},"categories":[64,87],"tags":[722,136,721],"class_list":["post-8661","post","type-post","status-publish","format-standard","has-post-thumbnail","hentry","category-isto-para-nos","category-vice-versa","tag-cartao-senior","tag-cecilia-rezende","tag-financas"],"yoast_head":"<!-- This site is optimized with the Yoast SEO plugin v25.1 - https:\/\/yoast.com\/wordpress\/plugins\/seo\/ -->\n<title>Mais uma Odisseia - Estado com Arte<\/title>\n<meta name=\"robots\" content=\"index, follow, max-snippet:-1, max-image-preview:large, max-video-preview:-1\" \/>\n<link rel=\"canonical\" href=\"https:\/\/estadocomarte.pt\/site\/2025\/02\/24\/mais-uma-odisseia\/\" \/>\n<meta property=\"og:locale\" content=\"pt_PT\" \/>\n<meta property=\"og:type\" content=\"article\" \/>\n<meta property=\"og:title\" content=\"Mais uma Odisseia - Estado com Arte\" \/>\n<meta property=\"og:description\" content=\"Cec\u00edlia Rezende,  Escritora\" \/>\n<meta property=\"og:url\" content=\"https:\/\/estadocomarte.pt\/site\/2025\/02\/24\/mais-uma-odisseia\/\" \/>\n<meta property=\"og:site_name\" content=\"Estado com Arte\" \/>\n<meta property=\"article:published_time\" content=\"2025-02-24T12:03:30+00:00\" \/>\n<meta property=\"article:modified_time\" content=\"2025-02-24T23:46:49+00:00\" \/>\n<meta property=\"og:image\" content=\"https:\/\/estadocomarte.pt\/site\/wp-content\/uploads\/2023\/08\/cecilia-resende.jpg\" \/>\n\t<meta property=\"og:image:width\" content=\"601\" \/>\n\t<meta property=\"og:image:height\" content=\"674\" \/>\n\t<meta property=\"og:image:type\" content=\"image\/jpeg\" \/>\n<meta name=\"author\" content=\"admin\" \/>\n<meta name=\"twitter:card\" content=\"summary_large_image\" \/>\n<meta name=\"twitter:label1\" content=\"Escrito por\" \/>\n\t<meta name=\"twitter:data1\" content=\"admin\" \/>\n\t<meta name=\"twitter:label2\" content=\"Tempo estimado de leitura\" \/>\n\t<meta name=\"twitter:data2\" content=\"6 minutos\" \/>\n<script type=\"application\/ld+json\" class=\"yoast-schema-graph\">{\"@context\":\"https:\/\/schema.org\",\"@graph\":[{\"@type\":\"Article\",\"@id\":\"https:\/\/estadocomarte.pt\/site\/2025\/02\/24\/mais-uma-odisseia\/#article\",\"isPartOf\":{\"@id\":\"https:\/\/estadocomarte.pt\/site\/2025\/02\/24\/mais-uma-odisseia\/\"},\"author\":{\"name\":\"admin\",\"@id\":\"https:\/\/estadocomarte.pt\/site\/#\/schema\/person\/c0943a071216c1e5b21f85304151e4ba\"},\"headline\":\"Mais uma Odisseia\",\"datePublished\":\"2025-02-24T12:03:30+00:00\",\"dateModified\":\"2025-02-24T23:46:49+00:00\",\"mainEntityOfPage\":{\"@id\":\"https:\/\/estadocomarte.pt\/site\/2025\/02\/24\/mais-uma-odisseia\/\"},\"wordCount\":926,\"commentCount\":0,\"publisher\":{\"@id\":\"https:\/\/estadocomarte.pt\/site\/#organization\"},\"image\":{\"@id\":\"https:\/\/estadocomarte.pt\/site\/2025\/02\/24\/mais-uma-odisseia\/#primaryimage\"},\"thumbnailUrl\":\"https:\/\/estadocomarte.pt\/site\/wp-content\/uploads\/2023\/08\/cecilia-resende.jpg\",\"keywords\":[\"cart\u00e3o s\u00e9nior\",\"cec\u00edlia rezende\",\"Finan\u00e7as\"],\"articleSection\":[\"Isto Para N\u00f3s\",\"Vice-versa\"],\"inLanguage\":\"pt-PT\",\"potentialAction\":[{\"@type\":\"CommentAction\",\"name\":\"Comment\",\"target\":[\"https:\/\/estadocomarte.pt\/site\/2025\/02\/24\/mais-uma-odisseia\/#respond\"]}]},{\"@type\":\"WebPage\",\"@id\":\"https:\/\/estadocomarte.pt\/site\/2025\/02\/24\/mais-uma-odisseia\/\",\"url\":\"https:\/\/estadocomarte.pt\/site\/2025\/02\/24\/mais-uma-odisseia\/\",\"name\":\"Mais uma Odisseia - Estado com Arte\",\"isPartOf\":{\"@id\":\"https:\/\/estadocomarte.pt\/site\/#website\"},\"primaryImageOfPage\":{\"@id\":\"https:\/\/estadocomarte.pt\/site\/2025\/02\/24\/mais-uma-odisseia\/#primaryimage\"},\"image\":{\"@id\":\"https:\/\/estadocomarte.pt\/site\/2025\/02\/24\/mais-uma-odisseia\/#primaryimage\"},\"thumbnailUrl\":\"https:\/\/estadocomarte.pt\/site\/wp-content\/uploads\/2023\/08\/cecilia-resende.jpg\",\"datePublished\":\"2025-02-24T12:03:30+00:00\",\"dateModified\":\"2025-02-24T23:46:49+00:00\",\"breadcrumb\":{\"@id\":\"https:\/\/estadocomarte.pt\/site\/2025\/02\/24\/mais-uma-odisseia\/#breadcrumb\"},\"inLanguage\":\"pt-PT\",\"potentialAction\":[{\"@type\":\"ReadAction\",\"target\":[\"https:\/\/estadocomarte.pt\/site\/2025\/02\/24\/mais-uma-odisseia\/\"]}]},{\"@type\":\"ImageObject\",\"inLanguage\":\"pt-PT\",\"@id\":\"https:\/\/estadocomarte.pt\/site\/2025\/02\/24\/mais-uma-odisseia\/#primaryimage\",\"url\":\"https:\/\/estadocomarte.pt\/site\/wp-content\/uploads\/2023\/08\/cecilia-resende.jpg\",\"contentUrl\":\"https:\/\/estadocomarte.pt\/site\/wp-content\/uploads\/2023\/08\/cecilia-resende.jpg\",\"width\":601,\"height\":674},{\"@type\":\"BreadcrumbList\",\"@id\":\"https:\/\/estadocomarte.pt\/site\/2025\/02\/24\/mais-uma-odisseia\/#breadcrumb\",\"itemListElement\":[{\"@type\":\"ListItem\",\"position\":1,\"name\":\"In\u00edcio\",\"item\":\"https:\/\/estadocomarte.pt\/site\/\"},{\"@type\":\"ListItem\",\"position\":2,\"name\":\"Mais uma Odisseia\"}]},{\"@type\":\"WebSite\",\"@id\":\"https:\/\/estadocomarte.pt\/site\/#website\",\"url\":\"https:\/\/estadocomarte.pt\/site\/\",\"name\":\"Estado com Arte Magazine\",\"description\":\"Magazine\",\"publisher\":{\"@id\":\"https:\/\/estadocomarte.pt\/site\/#organization\"},\"alternateName\":\"Magazine semanal sobre pol\u00edtica e cultura, com autores, opini\u00e3o e cr\u00edticas.\",\"potentialAction\":[{\"@type\":\"SearchAction\",\"target\":{\"@type\":\"EntryPoint\",\"urlTemplate\":\"https:\/\/estadocomarte.pt\/site\/?s={search_term_string}\"},\"query-input\":{\"@type\":\"PropertyValueSpecification\",\"valueRequired\":true,\"valueName\":\"search_term_string\"}}],\"inLanguage\":\"pt-PT\"},{\"@type\":\"Organization\",\"@id\":\"https:\/\/estadocomarte.pt\/site\/#organization\",\"name\":\"Estado com Arte Magazine\",\"alternateName\":\"Magazine semanal sobre pol\u00edtica e cultura, com autores, opini\u00e3o e cr\u00edticas.\",\"url\":\"https:\/\/estadocomarte.pt\/site\/\",\"logo\":{\"@type\":\"ImageObject\",\"inLanguage\":\"pt-PT\",\"@id\":\"https:\/\/estadocomarte.pt\/site\/#\/schema\/logo\/image\/\",\"url\":\"https:\/\/estadocomarte.pt\/site\/wp-content\/uploads\/2023\/06\/cropped-cropped-Prancheta-2@2x-100.jpg\",\"contentUrl\":\"https:\/\/estadocomarte.pt\/site\/wp-content\/uploads\/2023\/06\/cropped-cropped-Prancheta-2@2x-100.jpg\",\"width\":1777,\"height\":592,\"caption\":\"Estado com Arte Magazine\"},\"image\":{\"@id\":\"https:\/\/estadocomarte.pt\/site\/#\/schema\/logo\/image\/\"},\"sameAs\":[\"https:\/\/www.instagram.com\/estadocomartemagazine\"]},{\"@type\":\"Person\",\"@id\":\"https:\/\/estadocomarte.pt\/site\/#\/schema\/person\/c0943a071216c1e5b21f85304151e4ba\",\"name\":\"admin\",\"image\":{\"@type\":\"ImageObject\",\"inLanguage\":\"pt-PT\",\"@id\":\"https:\/\/estadocomarte.pt\/site\/#\/schema\/person\/image\/\",\"url\":\"https:\/\/secure.gravatar.com\/avatar\/e6f378fd6914c8505d3e1d40f51fa953b21bab0f3a5658a33bc84cb5bda780f9?s=96&d=mm&r=g\",\"contentUrl\":\"https:\/\/secure.gravatar.com\/avatar\/e6f378fd6914c8505d3e1d40f51fa953b21bab0f3a5658a33bc84cb5bda780f9?s=96&d=mm&r=g\",\"caption\":\"admin\"},\"sameAs\":[\"https:\/\/estadocomarte.pt\/site\"],\"url\":\"https:\/\/estadocomarte.pt\/site\/author\/admin\/\"}]}<\/script>\n<!-- \/ Yoast SEO plugin. -->","yoast_head_json":{"title":"Mais uma Odisseia - Estado com Arte","robots":{"index":"index","follow":"follow","max-snippet":"max-snippet:-1","max-image-preview":"max-image-preview:large","max-video-preview":"max-video-preview:-1"},"canonical":"https:\/\/estadocomarte.pt\/site\/2025\/02\/24\/mais-uma-odisseia\/","og_locale":"pt_PT","og_type":"article","og_title":"Mais uma Odisseia - Estado com Arte","og_description":"Cec\u00edlia Rezende,  Escritora","og_url":"https:\/\/estadocomarte.pt\/site\/2025\/02\/24\/mais-uma-odisseia\/","og_site_name":"Estado com Arte","article_published_time":"2025-02-24T12:03:30+00:00","article_modified_time":"2025-02-24T23:46:49+00:00","og_image":[{"width":601,"height":674,"url":"https:\/\/estadocomarte.pt\/site\/wp-content\/uploads\/2023\/08\/cecilia-resende.jpg","type":"image\/jpeg"}],"author":"admin","twitter_card":"summary_large_image","twitter_misc":{"Escrito por":"admin","Tempo estimado de leitura":"6 minutos"},"schema":{"@context":"https:\/\/schema.org","@graph":[{"@type":"Article","@id":"https:\/\/estadocomarte.pt\/site\/2025\/02\/24\/mais-uma-odisseia\/#article","isPartOf":{"@id":"https:\/\/estadocomarte.pt\/site\/2025\/02\/24\/mais-uma-odisseia\/"},"author":{"name":"admin","@id":"https:\/\/estadocomarte.pt\/site\/#\/schema\/person\/c0943a071216c1e5b21f85304151e4ba"},"headline":"Mais uma Odisseia","datePublished":"2025-02-24T12:03:30+00:00","dateModified":"2025-02-24T23:46:49+00:00","mainEntityOfPage":{"@id":"https:\/\/estadocomarte.pt\/site\/2025\/02\/24\/mais-uma-odisseia\/"},"wordCount":926,"commentCount":0,"publisher":{"@id":"https:\/\/estadocomarte.pt\/site\/#organization"},"image":{"@id":"https:\/\/estadocomarte.pt\/site\/2025\/02\/24\/mais-uma-odisseia\/#primaryimage"},"thumbnailUrl":"https:\/\/estadocomarte.pt\/site\/wp-content\/uploads\/2023\/08\/cecilia-resende.jpg","keywords":["cart\u00e3o s\u00e9nior","cec\u00edlia rezende","Finan\u00e7as"],"articleSection":["Isto Para N\u00f3s","Vice-versa"],"inLanguage":"pt-PT","potentialAction":[{"@type":"CommentAction","name":"Comment","target":["https:\/\/estadocomarte.pt\/site\/2025\/02\/24\/mais-uma-odisseia\/#respond"]}]},{"@type":"WebPage","@id":"https:\/\/estadocomarte.pt\/site\/2025\/02\/24\/mais-uma-odisseia\/","url":"https:\/\/estadocomarte.pt\/site\/2025\/02\/24\/mais-uma-odisseia\/","name":"Mais uma Odisseia - Estado com Arte","isPartOf":{"@id":"https:\/\/estadocomarte.pt\/site\/#website"},"primaryImageOfPage":{"@id":"https:\/\/estadocomarte.pt\/site\/2025\/02\/24\/mais-uma-odisseia\/#primaryimage"},"image":{"@id":"https:\/\/estadocomarte.pt\/site\/2025\/02\/24\/mais-uma-odisseia\/#primaryimage"},"thumbnailUrl":"https:\/\/estadocomarte.pt\/site\/wp-content\/uploads\/2023\/08\/cecilia-resende.jpg","datePublished":"2025-02-24T12:03:30+00:00","dateModified":"2025-02-24T23:46:49+00:00","breadcrumb":{"@id":"https:\/\/estadocomarte.pt\/site\/2025\/02\/24\/mais-uma-odisseia\/#breadcrumb"},"inLanguage":"pt-PT","potentialAction":[{"@type":"ReadAction","target":["https:\/\/estadocomarte.pt\/site\/2025\/02\/24\/mais-uma-odisseia\/"]}]},{"@type":"ImageObject","inLanguage":"pt-PT","@id":"https:\/\/estadocomarte.pt\/site\/2025\/02\/24\/mais-uma-odisseia\/#primaryimage","url":"https:\/\/estadocomarte.pt\/site\/wp-content\/uploads\/2023\/08\/cecilia-resende.jpg","contentUrl":"https:\/\/estadocomarte.pt\/site\/wp-content\/uploads\/2023\/08\/cecilia-resende.jpg","width":601,"height":674},{"@type":"BreadcrumbList","@id":"https:\/\/estadocomarte.pt\/site\/2025\/02\/24\/mais-uma-odisseia\/#breadcrumb","itemListElement":[{"@type":"ListItem","position":1,"name":"In\u00edcio","item":"https:\/\/estadocomarte.pt\/site\/"},{"@type":"ListItem","position":2,"name":"Mais uma Odisseia"}]},{"@type":"WebSite","@id":"https:\/\/estadocomarte.pt\/site\/#website","url":"https:\/\/estadocomarte.pt\/site\/","name":"Estado com Arte Magazine","description":"Magazine","publisher":{"@id":"https:\/\/estadocomarte.pt\/site\/#organization"},"alternateName":"Magazine semanal sobre pol\u00edtica e cultura, com autores, opini\u00e3o e cr\u00edticas.","potentialAction":[{"@type":"SearchAction","target":{"@type":"EntryPoint","urlTemplate":"https:\/\/estadocomarte.pt\/site\/?s={search_term_string}"},"query-input":{"@type":"PropertyValueSpecification","valueRequired":true,"valueName":"search_term_string"}}],"inLanguage":"pt-PT"},{"@type":"Organization","@id":"https:\/\/estadocomarte.pt\/site\/#organization","name":"Estado com Arte Magazine","alternateName":"Magazine semanal sobre pol\u00edtica e cultura, com autores, opini\u00e3o e cr\u00edticas.","url":"https:\/\/estadocomarte.pt\/site\/","logo":{"@type":"ImageObject","inLanguage":"pt-PT","@id":"https:\/\/estadocomarte.pt\/site\/#\/schema\/logo\/image\/","url":"https:\/\/estadocomarte.pt\/site\/wp-content\/uploads\/2023\/06\/cropped-cropped-Prancheta-2@2x-100.jpg","contentUrl":"https:\/\/estadocomarte.pt\/site\/wp-content\/uploads\/2023\/06\/cropped-cropped-Prancheta-2@2x-100.jpg","width":1777,"height":592,"caption":"Estado com Arte Magazine"},"image":{"@id":"https:\/\/estadocomarte.pt\/site\/#\/schema\/logo\/image\/"},"sameAs":["https:\/\/www.instagram.com\/estadocomartemagazine"]},{"@type":"Person","@id":"https:\/\/estadocomarte.pt\/site\/#\/schema\/person\/c0943a071216c1e5b21f85304151e4ba","name":"admin","image":{"@type":"ImageObject","inLanguage":"pt-PT","@id":"https:\/\/estadocomarte.pt\/site\/#\/schema\/person\/image\/","url":"https:\/\/secure.gravatar.com\/avatar\/e6f378fd6914c8505d3e1d40f51fa953b21bab0f3a5658a33bc84cb5bda780f9?s=96&d=mm&r=g","contentUrl":"https:\/\/secure.gravatar.com\/avatar\/e6f378fd6914c8505d3e1d40f51fa953b21bab0f3a5658a33bc84cb5bda780f9?s=96&d=mm&r=g","caption":"admin"},"sameAs":["https:\/\/estadocomarte.pt\/site"],"url":"https:\/\/estadocomarte.pt\/site\/author\/admin\/"}]}},"_links":{"self":[{"href":"https:\/\/estadocomarte.pt\/site\/wp-json\/wp\/v2\/posts\/8661","targetHints":{"allow":["GET"]}}],"collection":[{"href":"https:\/\/estadocomarte.pt\/site\/wp-json\/wp\/v2\/posts"}],"about":[{"href":"https:\/\/estadocomarte.pt\/site\/wp-json\/wp\/v2\/types\/post"}],"author":[{"embeddable":true,"href":"https:\/\/estadocomarte.pt\/site\/wp-json\/wp\/v2\/users\/1"}],"replies":[{"embeddable":true,"href":"https:\/\/estadocomarte.pt\/site\/wp-json\/wp\/v2\/comments?post=8661"}],"version-history":[{"count":0,"href":"https:\/\/estadocomarte.pt\/site\/wp-json\/wp\/v2\/posts\/8661\/revisions"}],"wp:featuredmedia":[{"embeddable":true,"href":"https:\/\/estadocomarte.pt\/site\/wp-json\/wp\/v2\/media\/2341"}],"wp:attachment":[{"href":"https:\/\/estadocomarte.pt\/site\/wp-json\/wp\/v2\/media?parent=8661"}],"wp:term":[{"taxonomy":"category","embeddable":true,"href":"https:\/\/estadocomarte.pt\/site\/wp-json\/wp\/v2\/categories?post=8661"},{"taxonomy":"post_tag","embeddable":true,"href":"https:\/\/estadocomarte.pt\/site\/wp-json\/wp\/v2\/tags?post=8661"}],"curies":[{"name":"wp","href":"https:\/\/api.w.org\/{rel}","templated":true}]}}