{"id":8711,"date":"2025-02-28T15:14:41","date_gmt":"2025-02-28T15:14:41","guid":{"rendered":"https:\/\/estadocomarte.pt\/site\/?p=8711"},"modified":"2025-03-02T14:25:47","modified_gmt":"2025-03-02T14:25:47","slug":"dia-dos-namorados-na-paixao-na-ansiedade-e-na-inseguranca-nao-existem-esperas","status":"publish","type":"post","link":"https:\/\/estadocomarte.pt\/site\/2025\/02\/28\/dia-dos-namorados-na-paixao-na-ansiedade-e-na-inseguranca-nao-existem-esperas\/","title":{"rendered":"Dia dos namorados. &#8220;Na paixa\u0303o, na ansiedade e na inseguranc\u0327a na\u0303o existem esperas.&#8221;"},"content":{"rendered":"<p><strong>Neste m\u00eas de fevereiro celebrou-se mais um Dia dos Namorados, uma data que nos leva a refletir sobre as rela\u00e7\u00f5es que constru\u00edmos, as que desejamos criar e, inevitavelmente, as mem\u00f3rias das pessoas que um dia nos foram importantes, mas que agora nos parecem perfeitos desconhecidos.<\/strong><\/p>\n<p><strong>As din\u00e2micas que co-criamos nas nossas rela\u00e7\u00f5es s\u00e3o, muitas vezes, moldadas por padr\u00f5es subtis que nos escapam, entrela\u00e7ando-se com os comportamentos que d\u00e3o forma aos nossos h\u00e1bitos.<\/strong><br \/>\n<strong>N\u00e3o \u00e9 raro percebermos que nos envolvemos repetidamente com pessoas de perfis semelhantes, num ciclo onde a felicidade inicial pode ceder lugar a emo\u00e7\u00f5es mais intensas e desafiantes. <\/strong><\/p>\n<p><strong>A psic\u00f3loga Anabela Liberato comenta nesta entrevista a complexidade destes estados emocionais e das confus\u00f5es que despertam.<\/strong><\/p>\n<p><strong>Porque confundimos a inseguran\u00e7a e ansiedade por paix\u00e3o? O que origina em n\u00f3s este fen\u00f3meno?<\/strong><\/p>\n<p>A paix\u00e3o desperta em n\u00f3s uma energia fren\u00e9tica, um entusiamo desmedido, um excesso de demasias. O \u201cfrio na barriga\u201d que muitas vezes sentimos, quando estamos loucamente apaixonados, mostra a rea\u00e7\u00e3o do nosso sistema nervoso ao aumento da adrenalina no nosso c\u00e9rebro, causando-nos um estado hiper-vigilante. Tal como acontece nos momentos quando estamos ansiosos e inseguros.<br \/>\nNa paix\u00e3o, na ansiedade e na inseguran\u00e7a n\u00e3o existem esperas. Tudo tem de ser resolvido no agora, tudo tem de ser satisfeito no imediato. Na paix\u00e3o fala-se muito da concretiza\u00e7\u00e3o imediata de um desejo, nos momentos de ansiedade e inseguran\u00e7a, no al\u00edvio do sofrimento. E, por vezes, tudo isto se (com)funde.<br \/>\nTalvez o romantismo popular nos cerque de pistas sobre a paix\u00e3o e a fus\u00e3o de emo\u00e7\u00f5es intensas, obsessivas, idealizadoras e at\u00e9 tr\u00e1gicas \u2013 basta pensarmos numa das mais conhecidas hist\u00f3rias de paix\u00e3o, \u201cRomeu e Julieta\u201d, de William Shakespeare.<br \/>\nMas claro, para tudo isto h\u00e1 um limite. \u00c9 aqui que este estado intenso pode evoluir para algo mais maduro &#8211; o amor &#8211; onde se experimenta outro tipo de sensa\u00e7\u00f5es e onde n\u00e3o \u00e9 suposto a inseguran\u00e7a, o medo e ansiedade extrema habitar.<\/p>\n<p><strong>Porque \u00e9 que acabamos muitas vezes a repetir o mesmo padr\u00e3o como se as pessoas que procuramos uma rela\u00e7\u00e3o parecem vers\u00f5es similares de um tipo?<\/strong><br \/>\nO nosso psiquismo tem por base as primeiras rela\u00e7\u00f5es e os primeiros amores da nossa vida \u2013 os nossos pais ou os cuidadores prim\u00e1rios \u2013 por isto, as experi\u00eancias que vamos vivenciado desde a nossa inf\u00e2ncia s\u00e3o muito importantes para a constru\u00e7\u00e3o da nossa pr\u00f3pria narrativa.<br \/>\nO amor que \u00e9 transmitido pelo adulto e a forma como a crian\u00e7a o recebe, \u00e9 sem d\u00favida, um aspeto necess\u00e1rio para entendermos o padr\u00e3o relacional que ela mesma [crian\u00e7a-adolescente-adulto] vai reproduzindo. Na verdade, o s\u00edtio em que vivemos e a forma como vivemos ir\u00e1 ser um espelho de n\u00f3s mesmos.<br \/>\nSem querer generalizar, mas apenas para dar significado ao dito: imaginemos uma crian\u00e7a que nasce num ambiente familiar composto por: 1) pai ausente emocionalmente; 2) m\u00e3e superprotetora e 3) rela\u00e7\u00e3o inst\u00e1vel entre pai-m\u00e3e; esta crian\u00e7a estar\u00e1 bastante suscet\u00edvel a interpretar o mundo e as rela\u00e7\u00f5es \u00e0 sua volta de uma forma ambivalente e insegura. Por isto, pode ir consequentemente tendo rela\u00e7\u00f5es no seu desenvolvimento social que confirmem o afeto de se sentir abandonado, procurar valida\u00e7\u00e3o de forma obsessiva ou at\u00e9 a sensa\u00e7\u00e3o de estar \u201cpreso\u201d a algu\u00e9m.<br \/>\nConcluindo, temos uma certa tend\u00eancia de procurar um companheiro amoroso que corresponda a um amor infantil que vivemos em crian\u00e7a (e talvez com o desejo de ser mais aperfei\u00e7oado) ou, por outro lado, a falta que sentimos. Olhamos para o nosso amado, sob a condi\u00e7\u00e3o de ele concretizar toda a necessidade que vem da nossa crian\u00e7a interior e da\u00ed, fantasiosamente acreditamos que \u201cse esse algu\u00e9m me amar dever\u00e1 mover o mundo por mim\u201d. Assim, at\u00e9 isto acontecer vamos sucessivamente, e de forma inconsciente, repetindo um padr\u00e3o relacional exigente, caindo na armadinha frustrante dos \u201cs\u00e3o todo(a)s iguais\u201d \u2026<\/p>\n<p><strong>\u00c9 mais comum acontecer a pessoas que n\u00e3o possuem grande autoconsci\u00eancia?<\/strong><br \/>\nSim, porque a pessoa com autoconhecimento, permite-se \u00e0 mudan\u00e7a. Pelo contr\u00e1rio, quanto mais resistente\/ defensivo for a esse processo de autoconhecimento, terei maior probabilidade de reviver experi\u00eancias e conflitos passados.<\/p>\n<p><strong>A n\u00edvel qu\u00edmico, como \u00e9 que isto se processa?<\/strong><br \/>\n\u201cO encontro de inconscientes\u201d, \u00e9 impulsionado por diversos sinais da comunica\u00e7\u00e3o n\u00e3o-verbal, como olhares, voz, cheiros, energia, e, portanto, muitas vezes a conex\u00e3o que existe vai para al\u00e9m do que \u00e9 explicado de forma l\u00f3gica.<br \/>\nNo decorrer da maior atra\u00e7\u00e3o emocional, portanto a paix\u00e3o, a ci\u00eancia prova de que existem altera\u00e7\u00f5es espec\u00edficas nalgumas \u00e1reas do nosso c\u00e9rebro ligadas ao desejo e \u00e0 satisfa\u00e7\u00e3o imediata &#8211; esta ativa\u00e7\u00e3o do sistema de recompensa curiosamente \u00e9 tamb\u00e9m encontrado no consumo de subst\u00e2ncia &#8211; por isso \u00e9 que \u00e0s vezes existe uma sensa\u00e7\u00e3o de se estar \u201cviciado\u201d na pessoa amada.<br \/>\nOs principais neurotransmissores associados a este processo s\u00e3o: a dopamina (associada ao prazer); a serotonina (associada ao bem-estar e inversamente, quando diminui associada \u00e0 obsess\u00e3o); a noradrenalina (sensa\u00e7\u00f5es de euforia, excita\u00e7\u00e3o) e tamb\u00e9m as hormonas sexuais (testosterona e estrog\u00eanio), essenciais para o desejo f\u00edsico.<\/p>\n<p><strong>Se procuramos pessoas emocionalmente inacess\u00edveis, que nos causam ansiedade dentro da rela\u00e7\u00e3o, porque \u00e9 que as endeusamos?<\/strong><br \/>\nExiste uma forte tend\u00eancia humana em fantasiar cen\u00e1rios, situa\u00e7\u00f5es e tamb\u00e9m pessoas. Ali\u00e1s, este mecanismo \u00e9 aprendido em crian\u00e7a, e tem um papel fundamental no desenvolvimento da criatividade, da emo\u00e7\u00e3o, da cogni\u00e7\u00e3o, do social, etc.<br \/>\nNo entanto, o adulto que se fantasia excessivamente pode, inconscientemente, criar expectativas irreais do outro, socorrendo-se \u00e0 ideia enviesada dos \u201ccontos de fada\u201d, ao inv\u00e9s, de procurar ver o que \u00e9 real e entender as falhas e limita\u00e7\u00f5es humanas. Encontrarmo-nos com algu\u00e9m no campo do amor \u00e9 encontrar o que \u00e9 esse algu\u00e9m, juntamente com as suas falhas(faltas).<\/p>\n<p><strong>Por vezes sentimos que \u00e9 preciso salvar essa pessoa. N\u00e3o ser\u00e1 isso um inven\u00e7\u00e3o nossa criada pela consequ\u00eancia do endeusamento?<\/strong><br \/>\nSim. Essa busca de salvamento talvez seja motivada por uma esp\u00e9cie de fantasia omnipotente, em que eu me escapo da frustra\u00e7\u00e3o e da falha, e fa\u00e7o todos os esfor\u00e7os poss\u00edveis de controlo, na tentativa de \u201csalvar o outro\u201d e, na verdade, salvar a pr\u00f3pria idealiza\u00e7\u00e3o.<\/p>\n<p><strong>Se assim \u00e9, acabamos por querer que essa pessoa seja algo que ela n\u00e3o \u00e9 e o risco de frustra\u00e7\u00e3o \u00e9 maior, certo?<\/strong><br \/>\nSem d\u00favida. Com esta \u201clente delirante\u201d da paix\u00e3o, acabamos por ver o outro n\u00e3o como ele \u00e9, mas sim como gostar\u00edamos que ele fosse. Isto ter\u00e1 um fim, e essa dece\u00e7\u00e3o ser\u00e1 sem d\u00favida maior do que, &#8211; no inicio, &#8211; ao reconhecer o que de facto \u00e9 real.<\/p>\n<p><strong>Por outro lado, este ciclo de querer salvar o outro, n\u00e3o ajudar\u00e1 a perpetuar a inseguran\u00e7a e ansiedade, j\u00e1 que n\u00e3o h\u00e1 nada para salvar e somos n\u00f3s que criamos essa necessidade que precisa de combust\u00edvel?<\/strong><br \/>\nCerto. Esse \u201csalvamento\u201d acaba por ser, na verdade, um mecanismo de defesa criado pela pessoa, para reduzir a sua ansiedade e inseguran\u00e7a sobre aquilo que esconde em rela\u00e7\u00e3o a si pr\u00f3pria. Defendendo esta perspetiva, em que olhamos para o outro amado na tentativa que ele preencha um certo vazio que \u00e9 nosso, n\u00e3o seria mais justo investigarmos, no nosso interior, aquilo que tanto nos atormenta, ao inv\u00e9s de projetar no outro, como se ele fosse ele o absoluto errado?<\/p>\n<p><strong>Como quebrar este ciclo e conseguir relacionar-se de forma mais equilibrada?<\/strong><br \/>\n\u00c9 necess\u00e1rio um caminho de autodescoberta, onde a pessoa se consiga entender e olhar como quem olha para um espelho e se admira (com as suas faltas tamb\u00e9m).<br \/>\n\u00c9 curioso, mas parece que ao longo da nossa vida vamos acreditando que sabemos muito sobre n\u00f3s, atrav\u00e9s do que o outro nos diz. Mas a verdade \u00e9 que a resposta est\u00e1 no nosso interior. Por isto a terapia importa, no sentido de conseguirmos dar \u201couvidos\u201d ao que \u00e9 dito por n\u00f3s pr\u00f3prios e, a partir da\u00ed, viver uma narrativa criada (e cuidada) inteiramente por n\u00f3s.<\/p>\n<p><strong>Qual ser\u00e1 a terapia mais indicada?<\/strong><br \/>\nExistem v\u00e1rias abordagens da interven\u00e7\u00e3o psicol\u00f3gica que podem ajudar neste processo de autoconhecimento, desde a psicoterapia psicodin\u00e2mica\u2013 tendo como abordagem mais cl\u00e1ssica a psican\u00e1lise, que se dedica \u00e0 compreens\u00e3o profunda das din\u00e2micas do inconsciente e dos padr\u00f5es de rela\u00e7\u00e3o e afeto; ou a psicoterapia cognitivo-comportamental que se dedica \u00e0 modifica\u00e7\u00e3o de padr\u00f5es de pensamento e cren\u00e7as da pessoa; a terapia de aceita\u00e7\u00e3o e compromisso, que se foca na aceita\u00e7\u00e3o da dor e do que \u00e9 presente\/futuro, terapia cognitiva baseada em mindfulness, que pode ajudar significativamente para o desenvolvimento de uma mente mais calma, etc\u2026<br \/>\nPortanto, escolhas n\u00e3o faltam (risos). O importante \u00e9 que a pessoa se sinta dispon\u00edvel para iniciar uma jornada de mudan\u00e7a e que invista este tempo para si (realmente para si).<\/p>\n<p><strong>Como se processa e o que \u00e9 que implica?<\/strong><br \/>\nNa minha vis\u00e3o, a terapia implica um compromisso entre duas pessoas (terapeuta- paciente) &#8211; \u201cuma dan\u00e7a feita a dois\u201d \u2013 em que, atrav\u00e9s da escuta ativa, da voz validada e de um espa\u00e7o confort\u00e1vel os dois inconscientes se possam aproximar para que seja poss\u00edvel, simplesmente, \u201cser-se livre\u201d.<\/p>\n","protected":false},"excerpt":{"rendered":"<p>Bernardo Almeida<\/p>\n","protected":false},"author":1,"featured_media":2847,"comment_status":"open","ping_status":"open","sticky":false,"template":"","format":"standard","meta":{"site-sidebar-layout":"default","site-content-layout":"default","ast-global-header-display":"","ast-banner-title-visibility":"","ast-main-header-display":"","ast-hfb-above-header-display":"","ast-hfb-below-header-display":"","ast-hfb-mobile-header-display":"","site-post-title":"","ast-breadcrumbs-content":"","ast-featured-img":"","footer-sml-layout":"","theme-transparent-header-meta":"default","adv-header-id-meta":"","stick-header-meta":"","header-above-stick-meta":"","header-main-stick-meta":"","header-below-stick-meta":"","footnotes":""},"categories":[6],"tags":[],"class_list":["post-8711","post","type-post","status-publish","format-standard","has-post-thumbnail","hentry","category-lifestyle"],"yoast_head":"<!-- This site is optimized with the Yoast SEO plugin v25.1 - https:\/\/yoast.com\/wordpress\/plugins\/seo\/ -->\n<title>Dia dos namorados. &quot;Na paixa\u0303o, na ansiedade e na inseguranc\u0327a na\u0303o existem esperas.&quot; - Estado com Arte<\/title>\n<meta name=\"robots\" content=\"index, follow, max-snippet:-1, max-image-preview:large, max-video-preview:-1\" \/>\n<link rel=\"canonical\" href=\"https:\/\/estadocomarte.pt\/site\/2025\/02\/28\/dia-dos-namorados-na-paixao-na-ansiedade-e-na-inseguranca-nao-existem-esperas\/\" \/>\n<meta property=\"og:locale\" content=\"pt_PT\" \/>\n<meta property=\"og:type\" content=\"article\" \/>\n<meta property=\"og:title\" content=\"Dia dos namorados. &quot;Na paixa\u0303o, na ansiedade e na inseguranc\u0327a na\u0303o existem esperas.&quot; - Estado com Arte\" \/>\n<meta property=\"og:description\" content=\"Bernardo Almeida\" \/>\n<meta property=\"og:url\" content=\"https:\/\/estadocomarte.pt\/site\/2025\/02\/28\/dia-dos-namorados-na-paixao-na-ansiedade-e-na-inseguranca-nao-existem-esperas\/\" \/>\n<meta property=\"og:site_name\" content=\"Estado com Arte\" \/>\n<meta property=\"article:published_time\" content=\"2025-02-28T15:14:41+00:00\" \/>\n<meta property=\"article:modified_time\" content=\"2025-03-02T14:25:47+00:00\" \/>\n<meta property=\"og:image\" content=\"https:\/\/estadocomarte.pt\/site\/wp-content\/uploads\/2023\/10\/anabela-liberato.jpg\" \/>\n\t<meta property=\"og:image:width\" content=\"450\" \/>\n\t<meta property=\"og:image:height\" content=\"479\" \/>\n\t<meta property=\"og:image:type\" content=\"image\/jpeg\" \/>\n<meta name=\"author\" content=\"admin\" \/>\n<meta name=\"twitter:card\" content=\"summary_large_image\" \/>\n<meta name=\"twitter:label1\" content=\"Escrito por\" \/>\n\t<meta name=\"twitter:data1\" content=\"admin\" \/>\n\t<meta name=\"twitter:label2\" content=\"Tempo estimado de leitura\" \/>\n\t<meta name=\"twitter:data2\" content=\"9 minutos\" \/>\n<script type=\"application\/ld+json\" class=\"yoast-schema-graph\">{\"@context\":\"https:\/\/schema.org\",\"@graph\":[{\"@type\":\"Article\",\"@id\":\"https:\/\/estadocomarte.pt\/site\/2025\/02\/28\/dia-dos-namorados-na-paixao-na-ansiedade-e-na-inseguranca-nao-existem-esperas\/#article\",\"isPartOf\":{\"@id\":\"https:\/\/estadocomarte.pt\/site\/2025\/02\/28\/dia-dos-namorados-na-paixao-na-ansiedade-e-na-inseguranca-nao-existem-esperas\/\"},\"author\":{\"name\":\"admin\",\"@id\":\"https:\/\/estadocomarte.pt\/site\/#\/schema\/person\/c0943a071216c1e5b21f85304151e4ba\"},\"headline\":\"Dia dos namorados. &#8220;Na paixa\u0303o, na ansiedade e na inseguranc\u0327a na\u0303o existem esperas.&#8221;\",\"datePublished\":\"2025-02-28T15:14:41+00:00\",\"dateModified\":\"2025-03-02T14:25:47+00:00\",\"mainEntityOfPage\":{\"@id\":\"https:\/\/estadocomarte.pt\/site\/2025\/02\/28\/dia-dos-namorados-na-paixao-na-ansiedade-e-na-inseguranca-nao-existem-esperas\/\"},\"wordCount\":1624,\"commentCount\":0,\"publisher\":{\"@id\":\"https:\/\/estadocomarte.pt\/site\/#organization\"},\"image\":{\"@id\":\"https:\/\/estadocomarte.pt\/site\/2025\/02\/28\/dia-dos-namorados-na-paixao-na-ansiedade-e-na-inseguranca-nao-existem-esperas\/#primaryimage\"},\"thumbnailUrl\":\"https:\/\/estadocomarte.pt\/site\/wp-content\/uploads\/2023\/10\/anabela-liberato.jpg\",\"articleSection\":[\"Lifestyle\"],\"inLanguage\":\"pt-PT\",\"potentialAction\":[{\"@type\":\"CommentAction\",\"name\":\"Comment\",\"target\":[\"https:\/\/estadocomarte.pt\/site\/2025\/02\/28\/dia-dos-namorados-na-paixao-na-ansiedade-e-na-inseguranca-nao-existem-esperas\/#respond\"]}]},{\"@type\":\"WebPage\",\"@id\":\"https:\/\/estadocomarte.pt\/site\/2025\/02\/28\/dia-dos-namorados-na-paixao-na-ansiedade-e-na-inseguranca-nao-existem-esperas\/\",\"url\":\"https:\/\/estadocomarte.pt\/site\/2025\/02\/28\/dia-dos-namorados-na-paixao-na-ansiedade-e-na-inseguranca-nao-existem-esperas\/\",\"name\":\"Dia dos namorados. \\\"Na paixa\u0303o, na ansiedade e na inseguranc\u0327a na\u0303o existem esperas.\\\" - Estado com Arte\",\"isPartOf\":{\"@id\":\"https:\/\/estadocomarte.pt\/site\/#website\"},\"primaryImageOfPage\":{\"@id\":\"https:\/\/estadocomarte.pt\/site\/2025\/02\/28\/dia-dos-namorados-na-paixao-na-ansiedade-e-na-inseguranca-nao-existem-esperas\/#primaryimage\"},\"image\":{\"@id\":\"https:\/\/estadocomarte.pt\/site\/2025\/02\/28\/dia-dos-namorados-na-paixao-na-ansiedade-e-na-inseguranca-nao-existem-esperas\/#primaryimage\"},\"thumbnailUrl\":\"https:\/\/estadocomarte.pt\/site\/wp-content\/uploads\/2023\/10\/anabela-liberato.jpg\",\"datePublished\":\"2025-02-28T15:14:41+00:00\",\"dateModified\":\"2025-03-02T14:25:47+00:00\",\"breadcrumb\":{\"@id\":\"https:\/\/estadocomarte.pt\/site\/2025\/02\/28\/dia-dos-namorados-na-paixao-na-ansiedade-e-na-inseguranca-nao-existem-esperas\/#breadcrumb\"},\"inLanguage\":\"pt-PT\",\"potentialAction\":[{\"@type\":\"ReadAction\",\"target\":[\"https:\/\/estadocomarte.pt\/site\/2025\/02\/28\/dia-dos-namorados-na-paixao-na-ansiedade-e-na-inseguranca-nao-existem-esperas\/\"]}]},{\"@type\":\"ImageObject\",\"inLanguage\":\"pt-PT\",\"@id\":\"https:\/\/estadocomarte.pt\/site\/2025\/02\/28\/dia-dos-namorados-na-paixao-na-ansiedade-e-na-inseguranca-nao-existem-esperas\/#primaryimage\",\"url\":\"https:\/\/estadocomarte.pt\/site\/wp-content\/uploads\/2023\/10\/anabela-liberato.jpg\",\"contentUrl\":\"https:\/\/estadocomarte.pt\/site\/wp-content\/uploads\/2023\/10\/anabela-liberato.jpg\",\"width\":450,\"height\":479},{\"@type\":\"BreadcrumbList\",\"@id\":\"https:\/\/estadocomarte.pt\/site\/2025\/02\/28\/dia-dos-namorados-na-paixao-na-ansiedade-e-na-inseguranca-nao-existem-esperas\/#breadcrumb\",\"itemListElement\":[{\"@type\":\"ListItem\",\"position\":1,\"name\":\"In\u00edcio\",\"item\":\"https:\/\/estadocomarte.pt\/site\/\"},{\"@type\":\"ListItem\",\"position\":2,\"name\":\"Dia dos namorados. &#8220;Na paixa\u0303o, na ansiedade e na inseguranc\u0327a na\u0303o existem esperas.&#8221;\"}]},{\"@type\":\"WebSite\",\"@id\":\"https:\/\/estadocomarte.pt\/site\/#website\",\"url\":\"https:\/\/estadocomarte.pt\/site\/\",\"name\":\"Estado com Arte Magazine\",\"description\":\"Magazine\",\"publisher\":{\"@id\":\"https:\/\/estadocomarte.pt\/site\/#organization\"},\"alternateName\":\"Magazine semanal sobre pol\u00edtica e cultura, com autores, opini\u00e3o e cr\u00edticas.\",\"potentialAction\":[{\"@type\":\"SearchAction\",\"target\":{\"@type\":\"EntryPoint\",\"urlTemplate\":\"https:\/\/estadocomarte.pt\/site\/?s={search_term_string}\"},\"query-input\":{\"@type\":\"PropertyValueSpecification\",\"valueRequired\":true,\"valueName\":\"search_term_string\"}}],\"inLanguage\":\"pt-PT\"},{\"@type\":\"Organization\",\"@id\":\"https:\/\/estadocomarte.pt\/site\/#organization\",\"name\":\"Estado com Arte Magazine\",\"alternateName\":\"Magazine semanal sobre pol\u00edtica e cultura, com autores, opini\u00e3o e cr\u00edticas.\",\"url\":\"https:\/\/estadocomarte.pt\/site\/\",\"logo\":{\"@type\":\"ImageObject\",\"inLanguage\":\"pt-PT\",\"@id\":\"https:\/\/estadocomarte.pt\/site\/#\/schema\/logo\/image\/\",\"url\":\"https:\/\/estadocomarte.pt\/site\/wp-content\/uploads\/2023\/06\/cropped-cropped-Prancheta-2@2x-100.jpg\",\"contentUrl\":\"https:\/\/estadocomarte.pt\/site\/wp-content\/uploads\/2023\/06\/cropped-cropped-Prancheta-2@2x-100.jpg\",\"width\":1777,\"height\":592,\"caption\":\"Estado com Arte Magazine\"},\"image\":{\"@id\":\"https:\/\/estadocomarte.pt\/site\/#\/schema\/logo\/image\/\"},\"sameAs\":[\"https:\/\/www.instagram.com\/estadocomartemagazine\"]},{\"@type\":\"Person\",\"@id\":\"https:\/\/estadocomarte.pt\/site\/#\/schema\/person\/c0943a071216c1e5b21f85304151e4ba\",\"name\":\"admin\",\"image\":{\"@type\":\"ImageObject\",\"inLanguage\":\"pt-PT\",\"@id\":\"https:\/\/estadocomarte.pt\/site\/#\/schema\/person\/image\/\",\"url\":\"https:\/\/secure.gravatar.com\/avatar\/e6f378fd6914c8505d3e1d40f51fa953b21bab0f3a5658a33bc84cb5bda780f9?s=96&d=mm&r=g\",\"contentUrl\":\"https:\/\/secure.gravatar.com\/avatar\/e6f378fd6914c8505d3e1d40f51fa953b21bab0f3a5658a33bc84cb5bda780f9?s=96&d=mm&r=g\",\"caption\":\"admin\"},\"sameAs\":[\"https:\/\/estadocomarte.pt\/site\"],\"url\":\"https:\/\/estadocomarte.pt\/site\/author\/admin\/\"}]}<\/script>\n<!-- \/ Yoast SEO plugin. -->","yoast_head_json":{"title":"Dia dos namorados. \"Na paixa\u0303o, na ansiedade e na inseguranc\u0327a na\u0303o existem esperas.\" - Estado com Arte","robots":{"index":"index","follow":"follow","max-snippet":"max-snippet:-1","max-image-preview":"max-image-preview:large","max-video-preview":"max-video-preview:-1"},"canonical":"https:\/\/estadocomarte.pt\/site\/2025\/02\/28\/dia-dos-namorados-na-paixao-na-ansiedade-e-na-inseguranca-nao-existem-esperas\/","og_locale":"pt_PT","og_type":"article","og_title":"Dia dos namorados. \"Na paixa\u0303o, na ansiedade e na inseguranc\u0327a na\u0303o existem esperas.\" - Estado com Arte","og_description":"Bernardo Almeida","og_url":"https:\/\/estadocomarte.pt\/site\/2025\/02\/28\/dia-dos-namorados-na-paixao-na-ansiedade-e-na-inseguranca-nao-existem-esperas\/","og_site_name":"Estado com Arte","article_published_time":"2025-02-28T15:14:41+00:00","article_modified_time":"2025-03-02T14:25:47+00:00","og_image":[{"width":450,"height":479,"url":"https:\/\/estadocomarte.pt\/site\/wp-content\/uploads\/2023\/10\/anabela-liberato.jpg","type":"image\/jpeg"}],"author":"admin","twitter_card":"summary_large_image","twitter_misc":{"Escrito por":"admin","Tempo estimado de leitura":"9 minutos"},"schema":{"@context":"https:\/\/schema.org","@graph":[{"@type":"Article","@id":"https:\/\/estadocomarte.pt\/site\/2025\/02\/28\/dia-dos-namorados-na-paixao-na-ansiedade-e-na-inseguranca-nao-existem-esperas\/#article","isPartOf":{"@id":"https:\/\/estadocomarte.pt\/site\/2025\/02\/28\/dia-dos-namorados-na-paixao-na-ansiedade-e-na-inseguranca-nao-existem-esperas\/"},"author":{"name":"admin","@id":"https:\/\/estadocomarte.pt\/site\/#\/schema\/person\/c0943a071216c1e5b21f85304151e4ba"},"headline":"Dia dos namorados. &#8220;Na paixa\u0303o, na ansiedade e na inseguranc\u0327a na\u0303o existem esperas.&#8221;","datePublished":"2025-02-28T15:14:41+00:00","dateModified":"2025-03-02T14:25:47+00:00","mainEntityOfPage":{"@id":"https:\/\/estadocomarte.pt\/site\/2025\/02\/28\/dia-dos-namorados-na-paixao-na-ansiedade-e-na-inseguranca-nao-existem-esperas\/"},"wordCount":1624,"commentCount":0,"publisher":{"@id":"https:\/\/estadocomarte.pt\/site\/#organization"},"image":{"@id":"https:\/\/estadocomarte.pt\/site\/2025\/02\/28\/dia-dos-namorados-na-paixao-na-ansiedade-e-na-inseguranca-nao-existem-esperas\/#primaryimage"},"thumbnailUrl":"https:\/\/estadocomarte.pt\/site\/wp-content\/uploads\/2023\/10\/anabela-liberato.jpg","articleSection":["Lifestyle"],"inLanguage":"pt-PT","potentialAction":[{"@type":"CommentAction","name":"Comment","target":["https:\/\/estadocomarte.pt\/site\/2025\/02\/28\/dia-dos-namorados-na-paixao-na-ansiedade-e-na-inseguranca-nao-existem-esperas\/#respond"]}]},{"@type":"WebPage","@id":"https:\/\/estadocomarte.pt\/site\/2025\/02\/28\/dia-dos-namorados-na-paixao-na-ansiedade-e-na-inseguranca-nao-existem-esperas\/","url":"https:\/\/estadocomarte.pt\/site\/2025\/02\/28\/dia-dos-namorados-na-paixao-na-ansiedade-e-na-inseguranca-nao-existem-esperas\/","name":"Dia dos namorados. \"Na paixa\u0303o, na ansiedade e na inseguranc\u0327a na\u0303o existem esperas.\" - Estado com Arte","isPartOf":{"@id":"https:\/\/estadocomarte.pt\/site\/#website"},"primaryImageOfPage":{"@id":"https:\/\/estadocomarte.pt\/site\/2025\/02\/28\/dia-dos-namorados-na-paixao-na-ansiedade-e-na-inseguranca-nao-existem-esperas\/#primaryimage"},"image":{"@id":"https:\/\/estadocomarte.pt\/site\/2025\/02\/28\/dia-dos-namorados-na-paixao-na-ansiedade-e-na-inseguranca-nao-existem-esperas\/#primaryimage"},"thumbnailUrl":"https:\/\/estadocomarte.pt\/site\/wp-content\/uploads\/2023\/10\/anabela-liberato.jpg","datePublished":"2025-02-28T15:14:41+00:00","dateModified":"2025-03-02T14:25:47+00:00","breadcrumb":{"@id":"https:\/\/estadocomarte.pt\/site\/2025\/02\/28\/dia-dos-namorados-na-paixao-na-ansiedade-e-na-inseguranca-nao-existem-esperas\/#breadcrumb"},"inLanguage":"pt-PT","potentialAction":[{"@type":"ReadAction","target":["https:\/\/estadocomarte.pt\/site\/2025\/02\/28\/dia-dos-namorados-na-paixao-na-ansiedade-e-na-inseguranca-nao-existem-esperas\/"]}]},{"@type":"ImageObject","inLanguage":"pt-PT","@id":"https:\/\/estadocomarte.pt\/site\/2025\/02\/28\/dia-dos-namorados-na-paixao-na-ansiedade-e-na-inseguranca-nao-existem-esperas\/#primaryimage","url":"https:\/\/estadocomarte.pt\/site\/wp-content\/uploads\/2023\/10\/anabela-liberato.jpg","contentUrl":"https:\/\/estadocomarte.pt\/site\/wp-content\/uploads\/2023\/10\/anabela-liberato.jpg","width":450,"height":479},{"@type":"BreadcrumbList","@id":"https:\/\/estadocomarte.pt\/site\/2025\/02\/28\/dia-dos-namorados-na-paixao-na-ansiedade-e-na-inseguranca-nao-existem-esperas\/#breadcrumb","itemListElement":[{"@type":"ListItem","position":1,"name":"In\u00edcio","item":"https:\/\/estadocomarte.pt\/site\/"},{"@type":"ListItem","position":2,"name":"Dia dos namorados. &#8220;Na paixa\u0303o, na ansiedade e na inseguranc\u0327a na\u0303o existem esperas.&#8221;"}]},{"@type":"WebSite","@id":"https:\/\/estadocomarte.pt\/site\/#website","url":"https:\/\/estadocomarte.pt\/site\/","name":"Estado com Arte Magazine","description":"Magazine","publisher":{"@id":"https:\/\/estadocomarte.pt\/site\/#organization"},"alternateName":"Magazine semanal sobre pol\u00edtica e cultura, com autores, opini\u00e3o e cr\u00edticas.","potentialAction":[{"@type":"SearchAction","target":{"@type":"EntryPoint","urlTemplate":"https:\/\/estadocomarte.pt\/site\/?s={search_term_string}"},"query-input":{"@type":"PropertyValueSpecification","valueRequired":true,"valueName":"search_term_string"}}],"inLanguage":"pt-PT"},{"@type":"Organization","@id":"https:\/\/estadocomarte.pt\/site\/#organization","name":"Estado com Arte Magazine","alternateName":"Magazine semanal sobre pol\u00edtica e cultura, com autores, opini\u00e3o e cr\u00edticas.","url":"https:\/\/estadocomarte.pt\/site\/","logo":{"@type":"ImageObject","inLanguage":"pt-PT","@id":"https:\/\/estadocomarte.pt\/site\/#\/schema\/logo\/image\/","url":"https:\/\/estadocomarte.pt\/site\/wp-content\/uploads\/2023\/06\/cropped-cropped-Prancheta-2@2x-100.jpg","contentUrl":"https:\/\/estadocomarte.pt\/site\/wp-content\/uploads\/2023\/06\/cropped-cropped-Prancheta-2@2x-100.jpg","width":1777,"height":592,"caption":"Estado com Arte Magazine"},"image":{"@id":"https:\/\/estadocomarte.pt\/site\/#\/schema\/logo\/image\/"},"sameAs":["https:\/\/www.instagram.com\/estadocomartemagazine"]},{"@type":"Person","@id":"https:\/\/estadocomarte.pt\/site\/#\/schema\/person\/c0943a071216c1e5b21f85304151e4ba","name":"admin","image":{"@type":"ImageObject","inLanguage":"pt-PT","@id":"https:\/\/estadocomarte.pt\/site\/#\/schema\/person\/image\/","url":"https:\/\/secure.gravatar.com\/avatar\/e6f378fd6914c8505d3e1d40f51fa953b21bab0f3a5658a33bc84cb5bda780f9?s=96&d=mm&r=g","contentUrl":"https:\/\/secure.gravatar.com\/avatar\/e6f378fd6914c8505d3e1d40f51fa953b21bab0f3a5658a33bc84cb5bda780f9?s=96&d=mm&r=g","caption":"admin"},"sameAs":["https:\/\/estadocomarte.pt\/site"],"url":"https:\/\/estadocomarte.pt\/site\/author\/admin\/"}]}},"_links":{"self":[{"href":"https:\/\/estadocomarte.pt\/site\/wp-json\/wp\/v2\/posts\/8711","targetHints":{"allow":["GET"]}}],"collection":[{"href":"https:\/\/estadocomarte.pt\/site\/wp-json\/wp\/v2\/posts"}],"about":[{"href":"https:\/\/estadocomarte.pt\/site\/wp-json\/wp\/v2\/types\/post"}],"author":[{"embeddable":true,"href":"https:\/\/estadocomarte.pt\/site\/wp-json\/wp\/v2\/users\/1"}],"replies":[{"embeddable":true,"href":"https:\/\/estadocomarte.pt\/site\/wp-json\/wp\/v2\/comments?post=8711"}],"version-history":[{"count":0,"href":"https:\/\/estadocomarte.pt\/site\/wp-json\/wp\/v2\/posts\/8711\/revisions"}],"wp:featuredmedia":[{"embeddable":true,"href":"https:\/\/estadocomarte.pt\/site\/wp-json\/wp\/v2\/media\/2847"}],"wp:attachment":[{"href":"https:\/\/estadocomarte.pt\/site\/wp-json\/wp\/v2\/media?parent=8711"}],"wp:term":[{"taxonomy":"category","embeddable":true,"href":"https:\/\/estadocomarte.pt\/site\/wp-json\/wp\/v2\/categories?post=8711"},{"taxonomy":"post_tag","embeddable":true,"href":"https:\/\/estadocomarte.pt\/site\/wp-json\/wp\/v2\/tags?post=8711"}],"curies":[{"name":"wp","href":"https:\/\/api.w.org\/{rel}","templated":true}]}}