{"id":8716,"date":"2025-02-28T20:21:03","date_gmt":"2025-02-28T20:21:03","guid":{"rendered":"https:\/\/estadocomarte.pt\/site\/?p=8716"},"modified":"2025-03-02T14:25:04","modified_gmt":"2025-03-02T14:25:04","slug":"alemanha-na-encruzilhada","status":"publish","type":"post","link":"https:\/\/estadocomarte.pt\/site\/2025\/02\/28\/alemanha-na-encruzilhada\/","title":{"rendered":"Alemanha na encruzilhada"},"content":{"rendered":"<p><strong>As elei\u00e7\u00f5es alem\u00e3s do passado fim de semana afastaram da cena pol\u00edtica uma alian\u00e7a entre os Verdes e os Social-Democratas, inicialmente desejosa de se concentrar nas prioridades internas e clim\u00e1ticas, mas que acabou inevitavelmente enredada nos meandros de um conflito para o qual n\u00e3o se encontrava minimamente preparada. A diplomacia d\u00e9bil, pontuada por avan\u00e7os e recuos, conduziu Olaf Scholz e os Social-Democratas do SPD a uma derrota dolorosa.<\/strong><\/p>\n<p>Friedrich Merz, o novo chanceler da Alemanha, tem pela frente desafios in\u00e9ditos. A ind\u00fastria alem\u00e3 debate-se com pre\u00e7os da energia preocupantes. O aliado americano exige um investimento crescente na defesa. A frente ucraniana reclama mais apoio financeiro e militar. E, provavelmente, a t\u00e1tica europeia, habilmente concebida por Winston Churchill, de resolver os problemas da Europa \u2014 sobretudo quando esta se envolve em conflitos b\u00e9licos \u2014 envolvendo o \u201cTio Sam\u201d nos mesmos, est\u00e1 esgotada e irremediavelmente inacess\u00edvel, pelo menos nos pr\u00f3ximos quatro anos.<\/p>\n<p>Al\u00e9m disso, a Europa sofre com uma lideran\u00e7a \u201cmultic\u00e9fala\u201d, marcada por proclama\u00e7\u00f5es tonitruantes de estadistas e burocratas que, embora possam ser bem-intencionadas, nem sempre refletem o verdadeiro n\u00edvel de recursos e capacidades que deveriam sustent\u00e1-las.<\/p>\n<p>Tudo isto come\u00e7a a deixar transparecer algum desnorte face a um vizinho incontorn\u00e1vel, desejoso de afirmar o seu poder militar. A transforma\u00e7\u00e3o de uma uni\u00e3o econ\u00f3mica e social numa alian\u00e7a militar, com cada vez mais adeptos, sem um substrato militar-industrial poderoso e apto para enfrentar os desafios de um campo de batalha moderno, tecnologicamente avan\u00e7ado e com militares experientes, pode alterar a natureza da Uni\u00e3o Europeia. Esta passaria a ser encarada como uma alian\u00e7a militar, motivando a correspondente reconfigura\u00e7\u00e3o dos advers\u00e1rios. E isso ter\u00e1 consequ\u00eancias que ainda ningu\u00e9m se deu ao trabalho de debater ou avaliar.<\/p>\n<p>Para evitar o isolamento crescente do projeto europeu, Friedrich Merz precisaria de um parceiro de coliga\u00e7\u00e3o que lhe permitisse afirmar a lideran\u00e7a alem\u00e3 sem os atavismos irrealistas da esquerda europeia, que est\u00e3o a conduzir a Europa a um beco sem sa\u00edda. O mais prov\u00e1vel \u00e9 que n\u00e3o encontre \u00e2nimo nem espa\u00e7o pol\u00edtico no seu partido para o fazer, o que deixar\u00e1 a Alemanha numa situa\u00e7\u00e3o an\u00e1loga \u00e0 portuguesa, mas com consequ\u00eancias bem piores para os europeus.<\/p>\n<p>Consta que, quando perguntaram a Otto von Bismarck qual seria, a seu ver, o segredo da pol\u00edtica europeia, o chanceler n\u00e3o hesitou: \u201cAssinar um bom tratado com a R\u00fassia.\u201d A sua pol\u00edtica externa, hoje conhecida como <em>Realpolitik<\/em>, preconizava uma a\u00e7\u00e3o diplom\u00e1tica vigorosa para garantir a estabilidade na Europa e evitar conflitos desnecess\u00e1rios.<\/p>\n<p>E a hist\u00f3ria do s\u00e9culo passado mostra que, sempre que a Alemanha ignorou o seu diplomata vision\u00e1rio, acabou envolvida em conflitos que quase a aniquilaram e trouxeram enorme sofrimento ao continente europeu. Curiosamente, o que vemos hoje \u00e9 uma Alemanha alheada das li\u00e7\u00f5es da hist\u00f3ria e um presidente americano a trilhar os caminhos crus e inc\u00f3modos da <em>Realpolitik<\/em>.<\/p>\n<p>Assim, enquanto Washington avan\u00e7a na esteira de Bismarck, a Europa ensaia o afastamento do seu aliado hist\u00f3rico, enredando-se numa encruzilhada que dificilmente a conduzir\u00e1 ao refor\u00e7o da sua relev\u00e2ncia internacional.<\/p>\n<p>Sem uma lideran\u00e7a clara, o continente arrisca-se a ser mero espectador das for\u00e7as que moldam o s\u00e9culo XXI, cometendo erros que Bismarck t\u00e3o habilmente evitou no seu tempo. Esperemos que tal n\u00e3o aconte\u00e7a e que o projeto europeu acabe por reencontrar o caminho da diplomacia e do di\u00e1logo realista com os restantes atores internacionais.<\/p>\n","protected":false},"excerpt":{"rendered":"<p>Lina Lopes,<br \/>\nex-Deputada da Na\u00e7\u00e3o<\/p>\n","protected":false},"author":1,"featured_media":1545,"comment_status":"open","ping_status":"open","sticky":false,"template":"","format":"standard","meta":{"site-sidebar-layout":"default","site-content-layout":"default","ast-global-header-display":"","ast-banner-title-visibility":"","ast-main-header-display":"","ast-hfb-above-header-display":"","ast-hfb-below-header-display":"","ast-hfb-mobile-header-display":"","site-post-title":"","ast-breadcrumbs-content":"","ast-featured-img":"","footer-sml-layout":"","theme-transparent-header-meta":"default","adv-header-id-meta":"","stick-header-meta":"","header-above-stick-meta":"","header-main-stick-meta":"","header-below-stick-meta":"","footnotes":""},"categories":[11],"tags":[735,736,573],"class_list":["post-8716","post","type-post","status-publish","format-standard","has-post-thumbnail","hentry","category-opiniao","tag-alemanha","tag-eleicoes-25","tag-lina-lopes"],"yoast_head":"<!-- This site is optimized with the Yoast SEO plugin v25.1 - https:\/\/yoast.com\/wordpress\/plugins\/seo\/ -->\n<title>Alemanha na encruzilhada - Estado com Arte<\/title>\n<meta name=\"robots\" content=\"index, follow, max-snippet:-1, max-image-preview:large, max-video-preview:-1\" \/>\n<link rel=\"canonical\" href=\"https:\/\/estadocomarte.pt\/site\/2025\/02\/28\/alemanha-na-encruzilhada\/\" \/>\n<meta property=\"og:locale\" content=\"pt_PT\" \/>\n<meta property=\"og:type\" content=\"article\" \/>\n<meta property=\"og:title\" content=\"Alemanha na encruzilhada - Estado com Arte\" \/>\n<meta property=\"og:description\" content=\"Lina Lopes,  ex-Deputada da Na\u00e7\u00e3o\" \/>\n<meta property=\"og:url\" content=\"https:\/\/estadocomarte.pt\/site\/2025\/02\/28\/alemanha-na-encruzilhada\/\" \/>\n<meta property=\"og:site_name\" content=\"Estado com Arte\" \/>\n<meta property=\"article:published_time\" content=\"2025-02-28T20:21:03+00:00\" \/>\n<meta property=\"article:modified_time\" content=\"2025-03-02T14:25:04+00:00\" \/>\n<meta property=\"og:image\" content=\"https:\/\/estadocomarte.pt\/site\/wp-content\/uploads\/2023\/07\/lina-lopes.jpg\" \/>\n\t<meta property=\"og:image:width\" content=\"593\" \/>\n\t<meta property=\"og:image:height\" content=\"678\" \/>\n\t<meta property=\"og:image:type\" content=\"image\/jpeg\" \/>\n<meta name=\"author\" content=\"admin\" \/>\n<meta name=\"twitter:card\" content=\"summary_large_image\" \/>\n<meta name=\"twitter:label1\" content=\"Escrito por\" \/>\n\t<meta name=\"twitter:data1\" content=\"admin\" \/>\n\t<meta name=\"twitter:label2\" content=\"Tempo estimado de leitura\" \/>\n\t<meta name=\"twitter:data2\" content=\"4 minutos\" \/>\n<script type=\"application\/ld+json\" class=\"yoast-schema-graph\">{\"@context\":\"https:\/\/schema.org\",\"@graph\":[{\"@type\":\"Article\",\"@id\":\"https:\/\/estadocomarte.pt\/site\/2025\/02\/28\/alemanha-na-encruzilhada\/#article\",\"isPartOf\":{\"@id\":\"https:\/\/estadocomarte.pt\/site\/2025\/02\/28\/alemanha-na-encruzilhada\/\"},\"author\":{\"name\":\"admin\",\"@id\":\"https:\/\/estadocomarte.pt\/site\/#\/schema\/person\/c0943a071216c1e5b21f85304151e4ba\"},\"headline\":\"Alemanha na encruzilhada\",\"datePublished\":\"2025-02-28T20:21:03+00:00\",\"dateModified\":\"2025-03-02T14:25:04+00:00\",\"mainEntityOfPage\":{\"@id\":\"https:\/\/estadocomarte.pt\/site\/2025\/02\/28\/alemanha-na-encruzilhada\/\"},\"wordCount\":618,\"commentCount\":0,\"publisher\":{\"@id\":\"https:\/\/estadocomarte.pt\/site\/#organization\"},\"image\":{\"@id\":\"https:\/\/estadocomarte.pt\/site\/2025\/02\/28\/alemanha-na-encruzilhada\/#primaryimage\"},\"thumbnailUrl\":\"https:\/\/estadocomarte.pt\/site\/wp-content\/uploads\/2023\/07\/lina-lopes.jpg\",\"keywords\":[\"Alemanha\",\"elei\u00e7\u00f5es 25\",\"lina lopes\"],\"articleSection\":[\"Opini\u00e3o\"],\"inLanguage\":\"pt-PT\",\"potentialAction\":[{\"@type\":\"CommentAction\",\"name\":\"Comment\",\"target\":[\"https:\/\/estadocomarte.pt\/site\/2025\/02\/28\/alemanha-na-encruzilhada\/#respond\"]}]},{\"@type\":\"WebPage\",\"@id\":\"https:\/\/estadocomarte.pt\/site\/2025\/02\/28\/alemanha-na-encruzilhada\/\",\"url\":\"https:\/\/estadocomarte.pt\/site\/2025\/02\/28\/alemanha-na-encruzilhada\/\",\"name\":\"Alemanha na encruzilhada - Estado com Arte\",\"isPartOf\":{\"@id\":\"https:\/\/estadocomarte.pt\/site\/#website\"},\"primaryImageOfPage\":{\"@id\":\"https:\/\/estadocomarte.pt\/site\/2025\/02\/28\/alemanha-na-encruzilhada\/#primaryimage\"},\"image\":{\"@id\":\"https:\/\/estadocomarte.pt\/site\/2025\/02\/28\/alemanha-na-encruzilhada\/#primaryimage\"},\"thumbnailUrl\":\"https:\/\/estadocomarte.pt\/site\/wp-content\/uploads\/2023\/07\/lina-lopes.jpg\",\"datePublished\":\"2025-02-28T20:21:03+00:00\",\"dateModified\":\"2025-03-02T14:25:04+00:00\",\"breadcrumb\":{\"@id\":\"https:\/\/estadocomarte.pt\/site\/2025\/02\/28\/alemanha-na-encruzilhada\/#breadcrumb\"},\"inLanguage\":\"pt-PT\",\"potentialAction\":[{\"@type\":\"ReadAction\",\"target\":[\"https:\/\/estadocomarte.pt\/site\/2025\/02\/28\/alemanha-na-encruzilhada\/\"]}]},{\"@type\":\"ImageObject\",\"inLanguage\":\"pt-PT\",\"@id\":\"https:\/\/estadocomarte.pt\/site\/2025\/02\/28\/alemanha-na-encruzilhada\/#primaryimage\",\"url\":\"https:\/\/estadocomarte.pt\/site\/wp-content\/uploads\/2023\/07\/lina-lopes.jpg\",\"contentUrl\":\"https:\/\/estadocomarte.pt\/site\/wp-content\/uploads\/2023\/07\/lina-lopes.jpg\",\"width\":593,\"height\":678},{\"@type\":\"BreadcrumbList\",\"@id\":\"https:\/\/estadocomarte.pt\/site\/2025\/02\/28\/alemanha-na-encruzilhada\/#breadcrumb\",\"itemListElement\":[{\"@type\":\"ListItem\",\"position\":1,\"name\":\"In\u00edcio\",\"item\":\"https:\/\/estadocomarte.pt\/site\/\"},{\"@type\":\"ListItem\",\"position\":2,\"name\":\"Alemanha na encruzilhada\"}]},{\"@type\":\"WebSite\",\"@id\":\"https:\/\/estadocomarte.pt\/site\/#website\",\"url\":\"https:\/\/estadocomarte.pt\/site\/\",\"name\":\"Estado com Arte Magazine\",\"description\":\"Magazine\",\"publisher\":{\"@id\":\"https:\/\/estadocomarte.pt\/site\/#organization\"},\"alternateName\":\"Magazine semanal sobre pol\u00edtica e cultura, com autores, opini\u00e3o e cr\u00edticas.\",\"potentialAction\":[{\"@type\":\"SearchAction\",\"target\":{\"@type\":\"EntryPoint\",\"urlTemplate\":\"https:\/\/estadocomarte.pt\/site\/?s={search_term_string}\"},\"query-input\":{\"@type\":\"PropertyValueSpecification\",\"valueRequired\":true,\"valueName\":\"search_term_string\"}}],\"inLanguage\":\"pt-PT\"},{\"@type\":\"Organization\",\"@id\":\"https:\/\/estadocomarte.pt\/site\/#organization\",\"name\":\"Estado com Arte Magazine\",\"alternateName\":\"Magazine semanal sobre pol\u00edtica e cultura, com autores, opini\u00e3o e cr\u00edticas.\",\"url\":\"https:\/\/estadocomarte.pt\/site\/\",\"logo\":{\"@type\":\"ImageObject\",\"inLanguage\":\"pt-PT\",\"@id\":\"https:\/\/estadocomarte.pt\/site\/#\/schema\/logo\/image\/\",\"url\":\"https:\/\/estadocomarte.pt\/site\/wp-content\/uploads\/2023\/06\/cropped-cropped-Prancheta-2@2x-100.jpg\",\"contentUrl\":\"https:\/\/estadocomarte.pt\/site\/wp-content\/uploads\/2023\/06\/cropped-cropped-Prancheta-2@2x-100.jpg\",\"width\":1777,\"height\":592,\"caption\":\"Estado com Arte Magazine\"},\"image\":{\"@id\":\"https:\/\/estadocomarte.pt\/site\/#\/schema\/logo\/image\/\"},\"sameAs\":[\"https:\/\/www.instagram.com\/estadocomartemagazine\"]},{\"@type\":\"Person\",\"@id\":\"https:\/\/estadocomarte.pt\/site\/#\/schema\/person\/c0943a071216c1e5b21f85304151e4ba\",\"name\":\"admin\",\"image\":{\"@type\":\"ImageObject\",\"inLanguage\":\"pt-PT\",\"@id\":\"https:\/\/estadocomarte.pt\/site\/#\/schema\/person\/image\/\",\"url\":\"https:\/\/secure.gravatar.com\/avatar\/e6f378fd6914c8505d3e1d40f51fa953b21bab0f3a5658a33bc84cb5bda780f9?s=96&d=mm&r=g\",\"contentUrl\":\"https:\/\/secure.gravatar.com\/avatar\/e6f378fd6914c8505d3e1d40f51fa953b21bab0f3a5658a33bc84cb5bda780f9?s=96&d=mm&r=g\",\"caption\":\"admin\"},\"sameAs\":[\"https:\/\/estadocomarte.pt\/site\"],\"url\":\"https:\/\/estadocomarte.pt\/site\/author\/admin\/\"}]}<\/script>\n<!-- \/ Yoast SEO plugin. -->","yoast_head_json":{"title":"Alemanha na encruzilhada - Estado com Arte","robots":{"index":"index","follow":"follow","max-snippet":"max-snippet:-1","max-image-preview":"max-image-preview:large","max-video-preview":"max-video-preview:-1"},"canonical":"https:\/\/estadocomarte.pt\/site\/2025\/02\/28\/alemanha-na-encruzilhada\/","og_locale":"pt_PT","og_type":"article","og_title":"Alemanha na encruzilhada - Estado com Arte","og_description":"Lina Lopes,  ex-Deputada da Na\u00e7\u00e3o","og_url":"https:\/\/estadocomarte.pt\/site\/2025\/02\/28\/alemanha-na-encruzilhada\/","og_site_name":"Estado com Arte","article_published_time":"2025-02-28T20:21:03+00:00","article_modified_time":"2025-03-02T14:25:04+00:00","og_image":[{"width":593,"height":678,"url":"https:\/\/estadocomarte.pt\/site\/wp-content\/uploads\/2023\/07\/lina-lopes.jpg","type":"image\/jpeg"}],"author":"admin","twitter_card":"summary_large_image","twitter_misc":{"Escrito por":"admin","Tempo estimado de leitura":"4 minutos"},"schema":{"@context":"https:\/\/schema.org","@graph":[{"@type":"Article","@id":"https:\/\/estadocomarte.pt\/site\/2025\/02\/28\/alemanha-na-encruzilhada\/#article","isPartOf":{"@id":"https:\/\/estadocomarte.pt\/site\/2025\/02\/28\/alemanha-na-encruzilhada\/"},"author":{"name":"admin","@id":"https:\/\/estadocomarte.pt\/site\/#\/schema\/person\/c0943a071216c1e5b21f85304151e4ba"},"headline":"Alemanha na encruzilhada","datePublished":"2025-02-28T20:21:03+00:00","dateModified":"2025-03-02T14:25:04+00:00","mainEntityOfPage":{"@id":"https:\/\/estadocomarte.pt\/site\/2025\/02\/28\/alemanha-na-encruzilhada\/"},"wordCount":618,"commentCount":0,"publisher":{"@id":"https:\/\/estadocomarte.pt\/site\/#organization"},"image":{"@id":"https:\/\/estadocomarte.pt\/site\/2025\/02\/28\/alemanha-na-encruzilhada\/#primaryimage"},"thumbnailUrl":"https:\/\/estadocomarte.pt\/site\/wp-content\/uploads\/2023\/07\/lina-lopes.jpg","keywords":["Alemanha","elei\u00e7\u00f5es 25","lina lopes"],"articleSection":["Opini\u00e3o"],"inLanguage":"pt-PT","potentialAction":[{"@type":"CommentAction","name":"Comment","target":["https:\/\/estadocomarte.pt\/site\/2025\/02\/28\/alemanha-na-encruzilhada\/#respond"]}]},{"@type":"WebPage","@id":"https:\/\/estadocomarte.pt\/site\/2025\/02\/28\/alemanha-na-encruzilhada\/","url":"https:\/\/estadocomarte.pt\/site\/2025\/02\/28\/alemanha-na-encruzilhada\/","name":"Alemanha na encruzilhada - Estado com Arte","isPartOf":{"@id":"https:\/\/estadocomarte.pt\/site\/#website"},"primaryImageOfPage":{"@id":"https:\/\/estadocomarte.pt\/site\/2025\/02\/28\/alemanha-na-encruzilhada\/#primaryimage"},"image":{"@id":"https:\/\/estadocomarte.pt\/site\/2025\/02\/28\/alemanha-na-encruzilhada\/#primaryimage"},"thumbnailUrl":"https:\/\/estadocomarte.pt\/site\/wp-content\/uploads\/2023\/07\/lina-lopes.jpg","datePublished":"2025-02-28T20:21:03+00:00","dateModified":"2025-03-02T14:25:04+00:00","breadcrumb":{"@id":"https:\/\/estadocomarte.pt\/site\/2025\/02\/28\/alemanha-na-encruzilhada\/#breadcrumb"},"inLanguage":"pt-PT","potentialAction":[{"@type":"ReadAction","target":["https:\/\/estadocomarte.pt\/site\/2025\/02\/28\/alemanha-na-encruzilhada\/"]}]},{"@type":"ImageObject","inLanguage":"pt-PT","@id":"https:\/\/estadocomarte.pt\/site\/2025\/02\/28\/alemanha-na-encruzilhada\/#primaryimage","url":"https:\/\/estadocomarte.pt\/site\/wp-content\/uploads\/2023\/07\/lina-lopes.jpg","contentUrl":"https:\/\/estadocomarte.pt\/site\/wp-content\/uploads\/2023\/07\/lina-lopes.jpg","width":593,"height":678},{"@type":"BreadcrumbList","@id":"https:\/\/estadocomarte.pt\/site\/2025\/02\/28\/alemanha-na-encruzilhada\/#breadcrumb","itemListElement":[{"@type":"ListItem","position":1,"name":"In\u00edcio","item":"https:\/\/estadocomarte.pt\/site\/"},{"@type":"ListItem","position":2,"name":"Alemanha na encruzilhada"}]},{"@type":"WebSite","@id":"https:\/\/estadocomarte.pt\/site\/#website","url":"https:\/\/estadocomarte.pt\/site\/","name":"Estado com Arte Magazine","description":"Magazine","publisher":{"@id":"https:\/\/estadocomarte.pt\/site\/#organization"},"alternateName":"Magazine semanal sobre pol\u00edtica e cultura, com autores, opini\u00e3o e cr\u00edticas.","potentialAction":[{"@type":"SearchAction","target":{"@type":"EntryPoint","urlTemplate":"https:\/\/estadocomarte.pt\/site\/?s={search_term_string}"},"query-input":{"@type":"PropertyValueSpecification","valueRequired":true,"valueName":"search_term_string"}}],"inLanguage":"pt-PT"},{"@type":"Organization","@id":"https:\/\/estadocomarte.pt\/site\/#organization","name":"Estado com Arte Magazine","alternateName":"Magazine semanal sobre pol\u00edtica e cultura, com autores, opini\u00e3o e cr\u00edticas.","url":"https:\/\/estadocomarte.pt\/site\/","logo":{"@type":"ImageObject","inLanguage":"pt-PT","@id":"https:\/\/estadocomarte.pt\/site\/#\/schema\/logo\/image\/","url":"https:\/\/estadocomarte.pt\/site\/wp-content\/uploads\/2023\/06\/cropped-cropped-Prancheta-2@2x-100.jpg","contentUrl":"https:\/\/estadocomarte.pt\/site\/wp-content\/uploads\/2023\/06\/cropped-cropped-Prancheta-2@2x-100.jpg","width":1777,"height":592,"caption":"Estado com Arte Magazine"},"image":{"@id":"https:\/\/estadocomarte.pt\/site\/#\/schema\/logo\/image\/"},"sameAs":["https:\/\/www.instagram.com\/estadocomartemagazine"]},{"@type":"Person","@id":"https:\/\/estadocomarte.pt\/site\/#\/schema\/person\/c0943a071216c1e5b21f85304151e4ba","name":"admin","image":{"@type":"ImageObject","inLanguage":"pt-PT","@id":"https:\/\/estadocomarte.pt\/site\/#\/schema\/person\/image\/","url":"https:\/\/secure.gravatar.com\/avatar\/e6f378fd6914c8505d3e1d40f51fa953b21bab0f3a5658a33bc84cb5bda780f9?s=96&d=mm&r=g","contentUrl":"https:\/\/secure.gravatar.com\/avatar\/e6f378fd6914c8505d3e1d40f51fa953b21bab0f3a5658a33bc84cb5bda780f9?s=96&d=mm&r=g","caption":"admin"},"sameAs":["https:\/\/estadocomarte.pt\/site"],"url":"https:\/\/estadocomarte.pt\/site\/author\/admin\/"}]}},"_links":{"self":[{"href":"https:\/\/estadocomarte.pt\/site\/wp-json\/wp\/v2\/posts\/8716","targetHints":{"allow":["GET"]}}],"collection":[{"href":"https:\/\/estadocomarte.pt\/site\/wp-json\/wp\/v2\/posts"}],"about":[{"href":"https:\/\/estadocomarte.pt\/site\/wp-json\/wp\/v2\/types\/post"}],"author":[{"embeddable":true,"href":"https:\/\/estadocomarte.pt\/site\/wp-json\/wp\/v2\/users\/1"}],"replies":[{"embeddable":true,"href":"https:\/\/estadocomarte.pt\/site\/wp-json\/wp\/v2\/comments?post=8716"}],"version-history":[{"count":0,"href":"https:\/\/estadocomarte.pt\/site\/wp-json\/wp\/v2\/posts\/8716\/revisions"}],"wp:featuredmedia":[{"embeddable":true,"href":"https:\/\/estadocomarte.pt\/site\/wp-json\/wp\/v2\/media\/1545"}],"wp:attachment":[{"href":"https:\/\/estadocomarte.pt\/site\/wp-json\/wp\/v2\/media?parent=8716"}],"wp:term":[{"taxonomy":"category","embeddable":true,"href":"https:\/\/estadocomarte.pt\/site\/wp-json\/wp\/v2\/categories?post=8716"},{"taxonomy":"post_tag","embeddable":true,"href":"https:\/\/estadocomarte.pt\/site\/wp-json\/wp\/v2\/tags?post=8716"}],"curies":[{"name":"wp","href":"https:\/\/api.w.org\/{rel}","templated":true}]}}