{"id":8720,"date":"2025-03-01T19:10:16","date_gmt":"2025-03-01T19:10:16","guid":{"rendered":"https:\/\/estadocomarte.pt\/site\/?p=8720"},"modified":"2025-03-02T14:24:16","modified_gmt":"2025-03-02T14:24:16","slug":"ou-se-demite-ou-se-demite","status":"publish","type":"post","link":"https:\/\/estadocomarte.pt\/site\/2025\/03\/01\/ou-se-demite-ou-se-demite\/","title":{"rendered":"OU SE DEMITE&#8230; OU SE DEMITE"},"content":{"rendered":"<p><strong>Considero Montenegro um mau governante, sem vis\u00e3o, sem uma estrat\u00e9gia para o pa\u00eds, sem capacidade para o lugar que ocupa e sobre isso n\u00e3o tenho d\u00favidas. Mas tenho horror a ver os diversos patamares da estrutura do Estado a serem ocupadas por gente in\u00fatil, sem qualquer habilita\u00e7\u00e3o, sem profiss\u00e3o, ou dimens\u00e3o pol\u00edtica ou intelectual, para exercer qualquer cargo e isso aflige-me.<\/strong><\/p>\n<p>N\u00e3o \u00e9 novidade para ningu\u00e9m minimamente informado, as liga\u00e7\u00f5es e intera\u00e7\u00f5es entre os grandes escrit\u00f3rios de advogados deste pa\u00eds e o poder, leia-se, governo, C\u00e2maras e outras estruturas do Estado. S\u00e3o esses escrit\u00f3rios sistematicamente chamados a dar pareceres, apoio jur\u00eddico nas mais diversas circunst\u00e2ncias e transa\u00e7\u00f5es e inclusive a criar legisla\u00e7\u00e3o, que obviamente \u00e9 elaborada de forma a deixar lacunas que um dia vir\u00e3o a ser aproveitadas quando esses mesmos escrit\u00f3rios estiverem do outro lado da barricada a litigarem contra o Estado, em defesa de interesses de empresas suas clientes.<\/p>\n<p>\u00c9 exatamente assim, advogados que hoje est\u00e3o do lado do Estado, amanh\u00e3 est\u00e3o contra ele e vice versa. Ora, n\u00e3o \u00e9 por acaso que ministros dos v\u00e1rios partidos da \u00e1rea da governa\u00e7\u00e3o -PS, PSD e do CDS- e n\u00e3o vale a pena descriminar nomes, porque s\u00e3o \u00e0s centenas, transitam do governo para esses escrit\u00f3rios e o contr\u00e1rio, veem desses escrit\u00f3rios para o governo e est\u00e1 assim montado o carrossel da defesa de interesses obscuros, ou se quisermos utilizar uma terminologia mais usada, as tais portas girat\u00f3rias entre o Estado e os interesses privados, em que o perdedor \u00e9 sempre o mesmo, exatamente o Estado, ou seja, o portugu\u00eas contribuinte.<\/p>\n<p>No meio de toda esta chafurdice interesseira, h\u00e1 alguns destes grandes escrit\u00f3rios que faturam anualmente dezenas de milh\u00f5es de euros dos cofres do Estado, para defenderem os interesses que obviamente s\u00e3o dos seus clientes particulares e empresariais. Evidentemente que quando entram no governo, fazem-no com uma miss\u00e3o bem definida, e n\u00e3o raramente s\u00e3o pagos para isso pela \u201cporta do cavalo\u201d, salvaguardar o interesse do seu cliente, em termos de legisla\u00e7\u00e3o, de tomadas de decis\u00f5es, influencia\u00e7\u00e3o, etc&#8230;, qual \u00e9 a d\u00favida disto? Nenhuma.<\/p>\n<p>O caso de Manuel Pinho, que esteve no governo como ponta de lan\u00e7a do BES, para defender o que lhe convinha, que anda a\u00ed a correr pelos tribunais, \u00e9 apenas um pequeno exemplo, que s\u00f3 veio a lume porque o exagero e o descaramento foi longe demais e foi apanhado numa curva mais apertada, a reboque do processo do chefe do governo, esse \u00edcone da espiral corruptiva nacional, de seu nome Jos\u00e9 S\u00f3crates.<\/p>\n<p>A legisla\u00e7\u00e3o existente, de que de vez em quando se fala, quando aparece mais um esc\u00e2ndalo, \u00e9 uma fal\u00e1cia para entreter meninos de fraldas. Desde que um indiv\u00edduo se livre da sua participa\u00e7\u00e3o em alguma dessas empresas em que esteja envolvido, uma semanita antes de assumir o cargo governamental, passando a sua parte para um primo qualquer, ou um amigo de confian\u00e7a, a coisa j\u00e1 fica legal, n\u00e3o h\u00e1 problema nenhum e ele pode ir ser ministro feliz da vida, fazemos todos de conta que somos est\u00fapidos e a\u00ed vai ele fazer o trabalhinho em prol dos interesses de quem lhe pagava anteriormente e continuar\u00e1 a pagar, embora fazendo de conta que est\u00e1 fora da empresa.<\/p>\n<p>O que eu n\u00e3o percebo \u00e9 qual \u00e9 a novidade de tudo isto? N\u00e3o h\u00e1 nenhuma novidade, porque h\u00e1 dezenas de anos que o sistema funciona assim.<\/p>\n<p>Claro que isto vem a prop\u00f3sito do esc\u00e2ndalo do momento, em torno do primeiro ministro Lu\u00eds Montenegro, porque tem uma empresa, da qual alguns clientes t\u00eam interesses diretos com o Estado, e ele n\u00e3o teve a agilidade de se ter livrado atempadamente, tal como a lei manhosa que disfar\u00e7a tudo, mas n\u00e3o resolve nada, estipula e hoje ele poderia estar no governo calmamente a defender os mesmos interesses dos seus clientes, porque obviamente \u00e9 isso que todos fazem. Sim, todos.<\/p>\n<p>Vamos l\u00e1 ser intelectualmente honestos. Quem \u00e9 que devidamente capacitado e habilitado, profissionalmente bem sucedido na vida, com provas dadas de compet\u00eancia e isto \u00e9 em abstrato, est\u00e1 dispon\u00edvel para largar essa mesma vida, para ir servir o governo, como secret\u00e1rio de estado ou ministro, com todas as responsabilidades inerentes e com todas as persegui\u00e7\u00f5es, inj\u00farias e acusa\u00e7\u00f5es, muitas vezes falsas e aci8ma de tudo isso, com a hipocrisia sistem\u00e1tica da pol\u00edtica? Ningu\u00e9m. Ningu\u00e9m est\u00e1 para os aturar. A ser assim, que se lixe o governo e o pa\u00eds. Porque, sim, essa \u00e9 a quest\u00e3o, os pol\u00edticos s\u00e3o muito mal pagos, sejamos honestos.<\/p>\n<p>Considero Montenegro um mau governante, sem vis\u00e3o, sem uma estrat\u00e9gia para o pa\u00eds, sem capacidade para o lugar que ocupa e sobre isso n\u00e3o tenho d\u00favidas. Mas tenho horror a ver os diversos patamares da estrutura do Estado a serem ocupadas por gente in\u00fatil, sem qualquer habilita\u00e7\u00e3o, sem profiss\u00e3o, ou dimens\u00e3o pol\u00edtica ou intelectual, para exercer qualquer cargo e isso aflige-me.<\/p>\n<p>A m\u00e1quina trituradora da esquerda, alicer\u00e7ada na comunica\u00e7\u00e3o social sempre ao seu servi\u00e7o, fez acreditar o pa\u00eds que Montenegro \u00e9 um caso \u00fanico, diferente de tantos e tantos outros que por a\u00ed abundam e n\u00e3o \u00e9, s\u00f3 foi ingenuo ou distra\u00eddo, mas por isso vai ter que se demitir e n\u00e3o tem outra sa\u00edda. Hoje, amanh\u00e3, ou no m\u00eas que vem, est\u00e1 ferido de morte.<\/p>\n<p>Ao pa\u00eds resta mais um intervalo, em que tudo p\u00e1ra, para sabermos durante uma temporada como \u00e9 que vai ser o futuro.<\/p>\n","protected":false},"excerpt":{"rendered":"<p>Rui Gon\u00e7alves,<br \/>\narquitecto<\/p>\n","protected":false},"author":1,"featured_media":2202,"comment_status":"open","ping_status":"open","sticky":false,"template":"","format":"standard","meta":{"site-sidebar-layout":"default","site-content-layout":"default","ast-global-header-display":"","ast-banner-title-visibility":"","ast-main-header-display":"","ast-hfb-above-header-display":"","ast-hfb-below-header-display":"","ast-hfb-mobile-header-display":"","site-post-title":"","ast-breadcrumbs-content":"","ast-featured-img":"","footer-sml-layout":"","theme-transparent-header-meta":"default","adv-header-id-meta":"","stick-header-meta":"","header-above-stick-meta":"","header-main-stick-meta":"","header-below-stick-meta":"","footnotes":""},"categories":[87],"tags":[503,315,233],"class_list":["post-8720","post","type-post","status-publish","format-standard","has-post-thumbnail","hentry","category-vice-versa","tag-luis-montenegro","tag-psd","tag-rui-goncalves"],"yoast_head":"<!-- This site is optimized with the Yoast SEO plugin v25.1 - https:\/\/yoast.com\/wordpress\/plugins\/seo\/ -->\n<title>OU SE DEMITE... OU SE DEMITE - Estado com Arte<\/title>\n<meta name=\"robots\" content=\"index, follow, max-snippet:-1, max-image-preview:large, max-video-preview:-1\" \/>\n<link rel=\"canonical\" href=\"https:\/\/estadocomarte.pt\/site\/2025\/03\/01\/ou-se-demite-ou-se-demite\/\" \/>\n<meta property=\"og:locale\" content=\"pt_PT\" \/>\n<meta property=\"og:type\" content=\"article\" \/>\n<meta property=\"og:title\" content=\"OU SE DEMITE... OU SE DEMITE - Estado com Arte\" \/>\n<meta property=\"og:description\" content=\"Rui Gon\u00e7alves, arquitecto\" \/>\n<meta property=\"og:url\" content=\"https:\/\/estadocomarte.pt\/site\/2025\/03\/01\/ou-se-demite-ou-se-demite\/\" \/>\n<meta property=\"og:site_name\" content=\"Estado com Arte\" \/>\n<meta property=\"article:published_time\" content=\"2025-03-01T19:10:16+00:00\" \/>\n<meta property=\"article:modified_time\" content=\"2025-03-02T14:24:16+00:00\" \/>\n<meta property=\"og:image\" content=\"https:\/\/estadocomarte.pt\/site\/wp-content\/uploads\/2023\/08\/Rui-Goncalves.jpg\" \/>\n\t<meta property=\"og:image:width\" content=\"536\" \/>\n\t<meta property=\"og:image:height\" content=\"632\" \/>\n\t<meta property=\"og:image:type\" content=\"image\/jpeg\" \/>\n<meta name=\"author\" content=\"admin\" \/>\n<meta name=\"twitter:card\" content=\"summary_large_image\" \/>\n<meta name=\"twitter:label1\" content=\"Escrito por\" \/>\n\t<meta name=\"twitter:data1\" content=\"admin\" \/>\n\t<meta name=\"twitter:label2\" content=\"Tempo estimado de leitura\" \/>\n\t<meta name=\"twitter:data2\" content=\"6 minutos\" \/>\n<script type=\"application\/ld+json\" class=\"yoast-schema-graph\">{\"@context\":\"https:\/\/schema.org\",\"@graph\":[{\"@type\":\"Article\",\"@id\":\"https:\/\/estadocomarte.pt\/site\/2025\/03\/01\/ou-se-demite-ou-se-demite\/#article\",\"isPartOf\":{\"@id\":\"https:\/\/estadocomarte.pt\/site\/2025\/03\/01\/ou-se-demite-ou-se-demite\/\"},\"author\":{\"name\":\"admin\",\"@id\":\"https:\/\/estadocomarte.pt\/site\/#\/schema\/person\/c0943a071216c1e5b21f85304151e4ba\"},\"headline\":\"OU SE DEMITE&#8230; OU SE DEMITE\",\"datePublished\":\"2025-03-01T19:10:16+00:00\",\"dateModified\":\"2025-03-02T14:24:16+00:00\",\"mainEntityOfPage\":{\"@id\":\"https:\/\/estadocomarte.pt\/site\/2025\/03\/01\/ou-se-demite-ou-se-demite\/\"},\"wordCount\":981,\"commentCount\":0,\"publisher\":{\"@id\":\"https:\/\/estadocomarte.pt\/site\/#organization\"},\"image\":{\"@id\":\"https:\/\/estadocomarte.pt\/site\/2025\/03\/01\/ou-se-demite-ou-se-demite\/#primaryimage\"},\"thumbnailUrl\":\"https:\/\/estadocomarte.pt\/site\/wp-content\/uploads\/2023\/08\/Rui-Goncalves.jpg\",\"keywords\":[\"Luis MOntenegro\",\"PSD\",\"rui gon\u00e7alves\"],\"articleSection\":[\"Vice-versa\"],\"inLanguage\":\"pt-PT\",\"potentialAction\":[{\"@type\":\"CommentAction\",\"name\":\"Comment\",\"target\":[\"https:\/\/estadocomarte.pt\/site\/2025\/03\/01\/ou-se-demite-ou-se-demite\/#respond\"]}]},{\"@type\":\"WebPage\",\"@id\":\"https:\/\/estadocomarte.pt\/site\/2025\/03\/01\/ou-se-demite-ou-se-demite\/\",\"url\":\"https:\/\/estadocomarte.pt\/site\/2025\/03\/01\/ou-se-demite-ou-se-demite\/\",\"name\":\"OU SE DEMITE... OU SE DEMITE - Estado com Arte\",\"isPartOf\":{\"@id\":\"https:\/\/estadocomarte.pt\/site\/#website\"},\"primaryImageOfPage\":{\"@id\":\"https:\/\/estadocomarte.pt\/site\/2025\/03\/01\/ou-se-demite-ou-se-demite\/#primaryimage\"},\"image\":{\"@id\":\"https:\/\/estadocomarte.pt\/site\/2025\/03\/01\/ou-se-demite-ou-se-demite\/#primaryimage\"},\"thumbnailUrl\":\"https:\/\/estadocomarte.pt\/site\/wp-content\/uploads\/2023\/08\/Rui-Goncalves.jpg\",\"datePublished\":\"2025-03-01T19:10:16+00:00\",\"dateModified\":\"2025-03-02T14:24:16+00:00\",\"breadcrumb\":{\"@id\":\"https:\/\/estadocomarte.pt\/site\/2025\/03\/01\/ou-se-demite-ou-se-demite\/#breadcrumb\"},\"inLanguage\":\"pt-PT\",\"potentialAction\":[{\"@type\":\"ReadAction\",\"target\":[\"https:\/\/estadocomarte.pt\/site\/2025\/03\/01\/ou-se-demite-ou-se-demite\/\"]}]},{\"@type\":\"ImageObject\",\"inLanguage\":\"pt-PT\",\"@id\":\"https:\/\/estadocomarte.pt\/site\/2025\/03\/01\/ou-se-demite-ou-se-demite\/#primaryimage\",\"url\":\"https:\/\/estadocomarte.pt\/site\/wp-content\/uploads\/2023\/08\/Rui-Goncalves.jpg\",\"contentUrl\":\"https:\/\/estadocomarte.pt\/site\/wp-content\/uploads\/2023\/08\/Rui-Goncalves.jpg\",\"width\":536,\"height\":632,\"caption\":\"Rui Gon\u00e7alvez\"},{\"@type\":\"BreadcrumbList\",\"@id\":\"https:\/\/estadocomarte.pt\/site\/2025\/03\/01\/ou-se-demite-ou-se-demite\/#breadcrumb\",\"itemListElement\":[{\"@type\":\"ListItem\",\"position\":1,\"name\":\"In\u00edcio\",\"item\":\"https:\/\/estadocomarte.pt\/site\/\"},{\"@type\":\"ListItem\",\"position\":2,\"name\":\"OU SE DEMITE&#8230; OU SE DEMITE\"}]},{\"@type\":\"WebSite\",\"@id\":\"https:\/\/estadocomarte.pt\/site\/#website\",\"url\":\"https:\/\/estadocomarte.pt\/site\/\",\"name\":\"Estado com Arte Magazine\",\"description\":\"Magazine\",\"publisher\":{\"@id\":\"https:\/\/estadocomarte.pt\/site\/#organization\"},\"alternateName\":\"Magazine semanal sobre pol\u00edtica e cultura, com autores, opini\u00e3o e cr\u00edticas.\",\"potentialAction\":[{\"@type\":\"SearchAction\",\"target\":{\"@type\":\"EntryPoint\",\"urlTemplate\":\"https:\/\/estadocomarte.pt\/site\/?s={search_term_string}\"},\"query-input\":{\"@type\":\"PropertyValueSpecification\",\"valueRequired\":true,\"valueName\":\"search_term_string\"}}],\"inLanguage\":\"pt-PT\"},{\"@type\":\"Organization\",\"@id\":\"https:\/\/estadocomarte.pt\/site\/#organization\",\"name\":\"Estado com Arte Magazine\",\"alternateName\":\"Magazine semanal sobre pol\u00edtica e cultura, com autores, opini\u00e3o e cr\u00edticas.\",\"url\":\"https:\/\/estadocomarte.pt\/site\/\",\"logo\":{\"@type\":\"ImageObject\",\"inLanguage\":\"pt-PT\",\"@id\":\"https:\/\/estadocomarte.pt\/site\/#\/schema\/logo\/image\/\",\"url\":\"https:\/\/estadocomarte.pt\/site\/wp-content\/uploads\/2023\/06\/cropped-cropped-Prancheta-2@2x-100.jpg\",\"contentUrl\":\"https:\/\/estadocomarte.pt\/site\/wp-content\/uploads\/2023\/06\/cropped-cropped-Prancheta-2@2x-100.jpg\",\"width\":1777,\"height\":592,\"caption\":\"Estado com Arte Magazine\"},\"image\":{\"@id\":\"https:\/\/estadocomarte.pt\/site\/#\/schema\/logo\/image\/\"},\"sameAs\":[\"https:\/\/www.instagram.com\/estadocomartemagazine\"]},{\"@type\":\"Person\",\"@id\":\"https:\/\/estadocomarte.pt\/site\/#\/schema\/person\/c0943a071216c1e5b21f85304151e4ba\",\"name\":\"admin\",\"image\":{\"@type\":\"ImageObject\",\"inLanguage\":\"pt-PT\",\"@id\":\"https:\/\/estadocomarte.pt\/site\/#\/schema\/person\/image\/\",\"url\":\"https:\/\/secure.gravatar.com\/avatar\/e6f378fd6914c8505d3e1d40f51fa953b21bab0f3a5658a33bc84cb5bda780f9?s=96&d=mm&r=g\",\"contentUrl\":\"https:\/\/secure.gravatar.com\/avatar\/e6f378fd6914c8505d3e1d40f51fa953b21bab0f3a5658a33bc84cb5bda780f9?s=96&d=mm&r=g\",\"caption\":\"admin\"},\"sameAs\":[\"https:\/\/estadocomarte.pt\/site\"],\"url\":\"https:\/\/estadocomarte.pt\/site\/author\/admin\/\"}]}<\/script>\n<!-- \/ Yoast SEO plugin. -->","yoast_head_json":{"title":"OU SE DEMITE... OU SE DEMITE - Estado com Arte","robots":{"index":"index","follow":"follow","max-snippet":"max-snippet:-1","max-image-preview":"max-image-preview:large","max-video-preview":"max-video-preview:-1"},"canonical":"https:\/\/estadocomarte.pt\/site\/2025\/03\/01\/ou-se-demite-ou-se-demite\/","og_locale":"pt_PT","og_type":"article","og_title":"OU SE DEMITE... OU SE DEMITE - Estado com Arte","og_description":"Rui Gon\u00e7alves, arquitecto","og_url":"https:\/\/estadocomarte.pt\/site\/2025\/03\/01\/ou-se-demite-ou-se-demite\/","og_site_name":"Estado com Arte","article_published_time":"2025-03-01T19:10:16+00:00","article_modified_time":"2025-03-02T14:24:16+00:00","og_image":[{"width":536,"height":632,"url":"https:\/\/estadocomarte.pt\/site\/wp-content\/uploads\/2023\/08\/Rui-Goncalves.jpg","type":"image\/jpeg"}],"author":"admin","twitter_card":"summary_large_image","twitter_misc":{"Escrito por":"admin","Tempo estimado de leitura":"6 minutos"},"schema":{"@context":"https:\/\/schema.org","@graph":[{"@type":"Article","@id":"https:\/\/estadocomarte.pt\/site\/2025\/03\/01\/ou-se-demite-ou-se-demite\/#article","isPartOf":{"@id":"https:\/\/estadocomarte.pt\/site\/2025\/03\/01\/ou-se-demite-ou-se-demite\/"},"author":{"name":"admin","@id":"https:\/\/estadocomarte.pt\/site\/#\/schema\/person\/c0943a071216c1e5b21f85304151e4ba"},"headline":"OU SE DEMITE&#8230; OU SE DEMITE","datePublished":"2025-03-01T19:10:16+00:00","dateModified":"2025-03-02T14:24:16+00:00","mainEntityOfPage":{"@id":"https:\/\/estadocomarte.pt\/site\/2025\/03\/01\/ou-se-demite-ou-se-demite\/"},"wordCount":981,"commentCount":0,"publisher":{"@id":"https:\/\/estadocomarte.pt\/site\/#organization"},"image":{"@id":"https:\/\/estadocomarte.pt\/site\/2025\/03\/01\/ou-se-demite-ou-se-demite\/#primaryimage"},"thumbnailUrl":"https:\/\/estadocomarte.pt\/site\/wp-content\/uploads\/2023\/08\/Rui-Goncalves.jpg","keywords":["Luis MOntenegro","PSD","rui gon\u00e7alves"],"articleSection":["Vice-versa"],"inLanguage":"pt-PT","potentialAction":[{"@type":"CommentAction","name":"Comment","target":["https:\/\/estadocomarte.pt\/site\/2025\/03\/01\/ou-se-demite-ou-se-demite\/#respond"]}]},{"@type":"WebPage","@id":"https:\/\/estadocomarte.pt\/site\/2025\/03\/01\/ou-se-demite-ou-se-demite\/","url":"https:\/\/estadocomarte.pt\/site\/2025\/03\/01\/ou-se-demite-ou-se-demite\/","name":"OU SE DEMITE... OU SE DEMITE - Estado com Arte","isPartOf":{"@id":"https:\/\/estadocomarte.pt\/site\/#website"},"primaryImageOfPage":{"@id":"https:\/\/estadocomarte.pt\/site\/2025\/03\/01\/ou-se-demite-ou-se-demite\/#primaryimage"},"image":{"@id":"https:\/\/estadocomarte.pt\/site\/2025\/03\/01\/ou-se-demite-ou-se-demite\/#primaryimage"},"thumbnailUrl":"https:\/\/estadocomarte.pt\/site\/wp-content\/uploads\/2023\/08\/Rui-Goncalves.jpg","datePublished":"2025-03-01T19:10:16+00:00","dateModified":"2025-03-02T14:24:16+00:00","breadcrumb":{"@id":"https:\/\/estadocomarte.pt\/site\/2025\/03\/01\/ou-se-demite-ou-se-demite\/#breadcrumb"},"inLanguage":"pt-PT","potentialAction":[{"@type":"ReadAction","target":["https:\/\/estadocomarte.pt\/site\/2025\/03\/01\/ou-se-demite-ou-se-demite\/"]}]},{"@type":"ImageObject","inLanguage":"pt-PT","@id":"https:\/\/estadocomarte.pt\/site\/2025\/03\/01\/ou-se-demite-ou-se-demite\/#primaryimage","url":"https:\/\/estadocomarte.pt\/site\/wp-content\/uploads\/2023\/08\/Rui-Goncalves.jpg","contentUrl":"https:\/\/estadocomarte.pt\/site\/wp-content\/uploads\/2023\/08\/Rui-Goncalves.jpg","width":536,"height":632,"caption":"Rui Gon\u00e7alvez"},{"@type":"BreadcrumbList","@id":"https:\/\/estadocomarte.pt\/site\/2025\/03\/01\/ou-se-demite-ou-se-demite\/#breadcrumb","itemListElement":[{"@type":"ListItem","position":1,"name":"In\u00edcio","item":"https:\/\/estadocomarte.pt\/site\/"},{"@type":"ListItem","position":2,"name":"OU SE DEMITE&#8230; OU SE DEMITE"}]},{"@type":"WebSite","@id":"https:\/\/estadocomarte.pt\/site\/#website","url":"https:\/\/estadocomarte.pt\/site\/","name":"Estado com Arte Magazine","description":"Magazine","publisher":{"@id":"https:\/\/estadocomarte.pt\/site\/#organization"},"alternateName":"Magazine semanal sobre pol\u00edtica e cultura, com autores, opini\u00e3o e cr\u00edticas.","potentialAction":[{"@type":"SearchAction","target":{"@type":"EntryPoint","urlTemplate":"https:\/\/estadocomarte.pt\/site\/?s={search_term_string}"},"query-input":{"@type":"PropertyValueSpecification","valueRequired":true,"valueName":"search_term_string"}}],"inLanguage":"pt-PT"},{"@type":"Organization","@id":"https:\/\/estadocomarte.pt\/site\/#organization","name":"Estado com Arte Magazine","alternateName":"Magazine semanal sobre pol\u00edtica e cultura, com autores, opini\u00e3o e cr\u00edticas.","url":"https:\/\/estadocomarte.pt\/site\/","logo":{"@type":"ImageObject","inLanguage":"pt-PT","@id":"https:\/\/estadocomarte.pt\/site\/#\/schema\/logo\/image\/","url":"https:\/\/estadocomarte.pt\/site\/wp-content\/uploads\/2023\/06\/cropped-cropped-Prancheta-2@2x-100.jpg","contentUrl":"https:\/\/estadocomarte.pt\/site\/wp-content\/uploads\/2023\/06\/cropped-cropped-Prancheta-2@2x-100.jpg","width":1777,"height":592,"caption":"Estado com Arte Magazine"},"image":{"@id":"https:\/\/estadocomarte.pt\/site\/#\/schema\/logo\/image\/"},"sameAs":["https:\/\/www.instagram.com\/estadocomartemagazine"]},{"@type":"Person","@id":"https:\/\/estadocomarte.pt\/site\/#\/schema\/person\/c0943a071216c1e5b21f85304151e4ba","name":"admin","image":{"@type":"ImageObject","inLanguage":"pt-PT","@id":"https:\/\/estadocomarte.pt\/site\/#\/schema\/person\/image\/","url":"https:\/\/secure.gravatar.com\/avatar\/e6f378fd6914c8505d3e1d40f51fa953b21bab0f3a5658a33bc84cb5bda780f9?s=96&d=mm&r=g","contentUrl":"https:\/\/secure.gravatar.com\/avatar\/e6f378fd6914c8505d3e1d40f51fa953b21bab0f3a5658a33bc84cb5bda780f9?s=96&d=mm&r=g","caption":"admin"},"sameAs":["https:\/\/estadocomarte.pt\/site"],"url":"https:\/\/estadocomarte.pt\/site\/author\/admin\/"}]}},"_links":{"self":[{"href":"https:\/\/estadocomarte.pt\/site\/wp-json\/wp\/v2\/posts\/8720","targetHints":{"allow":["GET"]}}],"collection":[{"href":"https:\/\/estadocomarte.pt\/site\/wp-json\/wp\/v2\/posts"}],"about":[{"href":"https:\/\/estadocomarte.pt\/site\/wp-json\/wp\/v2\/types\/post"}],"author":[{"embeddable":true,"href":"https:\/\/estadocomarte.pt\/site\/wp-json\/wp\/v2\/users\/1"}],"replies":[{"embeddable":true,"href":"https:\/\/estadocomarte.pt\/site\/wp-json\/wp\/v2\/comments?post=8720"}],"version-history":[{"count":0,"href":"https:\/\/estadocomarte.pt\/site\/wp-json\/wp\/v2\/posts\/8720\/revisions"}],"wp:featuredmedia":[{"embeddable":true,"href":"https:\/\/estadocomarte.pt\/site\/wp-json\/wp\/v2\/media\/2202"}],"wp:attachment":[{"href":"https:\/\/estadocomarte.pt\/site\/wp-json\/wp\/v2\/media?parent=8720"}],"wp:term":[{"taxonomy":"category","embeddable":true,"href":"https:\/\/estadocomarte.pt\/site\/wp-json\/wp\/v2\/categories?post=8720"},{"taxonomy":"post_tag","embeddable":true,"href":"https:\/\/estadocomarte.pt\/site\/wp-json\/wp\/v2\/tags?post=8720"}],"curies":[{"name":"wp","href":"https:\/\/api.w.org\/{rel}","templated":true}]}}