{"id":8723,"date":"2025-03-02T12:15:30","date_gmt":"2025-03-02T12:15:30","guid":{"rendered":"https:\/\/estadocomarte.pt\/site\/?p=8723"},"modified":"2025-03-02T12:17:40","modified_gmt":"2025-03-02T12:17:40","slug":"mocao-de-censura-do-pcp-liberta-governo-de-apresentar-mocao-de-confianca","status":"publish","type":"post","link":"https:\/\/estadocomarte.pt\/site\/2025\/03\/02\/mocao-de-censura-do-pcp-liberta-governo-de-apresentar-mocao-de-confianca\/","title":{"rendered":"Mo\u00e7\u00e3o de censura do PCP liberta governo de apresentar mo\u00e7\u00e3o de confian\u00e7a"},"content":{"rendered":"<p><strong>Com o an\u00fancio do voto contra do PS \u00e0 mo\u00e7\u00e3o de censura do PCP, iniciativa\u00a0 que ser\u00e1 chumbada, <\/strong><strong>cai a amea\u00e7a da mo\u00e7\u00e3o de confian\u00e7a por parte do Governo.<\/strong><\/p>\n<p>O PS responde com voto contra \u00e0 mo\u00e7\u00e3o de censura do PCP ao governo, iniciativa\u00a0 que ser\u00e1 chumbada. Os Ministros foram \u00e0s televis\u00f5es afirmar que, sendo assim, cai a amea\u00e7a da mo\u00e7\u00e3o de confian\u00e7a.<\/p>\n<p>A comunica\u00e7\u00e3o de Lu\u00eds Montenegro ao pa\u00eds deixou pairar um eventual cen\u00e1rio de elei\u00e7\u00f5es antecipadas que durou\u00a0 durante pouco mais de duas horas.<\/p>\n<p>Pelas 20h deste s\u00e1bado, Lu\u00eds Montenegro amea\u00e7ou apresentar uma mo\u00e7\u00e3o de confian\u00e7a (que poderia levar \u00e0 queda do Governo) caso os partidos, em concreto o PS, n\u00e3o declarassem \u201csem tibiezas que o executivo tem condi\u00e7\u00f5es para governar&#8221;.<\/p>\n<p>Nenhum partido da oposi\u00e7\u00e3o respondeu\u00a0 \u00e0s provoca\u00e7\u00f5es do primeiro-ministro, j\u00e1 o an\u00fancio de uma mo\u00e7\u00e3o de censura ao Governo feito pelo PCP teve o efeito de libertar o pa\u00eds\u00a0 da possibilidade da dissolu\u00e7\u00e3o do Parlamento e de elei\u00e7\u00f5es antecipadas.\u00a0 Dado que o\u00a0 PS veio dizer que vota contra a iniciativa comunista.<\/p>\n<p>Uma Mo\u00e7\u00e3o de confian\u00e7a, visa aprovar um voto de confian\u00e7a sobre uma declara\u00e7\u00e3o de pol\u00edtica geral ou assunto de relevante interesse nacional. \u00c9 apresentada pelo Governo e a sua rejei\u00e7\u00e3o simples provoca a demiss\u00e3o do Governo.<\/p>\n<p>O primeiro-ministro afastou ontem \u00e0 noite o cen\u00e1rio de demiss\u00e3o das suas fun\u00e7\u00f5es. Lu\u00eds Montenegro quis deixar a garantia de que &#8220;n\u00e3o estar\u00e1 associado a decis\u00f5es que representem eventuais conflitos de interesses&#8221;. Disse que a Spinumviva ser\u00e1, &#8220;de ora em diante, detida pelos filhos&#8221;.<\/p>\n<p>Abriu a porta para uma poss\u00edvel mo\u00e7\u00e3o de confian\u00e7a \u00e0 qual o PCP respondeu com uma mo\u00e7\u00e3o de censura. Iniciativa que n\u00e3o contar\u00e1 com a viabiliza\u00e7\u00e3o do PS, afirmou Pedro Nuno Santos.<\/p>\n","protected":false},"excerpt":{"rendered":"<p>Marta Roque<\/p>\n","protected":false},"author":1,"featured_media":8724,"comment_status":"open","ping_status":"open","sticky":false,"template":"","format":"standard","meta":{"site-sidebar-layout":"default","site-content-layout":"default","ast-global-header-display":"","ast-banner-title-visibility":"","ast-main-header-display":"","ast-hfb-above-header-display":"","ast-hfb-below-header-display":"","ast-hfb-mobile-header-display":"","site-post-title":"","ast-breadcrumbs-content":"","ast-featured-img":"","footer-sml-layout":"","theme-transparent-header-meta":"default","adv-header-id-meta":"","stick-header-meta":"","header-above-stick-meta":"","header-main-stick-meta":"","header-below-stick-meta":"","footnotes":""},"categories":[4],"tags":[739,738,737,32],"class_list":["post-8723","post","type-post","status-publish","format-standard","has-post-thumbnail","hentry","category-politica","tag-crise-politica","tag-mocao-de-confianca","tag-montenegro","tag-portugal"],"yoast_head":"<!-- This site is optimized with the Yoast SEO plugin v25.1 - https:\/\/yoast.com\/wordpress\/plugins\/seo\/ -->\n<title>Mo\u00e7\u00e3o de censura do PCP liberta governo de apresentar mo\u00e7\u00e3o de confian\u00e7a - Estado com Arte<\/title>\n<meta name=\"robots\" content=\"index, follow, max-snippet:-1, max-image-preview:large, max-video-preview:-1\" \/>\n<link rel=\"canonical\" href=\"https:\/\/estadocomarte.pt\/site\/2025\/03\/02\/mocao-de-censura-do-pcp-liberta-governo-de-apresentar-mocao-de-confianca\/\" \/>\n<meta property=\"og:locale\" content=\"pt_PT\" \/>\n<meta property=\"og:type\" content=\"article\" \/>\n<meta property=\"og:title\" content=\"Mo\u00e7\u00e3o de censura do PCP liberta governo de apresentar mo\u00e7\u00e3o de confian\u00e7a - Estado com Arte\" \/>\n<meta property=\"og:description\" content=\"Marta Roque\" \/>\n<meta property=\"og:url\" content=\"https:\/\/estadocomarte.pt\/site\/2025\/03\/02\/mocao-de-censura-do-pcp-liberta-governo-de-apresentar-mocao-de-confianca\/\" \/>\n<meta property=\"og:site_name\" content=\"Estado com Arte\" \/>\n<meta property=\"article:published_time\" content=\"2025-03-02T12:15:30+00:00\" \/>\n<meta property=\"article:modified_time\" content=\"2025-03-02T12:17:40+00:00\" \/>\n<meta property=\"og:image\" content=\"https:\/\/estadocomarte.pt\/site\/wp-content\/uploads\/2025\/03\/montenegro.jpeg\" \/>\n\t<meta property=\"og:image:width\" content=\"1024\" \/>\n\t<meta property=\"og:image:height\" content=\"683\" \/>\n\t<meta property=\"og:image:type\" content=\"image\/jpeg\" \/>\n<meta name=\"author\" content=\"admin\" \/>\n<meta name=\"twitter:card\" content=\"summary_large_image\" \/>\n<meta name=\"twitter:label1\" content=\"Escrito por\" \/>\n\t<meta name=\"twitter:data1\" content=\"admin\" \/>\n\t<meta name=\"twitter:label2\" content=\"Tempo estimado de leitura\" \/>\n\t<meta name=\"twitter:data2\" content=\"2 minutos\" \/>\n<script type=\"application\/ld+json\" class=\"yoast-schema-graph\">{\"@context\":\"https:\/\/schema.org\",\"@graph\":[{\"@type\":\"Article\",\"@id\":\"https:\/\/estadocomarte.pt\/site\/2025\/03\/02\/mocao-de-censura-do-pcp-liberta-governo-de-apresentar-mocao-de-confianca\/#article\",\"isPartOf\":{\"@id\":\"https:\/\/estadocomarte.pt\/site\/2025\/03\/02\/mocao-de-censura-do-pcp-liberta-governo-de-apresentar-mocao-de-confianca\/\"},\"author\":{\"name\":\"admin\",\"@id\":\"https:\/\/estadocomarte.pt\/site\/#\/schema\/person\/c0943a071216c1e5b21f85304151e4ba\"},\"headline\":\"Mo\u00e7\u00e3o de censura do PCP liberta governo de apresentar mo\u00e7\u00e3o de confian\u00e7a\",\"datePublished\":\"2025-03-02T12:15:30+00:00\",\"dateModified\":\"2025-03-02T12:17:40+00:00\",\"mainEntityOfPage\":{\"@id\":\"https:\/\/estadocomarte.pt\/site\/2025\/03\/02\/mocao-de-censura-do-pcp-liberta-governo-de-apresentar-mocao-de-confianca\/\"},\"wordCount\":343,\"commentCount\":0,\"publisher\":{\"@id\":\"https:\/\/estadocomarte.pt\/site\/#organization\"},\"image\":{\"@id\":\"https:\/\/estadocomarte.pt\/site\/2025\/03\/02\/mocao-de-censura-do-pcp-liberta-governo-de-apresentar-mocao-de-confianca\/#primaryimage\"},\"thumbnailUrl\":\"https:\/\/estadocomarte.pt\/site\/wp-content\/uploads\/2025\/03\/montenegro.jpeg\",\"keywords\":[\"crise politica\",\"mo\u00e7\u00e3o de confian\u00e7a\",\"montenegro\",\"portugal\"],\"articleSection\":[\"Pol\u00edtica\"],\"inLanguage\":\"pt-PT\",\"potentialAction\":[{\"@type\":\"CommentAction\",\"name\":\"Comment\",\"target\":[\"https:\/\/estadocomarte.pt\/site\/2025\/03\/02\/mocao-de-censura-do-pcp-liberta-governo-de-apresentar-mocao-de-confianca\/#respond\"]}]},{\"@type\":\"WebPage\",\"@id\":\"https:\/\/estadocomarte.pt\/site\/2025\/03\/02\/mocao-de-censura-do-pcp-liberta-governo-de-apresentar-mocao-de-confianca\/\",\"url\":\"https:\/\/estadocomarte.pt\/site\/2025\/03\/02\/mocao-de-censura-do-pcp-liberta-governo-de-apresentar-mocao-de-confianca\/\",\"name\":\"Mo\u00e7\u00e3o de censura do PCP liberta governo de apresentar mo\u00e7\u00e3o de confian\u00e7a - Estado com Arte\",\"isPartOf\":{\"@id\":\"https:\/\/estadocomarte.pt\/site\/#website\"},\"primaryImageOfPage\":{\"@id\":\"https:\/\/estadocomarte.pt\/site\/2025\/03\/02\/mocao-de-censura-do-pcp-liberta-governo-de-apresentar-mocao-de-confianca\/#primaryimage\"},\"image\":{\"@id\":\"https:\/\/estadocomarte.pt\/site\/2025\/03\/02\/mocao-de-censura-do-pcp-liberta-governo-de-apresentar-mocao-de-confianca\/#primaryimage\"},\"thumbnailUrl\":\"https:\/\/estadocomarte.pt\/site\/wp-content\/uploads\/2025\/03\/montenegro.jpeg\",\"datePublished\":\"2025-03-02T12:15:30+00:00\",\"dateModified\":\"2025-03-02T12:17:40+00:00\",\"breadcrumb\":{\"@id\":\"https:\/\/estadocomarte.pt\/site\/2025\/03\/02\/mocao-de-censura-do-pcp-liberta-governo-de-apresentar-mocao-de-confianca\/#breadcrumb\"},\"inLanguage\":\"pt-PT\",\"potentialAction\":[{\"@type\":\"ReadAction\",\"target\":[\"https:\/\/estadocomarte.pt\/site\/2025\/03\/02\/mocao-de-censura-do-pcp-liberta-governo-de-apresentar-mocao-de-confianca\/\"]}]},{\"@type\":\"ImageObject\",\"inLanguage\":\"pt-PT\",\"@id\":\"https:\/\/estadocomarte.pt\/site\/2025\/03\/02\/mocao-de-censura-do-pcp-liberta-governo-de-apresentar-mocao-de-confianca\/#primaryimage\",\"url\":\"https:\/\/estadocomarte.pt\/site\/wp-content\/uploads\/2025\/03\/montenegro.jpeg\",\"contentUrl\":\"https:\/\/estadocomarte.pt\/site\/wp-content\/uploads\/2025\/03\/montenegro.jpeg\",\"width\":1024,\"height\":683},{\"@type\":\"BreadcrumbList\",\"@id\":\"https:\/\/estadocomarte.pt\/site\/2025\/03\/02\/mocao-de-censura-do-pcp-liberta-governo-de-apresentar-mocao-de-confianca\/#breadcrumb\",\"itemListElement\":[{\"@type\":\"ListItem\",\"position\":1,\"name\":\"In\u00edcio\",\"item\":\"https:\/\/estadocomarte.pt\/site\/\"},{\"@type\":\"ListItem\",\"position\":2,\"name\":\"Mo\u00e7\u00e3o de censura do PCP liberta governo de apresentar mo\u00e7\u00e3o de confian\u00e7a\"}]},{\"@type\":\"WebSite\",\"@id\":\"https:\/\/estadocomarte.pt\/site\/#website\",\"url\":\"https:\/\/estadocomarte.pt\/site\/\",\"name\":\"Estado com Arte Magazine\",\"description\":\"Magazine\",\"publisher\":{\"@id\":\"https:\/\/estadocomarte.pt\/site\/#organization\"},\"alternateName\":\"Magazine semanal sobre pol\u00edtica e cultura, com autores, opini\u00e3o e cr\u00edticas.\",\"potentialAction\":[{\"@type\":\"SearchAction\",\"target\":{\"@type\":\"EntryPoint\",\"urlTemplate\":\"https:\/\/estadocomarte.pt\/site\/?s={search_term_string}\"},\"query-input\":{\"@type\":\"PropertyValueSpecification\",\"valueRequired\":true,\"valueName\":\"search_term_string\"}}],\"inLanguage\":\"pt-PT\"},{\"@type\":\"Organization\",\"@id\":\"https:\/\/estadocomarte.pt\/site\/#organization\",\"name\":\"Estado com Arte Magazine\",\"alternateName\":\"Magazine semanal sobre pol\u00edtica e cultura, com autores, opini\u00e3o e cr\u00edticas.\",\"url\":\"https:\/\/estadocomarte.pt\/site\/\",\"logo\":{\"@type\":\"ImageObject\",\"inLanguage\":\"pt-PT\",\"@id\":\"https:\/\/estadocomarte.pt\/site\/#\/schema\/logo\/image\/\",\"url\":\"https:\/\/estadocomarte.pt\/site\/wp-content\/uploads\/2023\/06\/cropped-cropped-Prancheta-2@2x-100.jpg\",\"contentUrl\":\"https:\/\/estadocomarte.pt\/site\/wp-content\/uploads\/2023\/06\/cropped-cropped-Prancheta-2@2x-100.jpg\",\"width\":1777,\"height\":592,\"caption\":\"Estado com Arte Magazine\"},\"image\":{\"@id\":\"https:\/\/estadocomarte.pt\/site\/#\/schema\/logo\/image\/\"},\"sameAs\":[\"https:\/\/www.instagram.com\/estadocomartemagazine\"]},{\"@type\":\"Person\",\"@id\":\"https:\/\/estadocomarte.pt\/site\/#\/schema\/person\/c0943a071216c1e5b21f85304151e4ba\",\"name\":\"admin\",\"image\":{\"@type\":\"ImageObject\",\"inLanguage\":\"pt-PT\",\"@id\":\"https:\/\/estadocomarte.pt\/site\/#\/schema\/person\/image\/\",\"url\":\"https:\/\/secure.gravatar.com\/avatar\/e6f378fd6914c8505d3e1d40f51fa953b21bab0f3a5658a33bc84cb5bda780f9?s=96&d=mm&r=g\",\"contentUrl\":\"https:\/\/secure.gravatar.com\/avatar\/e6f378fd6914c8505d3e1d40f51fa953b21bab0f3a5658a33bc84cb5bda780f9?s=96&d=mm&r=g\",\"caption\":\"admin\"},\"sameAs\":[\"https:\/\/estadocomarte.pt\/site\"],\"url\":\"https:\/\/estadocomarte.pt\/site\/author\/admin\/\"}]}<\/script>\n<!-- \/ Yoast SEO plugin. -->","yoast_head_json":{"title":"Mo\u00e7\u00e3o de censura do PCP liberta governo de apresentar mo\u00e7\u00e3o de confian\u00e7a - Estado com Arte","robots":{"index":"index","follow":"follow","max-snippet":"max-snippet:-1","max-image-preview":"max-image-preview:large","max-video-preview":"max-video-preview:-1"},"canonical":"https:\/\/estadocomarte.pt\/site\/2025\/03\/02\/mocao-de-censura-do-pcp-liberta-governo-de-apresentar-mocao-de-confianca\/","og_locale":"pt_PT","og_type":"article","og_title":"Mo\u00e7\u00e3o de censura do PCP liberta governo de apresentar mo\u00e7\u00e3o de confian\u00e7a - Estado com Arte","og_description":"Marta Roque","og_url":"https:\/\/estadocomarte.pt\/site\/2025\/03\/02\/mocao-de-censura-do-pcp-liberta-governo-de-apresentar-mocao-de-confianca\/","og_site_name":"Estado com Arte","article_published_time":"2025-03-02T12:15:30+00:00","article_modified_time":"2025-03-02T12:17:40+00:00","og_image":[{"width":1024,"height":683,"url":"https:\/\/estadocomarte.pt\/site\/wp-content\/uploads\/2025\/03\/montenegro.jpeg","type":"image\/jpeg"}],"author":"admin","twitter_card":"summary_large_image","twitter_misc":{"Escrito por":"admin","Tempo estimado de leitura":"2 minutos"},"schema":{"@context":"https:\/\/schema.org","@graph":[{"@type":"Article","@id":"https:\/\/estadocomarte.pt\/site\/2025\/03\/02\/mocao-de-censura-do-pcp-liberta-governo-de-apresentar-mocao-de-confianca\/#article","isPartOf":{"@id":"https:\/\/estadocomarte.pt\/site\/2025\/03\/02\/mocao-de-censura-do-pcp-liberta-governo-de-apresentar-mocao-de-confianca\/"},"author":{"name":"admin","@id":"https:\/\/estadocomarte.pt\/site\/#\/schema\/person\/c0943a071216c1e5b21f85304151e4ba"},"headline":"Mo\u00e7\u00e3o de censura do PCP liberta governo de apresentar mo\u00e7\u00e3o de confian\u00e7a","datePublished":"2025-03-02T12:15:30+00:00","dateModified":"2025-03-02T12:17:40+00:00","mainEntityOfPage":{"@id":"https:\/\/estadocomarte.pt\/site\/2025\/03\/02\/mocao-de-censura-do-pcp-liberta-governo-de-apresentar-mocao-de-confianca\/"},"wordCount":343,"commentCount":0,"publisher":{"@id":"https:\/\/estadocomarte.pt\/site\/#organization"},"image":{"@id":"https:\/\/estadocomarte.pt\/site\/2025\/03\/02\/mocao-de-censura-do-pcp-liberta-governo-de-apresentar-mocao-de-confianca\/#primaryimage"},"thumbnailUrl":"https:\/\/estadocomarte.pt\/site\/wp-content\/uploads\/2025\/03\/montenegro.jpeg","keywords":["crise politica","mo\u00e7\u00e3o de confian\u00e7a","montenegro","portugal"],"articleSection":["Pol\u00edtica"],"inLanguage":"pt-PT","potentialAction":[{"@type":"CommentAction","name":"Comment","target":["https:\/\/estadocomarte.pt\/site\/2025\/03\/02\/mocao-de-censura-do-pcp-liberta-governo-de-apresentar-mocao-de-confianca\/#respond"]}]},{"@type":"WebPage","@id":"https:\/\/estadocomarte.pt\/site\/2025\/03\/02\/mocao-de-censura-do-pcp-liberta-governo-de-apresentar-mocao-de-confianca\/","url":"https:\/\/estadocomarte.pt\/site\/2025\/03\/02\/mocao-de-censura-do-pcp-liberta-governo-de-apresentar-mocao-de-confianca\/","name":"Mo\u00e7\u00e3o de censura do PCP liberta governo de apresentar mo\u00e7\u00e3o de confian\u00e7a - Estado com Arte","isPartOf":{"@id":"https:\/\/estadocomarte.pt\/site\/#website"},"primaryImageOfPage":{"@id":"https:\/\/estadocomarte.pt\/site\/2025\/03\/02\/mocao-de-censura-do-pcp-liberta-governo-de-apresentar-mocao-de-confianca\/#primaryimage"},"image":{"@id":"https:\/\/estadocomarte.pt\/site\/2025\/03\/02\/mocao-de-censura-do-pcp-liberta-governo-de-apresentar-mocao-de-confianca\/#primaryimage"},"thumbnailUrl":"https:\/\/estadocomarte.pt\/site\/wp-content\/uploads\/2025\/03\/montenegro.jpeg","datePublished":"2025-03-02T12:15:30+00:00","dateModified":"2025-03-02T12:17:40+00:00","breadcrumb":{"@id":"https:\/\/estadocomarte.pt\/site\/2025\/03\/02\/mocao-de-censura-do-pcp-liberta-governo-de-apresentar-mocao-de-confianca\/#breadcrumb"},"inLanguage":"pt-PT","potentialAction":[{"@type":"ReadAction","target":["https:\/\/estadocomarte.pt\/site\/2025\/03\/02\/mocao-de-censura-do-pcp-liberta-governo-de-apresentar-mocao-de-confianca\/"]}]},{"@type":"ImageObject","inLanguage":"pt-PT","@id":"https:\/\/estadocomarte.pt\/site\/2025\/03\/02\/mocao-de-censura-do-pcp-liberta-governo-de-apresentar-mocao-de-confianca\/#primaryimage","url":"https:\/\/estadocomarte.pt\/site\/wp-content\/uploads\/2025\/03\/montenegro.jpeg","contentUrl":"https:\/\/estadocomarte.pt\/site\/wp-content\/uploads\/2025\/03\/montenegro.jpeg","width":1024,"height":683},{"@type":"BreadcrumbList","@id":"https:\/\/estadocomarte.pt\/site\/2025\/03\/02\/mocao-de-censura-do-pcp-liberta-governo-de-apresentar-mocao-de-confianca\/#breadcrumb","itemListElement":[{"@type":"ListItem","position":1,"name":"In\u00edcio","item":"https:\/\/estadocomarte.pt\/site\/"},{"@type":"ListItem","position":2,"name":"Mo\u00e7\u00e3o de censura do PCP liberta governo de apresentar mo\u00e7\u00e3o de confian\u00e7a"}]},{"@type":"WebSite","@id":"https:\/\/estadocomarte.pt\/site\/#website","url":"https:\/\/estadocomarte.pt\/site\/","name":"Estado com Arte Magazine","description":"Magazine","publisher":{"@id":"https:\/\/estadocomarte.pt\/site\/#organization"},"alternateName":"Magazine semanal sobre pol\u00edtica e cultura, com autores, opini\u00e3o e cr\u00edticas.","potentialAction":[{"@type":"SearchAction","target":{"@type":"EntryPoint","urlTemplate":"https:\/\/estadocomarte.pt\/site\/?s={search_term_string}"},"query-input":{"@type":"PropertyValueSpecification","valueRequired":true,"valueName":"search_term_string"}}],"inLanguage":"pt-PT"},{"@type":"Organization","@id":"https:\/\/estadocomarte.pt\/site\/#organization","name":"Estado com Arte Magazine","alternateName":"Magazine semanal sobre pol\u00edtica e cultura, com autores, opini\u00e3o e cr\u00edticas.","url":"https:\/\/estadocomarte.pt\/site\/","logo":{"@type":"ImageObject","inLanguage":"pt-PT","@id":"https:\/\/estadocomarte.pt\/site\/#\/schema\/logo\/image\/","url":"https:\/\/estadocomarte.pt\/site\/wp-content\/uploads\/2023\/06\/cropped-cropped-Prancheta-2@2x-100.jpg","contentUrl":"https:\/\/estadocomarte.pt\/site\/wp-content\/uploads\/2023\/06\/cropped-cropped-Prancheta-2@2x-100.jpg","width":1777,"height":592,"caption":"Estado com Arte Magazine"},"image":{"@id":"https:\/\/estadocomarte.pt\/site\/#\/schema\/logo\/image\/"},"sameAs":["https:\/\/www.instagram.com\/estadocomartemagazine"]},{"@type":"Person","@id":"https:\/\/estadocomarte.pt\/site\/#\/schema\/person\/c0943a071216c1e5b21f85304151e4ba","name":"admin","image":{"@type":"ImageObject","inLanguage":"pt-PT","@id":"https:\/\/estadocomarte.pt\/site\/#\/schema\/person\/image\/","url":"https:\/\/secure.gravatar.com\/avatar\/e6f378fd6914c8505d3e1d40f51fa953b21bab0f3a5658a33bc84cb5bda780f9?s=96&d=mm&r=g","contentUrl":"https:\/\/secure.gravatar.com\/avatar\/e6f378fd6914c8505d3e1d40f51fa953b21bab0f3a5658a33bc84cb5bda780f9?s=96&d=mm&r=g","caption":"admin"},"sameAs":["https:\/\/estadocomarte.pt\/site"],"url":"https:\/\/estadocomarte.pt\/site\/author\/admin\/"}]}},"_links":{"self":[{"href":"https:\/\/estadocomarte.pt\/site\/wp-json\/wp\/v2\/posts\/8723","targetHints":{"allow":["GET"]}}],"collection":[{"href":"https:\/\/estadocomarte.pt\/site\/wp-json\/wp\/v2\/posts"}],"about":[{"href":"https:\/\/estadocomarte.pt\/site\/wp-json\/wp\/v2\/types\/post"}],"author":[{"embeddable":true,"href":"https:\/\/estadocomarte.pt\/site\/wp-json\/wp\/v2\/users\/1"}],"replies":[{"embeddable":true,"href":"https:\/\/estadocomarte.pt\/site\/wp-json\/wp\/v2\/comments?post=8723"}],"version-history":[{"count":0,"href":"https:\/\/estadocomarte.pt\/site\/wp-json\/wp\/v2\/posts\/8723\/revisions"}],"wp:featuredmedia":[{"embeddable":true,"href":"https:\/\/estadocomarte.pt\/site\/wp-json\/wp\/v2\/media\/8724"}],"wp:attachment":[{"href":"https:\/\/estadocomarte.pt\/site\/wp-json\/wp\/v2\/media?parent=8723"}],"wp:term":[{"taxonomy":"category","embeddable":true,"href":"https:\/\/estadocomarte.pt\/site\/wp-json\/wp\/v2\/categories?post=8723"},{"taxonomy":"post_tag","embeddable":true,"href":"https:\/\/estadocomarte.pt\/site\/wp-json\/wp\/v2\/tags?post=8723"}],"curies":[{"name":"wp","href":"https:\/\/api.w.org\/{rel}","templated":true}]}}