{"id":9015,"date":"2025-03-24T15:13:53","date_gmt":"2025-03-24T15:13:53","guid":{"rendered":"https:\/\/estadocomarte.pt\/site\/?p=9015"},"modified":"2025-03-24T18:10:36","modified_gmt":"2025-03-24T18:10:36","slug":"madeira-a-vertigem-de-3-eleicoes-regionais-em-ano-e-meio-nao-afastou-o-psd-do-governo-da-madeira","status":"publish","type":"post","link":"https:\/\/estadocomarte.pt\/site\/2025\/03\/24\/madeira-a-vertigem-de-3-eleicoes-regionais-em-ano-e-meio-nao-afastou-o-psd-do-governo-da-madeira\/","title":{"rendered":"Madeira. &#8220;A vertigem de 3 elei\u00e7\u00f5es regionais em ano e meio, n\u00e3o afastou o PSD do Governo da Madeira&#8221;"},"content":{"rendered":"<p><strong>\u00a0Os lugares do PSD aumentaram na Assembleia Legislativa Regional da Madeira passaram de 19 passaram para 23 deputados e ficaram \u00e0 beira da maioria absoluta.\u00a0 Para S\u00edlvia Mangerona, Polit\u00f3loga, &#8220;agora chegar\u00e1, portanto, a esperada coliga\u00e7\u00e3o com o CDS que conseguiu eleger 1 deputado.&#8221;<\/strong><\/p>\n<p><strong>A &#8220;perplexidade&#8221; dos resultados da Madeira est\u00e1 na descida do PS\u00a0 (15,6%) de 11 deputados passa para 8 e arrasta-se para a 3\u00aa for\u00e7a pol\u00edtica mais votada na Madeira.<\/strong><\/p>\n<p><strong>\u00a0O JPP, fica em 2\u00balugar nas inten\u00e7\u00f5es de voto, com 21% elege 11 deputados e &#8220;quebra a mancha laranja no mapa da ilha&#8221; vencendo na Freguesia de Santa Cruz onde o partido come\u00e7ou.<\/strong><\/p>\n<p><strong>S\u00edlvia Magerona comenta que nestas elei\u00e7\u00f5es, a esquerda \u00e9 quem &#8220;mais deve refletir&#8221; sobre os resultados regionais, j\u00e1 que o \u201cbolo\u201d da esquerda ficou \u201cem cacos\u201d e desaparece da Assembleia Regional. A CDU, o BE e o PAN n\u00e3o\u00a0 elegem nenhum deputado.<\/strong><\/p>\n<p>O PSD voltou a vencer as elei\u00e7\u00f5es regionais da Madeira, conquistando 43,43% dos votos. Com 23 deputados eleitos, o partido de Miguel Albuquerque fica a um lugar da maioria absoluta. O grande derrotado da noite foi o PS, que ficou atr\u00e1s do JPP e perdeu tr\u00eas deputados.<\/p>\n<p>Miguel Albuquerque celebrou a &#8220;grande vit\u00f3ria&#8221; do PSD nas elei\u00e7\u00f5es regionais da Madeira, salientando que esta foi &#8220;uma clara derrota da coliga\u00e7\u00e3o de esquerda e da agenda de maledic\u00eancia que imperou&#8221;.<\/p>\n<p>\u201cQuem censurou foi censurado\u201d , disse ontem Jorge Carvalho o dirigente do PSD Madeira, ainda nas proje\u00e7\u00f5es na noite eleitoral. &#8220;Percebi que iria ser a frase da noite eleitoral. Mas creio que Montenegro n\u00e3o se deve apropriar desta frase para a campanha. Desde logo porque o Governo nacional cai por falta de confian\u00e7a e n\u00e3o por censura. E tamb\u00e9m n\u00e3o me parece uma boa estrat\u00e9gia de comunica\u00e7\u00e3o Lu\u00eds Montenegro \u201c colar-se\u201d muito a Miguel Albuquerque ou aos resultados das elei\u00e7\u00f5es Madeira,&#8221; diz S\u00edlvia Mangerona ao Estado com Arte Magazine.<\/p>\n<figure id=\"attachment_3252\" aria-describedby=\"caption-attachment-3252\" style=\"width: 300px\" class=\"wp-caption alignleft\"><img fetchpriority=\"high\" decoding=\"async\" class=\"wp-image-3252 size-medium\" src=\"https:\/\/estadocomarte.pt\/site\/wp-content\/uploads\/2023\/11\/silvia-mangerona-300x300.jpg\" alt=\"\" width=\"300\" height=\"300\" srcset=\"https:\/\/estadocomarte.pt\/site\/wp-content\/uploads\/2023\/11\/silvia-mangerona-300x300.jpg 300w, https:\/\/estadocomarte.pt\/site\/wp-content\/uploads\/2023\/11\/silvia-mangerona-150x150.jpg 150w, https:\/\/estadocomarte.pt\/site\/wp-content\/uploads\/2023\/11\/silvia-mangerona.jpg 688w\" sizes=\"(max-width: 300px) 100vw, 300px\" \/><figcaption id=\"caption-attachment-3252\" class=\"wp-caption-text\">S\u00edlvia Mangerona, Polit\u00f3loga, diz que &#8220;a perplexidade&#8221; est\u00e1 na descida do PS (15,6%) de 11 deputados passa para 8 e arrasta-se para a 3\u00aa for\u00e7a pol\u00edtica na Madeira<\/figcaption><\/figure>\n<p>&nbsp;<\/p>\n<p>&#8220;A vertigem de 3 elei\u00e7\u00f5es regionais em ano e meio, n\u00e3o afastou o PSD do Governo da Madeira. Miguel Albuquerque governa a Madeira desde 2015 (2019-2023- 2024-2025). Nas primeiras elei\u00e7\u00f5es, em 2015, conseguiu assegurar uma maioria absoluta, nas \u00faltimas quatro elei\u00e7\u00f5es, os social-democratas ficaram aqu\u00e9m desse objetivo, necessitando do CDS-PP e depois do PAN para governar, ora em coliga\u00e7\u00e3o ou por acordos de incid\u00eancia parlamentar,&#8221; justifica a docente em Ci\u00eancia Pol\u00edtica.<\/p>\n<p>Os lugares do PSD aumentaram na Assembleia Legislativa Regional passaram de 19 passaram para 23 deputados e ficaram \u00e0 beira da maioria absoluta.\u00a0 No entender de S\u00edlvia Mangerona &#8220;agora chegar\u00e1, portanto, a esperada coliga\u00e7\u00e3o com o CDS que conseguiu eleger 1 deputado.&#8221;<\/p>\n<p>Mas Albuquerque n\u00e3o se livra da sombra da investiga\u00e7\u00e3o em curso dos casos de corrup\u00e7\u00e3o, S\u00edlvia Mangerona recorda que &#8220;em janeiro de 2024, uma mega opera\u00e7\u00e3o policial envolveu mais de uma centena de inspetores da Pol\u00edcia Judici\u00e1ria e outros peritos do continente que viajaram para a Madeira. O presidente do Governo Regional, Miguel Albuquerque, foi constitu\u00eddo arguido no \u00e2mbito deste processo devido a suspeitas de corrup\u00e7\u00e3o ativa e passiva, participa\u00e7\u00e3o econ\u00f3mica em neg\u00f3cio, prevarica\u00e7\u00e3o, recebimento ou oferta indevidos de vantagem, abuso de poderes e tr\u00e1fico de influ\u00eancia.&#8221;<\/p>\n<p>Apesar de tudo, diz a polit\u00f3loga, Miguel Albuquerque &#8220;n\u00e3o se demitiu e dias depois o PAN acabaria por retirar o apoio parlamentar, exigindo a sa\u00edda do l\u00edder do executivo da Madeira.&#8221;<\/p>\n<p>&#8220;Novamente, com elei\u00e7\u00f5es antecipadas a 26 de maio de 2024, o PSD voltou a vencer, mas ficou novamente aqu\u00e9m dos 24 deputados necess\u00e1rios para assegurar a maioria absoluta, mesmo coligado com o CDS-PP, acrescenta. Em conjunto, conseguiu apenas 21 mandatos. A 9 de dezembro, a mesma oposi\u00e7\u00e3o uniu-se no chumbo do Or\u00e7amento da Madeira para a Assembleia Regional e poucos dias depois, a 17 de dezembro de 2024, o Chega apresenta uma mo\u00e7\u00e3o de censura in\u00e9dita na Madeira. De um total de 47 deputados, uma maioria de 26 votou a favor e o governo caiu,&#8221; esclarece a professora universit\u00e1ria.<\/p>\n<p><strong>PS o grande derrotado na Madeira<\/strong><\/p>\n<p>&#8220;A perplexidade est\u00e1 na descida do PS (15,6%) de 11 deputados passa para 8 e arrasta-se para a 3\u00aa for\u00e7a pol\u00edtica mais votada na Madeira. O JPP fica em 2\u00ba lugar que com 21% elege 11 deputados e quebra a mancha laranja no mapa da ilha vencendo na Freguesia de Santa Cruz onde o partido come\u00e7ou&#8221;, segundo Mangerona.<\/p>\n<p>Com estas elei\u00e7\u00f5es, a polit\u00f3loga admite que a esquerda \u00e9 que &#8220;mais deve refletir nestes resultados regionais, j\u00e1 que o \u201cbolo\u201d da esquerda ficou \u201cem cacos\u201d e desaparece da Assembleia Regional. A CDU, o BE e o PAN n\u00e3o conseguem eleger nenhum deputado.&#8221;<\/p>\n<p>Num momento crucial os madeirenses aderiram a estas elei\u00e7\u00f5es regionais em que as 54 freguesias da Madeira foram a votos e a absten\u00e7\u00e3o desceu de 46% para 44% &#8220;revelando que os eleitores da Madeira s\u00e3o comprometidos politicamente e t\u00eam esperan\u00e7a. Como algu\u00e9m ontem disse durante a noite eleitoral: \u201cA democracia \u00e9 o regime da esperan\u00e7a. E quem tem esperan\u00e7a vota\u201d, conclui S\u00edlvia Mangerona.<\/p>\n","protected":false},"excerpt":{"rendered":"<p>Marta Roque<\/p>\n","protected":false},"author":1,"featured_media":9018,"comment_status":"open","ping_status":"open","sticky":false,"template":"","format":"standard","meta":{"site-sidebar-layout":"default","site-content-layout":"default","ast-global-header-display":"","ast-banner-title-visibility":"","ast-main-header-display":"","ast-hfb-above-header-display":"","ast-hfb-below-header-display":"","ast-hfb-mobile-header-display":"","site-post-title":"","ast-breadcrumbs-content":"","ast-featured-img":"","footer-sml-layout":"","theme-transparent-header-meta":"default","adv-header-id-meta":"","stick-header-meta":"","header-above-stick-meta":"","header-main-stick-meta":"","header-below-stick-meta":"","footnotes":""},"categories":[4],"tags":[],"class_list":["post-9015","post","type-post","status-publish","format-standard","has-post-thumbnail","hentry","category-politica"],"yoast_head":"<!-- This site is optimized with the Yoast SEO plugin v25.1 - https:\/\/yoast.com\/wordpress\/plugins\/seo\/ -->\n<title>Madeira. &quot;A vertigem de 3 elei\u00e7\u00f5es regionais em ano e meio, n\u00e3o afastou o PSD do Governo da Madeira&quot; - Estado com Arte<\/title>\n<meta name=\"robots\" content=\"index, follow, max-snippet:-1, max-image-preview:large, max-video-preview:-1\" \/>\n<link rel=\"canonical\" href=\"https:\/\/estadocomarte.pt\/site\/2025\/03\/24\/madeira-a-vertigem-de-3-eleicoes-regionais-em-ano-e-meio-nao-afastou-o-psd-do-governo-da-madeira\/\" \/>\n<meta property=\"og:locale\" content=\"pt_PT\" \/>\n<meta property=\"og:type\" content=\"article\" \/>\n<meta property=\"og:title\" content=\"Madeira. &quot;A vertigem de 3 elei\u00e7\u00f5es regionais em ano e meio, n\u00e3o afastou o PSD do Governo da Madeira&quot; - Estado com Arte\" \/>\n<meta property=\"og:description\" content=\"Marta Roque\" \/>\n<meta property=\"og:url\" content=\"https:\/\/estadocomarte.pt\/site\/2025\/03\/24\/madeira-a-vertigem-de-3-eleicoes-regionais-em-ano-e-meio-nao-afastou-o-psd-do-governo-da-madeira\/\" \/>\n<meta property=\"og:site_name\" content=\"Estado com Arte\" \/>\n<meta property=\"article:published_time\" content=\"2025-03-24T15:13:53+00:00\" \/>\n<meta property=\"article:modified_time\" content=\"2025-03-24T18:10:36+00:00\" \/>\n<meta property=\"og:image\" content=\"https:\/\/estadocomarte.pt\/site\/wp-content\/uploads\/2025\/03\/albuquerque.jpeg\" \/>\n\t<meta property=\"og:image:width\" content=\"683\" \/>\n\t<meta property=\"og:image:height\" content=\"1024\" \/>\n\t<meta property=\"og:image:type\" content=\"image\/jpeg\" \/>\n<meta name=\"author\" content=\"admin\" \/>\n<meta name=\"twitter:card\" content=\"summary_large_image\" \/>\n<meta name=\"twitter:label1\" content=\"Escrito por\" \/>\n\t<meta name=\"twitter:data1\" content=\"admin\" \/>\n\t<meta name=\"twitter:label2\" content=\"Tempo estimado de leitura\" \/>\n\t<meta name=\"twitter:data2\" content=\"6 minutos\" \/>\n<script type=\"application\/ld+json\" class=\"yoast-schema-graph\">{\"@context\":\"https:\/\/schema.org\",\"@graph\":[{\"@type\":\"Article\",\"@id\":\"https:\/\/estadocomarte.pt\/site\/2025\/03\/24\/madeira-a-vertigem-de-3-eleicoes-regionais-em-ano-e-meio-nao-afastou-o-psd-do-governo-da-madeira\/#article\",\"isPartOf\":{\"@id\":\"https:\/\/estadocomarte.pt\/site\/2025\/03\/24\/madeira-a-vertigem-de-3-eleicoes-regionais-em-ano-e-meio-nao-afastou-o-psd-do-governo-da-madeira\/\"},\"author\":{\"name\":\"admin\",\"@id\":\"https:\/\/estadocomarte.pt\/site\/#\/schema\/person\/c0943a071216c1e5b21f85304151e4ba\"},\"headline\":\"Madeira. &#8220;A vertigem de 3 elei\u00e7\u00f5es regionais em ano e meio, n\u00e3o afastou o PSD do Governo da Madeira&#8221;\",\"datePublished\":\"2025-03-24T15:13:53+00:00\",\"dateModified\":\"2025-03-24T18:10:36+00:00\",\"mainEntityOfPage\":{\"@id\":\"https:\/\/estadocomarte.pt\/site\/2025\/03\/24\/madeira-a-vertigem-de-3-eleicoes-regionais-em-ano-e-meio-nao-afastou-o-psd-do-governo-da-madeira\/\"},\"wordCount\":908,\"commentCount\":0,\"publisher\":{\"@id\":\"https:\/\/estadocomarte.pt\/site\/#organization\"},\"image\":{\"@id\":\"https:\/\/estadocomarte.pt\/site\/2025\/03\/24\/madeira-a-vertigem-de-3-eleicoes-regionais-em-ano-e-meio-nao-afastou-o-psd-do-governo-da-madeira\/#primaryimage\"},\"thumbnailUrl\":\"https:\/\/estadocomarte.pt\/site\/wp-content\/uploads\/2025\/03\/albuquerque.jpeg\",\"articleSection\":[\"Pol\u00edtica\"],\"inLanguage\":\"pt-PT\",\"potentialAction\":[{\"@type\":\"CommentAction\",\"name\":\"Comment\",\"target\":[\"https:\/\/estadocomarte.pt\/site\/2025\/03\/24\/madeira-a-vertigem-de-3-eleicoes-regionais-em-ano-e-meio-nao-afastou-o-psd-do-governo-da-madeira\/#respond\"]}]},{\"@type\":\"WebPage\",\"@id\":\"https:\/\/estadocomarte.pt\/site\/2025\/03\/24\/madeira-a-vertigem-de-3-eleicoes-regionais-em-ano-e-meio-nao-afastou-o-psd-do-governo-da-madeira\/\",\"url\":\"https:\/\/estadocomarte.pt\/site\/2025\/03\/24\/madeira-a-vertigem-de-3-eleicoes-regionais-em-ano-e-meio-nao-afastou-o-psd-do-governo-da-madeira\/\",\"name\":\"Madeira. \\\"A vertigem de 3 elei\u00e7\u00f5es regionais em ano e meio, n\u00e3o afastou o PSD do Governo da Madeira\\\" - Estado com Arte\",\"isPartOf\":{\"@id\":\"https:\/\/estadocomarte.pt\/site\/#website\"},\"primaryImageOfPage\":{\"@id\":\"https:\/\/estadocomarte.pt\/site\/2025\/03\/24\/madeira-a-vertigem-de-3-eleicoes-regionais-em-ano-e-meio-nao-afastou-o-psd-do-governo-da-madeira\/#primaryimage\"},\"image\":{\"@id\":\"https:\/\/estadocomarte.pt\/site\/2025\/03\/24\/madeira-a-vertigem-de-3-eleicoes-regionais-em-ano-e-meio-nao-afastou-o-psd-do-governo-da-madeira\/#primaryimage\"},\"thumbnailUrl\":\"https:\/\/estadocomarte.pt\/site\/wp-content\/uploads\/2025\/03\/albuquerque.jpeg\",\"datePublished\":\"2025-03-24T15:13:53+00:00\",\"dateModified\":\"2025-03-24T18:10:36+00:00\",\"breadcrumb\":{\"@id\":\"https:\/\/estadocomarte.pt\/site\/2025\/03\/24\/madeira-a-vertigem-de-3-eleicoes-regionais-em-ano-e-meio-nao-afastou-o-psd-do-governo-da-madeira\/#breadcrumb\"},\"inLanguage\":\"pt-PT\",\"potentialAction\":[{\"@type\":\"ReadAction\",\"target\":[\"https:\/\/estadocomarte.pt\/site\/2025\/03\/24\/madeira-a-vertigem-de-3-eleicoes-regionais-em-ano-e-meio-nao-afastou-o-psd-do-governo-da-madeira\/\"]}]},{\"@type\":\"ImageObject\",\"inLanguage\":\"pt-PT\",\"@id\":\"https:\/\/estadocomarte.pt\/site\/2025\/03\/24\/madeira-a-vertigem-de-3-eleicoes-regionais-em-ano-e-meio-nao-afastou-o-psd-do-governo-da-madeira\/#primaryimage\",\"url\":\"https:\/\/estadocomarte.pt\/site\/wp-content\/uploads\/2025\/03\/albuquerque.jpeg\",\"contentUrl\":\"https:\/\/estadocomarte.pt\/site\/wp-content\/uploads\/2025\/03\/albuquerque.jpeg\",\"width\":683,\"height\":1024},{\"@type\":\"BreadcrumbList\",\"@id\":\"https:\/\/estadocomarte.pt\/site\/2025\/03\/24\/madeira-a-vertigem-de-3-eleicoes-regionais-em-ano-e-meio-nao-afastou-o-psd-do-governo-da-madeira\/#breadcrumb\",\"itemListElement\":[{\"@type\":\"ListItem\",\"position\":1,\"name\":\"In\u00edcio\",\"item\":\"https:\/\/estadocomarte.pt\/site\/\"},{\"@type\":\"ListItem\",\"position\":2,\"name\":\"Madeira. &#8220;A vertigem de 3 elei\u00e7\u00f5es regionais em ano e meio, n\u00e3o afastou o PSD do Governo da Madeira&#8221;\"}]},{\"@type\":\"WebSite\",\"@id\":\"https:\/\/estadocomarte.pt\/site\/#website\",\"url\":\"https:\/\/estadocomarte.pt\/site\/\",\"name\":\"Estado com Arte Magazine\",\"description\":\"Magazine\",\"publisher\":{\"@id\":\"https:\/\/estadocomarte.pt\/site\/#organization\"},\"alternateName\":\"Magazine semanal sobre pol\u00edtica e cultura, com autores, opini\u00e3o e cr\u00edticas.\",\"potentialAction\":[{\"@type\":\"SearchAction\",\"target\":{\"@type\":\"EntryPoint\",\"urlTemplate\":\"https:\/\/estadocomarte.pt\/site\/?s={search_term_string}\"},\"query-input\":{\"@type\":\"PropertyValueSpecification\",\"valueRequired\":true,\"valueName\":\"search_term_string\"}}],\"inLanguage\":\"pt-PT\"},{\"@type\":\"Organization\",\"@id\":\"https:\/\/estadocomarte.pt\/site\/#organization\",\"name\":\"Estado com Arte Magazine\",\"alternateName\":\"Magazine semanal sobre pol\u00edtica e cultura, com autores, opini\u00e3o e cr\u00edticas.\",\"url\":\"https:\/\/estadocomarte.pt\/site\/\",\"logo\":{\"@type\":\"ImageObject\",\"inLanguage\":\"pt-PT\",\"@id\":\"https:\/\/estadocomarte.pt\/site\/#\/schema\/logo\/image\/\",\"url\":\"https:\/\/estadocomarte.pt\/site\/wp-content\/uploads\/2023\/06\/cropped-cropped-Prancheta-2@2x-100.jpg\",\"contentUrl\":\"https:\/\/estadocomarte.pt\/site\/wp-content\/uploads\/2023\/06\/cropped-cropped-Prancheta-2@2x-100.jpg\",\"width\":1777,\"height\":592,\"caption\":\"Estado com Arte Magazine\"},\"image\":{\"@id\":\"https:\/\/estadocomarte.pt\/site\/#\/schema\/logo\/image\/\"},\"sameAs\":[\"https:\/\/www.instagram.com\/estadocomartemagazine\"]},{\"@type\":\"Person\",\"@id\":\"https:\/\/estadocomarte.pt\/site\/#\/schema\/person\/c0943a071216c1e5b21f85304151e4ba\",\"name\":\"admin\",\"image\":{\"@type\":\"ImageObject\",\"inLanguage\":\"pt-PT\",\"@id\":\"https:\/\/estadocomarte.pt\/site\/#\/schema\/person\/image\/\",\"url\":\"https:\/\/secure.gravatar.com\/avatar\/e6f378fd6914c8505d3e1d40f51fa953b21bab0f3a5658a33bc84cb5bda780f9?s=96&d=mm&r=g\",\"contentUrl\":\"https:\/\/secure.gravatar.com\/avatar\/e6f378fd6914c8505d3e1d40f51fa953b21bab0f3a5658a33bc84cb5bda780f9?s=96&d=mm&r=g\",\"caption\":\"admin\"},\"sameAs\":[\"https:\/\/estadocomarte.pt\/site\"],\"url\":\"https:\/\/estadocomarte.pt\/site\/author\/admin\/\"}]}<\/script>\n<!-- \/ Yoast SEO plugin. -->","yoast_head_json":{"title":"Madeira. \"A vertigem de 3 elei\u00e7\u00f5es regionais em ano e meio, n\u00e3o afastou o PSD do Governo da Madeira\" - Estado com Arte","robots":{"index":"index","follow":"follow","max-snippet":"max-snippet:-1","max-image-preview":"max-image-preview:large","max-video-preview":"max-video-preview:-1"},"canonical":"https:\/\/estadocomarte.pt\/site\/2025\/03\/24\/madeira-a-vertigem-de-3-eleicoes-regionais-em-ano-e-meio-nao-afastou-o-psd-do-governo-da-madeira\/","og_locale":"pt_PT","og_type":"article","og_title":"Madeira. \"A vertigem de 3 elei\u00e7\u00f5es regionais em ano e meio, n\u00e3o afastou o PSD do Governo da Madeira\" - Estado com Arte","og_description":"Marta Roque","og_url":"https:\/\/estadocomarte.pt\/site\/2025\/03\/24\/madeira-a-vertigem-de-3-eleicoes-regionais-em-ano-e-meio-nao-afastou-o-psd-do-governo-da-madeira\/","og_site_name":"Estado com Arte","article_published_time":"2025-03-24T15:13:53+00:00","article_modified_time":"2025-03-24T18:10:36+00:00","og_image":[{"width":683,"height":1024,"url":"https:\/\/estadocomarte.pt\/site\/wp-content\/uploads\/2025\/03\/albuquerque.jpeg","type":"image\/jpeg"}],"author":"admin","twitter_card":"summary_large_image","twitter_misc":{"Escrito por":"admin","Tempo estimado de leitura":"6 minutos"},"schema":{"@context":"https:\/\/schema.org","@graph":[{"@type":"Article","@id":"https:\/\/estadocomarte.pt\/site\/2025\/03\/24\/madeira-a-vertigem-de-3-eleicoes-regionais-em-ano-e-meio-nao-afastou-o-psd-do-governo-da-madeira\/#article","isPartOf":{"@id":"https:\/\/estadocomarte.pt\/site\/2025\/03\/24\/madeira-a-vertigem-de-3-eleicoes-regionais-em-ano-e-meio-nao-afastou-o-psd-do-governo-da-madeira\/"},"author":{"name":"admin","@id":"https:\/\/estadocomarte.pt\/site\/#\/schema\/person\/c0943a071216c1e5b21f85304151e4ba"},"headline":"Madeira. &#8220;A vertigem de 3 elei\u00e7\u00f5es regionais em ano e meio, n\u00e3o afastou o PSD do Governo da Madeira&#8221;","datePublished":"2025-03-24T15:13:53+00:00","dateModified":"2025-03-24T18:10:36+00:00","mainEntityOfPage":{"@id":"https:\/\/estadocomarte.pt\/site\/2025\/03\/24\/madeira-a-vertigem-de-3-eleicoes-regionais-em-ano-e-meio-nao-afastou-o-psd-do-governo-da-madeira\/"},"wordCount":908,"commentCount":0,"publisher":{"@id":"https:\/\/estadocomarte.pt\/site\/#organization"},"image":{"@id":"https:\/\/estadocomarte.pt\/site\/2025\/03\/24\/madeira-a-vertigem-de-3-eleicoes-regionais-em-ano-e-meio-nao-afastou-o-psd-do-governo-da-madeira\/#primaryimage"},"thumbnailUrl":"https:\/\/estadocomarte.pt\/site\/wp-content\/uploads\/2025\/03\/albuquerque.jpeg","articleSection":["Pol\u00edtica"],"inLanguage":"pt-PT","potentialAction":[{"@type":"CommentAction","name":"Comment","target":["https:\/\/estadocomarte.pt\/site\/2025\/03\/24\/madeira-a-vertigem-de-3-eleicoes-regionais-em-ano-e-meio-nao-afastou-o-psd-do-governo-da-madeira\/#respond"]}]},{"@type":"WebPage","@id":"https:\/\/estadocomarte.pt\/site\/2025\/03\/24\/madeira-a-vertigem-de-3-eleicoes-regionais-em-ano-e-meio-nao-afastou-o-psd-do-governo-da-madeira\/","url":"https:\/\/estadocomarte.pt\/site\/2025\/03\/24\/madeira-a-vertigem-de-3-eleicoes-regionais-em-ano-e-meio-nao-afastou-o-psd-do-governo-da-madeira\/","name":"Madeira. \"A vertigem de 3 elei\u00e7\u00f5es regionais em ano e meio, n\u00e3o afastou o PSD do Governo da Madeira\" - Estado com Arte","isPartOf":{"@id":"https:\/\/estadocomarte.pt\/site\/#website"},"primaryImageOfPage":{"@id":"https:\/\/estadocomarte.pt\/site\/2025\/03\/24\/madeira-a-vertigem-de-3-eleicoes-regionais-em-ano-e-meio-nao-afastou-o-psd-do-governo-da-madeira\/#primaryimage"},"image":{"@id":"https:\/\/estadocomarte.pt\/site\/2025\/03\/24\/madeira-a-vertigem-de-3-eleicoes-regionais-em-ano-e-meio-nao-afastou-o-psd-do-governo-da-madeira\/#primaryimage"},"thumbnailUrl":"https:\/\/estadocomarte.pt\/site\/wp-content\/uploads\/2025\/03\/albuquerque.jpeg","datePublished":"2025-03-24T15:13:53+00:00","dateModified":"2025-03-24T18:10:36+00:00","breadcrumb":{"@id":"https:\/\/estadocomarte.pt\/site\/2025\/03\/24\/madeira-a-vertigem-de-3-eleicoes-regionais-em-ano-e-meio-nao-afastou-o-psd-do-governo-da-madeira\/#breadcrumb"},"inLanguage":"pt-PT","potentialAction":[{"@type":"ReadAction","target":["https:\/\/estadocomarte.pt\/site\/2025\/03\/24\/madeira-a-vertigem-de-3-eleicoes-regionais-em-ano-e-meio-nao-afastou-o-psd-do-governo-da-madeira\/"]}]},{"@type":"ImageObject","inLanguage":"pt-PT","@id":"https:\/\/estadocomarte.pt\/site\/2025\/03\/24\/madeira-a-vertigem-de-3-eleicoes-regionais-em-ano-e-meio-nao-afastou-o-psd-do-governo-da-madeira\/#primaryimage","url":"https:\/\/estadocomarte.pt\/site\/wp-content\/uploads\/2025\/03\/albuquerque.jpeg","contentUrl":"https:\/\/estadocomarte.pt\/site\/wp-content\/uploads\/2025\/03\/albuquerque.jpeg","width":683,"height":1024},{"@type":"BreadcrumbList","@id":"https:\/\/estadocomarte.pt\/site\/2025\/03\/24\/madeira-a-vertigem-de-3-eleicoes-regionais-em-ano-e-meio-nao-afastou-o-psd-do-governo-da-madeira\/#breadcrumb","itemListElement":[{"@type":"ListItem","position":1,"name":"In\u00edcio","item":"https:\/\/estadocomarte.pt\/site\/"},{"@type":"ListItem","position":2,"name":"Madeira. &#8220;A vertigem de 3 elei\u00e7\u00f5es regionais em ano e meio, n\u00e3o afastou o PSD do Governo da Madeira&#8221;"}]},{"@type":"WebSite","@id":"https:\/\/estadocomarte.pt\/site\/#website","url":"https:\/\/estadocomarte.pt\/site\/","name":"Estado com Arte Magazine","description":"Magazine","publisher":{"@id":"https:\/\/estadocomarte.pt\/site\/#organization"},"alternateName":"Magazine semanal sobre pol\u00edtica e cultura, com autores, opini\u00e3o e cr\u00edticas.","potentialAction":[{"@type":"SearchAction","target":{"@type":"EntryPoint","urlTemplate":"https:\/\/estadocomarte.pt\/site\/?s={search_term_string}"},"query-input":{"@type":"PropertyValueSpecification","valueRequired":true,"valueName":"search_term_string"}}],"inLanguage":"pt-PT"},{"@type":"Organization","@id":"https:\/\/estadocomarte.pt\/site\/#organization","name":"Estado com Arte Magazine","alternateName":"Magazine semanal sobre pol\u00edtica e cultura, com autores, opini\u00e3o e cr\u00edticas.","url":"https:\/\/estadocomarte.pt\/site\/","logo":{"@type":"ImageObject","inLanguage":"pt-PT","@id":"https:\/\/estadocomarte.pt\/site\/#\/schema\/logo\/image\/","url":"https:\/\/estadocomarte.pt\/site\/wp-content\/uploads\/2023\/06\/cropped-cropped-Prancheta-2@2x-100.jpg","contentUrl":"https:\/\/estadocomarte.pt\/site\/wp-content\/uploads\/2023\/06\/cropped-cropped-Prancheta-2@2x-100.jpg","width":1777,"height":592,"caption":"Estado com Arte Magazine"},"image":{"@id":"https:\/\/estadocomarte.pt\/site\/#\/schema\/logo\/image\/"},"sameAs":["https:\/\/www.instagram.com\/estadocomartemagazine"]},{"@type":"Person","@id":"https:\/\/estadocomarte.pt\/site\/#\/schema\/person\/c0943a071216c1e5b21f85304151e4ba","name":"admin","image":{"@type":"ImageObject","inLanguage":"pt-PT","@id":"https:\/\/estadocomarte.pt\/site\/#\/schema\/person\/image\/","url":"https:\/\/secure.gravatar.com\/avatar\/e6f378fd6914c8505d3e1d40f51fa953b21bab0f3a5658a33bc84cb5bda780f9?s=96&d=mm&r=g","contentUrl":"https:\/\/secure.gravatar.com\/avatar\/e6f378fd6914c8505d3e1d40f51fa953b21bab0f3a5658a33bc84cb5bda780f9?s=96&d=mm&r=g","caption":"admin"},"sameAs":["https:\/\/estadocomarte.pt\/site"],"url":"https:\/\/estadocomarte.pt\/site\/author\/admin\/"}]}},"_links":{"self":[{"href":"https:\/\/estadocomarte.pt\/site\/wp-json\/wp\/v2\/posts\/9015","targetHints":{"allow":["GET"]}}],"collection":[{"href":"https:\/\/estadocomarte.pt\/site\/wp-json\/wp\/v2\/posts"}],"about":[{"href":"https:\/\/estadocomarte.pt\/site\/wp-json\/wp\/v2\/types\/post"}],"author":[{"embeddable":true,"href":"https:\/\/estadocomarte.pt\/site\/wp-json\/wp\/v2\/users\/1"}],"replies":[{"embeddable":true,"href":"https:\/\/estadocomarte.pt\/site\/wp-json\/wp\/v2\/comments?post=9015"}],"version-history":[{"count":0,"href":"https:\/\/estadocomarte.pt\/site\/wp-json\/wp\/v2\/posts\/9015\/revisions"}],"wp:featuredmedia":[{"embeddable":true,"href":"https:\/\/estadocomarte.pt\/site\/wp-json\/wp\/v2\/media\/9018"}],"wp:attachment":[{"href":"https:\/\/estadocomarte.pt\/site\/wp-json\/wp\/v2\/media?parent=9015"}],"wp:term":[{"taxonomy":"category","embeddable":true,"href":"https:\/\/estadocomarte.pt\/site\/wp-json\/wp\/v2\/categories?post=9015"},{"taxonomy":"post_tag","embeddable":true,"href":"https:\/\/estadocomarte.pt\/site\/wp-json\/wp\/v2\/tags?post=9015"}],"curies":[{"name":"wp","href":"https:\/\/api.w.org\/{rel}","templated":true}]}}