{"id":9032,"date":"2025-03-25T09:54:04","date_gmt":"2025-03-25T09:54:04","guid":{"rendered":"https:\/\/estadocomarte.pt\/site\/?p=9032"},"modified":"2025-03-25T09:58:51","modified_gmt":"2025-03-25T09:58:51","slug":"a-anunciacao-do-anjo-e-a-redencao-do-homem","status":"publish","type":"post","link":"https:\/\/estadocomarte.pt\/site\/2025\/03\/25\/a-anunciacao-do-anjo-e-a-redencao-do-homem\/","title":{"rendered":"A Anuncia\u00e7\u00e3o do Anjo e a Reden\u00e7\u00e3o do Homem"},"content":{"rendered":"<p><strong>O filme sobre os prisioneiros de Shawshank conta a hist\u00f3ria, do ponto de vista do prisioneiro Red (Morgan Freeman), de um homem chamado Andy Dufresne (Tim Robbins), um jovem banqueiro, que entrou na pris\u00e3o de Shawshank em 1946, condenado a duas penas de pris\u00e3o perp\u00e9tuas por ter assassinado a sangue-frio a mulher e o amante desta.<\/strong><\/p>\n<p>Hoje, dia 25 de mar\u00e7o, \u00e9 o dia do Angelus: \u201cO Anjo do Senhor anunciou a Maria. E Ela concebeu do Esp\u00edrito Santo.\u201d O dia em que o Anjo Gabriel anunciou a Nossa Senhora que ela iria ser a M\u00e3e do Filho de Deus. Nove meses depois, \u00e9 o Natal. No Cristianismo, nenhum pormenor \u00e9 deixado de fora.<\/p>\n<p>Pensemos neste momento que definiu a hist\u00f3ria do mundo, tal como ele \u00e9. Nossa Senhora disse \u201csim\u201d ao Anjo e muito do que n\u00f3s conhecemos teria sido diferente se a resposta tivesse sido outra.<\/p>\n<p>Gosto muito de um filme chamado \u201cOs Condenados de Shawshank\u201d, um filme de 1995 do realizador Frank Darabont, o melhor classificado de sempre pelo IMDB, com 9.3\/10. O t\u00edtulo, em portugu\u00eas, deixa bastante a desejar. O t\u00edtulo original, em ingl\u00eas, \u00e9 \u201cShawshank Redemption\u201d, \u201cA Reden\u00e7\u00e3o de Shawshank\u201d.<\/p>\n<p>\u00c9 interessante darmo-nos conta da oposi\u00e7\u00e3o entre a condena\u00e7\u00e3o e a reden\u00e7\u00e3o e, para aqueles que conhecem o filme, n\u00e3o hesitar\u00e3o em concordar comigo quando afirmo que o t\u00edtulo traduzido \u00e0 letra do ingl\u00eas se adequaria melhor \u00e0 mensagem que o filme passa: uma mensagem de esperan\u00e7a e de amizade.<\/p>\n<p>Li recentemente o livro que deu origem ao filme: uma novela americana de Stephen King, o grande contador de hist\u00f3rias, com o t\u00edtulo Rita Hayworth and Shawshank Redemption. Quem era Rita Hayworth e por que raz\u00e3o merece o seu nome no t\u00edtulo? Rita Hayworth foi uma atriz nova-iorquina que alcan\u00e7ou o topo da sua fama na d\u00e9cada de 40. Viria a morrer em 1987.<\/p>\n<p>O filme sobre os prisioneiros de Shawshank conta a hist\u00f3ria, do ponto de vista do prisioneiro Red (Morgan Freeman), de um homem chamado Andy Dufresne (Tim Robbins), um jovem banqueiro, que entrou na pris\u00e3o de Shawshank em 1946, condenado a duas penas de pris\u00e3o perp\u00e9tuas por ter assassinado a sangue-frio a mulher e o amante desta.<\/p>\n<p>Na pris\u00e3o, Andy revela-se capaz de ser livre, mesmo atr\u00e1s das grades, n\u00e3o sem passar pelo sofrimento de ser o tipo novo numa pris\u00e3o. Red \u00e9 o tipo que consegue tudo e Andy come\u00e7a a usufruir dos seus servi\u00e7os, pedindo-lhe objetos algo exc\u00eantricos: um martelo de ge\u00f3logo para esculpir rochas e posters de mulheres. O primeiro que pede \u00e9 da Rita Hayworth, a personagem principal do filme \u201cGilda\u201d, um filme de 1946, que era o \u00fanico filme que passava nas noites de cinema e, deste modo, era a \u00fanica mulher que podia \u201centrar\u201d na pris\u00e3o.<\/p>\n<p>O final do filme revela-nos a urg\u00eancia que Andy tinha em conseguir este poster. N\u00e3o era apenas para o pendurar na parede da cela e recordar-se da presen\u00e7a feminina na sua vida, que perdeu e alegadamente matou. Outro sim, a sua mulher, Linda, foi, de forma indireta, a raz\u00e3o de Andy ir para a pris\u00e3o. O pecado da sua mulher (a trai\u00e7\u00e3o, o facto de \u201ccomer do fruto proibido\u201d) levou a que Andy passasse umas boas d\u00e9cadas na pris\u00e3o.<\/p>\n<p>Andy consegue uma vida privilegiada na pris\u00e3o ao mostrar-se um prisioneiro irrepreens\u00edvel e servil, fazendo as declara\u00e7\u00f5es de impostos dos guardas de Shawshank e ajudando o diretor a lavar o dinheiro sujo do programa \u201cInside-Out\u201d, onde uma boa parte dos rendimentos ia para os bolsos de Samuel Norton (Bob Gunton).<\/p>\n<p>O diretor Norton tem no seu gabinete um quadro com um bordado da mulher feito no grupo da igreja. Um olhar mais atento sobre a predile\u00e7\u00e3o de Norton por frases b\u00edblicas (e a leitura do livro de Stephen King), mostram-nos que Norton \u00e9 um protestante, da \u201cBaptist Advent Church of Eliot\u201d. A Igreja Baptista, para al\u00e9m de acreditar na <em>sola scriptura<\/em> (apenas o que est\u00e1 escrito na B\u00edblia \u00e9 que conta), tamb\u00e9m ministra o batismo como sacramento \u00fanico apenas a adultos decididos a abra\u00e7ar a f\u00e9. Esta confiss\u00e3o professa a sua cren\u00e7a em Jesus, que veio ao mundo, na Sant\u00edssima Trindade, na segunda vinda de Cristo, da necessidade de reden\u00e7\u00e3o e no Ju\u00edzo Final.<\/p>\n<figure id=\"attachment_9037\" aria-describedby=\"caption-attachment-9037\" style=\"width: 300px\" class=\"wp-caption alignleft\"><img fetchpriority=\"high\" decoding=\"async\" class=\"wp-image-9037 size-medium\" src=\"https:\/\/estadocomarte.pt\/site\/wp-content\/uploads\/2025\/03\/rita-300x197.jpg\" alt=\"\" width=\"300\" height=\"197\" srcset=\"https:\/\/estadocomarte.pt\/site\/wp-content\/uploads\/2025\/03\/rita-300x197.jpg 300w, https:\/\/estadocomarte.pt\/site\/wp-content\/uploads\/2025\/03\/rita.jpg 640w\" sizes=\"(max-width: 300px) 100vw, 300px\" \/><figcaption id=\"caption-attachment-9037\" class=\"wp-caption-text\">Tim Robbins no filme Shawshank abria todas as noites um poster de Rita Hayworth<\/figcaption><\/figure>\n<p>No final do filme, percebemos que Rita Hayworth (cujo poster tinha sido trocado por Marilyn Monroe e, posteriormente, por Raquel Welch) guardava um segredo: Andy ocupava-se todas as noites a abrir um t\u00fanel que durante o dia cobria com um poster. Quanto aos detritos do t\u00fanel, guardava-os nos bolsos e despejava-os no p\u00e1tio da pris\u00e3o.<\/p>\n<p>O que tem isto a ver com a f\u00e9? E sobretudo com a Anuncia\u00e7\u00e3o do Anjo?<\/p>\n<p>H\u00e1 duas mulheres que assumem um papel importante no filme: Linda (a mulher que pecou) e Rita (a mulher atrav\u00e9s da qual o homem condenado conseguiu a salva\u00e7\u00e3o). Para um protestante puritano como Samuel Norton, a reden\u00e7\u00e3o nunca poderia vir atrav\u00e9s de uma mulher, uma vez que os Baptistas n\u00e3o acreditam na Virgem Maria. \u201cA salva\u00e7\u00e3o est\u00e1 aqui dentro\u201d, diz a certa altura Norton apontando para a B\u00edblia. Segundo a sola scriptura, as frases b\u00edblicas s\u00e3o meras palavras que n\u00e3o incidem sobre a vida, acabando por ser usadas como slogans-para-todas-as-ocasi\u00f5es.<\/p>\n<p>N\u00e3o quero com isto dizer que este filme, mundialmente aclamado pela cr\u00edtica, \u00e9 um filme cat\u00f3lico que expressa intencionalmente uma verdade do credo da Igreja Cat\u00f3lica, mas sob o ponto de vista de um cat\u00f3lico, \u00e9 extremamente curioso o curso que os acontecimentos t\u00eam. Como no Cristianismo, nada \u00e9 deixado ao acaso. O que \u00e9 que na nossa vida nos d\u00e1 a esperan\u00e7a da Reden\u00e7\u00e3o? Neste dia, 25 de mar\u00e7o, foi-nos anunciada o Salvador, que viria atrav\u00e9s de uma mulher, gra\u00e7as ao seu sim.<\/p>\n","protected":false},"excerpt":{"rendered":"<p>Ricardo Formigo,<br \/>\nProfessor de Portugu\u00eas<\/p>\n","protected":false},"author":1,"featured_media":9034,"comment_status":"open","ping_status":"open","sticky":false,"template":"","format":"standard","meta":{"site-sidebar-layout":"default","site-content-layout":"default","ast-global-header-display":"","ast-banner-title-visibility":"","ast-main-header-display":"","ast-hfb-above-header-display":"","ast-hfb-below-header-display":"","ast-hfb-mobile-header-display":"","site-post-title":"","ast-breadcrumbs-content":"","ast-featured-img":"","footer-sml-layout":"","theme-transparent-header-meta":"default","adv-header-id-meta":"","stick-header-meta":"","header-above-stick-meta":"","header-main-stick-meta":"","header-below-stick-meta":"","footnotes":""},"categories":[7,64],"tags":[799,800],"class_list":["post-9032","post","type-post","status-publish","format-standard","has-post-thumbnail","hentry","category-cultura","category-isto-para-nos","tag-anunciacao-do-anjo","tag-shawshank"],"yoast_head":"<!-- This site is optimized with the Yoast SEO plugin v25.1 - https:\/\/yoast.com\/wordpress\/plugins\/seo\/ -->\n<title>A Anuncia\u00e7\u00e3o do Anjo e a Reden\u00e7\u00e3o do Homem - Estado com Arte<\/title>\n<meta name=\"robots\" content=\"index, follow, max-snippet:-1, max-image-preview:large, max-video-preview:-1\" \/>\n<link rel=\"canonical\" href=\"https:\/\/estadocomarte.pt\/site\/2025\/03\/25\/a-anunciacao-do-anjo-e-a-redencao-do-homem\/\" \/>\n<meta property=\"og:locale\" content=\"pt_PT\" \/>\n<meta property=\"og:type\" content=\"article\" \/>\n<meta property=\"og:title\" content=\"A Anuncia\u00e7\u00e3o do Anjo e a Reden\u00e7\u00e3o do Homem - Estado com Arte\" \/>\n<meta property=\"og:description\" content=\"Ricardo Formigo,  Professor de Portugu\u00eas\" \/>\n<meta property=\"og:url\" content=\"https:\/\/estadocomarte.pt\/site\/2025\/03\/25\/a-anunciacao-do-anjo-e-a-redencao-do-homem\/\" \/>\n<meta property=\"og:site_name\" content=\"Estado com Arte\" \/>\n<meta property=\"article:published_time\" content=\"2025-03-25T09:54:04+00:00\" \/>\n<meta property=\"article:modified_time\" content=\"2025-03-25T09:58:51+00:00\" \/>\n<meta property=\"og:image\" content=\"https:\/\/estadocomarte.pt\/site\/wp-content\/uploads\/2025\/03\/shawshank.jpg\" \/>\n\t<meta property=\"og:image:width\" content=\"721\" \/>\n\t<meta property=\"og:image:height\" content=\"1024\" \/>\n\t<meta property=\"og:image:type\" content=\"image\/jpeg\" \/>\n<meta name=\"author\" content=\"admin\" \/>\n<meta name=\"twitter:card\" content=\"summary_large_image\" \/>\n<meta name=\"twitter:label1\" content=\"Escrito por\" \/>\n\t<meta name=\"twitter:data1\" content=\"admin\" \/>\n\t<meta name=\"twitter:label2\" content=\"Tempo estimado de leitura\" \/>\n\t<meta name=\"twitter:data2\" content=\"6 minutos\" \/>\n<script type=\"application\/ld+json\" class=\"yoast-schema-graph\">{\"@context\":\"https:\/\/schema.org\",\"@graph\":[{\"@type\":\"Article\",\"@id\":\"https:\/\/estadocomarte.pt\/site\/2025\/03\/25\/a-anunciacao-do-anjo-e-a-redencao-do-homem\/#article\",\"isPartOf\":{\"@id\":\"https:\/\/estadocomarte.pt\/site\/2025\/03\/25\/a-anunciacao-do-anjo-e-a-redencao-do-homem\/\"},\"author\":{\"name\":\"admin\",\"@id\":\"https:\/\/estadocomarte.pt\/site\/#\/schema\/person\/c0943a071216c1e5b21f85304151e4ba\"},\"headline\":\"A Anuncia\u00e7\u00e3o do Anjo e a Reden\u00e7\u00e3o do Homem\",\"datePublished\":\"2025-03-25T09:54:04+00:00\",\"dateModified\":\"2025-03-25T09:58:51+00:00\",\"mainEntityOfPage\":{\"@id\":\"https:\/\/estadocomarte.pt\/site\/2025\/03\/25\/a-anunciacao-do-anjo-e-a-redencao-do-homem\/\"},\"wordCount\":1045,\"commentCount\":0,\"publisher\":{\"@id\":\"https:\/\/estadocomarte.pt\/site\/#organization\"},\"image\":{\"@id\":\"https:\/\/estadocomarte.pt\/site\/2025\/03\/25\/a-anunciacao-do-anjo-e-a-redencao-do-homem\/#primaryimage\"},\"thumbnailUrl\":\"https:\/\/estadocomarte.pt\/site\/wp-content\/uploads\/2025\/03\/shawshank.jpg\",\"keywords\":[\"anuncia\u00e7\u00e3o do anjo\",\"shawshank\"],\"articleSection\":[\"Cultura\",\"Isto Para N\u00f3s\"],\"inLanguage\":\"pt-PT\",\"potentialAction\":[{\"@type\":\"CommentAction\",\"name\":\"Comment\",\"target\":[\"https:\/\/estadocomarte.pt\/site\/2025\/03\/25\/a-anunciacao-do-anjo-e-a-redencao-do-homem\/#respond\"]}]},{\"@type\":\"WebPage\",\"@id\":\"https:\/\/estadocomarte.pt\/site\/2025\/03\/25\/a-anunciacao-do-anjo-e-a-redencao-do-homem\/\",\"url\":\"https:\/\/estadocomarte.pt\/site\/2025\/03\/25\/a-anunciacao-do-anjo-e-a-redencao-do-homem\/\",\"name\":\"A Anuncia\u00e7\u00e3o do Anjo e a Reden\u00e7\u00e3o do Homem - Estado com Arte\",\"isPartOf\":{\"@id\":\"https:\/\/estadocomarte.pt\/site\/#website\"},\"primaryImageOfPage\":{\"@id\":\"https:\/\/estadocomarte.pt\/site\/2025\/03\/25\/a-anunciacao-do-anjo-e-a-redencao-do-homem\/#primaryimage\"},\"image\":{\"@id\":\"https:\/\/estadocomarte.pt\/site\/2025\/03\/25\/a-anunciacao-do-anjo-e-a-redencao-do-homem\/#primaryimage\"},\"thumbnailUrl\":\"https:\/\/estadocomarte.pt\/site\/wp-content\/uploads\/2025\/03\/shawshank.jpg\",\"datePublished\":\"2025-03-25T09:54:04+00:00\",\"dateModified\":\"2025-03-25T09:58:51+00:00\",\"breadcrumb\":{\"@id\":\"https:\/\/estadocomarte.pt\/site\/2025\/03\/25\/a-anunciacao-do-anjo-e-a-redencao-do-homem\/#breadcrumb\"},\"inLanguage\":\"pt-PT\",\"potentialAction\":[{\"@type\":\"ReadAction\",\"target\":[\"https:\/\/estadocomarte.pt\/site\/2025\/03\/25\/a-anunciacao-do-anjo-e-a-redencao-do-homem\/\"]}]},{\"@type\":\"ImageObject\",\"inLanguage\":\"pt-PT\",\"@id\":\"https:\/\/estadocomarte.pt\/site\/2025\/03\/25\/a-anunciacao-do-anjo-e-a-redencao-do-homem\/#primaryimage\",\"url\":\"https:\/\/estadocomarte.pt\/site\/wp-content\/uploads\/2025\/03\/shawshank.jpg\",\"contentUrl\":\"https:\/\/estadocomarte.pt\/site\/wp-content\/uploads\/2025\/03\/shawshank.jpg\",\"width\":721,\"height\":1024},{\"@type\":\"BreadcrumbList\",\"@id\":\"https:\/\/estadocomarte.pt\/site\/2025\/03\/25\/a-anunciacao-do-anjo-e-a-redencao-do-homem\/#breadcrumb\",\"itemListElement\":[{\"@type\":\"ListItem\",\"position\":1,\"name\":\"In\u00edcio\",\"item\":\"https:\/\/estadocomarte.pt\/site\/\"},{\"@type\":\"ListItem\",\"position\":2,\"name\":\"A Anuncia\u00e7\u00e3o do Anjo e a Reden\u00e7\u00e3o do Homem\"}]},{\"@type\":\"WebSite\",\"@id\":\"https:\/\/estadocomarte.pt\/site\/#website\",\"url\":\"https:\/\/estadocomarte.pt\/site\/\",\"name\":\"Estado com Arte Magazine\",\"description\":\"Magazine\",\"publisher\":{\"@id\":\"https:\/\/estadocomarte.pt\/site\/#organization\"},\"alternateName\":\"Magazine semanal sobre pol\u00edtica e cultura, com autores, opini\u00e3o e cr\u00edticas.\",\"potentialAction\":[{\"@type\":\"SearchAction\",\"target\":{\"@type\":\"EntryPoint\",\"urlTemplate\":\"https:\/\/estadocomarte.pt\/site\/?s={search_term_string}\"},\"query-input\":{\"@type\":\"PropertyValueSpecification\",\"valueRequired\":true,\"valueName\":\"search_term_string\"}}],\"inLanguage\":\"pt-PT\"},{\"@type\":\"Organization\",\"@id\":\"https:\/\/estadocomarte.pt\/site\/#organization\",\"name\":\"Estado com Arte Magazine\",\"alternateName\":\"Magazine semanal sobre pol\u00edtica e cultura, com autores, opini\u00e3o e cr\u00edticas.\",\"url\":\"https:\/\/estadocomarte.pt\/site\/\",\"logo\":{\"@type\":\"ImageObject\",\"inLanguage\":\"pt-PT\",\"@id\":\"https:\/\/estadocomarte.pt\/site\/#\/schema\/logo\/image\/\",\"url\":\"https:\/\/estadocomarte.pt\/site\/wp-content\/uploads\/2023\/06\/cropped-cropped-Prancheta-2@2x-100.jpg\",\"contentUrl\":\"https:\/\/estadocomarte.pt\/site\/wp-content\/uploads\/2023\/06\/cropped-cropped-Prancheta-2@2x-100.jpg\",\"width\":1777,\"height\":592,\"caption\":\"Estado com Arte Magazine\"},\"image\":{\"@id\":\"https:\/\/estadocomarte.pt\/site\/#\/schema\/logo\/image\/\"},\"sameAs\":[\"https:\/\/www.instagram.com\/estadocomartemagazine\"]},{\"@type\":\"Person\",\"@id\":\"https:\/\/estadocomarte.pt\/site\/#\/schema\/person\/c0943a071216c1e5b21f85304151e4ba\",\"name\":\"admin\",\"image\":{\"@type\":\"ImageObject\",\"inLanguage\":\"pt-PT\",\"@id\":\"https:\/\/estadocomarte.pt\/site\/#\/schema\/person\/image\/\",\"url\":\"https:\/\/secure.gravatar.com\/avatar\/e6f378fd6914c8505d3e1d40f51fa953b21bab0f3a5658a33bc84cb5bda780f9?s=96&d=mm&r=g\",\"contentUrl\":\"https:\/\/secure.gravatar.com\/avatar\/e6f378fd6914c8505d3e1d40f51fa953b21bab0f3a5658a33bc84cb5bda780f9?s=96&d=mm&r=g\",\"caption\":\"admin\"},\"sameAs\":[\"https:\/\/estadocomarte.pt\/site\"],\"url\":\"https:\/\/estadocomarte.pt\/site\/author\/admin\/\"}]}<\/script>\n<!-- \/ Yoast SEO plugin. -->","yoast_head_json":{"title":"A Anuncia\u00e7\u00e3o do Anjo e a Reden\u00e7\u00e3o do Homem - Estado com Arte","robots":{"index":"index","follow":"follow","max-snippet":"max-snippet:-1","max-image-preview":"max-image-preview:large","max-video-preview":"max-video-preview:-1"},"canonical":"https:\/\/estadocomarte.pt\/site\/2025\/03\/25\/a-anunciacao-do-anjo-e-a-redencao-do-homem\/","og_locale":"pt_PT","og_type":"article","og_title":"A Anuncia\u00e7\u00e3o do Anjo e a Reden\u00e7\u00e3o do Homem - Estado com Arte","og_description":"Ricardo Formigo,  Professor de Portugu\u00eas","og_url":"https:\/\/estadocomarte.pt\/site\/2025\/03\/25\/a-anunciacao-do-anjo-e-a-redencao-do-homem\/","og_site_name":"Estado com Arte","article_published_time":"2025-03-25T09:54:04+00:00","article_modified_time":"2025-03-25T09:58:51+00:00","og_image":[{"width":721,"height":1024,"url":"https:\/\/estadocomarte.pt\/site\/wp-content\/uploads\/2025\/03\/shawshank.jpg","type":"image\/jpeg"}],"author":"admin","twitter_card":"summary_large_image","twitter_misc":{"Escrito por":"admin","Tempo estimado de leitura":"6 minutos"},"schema":{"@context":"https:\/\/schema.org","@graph":[{"@type":"Article","@id":"https:\/\/estadocomarte.pt\/site\/2025\/03\/25\/a-anunciacao-do-anjo-e-a-redencao-do-homem\/#article","isPartOf":{"@id":"https:\/\/estadocomarte.pt\/site\/2025\/03\/25\/a-anunciacao-do-anjo-e-a-redencao-do-homem\/"},"author":{"name":"admin","@id":"https:\/\/estadocomarte.pt\/site\/#\/schema\/person\/c0943a071216c1e5b21f85304151e4ba"},"headline":"A Anuncia\u00e7\u00e3o do Anjo e a Reden\u00e7\u00e3o do Homem","datePublished":"2025-03-25T09:54:04+00:00","dateModified":"2025-03-25T09:58:51+00:00","mainEntityOfPage":{"@id":"https:\/\/estadocomarte.pt\/site\/2025\/03\/25\/a-anunciacao-do-anjo-e-a-redencao-do-homem\/"},"wordCount":1045,"commentCount":0,"publisher":{"@id":"https:\/\/estadocomarte.pt\/site\/#organization"},"image":{"@id":"https:\/\/estadocomarte.pt\/site\/2025\/03\/25\/a-anunciacao-do-anjo-e-a-redencao-do-homem\/#primaryimage"},"thumbnailUrl":"https:\/\/estadocomarte.pt\/site\/wp-content\/uploads\/2025\/03\/shawshank.jpg","keywords":["anuncia\u00e7\u00e3o do anjo","shawshank"],"articleSection":["Cultura","Isto Para N\u00f3s"],"inLanguage":"pt-PT","potentialAction":[{"@type":"CommentAction","name":"Comment","target":["https:\/\/estadocomarte.pt\/site\/2025\/03\/25\/a-anunciacao-do-anjo-e-a-redencao-do-homem\/#respond"]}]},{"@type":"WebPage","@id":"https:\/\/estadocomarte.pt\/site\/2025\/03\/25\/a-anunciacao-do-anjo-e-a-redencao-do-homem\/","url":"https:\/\/estadocomarte.pt\/site\/2025\/03\/25\/a-anunciacao-do-anjo-e-a-redencao-do-homem\/","name":"A Anuncia\u00e7\u00e3o do Anjo e a Reden\u00e7\u00e3o do Homem - Estado com Arte","isPartOf":{"@id":"https:\/\/estadocomarte.pt\/site\/#website"},"primaryImageOfPage":{"@id":"https:\/\/estadocomarte.pt\/site\/2025\/03\/25\/a-anunciacao-do-anjo-e-a-redencao-do-homem\/#primaryimage"},"image":{"@id":"https:\/\/estadocomarte.pt\/site\/2025\/03\/25\/a-anunciacao-do-anjo-e-a-redencao-do-homem\/#primaryimage"},"thumbnailUrl":"https:\/\/estadocomarte.pt\/site\/wp-content\/uploads\/2025\/03\/shawshank.jpg","datePublished":"2025-03-25T09:54:04+00:00","dateModified":"2025-03-25T09:58:51+00:00","breadcrumb":{"@id":"https:\/\/estadocomarte.pt\/site\/2025\/03\/25\/a-anunciacao-do-anjo-e-a-redencao-do-homem\/#breadcrumb"},"inLanguage":"pt-PT","potentialAction":[{"@type":"ReadAction","target":["https:\/\/estadocomarte.pt\/site\/2025\/03\/25\/a-anunciacao-do-anjo-e-a-redencao-do-homem\/"]}]},{"@type":"ImageObject","inLanguage":"pt-PT","@id":"https:\/\/estadocomarte.pt\/site\/2025\/03\/25\/a-anunciacao-do-anjo-e-a-redencao-do-homem\/#primaryimage","url":"https:\/\/estadocomarte.pt\/site\/wp-content\/uploads\/2025\/03\/shawshank.jpg","contentUrl":"https:\/\/estadocomarte.pt\/site\/wp-content\/uploads\/2025\/03\/shawshank.jpg","width":721,"height":1024},{"@type":"BreadcrumbList","@id":"https:\/\/estadocomarte.pt\/site\/2025\/03\/25\/a-anunciacao-do-anjo-e-a-redencao-do-homem\/#breadcrumb","itemListElement":[{"@type":"ListItem","position":1,"name":"In\u00edcio","item":"https:\/\/estadocomarte.pt\/site\/"},{"@type":"ListItem","position":2,"name":"A Anuncia\u00e7\u00e3o do Anjo e a Reden\u00e7\u00e3o do Homem"}]},{"@type":"WebSite","@id":"https:\/\/estadocomarte.pt\/site\/#website","url":"https:\/\/estadocomarte.pt\/site\/","name":"Estado com Arte Magazine","description":"Magazine","publisher":{"@id":"https:\/\/estadocomarte.pt\/site\/#organization"},"alternateName":"Magazine semanal sobre pol\u00edtica e cultura, com autores, opini\u00e3o e cr\u00edticas.","potentialAction":[{"@type":"SearchAction","target":{"@type":"EntryPoint","urlTemplate":"https:\/\/estadocomarte.pt\/site\/?s={search_term_string}"},"query-input":{"@type":"PropertyValueSpecification","valueRequired":true,"valueName":"search_term_string"}}],"inLanguage":"pt-PT"},{"@type":"Organization","@id":"https:\/\/estadocomarte.pt\/site\/#organization","name":"Estado com Arte Magazine","alternateName":"Magazine semanal sobre pol\u00edtica e cultura, com autores, opini\u00e3o e cr\u00edticas.","url":"https:\/\/estadocomarte.pt\/site\/","logo":{"@type":"ImageObject","inLanguage":"pt-PT","@id":"https:\/\/estadocomarte.pt\/site\/#\/schema\/logo\/image\/","url":"https:\/\/estadocomarte.pt\/site\/wp-content\/uploads\/2023\/06\/cropped-cropped-Prancheta-2@2x-100.jpg","contentUrl":"https:\/\/estadocomarte.pt\/site\/wp-content\/uploads\/2023\/06\/cropped-cropped-Prancheta-2@2x-100.jpg","width":1777,"height":592,"caption":"Estado com Arte Magazine"},"image":{"@id":"https:\/\/estadocomarte.pt\/site\/#\/schema\/logo\/image\/"},"sameAs":["https:\/\/www.instagram.com\/estadocomartemagazine"]},{"@type":"Person","@id":"https:\/\/estadocomarte.pt\/site\/#\/schema\/person\/c0943a071216c1e5b21f85304151e4ba","name":"admin","image":{"@type":"ImageObject","inLanguage":"pt-PT","@id":"https:\/\/estadocomarte.pt\/site\/#\/schema\/person\/image\/","url":"https:\/\/secure.gravatar.com\/avatar\/e6f378fd6914c8505d3e1d40f51fa953b21bab0f3a5658a33bc84cb5bda780f9?s=96&d=mm&r=g","contentUrl":"https:\/\/secure.gravatar.com\/avatar\/e6f378fd6914c8505d3e1d40f51fa953b21bab0f3a5658a33bc84cb5bda780f9?s=96&d=mm&r=g","caption":"admin"},"sameAs":["https:\/\/estadocomarte.pt\/site"],"url":"https:\/\/estadocomarte.pt\/site\/author\/admin\/"}]}},"_links":{"self":[{"href":"https:\/\/estadocomarte.pt\/site\/wp-json\/wp\/v2\/posts\/9032","targetHints":{"allow":["GET"]}}],"collection":[{"href":"https:\/\/estadocomarte.pt\/site\/wp-json\/wp\/v2\/posts"}],"about":[{"href":"https:\/\/estadocomarte.pt\/site\/wp-json\/wp\/v2\/types\/post"}],"author":[{"embeddable":true,"href":"https:\/\/estadocomarte.pt\/site\/wp-json\/wp\/v2\/users\/1"}],"replies":[{"embeddable":true,"href":"https:\/\/estadocomarte.pt\/site\/wp-json\/wp\/v2\/comments?post=9032"}],"version-history":[{"count":0,"href":"https:\/\/estadocomarte.pt\/site\/wp-json\/wp\/v2\/posts\/9032\/revisions"}],"wp:featuredmedia":[{"embeddable":true,"href":"https:\/\/estadocomarte.pt\/site\/wp-json\/wp\/v2\/media\/9034"}],"wp:attachment":[{"href":"https:\/\/estadocomarte.pt\/site\/wp-json\/wp\/v2\/media?parent=9032"}],"wp:term":[{"taxonomy":"category","embeddable":true,"href":"https:\/\/estadocomarte.pt\/site\/wp-json\/wp\/v2\/categories?post=9032"},{"taxonomy":"post_tag","embeddable":true,"href":"https:\/\/estadocomarte.pt\/site\/wp-json\/wp\/v2\/tags?post=9032"}],"curies":[{"name":"wp","href":"https:\/\/api.w.org\/{rel}","templated":true}]}}