{"id":9041,"date":"2025-03-26T12:33:24","date_gmt":"2025-03-26T12:33:24","guid":{"rendered":"https:\/\/estadocomarte.pt\/site\/?p=9041"},"modified":"2025-03-26T13:11:10","modified_gmt":"2025-03-26T13:11:10","slug":"mariana-calaca-baptista-saia-de-casa-uma-peca-de-roupa-de-toda-a-vida-e-sustentavel-c-podcast","status":"publish","type":"post","link":"https:\/\/estadocomarte.pt\/site\/2025\/03\/26\/mariana-calaca-baptista-saia-de-casa-uma-peca-de-roupa-de-toda-a-vida-e-sustentavel-c-podcast\/","title":{"rendered":"Mariana Cala\u00e7a Baptista. &#8220;Saia de Casa&#8221;, uma pe\u00e7a de roupa de &#8220;toda a vida&#8221; e &#8220;sustent\u00e1vel&#8221;. C\/ Podcast"},"content":{"rendered":"<p><strong>O projecto de moda &#8220;Saia de Casa&#8221; apresentou, este s\u00e1bado, a cole\u00e7\u00e3o no SILOS\u00a0 Contentor Criativo nas Caldas da Rainha. Mariana Cala\u00e7a Baptista, fundadora do projecto, explica que este conceito de roupa consiste na produ\u00e7\u00e3o de uma saia de l\u00e3 ajust\u00e1vel ao per\u00edmetro abdominal da mulher ao longo da sua vida, material 100% l\u00e3, uma pe\u00e7a de roupa que serve durante toda a vida, e sem tamanho \u00fanico.&#8221;<\/strong><\/p>\n<p><strong>Um neg\u00f3cio de empreendedorismo feminino pensado para ser desenvolvido em &#8220;territ\u00f3rios de baixa densidade.&#8221;<\/strong><\/p>\n<p>&#8220;\u00c9 um projecto de esperan\u00e7a, de regenera\u00e7\u00e3o e sustentabilidade. Pretende dar uma nova roupagem \u00e0 vida das pessoas, com o uso de pe\u00e7as de moda consciente,&#8221; diz Mariana Cala\u00e7a Baptista, Arquiteta, ao Estado com Arte Magazine,\u00a0 \u00e0 margem da passagem de modelos Saia de Casa, este s\u00e1bado.<\/p>\n<figure id=\"attachment_9043\" aria-describedby=\"caption-attachment-9043\" style=\"width: 205px\" class=\"wp-caption alignleft\"><img fetchpriority=\"high\" decoding=\"async\" class=\"wp-image-9043 \" src=\"https:\/\/estadocomarte.pt\/site\/wp-content\/uploads\/2025\/03\/marianasaia-135x300.jpg\" alt=\"\" width=\"205\" height=\"456\" srcset=\"https:\/\/estadocomarte.pt\/site\/wp-content\/uploads\/2025\/03\/marianasaia-135x300.jpg 135w, https:\/\/estadocomarte.pt\/site\/wp-content\/uploads\/2025\/03\/marianasaia-461x1024.jpg 461w, https:\/\/estadocomarte.pt\/site\/wp-content\/uploads\/2025\/03\/marianasaia-768x1707.jpg 768w, https:\/\/estadocomarte.pt\/site\/wp-content\/uploads\/2025\/03\/marianasaia-691x1536.jpg 691w, https:\/\/estadocomarte.pt\/site\/wp-content\/uploads\/2025\/03\/marianasaia.jpg 900w\" sizes=\"(max-width: 205px) 100vw, 205px\" \/><figcaption id=\"caption-attachment-9043\" class=\"wp-caption-text\">Mariana Cala\u00e7a Baptista exibe a saia de casa na passagem de modelos com apresenta\u00e7\u00e3o da cole\u00e7\u00e3o da saia 100% l\u00e3, ajust\u00e1vel ao abd\u00f3men da mulher, material de grande resist\u00eancia com dura\u00e7\u00e3o de toda a vida<\/figcaption><\/figure>\n<p>&#8220;A &#8220;Saia de Casa&#8221; consiste em saia de l\u00e3 que se ajusta ao per\u00edmetro abdominal da mulher ao longo da sua vida, material nobre 100% l\u00e3, de resist\u00eancia\u00a0 e de desgaste muito grande, as saias mantem-se se bonitas durante muito anos, e que nos servem durante toda a vida, n\u00e3o tem um tamanho \u00fanico, s\u00e3o adapt\u00e1veis ao nosso corpo ao longo da nossa vida,&#8221; justifica a Arquitecta.<\/p>\n<p>Para a passagem de modelos convidou a designer de moda Daniela Pais e\u00a0 a joalheira Aureos para se juntarem na apresenta\u00e7\u00e3o de uma &#8220;cole\u00e7\u00e3o modesta, mas que pretende dar a conhecer uma nova forma de moda sustent\u00e1vel&#8221;.<\/p>\n<p>&#8220;O p\u00fablico estrangeiro tem uma capacidade de envolvimento muito grande din\u00e2micas de mulheres e empreendedorismo feminino. Aceitam bem novas formas de vida, de pe\u00e7as de moda e novas formas de consumo,&#8221; esclarece a empreendedora do projeto de moda.<\/p>\n<p>&nbsp;<\/p>\n<figure id=\"attachment_9051\" aria-describedby=\"caption-attachment-9051\" style=\"width: 367px\" class=\"wp-caption alignright\"><img decoding=\"async\" class=\"wp-image-9051\" src=\"https:\/\/estadocomarte.pt\/site\/wp-content\/uploads\/2025\/03\/parceiros-300x135.jpg\" alt=\"\" width=\"367\" height=\"165\" srcset=\"https:\/\/estadocomarte.pt\/site\/wp-content\/uploads\/2025\/03\/parceiros-300x135.jpg 300w, https:\/\/estadocomarte.pt\/site\/wp-content\/uploads\/2025\/03\/parceiros-1024x461.jpg 1024w, https:\/\/estadocomarte.pt\/site\/wp-content\/uploads\/2025\/03\/parceiros-768x346.jpg 768w, https:\/\/estadocomarte.pt\/site\/wp-content\/uploads\/2025\/03\/parceiros-1536x691.jpg 1536w, https:\/\/estadocomarte.pt\/site\/wp-content\/uploads\/2025\/03\/parceiros.jpg 2000w\" sizes=\"(max-width: 367px) 100vw, 367px\" \/><figcaption id=\"caption-attachment-9051\" class=\"wp-caption-text\">Para a passagem de modelos da &#8220;Saia de Casa&#8221; Mariana Cala\u00e7a Baptista convidou a designer de moda Daniela Pais e\u00a0 a joalheira Aureos<\/figcaption><\/figure>\n<p>As pe\u00e7as de moda da Saia de Casa s\u00e3o produzidas nas Caldas da Rainha, e se &#8220;tudo correr bem em Castanheira de P\u00eara. Mariana Cala\u00e7a Baptista diz que ao Estado co Arte Magazine que a Saia de Casa pretende &#8220;dar a conhecer a oportunidade projetos de empreendedorismo feminino em territ\u00f3rios de baixa densidade populacional.&#8221;<\/p>\n<p><iframe title=\"Mariana Cala\u00e7a Baptista: &quot;Saia de Casa&quot;, uma pe\u00e7a de roupa de &quot;toda a vida&quot; e &quot;sustent\u00e1vel&quot;. by Estado com Arte\" width=\"500\" height=\"400\" scrolling=\"no\" frameborder=\"no\" src=\"https:\/\/w.soundcloud.com\/player\/?visual=true&#038;url=https%3A%2F%2Fapi.soundcloud.com%2Ftracks%2F2063603288&#038;show_artwork=true&#038;maxheight=750&#038;maxwidth=500\"><\/iframe><\/p>\n<p>&nbsp;<\/p>\n<figure id=\"attachment_9044\" aria-describedby=\"caption-attachment-9044\" style=\"width: 412px\" class=\"wp-caption alignleft\"><img decoding=\"async\" class=\"wp-image-9044\" src=\"https:\/\/estadocomarte.pt\/site\/wp-content\/uploads\/2025\/03\/saia-de-casa-box-300x135.jpg\" alt=\"\" width=\"412\" height=\"185\" srcset=\"https:\/\/estadocomarte.pt\/site\/wp-content\/uploads\/2025\/03\/saia-de-casa-box-300x135.jpg 300w, https:\/\/estadocomarte.pt\/site\/wp-content\/uploads\/2025\/03\/saia-de-casa-box-1024x461.jpg 1024w, https:\/\/estadocomarte.pt\/site\/wp-content\/uploads\/2025\/03\/saia-de-casa-box-768x346.jpg 768w, https:\/\/estadocomarte.pt\/site\/wp-content\/uploads\/2025\/03\/saia-de-casa-box-1536x691.jpg 1536w, https:\/\/estadocomarte.pt\/site\/wp-content\/uploads\/2025\/03\/saia-de-casa-box.jpg 2000w\" sizes=\"(max-width: 412px) 100vw, 412px\" \/><figcaption id=\"caption-attachment-9044\" class=\"wp-caption-text\">V\u00e1rias modelos estrangeiros participaram na passagem de modelos da Saia de Casa este s\u00e1bado na BOX, sala do Silos Criativo<\/figcaption><\/figure>\n<p>Em Vouzela a &#8220;Saia de Casa&#8221; fez a produ\u00e7\u00e3o de malas e sacos, e em Castanheira de P\u00eara querem trabalhar saias e outras pe\u00e7as, bem como pretendem produzir pe\u00e7as noutros territ\u00f3rios, adianta Mariana Cala\u00e7a Baptista.<\/p>\n<p>A passagem de modelos apresentou a cole\u00e7\u00e3o Saia de Casa na sala Box do SILOS Contentor Criativo, parceiro criativo estrat\u00e9gico do projecto de moda, no Hub Criativo Ceres Caldas da Rainha.<\/p>\n","protected":false},"excerpt":{"rendered":"<p>Marta Roque<\/p>\n","protected":false},"author":1,"featured_media":9042,"comment_status":"open","ping_status":"open","sticky":false,"template":"","format":"standard","meta":{"site-sidebar-layout":"default","site-content-layout":"default","ast-global-header-display":"","ast-banner-title-visibility":"","ast-main-header-display":"","ast-hfb-above-header-display":"","ast-hfb-below-header-display":"","ast-hfb-mobile-header-display":"","site-post-title":"","ast-breadcrumbs-content":"","ast-featured-img":"","footer-sml-layout":"","theme-transparent-header-meta":"default","adv-header-id-meta":"","stick-header-meta":"","header-above-stick-meta":"","header-main-stick-meta":"","header-below-stick-meta":"","footnotes":""},"categories":[5,64],"tags":[659,801,802,803],"class_list":["post-9041","post","type-post","status-publish","format-standard","has-post-thumbnail","hentry","category-economia","category-isto-para-nos","tag-ceres-caldas-da-rainha","tag-mariana-calaca-baptista","tag-saia-de-casa","tag-silos"],"yoast_head":"<!-- This site is optimized with the Yoast SEO plugin v25.1 - https:\/\/yoast.com\/wordpress\/plugins\/seo\/ -->\n<title>Mariana Cala\u00e7a Baptista. &quot;Saia de Casa&quot;, uma pe\u00e7a de roupa de &quot;toda a vida&quot; e &quot;sustent\u00e1vel&quot;. C\/ Podcast - Estado com Arte<\/title>\n<meta name=\"robots\" content=\"index, follow, max-snippet:-1, max-image-preview:large, max-video-preview:-1\" \/>\n<link rel=\"canonical\" href=\"https:\/\/estadocomarte.pt\/site\/2025\/03\/26\/mariana-calaca-baptista-saia-de-casa-uma-peca-de-roupa-de-toda-a-vida-e-sustentavel-c-podcast\/\" \/>\n<meta property=\"og:locale\" content=\"pt_PT\" \/>\n<meta property=\"og:type\" content=\"article\" \/>\n<meta property=\"og:title\" content=\"Mariana Cala\u00e7a Baptista. &quot;Saia de Casa&quot;, uma pe\u00e7a de roupa de &quot;toda a vida&quot; e &quot;sustent\u00e1vel&quot;. C\/ Podcast - Estado com Arte\" \/>\n<meta property=\"og:description\" content=\"Marta Roque\" \/>\n<meta property=\"og:url\" content=\"https:\/\/estadocomarte.pt\/site\/2025\/03\/26\/mariana-calaca-baptista-saia-de-casa-uma-peca-de-roupa-de-toda-a-vida-e-sustentavel-c-podcast\/\" \/>\n<meta property=\"og:site_name\" content=\"Estado com Arte\" \/>\n<meta property=\"article:published_time\" content=\"2025-03-26T12:33:24+00:00\" \/>\n<meta property=\"article:modified_time\" content=\"2025-03-26T13:11:10+00:00\" \/>\n<meta property=\"og:image\" content=\"https:\/\/estadocomarte.pt\/site\/wp-content\/uploads\/2025\/03\/saia-de-casa.jpg\" \/>\n\t<meta property=\"og:image:width\" content=\"2000\" \/>\n\t<meta property=\"og:image:height\" content=\"900\" \/>\n\t<meta property=\"og:image:type\" content=\"image\/jpeg\" \/>\n<meta name=\"author\" content=\"admin\" \/>\n<meta name=\"twitter:card\" content=\"summary_large_image\" \/>\n<meta name=\"twitter:label1\" content=\"Escrito por\" \/>\n\t<meta name=\"twitter:data1\" content=\"admin\" \/>\n\t<meta name=\"twitter:label2\" content=\"Tempo estimado de leitura\" \/>\n\t<meta name=\"twitter:data2\" content=\"4 minutos\" \/>\n<script type=\"application\/ld+json\" class=\"yoast-schema-graph\">{\"@context\":\"https:\/\/schema.org\",\"@graph\":[{\"@type\":\"Article\",\"@id\":\"https:\/\/estadocomarte.pt\/site\/2025\/03\/26\/mariana-calaca-baptista-saia-de-casa-uma-peca-de-roupa-de-toda-a-vida-e-sustentavel-c-podcast\/#article\",\"isPartOf\":{\"@id\":\"https:\/\/estadocomarte.pt\/site\/2025\/03\/26\/mariana-calaca-baptista-saia-de-casa-uma-peca-de-roupa-de-toda-a-vida-e-sustentavel-c-podcast\/\"},\"author\":{\"name\":\"admin\",\"@id\":\"https:\/\/estadocomarte.pt\/site\/#\/schema\/person\/c0943a071216c1e5b21f85304151e4ba\"},\"headline\":\"Mariana Cala\u00e7a Baptista. &#8220;Saia de Casa&#8221;, uma pe\u00e7a de roupa de &#8220;toda a vida&#8221; e &#8220;sustent\u00e1vel&#8221;. C\/ Podcast\",\"datePublished\":\"2025-03-26T12:33:24+00:00\",\"dateModified\":\"2025-03-26T13:11:10+00:00\",\"mainEntityOfPage\":{\"@id\":\"https:\/\/estadocomarte.pt\/site\/2025\/03\/26\/mariana-calaca-baptista-saia-de-casa-uma-peca-de-roupa-de-toda-a-vida-e-sustentavel-c-podcast\/\"},\"wordCount\":582,\"commentCount\":0,\"publisher\":{\"@id\":\"https:\/\/estadocomarte.pt\/site\/#organization\"},\"image\":{\"@id\":\"https:\/\/estadocomarte.pt\/site\/2025\/03\/26\/mariana-calaca-baptista-saia-de-casa-uma-peca-de-roupa-de-toda-a-vida-e-sustentavel-c-podcast\/#primaryimage\"},\"thumbnailUrl\":\"https:\/\/estadocomarte.pt\/site\/wp-content\/uploads\/2025\/03\/saia-de-casa.jpg\",\"keywords\":[\"Ceres caldas da rainha\",\"Mariana Cala\u00e7a Baptista\",\"saia de casa\",\"silos\"],\"articleSection\":[\"Economia\",\"Isto Para N\u00f3s\"],\"inLanguage\":\"pt-PT\",\"potentialAction\":[{\"@type\":\"CommentAction\",\"name\":\"Comment\",\"target\":[\"https:\/\/estadocomarte.pt\/site\/2025\/03\/26\/mariana-calaca-baptista-saia-de-casa-uma-peca-de-roupa-de-toda-a-vida-e-sustentavel-c-podcast\/#respond\"]}]},{\"@type\":\"WebPage\",\"@id\":\"https:\/\/estadocomarte.pt\/site\/2025\/03\/26\/mariana-calaca-baptista-saia-de-casa-uma-peca-de-roupa-de-toda-a-vida-e-sustentavel-c-podcast\/\",\"url\":\"https:\/\/estadocomarte.pt\/site\/2025\/03\/26\/mariana-calaca-baptista-saia-de-casa-uma-peca-de-roupa-de-toda-a-vida-e-sustentavel-c-podcast\/\",\"name\":\"Mariana Cala\u00e7a Baptista. \\\"Saia de Casa\\\", uma pe\u00e7a de roupa de \\\"toda a vida\\\" e \\\"sustent\u00e1vel\\\". C\/ Podcast - Estado com Arte\",\"isPartOf\":{\"@id\":\"https:\/\/estadocomarte.pt\/site\/#website\"},\"primaryImageOfPage\":{\"@id\":\"https:\/\/estadocomarte.pt\/site\/2025\/03\/26\/mariana-calaca-baptista-saia-de-casa-uma-peca-de-roupa-de-toda-a-vida-e-sustentavel-c-podcast\/#primaryimage\"},\"image\":{\"@id\":\"https:\/\/estadocomarte.pt\/site\/2025\/03\/26\/mariana-calaca-baptista-saia-de-casa-uma-peca-de-roupa-de-toda-a-vida-e-sustentavel-c-podcast\/#primaryimage\"},\"thumbnailUrl\":\"https:\/\/estadocomarte.pt\/site\/wp-content\/uploads\/2025\/03\/saia-de-casa.jpg\",\"datePublished\":\"2025-03-26T12:33:24+00:00\",\"dateModified\":\"2025-03-26T13:11:10+00:00\",\"breadcrumb\":{\"@id\":\"https:\/\/estadocomarte.pt\/site\/2025\/03\/26\/mariana-calaca-baptista-saia-de-casa-uma-peca-de-roupa-de-toda-a-vida-e-sustentavel-c-podcast\/#breadcrumb\"},\"inLanguage\":\"pt-PT\",\"potentialAction\":[{\"@type\":\"ReadAction\",\"target\":[\"https:\/\/estadocomarte.pt\/site\/2025\/03\/26\/mariana-calaca-baptista-saia-de-casa-uma-peca-de-roupa-de-toda-a-vida-e-sustentavel-c-podcast\/\"]}]},{\"@type\":\"ImageObject\",\"inLanguage\":\"pt-PT\",\"@id\":\"https:\/\/estadocomarte.pt\/site\/2025\/03\/26\/mariana-calaca-baptista-saia-de-casa-uma-peca-de-roupa-de-toda-a-vida-e-sustentavel-c-podcast\/#primaryimage\",\"url\":\"https:\/\/estadocomarte.pt\/site\/wp-content\/uploads\/2025\/03\/saia-de-casa.jpg\",\"contentUrl\":\"https:\/\/estadocomarte.pt\/site\/wp-content\/uploads\/2025\/03\/saia-de-casa.jpg\",\"width\":2000,\"height\":900},{\"@type\":\"BreadcrumbList\",\"@id\":\"https:\/\/estadocomarte.pt\/site\/2025\/03\/26\/mariana-calaca-baptista-saia-de-casa-uma-peca-de-roupa-de-toda-a-vida-e-sustentavel-c-podcast\/#breadcrumb\",\"itemListElement\":[{\"@type\":\"ListItem\",\"position\":1,\"name\":\"In\u00edcio\",\"item\":\"https:\/\/estadocomarte.pt\/site\/\"},{\"@type\":\"ListItem\",\"position\":2,\"name\":\"Mariana Cala\u00e7a Baptista. &#8220;Saia de Casa&#8221;, uma pe\u00e7a de roupa de &#8220;toda a vida&#8221; e &#8220;sustent\u00e1vel&#8221;. C\/ Podcast\"}]},{\"@type\":\"WebSite\",\"@id\":\"https:\/\/estadocomarte.pt\/site\/#website\",\"url\":\"https:\/\/estadocomarte.pt\/site\/\",\"name\":\"Estado com Arte Magazine\",\"description\":\"Magazine\",\"publisher\":{\"@id\":\"https:\/\/estadocomarte.pt\/site\/#organization\"},\"alternateName\":\"Magazine semanal sobre pol\u00edtica e cultura, com autores, opini\u00e3o e cr\u00edticas.\",\"potentialAction\":[{\"@type\":\"SearchAction\",\"target\":{\"@type\":\"EntryPoint\",\"urlTemplate\":\"https:\/\/estadocomarte.pt\/site\/?s={search_term_string}\"},\"query-input\":{\"@type\":\"PropertyValueSpecification\",\"valueRequired\":true,\"valueName\":\"search_term_string\"}}],\"inLanguage\":\"pt-PT\"},{\"@type\":\"Organization\",\"@id\":\"https:\/\/estadocomarte.pt\/site\/#organization\",\"name\":\"Estado com Arte Magazine\",\"alternateName\":\"Magazine semanal sobre pol\u00edtica e cultura, com autores, opini\u00e3o e cr\u00edticas.\",\"url\":\"https:\/\/estadocomarte.pt\/site\/\",\"logo\":{\"@type\":\"ImageObject\",\"inLanguage\":\"pt-PT\",\"@id\":\"https:\/\/estadocomarte.pt\/site\/#\/schema\/logo\/image\/\",\"url\":\"https:\/\/estadocomarte.pt\/site\/wp-content\/uploads\/2023\/06\/cropped-cropped-Prancheta-2@2x-100.jpg\",\"contentUrl\":\"https:\/\/estadocomarte.pt\/site\/wp-content\/uploads\/2023\/06\/cropped-cropped-Prancheta-2@2x-100.jpg\",\"width\":1777,\"height\":592,\"caption\":\"Estado com Arte Magazine\"},\"image\":{\"@id\":\"https:\/\/estadocomarte.pt\/site\/#\/schema\/logo\/image\/\"},\"sameAs\":[\"https:\/\/www.instagram.com\/estadocomartemagazine\"]},{\"@type\":\"Person\",\"@id\":\"https:\/\/estadocomarte.pt\/site\/#\/schema\/person\/c0943a071216c1e5b21f85304151e4ba\",\"name\":\"admin\",\"image\":{\"@type\":\"ImageObject\",\"inLanguage\":\"pt-PT\",\"@id\":\"https:\/\/estadocomarte.pt\/site\/#\/schema\/person\/image\/\",\"url\":\"https:\/\/secure.gravatar.com\/avatar\/e6f378fd6914c8505d3e1d40f51fa953b21bab0f3a5658a33bc84cb5bda780f9?s=96&d=mm&r=g\",\"contentUrl\":\"https:\/\/secure.gravatar.com\/avatar\/e6f378fd6914c8505d3e1d40f51fa953b21bab0f3a5658a33bc84cb5bda780f9?s=96&d=mm&r=g\",\"caption\":\"admin\"},\"sameAs\":[\"https:\/\/estadocomarte.pt\/site\"],\"url\":\"https:\/\/estadocomarte.pt\/site\/author\/admin\/\"}]}<\/script>\n<!-- \/ Yoast SEO plugin. -->","yoast_head_json":{"title":"Mariana Cala\u00e7a Baptista. \"Saia de Casa\", uma pe\u00e7a de roupa de \"toda a vida\" e \"sustent\u00e1vel\". C\/ Podcast - Estado com Arte","robots":{"index":"index","follow":"follow","max-snippet":"max-snippet:-1","max-image-preview":"max-image-preview:large","max-video-preview":"max-video-preview:-1"},"canonical":"https:\/\/estadocomarte.pt\/site\/2025\/03\/26\/mariana-calaca-baptista-saia-de-casa-uma-peca-de-roupa-de-toda-a-vida-e-sustentavel-c-podcast\/","og_locale":"pt_PT","og_type":"article","og_title":"Mariana Cala\u00e7a Baptista. \"Saia de Casa\", uma pe\u00e7a de roupa de \"toda a vida\" e \"sustent\u00e1vel\". C\/ Podcast - Estado com Arte","og_description":"Marta Roque","og_url":"https:\/\/estadocomarte.pt\/site\/2025\/03\/26\/mariana-calaca-baptista-saia-de-casa-uma-peca-de-roupa-de-toda-a-vida-e-sustentavel-c-podcast\/","og_site_name":"Estado com Arte","article_published_time":"2025-03-26T12:33:24+00:00","article_modified_time":"2025-03-26T13:11:10+00:00","og_image":[{"width":2000,"height":900,"url":"https:\/\/estadocomarte.pt\/site\/wp-content\/uploads\/2025\/03\/saia-de-casa.jpg","type":"image\/jpeg"}],"author":"admin","twitter_card":"summary_large_image","twitter_misc":{"Escrito por":"admin","Tempo estimado de leitura":"4 minutos"},"schema":{"@context":"https:\/\/schema.org","@graph":[{"@type":"Article","@id":"https:\/\/estadocomarte.pt\/site\/2025\/03\/26\/mariana-calaca-baptista-saia-de-casa-uma-peca-de-roupa-de-toda-a-vida-e-sustentavel-c-podcast\/#article","isPartOf":{"@id":"https:\/\/estadocomarte.pt\/site\/2025\/03\/26\/mariana-calaca-baptista-saia-de-casa-uma-peca-de-roupa-de-toda-a-vida-e-sustentavel-c-podcast\/"},"author":{"name":"admin","@id":"https:\/\/estadocomarte.pt\/site\/#\/schema\/person\/c0943a071216c1e5b21f85304151e4ba"},"headline":"Mariana Cala\u00e7a Baptista. &#8220;Saia de Casa&#8221;, uma pe\u00e7a de roupa de &#8220;toda a vida&#8221; e &#8220;sustent\u00e1vel&#8221;. C\/ Podcast","datePublished":"2025-03-26T12:33:24+00:00","dateModified":"2025-03-26T13:11:10+00:00","mainEntityOfPage":{"@id":"https:\/\/estadocomarte.pt\/site\/2025\/03\/26\/mariana-calaca-baptista-saia-de-casa-uma-peca-de-roupa-de-toda-a-vida-e-sustentavel-c-podcast\/"},"wordCount":582,"commentCount":0,"publisher":{"@id":"https:\/\/estadocomarte.pt\/site\/#organization"},"image":{"@id":"https:\/\/estadocomarte.pt\/site\/2025\/03\/26\/mariana-calaca-baptista-saia-de-casa-uma-peca-de-roupa-de-toda-a-vida-e-sustentavel-c-podcast\/#primaryimage"},"thumbnailUrl":"https:\/\/estadocomarte.pt\/site\/wp-content\/uploads\/2025\/03\/saia-de-casa.jpg","keywords":["Ceres caldas da rainha","Mariana Cala\u00e7a Baptista","saia de casa","silos"],"articleSection":["Economia","Isto Para N\u00f3s"],"inLanguage":"pt-PT","potentialAction":[{"@type":"CommentAction","name":"Comment","target":["https:\/\/estadocomarte.pt\/site\/2025\/03\/26\/mariana-calaca-baptista-saia-de-casa-uma-peca-de-roupa-de-toda-a-vida-e-sustentavel-c-podcast\/#respond"]}]},{"@type":"WebPage","@id":"https:\/\/estadocomarte.pt\/site\/2025\/03\/26\/mariana-calaca-baptista-saia-de-casa-uma-peca-de-roupa-de-toda-a-vida-e-sustentavel-c-podcast\/","url":"https:\/\/estadocomarte.pt\/site\/2025\/03\/26\/mariana-calaca-baptista-saia-de-casa-uma-peca-de-roupa-de-toda-a-vida-e-sustentavel-c-podcast\/","name":"Mariana Cala\u00e7a Baptista. \"Saia de Casa\", uma pe\u00e7a de roupa de \"toda a vida\" e \"sustent\u00e1vel\". C\/ Podcast - Estado com Arte","isPartOf":{"@id":"https:\/\/estadocomarte.pt\/site\/#website"},"primaryImageOfPage":{"@id":"https:\/\/estadocomarte.pt\/site\/2025\/03\/26\/mariana-calaca-baptista-saia-de-casa-uma-peca-de-roupa-de-toda-a-vida-e-sustentavel-c-podcast\/#primaryimage"},"image":{"@id":"https:\/\/estadocomarte.pt\/site\/2025\/03\/26\/mariana-calaca-baptista-saia-de-casa-uma-peca-de-roupa-de-toda-a-vida-e-sustentavel-c-podcast\/#primaryimage"},"thumbnailUrl":"https:\/\/estadocomarte.pt\/site\/wp-content\/uploads\/2025\/03\/saia-de-casa.jpg","datePublished":"2025-03-26T12:33:24+00:00","dateModified":"2025-03-26T13:11:10+00:00","breadcrumb":{"@id":"https:\/\/estadocomarte.pt\/site\/2025\/03\/26\/mariana-calaca-baptista-saia-de-casa-uma-peca-de-roupa-de-toda-a-vida-e-sustentavel-c-podcast\/#breadcrumb"},"inLanguage":"pt-PT","potentialAction":[{"@type":"ReadAction","target":["https:\/\/estadocomarte.pt\/site\/2025\/03\/26\/mariana-calaca-baptista-saia-de-casa-uma-peca-de-roupa-de-toda-a-vida-e-sustentavel-c-podcast\/"]}]},{"@type":"ImageObject","inLanguage":"pt-PT","@id":"https:\/\/estadocomarte.pt\/site\/2025\/03\/26\/mariana-calaca-baptista-saia-de-casa-uma-peca-de-roupa-de-toda-a-vida-e-sustentavel-c-podcast\/#primaryimage","url":"https:\/\/estadocomarte.pt\/site\/wp-content\/uploads\/2025\/03\/saia-de-casa.jpg","contentUrl":"https:\/\/estadocomarte.pt\/site\/wp-content\/uploads\/2025\/03\/saia-de-casa.jpg","width":2000,"height":900},{"@type":"BreadcrumbList","@id":"https:\/\/estadocomarte.pt\/site\/2025\/03\/26\/mariana-calaca-baptista-saia-de-casa-uma-peca-de-roupa-de-toda-a-vida-e-sustentavel-c-podcast\/#breadcrumb","itemListElement":[{"@type":"ListItem","position":1,"name":"In\u00edcio","item":"https:\/\/estadocomarte.pt\/site\/"},{"@type":"ListItem","position":2,"name":"Mariana Cala\u00e7a Baptista. &#8220;Saia de Casa&#8221;, uma pe\u00e7a de roupa de &#8220;toda a vida&#8221; e &#8220;sustent\u00e1vel&#8221;. C\/ Podcast"}]},{"@type":"WebSite","@id":"https:\/\/estadocomarte.pt\/site\/#website","url":"https:\/\/estadocomarte.pt\/site\/","name":"Estado com Arte Magazine","description":"Magazine","publisher":{"@id":"https:\/\/estadocomarte.pt\/site\/#organization"},"alternateName":"Magazine semanal sobre pol\u00edtica e cultura, com autores, opini\u00e3o e cr\u00edticas.","potentialAction":[{"@type":"SearchAction","target":{"@type":"EntryPoint","urlTemplate":"https:\/\/estadocomarte.pt\/site\/?s={search_term_string}"},"query-input":{"@type":"PropertyValueSpecification","valueRequired":true,"valueName":"search_term_string"}}],"inLanguage":"pt-PT"},{"@type":"Organization","@id":"https:\/\/estadocomarte.pt\/site\/#organization","name":"Estado com Arte Magazine","alternateName":"Magazine semanal sobre pol\u00edtica e cultura, com autores, opini\u00e3o e cr\u00edticas.","url":"https:\/\/estadocomarte.pt\/site\/","logo":{"@type":"ImageObject","inLanguage":"pt-PT","@id":"https:\/\/estadocomarte.pt\/site\/#\/schema\/logo\/image\/","url":"https:\/\/estadocomarte.pt\/site\/wp-content\/uploads\/2023\/06\/cropped-cropped-Prancheta-2@2x-100.jpg","contentUrl":"https:\/\/estadocomarte.pt\/site\/wp-content\/uploads\/2023\/06\/cropped-cropped-Prancheta-2@2x-100.jpg","width":1777,"height":592,"caption":"Estado com Arte Magazine"},"image":{"@id":"https:\/\/estadocomarte.pt\/site\/#\/schema\/logo\/image\/"},"sameAs":["https:\/\/www.instagram.com\/estadocomartemagazine"]},{"@type":"Person","@id":"https:\/\/estadocomarte.pt\/site\/#\/schema\/person\/c0943a071216c1e5b21f85304151e4ba","name":"admin","image":{"@type":"ImageObject","inLanguage":"pt-PT","@id":"https:\/\/estadocomarte.pt\/site\/#\/schema\/person\/image\/","url":"https:\/\/secure.gravatar.com\/avatar\/e6f378fd6914c8505d3e1d40f51fa953b21bab0f3a5658a33bc84cb5bda780f9?s=96&d=mm&r=g","contentUrl":"https:\/\/secure.gravatar.com\/avatar\/e6f378fd6914c8505d3e1d40f51fa953b21bab0f3a5658a33bc84cb5bda780f9?s=96&d=mm&r=g","caption":"admin"},"sameAs":["https:\/\/estadocomarte.pt\/site"],"url":"https:\/\/estadocomarte.pt\/site\/author\/admin\/"}]}},"_links":{"self":[{"href":"https:\/\/estadocomarte.pt\/site\/wp-json\/wp\/v2\/posts\/9041","targetHints":{"allow":["GET"]}}],"collection":[{"href":"https:\/\/estadocomarte.pt\/site\/wp-json\/wp\/v2\/posts"}],"about":[{"href":"https:\/\/estadocomarte.pt\/site\/wp-json\/wp\/v2\/types\/post"}],"author":[{"embeddable":true,"href":"https:\/\/estadocomarte.pt\/site\/wp-json\/wp\/v2\/users\/1"}],"replies":[{"embeddable":true,"href":"https:\/\/estadocomarte.pt\/site\/wp-json\/wp\/v2\/comments?post=9041"}],"version-history":[{"count":0,"href":"https:\/\/estadocomarte.pt\/site\/wp-json\/wp\/v2\/posts\/9041\/revisions"}],"wp:featuredmedia":[{"embeddable":true,"href":"https:\/\/estadocomarte.pt\/site\/wp-json\/wp\/v2\/media\/9042"}],"wp:attachment":[{"href":"https:\/\/estadocomarte.pt\/site\/wp-json\/wp\/v2\/media?parent=9041"}],"wp:term":[{"taxonomy":"category","embeddable":true,"href":"https:\/\/estadocomarte.pt\/site\/wp-json\/wp\/v2\/categories?post=9041"},{"taxonomy":"post_tag","embeddable":true,"href":"https:\/\/estadocomarte.pt\/site\/wp-json\/wp\/v2\/tags?post=9041"}],"curies":[{"name":"wp","href":"https:\/\/api.w.org\/{rel}","templated":true}]}}