{"id":9258,"date":"2025-04-18T16:48:33","date_gmt":"2025-04-18T16:48:33","guid":{"rendered":"https:\/\/estadocomarte.pt\/site\/?p=9258"},"modified":"2025-04-19T20:21:16","modified_gmt":"2025-04-19T20:21:16","slug":"cronica-expo-osaka-25","status":"publish","type":"post","link":"https:\/\/estadocomarte.pt\/site\/2025\/04\/18\/cronica-expo-osaka-25\/","title":{"rendered":"Cr\u00f3nica. Expo Osaka 25"},"content":{"rendered":"<p><strong>A In\u00eas Montargil est\u00e1 no Jap\u00e3o a fazer uma viagem de comboio pelo pa\u00eds do sol nascente, de l\u00e1 enviou esta cr\u00f3nica sobre a Exposi\u00e7\u00e3o Mundial em Osaka ao Estado com Arte Magazine.<\/strong><\/p>\n<p><strong>Tudo isto me fez recordar a nossa Expo 98 em Lisboa. Olhando agora para tr\u00e1s, e ao fim de quase 30 anos digo que a nossa foi fant\u00e1stica. Quem n\u00e3o se lembra do nosso Ocean\u00e1rio?<\/strong><\/p>\n<p><strong>Da Expo de Osaka, fica tamb\u00e9m a minha admira\u00e7\u00e3o por este povo \u2014 pela limpeza, pela higiene e pelo respeito ao outro. Nem um papel no ch\u00e3o, nem uma garrafa vazia num canto, e as casas de banho pareciam ser limpas a cada cinco minutos.<\/strong><\/p>\n<p>Quando decidi fazer esta viagem ao Jap\u00e3o, n\u00e3o tinha planeado visitar a Expo de Osaka, mas mudei rapidamente de ideia e alterei as datas em Kyoto e Osaka para n\u00e3o perder este evento.<\/p>\n<p>Evento este que re\u00fane mais de 160 pa\u00edses e organiza\u00e7\u00f5es em pouco mais de 80 pavilh\u00f5es \u00fanicos. O acesso \u00e0 Expo foi muito f\u00e1cil. No metro, estava tudo muito bem organizado, e do centro de Osaka at\u00e9 a Expo foi pouco mais de meia hora.<\/p>\n<p><img decoding=\"async\" class=\" wp-image-9261 alignright\" src=\"https:\/\/estadocomarte.pt\/site\/wp-content\/uploads\/2025\/04\/osaka1-225x300.jpg\" alt=\"\" width=\"185\" height=\"247\" srcset=\"https:\/\/estadocomarte.pt\/site\/wp-content\/uploads\/2025\/04\/osaka1-225x300.jpg 225w, https:\/\/estadocomarte.pt\/site\/wp-content\/uploads\/2025\/04\/osaka1-768x1024.jpg 768w, https:\/\/estadocomarte.pt\/site\/wp-content\/uploads\/2025\/04\/osaka1-1152x1536.jpg 1152w, https:\/\/estadocomarte.pt\/site\/wp-content\/uploads\/2025\/04\/osaka1.jpg 1536w\" sizes=\"(max-width: 185px) 100vw, 185px\" \/><\/p>\n<p>Assim que cheguei, tinha bilhete comprado em Portugal sem QR code, mas uma senhora, de forma delicada, educada e sempre com um sorriso, levou-me at\u00e9 a rece\u00e7\u00e3o para me ajudar a consegui-lo, pois dava acesso a tudo.<\/p>\n<p>E l\u00e1 estava eu, dentro da Expo de Osaka. Dia de sol, muita gente, mas tudo muito bem organizado.<\/p>\n<p>Primeira coisa a fazer? Pavilh\u00e3o de Portugal.<\/p>\n<p>&nbsp;<\/p>\n<p>&nbsp;<\/p>\n<p><img fetchpriority=\"high\" decoding=\"async\" class=\"size-medium wp-image-9259 alignleft\" src=\"https:\/\/estadocomarte.pt\/site\/wp-content\/uploads\/2025\/04\/osaka3-225x300.jpg\" alt=\"\" width=\"225\" height=\"300\" srcset=\"https:\/\/estadocomarte.pt\/site\/wp-content\/uploads\/2025\/04\/osaka3-225x300.jpg 225w, https:\/\/estadocomarte.pt\/site\/wp-content\/uploads\/2025\/04\/osaka3-768x1024.jpg 768w, https:\/\/estadocomarte.pt\/site\/wp-content\/uploads\/2025\/04\/osaka3-1152x1536.jpg 1152w, https:\/\/estadocomarte.pt\/site\/wp-content\/uploads\/2025\/04\/osaka3.jpg 1536w\" sizes=\"(max-width: 225px) 100vw, 225px\" \/><span style=\"font-size: 16px;\">A primeira parte do pavilh\u00e3o apresentava a nossa corti\u00e7a, al\u00e9m de alguns elementos da nossa cultura \u2014 e, claro, n\u00e3o faltavam pequenas est\u00e1tuas do CR7. Past\u00e9is de nata \u00e0 venda na entrada do pavilh\u00e3o enchiam o ar com aquele aroma de saudade, t\u00e3o nosso, t\u00e3o t\u00edpico. Na outra parte do pavilh\u00e3o, o mar surgia como parte essencial da identidade portuguesa \u2014 o grande tema central.<\/span><\/p>\n<p>&nbsp;<\/p>\n<p>&nbsp;<\/p>\n<p>&nbsp;<\/p>\n<p><img decoding=\"async\" class=\"size-medium wp-image-9260 alignright\" src=\"https:\/\/estadocomarte.pt\/site\/wp-content\/uploads\/2025\/04\/osaka2-300x225.jpg\" alt=\"\" width=\"300\" height=\"225\" srcset=\"https:\/\/estadocomarte.pt\/site\/wp-content\/uploads\/2025\/04\/osaka2-300x225.jpg 300w, https:\/\/estadocomarte.pt\/site\/wp-content\/uploads\/2025\/04\/osaka2-1024x768.jpg 1024w, https:\/\/estadocomarte.pt\/site\/wp-content\/uploads\/2025\/04\/osaka2-768x576.jpg 768w, https:\/\/estadocomarte.pt\/site\/wp-content\/uploads\/2025\/04\/osaka2-1536x1152.jpg 1536w, https:\/\/estadocomarte.pt\/site\/wp-content\/uploads\/2025\/04\/osaka2.jpg 2048w\" sizes=\"(max-width: 300px) 100vw, 300px\" \/><\/p>\n<p>A m\u00fasica que acompanhava o v\u00eddeo foi precisa, e as imagens, cuidadosamente escolhidas. O avan\u00e7ar das ondas, a \u00e1gua cristalina e a vida marinha preencheram intensamente aqueles minutos.<\/p>\n<p>Depois de sair orgulhosa do nosso pavilh\u00e3o dirigi-me ao dos Estados Unidos. Uma verdadeira e impressionante representa\u00e7\u00e3o da inova\u00e7\u00e3o, criatividade e diversidade cultural norte-americana. A maioria das cidades foram apresentadas como lugares de forma\u00e7\u00e3o aos jovens que desejam passar por l\u00e1.<\/p>\n<p>Visitei tamb\u00e9m o pavilh\u00e3o da Su\u00ed\u00e7a \u2014 muito bem concebido, diferente e inovador, com a nossa querida Heidi como pano de fundo. Gostei do pavilh\u00e3o da Holanda, Tail\u00e2ndia, passei pelo da Mal\u00e1sia, \u00c1ustria e China. Muitos destes pavilh\u00f5es destacaram-se pela arquitetura inovadora, experi\u00eancias cativantes e mensagens marcantes.<\/p>\n<p>De todos, o meu de elei\u00e7\u00e3o foi sem d\u00favida o dos Estados Unidos.<\/p>\n<p>Tamb\u00e9m fui aos pavilh\u00f5es de divulga\u00e7\u00e3o do futuro, onde os meios tecnol\u00f3gicos tomaram conta.<\/p>\n<p>Quem for l\u00e1, precisa reservar um hor\u00e1rio. Eu n\u00e3o fiz a reserva on\u2011line porque desconhecia o procedimento, mas basta dirigir\u2011se ao balc\u00e3o de informa\u00e7\u00f5es e, de forma digital, efetua-se a reserva \u2014 h\u00e1 sempre algu\u00e9m para ajudar.<\/p>\n<p>S\u00f3 \u00e9 poss\u00edvel reservar um pavilh\u00e3o de cada vez. Por isso, sugiro escolher antecipadamente quais pavilh\u00f5es visitar.<\/p>\n<p>A zona da restaura\u00e7\u00e3o \u00e9 muito t\u00edpica deles. V\u00e1rios restaurantes, mas com um conceito bem diferente do europeu.<\/p>\n<p>Tudo isto me fez recordar a nossa Expo 98 em Lisboa. Olhando agora para tr\u00e1s, e ao fim de quase 30 anos digo que a nossa foi fant\u00e1stica. Quem n\u00e3o se lembra do nosso Ocean\u00e1rio?<\/p>\n<p>Da Expo de Osaka, fica tamb\u00e9m a minha admira\u00e7\u00e3o por este povo \u2014 pela limpeza, pela higiene e pelo respeito ao outro. Nem um papel no ch\u00e3o, nem uma garrafa vazia num canto, e as casas de banho pareciam ser limpas a cada cinco minutos.<\/p>\n<p>Teria sugerido a presen\u00e7a de uma mascote no nosso pavilh\u00e3o, tal como os Estados Unidos fizeram com a Spark \u2014 uma personagem que simboliza a imagina\u00e7\u00e3o e a criatividade. Foi uma estrat\u00e9gia de marketing bem pensada, concebida para guiar os visitantes pelas exposi\u00e7\u00f5es do pavilh\u00e3o, promovendo a inova\u00e7\u00e3o, a curiosidade, a alegria e a descoberta.<\/p>\n<p>Parab\u00e9ns \u00e0 organiza\u00e7\u00e3o da Expo de Osaka! Quem for ao Jap\u00e3o n\u00e3o pode deixar de conhecer esta cidade, uma grande cidade, e visitar a Expo \u00e9 obrigat\u00f3rio.<\/p>\n","protected":false},"excerpt":{"rendered":"<p>In\u00eas Montargil,<br \/>\nM\u00e9dica dentista<\/p>\n","protected":false},"author":1,"featured_media":2245,"comment_status":"open","ping_status":"open","sticky":false,"template":"","format":"standard","meta":{"site-sidebar-layout":"default","site-content-layout":"default","ast-global-header-display":"","ast-banner-title-visibility":"","ast-main-header-display":"","ast-hfb-above-header-display":"","ast-hfb-below-header-display":"","ast-hfb-mobile-header-display":"","site-post-title":"","ast-breadcrumbs-content":"","ast-featured-img":"","footer-sml-layout":"","theme-transparent-header-meta":"default","adv-header-id-meta":"","stick-header-meta":"","header-above-stick-meta":"","header-main-stick-meta":"","header-below-stick-meta":"","footnotes":""},"categories":[651,64],"tags":[841,842,843],"class_list":["post-9258","post","type-post","status-publish","format-standard","has-post-thumbnail","hentry","category-escapadinhas","category-isto-para-nos","tag-ines-montargil","tag-japao","tag-osaka"],"yoast_head":"<!-- This site is optimized with the Yoast SEO plugin v25.1 - https:\/\/yoast.com\/wordpress\/plugins\/seo\/ -->\n<title>Cr\u00f3nica. Expo Osaka 25 - Estado com Arte<\/title>\n<meta name=\"robots\" content=\"index, follow, max-snippet:-1, max-image-preview:large, max-video-preview:-1\" \/>\n<link rel=\"canonical\" href=\"https:\/\/estadocomarte.pt\/site\/2025\/04\/18\/cronica-expo-osaka-25\/\" \/>\n<meta property=\"og:locale\" content=\"pt_PT\" \/>\n<meta property=\"og:type\" content=\"article\" \/>\n<meta property=\"og:title\" content=\"Cr\u00f3nica. Expo Osaka 25 - Estado com Arte\" \/>\n<meta property=\"og:description\" content=\"In\u00eas Montargil, M\u00e9dica dentista\" \/>\n<meta property=\"og:url\" content=\"https:\/\/estadocomarte.pt\/site\/2025\/04\/18\/cronica-expo-osaka-25\/\" \/>\n<meta property=\"og:site_name\" content=\"Estado com Arte\" \/>\n<meta property=\"article:published_time\" content=\"2025-04-18T16:48:33+00:00\" \/>\n<meta property=\"article:modified_time\" content=\"2025-04-19T20:21:16+00:00\" \/>\n<meta property=\"og:image\" content=\"https:\/\/estadocomarte.pt\/site\/wp-content\/uploads\/2023\/08\/ines-montargil.jpg\" \/>\n\t<meta property=\"og:image:width\" content=\"350\" \/>\n\t<meta property=\"og:image:height\" content=\"469\" \/>\n\t<meta property=\"og:image:type\" content=\"image\/jpeg\" \/>\n<meta name=\"author\" content=\"admin\" \/>\n<meta name=\"twitter:card\" content=\"summary_large_image\" \/>\n<meta name=\"twitter:label1\" content=\"Escrito por\" \/>\n\t<meta name=\"twitter:data1\" content=\"admin\" \/>\n\t<meta name=\"twitter:label2\" content=\"Tempo estimado de leitura\" \/>\n\t<meta name=\"twitter:data2\" content=\"5 minutos\" \/>\n<script type=\"application\/ld+json\" class=\"yoast-schema-graph\">{\"@context\":\"https:\/\/schema.org\",\"@graph\":[{\"@type\":\"Article\",\"@id\":\"https:\/\/estadocomarte.pt\/site\/2025\/04\/18\/cronica-expo-osaka-25\/#article\",\"isPartOf\":{\"@id\":\"https:\/\/estadocomarte.pt\/site\/2025\/04\/18\/cronica-expo-osaka-25\/\"},\"author\":{\"name\":\"admin\",\"@id\":\"https:\/\/estadocomarte.pt\/site\/#\/schema\/person\/c0943a071216c1e5b21f85304151e4ba\"},\"headline\":\"Cr\u00f3nica. Expo Osaka 25\",\"datePublished\":\"2025-04-18T16:48:33+00:00\",\"dateModified\":\"2025-04-19T20:21:16+00:00\",\"mainEntityOfPage\":{\"@id\":\"https:\/\/estadocomarte.pt\/site\/2025\/04\/18\/cronica-expo-osaka-25\/\"},\"wordCount\":772,\"commentCount\":0,\"publisher\":{\"@id\":\"https:\/\/estadocomarte.pt\/site\/#organization\"},\"image\":{\"@id\":\"https:\/\/estadocomarte.pt\/site\/2025\/04\/18\/cronica-expo-osaka-25\/#primaryimage\"},\"thumbnailUrl\":\"https:\/\/estadocomarte.pt\/site\/wp-content\/uploads\/2023\/08\/ines-montargil.jpg\",\"keywords\":[\"In\u00eas Montargil\",\"jap\u00e3o\",\"Osaka\"],\"articleSection\":[\"Escapadinhas\",\"Isto Para N\u00f3s\"],\"inLanguage\":\"pt-PT\",\"potentialAction\":[{\"@type\":\"CommentAction\",\"name\":\"Comment\",\"target\":[\"https:\/\/estadocomarte.pt\/site\/2025\/04\/18\/cronica-expo-osaka-25\/#respond\"]}]},{\"@type\":\"WebPage\",\"@id\":\"https:\/\/estadocomarte.pt\/site\/2025\/04\/18\/cronica-expo-osaka-25\/\",\"url\":\"https:\/\/estadocomarte.pt\/site\/2025\/04\/18\/cronica-expo-osaka-25\/\",\"name\":\"Cr\u00f3nica. Expo Osaka 25 - Estado com Arte\",\"isPartOf\":{\"@id\":\"https:\/\/estadocomarte.pt\/site\/#website\"},\"primaryImageOfPage\":{\"@id\":\"https:\/\/estadocomarte.pt\/site\/2025\/04\/18\/cronica-expo-osaka-25\/#primaryimage\"},\"image\":{\"@id\":\"https:\/\/estadocomarte.pt\/site\/2025\/04\/18\/cronica-expo-osaka-25\/#primaryimage\"},\"thumbnailUrl\":\"https:\/\/estadocomarte.pt\/site\/wp-content\/uploads\/2023\/08\/ines-montargil.jpg\",\"datePublished\":\"2025-04-18T16:48:33+00:00\",\"dateModified\":\"2025-04-19T20:21:16+00:00\",\"breadcrumb\":{\"@id\":\"https:\/\/estadocomarte.pt\/site\/2025\/04\/18\/cronica-expo-osaka-25\/#breadcrumb\"},\"inLanguage\":\"pt-PT\",\"potentialAction\":[{\"@type\":\"ReadAction\",\"target\":[\"https:\/\/estadocomarte.pt\/site\/2025\/04\/18\/cronica-expo-osaka-25\/\"]}]},{\"@type\":\"ImageObject\",\"inLanguage\":\"pt-PT\",\"@id\":\"https:\/\/estadocomarte.pt\/site\/2025\/04\/18\/cronica-expo-osaka-25\/#primaryimage\",\"url\":\"https:\/\/estadocomarte.pt\/site\/wp-content\/uploads\/2023\/08\/ines-montargil.jpg\",\"contentUrl\":\"https:\/\/estadocomarte.pt\/site\/wp-content\/uploads\/2023\/08\/ines-montargil.jpg\",\"width\":350,\"height\":469},{\"@type\":\"BreadcrumbList\",\"@id\":\"https:\/\/estadocomarte.pt\/site\/2025\/04\/18\/cronica-expo-osaka-25\/#breadcrumb\",\"itemListElement\":[{\"@type\":\"ListItem\",\"position\":1,\"name\":\"In\u00edcio\",\"item\":\"https:\/\/estadocomarte.pt\/site\/\"},{\"@type\":\"ListItem\",\"position\":2,\"name\":\"Cr\u00f3nica. Expo Osaka 25\"}]},{\"@type\":\"WebSite\",\"@id\":\"https:\/\/estadocomarte.pt\/site\/#website\",\"url\":\"https:\/\/estadocomarte.pt\/site\/\",\"name\":\"Estado com Arte Magazine\",\"description\":\"Magazine\",\"publisher\":{\"@id\":\"https:\/\/estadocomarte.pt\/site\/#organization\"},\"alternateName\":\"Magazine semanal sobre pol\u00edtica e cultura, com autores, opini\u00e3o e cr\u00edticas.\",\"potentialAction\":[{\"@type\":\"SearchAction\",\"target\":{\"@type\":\"EntryPoint\",\"urlTemplate\":\"https:\/\/estadocomarte.pt\/site\/?s={search_term_string}\"},\"query-input\":{\"@type\":\"PropertyValueSpecification\",\"valueRequired\":true,\"valueName\":\"search_term_string\"}}],\"inLanguage\":\"pt-PT\"},{\"@type\":\"Organization\",\"@id\":\"https:\/\/estadocomarte.pt\/site\/#organization\",\"name\":\"Estado com Arte Magazine\",\"alternateName\":\"Magazine semanal sobre pol\u00edtica e cultura, com autores, opini\u00e3o e cr\u00edticas.\",\"url\":\"https:\/\/estadocomarte.pt\/site\/\",\"logo\":{\"@type\":\"ImageObject\",\"inLanguage\":\"pt-PT\",\"@id\":\"https:\/\/estadocomarte.pt\/site\/#\/schema\/logo\/image\/\",\"url\":\"https:\/\/estadocomarte.pt\/site\/wp-content\/uploads\/2023\/06\/cropped-cropped-Prancheta-2@2x-100.jpg\",\"contentUrl\":\"https:\/\/estadocomarte.pt\/site\/wp-content\/uploads\/2023\/06\/cropped-cropped-Prancheta-2@2x-100.jpg\",\"width\":1777,\"height\":592,\"caption\":\"Estado com Arte Magazine\"},\"image\":{\"@id\":\"https:\/\/estadocomarte.pt\/site\/#\/schema\/logo\/image\/\"},\"sameAs\":[\"https:\/\/www.instagram.com\/estadocomartemagazine\"]},{\"@type\":\"Person\",\"@id\":\"https:\/\/estadocomarte.pt\/site\/#\/schema\/person\/c0943a071216c1e5b21f85304151e4ba\",\"name\":\"admin\",\"image\":{\"@type\":\"ImageObject\",\"inLanguage\":\"pt-PT\",\"@id\":\"https:\/\/estadocomarte.pt\/site\/#\/schema\/person\/image\/\",\"url\":\"https:\/\/secure.gravatar.com\/avatar\/e6f378fd6914c8505d3e1d40f51fa953b21bab0f3a5658a33bc84cb5bda780f9?s=96&d=mm&r=g\",\"contentUrl\":\"https:\/\/secure.gravatar.com\/avatar\/e6f378fd6914c8505d3e1d40f51fa953b21bab0f3a5658a33bc84cb5bda780f9?s=96&d=mm&r=g\",\"caption\":\"admin\"},\"sameAs\":[\"https:\/\/estadocomarte.pt\/site\"],\"url\":\"https:\/\/estadocomarte.pt\/site\/author\/admin\/\"}]}<\/script>\n<!-- \/ Yoast SEO plugin. -->","yoast_head_json":{"title":"Cr\u00f3nica. Expo Osaka 25 - Estado com Arte","robots":{"index":"index","follow":"follow","max-snippet":"max-snippet:-1","max-image-preview":"max-image-preview:large","max-video-preview":"max-video-preview:-1"},"canonical":"https:\/\/estadocomarte.pt\/site\/2025\/04\/18\/cronica-expo-osaka-25\/","og_locale":"pt_PT","og_type":"article","og_title":"Cr\u00f3nica. Expo Osaka 25 - Estado com Arte","og_description":"In\u00eas Montargil, M\u00e9dica dentista","og_url":"https:\/\/estadocomarte.pt\/site\/2025\/04\/18\/cronica-expo-osaka-25\/","og_site_name":"Estado com Arte","article_published_time":"2025-04-18T16:48:33+00:00","article_modified_time":"2025-04-19T20:21:16+00:00","og_image":[{"width":350,"height":469,"url":"https:\/\/estadocomarte.pt\/site\/wp-content\/uploads\/2023\/08\/ines-montargil.jpg","type":"image\/jpeg"}],"author":"admin","twitter_card":"summary_large_image","twitter_misc":{"Escrito por":"admin","Tempo estimado de leitura":"5 minutos"},"schema":{"@context":"https:\/\/schema.org","@graph":[{"@type":"Article","@id":"https:\/\/estadocomarte.pt\/site\/2025\/04\/18\/cronica-expo-osaka-25\/#article","isPartOf":{"@id":"https:\/\/estadocomarte.pt\/site\/2025\/04\/18\/cronica-expo-osaka-25\/"},"author":{"name":"admin","@id":"https:\/\/estadocomarte.pt\/site\/#\/schema\/person\/c0943a071216c1e5b21f85304151e4ba"},"headline":"Cr\u00f3nica. Expo Osaka 25","datePublished":"2025-04-18T16:48:33+00:00","dateModified":"2025-04-19T20:21:16+00:00","mainEntityOfPage":{"@id":"https:\/\/estadocomarte.pt\/site\/2025\/04\/18\/cronica-expo-osaka-25\/"},"wordCount":772,"commentCount":0,"publisher":{"@id":"https:\/\/estadocomarte.pt\/site\/#organization"},"image":{"@id":"https:\/\/estadocomarte.pt\/site\/2025\/04\/18\/cronica-expo-osaka-25\/#primaryimage"},"thumbnailUrl":"https:\/\/estadocomarte.pt\/site\/wp-content\/uploads\/2023\/08\/ines-montargil.jpg","keywords":["In\u00eas Montargil","jap\u00e3o","Osaka"],"articleSection":["Escapadinhas","Isto Para N\u00f3s"],"inLanguage":"pt-PT","potentialAction":[{"@type":"CommentAction","name":"Comment","target":["https:\/\/estadocomarte.pt\/site\/2025\/04\/18\/cronica-expo-osaka-25\/#respond"]}]},{"@type":"WebPage","@id":"https:\/\/estadocomarte.pt\/site\/2025\/04\/18\/cronica-expo-osaka-25\/","url":"https:\/\/estadocomarte.pt\/site\/2025\/04\/18\/cronica-expo-osaka-25\/","name":"Cr\u00f3nica. Expo Osaka 25 - Estado com Arte","isPartOf":{"@id":"https:\/\/estadocomarte.pt\/site\/#website"},"primaryImageOfPage":{"@id":"https:\/\/estadocomarte.pt\/site\/2025\/04\/18\/cronica-expo-osaka-25\/#primaryimage"},"image":{"@id":"https:\/\/estadocomarte.pt\/site\/2025\/04\/18\/cronica-expo-osaka-25\/#primaryimage"},"thumbnailUrl":"https:\/\/estadocomarte.pt\/site\/wp-content\/uploads\/2023\/08\/ines-montargil.jpg","datePublished":"2025-04-18T16:48:33+00:00","dateModified":"2025-04-19T20:21:16+00:00","breadcrumb":{"@id":"https:\/\/estadocomarte.pt\/site\/2025\/04\/18\/cronica-expo-osaka-25\/#breadcrumb"},"inLanguage":"pt-PT","potentialAction":[{"@type":"ReadAction","target":["https:\/\/estadocomarte.pt\/site\/2025\/04\/18\/cronica-expo-osaka-25\/"]}]},{"@type":"ImageObject","inLanguage":"pt-PT","@id":"https:\/\/estadocomarte.pt\/site\/2025\/04\/18\/cronica-expo-osaka-25\/#primaryimage","url":"https:\/\/estadocomarte.pt\/site\/wp-content\/uploads\/2023\/08\/ines-montargil.jpg","contentUrl":"https:\/\/estadocomarte.pt\/site\/wp-content\/uploads\/2023\/08\/ines-montargil.jpg","width":350,"height":469},{"@type":"BreadcrumbList","@id":"https:\/\/estadocomarte.pt\/site\/2025\/04\/18\/cronica-expo-osaka-25\/#breadcrumb","itemListElement":[{"@type":"ListItem","position":1,"name":"In\u00edcio","item":"https:\/\/estadocomarte.pt\/site\/"},{"@type":"ListItem","position":2,"name":"Cr\u00f3nica. Expo Osaka 25"}]},{"@type":"WebSite","@id":"https:\/\/estadocomarte.pt\/site\/#website","url":"https:\/\/estadocomarte.pt\/site\/","name":"Estado com Arte Magazine","description":"Magazine","publisher":{"@id":"https:\/\/estadocomarte.pt\/site\/#organization"},"alternateName":"Magazine semanal sobre pol\u00edtica e cultura, com autores, opini\u00e3o e cr\u00edticas.","potentialAction":[{"@type":"SearchAction","target":{"@type":"EntryPoint","urlTemplate":"https:\/\/estadocomarte.pt\/site\/?s={search_term_string}"},"query-input":{"@type":"PropertyValueSpecification","valueRequired":true,"valueName":"search_term_string"}}],"inLanguage":"pt-PT"},{"@type":"Organization","@id":"https:\/\/estadocomarte.pt\/site\/#organization","name":"Estado com Arte Magazine","alternateName":"Magazine semanal sobre pol\u00edtica e cultura, com autores, opini\u00e3o e cr\u00edticas.","url":"https:\/\/estadocomarte.pt\/site\/","logo":{"@type":"ImageObject","inLanguage":"pt-PT","@id":"https:\/\/estadocomarte.pt\/site\/#\/schema\/logo\/image\/","url":"https:\/\/estadocomarte.pt\/site\/wp-content\/uploads\/2023\/06\/cropped-cropped-Prancheta-2@2x-100.jpg","contentUrl":"https:\/\/estadocomarte.pt\/site\/wp-content\/uploads\/2023\/06\/cropped-cropped-Prancheta-2@2x-100.jpg","width":1777,"height":592,"caption":"Estado com Arte Magazine"},"image":{"@id":"https:\/\/estadocomarte.pt\/site\/#\/schema\/logo\/image\/"},"sameAs":["https:\/\/www.instagram.com\/estadocomartemagazine"]},{"@type":"Person","@id":"https:\/\/estadocomarte.pt\/site\/#\/schema\/person\/c0943a071216c1e5b21f85304151e4ba","name":"admin","image":{"@type":"ImageObject","inLanguage":"pt-PT","@id":"https:\/\/estadocomarte.pt\/site\/#\/schema\/person\/image\/","url":"https:\/\/secure.gravatar.com\/avatar\/e6f378fd6914c8505d3e1d40f51fa953b21bab0f3a5658a33bc84cb5bda780f9?s=96&d=mm&r=g","contentUrl":"https:\/\/secure.gravatar.com\/avatar\/e6f378fd6914c8505d3e1d40f51fa953b21bab0f3a5658a33bc84cb5bda780f9?s=96&d=mm&r=g","caption":"admin"},"sameAs":["https:\/\/estadocomarte.pt\/site"],"url":"https:\/\/estadocomarte.pt\/site\/author\/admin\/"}]}},"_links":{"self":[{"href":"https:\/\/estadocomarte.pt\/site\/wp-json\/wp\/v2\/posts\/9258","targetHints":{"allow":["GET"]}}],"collection":[{"href":"https:\/\/estadocomarte.pt\/site\/wp-json\/wp\/v2\/posts"}],"about":[{"href":"https:\/\/estadocomarte.pt\/site\/wp-json\/wp\/v2\/types\/post"}],"author":[{"embeddable":true,"href":"https:\/\/estadocomarte.pt\/site\/wp-json\/wp\/v2\/users\/1"}],"replies":[{"embeddable":true,"href":"https:\/\/estadocomarte.pt\/site\/wp-json\/wp\/v2\/comments?post=9258"}],"version-history":[{"count":0,"href":"https:\/\/estadocomarte.pt\/site\/wp-json\/wp\/v2\/posts\/9258\/revisions"}],"wp:featuredmedia":[{"embeddable":true,"href":"https:\/\/estadocomarte.pt\/site\/wp-json\/wp\/v2\/media\/2245"}],"wp:attachment":[{"href":"https:\/\/estadocomarte.pt\/site\/wp-json\/wp\/v2\/media?parent=9258"}],"wp:term":[{"taxonomy":"category","embeddable":true,"href":"https:\/\/estadocomarte.pt\/site\/wp-json\/wp\/v2\/categories?post=9258"},{"taxonomy":"post_tag","embeddable":true,"href":"https:\/\/estadocomarte.pt\/site\/wp-json\/wp\/v2\/tags?post=9258"}],"curies":[{"name":"wp","href":"https:\/\/api.w.org\/{rel}","templated":true}]}}