{"id":9272,"date":"2025-04-21T10:07:10","date_gmt":"2025-04-21T10:07:10","guid":{"rendered":"https:\/\/estadocomarte.pt\/site\/?p=9272"},"modified":"2025-04-21T10:08:41","modified_gmt":"2025-04-21T10:08:41","slug":"pedro-nuno-santos-recupera-e-e-o-mais-mediatico-nas-redes-sociais","status":"publish","type":"post","link":"https:\/\/estadocomarte.pt\/site\/2025\/04\/21\/pedro-nuno-santos-recupera-e-e-o-mais-mediatico-nas-redes-sociais\/","title":{"rendered":"Pedro Nuno Santos recupera e \u00e9 o mais medi\u00e1tico nas redes sociais"},"content":{"rendered":"<p><strong>O final da segunda semana de debates\u00a0 revela altera\u00e7\u00f5es na lideran\u00e7a do candidato mais medi\u00e1tico nas redes sociais, segundo o Bar\u00f3metro Cision\/Brandwatch.<\/strong><\/p>\n<p>Pedro Nuno Santos (PS) recupera e ultrapassa Lu\u00eds Montenegro (AD) e Andr\u00e9 Ventura (CH) e \u00e9 agora o candidato mais medi\u00e1tico nas redes sociais, obtendo 22% das men\u00e7\u00f5es, o l\u00edder do Chega \u00e9 segundo com 19% e o atual Primeiro-Ministro fecha o p\u00f3dio com 18%.<\/p>\n<p>No que diz respeito aos temas, o top 3 da tabela continua sem altera\u00e7\u00f5es, com a Habita\u00e7\u00e3o a gerar 36% das men\u00e7\u00f5es, seguida da Imigra\u00e7\u00e3o com 29% e da Sa\u00fade com 19%, revelando a cont\u00ednua preocupa\u00e7\u00e3o dos portugueses com o habitual problema das rendas elevadas.<\/p>\n<p><strong>Debates: Quarta e quinta<\/strong><\/p>\n<p>O primeiro debate de quarta-feira de P\u00e1scoa op\u00f4s a Alian\u00e7a Democr\u00e1tica e o Bloco de Esquerda, os dois partidos apresentaram neste debate as suas segundas linhas, Nuno Melo (AD) e Joana Mort\u00e1gua (BE). Joana Mort\u00e1gua foi alvo de um assalto \u00e0 sua viatura e este tema provocou uma onda de rea\u00e7\u00f5es, misturando o humor e o coment\u00e1rio pol\u00edtico. Tendo muitos internautas aproveitado o incidente para criticar a seguran\u00e7a nas zonas urbanas e a efic\u00e1cia da atual lideran\u00e7a pol\u00edtica. A irm\u00e3 g\u00e9mea da l\u00edder do BE obteve o maior n\u00famero de men\u00e7\u00f5es, 59%, sendo o tema da seguran\u00e7a o mais mencionado com 36%.<\/p>\n<p>No outro debate, da passada quarta-feira, colocou frente a frente Andr\u00e9 Ventura (CH) e Paulo Raimundo (PCP). Os internautas destacaram a estrat\u00e9gias dos candidatos, elogiando a postura calma de Paulo Raimundo contrastando com a postura de Ventura, que os usu\u00e1rios das redes sociais criticam e consideram ser uma ret\u00f3rica provocadora. O l\u00edder do Chega foi o mais mencionado com 51% e o tema Imigra\u00e7\u00e3o com 54% aquele que mais conversa gerou nas redes sociais.<\/p>\n<p>O \u00faltimo dia de debates, antes da P\u00e1scoa, come\u00e7ou com um debate \u00e0 esquerda entre Pedro Nuno Santos (PS) e Rui Tavares (Livre). Neste debate, os internautas, nas redes sociais, sublinharam a abordagem, do l\u00edder do PS, na necessidade de um voto estrat\u00e9gico para derrubar a direita. Pedro Nunos Santos foi o mais referido com 84%, com o tema da Habita\u00e7\u00e3o a ser o mais focado com 51%.<\/p>\n<p>No segundo debate do dia, estiveram em confronto Andr\u00e9 Ventura (CH) e Rui Rocha (IL). As redes sociais voltaram a salientar a abordagem populista de Ventura, no entanto, destacaram a resposta critica de Rui Rocha a essa abordagem, evidenciando a poss\u00edvel fal\u00eancia do pa\u00eds.<\/p>\n<p>Andr\u00e9 Ventura obteve o maior n\u00famero de men\u00e7\u00f5es (59%), sendo a Imigra\u00e7\u00e3o o tema mais destacado com 52%.<\/p>\n<p>O debate que gerou mais men\u00e7\u00f5es nas redes sociais continua a ser o que op\u00f4s Andr\u00e9 Ventura (CH) e Rui Tavares (Livre), com 12% e os que geraram menos o que colocou frente a frente BE\/Pan e IL\/Livre apenas com 1%.<\/p>\n<p>Bar\u00f3metro Cision\/Brandwatch, introduziu um novo dado onde analisa tamb\u00e9m as redes sociais dos partidos, nomeadamente Facebook, Instagram e X. O PCP \u00e9 o partido que mais utiliza as redes. Desde o dia 7, data de in\u00edcio dos debates o PCP fez 286 posts, o Partido Social Democrata aquele que menos utiliza com apenas 38 posts. No que diz respeito ao engagement, intera\u00e7\u00e3o e envolvimento dos usu\u00e1rios com os conte\u00fados, o Chega \u00e9 o partido que obt\u00e9m o valor mais elevado conseguindo 43% das intera\u00e7\u00f5es.<\/p>\n","protected":false},"excerpt":{"rendered":"<p>Estado com Arte Magazine<\/p>\n","protected":false},"author":1,"featured_media":9273,"comment_status":"open","ping_status":"open","sticky":false,"template":"","format":"standard","meta":{"site-sidebar-layout":"default","site-content-layout":"default","ast-global-header-display":"","ast-banner-title-visibility":"","ast-main-header-display":"","ast-hfb-above-header-display":"","ast-hfb-below-header-display":"","ast-hfb-mobile-header-display":"","site-post-title":"","ast-breadcrumbs-content":"","ast-featured-img":"","footer-sml-layout":"","theme-transparent-header-meta":"default","adv-header-id-meta":"","stick-header-meta":"","header-above-stick-meta":"","header-main-stick-meta":"","header-below-stick-meta":"","footnotes":""},"categories":[4],"tags":[844,587,173,152,315],"class_list":["post-9272","post","type-post","status-publish","format-standard","has-post-thumbnail","hentry","category-politica","tag-chega-ad","tag-livre","tag-pedro-nuno-santos","tag-ps","tag-psd"],"yoast_head":"<!-- This site is optimized with the Yoast SEO plugin v25.1 - https:\/\/yoast.com\/wordpress\/plugins\/seo\/ -->\n<title>Pedro Nuno Santos recupera e \u00e9 o mais medi\u00e1tico nas redes sociais - Estado com Arte<\/title>\n<meta name=\"robots\" content=\"index, follow, max-snippet:-1, max-image-preview:large, max-video-preview:-1\" \/>\n<link rel=\"canonical\" href=\"https:\/\/estadocomarte.pt\/site\/2025\/04\/21\/pedro-nuno-santos-recupera-e-e-o-mais-mediatico-nas-redes-sociais\/\" \/>\n<meta property=\"og:locale\" content=\"pt_PT\" \/>\n<meta property=\"og:type\" content=\"article\" \/>\n<meta property=\"og:title\" content=\"Pedro Nuno Santos recupera e \u00e9 o mais medi\u00e1tico nas redes sociais - Estado com Arte\" \/>\n<meta property=\"og:description\" content=\"Estado com Arte Magazine\" \/>\n<meta property=\"og:url\" content=\"https:\/\/estadocomarte.pt\/site\/2025\/04\/21\/pedro-nuno-santos-recupera-e-e-o-mais-mediatico-nas-redes-sociais\/\" \/>\n<meta property=\"og:site_name\" content=\"Estado com Arte\" \/>\n<meta property=\"article:published_time\" content=\"2025-04-21T10:07:10+00:00\" \/>\n<meta property=\"article:modified_time\" content=\"2025-04-21T10:08:41+00:00\" \/>\n<meta property=\"og:image\" content=\"https:\/\/estadocomarte.pt\/site\/wp-content\/uploads\/2025\/04\/PSN.jpg\" \/>\n\t<meta property=\"og:image:width\" content=\"336\" \/>\n\t<meta property=\"og:image:height\" content=\"336\" \/>\n\t<meta property=\"og:image:type\" content=\"image\/jpeg\" \/>\n<meta name=\"author\" content=\"admin\" \/>\n<meta name=\"twitter:card\" content=\"summary_large_image\" \/>\n<meta name=\"twitter:label1\" content=\"Escrito por\" \/>\n\t<meta name=\"twitter:data1\" content=\"admin\" \/>\n\t<meta name=\"twitter:label2\" content=\"Tempo estimado de leitura\" \/>\n\t<meta name=\"twitter:data2\" content=\"4 minutos\" \/>\n<script type=\"application\/ld+json\" class=\"yoast-schema-graph\">{\"@context\":\"https:\/\/schema.org\",\"@graph\":[{\"@type\":\"Article\",\"@id\":\"https:\/\/estadocomarte.pt\/site\/2025\/04\/21\/pedro-nuno-santos-recupera-e-e-o-mais-mediatico-nas-redes-sociais\/#article\",\"isPartOf\":{\"@id\":\"https:\/\/estadocomarte.pt\/site\/2025\/04\/21\/pedro-nuno-santos-recupera-e-e-o-mais-mediatico-nas-redes-sociais\/\"},\"author\":{\"name\":\"admin\",\"@id\":\"https:\/\/estadocomarte.pt\/site\/#\/schema\/person\/c0943a071216c1e5b21f85304151e4ba\"},\"headline\":\"Pedro Nuno Santos recupera e \u00e9 o mais medi\u00e1tico nas redes sociais\",\"datePublished\":\"2025-04-21T10:07:10+00:00\",\"dateModified\":\"2025-04-21T10:08:41+00:00\",\"mainEntityOfPage\":{\"@id\":\"https:\/\/estadocomarte.pt\/site\/2025\/04\/21\/pedro-nuno-santos-recupera-e-e-o-mais-mediatico-nas-redes-sociais\/\"},\"wordCount\":596,\"commentCount\":0,\"publisher\":{\"@id\":\"https:\/\/estadocomarte.pt\/site\/#organization\"},\"image\":{\"@id\":\"https:\/\/estadocomarte.pt\/site\/2025\/04\/21\/pedro-nuno-santos-recupera-e-e-o-mais-mediatico-nas-redes-sociais\/#primaryimage\"},\"thumbnailUrl\":\"https:\/\/estadocomarte.pt\/site\/wp-content\/uploads\/2025\/04\/PSN.jpg\",\"keywords\":[\"chega AD\",\"livre\",\"Pedro Nuno Santos\",\"PS\",\"PSD\"],\"articleSection\":[\"Pol\u00edtica\"],\"inLanguage\":\"pt-PT\",\"potentialAction\":[{\"@type\":\"CommentAction\",\"name\":\"Comment\",\"target\":[\"https:\/\/estadocomarte.pt\/site\/2025\/04\/21\/pedro-nuno-santos-recupera-e-e-o-mais-mediatico-nas-redes-sociais\/#respond\"]}]},{\"@type\":\"WebPage\",\"@id\":\"https:\/\/estadocomarte.pt\/site\/2025\/04\/21\/pedro-nuno-santos-recupera-e-e-o-mais-mediatico-nas-redes-sociais\/\",\"url\":\"https:\/\/estadocomarte.pt\/site\/2025\/04\/21\/pedro-nuno-santos-recupera-e-e-o-mais-mediatico-nas-redes-sociais\/\",\"name\":\"Pedro Nuno Santos recupera e \u00e9 o mais medi\u00e1tico nas redes sociais - Estado com Arte\",\"isPartOf\":{\"@id\":\"https:\/\/estadocomarte.pt\/site\/#website\"},\"primaryImageOfPage\":{\"@id\":\"https:\/\/estadocomarte.pt\/site\/2025\/04\/21\/pedro-nuno-santos-recupera-e-e-o-mais-mediatico-nas-redes-sociais\/#primaryimage\"},\"image\":{\"@id\":\"https:\/\/estadocomarte.pt\/site\/2025\/04\/21\/pedro-nuno-santos-recupera-e-e-o-mais-mediatico-nas-redes-sociais\/#primaryimage\"},\"thumbnailUrl\":\"https:\/\/estadocomarte.pt\/site\/wp-content\/uploads\/2025\/04\/PSN.jpg\",\"datePublished\":\"2025-04-21T10:07:10+00:00\",\"dateModified\":\"2025-04-21T10:08:41+00:00\",\"breadcrumb\":{\"@id\":\"https:\/\/estadocomarte.pt\/site\/2025\/04\/21\/pedro-nuno-santos-recupera-e-e-o-mais-mediatico-nas-redes-sociais\/#breadcrumb\"},\"inLanguage\":\"pt-PT\",\"potentialAction\":[{\"@type\":\"ReadAction\",\"target\":[\"https:\/\/estadocomarte.pt\/site\/2025\/04\/21\/pedro-nuno-santos-recupera-e-e-o-mais-mediatico-nas-redes-sociais\/\"]}]},{\"@type\":\"ImageObject\",\"inLanguage\":\"pt-PT\",\"@id\":\"https:\/\/estadocomarte.pt\/site\/2025\/04\/21\/pedro-nuno-santos-recupera-e-e-o-mais-mediatico-nas-redes-sociais\/#primaryimage\",\"url\":\"https:\/\/estadocomarte.pt\/site\/wp-content\/uploads\/2025\/04\/PSN.jpg\",\"contentUrl\":\"https:\/\/estadocomarte.pt\/site\/wp-content\/uploads\/2025\/04\/PSN.jpg\",\"width\":336,\"height\":336},{\"@type\":\"BreadcrumbList\",\"@id\":\"https:\/\/estadocomarte.pt\/site\/2025\/04\/21\/pedro-nuno-santos-recupera-e-e-o-mais-mediatico-nas-redes-sociais\/#breadcrumb\",\"itemListElement\":[{\"@type\":\"ListItem\",\"position\":1,\"name\":\"In\u00edcio\",\"item\":\"https:\/\/estadocomarte.pt\/site\/\"},{\"@type\":\"ListItem\",\"position\":2,\"name\":\"Pedro Nuno Santos recupera e \u00e9 o mais medi\u00e1tico nas redes sociais\"}]},{\"@type\":\"WebSite\",\"@id\":\"https:\/\/estadocomarte.pt\/site\/#website\",\"url\":\"https:\/\/estadocomarte.pt\/site\/\",\"name\":\"Estado com Arte Magazine\",\"description\":\"Magazine\",\"publisher\":{\"@id\":\"https:\/\/estadocomarte.pt\/site\/#organization\"},\"alternateName\":\"Magazine semanal sobre pol\u00edtica e cultura, com autores, opini\u00e3o e cr\u00edticas.\",\"potentialAction\":[{\"@type\":\"SearchAction\",\"target\":{\"@type\":\"EntryPoint\",\"urlTemplate\":\"https:\/\/estadocomarte.pt\/site\/?s={search_term_string}\"},\"query-input\":{\"@type\":\"PropertyValueSpecification\",\"valueRequired\":true,\"valueName\":\"search_term_string\"}}],\"inLanguage\":\"pt-PT\"},{\"@type\":\"Organization\",\"@id\":\"https:\/\/estadocomarte.pt\/site\/#organization\",\"name\":\"Estado com Arte Magazine\",\"alternateName\":\"Magazine semanal sobre pol\u00edtica e cultura, com autores, opini\u00e3o e cr\u00edticas.\",\"url\":\"https:\/\/estadocomarte.pt\/site\/\",\"logo\":{\"@type\":\"ImageObject\",\"inLanguage\":\"pt-PT\",\"@id\":\"https:\/\/estadocomarte.pt\/site\/#\/schema\/logo\/image\/\",\"url\":\"https:\/\/estadocomarte.pt\/site\/wp-content\/uploads\/2023\/06\/cropped-cropped-Prancheta-2@2x-100.jpg\",\"contentUrl\":\"https:\/\/estadocomarte.pt\/site\/wp-content\/uploads\/2023\/06\/cropped-cropped-Prancheta-2@2x-100.jpg\",\"width\":1777,\"height\":592,\"caption\":\"Estado com Arte Magazine\"},\"image\":{\"@id\":\"https:\/\/estadocomarte.pt\/site\/#\/schema\/logo\/image\/\"},\"sameAs\":[\"https:\/\/www.instagram.com\/estadocomartemagazine\"]},{\"@type\":\"Person\",\"@id\":\"https:\/\/estadocomarte.pt\/site\/#\/schema\/person\/c0943a071216c1e5b21f85304151e4ba\",\"name\":\"admin\",\"image\":{\"@type\":\"ImageObject\",\"inLanguage\":\"pt-PT\",\"@id\":\"https:\/\/estadocomarte.pt\/site\/#\/schema\/person\/image\/\",\"url\":\"https:\/\/secure.gravatar.com\/avatar\/e6f378fd6914c8505d3e1d40f51fa953b21bab0f3a5658a33bc84cb5bda780f9?s=96&d=mm&r=g\",\"contentUrl\":\"https:\/\/secure.gravatar.com\/avatar\/e6f378fd6914c8505d3e1d40f51fa953b21bab0f3a5658a33bc84cb5bda780f9?s=96&d=mm&r=g\",\"caption\":\"admin\"},\"sameAs\":[\"https:\/\/estadocomarte.pt\/site\"],\"url\":\"https:\/\/estadocomarte.pt\/site\/author\/admin\/\"}]}<\/script>\n<!-- \/ Yoast SEO plugin. -->","yoast_head_json":{"title":"Pedro Nuno Santos recupera e \u00e9 o mais medi\u00e1tico nas redes sociais - Estado com Arte","robots":{"index":"index","follow":"follow","max-snippet":"max-snippet:-1","max-image-preview":"max-image-preview:large","max-video-preview":"max-video-preview:-1"},"canonical":"https:\/\/estadocomarte.pt\/site\/2025\/04\/21\/pedro-nuno-santos-recupera-e-e-o-mais-mediatico-nas-redes-sociais\/","og_locale":"pt_PT","og_type":"article","og_title":"Pedro Nuno Santos recupera e \u00e9 o mais medi\u00e1tico nas redes sociais - Estado com Arte","og_description":"Estado com Arte Magazine","og_url":"https:\/\/estadocomarte.pt\/site\/2025\/04\/21\/pedro-nuno-santos-recupera-e-e-o-mais-mediatico-nas-redes-sociais\/","og_site_name":"Estado com Arte","article_published_time":"2025-04-21T10:07:10+00:00","article_modified_time":"2025-04-21T10:08:41+00:00","og_image":[{"width":336,"height":336,"url":"https:\/\/estadocomarte.pt\/site\/wp-content\/uploads\/2025\/04\/PSN.jpg","type":"image\/jpeg"}],"author":"admin","twitter_card":"summary_large_image","twitter_misc":{"Escrito por":"admin","Tempo estimado de leitura":"4 minutos"},"schema":{"@context":"https:\/\/schema.org","@graph":[{"@type":"Article","@id":"https:\/\/estadocomarte.pt\/site\/2025\/04\/21\/pedro-nuno-santos-recupera-e-e-o-mais-mediatico-nas-redes-sociais\/#article","isPartOf":{"@id":"https:\/\/estadocomarte.pt\/site\/2025\/04\/21\/pedro-nuno-santos-recupera-e-e-o-mais-mediatico-nas-redes-sociais\/"},"author":{"name":"admin","@id":"https:\/\/estadocomarte.pt\/site\/#\/schema\/person\/c0943a071216c1e5b21f85304151e4ba"},"headline":"Pedro Nuno Santos recupera e \u00e9 o mais medi\u00e1tico nas redes sociais","datePublished":"2025-04-21T10:07:10+00:00","dateModified":"2025-04-21T10:08:41+00:00","mainEntityOfPage":{"@id":"https:\/\/estadocomarte.pt\/site\/2025\/04\/21\/pedro-nuno-santos-recupera-e-e-o-mais-mediatico-nas-redes-sociais\/"},"wordCount":596,"commentCount":0,"publisher":{"@id":"https:\/\/estadocomarte.pt\/site\/#organization"},"image":{"@id":"https:\/\/estadocomarte.pt\/site\/2025\/04\/21\/pedro-nuno-santos-recupera-e-e-o-mais-mediatico-nas-redes-sociais\/#primaryimage"},"thumbnailUrl":"https:\/\/estadocomarte.pt\/site\/wp-content\/uploads\/2025\/04\/PSN.jpg","keywords":["chega AD","livre","Pedro Nuno Santos","PS","PSD"],"articleSection":["Pol\u00edtica"],"inLanguage":"pt-PT","potentialAction":[{"@type":"CommentAction","name":"Comment","target":["https:\/\/estadocomarte.pt\/site\/2025\/04\/21\/pedro-nuno-santos-recupera-e-e-o-mais-mediatico-nas-redes-sociais\/#respond"]}]},{"@type":"WebPage","@id":"https:\/\/estadocomarte.pt\/site\/2025\/04\/21\/pedro-nuno-santos-recupera-e-e-o-mais-mediatico-nas-redes-sociais\/","url":"https:\/\/estadocomarte.pt\/site\/2025\/04\/21\/pedro-nuno-santos-recupera-e-e-o-mais-mediatico-nas-redes-sociais\/","name":"Pedro Nuno Santos recupera e \u00e9 o mais medi\u00e1tico nas redes sociais - Estado com Arte","isPartOf":{"@id":"https:\/\/estadocomarte.pt\/site\/#website"},"primaryImageOfPage":{"@id":"https:\/\/estadocomarte.pt\/site\/2025\/04\/21\/pedro-nuno-santos-recupera-e-e-o-mais-mediatico-nas-redes-sociais\/#primaryimage"},"image":{"@id":"https:\/\/estadocomarte.pt\/site\/2025\/04\/21\/pedro-nuno-santos-recupera-e-e-o-mais-mediatico-nas-redes-sociais\/#primaryimage"},"thumbnailUrl":"https:\/\/estadocomarte.pt\/site\/wp-content\/uploads\/2025\/04\/PSN.jpg","datePublished":"2025-04-21T10:07:10+00:00","dateModified":"2025-04-21T10:08:41+00:00","breadcrumb":{"@id":"https:\/\/estadocomarte.pt\/site\/2025\/04\/21\/pedro-nuno-santos-recupera-e-e-o-mais-mediatico-nas-redes-sociais\/#breadcrumb"},"inLanguage":"pt-PT","potentialAction":[{"@type":"ReadAction","target":["https:\/\/estadocomarte.pt\/site\/2025\/04\/21\/pedro-nuno-santos-recupera-e-e-o-mais-mediatico-nas-redes-sociais\/"]}]},{"@type":"ImageObject","inLanguage":"pt-PT","@id":"https:\/\/estadocomarte.pt\/site\/2025\/04\/21\/pedro-nuno-santos-recupera-e-e-o-mais-mediatico-nas-redes-sociais\/#primaryimage","url":"https:\/\/estadocomarte.pt\/site\/wp-content\/uploads\/2025\/04\/PSN.jpg","contentUrl":"https:\/\/estadocomarte.pt\/site\/wp-content\/uploads\/2025\/04\/PSN.jpg","width":336,"height":336},{"@type":"BreadcrumbList","@id":"https:\/\/estadocomarte.pt\/site\/2025\/04\/21\/pedro-nuno-santos-recupera-e-e-o-mais-mediatico-nas-redes-sociais\/#breadcrumb","itemListElement":[{"@type":"ListItem","position":1,"name":"In\u00edcio","item":"https:\/\/estadocomarte.pt\/site\/"},{"@type":"ListItem","position":2,"name":"Pedro Nuno Santos recupera e \u00e9 o mais medi\u00e1tico nas redes sociais"}]},{"@type":"WebSite","@id":"https:\/\/estadocomarte.pt\/site\/#website","url":"https:\/\/estadocomarte.pt\/site\/","name":"Estado com Arte Magazine","description":"Magazine","publisher":{"@id":"https:\/\/estadocomarte.pt\/site\/#organization"},"alternateName":"Magazine semanal sobre pol\u00edtica e cultura, com autores, opini\u00e3o e cr\u00edticas.","potentialAction":[{"@type":"SearchAction","target":{"@type":"EntryPoint","urlTemplate":"https:\/\/estadocomarte.pt\/site\/?s={search_term_string}"},"query-input":{"@type":"PropertyValueSpecification","valueRequired":true,"valueName":"search_term_string"}}],"inLanguage":"pt-PT"},{"@type":"Organization","@id":"https:\/\/estadocomarte.pt\/site\/#organization","name":"Estado com Arte Magazine","alternateName":"Magazine semanal sobre pol\u00edtica e cultura, com autores, opini\u00e3o e cr\u00edticas.","url":"https:\/\/estadocomarte.pt\/site\/","logo":{"@type":"ImageObject","inLanguage":"pt-PT","@id":"https:\/\/estadocomarte.pt\/site\/#\/schema\/logo\/image\/","url":"https:\/\/estadocomarte.pt\/site\/wp-content\/uploads\/2023\/06\/cropped-cropped-Prancheta-2@2x-100.jpg","contentUrl":"https:\/\/estadocomarte.pt\/site\/wp-content\/uploads\/2023\/06\/cropped-cropped-Prancheta-2@2x-100.jpg","width":1777,"height":592,"caption":"Estado com Arte Magazine"},"image":{"@id":"https:\/\/estadocomarte.pt\/site\/#\/schema\/logo\/image\/"},"sameAs":["https:\/\/www.instagram.com\/estadocomartemagazine"]},{"@type":"Person","@id":"https:\/\/estadocomarte.pt\/site\/#\/schema\/person\/c0943a071216c1e5b21f85304151e4ba","name":"admin","image":{"@type":"ImageObject","inLanguage":"pt-PT","@id":"https:\/\/estadocomarte.pt\/site\/#\/schema\/person\/image\/","url":"https:\/\/secure.gravatar.com\/avatar\/e6f378fd6914c8505d3e1d40f51fa953b21bab0f3a5658a33bc84cb5bda780f9?s=96&d=mm&r=g","contentUrl":"https:\/\/secure.gravatar.com\/avatar\/e6f378fd6914c8505d3e1d40f51fa953b21bab0f3a5658a33bc84cb5bda780f9?s=96&d=mm&r=g","caption":"admin"},"sameAs":["https:\/\/estadocomarte.pt\/site"],"url":"https:\/\/estadocomarte.pt\/site\/author\/admin\/"}]}},"_links":{"self":[{"href":"https:\/\/estadocomarte.pt\/site\/wp-json\/wp\/v2\/posts\/9272","targetHints":{"allow":["GET"]}}],"collection":[{"href":"https:\/\/estadocomarte.pt\/site\/wp-json\/wp\/v2\/posts"}],"about":[{"href":"https:\/\/estadocomarte.pt\/site\/wp-json\/wp\/v2\/types\/post"}],"author":[{"embeddable":true,"href":"https:\/\/estadocomarte.pt\/site\/wp-json\/wp\/v2\/users\/1"}],"replies":[{"embeddable":true,"href":"https:\/\/estadocomarte.pt\/site\/wp-json\/wp\/v2\/comments?post=9272"}],"version-history":[{"count":0,"href":"https:\/\/estadocomarte.pt\/site\/wp-json\/wp\/v2\/posts\/9272\/revisions"}],"wp:featuredmedia":[{"embeddable":true,"href":"https:\/\/estadocomarte.pt\/site\/wp-json\/wp\/v2\/media\/9273"}],"wp:attachment":[{"href":"https:\/\/estadocomarte.pt\/site\/wp-json\/wp\/v2\/media?parent=9272"}],"wp:term":[{"taxonomy":"category","embeddable":true,"href":"https:\/\/estadocomarte.pt\/site\/wp-json\/wp\/v2\/categories?post=9272"},{"taxonomy":"post_tag","embeddable":true,"href":"https:\/\/estadocomarte.pt\/site\/wp-json\/wp\/v2\/tags?post=9272"}],"curies":[{"name":"wp","href":"https:\/\/api.w.org\/{rel}","templated":true}]}}