{"id":9688,"date":"2025-05-23T11:40:53","date_gmt":"2025-05-23T11:40:53","guid":{"rendered":"https:\/\/estadocomarte.pt\/site\/?p=9688"},"modified":"2025-05-23T11:41:43","modified_gmt":"2025-05-23T11:41:43","slug":"irena-sendler-a-mae-das-criancas-do-holocausto","status":"publish","type":"post","link":"https:\/\/estadocomarte.pt\/site\/2025\/05\/23\/irena-sendler-a-mae-das-criancas-do-holocausto\/","title":{"rendered":"Irena Sendler, a m\u00e3e das crian\u00e7as do Holocausto"},"content":{"rendered":"<p><strong>Durante a II Guerra Mundial a assistente social polaca Irena Sendler aproveitou sua vasta rede para contrabandear alimentos, rem\u00e9dios e suprimentos para o gueto de Vars\u00f3via, na Pol\u00f3nia ocupada pelos alem\u00e3es &#8211; e contrabandear crian\u00e7as judias. Irene Sandler permaneceu determinada a salvar vidas judias mesmo depois de ter sido presa, torturada e condenada \u00e0 morte.<\/strong><\/p>\n<p>O Dia Internacional das Crian\u00e7as Desaparecidas celebra-se anualmente a 25 de Maio, a celebra\u00e7\u00e3o da data teve origem no facto de no dia 25 de maio de 1979 ter desaparecido Ethan Patz, uma crian\u00e7a de 6 anos de Nova Iorque que nunca foi encontrada. Nos anos seguintes, pais, familiares e amigos reuniram-se para assinalar o dia do seu desaparecimento e, em 1986, no dia 25 de maio, o ex-presidente dos Estados Unidos da Am\u00e9rica, Ronald Reagan, decidiu dedicar o dia a todas as crian\u00e7as desaparecidas.<\/p>\n<p>\u00c9 uma data para nos recordar que uma crian\u00e7a n\u00e3o \u00e9 somente um ser fr\u00e1gil, que necessita de protec\u00e7\u00e3o, mas tamb\u00e9m uma pessoa que tem o direito \u00e0 educa\u00e7\u00e3o, cuidados e carinho, onde quer que tenha nascido,<\/p>\n<p>Neste Maio do ano da gra\u00e7a de 2025, recordei este facto ocorrido h\u00e1 alguns anos, o qual n\u00e3o sendo uma das datas eleitas pelas grandes organiza\u00e7\u00f5es mundiais existentes nesta Europa \u00e1vida de protagonismo e esquecendo o que de melhor fez dela um exemplo de virtudes e valores, provocou em mim um verdadeiro abalo tel\u00farico de emo\u00e7\u00f5es, tristes recorda\u00e7\u00f5es, tanto mais que algumas situa\u00e7\u00f5es de violentos destinos dados e provocados \u00e0s crian\u00e7as, v\u00e3o proliferando aqui e ali, maquilhados e rotulados com outras \u201cnuances\u201d, mas nem por isso menos horrendos.<\/p>\n<p>Exemplo de algu\u00e9m que defendeu at\u00e9 ao fim a vida das crian\u00e7as \u00e9 Irene Sendler. Durante a Segunda Guerra Mundial, a assistente social polonesa Irena Sendler aproveitou sua vasta rede para contrabandear alimentos, rem\u00e9dios e suprimentos para o gueto de Vars\u00f3via, na Pol\u00f4nia ocupada pelos alem\u00e3es &#8211; e contrabandear crian\u00e7as judias. Ela contou com m\u00e9todos n\u00e3o convencionais e perigosos para frustrar os nazistas, incluindo orquestrar a fuga da crian\u00e7a El\u017cbieta Kopel (mais tarde Ficowska) em uma pequena caixa de madeira. Nada deteve Irena. Ela permaneceu determinada a salvar vidas judias mesmo depois de ter sido presa, torturada e condenada \u00e0 morte.<\/p>\n<p>Irena Sendler, polaca, nasceu em Vars\u00f3via a 15 de Fevereiro de 1910. Quando a Alemanha Nazi invadiu o pa\u00eds em 1939, Irena era assistente social no Departamento de Bem Estar Social de Vars\u00f3via, trabalhava com enfermeiras e organizava espa\u00e7os de refei\u00e7\u00e3o comunit\u00e1rios da cidade com o objectivo de responder \u00e0s necessidades das pessoas que mais necessitavam. Gra\u00e7as a ela, esses locais n\u00e3o s\u00f3 proporcionavam comida para \u00f3rf\u00e3os, anci\u00e3os e pobres como lhes entregavam roupas, medicamentos e dinheiro. Ali trabalhou incansavelmente para aliviar o sofrimento de milhares de pessoas, tanto judias como cat\u00f3licas.<\/p>\n<p>Em 1942, os nazis criaram um gueto em Vars\u00f3via, e Irena horrorizada com as condi\u00e7\u00f5es em que ali se sobrevivia, uniu-se ao Conselho para a Ajuda aos Judeus, Zegota.<br \/>\nIrena vivia aqueles tempos de guerra pensando nos tempos de paz e por isso n\u00e3o se limitava s\u00f3 a manter com vida as crian\u00e7as. Queria que elas um dia pudessem recuperar os seus verdadeiros nomes, as suas identidades, as suas hist\u00f3rias pessoais e as suas fam\u00edlias.<\/p>\n<p>\u201cA raz\u00e3o pela qual resgatei as crian\u00e7as tem origem no meu lar, na minha inf\u00e2ncia. Fui educada na cren\u00e7a de que uma pessoa necessitada deve ser ajudada com o cora\u00e7\u00e3o, sem importar a sua religi\u00e3o ou nacionalidade\u201d.<br \/>\nConcebeu ent\u00e3o um arquivo no qual registou todos os nomes e dados das crian\u00e7as e as suas novas identidades.<\/p>\n<p>Quando Irena caminhava pelas ruas do gueto, levava uma bra\u00e7adeira com a estrela de David, como sinal de solidariedade e para n\u00e3o chamar a aten\u00e7\u00e3o sobre si pr\u00f3pria. P\u00f4s-se rapidamente em contacto com fam\u00edlias, a quem prop\u00f4s levar os seus filhos para fora do gueto, mas n\u00e3o lhes podia dar garantias de \u00eaxito. Eram momentos extremamente dif\u00edceis, quando devia convencer os pais a que lhe entregassem os seus filhos e eles lhe perguntavam:<br \/>\n&#8220;Podes prometer-me que o meu filho viver\u00e1?&#8221;. &#8220;O que poderia prometer, quando nem sequer sabia se conseguiriam sair do gueto.&#8221; A \u00fanica certeza era a de que as crian\u00e7as morreriam se permanecessem l\u00e1. Muitas m\u00e3es e av\u00f3s eram reticentes na entrega das crian\u00e7as, algo absolutamente compreens\u00edvel, mas que viria a se tornar fatal para elas. Algumas vezes, quando Irena ou as suas companheiras voltavam a visitar as fam\u00edlias para tentar faz\u00ea-las mudar de opini\u00e3o, verificavam que todos tinham sido levados para os campos da morte.<\/p>\n<figure id=\"attachment_9753\" aria-describedby=\"caption-attachment-9753\" style=\"width: 300px\" class=\"wp-caption alignnone\"><img fetchpriority=\"high\" decoding=\"async\" class=\"wp-image-9753 size-medium\" src=\"https:\/\/estadocomarte.pt\/site\/wp-content\/uploads\/2025\/05\/Irena-Sendler-1-300x211.webp\" alt=\"\" width=\"300\" height=\"211\" srcset=\"https:\/\/estadocomarte.pt\/site\/wp-content\/uploads\/2025\/05\/Irena-Sendler-1-300x211.webp 300w, https:\/\/estadocomarte.pt\/site\/wp-content\/uploads\/2025\/05\/Irena-Sendler-1.webp 720w\" sizes=\"(max-width: 300px) 100vw, 300px\" \/><figcaption id=\"caption-attachment-9753\" class=\"wp-caption-text\">Irena Sendler em Vars\u00f3via ap\u00f3s o Holocausto (por volta de 1949). \u2014Cole\u00e7\u00e3o Janina Zgrzembska \/ East News<\/figcaption><\/figure>\n<p>Ao longo de um ano e meio, at\u00e9 \u00e0 evacua\u00e7\u00e3o do gueto no Ver\u00e3o de 1942, conseguiu resgatar mais de 2 500 crian\u00e7as por v\u00e1rias vias: come\u00e7ou a recolh\u00ea-las em ambul\u00e2ncias como v\u00edtimas de tifo, mas logo se valia de todo o tipo de subterf\u00fagios que servissem para os esconder: sacos, cestos de lixo, caixas de ferramentas, carregamentos de mercadorias, sacos de batatas, caix\u00f5es&#8230; nas suas m\u00e3os qualquer elemento se transformava numa via de fuga.<\/p>\n<p>Os nazis souberam dessas atividades e em 20 de Outubro de 1943 Irena Sendler foi presa pela Gestapo e levada para a pris\u00e3o de Pawiak, onde foi brutalmente torturada. Num colch\u00e3o de palha encontrou uma pequena estampa de Jesus Misericordioso com a inscri\u00e7\u00e3o: &#8220;Jesus, em V\u00f3s confio&#8221;, e conservou-a consigo at\u00e9 1979, quando a ofereceu ao Papa Jo\u00e3o Paulo II.<\/p>\n<p>Ela, a \u00fanica que sabia os nomes e moradas das fam\u00edlias que albergavam crian\u00e7as judias, suportou a tortura e negou-se a trair seus colaboradores ou as crian\u00e7as ocultas. Foi condenada \u00e0 morte. Enquanto esperava pela execu\u00e7\u00e3o, um soldado alem\u00e3o levou-a para um &#8220;interrogat\u00f3rio adicional&#8221;. Ao sair, gritou-lhe em polaco &#8220;Corra!&#8221;. No dia seguinte Irena encontrou o seu nome na lista de polacos executados. Os membros da \u017begota tinham conseguido deter a execu\u00e7\u00e3o de Irena subornando os alem\u00e3es, e Irena continuou a trabalhar com uma identidade falsa.<\/p>\n<p>Em 1944, durante a revolta de Vars\u00f3via, colocou as suas listas em dois frascos de vidro e enterrou-os no jardim de uma vizinha para se assegurar de que chegariam \u00e0s m\u00e3os indicadas se ela morresse. Ao acabar a guerra, Irena desenterrou-os e entregou as notas ao doutor Adolfo Berman, o primeiro presidente do comit\u00e9 de salva\u00e7\u00e3o dos judeus sobreviventes. Lamentavelmente, a maior parte das fam\u00edlias das crian\u00e7as tinha sido morta nos campos de exterm\u00ednio nazis.<\/p>\n<p>As crian\u00e7as s\u00f3 conheciam Irena pelo seu nome de c\u00f3digo &#8220;Jolanta&#8221;. Mas anos depois, quando a sua fotografia saiu num jornal depois de ser premiada pelas suas ac\u00e7\u00f5es humanit\u00e1rias durante a guerra, um homem telefonou-lhe e dizendo: \u201cLembro-me de seu rosto. Foi voc\u00ea quem me tirou do gueto\u201d. E foi assim que come\u00e7ou a receber muitas chamadas e reconhecimentos p\u00fablicos.<\/p>\n<p>Em 1965, a organiza\u00e7\u00e3o Yad Vashem de Jerusal\u00e9m outorgou-lhe o t\u00edtulo de Justa entre as Na\u00e7\u00f5es e nomeou-a cidad\u00e3 honor\u00e1ria de Israel.<br \/>\nEm Novembro de 2003 o presidente da Rep\u00fablica Aleksander Kwa\u015bniewski, concedeu-lhe a mais alta distin\u00e7\u00e3o civil da Pol\u00f3nia: a Ordem da \u00c1guia Branca. Irena foi acompanhada pelos seus familiares e por El\u017cbieta Ficowska, uma das crian\u00e7as que salvou, que recordava como &#8220;a menina da colher de prata&#8221;.<\/p>\n<p>Em 2007, Irena Sendler foi apresentada como candidata para o pr\u00e9mio Nobel da Paz pelo governo polaco. Esta iniciativa pertenceu ao presidente Lech Kaczy\u0144ski e contou com o apoio oficial do Estado de Israel atrav\u00e9s do primeiro-ministro Ehud Olmert, e da Organiza\u00e7\u00e3o de Sobreviventes do Holocausto residentes em Israel.<\/p>\n<p>As autoridades de O\u015bwi\u0119cim (onde ficavam os campos de concentra\u00e7\u00e3o de Auschwitz) expressaram o seu apoio a esta candidatura, j\u00e1 que consideraram que Irena Sendler era um dos \u00faltimos her\u00f3is vivos da sua gera\u00e7\u00e3o, e que tinha demonstrado uma for\u00e7a, uma convic\u00e7\u00e3o e um valor extraordin\u00e1rios face a um mal at\u00e9 ent\u00e3o inimagin\u00e1vel.<\/p>\n<p>O pr\u00e9mio, no entanto, foi dado a Al Gore pela sua defesa do meio-ambiente\u2026<br \/>\nA m\u00e3e das crian\u00e7as do Holocausto, Irena Sendler, morreu num hospital de Vars\u00f3via, a 12 de Maio de 2008, com 98 anos, devido a uma pneumonia. Foi sepultada no cemit\u00e9rio Pow\u0105zki na Pol\u00f3nia.<\/p>\n","protected":false},"excerpt":{"rendered":"<p>Susana Mexia<\/p>\n","protected":false},"author":1,"featured_media":9752,"comment_status":"open","ping_status":"open","sticky":false,"template":"","format":"standard","meta":{"site-sidebar-layout":"default","site-content-layout":"default","ast-global-header-display":"","ast-banner-title-visibility":"","ast-main-header-display":"","ast-hfb-above-header-display":"","ast-hfb-below-header-display":"","ast-hfb-mobile-header-display":"","site-post-title":"","ast-breadcrumbs-content":"","ast-featured-img":"","footer-sml-layout":"","theme-transparent-header-meta":"default","adv-header-id-meta":"","stick-header-meta":"","header-above-stick-meta":"","header-main-stick-meta":"","header-below-stick-meta":"","footnotes":""},"categories":[7,64],"tags":[929,452],"class_list":["post-9688","post","type-post","status-publish","format-standard","has-post-thumbnail","hentry","category-cultura","category-isto-para-nos","tag-irene-sandler","tag-susana-mexia"],"yoast_head":"<!-- This site is optimized with the Yoast SEO plugin v25.1 - https:\/\/yoast.com\/wordpress\/plugins\/seo\/ -->\n<title>Irena Sendler, a m\u00e3e das crian\u00e7as do Holocausto - Estado com Arte<\/title>\n<meta name=\"robots\" content=\"index, follow, max-snippet:-1, max-image-preview:large, max-video-preview:-1\" \/>\n<link rel=\"canonical\" href=\"https:\/\/estadocomarte.pt\/site\/2025\/05\/23\/irena-sendler-a-mae-das-criancas-do-holocausto\/\" \/>\n<meta property=\"og:locale\" content=\"pt_PT\" \/>\n<meta property=\"og:type\" content=\"article\" \/>\n<meta property=\"og:title\" content=\"Irena Sendler, a m\u00e3e das crian\u00e7as do Holocausto - Estado com Arte\" \/>\n<meta property=\"og:description\" content=\"Susana Mexia\" \/>\n<meta property=\"og:url\" content=\"https:\/\/estadocomarte.pt\/site\/2025\/05\/23\/irena-sendler-a-mae-das-criancas-do-holocausto\/\" \/>\n<meta property=\"og:site_name\" content=\"Estado com Arte\" \/>\n<meta property=\"article:published_time\" content=\"2025-05-23T11:40:53+00:00\" \/>\n<meta property=\"article:modified_time\" content=\"2025-05-23T11:41:43+00:00\" \/>\n<meta property=\"og:image\" content=\"https:\/\/estadocomarte.pt\/site\/wp-content\/uploads\/2025\/05\/Irena-Sendler.webp\" \/>\n\t<meta property=\"og:image:width\" content=\"720\" \/>\n\t<meta property=\"og:image:height\" content=\"507\" \/>\n\t<meta property=\"og:image:type\" content=\"image\/webp\" \/>\n<meta name=\"author\" content=\"admin\" \/>\n<meta name=\"twitter:card\" content=\"summary_large_image\" \/>\n<meta name=\"twitter:label1\" content=\"Escrito por\" \/>\n\t<meta name=\"twitter:data1\" content=\"admin\" \/>\n\t<meta name=\"twitter:label2\" content=\"Tempo estimado de leitura\" \/>\n\t<meta name=\"twitter:data2\" content=\"8 minutos\" \/>\n<script type=\"application\/ld+json\" class=\"yoast-schema-graph\">{\"@context\":\"https:\/\/schema.org\",\"@graph\":[{\"@type\":\"Article\",\"@id\":\"https:\/\/estadocomarte.pt\/site\/2025\/05\/23\/irena-sendler-a-mae-das-criancas-do-holocausto\/#article\",\"isPartOf\":{\"@id\":\"https:\/\/estadocomarte.pt\/site\/2025\/05\/23\/irena-sendler-a-mae-das-criancas-do-holocausto\/\"},\"author\":{\"name\":\"admin\",\"@id\":\"https:\/\/estadocomarte.pt\/site\/#\/schema\/person\/c0943a071216c1e5b21f85304151e4ba\"},\"headline\":\"Irena Sendler, a m\u00e3e das crian\u00e7as do Holocausto\",\"datePublished\":\"2025-05-23T11:40:53+00:00\",\"dateModified\":\"2025-05-23T11:41:43+00:00\",\"mainEntityOfPage\":{\"@id\":\"https:\/\/estadocomarte.pt\/site\/2025\/05\/23\/irena-sendler-a-mae-das-criancas-do-holocausto\/\"},\"wordCount\":1470,\"commentCount\":0,\"publisher\":{\"@id\":\"https:\/\/estadocomarte.pt\/site\/#organization\"},\"image\":{\"@id\":\"https:\/\/estadocomarte.pt\/site\/2025\/05\/23\/irena-sendler-a-mae-das-criancas-do-holocausto\/#primaryimage\"},\"thumbnailUrl\":\"https:\/\/estadocomarte.pt\/site\/wp-content\/uploads\/2025\/05\/Irena-Sendler.webp\",\"keywords\":[\"Irene Sandler\",\"susana mexia\"],\"articleSection\":[\"Cultura\",\"Isto Para N\u00f3s\"],\"inLanguage\":\"pt-PT\",\"potentialAction\":[{\"@type\":\"CommentAction\",\"name\":\"Comment\",\"target\":[\"https:\/\/estadocomarte.pt\/site\/2025\/05\/23\/irena-sendler-a-mae-das-criancas-do-holocausto\/#respond\"]}]},{\"@type\":\"WebPage\",\"@id\":\"https:\/\/estadocomarte.pt\/site\/2025\/05\/23\/irena-sendler-a-mae-das-criancas-do-holocausto\/\",\"url\":\"https:\/\/estadocomarte.pt\/site\/2025\/05\/23\/irena-sendler-a-mae-das-criancas-do-holocausto\/\",\"name\":\"Irena Sendler, a m\u00e3e das crian\u00e7as do Holocausto - Estado com Arte\",\"isPartOf\":{\"@id\":\"https:\/\/estadocomarte.pt\/site\/#website\"},\"primaryImageOfPage\":{\"@id\":\"https:\/\/estadocomarte.pt\/site\/2025\/05\/23\/irena-sendler-a-mae-das-criancas-do-holocausto\/#primaryimage\"},\"image\":{\"@id\":\"https:\/\/estadocomarte.pt\/site\/2025\/05\/23\/irena-sendler-a-mae-das-criancas-do-holocausto\/#primaryimage\"},\"thumbnailUrl\":\"https:\/\/estadocomarte.pt\/site\/wp-content\/uploads\/2025\/05\/Irena-Sendler.webp\",\"datePublished\":\"2025-05-23T11:40:53+00:00\",\"dateModified\":\"2025-05-23T11:41:43+00:00\",\"breadcrumb\":{\"@id\":\"https:\/\/estadocomarte.pt\/site\/2025\/05\/23\/irena-sendler-a-mae-das-criancas-do-holocausto\/#breadcrumb\"},\"inLanguage\":\"pt-PT\",\"potentialAction\":[{\"@type\":\"ReadAction\",\"target\":[\"https:\/\/estadocomarte.pt\/site\/2025\/05\/23\/irena-sendler-a-mae-das-criancas-do-holocausto\/\"]}]},{\"@type\":\"ImageObject\",\"inLanguage\":\"pt-PT\",\"@id\":\"https:\/\/estadocomarte.pt\/site\/2025\/05\/23\/irena-sendler-a-mae-das-criancas-do-holocausto\/#primaryimage\",\"url\":\"https:\/\/estadocomarte.pt\/site\/wp-content\/uploads\/2025\/05\/Irena-Sendler.webp\",\"contentUrl\":\"https:\/\/estadocomarte.pt\/site\/wp-content\/uploads\/2025\/05\/Irena-Sendler.webp\",\"width\":720,\"height\":507},{\"@type\":\"BreadcrumbList\",\"@id\":\"https:\/\/estadocomarte.pt\/site\/2025\/05\/23\/irena-sendler-a-mae-das-criancas-do-holocausto\/#breadcrumb\",\"itemListElement\":[{\"@type\":\"ListItem\",\"position\":1,\"name\":\"In\u00edcio\",\"item\":\"https:\/\/estadocomarte.pt\/site\/\"},{\"@type\":\"ListItem\",\"position\":2,\"name\":\"Irena Sendler, a m\u00e3e das crian\u00e7as do Holocausto\"}]},{\"@type\":\"WebSite\",\"@id\":\"https:\/\/estadocomarte.pt\/site\/#website\",\"url\":\"https:\/\/estadocomarte.pt\/site\/\",\"name\":\"Estado com Arte Magazine\",\"description\":\"Magazine\",\"publisher\":{\"@id\":\"https:\/\/estadocomarte.pt\/site\/#organization\"},\"alternateName\":\"Magazine semanal sobre pol\u00edtica e cultura, com autores, opini\u00e3o e cr\u00edticas.\",\"potentialAction\":[{\"@type\":\"SearchAction\",\"target\":{\"@type\":\"EntryPoint\",\"urlTemplate\":\"https:\/\/estadocomarte.pt\/site\/?s={search_term_string}\"},\"query-input\":{\"@type\":\"PropertyValueSpecification\",\"valueRequired\":true,\"valueName\":\"search_term_string\"}}],\"inLanguage\":\"pt-PT\"},{\"@type\":\"Organization\",\"@id\":\"https:\/\/estadocomarte.pt\/site\/#organization\",\"name\":\"Estado com Arte Magazine\",\"alternateName\":\"Magazine semanal sobre pol\u00edtica e cultura, com autores, opini\u00e3o e cr\u00edticas.\",\"url\":\"https:\/\/estadocomarte.pt\/site\/\",\"logo\":{\"@type\":\"ImageObject\",\"inLanguage\":\"pt-PT\",\"@id\":\"https:\/\/estadocomarte.pt\/site\/#\/schema\/logo\/image\/\",\"url\":\"https:\/\/estadocomarte.pt\/site\/wp-content\/uploads\/2023\/06\/cropped-cropped-Prancheta-2@2x-100.jpg\",\"contentUrl\":\"https:\/\/estadocomarte.pt\/site\/wp-content\/uploads\/2023\/06\/cropped-cropped-Prancheta-2@2x-100.jpg\",\"width\":1777,\"height\":592,\"caption\":\"Estado com Arte Magazine\"},\"image\":{\"@id\":\"https:\/\/estadocomarte.pt\/site\/#\/schema\/logo\/image\/\"},\"sameAs\":[\"https:\/\/www.instagram.com\/estadocomartemagazine\"]},{\"@type\":\"Person\",\"@id\":\"https:\/\/estadocomarte.pt\/site\/#\/schema\/person\/c0943a071216c1e5b21f85304151e4ba\",\"name\":\"admin\",\"image\":{\"@type\":\"ImageObject\",\"inLanguage\":\"pt-PT\",\"@id\":\"https:\/\/estadocomarte.pt\/site\/#\/schema\/person\/image\/\",\"url\":\"https:\/\/secure.gravatar.com\/avatar\/e6f378fd6914c8505d3e1d40f51fa953b21bab0f3a5658a33bc84cb5bda780f9?s=96&d=mm&r=g\",\"contentUrl\":\"https:\/\/secure.gravatar.com\/avatar\/e6f378fd6914c8505d3e1d40f51fa953b21bab0f3a5658a33bc84cb5bda780f9?s=96&d=mm&r=g\",\"caption\":\"admin\"},\"sameAs\":[\"https:\/\/estadocomarte.pt\/site\"],\"url\":\"https:\/\/estadocomarte.pt\/site\/author\/admin\/\"}]}<\/script>\n<!-- \/ Yoast SEO plugin. -->","yoast_head_json":{"title":"Irena Sendler, a m\u00e3e das crian\u00e7as do Holocausto - Estado com Arte","robots":{"index":"index","follow":"follow","max-snippet":"max-snippet:-1","max-image-preview":"max-image-preview:large","max-video-preview":"max-video-preview:-1"},"canonical":"https:\/\/estadocomarte.pt\/site\/2025\/05\/23\/irena-sendler-a-mae-das-criancas-do-holocausto\/","og_locale":"pt_PT","og_type":"article","og_title":"Irena Sendler, a m\u00e3e das crian\u00e7as do Holocausto - Estado com Arte","og_description":"Susana Mexia","og_url":"https:\/\/estadocomarte.pt\/site\/2025\/05\/23\/irena-sendler-a-mae-das-criancas-do-holocausto\/","og_site_name":"Estado com Arte","article_published_time":"2025-05-23T11:40:53+00:00","article_modified_time":"2025-05-23T11:41:43+00:00","og_image":[{"width":720,"height":507,"url":"https:\/\/estadocomarte.pt\/site\/wp-content\/uploads\/2025\/05\/Irena-Sendler.webp","type":"image\/webp"}],"author":"admin","twitter_card":"summary_large_image","twitter_misc":{"Escrito por":"admin","Tempo estimado de leitura":"8 minutos"},"schema":{"@context":"https:\/\/schema.org","@graph":[{"@type":"Article","@id":"https:\/\/estadocomarte.pt\/site\/2025\/05\/23\/irena-sendler-a-mae-das-criancas-do-holocausto\/#article","isPartOf":{"@id":"https:\/\/estadocomarte.pt\/site\/2025\/05\/23\/irena-sendler-a-mae-das-criancas-do-holocausto\/"},"author":{"name":"admin","@id":"https:\/\/estadocomarte.pt\/site\/#\/schema\/person\/c0943a071216c1e5b21f85304151e4ba"},"headline":"Irena Sendler, a m\u00e3e das crian\u00e7as do Holocausto","datePublished":"2025-05-23T11:40:53+00:00","dateModified":"2025-05-23T11:41:43+00:00","mainEntityOfPage":{"@id":"https:\/\/estadocomarte.pt\/site\/2025\/05\/23\/irena-sendler-a-mae-das-criancas-do-holocausto\/"},"wordCount":1470,"commentCount":0,"publisher":{"@id":"https:\/\/estadocomarte.pt\/site\/#organization"},"image":{"@id":"https:\/\/estadocomarte.pt\/site\/2025\/05\/23\/irena-sendler-a-mae-das-criancas-do-holocausto\/#primaryimage"},"thumbnailUrl":"https:\/\/estadocomarte.pt\/site\/wp-content\/uploads\/2025\/05\/Irena-Sendler.webp","keywords":["Irene Sandler","susana mexia"],"articleSection":["Cultura","Isto Para N\u00f3s"],"inLanguage":"pt-PT","potentialAction":[{"@type":"CommentAction","name":"Comment","target":["https:\/\/estadocomarte.pt\/site\/2025\/05\/23\/irena-sendler-a-mae-das-criancas-do-holocausto\/#respond"]}]},{"@type":"WebPage","@id":"https:\/\/estadocomarte.pt\/site\/2025\/05\/23\/irena-sendler-a-mae-das-criancas-do-holocausto\/","url":"https:\/\/estadocomarte.pt\/site\/2025\/05\/23\/irena-sendler-a-mae-das-criancas-do-holocausto\/","name":"Irena Sendler, a m\u00e3e das crian\u00e7as do Holocausto - Estado com Arte","isPartOf":{"@id":"https:\/\/estadocomarte.pt\/site\/#website"},"primaryImageOfPage":{"@id":"https:\/\/estadocomarte.pt\/site\/2025\/05\/23\/irena-sendler-a-mae-das-criancas-do-holocausto\/#primaryimage"},"image":{"@id":"https:\/\/estadocomarte.pt\/site\/2025\/05\/23\/irena-sendler-a-mae-das-criancas-do-holocausto\/#primaryimage"},"thumbnailUrl":"https:\/\/estadocomarte.pt\/site\/wp-content\/uploads\/2025\/05\/Irena-Sendler.webp","datePublished":"2025-05-23T11:40:53+00:00","dateModified":"2025-05-23T11:41:43+00:00","breadcrumb":{"@id":"https:\/\/estadocomarte.pt\/site\/2025\/05\/23\/irena-sendler-a-mae-das-criancas-do-holocausto\/#breadcrumb"},"inLanguage":"pt-PT","potentialAction":[{"@type":"ReadAction","target":["https:\/\/estadocomarte.pt\/site\/2025\/05\/23\/irena-sendler-a-mae-das-criancas-do-holocausto\/"]}]},{"@type":"ImageObject","inLanguage":"pt-PT","@id":"https:\/\/estadocomarte.pt\/site\/2025\/05\/23\/irena-sendler-a-mae-das-criancas-do-holocausto\/#primaryimage","url":"https:\/\/estadocomarte.pt\/site\/wp-content\/uploads\/2025\/05\/Irena-Sendler.webp","contentUrl":"https:\/\/estadocomarte.pt\/site\/wp-content\/uploads\/2025\/05\/Irena-Sendler.webp","width":720,"height":507},{"@type":"BreadcrumbList","@id":"https:\/\/estadocomarte.pt\/site\/2025\/05\/23\/irena-sendler-a-mae-das-criancas-do-holocausto\/#breadcrumb","itemListElement":[{"@type":"ListItem","position":1,"name":"In\u00edcio","item":"https:\/\/estadocomarte.pt\/site\/"},{"@type":"ListItem","position":2,"name":"Irena Sendler, a m\u00e3e das crian\u00e7as do Holocausto"}]},{"@type":"WebSite","@id":"https:\/\/estadocomarte.pt\/site\/#website","url":"https:\/\/estadocomarte.pt\/site\/","name":"Estado com Arte Magazine","description":"Magazine","publisher":{"@id":"https:\/\/estadocomarte.pt\/site\/#organization"},"alternateName":"Magazine semanal sobre pol\u00edtica e cultura, com autores, opini\u00e3o e cr\u00edticas.","potentialAction":[{"@type":"SearchAction","target":{"@type":"EntryPoint","urlTemplate":"https:\/\/estadocomarte.pt\/site\/?s={search_term_string}"},"query-input":{"@type":"PropertyValueSpecification","valueRequired":true,"valueName":"search_term_string"}}],"inLanguage":"pt-PT"},{"@type":"Organization","@id":"https:\/\/estadocomarte.pt\/site\/#organization","name":"Estado com Arte Magazine","alternateName":"Magazine semanal sobre pol\u00edtica e cultura, com autores, opini\u00e3o e cr\u00edticas.","url":"https:\/\/estadocomarte.pt\/site\/","logo":{"@type":"ImageObject","inLanguage":"pt-PT","@id":"https:\/\/estadocomarte.pt\/site\/#\/schema\/logo\/image\/","url":"https:\/\/estadocomarte.pt\/site\/wp-content\/uploads\/2023\/06\/cropped-cropped-Prancheta-2@2x-100.jpg","contentUrl":"https:\/\/estadocomarte.pt\/site\/wp-content\/uploads\/2023\/06\/cropped-cropped-Prancheta-2@2x-100.jpg","width":1777,"height":592,"caption":"Estado com Arte Magazine"},"image":{"@id":"https:\/\/estadocomarte.pt\/site\/#\/schema\/logo\/image\/"},"sameAs":["https:\/\/www.instagram.com\/estadocomartemagazine"]},{"@type":"Person","@id":"https:\/\/estadocomarte.pt\/site\/#\/schema\/person\/c0943a071216c1e5b21f85304151e4ba","name":"admin","image":{"@type":"ImageObject","inLanguage":"pt-PT","@id":"https:\/\/estadocomarte.pt\/site\/#\/schema\/person\/image\/","url":"https:\/\/secure.gravatar.com\/avatar\/e6f378fd6914c8505d3e1d40f51fa953b21bab0f3a5658a33bc84cb5bda780f9?s=96&d=mm&r=g","contentUrl":"https:\/\/secure.gravatar.com\/avatar\/e6f378fd6914c8505d3e1d40f51fa953b21bab0f3a5658a33bc84cb5bda780f9?s=96&d=mm&r=g","caption":"admin"},"sameAs":["https:\/\/estadocomarte.pt\/site"],"url":"https:\/\/estadocomarte.pt\/site\/author\/admin\/"}]}},"_links":{"self":[{"href":"https:\/\/estadocomarte.pt\/site\/wp-json\/wp\/v2\/posts\/9688","targetHints":{"allow":["GET"]}}],"collection":[{"href":"https:\/\/estadocomarte.pt\/site\/wp-json\/wp\/v2\/posts"}],"about":[{"href":"https:\/\/estadocomarte.pt\/site\/wp-json\/wp\/v2\/types\/post"}],"author":[{"embeddable":true,"href":"https:\/\/estadocomarte.pt\/site\/wp-json\/wp\/v2\/users\/1"}],"replies":[{"embeddable":true,"href":"https:\/\/estadocomarte.pt\/site\/wp-json\/wp\/v2\/comments?post=9688"}],"version-history":[{"count":2,"href":"https:\/\/estadocomarte.pt\/site\/wp-json\/wp\/v2\/posts\/9688\/revisions"}],"predecessor-version":[{"id":9754,"href":"https:\/\/estadocomarte.pt\/site\/wp-json\/wp\/v2\/posts\/9688\/revisions\/9754"}],"wp:featuredmedia":[{"embeddable":true,"href":"https:\/\/estadocomarte.pt\/site\/wp-json\/wp\/v2\/media\/9752"}],"wp:attachment":[{"href":"https:\/\/estadocomarte.pt\/site\/wp-json\/wp\/v2\/media?parent=9688"}],"wp:term":[{"taxonomy":"category","embeddable":true,"href":"https:\/\/estadocomarte.pt\/site\/wp-json\/wp\/v2\/categories?post=9688"},{"taxonomy":"post_tag","embeddable":true,"href":"https:\/\/estadocomarte.pt\/site\/wp-json\/wp\/v2\/tags?post=9688"}],"curies":[{"name":"wp","href":"https:\/\/api.w.org\/{rel}","templated":true}]}}